{"id":6196,"date":"2021-06-22T23:04:32","date_gmt":"2021-06-22T23:04:32","guid":{"rendered":"https:\/\/cvinoticias.com\/v3\/?p=6196"},"modified":"2021-06-22T23:10:16","modified_gmt":"2021-06-22T23:10:16","slug":"lanzan-un-subsidio-para-medios-de-comunicacion-de-gestion-social-sin-fines-de-lucro","status":"publish","type":"post","link":"https:\/\/cvinoticias.com\/v3\/lanzan-un-subsidio-para-medios-de-comunicacion-de-gestion-social-sin-fines-de-lucro\/","title":{"rendered":"Lanzan un subsidio para medios de comunicaci\u00f3n de gesti\u00f3n social sin fines de lucro"},"content":{"rendered":"\n<p><strong><em>La Secretar\u00eda de Medios y Comunicaci\u00f3n P\u00fablica abri\u00f3 una nueva inscripci\u00f3n a Sumar, subsidio de 200.000 pesos destinado al fortalecimiento de los medios.&nbsp;<\/em><\/strong><\/p>\n\n\n\n<p>La Secretar\u00eda de Medios y Comunicaci\u00f3n P\u00fablica abri\u00f3 una nueva inscripci\u00f3n a Sumar, un subsidio de 200.000 pesos destinado al fortalecimiento de los medios de comunicaci\u00f3n de gesti\u00f3n social con personer\u00eda jur\u00eddica sin fines de lucro, se inform\u00f3 este martes oficialmente.<\/p>\n\n\n\n<p>Jorge Meneses, subsecretario de Contenidos P\u00fablicos, asegur\u00f3 que&nbsp;\u201cSumar busca fortalecer la tarea que diariamente realizan los medios de gesti\u00f3n social a lo largo de todo el territorio nacional.&nbsp;En esta oportunidad, la convocatoria busca dar&nbsp;respuestas concretas a la necesidad de equipamiento\u201d, agreg\u00f3.<\/p>\n\n\n\n<p>Este a\u00f1o, el subsidio ser\u00e1 de 200.000 pesos y s\u00f3lo podr\u00e1 destinarse a reparaci\u00f3n y\/o adquisici\u00f3n de diferentes bienes de capital.<\/p>\n\n\n\n<p>Para acceder al Subsidio a servicios de comunicaci\u00f3n de gesti\u00f3n privada sin fines de lucro de la Rep\u00fablica Argentina (Sumar) se debe completar un formulario de inscripci\u00f3n alojado en el&nbsp;<a href=\"http:\/\/www.tramitesadistancia.gob.ar\/\" target=\"_blank\" rel=\"noreferrer noopener\">sitio web tramites a distancia (TAD)<\/a>.<\/p>\n\n\n\n<p>Los resultados ser\u00e1n difundidos, al finalizar el plazo de inscripci\u00f3n \u2013el pr\u00f3ximo 23 de julio-, en el&nbsp;<a href=\"https:\/\/www.argentina.gob.ar\/jefatura\/mediosycomunicacion\/subsidio-para-medios-de-comunicacion-de-gestion-social-sin-fines-de\">sitio web institucional de la Secretar\u00eda de Medios y Comunicaci\u00f3n P\u00fablica<\/a>, al cual tambi\u00e9n se puede ingresar para m\u00e1s informaci\u00f3n.&nbsp;<\/p>\n","protected":false},"excerpt":{"rendered":"<p>La Secretar\u00eda de Medios y Comunicaci\u00f3n P\u00fablica abri\u00f3 una nueva inscripci\u00f3n a Sumar, subsidio de 200.000 pesos destinado al fortalecimiento de los medios.&nbsp; La Secretar\u00eda de Medios y Comunicaci\u00f3n P\u00fablica abri\u00f3 una nueva inscripci\u00f3n a Sumar, un subsidio de 200.000 pesos destinado al fortalecimiento de los medios de comunicaci\u00f3n de gesti\u00f3n social con personer\u00eda jur\u00eddica [&hellip;]<\/p>\n","protected":false},"author":2,"featured_media":6199,"comment_status":"open","ping_status":"open","sticky":false,"template":"","format":"standard","meta":{"footnotes":""},"categories":[35],"tags":[],"class_list":["post-6196","post","type-post","status-publish","format-standard","has-post-thumbnail","hentry","category-informacion-general"],"yoast_head":"<!-- This site is optimized with the Yoast SEO plugin v27.5 - https:\/\/yoast.com\/product\/yoast-seo-wordpress\/ -->\n<title>Lanzan un subsidio para medios de comunicaci\u00f3n de gesti\u00f3n social sin fines de lucro | CVI NOTICIAS<\/title>\n<meta name=\"robots\" content=\"index, follow, max-snippet:-1, max-image-preview:large, max-video-preview:-1\" \/>\n<link rel=\"canonical\" href=\"https:\/\/cvinoticias.com\/v3\/lanzan-un-subsidio-para-medios-de-comunicacion-de-gestion-social-sin-fines-de-lucro\/\" \/>\n<meta property=\"og:locale\" content=\"es_ES\" \/>\n<meta property=\"og:type\" content=\"article\" \/>\n<meta property=\"og:title\" content=\"Lanzan un subsidio para medios de comunicaci\u00f3n de gesti\u00f3n social sin fines de lucro | CVI NOTICIAS\" \/>\n<meta property=\"og:description\" content=\"La Secretar\u00eda de Medios y Comunicaci\u00f3n P\u00fablica abri\u00f3 una nueva inscripci\u00f3n a Sumar, subsidio de 200.000 pesos destinado al fortalecimiento de los medios.&nbsp; La Secretar\u00eda de Medios y Comunicaci\u00f3n P\u00fablica abri\u00f3 una nueva inscripci\u00f3n a Sumar, un subsidio de 200.000 pesos destinado al fortalecimiento de los medios de comunicaci\u00f3n de gesti\u00f3n social con personer\u00eda jur\u00eddica [&hellip;]\" \/>\n<meta property=\"og:url\" content=\"https:\/\/cvinoticias.com\/v3\/lanzan-un-subsidio-para-medios-de-comunicacion-de-gestion-social-sin-fines-de-lucro\/\" \/>\n<meta property=\"og:site_name\" content=\"CVI NOTICIAS\" \/>\n<meta property=\"article:publisher\" content=\"https:\/\/www.facebook.com\/cvinoticias\" \/>\n<meta property=\"article:published_time\" content=\"2021-06-22T23:04:32+00:00\" \/>\n<meta property=\"article:modified_time\" content=\"2021-06-22T23:10:16+00:00\" \/>\n<meta property=\"og:image\" content=\"https:\/\/cvinoticias.com\/wp-content\/uploads\/2021\/06\/estudio-de-radio.jpg\" \/>\n\t<meta property=\"og:image:width\" content=\"900\" \/>\n\t<meta property=\"og:image:height\" content=\"741\" \/>\n\t<meta property=\"og:image:type\" content=\"image\/jpeg\" \/>\n<meta name=\"author\" content=\"f1000024\" \/>\n<meta name=\"twitter:card\" content=\"summary_large_image\" \/>\n<meta name=\"twitter:label1\" content=\"Escrito por\" \/>\n\t<meta name=\"twitter:data1\" content=\"f1000024\" \/>\n\t<meta name=\"twitter:label2\" content=\"Tiempo de lectura\" \/>\n\t<meta name=\"twitter:data2\" content=\"1 minuto\" \/>\n<script type=\"application\/ld+json\" class=\"yoast-schema-graph\">{\"@context\":\"https:\\\/\\\/schema.org\",\"@graph\":[{\"@type\":\"Article\",\"@id\":\"https:\\\/\\\/cvinoticias.com\\\/v3\\\/lanzan-un-subsidio-para-medios-de-comunicacion-de-gestion-social-sin-fines-de-lucro\\\/#article\",\"isPartOf\":{\"@id\":\"https:\\\/\\\/cvinoticias.com\\\/v3\\\/lanzan-un-subsidio-para-medios-de-comunicacion-de-gestion-social-sin-fines-de-lucro\\\/\"},\"author\":{\"name\":\"f1000024\",\"@id\":\"https:\\\/\\\/cvinoticias.com\\\/v3\\\/#\\\/schema\\\/person\\\/2db77e3c6bc03c538495d7b2b8be9b66\"},\"headline\":\"Lanzan un subsidio para medios de comunicaci\u00f3n de gesti\u00f3n social sin fines de lucro\",\"datePublished\":\"2021-06-22T23:04:32+00:00\",\"dateModified\":\"2021-06-22T23:10:16+00:00\",\"mainEntityOfPage\":{\"@id\":\"https:\\\/\\\/cvinoticias.com\\\/v3\\\/lanzan-un-subsidio-para-medios-de-comunicacion-de-gestion-social-sin-fines-de-lucro\\\/\"},\"wordCount\":253,\"commentCount\":0,\"publisher\":{\"@id\":\"https:\\\/\\\/cvinoticias.com\\\/v3\\\/#organization\"},\"image\":{\"@id\":\"https:\\\/\\\/cvinoticias.com\\\/v3\\\/lanzan-un-subsidio-para-medios-de-comunicacion-de-gestion-social-sin-fines-de-lucro\\\/#primaryimage\"},\"thumbnailUrl\":\"https:\\\/\\\/cvinoticias.com\\\/wp-content\\\/uploads\\\/2021\\\/06\\\/estudio-de-radio.jpg\",\"articleSection\":[\"Informaci\u00f3n General\"],\"inLanguage\":\"es\",\"potentialAction\":[{\"@type\":\"CommentAction\",\"name\":\"Comment\",\"target\":[\"https:\\\/\\\/cvinoticias.com\\\/v3\\\/lanzan-un-subsidio-para-medios-de-comunicacion-de-gestion-social-sin-fines-de-lucro\\\/#respond\"]}]},{\"@type\":\"WebPage\",\"@id\":\"https:\\\/\\\/cvinoticias.com\\\/v3\\\/lanzan-un-subsidio-para-medios-de-comunicacion-de-gestion-social-sin-fines-de-lucro\\\/\",\"url\":\"https:\\\/\\\/cvinoticias.com\\\/v3\\\/lanzan-un-subsidio-para-medios-de-comunicacion-de-gestion-social-sin-fines-de-lucro\\\/\",\"name\":\"Lanzan un subsidio para medios de comunicaci\u00f3n de gesti\u00f3n social sin fines de lucro | CVI NOTICIAS\",\"isPartOf\":{\"@id\":\"https:\\\/\\\/cvinoticias.com\\\/v3\\\/#website\"},\"primaryImageOfPage\":{\"@id\":\"https:\\\/\\\/cvinoticias.com\\\/v3\\\/lanzan-un-subsidio-para-medios-de-comunicacion-de-gestion-social-sin-fines-de-lucro\\\/#primaryimage\"},\"image\":{\"@id\":\"https:\\\/\\\/cvinoticias.com\\\/v3\\\/lanzan-un-subsidio-para-medios-de-comunicacion-de-gestion-social-sin-fines-de-lucro\\\/#primaryimage\"},\"thumbnailUrl\":\"https:\\\/\\\/cvinoticias.com\\\/wp-content\\\/uploads\\\/2021\\\/06\\\/estudio-de-radio.jpg\",\"datePublished\":\"2021-06-22T23:04:32+00:00\",\"dateModified\":\"2021-06-22T23:10:16+00:00\",\"breadcrumb\":{\"@id\":\"https:\\\/\\\/cvinoticias.com\\\/v3\\\/lanzan-un-subsidio-para-medios-de-comunicacion-de-gestion-social-sin-fines-de-lucro\\\/#breadcrumb\"},\"inLanguage\":\"es\",\"potentialAction\":[{\"@type\":\"ReadAction\",\"target\":[\"https:\\\/\\\/cvinoticias.com\\\/v3\\\/lanzan-un-subsidio-para-medios-de-comunicacion-de-gestion-social-sin-fines-de-lucro\\\/\"]}]},{\"@type\":\"ImageObject\",\"inLanguage\":\"es\",\"@id\":\"https:\\\/\\\/cvinoticias.com\\\/v3\\\/lanzan-un-subsidio-para-medios-de-comunicacion-de-gestion-social-sin-fines-de-lucro\\\/#primaryimage\",\"url\":\"https:\\\/\\\/cvinoticias.com\\\/wp-content\\\/uploads\\\/2021\\\/06\\\/estudio-de-radio.jpg\",\"contentUrl\":\"https:\\\/\\\/cvinoticias.com\\\/wp-content\\\/uploads\\\/2021\\\/06\\\/estudio-de-radio.jpg\",\"width\":900,\"height\":741},{\"@type\":\"BreadcrumbList\",\"@id\":\"https:\\\/\\\/cvinoticias.com\\\/v3\\\/lanzan-un-subsidio-para-medios-de-comunicacion-de-gestion-social-sin-fines-de-lucro\\\/#breadcrumb\",\"itemListElement\":[{\"@type\":\"ListItem\",\"position\":1,\"name\":\"Portada\",\"item\":\"https:\\\/\\\/cvinoticias.com\\\/v3\\\/\"},{\"@type\":\"ListItem\",\"position\":2,\"name\":\"Lanzan un subsidio para medios de comunicaci\u00f3n de gesti\u00f3n social sin fines de lucro\"}]},{\"@type\":\"WebSite\",\"@id\":\"https:\\\/\\\/cvinoticias.com\\\/v3\\\/#website\",\"url\":\"https:\\\/\\\/cvinoticias.com\\\/v3\\\/\",\"name\":\"CVI NOTICIAS\",\"description\":\"\",\"publisher\":{\"@id\":\"https:\\\/\\\/cvinoticias.com\\\/v3\\\/#organization\"},\"alternateName\":\"CVI\",\"potentialAction\":[{\"@type\":\"SearchAction\",\"target\":{\"@type\":\"EntryPoint\",\"urlTemplate\":\"https:\\\/\\\/cvinoticias.com\\\/v3\\\/?s={search_term_string}\"},\"query-input\":{\"@type\":\"PropertyValueSpecification\",\"valueRequired\":true,\"valueName\":\"search_term_string\"}}],\"inLanguage\":\"es\"},{\"@type\":\"Organization\",\"@id\":\"https:\\\/\\\/cvinoticias.com\\\/v3\\\/#organization\",\"name\":\"CVI NOTICIAS\",\"url\":\"https:\\\/\\\/cvinoticias.com\\\/v3\\\/\",\"logo\":{\"@type\":\"ImageObject\",\"inLanguage\":\"es\",\"@id\":\"https:\\\/\\\/cvinoticias.com\\\/v3\\\/#\\\/schema\\\/logo\\\/image\\\/\",\"url\":\"https:\\\/\\\/cvinoticias.com\\\/wp-content\\\/uploads\\\/2023\\\/04\\\/cropped-cropped-cropped-cropped-cropped-3-1.png\",\"contentUrl\":\"https:\\\/\\\/cvinoticias.com\\\/wp-content\\\/uploads\\\/2023\\\/04\\\/cropped-cropped-cropped-cropped-cropped-3-1.png\",\"width\":95,\"height\":122,\"caption\":\"CVI NOTICIAS\"},\"image\":{\"@id\":\"https:\\\/\\\/cvinoticias.com\\\/v3\\\/#\\\/schema\\\/logo\\\/image\\\/\"},\"sameAs\":[\"https:\\\/\\\/www.facebook.com\\\/cvinoticias\",\"https:\\\/\\\/www.instagram.com\\\/cvinoticias\\\/\",\"https:\\\/\\\/www.youtube.com\\\/@CVINOTICIAS\"]},{\"@type\":\"Person\",\"@id\":\"https:\\\/\\\/cvinoticias.com\\\/v3\\\/#\\\/schema\\\/person\\\/2db77e3c6bc03c538495d7b2b8be9b66\",\"name\":\"f1000024\",\"image\":{\"@type\":\"ImageObject\",\"inLanguage\":\"es\",\"@id\":\"https:\\\/\\\/secure.gravatar.com\\\/avatar\\\/d4fe7459cfc51ff5129ce1a732bbef5928568b8092d412ef95611616376bbeed?s=96&d=mm&r=g\",\"url\":\"https:\\\/\\\/secure.gravatar.com\\\/avatar\\\/d4fe7459cfc51ff5129ce1a732bbef5928568b8092d412ef95611616376bbeed?s=96&d=mm&r=g\",\"contentUrl\":\"https:\\\/\\\/secure.gravatar.com\\\/avatar\\\/d4fe7459cfc51ff5129ce1a732bbef5928568b8092d412ef95611616376bbeed?s=96&d=mm&r=g\",\"caption\":\"f1000024\"},\"url\":\"https:\\\/\\\/cvinoticias.com\\\/v3\\\/author\\\/f1000024\\\/\"}]}<\/script>\n<!-- \/ Yoast SEO plugin. -->","yoast_head_json":{"title":"Lanzan un subsidio para medios de comunicaci\u00f3n de gesti\u00f3n social sin fines de lucro | CVI NOTICIAS","robots":{"index":"index","follow":"follow","max-snippet":"max-snippet:-1","max-image-preview":"max-image-preview:large","max-video-preview":"max-video-preview:-1"},"canonical":"https:\/\/cvinoticias.com\/v3\/lanzan-un-subsidio-para-medios-de-comunicacion-de-gestion-social-sin-fines-de-lucro\/","og_locale":"es_ES","og_type":"article","og_title":"Lanzan un subsidio para medios de comunicaci\u00f3n de gesti\u00f3n social sin fines de lucro | CVI NOTICIAS","og_description":"La Secretar\u00eda de Medios y Comunicaci\u00f3n P\u00fablica abri\u00f3 una nueva inscripci\u00f3n a Sumar, subsidio de 200.000 pesos destinado al fortalecimiento de los medios.&nbsp; La Secretar\u00eda de Medios y Comunicaci\u00f3n P\u00fablica abri\u00f3 una nueva inscripci\u00f3n a Sumar, un subsidio de 200.000 pesos destinado al fortalecimiento de los medios de comunicaci\u00f3n de gesti\u00f3n social con personer\u00eda jur\u00eddica [&hellip;]","og_url":"https:\/\/cvinoticias.com\/v3\/lanzan-un-subsidio-para-medios-de-comunicacion-de-gestion-social-sin-fines-de-lucro\/","og_site_name":"CVI NOTICIAS","article_publisher":"https:\/\/www.facebook.com\/cvinoticias","article_published_time":"2021-06-22T23:04:32+00:00","article_modified_time":"2021-06-22T23:10:16+00:00","og_image":[{"width":900,"height":741,"url":"https:\/\/cvinoticias.com\/wp-content\/uploads\/2021\/06\/estudio-de-radio.jpg","type":"image\/jpeg"}],"author":"f1000024","twitter_card":"summary_large_image","twitter_misc":{"Escrito por":"f1000024","Tiempo de lectura":"1 minuto"},"schema":{"@context":"https:\/\/schema.org","@graph":[{"@type":"Article","@id":"https:\/\/cvinoticias.com\/v3\/lanzan-un-subsidio-para-medios-de-comunicacion-de-gestion-social-sin-fines-de-lucro\/#article","isPartOf":{"@id":"https:\/\/cvinoticias.com\/v3\/lanzan-un-subsidio-para-medios-de-comunicacion-de-gestion-social-sin-fines-de-lucro\/"},"author":{"name":"f1000024","@id":"https:\/\/cvinoticias.com\/v3\/#\/schema\/person\/2db77e3c6bc03c538495d7b2b8be9b66"},"headline":"Lanzan un subsidio para medios de comunicaci\u00f3n de gesti\u00f3n social sin fines de lucro","datePublished":"2021-06-22T23:04:32+00:00","dateModified":"2021-06-22T23:10:16+00:00","mainEntityOfPage":{"@id":"https:\/\/cvinoticias.com\/v3\/lanzan-un-subsidio-para-medios-de-comunicacion-de-gestion-social-sin-fines-de-lucro\/"},"wordCount":253,"commentCount":0,"publisher":{"@id":"https:\/\/cvinoticias.com\/v3\/#organization"},"image":{"@id":"https:\/\/cvinoticias.com\/v3\/lanzan-un-subsidio-para-medios-de-comunicacion-de-gestion-social-sin-fines-de-lucro\/#primaryimage"},"thumbnailUrl":"https:\/\/cvinoticias.com\/wp-content\/uploads\/2021\/06\/estudio-de-radio.jpg","articleSection":["Informaci\u00f3n General"],"inLanguage":"es","potentialAction":[{"@type":"CommentAction","name":"Comment","target":["https:\/\/cvinoticias.com\/v3\/lanzan-un-subsidio-para-medios-de-comunicacion-de-gestion-social-sin-fines-de-lucro\/#respond"]}]},{"@type":"WebPage","@id":"https:\/\/cvinoticias.com\/v3\/lanzan-un-subsidio-para-medios-de-comunicacion-de-gestion-social-sin-fines-de-lucro\/","url":"https:\/\/cvinoticias.com\/v3\/lanzan-un-subsidio-para-medios-de-comunicacion-de-gestion-social-sin-fines-de-lucro\/","name":"Lanzan un subsidio para medios de comunicaci\u00f3n de gesti\u00f3n social sin fines de lucro | CVI NOTICIAS","isPartOf":{"@id":"https:\/\/cvinoticias.com\/v3\/#website"},"primaryImageOfPage":{"@id":"https:\/\/cvinoticias.com\/v3\/lanzan-un-subsidio-para-medios-de-comunicacion-de-gestion-social-sin-fines-de-lucro\/#primaryimage"},"image":{"@id":"https:\/\/cvinoticias.com\/v3\/lanzan-un-subsidio-para-medios-de-comunicacion-de-gestion-social-sin-fines-de-lucro\/#primaryimage"},"thumbnailUrl":"https:\/\/cvinoticias.com\/wp-content\/uploads\/2021\/06\/estudio-de-radio.jpg","datePublished":"2021-06-22T23:04:32+00:00","dateModified":"2021-06-22T23:10:16+00:00","breadcrumb":{"@id":"https:\/\/cvinoticias.com\/v3\/lanzan-un-subsidio-para-medios-de-comunicacion-de-gestion-social-sin-fines-de-lucro\/#breadcrumb"},"inLanguage":"es","potentialAction":[{"@type":"ReadAction","target":["https:\/\/cvinoticias.com\/v3\/lanzan-un-subsidio-para-medios-de-comunicacion-de-gestion-social-sin-fines-de-lucro\/"]}]},{"@type":"ImageObject","inLanguage":"es","@id":"https:\/\/cvinoticias.com\/v3\/lanzan-un-subsidio-para-medios-de-comunicacion-de-gestion-social-sin-fines-de-lucro\/#primaryimage","url":"https:\/\/cvinoticias.com\/wp-content\/uploads\/2021\/06\/estudio-de-radio.jpg","contentUrl":"https:\/\/cvinoticias.com\/wp-content\/uploads\/2021\/06\/estudio-de-radio.jpg","width":900,"height":741},{"@type":"BreadcrumbList","@id":"https:\/\/cvinoticias.com\/v3\/lanzan-un-subsidio-para-medios-de-comunicacion-de-gestion-social-sin-fines-de-lucro\/#breadcrumb","itemListElement":[{"@type":"ListItem","position":1,"name":"Portada","item":"https:\/\/cvinoticias.com\/v3\/"},{"@type":"ListItem","position":2,"name":"Lanzan un subsidio para medios de comunicaci\u00f3n de gesti\u00f3n social sin fines de lucro"}]},{"@type":"WebSite","@id":"https:\/\/cvinoticias.com\/v3\/#website","url":"https:\/\/cvinoticias.com\/v3\/","name":"CVI NOTICIAS","description":"","publisher":{"@id":"https:\/\/cvinoticias.com\/v3\/#organization"},"alternateName":"CVI","potentialAction":[{"@type":"SearchAction","target":{"@type":"EntryPoint","urlTemplate":"https:\/\/cvinoticias.com\/v3\/?s={search_term_string}"},"query-input":{"@type":"PropertyValueSpecification","valueRequired":true,"valueName":"search_term_string"}}],"inLanguage":"es"},{"@type":"Organization","@id":"https:\/\/cvinoticias.com\/v3\/#organization","name":"CVI NOTICIAS","url":"https:\/\/cvinoticias.com\/v3\/","logo":{"@type":"ImageObject","inLanguage":"es","@id":"https:\/\/cvinoticias.com\/v3\/#\/schema\/logo\/image\/","url":"https:\/\/cvinoticias.com\/wp-content\/uploads\/2023\/04\/cropped-cropped-cropped-cropped-cropped-3-1.png","contentUrl":"https:\/\/cvinoticias.com\/wp-content\/uploads\/2023\/04\/cropped-cropped-cropped-cropped-cropped-3-1.png","width":95,"height":122,"caption":"CVI NOTICIAS"},"image":{"@id":"https:\/\/cvinoticias.com\/v3\/#\/schema\/logo\/image\/"},"sameAs":["https:\/\/www.facebook.com\/cvinoticias","https:\/\/www.instagram.com\/cvinoticias\/","https:\/\/www.youtube.com\/@CVINOTICIAS"]},{"@type":"Person","@id":"https:\/\/cvinoticias.com\/v3\/#\/schema\/person\/2db77e3c6bc03c538495d7b2b8be9b66","name":"f1000024","image":{"@type":"ImageObject","inLanguage":"es","@id":"https:\/\/secure.gravatar.com\/avatar\/d4fe7459cfc51ff5129ce1a732bbef5928568b8092d412ef95611616376bbeed?s=96&d=mm&r=g","url":"https:\/\/secure.gravatar.com\/avatar\/d4fe7459cfc51ff5129ce1a732bbef5928568b8092d412ef95611616376bbeed?s=96&d=mm&r=g","contentUrl":"https:\/\/secure.gravatar.com\/avatar\/d4fe7459cfc51ff5129ce1a732bbef5928568b8092d412ef95611616376bbeed?s=96&d=mm&r=g","caption":"f1000024"},"url":"https:\/\/cvinoticias.com\/v3\/author\/f1000024\/"}]}},"_links":{"self":[{"href":"https:\/\/cvinoticias.com\/v3\/wp-json\/wp\/v2\/posts\/6196","targetHints":{"allow":["GET"]}}],"collection":[{"href":"https:\/\/cvinoticias.com\/v3\/wp-json\/wp\/v2\/posts"}],"about":[{"href":"https:\/\/cvinoticias.com\/v3\/wp-json\/wp\/v2\/types\/post"}],"author":[{"embeddable":true,"href":"https:\/\/cvinoticias.com\/v3\/wp-json\/wp\/v2\/users\/2"}],"replies":[{"embeddable":true,"href":"https:\/\/cvinoticias.com\/v3\/wp-json\/wp\/v2\/comments?post=6196"}],"version-history":[{"count":2,"href":"https:\/\/cvinoticias.com\/v3\/wp-json\/wp\/v2\/posts\/6196\/revisions"}],"predecessor-version":[{"id":6200,"href":"https:\/\/cvinoticias.com\/v3\/wp-json\/wp\/v2\/posts\/6196\/revisions\/6200"}],"wp:featuredmedia":[{"embeddable":true,"href":"https:\/\/cvinoticias.com\/v3\/wp-json\/wp\/v2\/media\/6199"}],"wp:attachment":[{"href":"https:\/\/cvinoticias.com\/v3\/wp-json\/wp\/v2\/media?parent=6196"}],"wp:term":[{"taxonomy":"category","embeddable":true,"href":"https:\/\/cvinoticias.com\/v3\/wp-json\/wp\/v2\/categories?post=6196"},{"taxonomy":"post_tag","embeddable":true,"href":"https:\/\/cvinoticias.com\/v3\/wp-json\/wp\/v2\/tags?post=6196"}],"curies":[{"name":"wp","href":"https:\/\/api.w.org\/{rel}","templated":true}]}}