{"id":6192,"date":"2021-06-22T20:34:12","date_gmt":"2021-06-22T20:34:12","guid":{"rendered":"https:\/\/cvinoticias.com\/v3\/?p=6192"},"modified":"2021-06-22T20:34:12","modified_gmt":"2021-06-22T20:34:12","slug":"bajante-del-parana-la-nacion-inicio-negociaciones-con-brasil-y-paraguay-para-que-liberen-agua","status":"publish","type":"post","link":"https:\/\/cvinoticias.com\/v3\/bajante-del-parana-la-nacion-inicio-negociaciones-con-brasil-y-paraguay-para-que-liberen-agua\/","title":{"rendered":"Bajante del Paran\u00e1: La Naci\u00f3n inici\u00f3 negociaciones con Brasil y Paraguay para que liberen agua"},"content":{"rendered":"\n<p><strong><em>Los expertos del Instituto Argentino del Agua se\u00f1alan que de continuar la actual coyuntura, \u00abse espera el escenario m\u00e1s cr\u00edtico de la historia registrado: en 1944\u00bb.<\/em><\/strong><\/p>\n\n\n\n<p>El caudal del r\u00edo Paran\u00e1 registra el menor nivel en los \u00faltimos 25 a\u00f1os en el territorio argentino, motorizado por la escasez de lluvias significativas en la regi\u00f3n. En ese contexto,\u00a0la confluencia del Paran\u00e1 con el r\u00edo Paraguay registra una \u201cbajante extrema\u201d\u00a0que comenz\u00f3 a principio de junio y se extender\u00e1 a lo largo de varias semanas, seg\u00fan un informe del Instituto Argentino del Agua.<\/p>\n\n\n\n<p>\u201cEl caudal que ingresa al tramo puede estimarse pr\u00f3ximo a los 7.700 metros c\u00fabicos por segundo y del orden del 40% del valor promedio de junio de los \u00faltimos 25 a\u00f1os. Esta tendencia se sostendr\u00e1 en las pr\u00f3ximas semanas\u201d, se\u00f1ala el instituto.<\/p>\n\n\n\n<p>Los expertos de la dependencia se\u00f1alan que de continuar la actual coyuntura, \u201cse espera el escenario m\u00e1s cr\u00edtico de la historia registrado: en 1944\u201d.<\/p>\n\n\n\n<p>\u201cLa tendencia clim\u00e1tica, con horizonte en el 31 de agosto, no permite esperar una mejora sostenida en las lluvias regionales, adem\u00e1s de niveles inferiores a los medios correspondientes al oto\u00f1o e invierno\u201d, advierte el trabajo difundido por Infocampo.<\/p>\n\n\n\n<p>A la altura de la ciudad de Rosario, el r\u00edo tuvo un nivel de 18 cent\u00edmetros este lunes en la zona del Puerto, justo la mitad del correspondiente al d\u00eda anterior y un cent\u00edmetro por encima del que se registr\u00f3 en noviembre pasado, el menor en las \u00faltimos 50 a\u00f1os.<\/p>\n\n\n\n<p>En Paran\u00e1, Entre R\u00edos, el r\u00edo baj\u00f3 a cero cent\u00edmetro en la madrugada de este martes.\u00a0Efectivos de Prefectura Naval Argentina indicaron\u00a0al sitio Elonce\u00a0que se quedaron \u201csin escala\u201d de referencia para las mediciones de aqu\u00ed en adelante.<\/p>\n\n\n\n<p>Este domingo,\u00a0en la uni\u00f3n de los r\u00edos se registraron alturas de 0,38 metros en Corrientes y 0,42 metros en Barranqueras, en el orden de 1,40 metros por debajo del pico del repunte y tambi\u00e9n por debajo de los promedio semanales.<\/p>\n\n\n\n<p>Por la bajante,\u00a0el Gobierno argentino inici\u00f3 negociaciones con Paraguay y Brasil para que sus represas liberen vol\u00famenes de agua que permitan paliar la situaci\u00f3n.<\/p>\n\n\n\n<p>As\u00ed lo indic\u00f3 el presidente del instituto, Juan Carlos Bertoni, quien se\u00f1al\u00f3 que el Ministerio de Obras P\u00fablicas de la Naci\u00f3n mantiene permanente contacto con autoridades brasile\u00f1as para seguir la coyuntura.<\/p>\n\n\n\n<p>\u00bb Todo indica que nos estamos aproximando a aquello que ya ocurri\u00f3 en 1984, que fue la bajante m\u00e1s cr\u00edtica de toda la historia\u201d,\u00a0expres\u00f3. En cuanto a las represas sostuvo que tienen la capacidad de morigerar la grave situaci\u00f3n.<\/p>\n\n\n\n<p>\u201cUna represa es como el tanque de agua de una casa, es decir, cuando en alg\u00fan momento hay una falta provisi\u00f3n se puede aprovechar el volumen del tanque; de la misma manera, las represas contribuyeron a lo largo de muchos a\u00f1os a que algunas bajantes de los r\u00edos no se hayan sentido\u201d, explic\u00f3.<\/p>\n\n\n\n<p><em>Fuente: Agencia de Noticias NA<\/em><\/p>\n","protected":false},"excerpt":{"rendered":"<p>Los expertos del Instituto Argentino del Agua se\u00f1alan que de continuar la actual coyuntura, \u00abse espera el escenario m\u00e1s cr\u00edtico de la historia registrado: en 1944\u00bb. El caudal del r\u00edo Paran\u00e1 registra el menor nivel en los \u00faltimos 25 a\u00f1os en el territorio argentino, motorizado por la escasez de lluvias significativas en la regi\u00f3n. En [&hellip;]<\/p>\n","protected":false},"author":2,"featured_media":6194,"comment_status":"open","ping_status":"open","sticky":false,"template":"","format":"standard","meta":{"footnotes":""},"categories":[35],"tags":[],"class_list":["post-6192","post","type-post","status-publish","format-standard","has-post-thumbnail","hentry","category-informacion-general"],"yoast_head":"<!-- This site is optimized with the Yoast SEO plugin v27.5 - https:\/\/yoast.com\/product\/yoast-seo-wordpress\/ -->\n<title>Bajante del Paran\u00e1: La Naci\u00f3n inici\u00f3 negociaciones con Brasil y Paraguay para que liberen agua | CVI NOTICIAS<\/title>\n<meta name=\"robots\" content=\"index, follow, max-snippet:-1, max-image-preview:large, max-video-preview:-1\" \/>\n<link rel=\"canonical\" href=\"https:\/\/cvinoticias.com\/v3\/bajante-del-parana-la-nacion-inicio-negociaciones-con-brasil-y-paraguay-para-que-liberen-agua\/\" \/>\n<meta property=\"og:locale\" content=\"es_ES\" \/>\n<meta property=\"og:type\" content=\"article\" \/>\n<meta property=\"og:title\" content=\"Bajante del Paran\u00e1: La Naci\u00f3n inici\u00f3 negociaciones con Brasil y Paraguay para que liberen agua | CVI NOTICIAS\" \/>\n<meta property=\"og:description\" content=\"Los expertos del Instituto Argentino del Agua se\u00f1alan que de continuar la actual coyuntura, \u00abse espera el escenario m\u00e1s cr\u00edtico de la historia registrado: en 1944\u00bb. El caudal del r\u00edo Paran\u00e1 registra el menor nivel en los \u00faltimos 25 a\u00f1os en el territorio argentino, motorizado por la escasez de lluvias significativas en la regi\u00f3n. En [&hellip;]\" \/>\n<meta property=\"og:url\" content=\"https:\/\/cvinoticias.com\/v3\/bajante-del-parana-la-nacion-inicio-negociaciones-con-brasil-y-paraguay-para-que-liberen-agua\/\" \/>\n<meta property=\"og:site_name\" content=\"CVI NOTICIAS\" \/>\n<meta property=\"article:publisher\" content=\"https:\/\/www.facebook.com\/cvinoticias\" \/>\n<meta property=\"article:published_time\" content=\"2021-06-22T20:34:12+00:00\" \/>\n<meta property=\"og:image\" content=\"https:\/\/cvinoticias.com\/wp-content\/uploads\/2021\/06\/la-bajante-en-el-parana-pone-en-peligro-a-los-humedales-y-a-los-peces-1182184.jpg\" \/>\n\t<meta property=\"og:image:width\" content=\"900\" \/>\n\t<meta property=\"og:image:height\" content=\"900\" \/>\n\t<meta property=\"og:image:type\" content=\"image\/jpeg\" \/>\n<meta name=\"author\" content=\"f1000024\" \/>\n<meta name=\"twitter:card\" content=\"summary_large_image\" \/>\n<meta name=\"twitter:label1\" content=\"Escrito por\" \/>\n\t<meta name=\"twitter:data1\" content=\"f1000024\" \/>\n\t<meta name=\"twitter:label2\" content=\"Tiempo de lectura\" \/>\n\t<meta name=\"twitter:data2\" content=\"3 minutos\" \/>\n<script type=\"application\/ld+json\" class=\"yoast-schema-graph\">{\"@context\":\"https:\\\/\\\/schema.org\",\"@graph\":[{\"@type\":\"Article\",\"@id\":\"https:\\\/\\\/cvinoticias.com\\\/v3\\\/bajante-del-parana-la-nacion-inicio-negociaciones-con-brasil-y-paraguay-para-que-liberen-agua\\\/#article\",\"isPartOf\":{\"@id\":\"https:\\\/\\\/cvinoticias.com\\\/v3\\\/bajante-del-parana-la-nacion-inicio-negociaciones-con-brasil-y-paraguay-para-que-liberen-agua\\\/\"},\"author\":{\"name\":\"f1000024\",\"@id\":\"https:\\\/\\\/cvinoticias.com\\\/v3\\\/#\\\/schema\\\/person\\\/2db77e3c6bc03c538495d7b2b8be9b66\"},\"headline\":\"Bajante del Paran\u00e1: La Naci\u00f3n inici\u00f3 negociaciones con Brasil y Paraguay para que liberen agua\",\"datePublished\":\"2021-06-22T20:34:12+00:00\",\"mainEntityOfPage\":{\"@id\":\"https:\\\/\\\/cvinoticias.com\\\/v3\\\/bajante-del-parana-la-nacion-inicio-negociaciones-con-brasil-y-paraguay-para-que-liberen-agua\\\/\"},\"wordCount\":525,\"commentCount\":0,\"publisher\":{\"@id\":\"https:\\\/\\\/cvinoticias.com\\\/v3\\\/#organization\"},\"image\":{\"@id\":\"https:\\\/\\\/cvinoticias.com\\\/v3\\\/bajante-del-parana-la-nacion-inicio-negociaciones-con-brasil-y-paraguay-para-que-liberen-agua\\\/#primaryimage\"},\"thumbnailUrl\":\"https:\\\/\\\/cvinoticias.com\\\/wp-content\\\/uploads\\\/2021\\\/06\\\/la-bajante-en-el-parana-pone-en-peligro-a-los-humedales-y-a-los-peces-1182184.jpg\",\"articleSection\":[\"Informaci\u00f3n General\"],\"inLanguage\":\"es\",\"potentialAction\":[{\"@type\":\"CommentAction\",\"name\":\"Comment\",\"target\":[\"https:\\\/\\\/cvinoticias.com\\\/v3\\\/bajante-del-parana-la-nacion-inicio-negociaciones-con-brasil-y-paraguay-para-que-liberen-agua\\\/#respond\"]}]},{\"@type\":\"WebPage\",\"@id\":\"https:\\\/\\\/cvinoticias.com\\\/v3\\\/bajante-del-parana-la-nacion-inicio-negociaciones-con-brasil-y-paraguay-para-que-liberen-agua\\\/\",\"url\":\"https:\\\/\\\/cvinoticias.com\\\/v3\\\/bajante-del-parana-la-nacion-inicio-negociaciones-con-brasil-y-paraguay-para-que-liberen-agua\\\/\",\"name\":\"Bajante del Paran\u00e1: La Naci\u00f3n inici\u00f3 negociaciones con Brasil y Paraguay para que liberen agua | CVI NOTICIAS\",\"isPartOf\":{\"@id\":\"https:\\\/\\\/cvinoticias.com\\\/v3\\\/#website\"},\"primaryImageOfPage\":{\"@id\":\"https:\\\/\\\/cvinoticias.com\\\/v3\\\/bajante-del-parana-la-nacion-inicio-negociaciones-con-brasil-y-paraguay-para-que-liberen-agua\\\/#primaryimage\"},\"image\":{\"@id\":\"https:\\\/\\\/cvinoticias.com\\\/v3\\\/bajante-del-parana-la-nacion-inicio-negociaciones-con-brasil-y-paraguay-para-que-liberen-agua\\\/#primaryimage\"},\"thumbnailUrl\":\"https:\\\/\\\/cvinoticias.com\\\/wp-content\\\/uploads\\\/2021\\\/06\\\/la-bajante-en-el-parana-pone-en-peligro-a-los-humedales-y-a-los-peces-1182184.jpg\",\"datePublished\":\"2021-06-22T20:34:12+00:00\",\"breadcrumb\":{\"@id\":\"https:\\\/\\\/cvinoticias.com\\\/v3\\\/bajante-del-parana-la-nacion-inicio-negociaciones-con-brasil-y-paraguay-para-que-liberen-agua\\\/#breadcrumb\"},\"inLanguage\":\"es\",\"potentialAction\":[{\"@type\":\"ReadAction\",\"target\":[\"https:\\\/\\\/cvinoticias.com\\\/v3\\\/bajante-del-parana-la-nacion-inicio-negociaciones-con-brasil-y-paraguay-para-que-liberen-agua\\\/\"]}]},{\"@type\":\"ImageObject\",\"inLanguage\":\"es\",\"@id\":\"https:\\\/\\\/cvinoticias.com\\\/v3\\\/bajante-del-parana-la-nacion-inicio-negociaciones-con-brasil-y-paraguay-para-que-liberen-agua\\\/#primaryimage\",\"url\":\"https:\\\/\\\/cvinoticias.com\\\/wp-content\\\/uploads\\\/2021\\\/06\\\/la-bajante-en-el-parana-pone-en-peligro-a-los-humedales-y-a-los-peces-1182184.jpg\",\"contentUrl\":\"https:\\\/\\\/cvinoticias.com\\\/wp-content\\\/uploads\\\/2021\\\/06\\\/la-bajante-en-el-parana-pone-en-peligro-a-los-humedales-y-a-los-peces-1182184.jpg\",\"width\":900,\"height\":900},{\"@type\":\"BreadcrumbList\",\"@id\":\"https:\\\/\\\/cvinoticias.com\\\/v3\\\/bajante-del-parana-la-nacion-inicio-negociaciones-con-brasil-y-paraguay-para-que-liberen-agua\\\/#breadcrumb\",\"itemListElement\":[{\"@type\":\"ListItem\",\"position\":1,\"name\":\"Portada\",\"item\":\"https:\\\/\\\/cvinoticias.com\\\/v3\\\/\"},{\"@type\":\"ListItem\",\"position\":2,\"name\":\"Bajante del Paran\u00e1: La Naci\u00f3n inici\u00f3 negociaciones con Brasil y Paraguay para que liberen agua\"}]},{\"@type\":\"WebSite\",\"@id\":\"https:\\\/\\\/cvinoticias.com\\\/v3\\\/#website\",\"url\":\"https:\\\/\\\/cvinoticias.com\\\/v3\\\/\",\"name\":\"CVI NOTICIAS\",\"description\":\"\",\"publisher\":{\"@id\":\"https:\\\/\\\/cvinoticias.com\\\/v3\\\/#organization\"},\"alternateName\":\"CVI\",\"potentialAction\":[{\"@type\":\"SearchAction\",\"target\":{\"@type\":\"EntryPoint\",\"urlTemplate\":\"https:\\\/\\\/cvinoticias.com\\\/v3\\\/?s={search_term_string}\"},\"query-input\":{\"@type\":\"PropertyValueSpecification\",\"valueRequired\":true,\"valueName\":\"search_term_string\"}}],\"inLanguage\":\"es\"},{\"@type\":\"Organization\",\"@id\":\"https:\\\/\\\/cvinoticias.com\\\/v3\\\/#organization\",\"name\":\"CVI NOTICIAS\",\"url\":\"https:\\\/\\\/cvinoticias.com\\\/v3\\\/\",\"logo\":{\"@type\":\"ImageObject\",\"inLanguage\":\"es\",\"@id\":\"https:\\\/\\\/cvinoticias.com\\\/v3\\\/#\\\/schema\\\/logo\\\/image\\\/\",\"url\":\"https:\\\/\\\/cvinoticias.com\\\/wp-content\\\/uploads\\\/2023\\\/04\\\/cropped-cropped-cropped-cropped-cropped-3-1.png\",\"contentUrl\":\"https:\\\/\\\/cvinoticias.com\\\/wp-content\\\/uploads\\\/2023\\\/04\\\/cropped-cropped-cropped-cropped-cropped-3-1.png\",\"width\":95,\"height\":122,\"caption\":\"CVI NOTICIAS\"},\"image\":{\"@id\":\"https:\\\/\\\/cvinoticias.com\\\/v3\\\/#\\\/schema\\\/logo\\\/image\\\/\"},\"sameAs\":[\"https:\\\/\\\/www.facebook.com\\\/cvinoticias\",\"https:\\\/\\\/www.instagram.com\\\/cvinoticias\\\/\",\"https:\\\/\\\/www.youtube.com\\\/@CVINOTICIAS\"]},{\"@type\":\"Person\",\"@id\":\"https:\\\/\\\/cvinoticias.com\\\/v3\\\/#\\\/schema\\\/person\\\/2db77e3c6bc03c538495d7b2b8be9b66\",\"name\":\"f1000024\",\"image\":{\"@type\":\"ImageObject\",\"inLanguage\":\"es\",\"@id\":\"https:\\\/\\\/secure.gravatar.com\\\/avatar\\\/d4fe7459cfc51ff5129ce1a732bbef5928568b8092d412ef95611616376bbeed?s=96&d=mm&r=g\",\"url\":\"https:\\\/\\\/secure.gravatar.com\\\/avatar\\\/d4fe7459cfc51ff5129ce1a732bbef5928568b8092d412ef95611616376bbeed?s=96&d=mm&r=g\",\"contentUrl\":\"https:\\\/\\\/secure.gravatar.com\\\/avatar\\\/d4fe7459cfc51ff5129ce1a732bbef5928568b8092d412ef95611616376bbeed?s=96&d=mm&r=g\",\"caption\":\"f1000024\"},\"url\":\"https:\\\/\\\/cvinoticias.com\\\/v3\\\/author\\\/f1000024\\\/\"}]}<\/script>\n<!-- \/ Yoast SEO plugin. -->","yoast_head_json":{"title":"Bajante del Paran\u00e1: La Naci\u00f3n inici\u00f3 negociaciones con Brasil y Paraguay para que liberen agua | CVI NOTICIAS","robots":{"index":"index","follow":"follow","max-snippet":"max-snippet:-1","max-image-preview":"max-image-preview:large","max-video-preview":"max-video-preview:-1"},"canonical":"https:\/\/cvinoticias.com\/v3\/bajante-del-parana-la-nacion-inicio-negociaciones-con-brasil-y-paraguay-para-que-liberen-agua\/","og_locale":"es_ES","og_type":"article","og_title":"Bajante del Paran\u00e1: La Naci\u00f3n inici\u00f3 negociaciones con Brasil y Paraguay para que liberen agua | CVI NOTICIAS","og_description":"Los expertos del Instituto Argentino del Agua se\u00f1alan que de continuar la actual coyuntura, \u00abse espera el escenario m\u00e1s cr\u00edtico de la historia registrado: en 1944\u00bb. El caudal del r\u00edo Paran\u00e1 registra el menor nivel en los \u00faltimos 25 a\u00f1os en el territorio argentino, motorizado por la escasez de lluvias significativas en la regi\u00f3n. En [&hellip;]","og_url":"https:\/\/cvinoticias.com\/v3\/bajante-del-parana-la-nacion-inicio-negociaciones-con-brasil-y-paraguay-para-que-liberen-agua\/","og_site_name":"CVI NOTICIAS","article_publisher":"https:\/\/www.facebook.com\/cvinoticias","article_published_time":"2021-06-22T20:34:12+00:00","og_image":[{"width":900,"height":900,"url":"https:\/\/cvinoticias.com\/wp-content\/uploads\/2021\/06\/la-bajante-en-el-parana-pone-en-peligro-a-los-humedales-y-a-los-peces-1182184.jpg","type":"image\/jpeg"}],"author":"f1000024","twitter_card":"summary_large_image","twitter_misc":{"Escrito por":"f1000024","Tiempo de lectura":"3 minutos"},"schema":{"@context":"https:\/\/schema.org","@graph":[{"@type":"Article","@id":"https:\/\/cvinoticias.com\/v3\/bajante-del-parana-la-nacion-inicio-negociaciones-con-brasil-y-paraguay-para-que-liberen-agua\/#article","isPartOf":{"@id":"https:\/\/cvinoticias.com\/v3\/bajante-del-parana-la-nacion-inicio-negociaciones-con-brasil-y-paraguay-para-que-liberen-agua\/"},"author":{"name":"f1000024","@id":"https:\/\/cvinoticias.com\/v3\/#\/schema\/person\/2db77e3c6bc03c538495d7b2b8be9b66"},"headline":"Bajante del Paran\u00e1: La Naci\u00f3n inici\u00f3 negociaciones con Brasil y Paraguay para que liberen agua","datePublished":"2021-06-22T20:34:12+00:00","mainEntityOfPage":{"@id":"https:\/\/cvinoticias.com\/v3\/bajante-del-parana-la-nacion-inicio-negociaciones-con-brasil-y-paraguay-para-que-liberen-agua\/"},"wordCount":525,"commentCount":0,"publisher":{"@id":"https:\/\/cvinoticias.com\/v3\/#organization"},"image":{"@id":"https:\/\/cvinoticias.com\/v3\/bajante-del-parana-la-nacion-inicio-negociaciones-con-brasil-y-paraguay-para-que-liberen-agua\/#primaryimage"},"thumbnailUrl":"https:\/\/cvinoticias.com\/wp-content\/uploads\/2021\/06\/la-bajante-en-el-parana-pone-en-peligro-a-los-humedales-y-a-los-peces-1182184.jpg","articleSection":["Informaci\u00f3n General"],"inLanguage":"es","potentialAction":[{"@type":"CommentAction","name":"Comment","target":["https:\/\/cvinoticias.com\/v3\/bajante-del-parana-la-nacion-inicio-negociaciones-con-brasil-y-paraguay-para-que-liberen-agua\/#respond"]}]},{"@type":"WebPage","@id":"https:\/\/cvinoticias.com\/v3\/bajante-del-parana-la-nacion-inicio-negociaciones-con-brasil-y-paraguay-para-que-liberen-agua\/","url":"https:\/\/cvinoticias.com\/v3\/bajante-del-parana-la-nacion-inicio-negociaciones-con-brasil-y-paraguay-para-que-liberen-agua\/","name":"Bajante del Paran\u00e1: La Naci\u00f3n inici\u00f3 negociaciones con Brasil y Paraguay para que liberen agua | CVI NOTICIAS","isPartOf":{"@id":"https:\/\/cvinoticias.com\/v3\/#website"},"primaryImageOfPage":{"@id":"https:\/\/cvinoticias.com\/v3\/bajante-del-parana-la-nacion-inicio-negociaciones-con-brasil-y-paraguay-para-que-liberen-agua\/#primaryimage"},"image":{"@id":"https:\/\/cvinoticias.com\/v3\/bajante-del-parana-la-nacion-inicio-negociaciones-con-brasil-y-paraguay-para-que-liberen-agua\/#primaryimage"},"thumbnailUrl":"https:\/\/cvinoticias.com\/wp-content\/uploads\/2021\/06\/la-bajante-en-el-parana-pone-en-peligro-a-los-humedales-y-a-los-peces-1182184.jpg","datePublished":"2021-06-22T20:34:12+00:00","breadcrumb":{"@id":"https:\/\/cvinoticias.com\/v3\/bajante-del-parana-la-nacion-inicio-negociaciones-con-brasil-y-paraguay-para-que-liberen-agua\/#breadcrumb"},"inLanguage":"es","potentialAction":[{"@type":"ReadAction","target":["https:\/\/cvinoticias.com\/v3\/bajante-del-parana-la-nacion-inicio-negociaciones-con-brasil-y-paraguay-para-que-liberen-agua\/"]}]},{"@type":"ImageObject","inLanguage":"es","@id":"https:\/\/cvinoticias.com\/v3\/bajante-del-parana-la-nacion-inicio-negociaciones-con-brasil-y-paraguay-para-que-liberen-agua\/#primaryimage","url":"https:\/\/cvinoticias.com\/wp-content\/uploads\/2021\/06\/la-bajante-en-el-parana-pone-en-peligro-a-los-humedales-y-a-los-peces-1182184.jpg","contentUrl":"https:\/\/cvinoticias.com\/wp-content\/uploads\/2021\/06\/la-bajante-en-el-parana-pone-en-peligro-a-los-humedales-y-a-los-peces-1182184.jpg","width":900,"height":900},{"@type":"BreadcrumbList","@id":"https:\/\/cvinoticias.com\/v3\/bajante-del-parana-la-nacion-inicio-negociaciones-con-brasil-y-paraguay-para-que-liberen-agua\/#breadcrumb","itemListElement":[{"@type":"ListItem","position":1,"name":"Portada","item":"https:\/\/cvinoticias.com\/v3\/"},{"@type":"ListItem","position":2,"name":"Bajante del Paran\u00e1: La Naci\u00f3n inici\u00f3 negociaciones con Brasil y Paraguay para que liberen agua"}]},{"@type":"WebSite","@id":"https:\/\/cvinoticias.com\/v3\/#website","url":"https:\/\/cvinoticias.com\/v3\/","name":"CVI NOTICIAS","description":"","publisher":{"@id":"https:\/\/cvinoticias.com\/v3\/#organization"},"alternateName":"CVI","potentialAction":[{"@type":"SearchAction","target":{"@type":"EntryPoint","urlTemplate":"https:\/\/cvinoticias.com\/v3\/?s={search_term_string}"},"query-input":{"@type":"PropertyValueSpecification","valueRequired":true,"valueName":"search_term_string"}}],"inLanguage":"es"},{"@type":"Organization","@id":"https:\/\/cvinoticias.com\/v3\/#organization","name":"CVI NOTICIAS","url":"https:\/\/cvinoticias.com\/v3\/","logo":{"@type":"ImageObject","inLanguage":"es","@id":"https:\/\/cvinoticias.com\/v3\/#\/schema\/logo\/image\/","url":"https:\/\/cvinoticias.com\/wp-content\/uploads\/2023\/04\/cropped-cropped-cropped-cropped-cropped-3-1.png","contentUrl":"https:\/\/cvinoticias.com\/wp-content\/uploads\/2023\/04\/cropped-cropped-cropped-cropped-cropped-3-1.png","width":95,"height":122,"caption":"CVI NOTICIAS"},"image":{"@id":"https:\/\/cvinoticias.com\/v3\/#\/schema\/logo\/image\/"},"sameAs":["https:\/\/www.facebook.com\/cvinoticias","https:\/\/www.instagram.com\/cvinoticias\/","https:\/\/www.youtube.com\/@CVINOTICIAS"]},{"@type":"Person","@id":"https:\/\/cvinoticias.com\/v3\/#\/schema\/person\/2db77e3c6bc03c538495d7b2b8be9b66","name":"f1000024","image":{"@type":"ImageObject","inLanguage":"es","@id":"https:\/\/secure.gravatar.com\/avatar\/d4fe7459cfc51ff5129ce1a732bbef5928568b8092d412ef95611616376bbeed?s=96&d=mm&r=g","url":"https:\/\/secure.gravatar.com\/avatar\/d4fe7459cfc51ff5129ce1a732bbef5928568b8092d412ef95611616376bbeed?s=96&d=mm&r=g","contentUrl":"https:\/\/secure.gravatar.com\/avatar\/d4fe7459cfc51ff5129ce1a732bbef5928568b8092d412ef95611616376bbeed?s=96&d=mm&r=g","caption":"f1000024"},"url":"https:\/\/cvinoticias.com\/v3\/author\/f1000024\/"}]}},"_links":{"self":[{"href":"https:\/\/cvinoticias.com\/v3\/wp-json\/wp\/v2\/posts\/6192","targetHints":{"allow":["GET"]}}],"collection":[{"href":"https:\/\/cvinoticias.com\/v3\/wp-json\/wp\/v2\/posts"}],"about":[{"href":"https:\/\/cvinoticias.com\/v3\/wp-json\/wp\/v2\/types\/post"}],"author":[{"embeddable":true,"href":"https:\/\/cvinoticias.com\/v3\/wp-json\/wp\/v2\/users\/2"}],"replies":[{"embeddable":true,"href":"https:\/\/cvinoticias.com\/v3\/wp-json\/wp\/v2\/comments?post=6192"}],"version-history":[{"count":1,"href":"https:\/\/cvinoticias.com\/v3\/wp-json\/wp\/v2\/posts\/6192\/revisions"}],"predecessor-version":[{"id":6195,"href":"https:\/\/cvinoticias.com\/v3\/wp-json\/wp\/v2\/posts\/6192\/revisions\/6195"}],"wp:featuredmedia":[{"embeddable":true,"href":"https:\/\/cvinoticias.com\/v3\/wp-json\/wp\/v2\/media\/6194"}],"wp:attachment":[{"href":"https:\/\/cvinoticias.com\/v3\/wp-json\/wp\/v2\/media?parent=6192"}],"wp:term":[{"taxonomy":"category","embeddable":true,"href":"https:\/\/cvinoticias.com\/v3\/wp-json\/wp\/v2\/categories?post=6192"},{"taxonomy":"post_tag","embeddable":true,"href":"https:\/\/cvinoticias.com\/v3\/wp-json\/wp\/v2\/tags?post=6192"}],"curies":[{"name":"wp","href":"https:\/\/api.w.org\/{rel}","templated":true}]}}