{"id":6188,"date":"2021-06-22T17:02:06","date_gmt":"2021-06-22T17:02:06","guid":{"rendered":"https:\/\/cvinoticias.com\/v3\/?p=6188"},"modified":"2021-06-22T17:02:06","modified_gmt":"2021-06-22T17:02:06","slug":"el-gobernador-y-referentes-del-sector-privado-industrial-mantuvieron-un-encuentro-de-trabajo","status":"publish","type":"post","link":"https:\/\/cvinoticias.com\/v3\/el-gobernador-y-referentes-del-sector-privado-industrial-mantuvieron-un-encuentro-de-trabajo\/","title":{"rendered":"El Gobernador y Referentes del sector privado industrial mantuvieron un encuentro de trabajo"},"content":{"rendered":"\n<p><strong><em>El Gobernador particip\u00f3 en una mesa de trabajo junto a empresarios del sector industrial y comercial de Misiones. Una decena de representantes de empresa de distintos rubros productivos intercambiaron ideas y propuestas con funcionarios provinciales y ajustaron detalles sobre el modelo industrial comercial en el que se trabaja en la provincia.<\/em><\/strong><\/p>\n\n\n\n<p>Esta ma\u00f1ana, en una reuni\u00f3n realizada en Casa de Gobierno, el gobernador Oscar Herrera Ahuad, acompa\u00f1ado por el ministro de Inustria Nicol\u00e1s Trevis\u00e1n, recibi\u00f3 a referentes del sector privado de distintos puntos de la provincia. Integraron la mesa de trabajo referentes de empresas del sector comercial, industrial, aserradero, yerbatero, envasado de pl\u00e1stico, constructor y alimenticio. Durante el encuentro se abordaron temas relacionados con el sector productivo, como capacitaciones, leyes laborales, posibles l\u00edneas de financiamiento y tratativas para delinear la visi\u00f3n a futuro que Misiones maneja con el sector privado.<\/p>\n\n\n\n<p>El ministro Trevis\u00e1n asegur\u00f3 al finalizar el encuentro, que \u201clogramos que el Gobernador y el Gobierno en general tengan un term\u00f3metro de c\u00f3mo est\u00e1 la situaci\u00f3n de cada uno de los sectores de la provincia. Eso nos ayuda a evaluar y a gestionar soluciones que se puedan implementar de manera local en cada uno de los sectores\u201d. Adem\u00e1s, aclar\u00f3 que sostener la econom\u00eda es uno de los principales objetivos del Gobierno. No obstante, coment\u00f3 que Misiones pudo lograrlo a\u00fan en pandemia y que eso \u201cnos ha permitido no solamente no perder puestos de trabajo, sino tambi\u00e9n estar entre las principales provincias generadoras de empleo en una situaci\u00f3n muy cr\u00edtica. As\u00ed que nuestro norte es claro, en algunas decisiones podemos resolver nosotros localmente y en otra tenemos que lograr que la Naci\u00f3n nos escuche\u201d.<\/p>\n\n\n\n<p>Al finalizar la reuni\u00f3n, los representantes de las diferentes empresas e industrias convocadas manifestaron su benepl\u00e1cito por este tipo de encuentros, porque \u201ctenemos un tel\u00e9fono abierto y es una muy buena v\u00eda para canalizar ideas y propuestas\u201d, al tiempo que valoraron la posibilidad de dialogar directamente con el Gobernador para brindarle un diagn\u00f3stico de primera mano.<\/p>\n\n\n\n<p>Los gerentes y representantes que mantuvieron la reuni\u00f3n en la Sala de Situaci\u00f3n con el mandatario, pertenecen a empresas como la f\u00e1brica de envases pl\u00e1stico, Envasando SRL; la f\u00e1brica de muebles Dimadera; los aserraderos de Graef Hermanos SRL y Valerio Oliva Forestal S.A; las empresa constructoras Premoldeados Posadas y Simacon; la yerbatera Mate Rojo; la productora de alimentos Santa M\u00f3nica; la Metal\u00fargica Lory y f\u00e1brica de colchones Taurus.<\/p>\n\n\n\n<figure class=\"wp-block-image size-large\"><a href=\"https:\/\/cvinoticias.com\/wp-content\/uploads\/2021\/06\/FB_IMG_1624380980434.jpg\"><img decoding=\"async\" width=\"960\" height=\"640\" data-src=\"https:\/\/cvinoticias.com\/wp-content\/uploads\/2021\/06\/FB_IMG_1624380980434.jpg\" alt=\"\" class=\"wp-image-6190 lazyload\" data-srcset=\"https:\/\/cvinoticias.com\/wp-content\/uploads\/2021\/06\/FB_IMG_1624380980434.jpg 960w, https:\/\/cvinoticias.com\/wp-content\/uploads\/2021\/06\/FB_IMG_1624380980434-300x200.jpg 300w, https:\/\/cvinoticias.com\/wp-content\/uploads\/2021\/06\/FB_IMG_1624380980434-768x512.jpg 768w\" data-sizes=\"(max-width: 960px) 100vw, 960px\" src=\"data:image\/svg+xml;base64,PHN2ZyB3aWR0aD0iMSIgaGVpZ2h0PSIxIiB4bWxucz0iaHR0cDovL3d3dy53My5vcmcvMjAwMC9zdmciPjwvc3ZnPg==\" style=\"--smush-placeholder-width: 960px; --smush-placeholder-aspect-ratio: 960\/640;\" \/><\/a><\/figure>\n","protected":false},"excerpt":{"rendered":"<p>El Gobernador particip\u00f3 en una mesa de trabajo junto a empresarios del sector industrial y comercial de Misiones. Una decena de representantes de empresa de distintos rubros productivos intercambiaron ideas y propuestas con funcionarios provinciales y ajustaron detalles sobre el modelo industrial comercial en el que se trabaja en la provincia. Esta ma\u00f1ana, en una [&hellip;]<\/p>\n","protected":false},"author":2,"featured_media":6189,"comment_status":"open","ping_status":"open","sticky":false,"template":"","format":"standard","meta":{"footnotes":""},"categories":[35],"tags":[],"class_list":["post-6188","post","type-post","status-publish","format-standard","has-post-thumbnail","hentry","category-informacion-general"],"yoast_head":"<!-- This site is optimized with the Yoast SEO plugin v27.5 - https:\/\/yoast.com\/product\/yoast-seo-wordpress\/ -->\n<title>El Gobernador y Referentes del sector privado industrial mantuvieron un encuentro de trabajo | CVI NOTICIAS<\/title>\n<meta name=\"robots\" content=\"index, follow, max-snippet:-1, max-image-preview:large, max-video-preview:-1\" \/>\n<link rel=\"canonical\" href=\"https:\/\/cvinoticias.com\/v3\/el-gobernador-y-referentes-del-sector-privado-industrial-mantuvieron-un-encuentro-de-trabajo\/\" \/>\n<meta property=\"og:locale\" content=\"es_ES\" \/>\n<meta property=\"og:type\" content=\"article\" \/>\n<meta property=\"og:title\" content=\"El Gobernador y Referentes del sector privado industrial mantuvieron un encuentro de trabajo | CVI NOTICIAS\" \/>\n<meta property=\"og:description\" content=\"El Gobernador particip\u00f3 en una mesa de trabajo junto a empresarios del sector industrial y comercial de Misiones. Una decena de representantes de empresa de distintos rubros productivos intercambiaron ideas y propuestas con funcionarios provinciales y ajustaron detalles sobre el modelo industrial comercial en el que se trabaja en la provincia. Esta ma\u00f1ana, en una [&hellip;]\" \/>\n<meta property=\"og:url\" content=\"https:\/\/cvinoticias.com\/v3\/el-gobernador-y-referentes-del-sector-privado-industrial-mantuvieron-un-encuentro-de-trabajo\/\" \/>\n<meta property=\"og:site_name\" content=\"CVI NOTICIAS\" \/>\n<meta property=\"article:publisher\" content=\"https:\/\/www.facebook.com\/cvinoticias\" \/>\n<meta property=\"article:published_time\" content=\"2021-06-22T17:02:06+00:00\" \/>\n<meta property=\"og:image\" content=\"https:\/\/cvinoticias.com\/wp-content\/uploads\/2021\/06\/FB_IMG_1624380961952.jpg\" \/>\n\t<meta property=\"og:image:width\" content=\"960\" \/>\n\t<meta property=\"og:image:height\" content=\"640\" \/>\n\t<meta property=\"og:image:type\" content=\"image\/jpeg\" \/>\n<meta name=\"author\" content=\"f1000024\" \/>\n<meta name=\"twitter:card\" content=\"summary_large_image\" \/>\n<meta name=\"twitter:label1\" content=\"Escrito por\" \/>\n\t<meta name=\"twitter:data1\" content=\"f1000024\" \/>\n\t<meta name=\"twitter:label2\" content=\"Tiempo de lectura\" \/>\n\t<meta name=\"twitter:data2\" content=\"2 minutos\" \/>\n<script type=\"application\/ld+json\" class=\"yoast-schema-graph\">{\"@context\":\"https:\\\/\\\/schema.org\",\"@graph\":[{\"@type\":\"Article\",\"@id\":\"https:\\\/\\\/cvinoticias.com\\\/v3\\\/el-gobernador-y-referentes-del-sector-privado-industrial-mantuvieron-un-encuentro-de-trabajo\\\/#article\",\"isPartOf\":{\"@id\":\"https:\\\/\\\/cvinoticias.com\\\/v3\\\/el-gobernador-y-referentes-del-sector-privado-industrial-mantuvieron-un-encuentro-de-trabajo\\\/\"},\"author\":{\"name\":\"f1000024\",\"@id\":\"https:\\\/\\\/cvinoticias.com\\\/v3\\\/#\\\/schema\\\/person\\\/2db77e3c6bc03c538495d7b2b8be9b66\"},\"headline\":\"El Gobernador y Referentes del sector privado industrial mantuvieron un encuentro de trabajo\",\"datePublished\":\"2021-06-22T17:02:06+00:00\",\"mainEntityOfPage\":{\"@id\":\"https:\\\/\\\/cvinoticias.com\\\/v3\\\/el-gobernador-y-referentes-del-sector-privado-industrial-mantuvieron-un-encuentro-de-trabajo\\\/\"},\"wordCount\":443,\"commentCount\":0,\"publisher\":{\"@id\":\"https:\\\/\\\/cvinoticias.com\\\/v3\\\/#organization\"},\"image\":{\"@id\":\"https:\\\/\\\/cvinoticias.com\\\/v3\\\/el-gobernador-y-referentes-del-sector-privado-industrial-mantuvieron-un-encuentro-de-trabajo\\\/#primaryimage\"},\"thumbnailUrl\":\"https:\\\/\\\/cvinoticias.com\\\/wp-content\\\/uploads\\\/2021\\\/06\\\/FB_IMG_1624380961952.jpg\",\"articleSection\":[\"Informaci\u00f3n General\"],\"inLanguage\":\"es\",\"potentialAction\":[{\"@type\":\"CommentAction\",\"name\":\"Comment\",\"target\":[\"https:\\\/\\\/cvinoticias.com\\\/v3\\\/el-gobernador-y-referentes-del-sector-privado-industrial-mantuvieron-un-encuentro-de-trabajo\\\/#respond\"]}]},{\"@type\":\"WebPage\",\"@id\":\"https:\\\/\\\/cvinoticias.com\\\/v3\\\/el-gobernador-y-referentes-del-sector-privado-industrial-mantuvieron-un-encuentro-de-trabajo\\\/\",\"url\":\"https:\\\/\\\/cvinoticias.com\\\/v3\\\/el-gobernador-y-referentes-del-sector-privado-industrial-mantuvieron-un-encuentro-de-trabajo\\\/\",\"name\":\"El Gobernador y Referentes del sector privado industrial mantuvieron un encuentro de trabajo | CVI NOTICIAS\",\"isPartOf\":{\"@id\":\"https:\\\/\\\/cvinoticias.com\\\/v3\\\/#website\"},\"primaryImageOfPage\":{\"@id\":\"https:\\\/\\\/cvinoticias.com\\\/v3\\\/el-gobernador-y-referentes-del-sector-privado-industrial-mantuvieron-un-encuentro-de-trabajo\\\/#primaryimage\"},\"image\":{\"@id\":\"https:\\\/\\\/cvinoticias.com\\\/v3\\\/el-gobernador-y-referentes-del-sector-privado-industrial-mantuvieron-un-encuentro-de-trabajo\\\/#primaryimage\"},\"thumbnailUrl\":\"https:\\\/\\\/cvinoticias.com\\\/wp-content\\\/uploads\\\/2021\\\/06\\\/FB_IMG_1624380961952.jpg\",\"datePublished\":\"2021-06-22T17:02:06+00:00\",\"breadcrumb\":{\"@id\":\"https:\\\/\\\/cvinoticias.com\\\/v3\\\/el-gobernador-y-referentes-del-sector-privado-industrial-mantuvieron-un-encuentro-de-trabajo\\\/#breadcrumb\"},\"inLanguage\":\"es\",\"potentialAction\":[{\"@type\":\"ReadAction\",\"target\":[\"https:\\\/\\\/cvinoticias.com\\\/v3\\\/el-gobernador-y-referentes-del-sector-privado-industrial-mantuvieron-un-encuentro-de-trabajo\\\/\"]}]},{\"@type\":\"ImageObject\",\"inLanguage\":\"es\",\"@id\":\"https:\\\/\\\/cvinoticias.com\\\/v3\\\/el-gobernador-y-referentes-del-sector-privado-industrial-mantuvieron-un-encuentro-de-trabajo\\\/#primaryimage\",\"url\":\"https:\\\/\\\/cvinoticias.com\\\/wp-content\\\/uploads\\\/2021\\\/06\\\/FB_IMG_1624380961952.jpg\",\"contentUrl\":\"https:\\\/\\\/cvinoticias.com\\\/wp-content\\\/uploads\\\/2021\\\/06\\\/FB_IMG_1624380961952.jpg\",\"width\":960,\"height\":640},{\"@type\":\"BreadcrumbList\",\"@id\":\"https:\\\/\\\/cvinoticias.com\\\/v3\\\/el-gobernador-y-referentes-del-sector-privado-industrial-mantuvieron-un-encuentro-de-trabajo\\\/#breadcrumb\",\"itemListElement\":[{\"@type\":\"ListItem\",\"position\":1,\"name\":\"Portada\",\"item\":\"https:\\\/\\\/cvinoticias.com\\\/v3\\\/\"},{\"@type\":\"ListItem\",\"position\":2,\"name\":\"El Gobernador y Referentes del sector privado industrial mantuvieron un encuentro de trabajo\"}]},{\"@type\":\"WebSite\",\"@id\":\"https:\\\/\\\/cvinoticias.com\\\/v3\\\/#website\",\"url\":\"https:\\\/\\\/cvinoticias.com\\\/v3\\\/\",\"name\":\"CVI NOTICIAS\",\"description\":\"\",\"publisher\":{\"@id\":\"https:\\\/\\\/cvinoticias.com\\\/v3\\\/#organization\"},\"alternateName\":\"CVI\",\"potentialAction\":[{\"@type\":\"SearchAction\",\"target\":{\"@type\":\"EntryPoint\",\"urlTemplate\":\"https:\\\/\\\/cvinoticias.com\\\/v3\\\/?s={search_term_string}\"},\"query-input\":{\"@type\":\"PropertyValueSpecification\",\"valueRequired\":true,\"valueName\":\"search_term_string\"}}],\"inLanguage\":\"es\"},{\"@type\":\"Organization\",\"@id\":\"https:\\\/\\\/cvinoticias.com\\\/v3\\\/#organization\",\"name\":\"CVI NOTICIAS\",\"url\":\"https:\\\/\\\/cvinoticias.com\\\/v3\\\/\",\"logo\":{\"@type\":\"ImageObject\",\"inLanguage\":\"es\",\"@id\":\"https:\\\/\\\/cvinoticias.com\\\/v3\\\/#\\\/schema\\\/logo\\\/image\\\/\",\"url\":\"https:\\\/\\\/cvinoticias.com\\\/wp-content\\\/uploads\\\/2023\\\/04\\\/cropped-cropped-cropped-cropped-cropped-3-1.png\",\"contentUrl\":\"https:\\\/\\\/cvinoticias.com\\\/wp-content\\\/uploads\\\/2023\\\/04\\\/cropped-cropped-cropped-cropped-cropped-3-1.png\",\"width\":95,\"height\":122,\"caption\":\"CVI NOTICIAS\"},\"image\":{\"@id\":\"https:\\\/\\\/cvinoticias.com\\\/v3\\\/#\\\/schema\\\/logo\\\/image\\\/\"},\"sameAs\":[\"https:\\\/\\\/www.facebook.com\\\/cvinoticias\",\"https:\\\/\\\/www.instagram.com\\\/cvinoticias\\\/\",\"https:\\\/\\\/www.youtube.com\\\/@CVINOTICIAS\"]},{\"@type\":\"Person\",\"@id\":\"https:\\\/\\\/cvinoticias.com\\\/v3\\\/#\\\/schema\\\/person\\\/2db77e3c6bc03c538495d7b2b8be9b66\",\"name\":\"f1000024\",\"image\":{\"@type\":\"ImageObject\",\"inLanguage\":\"es\",\"@id\":\"https:\\\/\\\/secure.gravatar.com\\\/avatar\\\/d4fe7459cfc51ff5129ce1a732bbef5928568b8092d412ef95611616376bbeed?s=96&d=mm&r=g\",\"url\":\"https:\\\/\\\/secure.gravatar.com\\\/avatar\\\/d4fe7459cfc51ff5129ce1a732bbef5928568b8092d412ef95611616376bbeed?s=96&d=mm&r=g\",\"contentUrl\":\"https:\\\/\\\/secure.gravatar.com\\\/avatar\\\/d4fe7459cfc51ff5129ce1a732bbef5928568b8092d412ef95611616376bbeed?s=96&d=mm&r=g\",\"caption\":\"f1000024\"},\"url\":\"https:\\\/\\\/cvinoticias.com\\\/v3\\\/author\\\/f1000024\\\/\"}]}<\/script>\n<!-- \/ Yoast SEO plugin. -->","yoast_head_json":{"title":"El Gobernador y Referentes del sector privado industrial mantuvieron un encuentro de trabajo | CVI NOTICIAS","robots":{"index":"index","follow":"follow","max-snippet":"max-snippet:-1","max-image-preview":"max-image-preview:large","max-video-preview":"max-video-preview:-1"},"canonical":"https:\/\/cvinoticias.com\/v3\/el-gobernador-y-referentes-del-sector-privado-industrial-mantuvieron-un-encuentro-de-trabajo\/","og_locale":"es_ES","og_type":"article","og_title":"El Gobernador y Referentes del sector privado industrial mantuvieron un encuentro de trabajo | CVI NOTICIAS","og_description":"El Gobernador particip\u00f3 en una mesa de trabajo junto a empresarios del sector industrial y comercial de Misiones. Una decena de representantes de empresa de distintos rubros productivos intercambiaron ideas y propuestas con funcionarios provinciales y ajustaron detalles sobre el modelo industrial comercial en el que se trabaja en la provincia. Esta ma\u00f1ana, en una [&hellip;]","og_url":"https:\/\/cvinoticias.com\/v3\/el-gobernador-y-referentes-del-sector-privado-industrial-mantuvieron-un-encuentro-de-trabajo\/","og_site_name":"CVI NOTICIAS","article_publisher":"https:\/\/www.facebook.com\/cvinoticias","article_published_time":"2021-06-22T17:02:06+00:00","og_image":[{"width":960,"height":640,"url":"https:\/\/cvinoticias.com\/wp-content\/uploads\/2021\/06\/FB_IMG_1624380961952.jpg","type":"image\/jpeg"}],"author":"f1000024","twitter_card":"summary_large_image","twitter_misc":{"Escrito por":"f1000024","Tiempo de lectura":"2 minutos"},"schema":{"@context":"https:\/\/schema.org","@graph":[{"@type":"Article","@id":"https:\/\/cvinoticias.com\/v3\/el-gobernador-y-referentes-del-sector-privado-industrial-mantuvieron-un-encuentro-de-trabajo\/#article","isPartOf":{"@id":"https:\/\/cvinoticias.com\/v3\/el-gobernador-y-referentes-del-sector-privado-industrial-mantuvieron-un-encuentro-de-trabajo\/"},"author":{"name":"f1000024","@id":"https:\/\/cvinoticias.com\/v3\/#\/schema\/person\/2db77e3c6bc03c538495d7b2b8be9b66"},"headline":"El Gobernador y Referentes del sector privado industrial mantuvieron un encuentro de trabajo","datePublished":"2021-06-22T17:02:06+00:00","mainEntityOfPage":{"@id":"https:\/\/cvinoticias.com\/v3\/el-gobernador-y-referentes-del-sector-privado-industrial-mantuvieron-un-encuentro-de-trabajo\/"},"wordCount":443,"commentCount":0,"publisher":{"@id":"https:\/\/cvinoticias.com\/v3\/#organization"},"image":{"@id":"https:\/\/cvinoticias.com\/v3\/el-gobernador-y-referentes-del-sector-privado-industrial-mantuvieron-un-encuentro-de-trabajo\/#primaryimage"},"thumbnailUrl":"https:\/\/cvinoticias.com\/wp-content\/uploads\/2021\/06\/FB_IMG_1624380961952.jpg","articleSection":["Informaci\u00f3n General"],"inLanguage":"es","potentialAction":[{"@type":"CommentAction","name":"Comment","target":["https:\/\/cvinoticias.com\/v3\/el-gobernador-y-referentes-del-sector-privado-industrial-mantuvieron-un-encuentro-de-trabajo\/#respond"]}]},{"@type":"WebPage","@id":"https:\/\/cvinoticias.com\/v3\/el-gobernador-y-referentes-del-sector-privado-industrial-mantuvieron-un-encuentro-de-trabajo\/","url":"https:\/\/cvinoticias.com\/v3\/el-gobernador-y-referentes-del-sector-privado-industrial-mantuvieron-un-encuentro-de-trabajo\/","name":"El Gobernador y Referentes del sector privado industrial mantuvieron un encuentro de trabajo | CVI NOTICIAS","isPartOf":{"@id":"https:\/\/cvinoticias.com\/v3\/#website"},"primaryImageOfPage":{"@id":"https:\/\/cvinoticias.com\/v3\/el-gobernador-y-referentes-del-sector-privado-industrial-mantuvieron-un-encuentro-de-trabajo\/#primaryimage"},"image":{"@id":"https:\/\/cvinoticias.com\/v3\/el-gobernador-y-referentes-del-sector-privado-industrial-mantuvieron-un-encuentro-de-trabajo\/#primaryimage"},"thumbnailUrl":"https:\/\/cvinoticias.com\/wp-content\/uploads\/2021\/06\/FB_IMG_1624380961952.jpg","datePublished":"2021-06-22T17:02:06+00:00","breadcrumb":{"@id":"https:\/\/cvinoticias.com\/v3\/el-gobernador-y-referentes-del-sector-privado-industrial-mantuvieron-un-encuentro-de-trabajo\/#breadcrumb"},"inLanguage":"es","potentialAction":[{"@type":"ReadAction","target":["https:\/\/cvinoticias.com\/v3\/el-gobernador-y-referentes-del-sector-privado-industrial-mantuvieron-un-encuentro-de-trabajo\/"]}]},{"@type":"ImageObject","inLanguage":"es","@id":"https:\/\/cvinoticias.com\/v3\/el-gobernador-y-referentes-del-sector-privado-industrial-mantuvieron-un-encuentro-de-trabajo\/#primaryimage","url":"https:\/\/cvinoticias.com\/wp-content\/uploads\/2021\/06\/FB_IMG_1624380961952.jpg","contentUrl":"https:\/\/cvinoticias.com\/wp-content\/uploads\/2021\/06\/FB_IMG_1624380961952.jpg","width":960,"height":640},{"@type":"BreadcrumbList","@id":"https:\/\/cvinoticias.com\/v3\/el-gobernador-y-referentes-del-sector-privado-industrial-mantuvieron-un-encuentro-de-trabajo\/#breadcrumb","itemListElement":[{"@type":"ListItem","position":1,"name":"Portada","item":"https:\/\/cvinoticias.com\/v3\/"},{"@type":"ListItem","position":2,"name":"El Gobernador y Referentes del sector privado industrial mantuvieron un encuentro de trabajo"}]},{"@type":"WebSite","@id":"https:\/\/cvinoticias.com\/v3\/#website","url":"https:\/\/cvinoticias.com\/v3\/","name":"CVI NOTICIAS","description":"","publisher":{"@id":"https:\/\/cvinoticias.com\/v3\/#organization"},"alternateName":"CVI","potentialAction":[{"@type":"SearchAction","target":{"@type":"EntryPoint","urlTemplate":"https:\/\/cvinoticias.com\/v3\/?s={search_term_string}"},"query-input":{"@type":"PropertyValueSpecification","valueRequired":true,"valueName":"search_term_string"}}],"inLanguage":"es"},{"@type":"Organization","@id":"https:\/\/cvinoticias.com\/v3\/#organization","name":"CVI NOTICIAS","url":"https:\/\/cvinoticias.com\/v3\/","logo":{"@type":"ImageObject","inLanguage":"es","@id":"https:\/\/cvinoticias.com\/v3\/#\/schema\/logo\/image\/","url":"https:\/\/cvinoticias.com\/wp-content\/uploads\/2023\/04\/cropped-cropped-cropped-cropped-cropped-3-1.png","contentUrl":"https:\/\/cvinoticias.com\/wp-content\/uploads\/2023\/04\/cropped-cropped-cropped-cropped-cropped-3-1.png","width":95,"height":122,"caption":"CVI NOTICIAS"},"image":{"@id":"https:\/\/cvinoticias.com\/v3\/#\/schema\/logo\/image\/"},"sameAs":["https:\/\/www.facebook.com\/cvinoticias","https:\/\/www.instagram.com\/cvinoticias\/","https:\/\/www.youtube.com\/@CVINOTICIAS"]},{"@type":"Person","@id":"https:\/\/cvinoticias.com\/v3\/#\/schema\/person\/2db77e3c6bc03c538495d7b2b8be9b66","name":"f1000024","image":{"@type":"ImageObject","inLanguage":"es","@id":"https:\/\/secure.gravatar.com\/avatar\/d4fe7459cfc51ff5129ce1a732bbef5928568b8092d412ef95611616376bbeed?s=96&d=mm&r=g","url":"https:\/\/secure.gravatar.com\/avatar\/d4fe7459cfc51ff5129ce1a732bbef5928568b8092d412ef95611616376bbeed?s=96&d=mm&r=g","contentUrl":"https:\/\/secure.gravatar.com\/avatar\/d4fe7459cfc51ff5129ce1a732bbef5928568b8092d412ef95611616376bbeed?s=96&d=mm&r=g","caption":"f1000024"},"url":"https:\/\/cvinoticias.com\/v3\/author\/f1000024\/"}]}},"_links":{"self":[{"href":"https:\/\/cvinoticias.com\/v3\/wp-json\/wp\/v2\/posts\/6188","targetHints":{"allow":["GET"]}}],"collection":[{"href":"https:\/\/cvinoticias.com\/v3\/wp-json\/wp\/v2\/posts"}],"about":[{"href":"https:\/\/cvinoticias.com\/v3\/wp-json\/wp\/v2\/types\/post"}],"author":[{"embeddable":true,"href":"https:\/\/cvinoticias.com\/v3\/wp-json\/wp\/v2\/users\/2"}],"replies":[{"embeddable":true,"href":"https:\/\/cvinoticias.com\/v3\/wp-json\/wp\/v2\/comments?post=6188"}],"version-history":[{"count":1,"href":"https:\/\/cvinoticias.com\/v3\/wp-json\/wp\/v2\/posts\/6188\/revisions"}],"predecessor-version":[{"id":6191,"href":"https:\/\/cvinoticias.com\/v3\/wp-json\/wp\/v2\/posts\/6188\/revisions\/6191"}],"wp:featuredmedia":[{"embeddable":true,"href":"https:\/\/cvinoticias.com\/v3\/wp-json\/wp\/v2\/media\/6189"}],"wp:attachment":[{"href":"https:\/\/cvinoticias.com\/v3\/wp-json\/wp\/v2\/media?parent=6188"}],"wp:term":[{"taxonomy":"category","embeddable":true,"href":"https:\/\/cvinoticias.com\/v3\/wp-json\/wp\/v2\/categories?post=6188"},{"taxonomy":"post_tag","embeddable":true,"href":"https:\/\/cvinoticias.com\/v3\/wp-json\/wp\/v2\/tags?post=6188"}],"curies":[{"name":"wp","href":"https:\/\/api.w.org\/{rel}","templated":true}]}}