{"id":6181,"date":"2021-06-22T13:26:42","date_gmt":"2021-06-22T13:26:42","guid":{"rendered":"https:\/\/cvinoticias.com\/v3\/?p=6181"},"modified":"2021-06-22T13:27:43","modified_gmt":"2021-06-22T13:27:43","slug":"detalles-exclusivos-sobre-la-autopsia-a-la-chica-de-17-anos-que-murio-en-un-hotel-alojamiento","status":"publish","type":"post","link":"https:\/\/cvinoticias.com\/v3\/detalles-exclusivos-sobre-la-autopsia-a-la-chica-de-17-anos-que-murio-en-un-hotel-alojamiento\/","title":{"rendered":"Detalles exclusivos sobre la autopsia a la chica de 17 a\u00f1os que muri\u00f3 en un hotel alojamiento."},"content":{"rendered":"\n<p><strong><em>El informe preliminar de la autopsia de Luciana Sequeira, la joven de 17 a\u00f1os, que falleci\u00f3 el jueves pasado luego de agonizar tres d\u00edas tras ser encontrada desangr\u00e1ndose en la habitaci\u00f3n de un hotel alojamiento de Santiago del Estero, subrayar\u00eda la existencia de desgarros, cortes y quemaduras en la adolescente. Por la muerte de la adolescente, un compa\u00f1ero de escuela est\u00e1 detenido.<\/em><\/strong><\/p>\n\n\n\n<p>No obstante, en el marco de la causa que investiga la muerte de la joven, la defensa de la familia de la v\u00edctima, Nuria Kippes, sostuvo que el encargado del albergue transitorio, al que la menor ingres\u00f3 con el arrestado, no dijo todo lo que vio y escuch\u00f3. A su vez, manifest\u00f3 que solicitar\u00e1 un informe a las empresas de telefon\u00eda celular de Luciana y del sujeto que est\u00e1 detenido por el crimen, seg\u00fan consign\u00f3 \u00abEl Liberal\u00bb. Tambi\u00e9n pedir\u00e1 testimonios de m\u00e9dicos, amigas cercanas de Luciana que conoc\u00edan su d\u00eda a d\u00eda.<\/p>\n\n\n\n<p>\u201cSeremos celosos custodios defensores de los derechos de Luciana (Sequeira)\u00bb, dijo Kippes, quien a su vez expres\u00f3 que es fundamental, \u00abla preservaci\u00f3n de los celulares de la joven muerta y del imputado. \u00abSolo las empresas de telefon\u00eda pueden aportarnos todo el contenido, e inclusive recuperar aquello que eventualmente pudiese hacer sido borrado\u2026\u201d, agreg\u00f3<\/p>\n\n\n\n<p>\u201cAsumimos que la cadena de custodia es la efectiva, tal cual emana del protocolo judicial, de modo que cuando se haga la apertura de los aparatos, nadie vaya a objetar o impugnar la prueba\u201d, se\u00f1al\u00f3 la querellante.<\/p>\n\n\n\n<p>De tal manera, la abogada revel\u00f3 que pedir\u00e1 a la fiscal Vanina Aguilera los testimonios de al menos media docena de personas: \u201cEn especial, necesitamos el testimonio del due\u00f1o de la vivienda en la que fue vista por \u00faltima vez Luciana\u201d.<\/p>\n\n\n\n<p>En esa l\u00ednea, la letrada tambi\u00e9n requerir\u00e1 el testimonio de la prima que acompa\u00f1\u00f3 a la joven cuando \u201cse fue en su moto a comprar con la Tarjeta Alimentar y en busca de una cartilla\u201d.<\/p>\n\n\n\n<p>\u00abEs vital reconstruir qu\u00e9 pas\u00f3 entre las 18 y casi las 20, en que el due\u00f1o de la habitaci\u00f3n llam\u00f3 a la polic\u00eda y alert\u00f3 al Hospital de Villa Atamisqui\u201d, dijo Kippes y agreg\u00f3 que habr\u00eda \u201ccasi dos horas en que la joven estuvo desaparecida, hasta que un amigo del hospital inform\u00f3 al pap\u00e1 sobre el ingreso de una joven con las mismas caracter\u00edsticas que su hija\u201d.<\/p>\n\n\n\n<p>Por otra parte, la fiscal Vanina Aguilera que lleva adelante la causa, este martes a las 9.30 recibir\u00e1 a los padres de la v\u00edctima para informarles los resultados preliminares de la autopsia.<\/p>\n\n\n\n<p>Las mismas fueron realizadas por expertos de la Divisi\u00f3n Criminal\u00edstica, cuyas conclusiones demandar\u00edan al menos 10 d\u00edas de trabajo.<\/p>\n\n\n\n<p>No obstante, este martes el imputado ser\u00e1 indagado. El objetivo de la funcionaria es hacerlo con los resultados de la autopsia, an\u00e1lisis de sangre y toxicol\u00f3gicos y huellas en la habitaci\u00f3n.<\/p>\n\n\n\n<p>C\u00f3mo fue la muerte de Luciana:<\/p>\n\n\n\n<p>Seg\u00fan el testimonio que brind\u00f3 el due\u00f1o del lugar, el lunes pasado Luciana ingres\u00f3 al hotel alojamiento con otro menor de edad, que alrededor de las 20 horas se fue solo, sin decir nada. Eso llam\u00f3 la atenci\u00f3n del hombre, que ingres\u00f3 en la habitaci\u00f3n y se encontr\u00f3 con la adolescente\u00bbba\u00f1ada en sangre, con una hemorragia provocada por un corte que ten\u00eda en la zona genital. Adem\u00e1s de las quemaduras que ten\u00eda en distintas partes del cuerpo\u00bb.<\/p>\n\n\n\n<p>Dada la gravedad de las heridas, la joven fue trasladada a hospital Regional de la capital provincial, a donde estuvo internada por tres d\u00edas, y falleci\u00f3 el jueves pasado.<\/p>\n\n\n\n<p><strong>Fuente: Cr\u00f3nica.<\/strong><\/p>\n\n\n\n<h1 class=\"wp-block-heading\"><\/h1>\n","protected":false},"excerpt":{"rendered":"<p>El informe preliminar de la autopsia de Luciana Sequeira, la joven de 17 a\u00f1os, que falleci\u00f3 el jueves pasado luego de agonizar tres d\u00edas tras ser encontrada desangr\u00e1ndose en la habitaci\u00f3n de un hotel alojamiento de Santiago del Estero, subrayar\u00eda la existencia de desgarros, cortes y quemaduras en la adolescente. Por la muerte de la [&hellip;]<\/p>\n","protected":false},"author":2,"featured_media":6182,"comment_status":"open","ping_status":"open","sticky":false,"template":"","format":"standard","meta":{"footnotes":""},"categories":[41],"tags":[],"class_list":["post-6181","post","type-post","status-publish","format-standard","has-post-thumbnail","hentry","category-policiales"],"yoast_head":"<!-- This site is optimized with the Yoast SEO plugin v27.5 - https:\/\/yoast.com\/product\/yoast-seo-wordpress\/ -->\n<title>Detalles exclusivos sobre la autopsia a la chica de 17 a\u00f1os que muri\u00f3 en un hotel alojamiento. | CVI NOTICIAS<\/title>\n<meta name=\"robots\" content=\"index, follow, max-snippet:-1, max-image-preview:large, max-video-preview:-1\" \/>\n<link rel=\"canonical\" href=\"https:\/\/cvinoticias.com\/v3\/detalles-exclusivos-sobre-la-autopsia-a-la-chica-de-17-anos-que-murio-en-un-hotel-alojamiento\/\" \/>\n<meta property=\"og:locale\" content=\"es_ES\" \/>\n<meta property=\"og:type\" content=\"article\" \/>\n<meta property=\"og:title\" content=\"Detalles exclusivos sobre la autopsia a la chica de 17 a\u00f1os que muri\u00f3 en un hotel alojamiento. | CVI NOTICIAS\" \/>\n<meta property=\"og:description\" content=\"El informe preliminar de la autopsia de Luciana Sequeira, la joven de 17 a\u00f1os, que falleci\u00f3 el jueves pasado luego de agonizar tres d\u00edas tras ser encontrada desangr\u00e1ndose en la habitaci\u00f3n de un hotel alojamiento de Santiago del Estero, subrayar\u00eda la existencia de desgarros, cortes y quemaduras en la adolescente. Por la muerte de la [&hellip;]\" \/>\n<meta property=\"og:url\" content=\"https:\/\/cvinoticias.com\/v3\/detalles-exclusivos-sobre-la-autopsia-a-la-chica-de-17-anos-que-murio-en-un-hotel-alojamiento\/\" \/>\n<meta property=\"og:site_name\" content=\"CVI NOTICIAS\" \/>\n<meta property=\"article:publisher\" content=\"https:\/\/www.facebook.com\/cvinoticias\" \/>\n<meta property=\"article:published_time\" content=\"2021-06-22T13:26:42+00:00\" \/>\n<meta property=\"article:modified_time\" content=\"2021-06-22T13:27:43+00:00\" \/>\n<meta property=\"og:image\" content=\"https:\/\/cvinoticias.com\/wp-content\/uploads\/2021\/06\/IMG-20210622-WA0017.jpg\" \/>\n\t<meta property=\"og:image:width\" content=\"360\" \/>\n\t<meta property=\"og:image:height\" content=\"200\" \/>\n\t<meta property=\"og:image:type\" content=\"image\/jpeg\" \/>\n<meta name=\"author\" content=\"f1000024\" \/>\n<meta name=\"twitter:card\" content=\"summary_large_image\" \/>\n<meta name=\"twitter:label1\" content=\"Escrito por\" \/>\n\t<meta name=\"twitter:data1\" content=\"f1000024\" \/>\n\t<meta name=\"twitter:label2\" content=\"Tiempo de lectura\" \/>\n\t<meta name=\"twitter:data2\" content=\"3 minutos\" \/>\n<script type=\"application\/ld+json\" class=\"yoast-schema-graph\">{\"@context\":\"https:\\\/\\\/schema.org\",\"@graph\":[{\"@type\":\"Article\",\"@id\":\"https:\\\/\\\/cvinoticias.com\\\/v3\\\/detalles-exclusivos-sobre-la-autopsia-a-la-chica-de-17-anos-que-murio-en-un-hotel-alojamiento\\\/#article\",\"isPartOf\":{\"@id\":\"https:\\\/\\\/cvinoticias.com\\\/v3\\\/detalles-exclusivos-sobre-la-autopsia-a-la-chica-de-17-anos-que-murio-en-un-hotel-alojamiento\\\/\"},\"author\":{\"name\":\"f1000024\",\"@id\":\"https:\\\/\\\/cvinoticias.com\\\/v3\\\/#\\\/schema\\\/person\\\/2db77e3c6bc03c538495d7b2b8be9b66\"},\"headline\":\"Detalles exclusivos sobre la autopsia a la chica de 17 a\u00f1os que muri\u00f3 en un hotel alojamiento.\",\"datePublished\":\"2021-06-22T13:26:42+00:00\",\"dateModified\":\"2021-06-22T13:27:43+00:00\",\"mainEntityOfPage\":{\"@id\":\"https:\\\/\\\/cvinoticias.com\\\/v3\\\/detalles-exclusivos-sobre-la-autopsia-a-la-chica-de-17-anos-que-murio-en-un-hotel-alojamiento\\\/\"},\"wordCount\":639,\"commentCount\":1,\"publisher\":{\"@id\":\"https:\\\/\\\/cvinoticias.com\\\/v3\\\/#organization\"},\"image\":{\"@id\":\"https:\\\/\\\/cvinoticias.com\\\/v3\\\/detalles-exclusivos-sobre-la-autopsia-a-la-chica-de-17-anos-que-murio-en-un-hotel-alojamiento\\\/#primaryimage\"},\"thumbnailUrl\":\"https:\\\/\\\/cvinoticias.com\\\/wp-content\\\/uploads\\\/2021\\\/06\\\/IMG-20210622-WA0017.jpg\",\"articleSection\":[\"Policiales\"],\"inLanguage\":\"es\",\"potentialAction\":[{\"@type\":\"CommentAction\",\"name\":\"Comment\",\"target\":[\"https:\\\/\\\/cvinoticias.com\\\/v3\\\/detalles-exclusivos-sobre-la-autopsia-a-la-chica-de-17-anos-que-murio-en-un-hotel-alojamiento\\\/#respond\"]}]},{\"@type\":\"WebPage\",\"@id\":\"https:\\\/\\\/cvinoticias.com\\\/v3\\\/detalles-exclusivos-sobre-la-autopsia-a-la-chica-de-17-anos-que-murio-en-un-hotel-alojamiento\\\/\",\"url\":\"https:\\\/\\\/cvinoticias.com\\\/v3\\\/detalles-exclusivos-sobre-la-autopsia-a-la-chica-de-17-anos-que-murio-en-un-hotel-alojamiento\\\/\",\"name\":\"Detalles exclusivos sobre la autopsia a la chica de 17 a\u00f1os que muri\u00f3 en un hotel alojamiento. | CVI NOTICIAS\",\"isPartOf\":{\"@id\":\"https:\\\/\\\/cvinoticias.com\\\/v3\\\/#website\"},\"primaryImageOfPage\":{\"@id\":\"https:\\\/\\\/cvinoticias.com\\\/v3\\\/detalles-exclusivos-sobre-la-autopsia-a-la-chica-de-17-anos-que-murio-en-un-hotel-alojamiento\\\/#primaryimage\"},\"image\":{\"@id\":\"https:\\\/\\\/cvinoticias.com\\\/v3\\\/detalles-exclusivos-sobre-la-autopsia-a-la-chica-de-17-anos-que-murio-en-un-hotel-alojamiento\\\/#primaryimage\"},\"thumbnailUrl\":\"https:\\\/\\\/cvinoticias.com\\\/wp-content\\\/uploads\\\/2021\\\/06\\\/IMG-20210622-WA0017.jpg\",\"datePublished\":\"2021-06-22T13:26:42+00:00\",\"dateModified\":\"2021-06-22T13:27:43+00:00\",\"breadcrumb\":{\"@id\":\"https:\\\/\\\/cvinoticias.com\\\/v3\\\/detalles-exclusivos-sobre-la-autopsia-a-la-chica-de-17-anos-que-murio-en-un-hotel-alojamiento\\\/#breadcrumb\"},\"inLanguage\":\"es\",\"potentialAction\":[{\"@type\":\"ReadAction\",\"target\":[\"https:\\\/\\\/cvinoticias.com\\\/v3\\\/detalles-exclusivos-sobre-la-autopsia-a-la-chica-de-17-anos-que-murio-en-un-hotel-alojamiento\\\/\"]}]},{\"@type\":\"ImageObject\",\"inLanguage\":\"es\",\"@id\":\"https:\\\/\\\/cvinoticias.com\\\/v3\\\/detalles-exclusivos-sobre-la-autopsia-a-la-chica-de-17-anos-que-murio-en-un-hotel-alojamiento\\\/#primaryimage\",\"url\":\"https:\\\/\\\/cvinoticias.com\\\/wp-content\\\/uploads\\\/2021\\\/06\\\/IMG-20210622-WA0017.jpg\",\"contentUrl\":\"https:\\\/\\\/cvinoticias.com\\\/wp-content\\\/uploads\\\/2021\\\/06\\\/IMG-20210622-WA0017.jpg\",\"width\":360,\"height\":200},{\"@type\":\"BreadcrumbList\",\"@id\":\"https:\\\/\\\/cvinoticias.com\\\/v3\\\/detalles-exclusivos-sobre-la-autopsia-a-la-chica-de-17-anos-que-murio-en-un-hotel-alojamiento\\\/#breadcrumb\",\"itemListElement\":[{\"@type\":\"ListItem\",\"position\":1,\"name\":\"Portada\",\"item\":\"https:\\\/\\\/cvinoticias.com\\\/v3\\\/\"},{\"@type\":\"ListItem\",\"position\":2,\"name\":\"Detalles exclusivos sobre la autopsia a la chica de 17 a\u00f1os que muri\u00f3 en un hotel alojamiento.\"}]},{\"@type\":\"WebSite\",\"@id\":\"https:\\\/\\\/cvinoticias.com\\\/v3\\\/#website\",\"url\":\"https:\\\/\\\/cvinoticias.com\\\/v3\\\/\",\"name\":\"CVI NOTICIAS\",\"description\":\"\",\"publisher\":{\"@id\":\"https:\\\/\\\/cvinoticias.com\\\/v3\\\/#organization\"},\"alternateName\":\"CVI\",\"potentialAction\":[{\"@type\":\"SearchAction\",\"target\":{\"@type\":\"EntryPoint\",\"urlTemplate\":\"https:\\\/\\\/cvinoticias.com\\\/v3\\\/?s={search_term_string}\"},\"query-input\":{\"@type\":\"PropertyValueSpecification\",\"valueRequired\":true,\"valueName\":\"search_term_string\"}}],\"inLanguage\":\"es\"},{\"@type\":\"Organization\",\"@id\":\"https:\\\/\\\/cvinoticias.com\\\/v3\\\/#organization\",\"name\":\"CVI NOTICIAS\",\"url\":\"https:\\\/\\\/cvinoticias.com\\\/v3\\\/\",\"logo\":{\"@type\":\"ImageObject\",\"inLanguage\":\"es\",\"@id\":\"https:\\\/\\\/cvinoticias.com\\\/v3\\\/#\\\/schema\\\/logo\\\/image\\\/\",\"url\":\"https:\\\/\\\/cvinoticias.com\\\/wp-content\\\/uploads\\\/2023\\\/04\\\/cropped-cropped-cropped-cropped-cropped-3-1.png\",\"contentUrl\":\"https:\\\/\\\/cvinoticias.com\\\/wp-content\\\/uploads\\\/2023\\\/04\\\/cropped-cropped-cropped-cropped-cropped-3-1.png\",\"width\":95,\"height\":122,\"caption\":\"CVI NOTICIAS\"},\"image\":{\"@id\":\"https:\\\/\\\/cvinoticias.com\\\/v3\\\/#\\\/schema\\\/logo\\\/image\\\/\"},\"sameAs\":[\"https:\\\/\\\/www.facebook.com\\\/cvinoticias\",\"https:\\\/\\\/www.instagram.com\\\/cvinoticias\\\/\",\"https:\\\/\\\/www.youtube.com\\\/@CVINOTICIAS\"]},{\"@type\":\"Person\",\"@id\":\"https:\\\/\\\/cvinoticias.com\\\/v3\\\/#\\\/schema\\\/person\\\/2db77e3c6bc03c538495d7b2b8be9b66\",\"name\":\"f1000024\",\"image\":{\"@type\":\"ImageObject\",\"inLanguage\":\"es\",\"@id\":\"https:\\\/\\\/secure.gravatar.com\\\/avatar\\\/d4fe7459cfc51ff5129ce1a732bbef5928568b8092d412ef95611616376bbeed?s=96&d=mm&r=g\",\"url\":\"https:\\\/\\\/secure.gravatar.com\\\/avatar\\\/d4fe7459cfc51ff5129ce1a732bbef5928568b8092d412ef95611616376bbeed?s=96&d=mm&r=g\",\"contentUrl\":\"https:\\\/\\\/secure.gravatar.com\\\/avatar\\\/d4fe7459cfc51ff5129ce1a732bbef5928568b8092d412ef95611616376bbeed?s=96&d=mm&r=g\",\"caption\":\"f1000024\"},\"url\":\"https:\\\/\\\/cvinoticias.com\\\/v3\\\/author\\\/f1000024\\\/\"}]}<\/script>\n<!-- \/ Yoast SEO plugin. -->","yoast_head_json":{"title":"Detalles exclusivos sobre la autopsia a la chica de 17 a\u00f1os que muri\u00f3 en un hotel alojamiento. | CVI NOTICIAS","robots":{"index":"index","follow":"follow","max-snippet":"max-snippet:-1","max-image-preview":"max-image-preview:large","max-video-preview":"max-video-preview:-1"},"canonical":"https:\/\/cvinoticias.com\/v3\/detalles-exclusivos-sobre-la-autopsia-a-la-chica-de-17-anos-que-murio-en-un-hotel-alojamiento\/","og_locale":"es_ES","og_type":"article","og_title":"Detalles exclusivos sobre la autopsia a la chica de 17 a\u00f1os que muri\u00f3 en un hotel alojamiento. | CVI NOTICIAS","og_description":"El informe preliminar de la autopsia de Luciana Sequeira, la joven de 17 a\u00f1os, que falleci\u00f3 el jueves pasado luego de agonizar tres d\u00edas tras ser encontrada desangr\u00e1ndose en la habitaci\u00f3n de un hotel alojamiento de Santiago del Estero, subrayar\u00eda la existencia de desgarros, cortes y quemaduras en la adolescente. Por la muerte de la [&hellip;]","og_url":"https:\/\/cvinoticias.com\/v3\/detalles-exclusivos-sobre-la-autopsia-a-la-chica-de-17-anos-que-murio-en-un-hotel-alojamiento\/","og_site_name":"CVI NOTICIAS","article_publisher":"https:\/\/www.facebook.com\/cvinoticias","article_published_time":"2021-06-22T13:26:42+00:00","article_modified_time":"2021-06-22T13:27:43+00:00","og_image":[{"width":360,"height":200,"url":"https:\/\/cvinoticias.com\/wp-content\/uploads\/2021\/06\/IMG-20210622-WA0017.jpg","type":"image\/jpeg"}],"author":"f1000024","twitter_card":"summary_large_image","twitter_misc":{"Escrito por":"f1000024","Tiempo de lectura":"3 minutos"},"schema":{"@context":"https:\/\/schema.org","@graph":[{"@type":"Article","@id":"https:\/\/cvinoticias.com\/v3\/detalles-exclusivos-sobre-la-autopsia-a-la-chica-de-17-anos-que-murio-en-un-hotel-alojamiento\/#article","isPartOf":{"@id":"https:\/\/cvinoticias.com\/v3\/detalles-exclusivos-sobre-la-autopsia-a-la-chica-de-17-anos-que-murio-en-un-hotel-alojamiento\/"},"author":{"name":"f1000024","@id":"https:\/\/cvinoticias.com\/v3\/#\/schema\/person\/2db77e3c6bc03c538495d7b2b8be9b66"},"headline":"Detalles exclusivos sobre la autopsia a la chica de 17 a\u00f1os que muri\u00f3 en un hotel alojamiento.","datePublished":"2021-06-22T13:26:42+00:00","dateModified":"2021-06-22T13:27:43+00:00","mainEntityOfPage":{"@id":"https:\/\/cvinoticias.com\/v3\/detalles-exclusivos-sobre-la-autopsia-a-la-chica-de-17-anos-que-murio-en-un-hotel-alojamiento\/"},"wordCount":639,"commentCount":1,"publisher":{"@id":"https:\/\/cvinoticias.com\/v3\/#organization"},"image":{"@id":"https:\/\/cvinoticias.com\/v3\/detalles-exclusivos-sobre-la-autopsia-a-la-chica-de-17-anos-que-murio-en-un-hotel-alojamiento\/#primaryimage"},"thumbnailUrl":"https:\/\/cvinoticias.com\/wp-content\/uploads\/2021\/06\/IMG-20210622-WA0017.jpg","articleSection":["Policiales"],"inLanguage":"es","potentialAction":[{"@type":"CommentAction","name":"Comment","target":["https:\/\/cvinoticias.com\/v3\/detalles-exclusivos-sobre-la-autopsia-a-la-chica-de-17-anos-que-murio-en-un-hotel-alojamiento\/#respond"]}]},{"@type":"WebPage","@id":"https:\/\/cvinoticias.com\/v3\/detalles-exclusivos-sobre-la-autopsia-a-la-chica-de-17-anos-que-murio-en-un-hotel-alojamiento\/","url":"https:\/\/cvinoticias.com\/v3\/detalles-exclusivos-sobre-la-autopsia-a-la-chica-de-17-anos-que-murio-en-un-hotel-alojamiento\/","name":"Detalles exclusivos sobre la autopsia a la chica de 17 a\u00f1os que muri\u00f3 en un hotel alojamiento. | CVI NOTICIAS","isPartOf":{"@id":"https:\/\/cvinoticias.com\/v3\/#website"},"primaryImageOfPage":{"@id":"https:\/\/cvinoticias.com\/v3\/detalles-exclusivos-sobre-la-autopsia-a-la-chica-de-17-anos-que-murio-en-un-hotel-alojamiento\/#primaryimage"},"image":{"@id":"https:\/\/cvinoticias.com\/v3\/detalles-exclusivos-sobre-la-autopsia-a-la-chica-de-17-anos-que-murio-en-un-hotel-alojamiento\/#primaryimage"},"thumbnailUrl":"https:\/\/cvinoticias.com\/wp-content\/uploads\/2021\/06\/IMG-20210622-WA0017.jpg","datePublished":"2021-06-22T13:26:42+00:00","dateModified":"2021-06-22T13:27:43+00:00","breadcrumb":{"@id":"https:\/\/cvinoticias.com\/v3\/detalles-exclusivos-sobre-la-autopsia-a-la-chica-de-17-anos-que-murio-en-un-hotel-alojamiento\/#breadcrumb"},"inLanguage":"es","potentialAction":[{"@type":"ReadAction","target":["https:\/\/cvinoticias.com\/v3\/detalles-exclusivos-sobre-la-autopsia-a-la-chica-de-17-anos-que-murio-en-un-hotel-alojamiento\/"]}]},{"@type":"ImageObject","inLanguage":"es","@id":"https:\/\/cvinoticias.com\/v3\/detalles-exclusivos-sobre-la-autopsia-a-la-chica-de-17-anos-que-murio-en-un-hotel-alojamiento\/#primaryimage","url":"https:\/\/cvinoticias.com\/wp-content\/uploads\/2021\/06\/IMG-20210622-WA0017.jpg","contentUrl":"https:\/\/cvinoticias.com\/wp-content\/uploads\/2021\/06\/IMG-20210622-WA0017.jpg","width":360,"height":200},{"@type":"BreadcrumbList","@id":"https:\/\/cvinoticias.com\/v3\/detalles-exclusivos-sobre-la-autopsia-a-la-chica-de-17-anos-que-murio-en-un-hotel-alojamiento\/#breadcrumb","itemListElement":[{"@type":"ListItem","position":1,"name":"Portada","item":"https:\/\/cvinoticias.com\/v3\/"},{"@type":"ListItem","position":2,"name":"Detalles exclusivos sobre la autopsia a la chica de 17 a\u00f1os que muri\u00f3 en un hotel alojamiento."}]},{"@type":"WebSite","@id":"https:\/\/cvinoticias.com\/v3\/#website","url":"https:\/\/cvinoticias.com\/v3\/","name":"CVI NOTICIAS","description":"","publisher":{"@id":"https:\/\/cvinoticias.com\/v3\/#organization"},"alternateName":"CVI","potentialAction":[{"@type":"SearchAction","target":{"@type":"EntryPoint","urlTemplate":"https:\/\/cvinoticias.com\/v3\/?s={search_term_string}"},"query-input":{"@type":"PropertyValueSpecification","valueRequired":true,"valueName":"search_term_string"}}],"inLanguage":"es"},{"@type":"Organization","@id":"https:\/\/cvinoticias.com\/v3\/#organization","name":"CVI NOTICIAS","url":"https:\/\/cvinoticias.com\/v3\/","logo":{"@type":"ImageObject","inLanguage":"es","@id":"https:\/\/cvinoticias.com\/v3\/#\/schema\/logo\/image\/","url":"https:\/\/cvinoticias.com\/wp-content\/uploads\/2023\/04\/cropped-cropped-cropped-cropped-cropped-3-1.png","contentUrl":"https:\/\/cvinoticias.com\/wp-content\/uploads\/2023\/04\/cropped-cropped-cropped-cropped-cropped-3-1.png","width":95,"height":122,"caption":"CVI NOTICIAS"},"image":{"@id":"https:\/\/cvinoticias.com\/v3\/#\/schema\/logo\/image\/"},"sameAs":["https:\/\/www.facebook.com\/cvinoticias","https:\/\/www.instagram.com\/cvinoticias\/","https:\/\/www.youtube.com\/@CVINOTICIAS"]},{"@type":"Person","@id":"https:\/\/cvinoticias.com\/v3\/#\/schema\/person\/2db77e3c6bc03c538495d7b2b8be9b66","name":"f1000024","image":{"@type":"ImageObject","inLanguage":"es","@id":"https:\/\/secure.gravatar.com\/avatar\/d4fe7459cfc51ff5129ce1a732bbef5928568b8092d412ef95611616376bbeed?s=96&d=mm&r=g","url":"https:\/\/secure.gravatar.com\/avatar\/d4fe7459cfc51ff5129ce1a732bbef5928568b8092d412ef95611616376bbeed?s=96&d=mm&r=g","contentUrl":"https:\/\/secure.gravatar.com\/avatar\/d4fe7459cfc51ff5129ce1a732bbef5928568b8092d412ef95611616376bbeed?s=96&d=mm&r=g","caption":"f1000024"},"url":"https:\/\/cvinoticias.com\/v3\/author\/f1000024\/"}]}},"_links":{"self":[{"href":"https:\/\/cvinoticias.com\/v3\/wp-json\/wp\/v2\/posts\/6181","targetHints":{"allow":["GET"]}}],"collection":[{"href":"https:\/\/cvinoticias.com\/v3\/wp-json\/wp\/v2\/posts"}],"about":[{"href":"https:\/\/cvinoticias.com\/v3\/wp-json\/wp\/v2\/types\/post"}],"author":[{"embeddable":true,"href":"https:\/\/cvinoticias.com\/v3\/wp-json\/wp\/v2\/users\/2"}],"replies":[{"embeddable":true,"href":"https:\/\/cvinoticias.com\/v3\/wp-json\/wp\/v2\/comments?post=6181"}],"version-history":[{"count":2,"href":"https:\/\/cvinoticias.com\/v3\/wp-json\/wp\/v2\/posts\/6181\/revisions"}],"predecessor-version":[{"id":6184,"href":"https:\/\/cvinoticias.com\/v3\/wp-json\/wp\/v2\/posts\/6181\/revisions\/6184"}],"wp:featuredmedia":[{"embeddable":true,"href":"https:\/\/cvinoticias.com\/v3\/wp-json\/wp\/v2\/media\/6182"}],"wp:attachment":[{"href":"https:\/\/cvinoticias.com\/v3\/wp-json\/wp\/v2\/media?parent=6181"}],"wp:term":[{"taxonomy":"category","embeddable":true,"href":"https:\/\/cvinoticias.com\/v3\/wp-json\/wp\/v2\/categories?post=6181"},{"taxonomy":"post_tag","embeddable":true,"href":"https:\/\/cvinoticias.com\/v3\/wp-json\/wp\/v2\/tags?post=6181"}],"curies":[{"name":"wp","href":"https:\/\/api.w.org\/{rel}","templated":true}]}}