{"id":6169,"date":"2021-06-22T11:11:24","date_gmt":"2021-06-22T11:11:24","guid":{"rendered":"https:\/\/cvinoticias.com\/v3\/?p=6169"},"modified":"2021-06-22T11:11:24","modified_gmt":"2021-06-22T11:11:24","slug":"gremios-estatales-piden-paritaria-salarial-acorde-a-la-inflacion","status":"publish","type":"post","link":"https:\/\/cvinoticias.com\/v3\/gremios-estatales-piden-paritaria-salarial-acorde-a-la-inflacion\/","title":{"rendered":"Gremios estatales piden paritaria salarial \u201cacorde a la inflaci\u00f3n\u201d"},"content":{"rendered":"\n<p><strong><em>Desde ATE y UPCN consideraron que la recomposici\u00f3n podr\u00eda ser importante por el nivel de recaudaci\u00f3n de la provincia.<\/em><\/strong><\/p>\n\n\n\n<p>Los gremios que representan a los trabajadores provinciales opinaron sobre\u00a0el 20% de incremento salarial que ofrecer\u00eda el Gobierno de Misiones a los estatales en el reinicio de las paritarias\u00a0para el segundo semestre del a\u00f1o.<\/p>\n\n\n\n<p>Coincidieron en pedir que la oferta est\u00e9\u00a0a la altura de la inflaci\u00f3n en el pa\u00eds, que por el momento est\u00e1 estimada en un 50% para 2021.<\/p>\n\n\n\n<p>Al respecto,\u00a0Jorge Gim\u00e9nez, secretario general en la provincia por parte de la Uni\u00f3n del Personal Civil de la Naci\u00f3n (UPCN), record\u00f3 que \u201ca principio de a\u00f1o nosotros tuvimos tratativas avanzadas para cubrir el primer semestre. Pero eso qued\u00f3 abierto para el segundo semestre por la variaci\u00f3n de los precios de las canastas de consumo de los hogares, en las cuales se dieron subas de precios muy importantes y es lo que m\u00e1s impacta en la econom\u00eda de los hogares de los trabajadores\u201d.<\/p>\n\n\n\n<p>As\u00ed, sostuvo que \u201cla inflaci\u00f3n devora todo lo que cuesta y se consigue en paritarias, discusiones y mesas de trabajo. Por culpa de la inflaci\u00f3n se va todo a la borda, entonces es muy dif\u00edcil pactar y negociar los salarios en esas condiciones\u201d.<\/p>\n\n\n\n<p>En relaci\u00f3n a la negociaci\u00f3n con el Gobierno y la expectativa del resultado, cont\u00f3: \u201cVenimos trabajando y haciendo propuestas, consideramos que\u00a0el aumento salarial deber\u00eda ser m\u00e1s que un 20%. Esta semana seguiremos en contacto con el ministro de Hacienda, Adolfo Safr\u00e1n, para avanzar con esto\u201d.<\/p>\n\n\n\n<p>\u201cL\u00f3gicamente habr\u00e1 una recomposici\u00f3n salarial, lo que pretendemos es que sea en niveles que acompa\u00f1en a la evoluci\u00f3n de la inflaci\u00f3n, que es importante y golpea a los trabajadores\u201d, dijo y a\u00f1adi\u00f3: \u201cEntendemos que hay otras prioridades como la salud, pero creemos que con las finanzas del Estado se estar\u00eda en condiciones de acceder a una buena recomposici\u00f3n salarial para los sectores m\u00e1s vulnerables\u201d.<\/p>\n\n\n\n<p>Por ello, tomando en cuenta los valores de la recaudaci\u00f3n interna y coparticipaci\u00f3n que fue recibiendo la Provincia, Gim\u00e9nez destac\u00f3: \u201cComparando con otras provincias, a nuestro sistema tributario le va bien. Aunque no refleja toda la realidad porque la econom\u00eda de todos los sectores est\u00e1 reducida,\u00a0por suerte la mayor\u00eda de las actividades econ\u00f3micas est\u00e1n en funcionamiento\u201d.<\/p>\n\n\n\n<p>\u201cLa pandemia trae mucha tristeza y dolor en lo sanitario, pero tambi\u00e9n por el tema del cierre del puente favoreci\u00f3 a los comercios. Eso permite que la plata circule en Misiones\u201d, opin\u00f3 y complet\u00f3: \u201cPese a que las actividades no est\u00e1n en \u00f3ptimas condiciones como en \u00e9pocas normales, vemos que, dentro de todo este contexto, la recaudaci\u00f3n tributaria mejor\u00f3 y sigue siendo eficiente. Por eso decimos que\u00a0hay margen para, por lo menos, equiparar la inflaci\u00f3n y tratar incluso de superarla con los sueldos estatales\u201d.<\/p>\n\n\n\n<h5 class=\"wp-block-heading\">Llegar a un 30% de suba<\/h5>\n\n\n\n<p>Por su parte,\u00a0Jorge \u201cKoki\u201d Duarte, secretario general en Misiones de la Asociaci\u00f3n de Trabajadores del Estado (ATE), reconoci\u00f3, sobre la posible propuesta de un 20%, que \u201calgunos funcionarios del Gobierno vienen hablando de ese porcentaje de aumento para la administraci\u00f3n p\u00fablica provincial. Pero tenemos\u00a0expectativas de alcanzar montos mayores\u201d.<\/p>\n\n\n\n<p>En el mismo sentido aclar\u00f3 que \u201ces dif\u00edcil hablar en t\u00e9rminos de porcentajes porque\u00a0hay sectores que est\u00e1n con sueldos muy bajos, cobrando lo m\u00ednimo,\u00a0con 40 mil pesos; en cambio hay otras reparticiones que tienen ingresos superiores a los 80 mil pesos. La Administraci\u00f3n Central, Registro de las Personas, Ecolog\u00eda, Salud y alg\u00fan sector docente, son los que est\u00e1n con ingresos muy bajos\u201d.<\/p>\n\n\n\n<p>A modo general, indic\u00f3: \u201cTenemos presente lo dicho en su momento por el Ejecutivo provincial y el Ministerio de Hacienda sobre que\u00a0este a\u00f1o le deber\u00edamos ganar a la inflaci\u00f3n con los salarios. Y teniendo en cuenta los \u00edndices inflacionarios alcanzados en este primer semestre, vamos a culminar un a\u00f1o pisando el 50%, y eso har\u00eda que\u00a0al incremento del 20% de la primera parte del a\u00f1o si se le suma otro 20% no se estar\u00eda cumpliendo con el primer objetivo\u201d.<\/p>\n\n\n\n<p>\u201cNosotros queremos ganarle a la inflaci\u00f3n. La suba de precios en las mercader\u00edas, y principalmente en la alimentaci\u00f3n, se ha elevado mucho, y tira por el sueldo a los salarios. Pensar en un incremento para el pr\u00f3ximo semestre ser\u00eda para superar, o al menos alcanzar,\u00a0un 30% m\u00e1s\u201d, advirti\u00f3 Duarte de ATE.<\/p>\n\n\n\n<p>Al mismo tiempo remarc\u00f3 que \u201cen este a\u00f1o la recaudaci\u00f3n de la provincia se ha incrementado de forma importante, seg\u00fan manifestaron desde el propio Ministerio de Hacienda.\u00a0Hace falta una redistribuci\u00f3n m\u00e1s justa de la renta en la provincia\u201d.<\/p>\n\n\n\n<p>\u201cAnte las versiones que corren en Casa de Gobierno, todav\u00eda no hemos hablado con ning\u00fan funcionario de primera l\u00ednea para ver si son veraces\u201d, afirm\u00f3 \u201cKoki\u201d Duarte y agreg\u00f3 que el objetivo principal es \u201cver si el ingreso de los trabajadores puede tener una paridad con la p\u00e9rdida que hemos sufrido en el primer semestre y lo que se viene perdiendo desde el a\u00f1o pasado\u201d.<\/p>\n\n\n\n<p>Consultado por la\u00a0cifra del piso salarial\u00a0al que se aspira llegar, Duarte evalu\u00f3 que \u201cel monto es un tema muy discutido y est\u00e1 en debate.\u00a0Desde el INDEC establecen una canasta b\u00e1sica familiar para la regi\u00f3n que se ubica cerca de los 90 mil pesos pr\u00e1cticamente, y generalmente los salarios nunca se ubicaron en torno a esos valores, pero s\u00ed se alcanz\u00f3 un 60% o 70%, por eso queremos lograr una base que se aproxime a esos valores.\u00a0El piso que se podr\u00eda aceptar es un 70% de ese valor\u00a0de la canasta b\u00e1sica\u201d.<\/p>\n\n\n\n<p>A su vez,\u00a0Mirta Ramos, integrante del Consejo Directivo Provincial de\u00a0ATE, subray\u00f3 que \u201cpara estos momentos dif\u00edciles que estamos atravesando los trabajadores de distintos sectores,\u00a0ese monto del 20% de incremento sigue siendo insuficiente\u201d.<\/p>\n\n\n\n<p>\u201cSabemos de la lucha docente y del sector de salud con sus reclamos, pero siempre los que terminan obteniendo mejores aumentos salariales son los de las fuerzas de seguridad, lo cual trae desigualdades\u00a0con los dem\u00e1s sectores\u201d, cuestion\u00f3 y aclar\u00f3 que \u201ccuando se habla de la administraci\u00f3n p\u00fablica s\u00f3lo se incluye a los provinciales.\u00a0Los municipales siempre quedan en desigualdad ya que no existe un decreto provincial que exija a los intendentes a cumplir con esos aumentos salariales\u201d.<\/p>\n\n\n\n<p>Finalmente\u00a0Miriam L\u00f3pez, secretaria adjunta de\u00a0ATE, expres\u00f3: \u201cCon esta inflaci\u00f3n galopante, y algunos temas sectoriales que a\u00fan estamos esperando que se resuelvan,\u00a0un 20% es insuficiente. Hay que tener en cuenta que\u00a0hay muchos empleados que no llegaron al so\u00f1ado piso. Todav\u00eda hay trabajadores muy precarizados en el Estado\u201d.<\/p>\n\n\n\n<p><strong><em>Fuente: Primera Edici\u00f3n <\/em><\/strong><\/p>\n\n\n\n<p><\/p>\n","protected":false},"excerpt":{"rendered":"<p>Desde ATE y UPCN consideraron que la recomposici\u00f3n podr\u00eda ser importante por el nivel de recaudaci\u00f3n de la provincia. Los gremios que representan a los trabajadores provinciales opinaron sobre\u00a0el 20% de incremento salarial que ofrecer\u00eda el Gobierno de Misiones a los estatales en el reinicio de las paritarias\u00a0para el segundo semestre del a\u00f1o. Coincidieron en [&hellip;]<\/p>\n","protected":false},"author":2,"featured_media":6170,"comment_status":"open","ping_status":"open","sticky":false,"template":"","format":"standard","meta":{"footnotes":""},"categories":[35],"tags":[],"class_list":["post-6169","post","type-post","status-publish","format-standard","has-post-thumbnail","hentry","category-informacion-general"],"yoast_head":"<!-- This site is optimized with the Yoast SEO plugin v27.5 - https:\/\/yoast.com\/product\/yoast-seo-wordpress\/ -->\n<title>Gremios estatales piden paritaria salarial \u201cacorde a la inflaci\u00f3n\u201d | CVI NOTICIAS<\/title>\n<meta name=\"robots\" content=\"index, follow, max-snippet:-1, max-image-preview:large, max-video-preview:-1\" \/>\n<link rel=\"canonical\" href=\"https:\/\/cvinoticias.com\/v3\/gremios-estatales-piden-paritaria-salarial-acorde-a-la-inflacion\/\" \/>\n<meta property=\"og:locale\" content=\"es_ES\" \/>\n<meta property=\"og:type\" content=\"article\" \/>\n<meta property=\"og:title\" content=\"Gremios estatales piden paritaria salarial \u201cacorde a la inflaci\u00f3n\u201d | CVI NOTICIAS\" \/>\n<meta property=\"og:description\" content=\"Desde ATE y UPCN consideraron que la recomposici\u00f3n podr\u00eda ser importante por el nivel de recaudaci\u00f3n de la provincia. Los gremios que representan a los trabajadores provinciales opinaron sobre\u00a0el 20% de incremento salarial que ofrecer\u00eda el Gobierno de Misiones a los estatales en el reinicio de las paritarias\u00a0para el segundo semestre del a\u00f1o. Coincidieron en [&hellip;]\" \/>\n<meta property=\"og:url\" content=\"https:\/\/cvinoticias.com\/v3\/gremios-estatales-piden-paritaria-salarial-acorde-a-la-inflacion\/\" \/>\n<meta property=\"og:site_name\" content=\"CVI NOTICIAS\" \/>\n<meta property=\"article:publisher\" content=\"https:\/\/www.facebook.com\/cvinoticias\" \/>\n<meta property=\"article:published_time\" content=\"2021-06-22T11:11:24+00:00\" \/>\n<meta property=\"og:image\" content=\"https:\/\/cvinoticias.com\/wp-content\/uploads\/2021\/06\/1623131547053.jpg\" \/>\n\t<meta property=\"og:image:width\" content=\"1024\" \/>\n\t<meta property=\"og:image:height\" content=\"790\" \/>\n\t<meta property=\"og:image:type\" content=\"image\/jpeg\" \/>\n<meta name=\"author\" content=\"f1000024\" \/>\n<meta name=\"twitter:card\" content=\"summary_large_image\" \/>\n<meta name=\"twitter:label1\" content=\"Escrito por\" \/>\n\t<meta name=\"twitter:data1\" content=\"f1000024\" \/>\n\t<meta name=\"twitter:label2\" content=\"Tiempo de lectura\" \/>\n\t<meta name=\"twitter:data2\" content=\"6 minutos\" \/>\n<script type=\"application\/ld+json\" class=\"yoast-schema-graph\">{\"@context\":\"https:\\\/\\\/schema.org\",\"@graph\":[{\"@type\":\"Article\",\"@id\":\"https:\\\/\\\/cvinoticias.com\\\/v3\\\/gremios-estatales-piden-paritaria-salarial-acorde-a-la-inflacion\\\/#article\",\"isPartOf\":{\"@id\":\"https:\\\/\\\/cvinoticias.com\\\/v3\\\/gremios-estatales-piden-paritaria-salarial-acorde-a-la-inflacion\\\/\"},\"author\":{\"name\":\"f1000024\",\"@id\":\"https:\\\/\\\/cvinoticias.com\\\/v3\\\/#\\\/schema\\\/person\\\/2db77e3c6bc03c538495d7b2b8be9b66\"},\"headline\":\"Gremios estatales piden paritaria salarial \u201cacorde a la inflaci\u00f3n\u201d\",\"datePublished\":\"2021-06-22T11:11:24+00:00\",\"mainEntityOfPage\":{\"@id\":\"https:\\\/\\\/cvinoticias.com\\\/v3\\\/gremios-estatales-piden-paritaria-salarial-acorde-a-la-inflacion\\\/\"},\"wordCount\":1162,\"commentCount\":0,\"publisher\":{\"@id\":\"https:\\\/\\\/cvinoticias.com\\\/v3\\\/#organization\"},\"image\":{\"@id\":\"https:\\\/\\\/cvinoticias.com\\\/v3\\\/gremios-estatales-piden-paritaria-salarial-acorde-a-la-inflacion\\\/#primaryimage\"},\"thumbnailUrl\":\"https:\\\/\\\/cvinoticias.com\\\/wp-content\\\/uploads\\\/2021\\\/06\\\/1623131547053.jpg\",\"articleSection\":[\"Informaci\u00f3n General\"],\"inLanguage\":\"es\",\"potentialAction\":[{\"@type\":\"CommentAction\",\"name\":\"Comment\",\"target\":[\"https:\\\/\\\/cvinoticias.com\\\/v3\\\/gremios-estatales-piden-paritaria-salarial-acorde-a-la-inflacion\\\/#respond\"]}]},{\"@type\":\"WebPage\",\"@id\":\"https:\\\/\\\/cvinoticias.com\\\/v3\\\/gremios-estatales-piden-paritaria-salarial-acorde-a-la-inflacion\\\/\",\"url\":\"https:\\\/\\\/cvinoticias.com\\\/v3\\\/gremios-estatales-piden-paritaria-salarial-acorde-a-la-inflacion\\\/\",\"name\":\"Gremios estatales piden paritaria salarial \u201cacorde a la inflaci\u00f3n\u201d | CVI NOTICIAS\",\"isPartOf\":{\"@id\":\"https:\\\/\\\/cvinoticias.com\\\/v3\\\/#website\"},\"primaryImageOfPage\":{\"@id\":\"https:\\\/\\\/cvinoticias.com\\\/v3\\\/gremios-estatales-piden-paritaria-salarial-acorde-a-la-inflacion\\\/#primaryimage\"},\"image\":{\"@id\":\"https:\\\/\\\/cvinoticias.com\\\/v3\\\/gremios-estatales-piden-paritaria-salarial-acorde-a-la-inflacion\\\/#primaryimage\"},\"thumbnailUrl\":\"https:\\\/\\\/cvinoticias.com\\\/wp-content\\\/uploads\\\/2021\\\/06\\\/1623131547053.jpg\",\"datePublished\":\"2021-06-22T11:11:24+00:00\",\"breadcrumb\":{\"@id\":\"https:\\\/\\\/cvinoticias.com\\\/v3\\\/gremios-estatales-piden-paritaria-salarial-acorde-a-la-inflacion\\\/#breadcrumb\"},\"inLanguage\":\"es\",\"potentialAction\":[{\"@type\":\"ReadAction\",\"target\":[\"https:\\\/\\\/cvinoticias.com\\\/v3\\\/gremios-estatales-piden-paritaria-salarial-acorde-a-la-inflacion\\\/\"]}]},{\"@type\":\"ImageObject\",\"inLanguage\":\"es\",\"@id\":\"https:\\\/\\\/cvinoticias.com\\\/v3\\\/gremios-estatales-piden-paritaria-salarial-acorde-a-la-inflacion\\\/#primaryimage\",\"url\":\"https:\\\/\\\/cvinoticias.com\\\/wp-content\\\/uploads\\\/2021\\\/06\\\/1623131547053.jpg\",\"contentUrl\":\"https:\\\/\\\/cvinoticias.com\\\/wp-content\\\/uploads\\\/2021\\\/06\\\/1623131547053.jpg\",\"width\":1024,\"height\":790},{\"@type\":\"BreadcrumbList\",\"@id\":\"https:\\\/\\\/cvinoticias.com\\\/v3\\\/gremios-estatales-piden-paritaria-salarial-acorde-a-la-inflacion\\\/#breadcrumb\",\"itemListElement\":[{\"@type\":\"ListItem\",\"position\":1,\"name\":\"Portada\",\"item\":\"https:\\\/\\\/cvinoticias.com\\\/v3\\\/\"},{\"@type\":\"ListItem\",\"position\":2,\"name\":\"Gremios estatales piden paritaria salarial \u201cacorde a la inflaci\u00f3n\u201d\"}]},{\"@type\":\"WebSite\",\"@id\":\"https:\\\/\\\/cvinoticias.com\\\/v3\\\/#website\",\"url\":\"https:\\\/\\\/cvinoticias.com\\\/v3\\\/\",\"name\":\"CVI NOTICIAS\",\"description\":\"\",\"publisher\":{\"@id\":\"https:\\\/\\\/cvinoticias.com\\\/v3\\\/#organization\"},\"alternateName\":\"CVI\",\"potentialAction\":[{\"@type\":\"SearchAction\",\"target\":{\"@type\":\"EntryPoint\",\"urlTemplate\":\"https:\\\/\\\/cvinoticias.com\\\/v3\\\/?s={search_term_string}\"},\"query-input\":{\"@type\":\"PropertyValueSpecification\",\"valueRequired\":true,\"valueName\":\"search_term_string\"}}],\"inLanguage\":\"es\"},{\"@type\":\"Organization\",\"@id\":\"https:\\\/\\\/cvinoticias.com\\\/v3\\\/#organization\",\"name\":\"CVI NOTICIAS\",\"url\":\"https:\\\/\\\/cvinoticias.com\\\/v3\\\/\",\"logo\":{\"@type\":\"ImageObject\",\"inLanguage\":\"es\",\"@id\":\"https:\\\/\\\/cvinoticias.com\\\/v3\\\/#\\\/schema\\\/logo\\\/image\\\/\",\"url\":\"https:\\\/\\\/cvinoticias.com\\\/wp-content\\\/uploads\\\/2023\\\/04\\\/cropped-cropped-cropped-cropped-cropped-3-1.png\",\"contentUrl\":\"https:\\\/\\\/cvinoticias.com\\\/wp-content\\\/uploads\\\/2023\\\/04\\\/cropped-cropped-cropped-cropped-cropped-3-1.png\",\"width\":95,\"height\":122,\"caption\":\"CVI NOTICIAS\"},\"image\":{\"@id\":\"https:\\\/\\\/cvinoticias.com\\\/v3\\\/#\\\/schema\\\/logo\\\/image\\\/\"},\"sameAs\":[\"https:\\\/\\\/www.facebook.com\\\/cvinoticias\",\"https:\\\/\\\/www.instagram.com\\\/cvinoticias\\\/\",\"https:\\\/\\\/www.youtube.com\\\/@CVINOTICIAS\"]},{\"@type\":\"Person\",\"@id\":\"https:\\\/\\\/cvinoticias.com\\\/v3\\\/#\\\/schema\\\/person\\\/2db77e3c6bc03c538495d7b2b8be9b66\",\"name\":\"f1000024\",\"image\":{\"@type\":\"ImageObject\",\"inLanguage\":\"es\",\"@id\":\"https:\\\/\\\/secure.gravatar.com\\\/avatar\\\/d4fe7459cfc51ff5129ce1a732bbef5928568b8092d412ef95611616376bbeed?s=96&d=mm&r=g\",\"url\":\"https:\\\/\\\/secure.gravatar.com\\\/avatar\\\/d4fe7459cfc51ff5129ce1a732bbef5928568b8092d412ef95611616376bbeed?s=96&d=mm&r=g\",\"contentUrl\":\"https:\\\/\\\/secure.gravatar.com\\\/avatar\\\/d4fe7459cfc51ff5129ce1a732bbef5928568b8092d412ef95611616376bbeed?s=96&d=mm&r=g\",\"caption\":\"f1000024\"},\"url\":\"https:\\\/\\\/cvinoticias.com\\\/v3\\\/author\\\/f1000024\\\/\"}]}<\/script>\n<!-- \/ Yoast SEO plugin. -->","yoast_head_json":{"title":"Gremios estatales piden paritaria salarial \u201cacorde a la inflaci\u00f3n\u201d | CVI NOTICIAS","robots":{"index":"index","follow":"follow","max-snippet":"max-snippet:-1","max-image-preview":"max-image-preview:large","max-video-preview":"max-video-preview:-1"},"canonical":"https:\/\/cvinoticias.com\/v3\/gremios-estatales-piden-paritaria-salarial-acorde-a-la-inflacion\/","og_locale":"es_ES","og_type":"article","og_title":"Gremios estatales piden paritaria salarial \u201cacorde a la inflaci\u00f3n\u201d | CVI NOTICIAS","og_description":"Desde ATE y UPCN consideraron que la recomposici\u00f3n podr\u00eda ser importante por el nivel de recaudaci\u00f3n de la provincia. Los gremios que representan a los trabajadores provinciales opinaron sobre\u00a0el 20% de incremento salarial que ofrecer\u00eda el Gobierno de Misiones a los estatales en el reinicio de las paritarias\u00a0para el segundo semestre del a\u00f1o. Coincidieron en [&hellip;]","og_url":"https:\/\/cvinoticias.com\/v3\/gremios-estatales-piden-paritaria-salarial-acorde-a-la-inflacion\/","og_site_name":"CVI NOTICIAS","article_publisher":"https:\/\/www.facebook.com\/cvinoticias","article_published_time":"2021-06-22T11:11:24+00:00","og_image":[{"width":1024,"height":790,"url":"https:\/\/cvinoticias.com\/wp-content\/uploads\/2021\/06\/1623131547053.jpg","type":"image\/jpeg"}],"author":"f1000024","twitter_card":"summary_large_image","twitter_misc":{"Escrito por":"f1000024","Tiempo de lectura":"6 minutos"},"schema":{"@context":"https:\/\/schema.org","@graph":[{"@type":"Article","@id":"https:\/\/cvinoticias.com\/v3\/gremios-estatales-piden-paritaria-salarial-acorde-a-la-inflacion\/#article","isPartOf":{"@id":"https:\/\/cvinoticias.com\/v3\/gremios-estatales-piden-paritaria-salarial-acorde-a-la-inflacion\/"},"author":{"name":"f1000024","@id":"https:\/\/cvinoticias.com\/v3\/#\/schema\/person\/2db77e3c6bc03c538495d7b2b8be9b66"},"headline":"Gremios estatales piden paritaria salarial \u201cacorde a la inflaci\u00f3n\u201d","datePublished":"2021-06-22T11:11:24+00:00","mainEntityOfPage":{"@id":"https:\/\/cvinoticias.com\/v3\/gremios-estatales-piden-paritaria-salarial-acorde-a-la-inflacion\/"},"wordCount":1162,"commentCount":0,"publisher":{"@id":"https:\/\/cvinoticias.com\/v3\/#organization"},"image":{"@id":"https:\/\/cvinoticias.com\/v3\/gremios-estatales-piden-paritaria-salarial-acorde-a-la-inflacion\/#primaryimage"},"thumbnailUrl":"https:\/\/cvinoticias.com\/wp-content\/uploads\/2021\/06\/1623131547053.jpg","articleSection":["Informaci\u00f3n General"],"inLanguage":"es","potentialAction":[{"@type":"CommentAction","name":"Comment","target":["https:\/\/cvinoticias.com\/v3\/gremios-estatales-piden-paritaria-salarial-acorde-a-la-inflacion\/#respond"]}]},{"@type":"WebPage","@id":"https:\/\/cvinoticias.com\/v3\/gremios-estatales-piden-paritaria-salarial-acorde-a-la-inflacion\/","url":"https:\/\/cvinoticias.com\/v3\/gremios-estatales-piden-paritaria-salarial-acorde-a-la-inflacion\/","name":"Gremios estatales piden paritaria salarial \u201cacorde a la inflaci\u00f3n\u201d | CVI NOTICIAS","isPartOf":{"@id":"https:\/\/cvinoticias.com\/v3\/#website"},"primaryImageOfPage":{"@id":"https:\/\/cvinoticias.com\/v3\/gremios-estatales-piden-paritaria-salarial-acorde-a-la-inflacion\/#primaryimage"},"image":{"@id":"https:\/\/cvinoticias.com\/v3\/gremios-estatales-piden-paritaria-salarial-acorde-a-la-inflacion\/#primaryimage"},"thumbnailUrl":"https:\/\/cvinoticias.com\/wp-content\/uploads\/2021\/06\/1623131547053.jpg","datePublished":"2021-06-22T11:11:24+00:00","breadcrumb":{"@id":"https:\/\/cvinoticias.com\/v3\/gremios-estatales-piden-paritaria-salarial-acorde-a-la-inflacion\/#breadcrumb"},"inLanguage":"es","potentialAction":[{"@type":"ReadAction","target":["https:\/\/cvinoticias.com\/v3\/gremios-estatales-piden-paritaria-salarial-acorde-a-la-inflacion\/"]}]},{"@type":"ImageObject","inLanguage":"es","@id":"https:\/\/cvinoticias.com\/v3\/gremios-estatales-piden-paritaria-salarial-acorde-a-la-inflacion\/#primaryimage","url":"https:\/\/cvinoticias.com\/wp-content\/uploads\/2021\/06\/1623131547053.jpg","contentUrl":"https:\/\/cvinoticias.com\/wp-content\/uploads\/2021\/06\/1623131547053.jpg","width":1024,"height":790},{"@type":"BreadcrumbList","@id":"https:\/\/cvinoticias.com\/v3\/gremios-estatales-piden-paritaria-salarial-acorde-a-la-inflacion\/#breadcrumb","itemListElement":[{"@type":"ListItem","position":1,"name":"Portada","item":"https:\/\/cvinoticias.com\/v3\/"},{"@type":"ListItem","position":2,"name":"Gremios estatales piden paritaria salarial \u201cacorde a la inflaci\u00f3n\u201d"}]},{"@type":"WebSite","@id":"https:\/\/cvinoticias.com\/v3\/#website","url":"https:\/\/cvinoticias.com\/v3\/","name":"CVI NOTICIAS","description":"","publisher":{"@id":"https:\/\/cvinoticias.com\/v3\/#organization"},"alternateName":"CVI","potentialAction":[{"@type":"SearchAction","target":{"@type":"EntryPoint","urlTemplate":"https:\/\/cvinoticias.com\/v3\/?s={search_term_string}"},"query-input":{"@type":"PropertyValueSpecification","valueRequired":true,"valueName":"search_term_string"}}],"inLanguage":"es"},{"@type":"Organization","@id":"https:\/\/cvinoticias.com\/v3\/#organization","name":"CVI NOTICIAS","url":"https:\/\/cvinoticias.com\/v3\/","logo":{"@type":"ImageObject","inLanguage":"es","@id":"https:\/\/cvinoticias.com\/v3\/#\/schema\/logo\/image\/","url":"https:\/\/cvinoticias.com\/wp-content\/uploads\/2023\/04\/cropped-cropped-cropped-cropped-cropped-3-1.png","contentUrl":"https:\/\/cvinoticias.com\/wp-content\/uploads\/2023\/04\/cropped-cropped-cropped-cropped-cropped-3-1.png","width":95,"height":122,"caption":"CVI NOTICIAS"},"image":{"@id":"https:\/\/cvinoticias.com\/v3\/#\/schema\/logo\/image\/"},"sameAs":["https:\/\/www.facebook.com\/cvinoticias","https:\/\/www.instagram.com\/cvinoticias\/","https:\/\/www.youtube.com\/@CVINOTICIAS"]},{"@type":"Person","@id":"https:\/\/cvinoticias.com\/v3\/#\/schema\/person\/2db77e3c6bc03c538495d7b2b8be9b66","name":"f1000024","image":{"@type":"ImageObject","inLanguage":"es","@id":"https:\/\/secure.gravatar.com\/avatar\/d4fe7459cfc51ff5129ce1a732bbef5928568b8092d412ef95611616376bbeed?s=96&d=mm&r=g","url":"https:\/\/secure.gravatar.com\/avatar\/d4fe7459cfc51ff5129ce1a732bbef5928568b8092d412ef95611616376bbeed?s=96&d=mm&r=g","contentUrl":"https:\/\/secure.gravatar.com\/avatar\/d4fe7459cfc51ff5129ce1a732bbef5928568b8092d412ef95611616376bbeed?s=96&d=mm&r=g","caption":"f1000024"},"url":"https:\/\/cvinoticias.com\/v3\/author\/f1000024\/"}]}},"_links":{"self":[{"href":"https:\/\/cvinoticias.com\/v3\/wp-json\/wp\/v2\/posts\/6169","targetHints":{"allow":["GET"]}}],"collection":[{"href":"https:\/\/cvinoticias.com\/v3\/wp-json\/wp\/v2\/posts"}],"about":[{"href":"https:\/\/cvinoticias.com\/v3\/wp-json\/wp\/v2\/types\/post"}],"author":[{"embeddable":true,"href":"https:\/\/cvinoticias.com\/v3\/wp-json\/wp\/v2\/users\/2"}],"replies":[{"embeddable":true,"href":"https:\/\/cvinoticias.com\/v3\/wp-json\/wp\/v2\/comments?post=6169"}],"version-history":[{"count":1,"href":"https:\/\/cvinoticias.com\/v3\/wp-json\/wp\/v2\/posts\/6169\/revisions"}],"predecessor-version":[{"id":6171,"href":"https:\/\/cvinoticias.com\/v3\/wp-json\/wp\/v2\/posts\/6169\/revisions\/6171"}],"wp:featuredmedia":[{"embeddable":true,"href":"https:\/\/cvinoticias.com\/v3\/wp-json\/wp\/v2\/media\/6170"}],"wp:attachment":[{"href":"https:\/\/cvinoticias.com\/v3\/wp-json\/wp\/v2\/media?parent=6169"}],"wp:term":[{"taxonomy":"category","embeddable":true,"href":"https:\/\/cvinoticias.com\/v3\/wp-json\/wp\/v2\/categories?post=6169"},{"taxonomy":"post_tag","embeddable":true,"href":"https:\/\/cvinoticias.com\/v3\/wp-json\/wp\/v2\/tags?post=6169"}],"curies":[{"name":"wp","href":"https:\/\/api.w.org\/{rel}","templated":true}]}}