{"id":6146,"date":"2021-06-21T03:34:49","date_gmt":"2021-06-21T03:34:49","guid":{"rendered":"https:\/\/cvinoticias.com\/v3\/?p=6146"},"modified":"2021-06-21T03:34:49","modified_gmt":"2021-06-21T03:34:49","slug":"en-octubre-volveria-el-publico-a-las-canchas-del-futbol-argentino","status":"publish","type":"post","link":"https:\/\/cvinoticias.com\/v3\/en-octubre-volveria-el-publico-a-las-canchas-del-futbol-argentino\/","title":{"rendered":"En octubre volver\u00eda el p\u00fablico a las canchas del f\u00fatbol argentino"},"content":{"rendered":"\n<p><strong><em>Durante una entrevista, el ministro ratific\u00f3 que los espect\u00e1culos masivos volver\u00edan a contar con p\u00fablico, con aforo reducido, en el \u00faltimo trimestre.<\/em><\/strong><\/p>\n\n\n\n<p>El ministro de Deportes y Turismo, Mat\u00edas Lammens, ratific\u00f3 este domingo por la noche, que en el \u00faltimo trimestre podr\u00eda volver el p\u00fablico con un aforo reducido en los estadios de f\u00fatbol, pero tambi\u00e9n en otros espect\u00e1culos masivos como recitales.<\/p>\n\n\n\n<p>\u00abTenemos la estimaci\u00f3n que en el \u00faltimo trimestre, sobre octubre, podremos estar ya permitiendo, con un determinado aforo y algunas particularidades, que ya haya p\u00fablico en los estadios y eventos masivos\u00bb, anticip\u00f3 Lammens en Hagan Algo.<\/p>\n\n\n\n<p>\u00abTenemos la estimaci\u00f3n que en el \u00faltimo trimestre, sobre octubre, podemos estar ya permitiendo con un determinado aforo y algunas particularidades que ya haya p\u00fablico en los estadios y en eventos masivos\u00bb, anticip\u00f3 el ministro<\/p>\n","protected":false},"excerpt":{"rendered":"<p>Durante una entrevista, el ministro ratific\u00f3 que los espect\u00e1culos masivos volver\u00edan a contar con p\u00fablico, con aforo reducido, en el \u00faltimo trimestre. El ministro de Deportes y Turismo, Mat\u00edas Lammens, ratific\u00f3 este domingo por la noche, que en el \u00faltimo trimestre podr\u00eda volver el p\u00fablico con un aforo reducido en los estadios de f\u00fatbol, pero [&hellip;]<\/p>\n","protected":false},"author":2,"featured_media":6147,"comment_status":"open","ping_status":"open","sticky":false,"template":"","format":"standard","meta":{"footnotes":""},"categories":[24],"tags":[],"class_list":["post-6146","post","type-post","status-publish","format-standard","has-post-thumbnail","hentry","category-deportes"],"yoast_head":"<!-- This site is optimized with the Yoast SEO plugin v27.5 - https:\/\/yoast.com\/product\/yoast-seo-wordpress\/ -->\n<title>En octubre volver\u00eda el p\u00fablico a las canchas del f\u00fatbol argentino | CVI NOTICIAS<\/title>\n<meta name=\"robots\" content=\"index, follow, max-snippet:-1, max-image-preview:large, max-video-preview:-1\" \/>\n<link rel=\"canonical\" href=\"https:\/\/cvinoticias.com\/v3\/en-octubre-volveria-el-publico-a-las-canchas-del-futbol-argentino\/\" \/>\n<meta property=\"og:locale\" content=\"es_ES\" \/>\n<meta property=\"og:type\" content=\"article\" \/>\n<meta property=\"og:title\" content=\"En octubre volver\u00eda el p\u00fablico a las canchas del f\u00fatbol argentino | CVI NOTICIAS\" \/>\n<meta property=\"og:description\" content=\"Durante una entrevista, el ministro ratific\u00f3 que los espect\u00e1culos masivos volver\u00edan a contar con p\u00fablico, con aforo reducido, en el \u00faltimo trimestre. El ministro de Deportes y Turismo, Mat\u00edas Lammens, ratific\u00f3 este domingo por la noche, que en el \u00faltimo trimestre podr\u00eda volver el p\u00fablico con un aforo reducido en los estadios de f\u00fatbol, pero [&hellip;]\" \/>\n<meta property=\"og:url\" content=\"https:\/\/cvinoticias.com\/v3\/en-octubre-volveria-el-publico-a-las-canchas-del-futbol-argentino\/\" \/>\n<meta property=\"og:site_name\" content=\"CVI NOTICIAS\" \/>\n<meta property=\"article:publisher\" content=\"https:\/\/www.facebook.com\/cvinoticias\" \/>\n<meta property=\"article:published_time\" content=\"2021-06-21T03:34:49+00:00\" \/>\n<meta property=\"og:image\" content=\"https:\/\/cvinoticias.com\/wp-content\/uploads\/2021\/06\/las-canchas-de-boca-river___zWIna9wQ_1200x630__1.jpg\" \/>\n\t<meta property=\"og:image:width\" content=\"1200\" \/>\n\t<meta property=\"og:image:height\" content=\"630\" \/>\n\t<meta property=\"og:image:type\" content=\"image\/jpeg\" \/>\n<meta name=\"author\" content=\"f1000024\" \/>\n<meta name=\"twitter:card\" content=\"summary_large_image\" \/>\n<meta name=\"twitter:label1\" content=\"Escrito por\" \/>\n\t<meta name=\"twitter:data1\" content=\"f1000024\" \/>\n\t<meta name=\"twitter:label2\" content=\"Tiempo de lectura\" \/>\n\t<meta name=\"twitter:data2\" content=\"1 minuto\" \/>\n<script type=\"application\/ld+json\" class=\"yoast-schema-graph\">{\"@context\":\"https:\\\/\\\/schema.org\",\"@graph\":[{\"@type\":\"Article\",\"@id\":\"https:\\\/\\\/cvinoticias.com\\\/v3\\\/en-octubre-volveria-el-publico-a-las-canchas-del-futbol-argentino\\\/#article\",\"isPartOf\":{\"@id\":\"https:\\\/\\\/cvinoticias.com\\\/v3\\\/en-octubre-volveria-el-publico-a-las-canchas-del-futbol-argentino\\\/\"},\"author\":{\"name\":\"f1000024\",\"@id\":\"https:\\\/\\\/cvinoticias.com\\\/v3\\\/#\\\/schema\\\/person\\\/2db77e3c6bc03c538495d7b2b8be9b66\"},\"headline\":\"En octubre volver\u00eda el p\u00fablico a las canchas del f\u00fatbol argentino\",\"datePublished\":\"2021-06-21T03:34:49+00:00\",\"mainEntityOfPage\":{\"@id\":\"https:\\\/\\\/cvinoticias.com\\\/v3\\\/en-octubre-volveria-el-publico-a-las-canchas-del-futbol-argentino\\\/\"},\"wordCount\":160,\"commentCount\":0,\"publisher\":{\"@id\":\"https:\\\/\\\/cvinoticias.com\\\/v3\\\/#organization\"},\"image\":{\"@id\":\"https:\\\/\\\/cvinoticias.com\\\/v3\\\/en-octubre-volveria-el-publico-a-las-canchas-del-futbol-argentino\\\/#primaryimage\"},\"thumbnailUrl\":\"https:\\\/\\\/cvinoticias.com\\\/wp-content\\\/uploads\\\/2021\\\/06\\\/las-canchas-de-boca-river___zWIna9wQ_1200x630__1.jpg\",\"articleSection\":[\"Deportes\"],\"inLanguage\":\"es\",\"potentialAction\":[{\"@type\":\"CommentAction\",\"name\":\"Comment\",\"target\":[\"https:\\\/\\\/cvinoticias.com\\\/v3\\\/en-octubre-volveria-el-publico-a-las-canchas-del-futbol-argentino\\\/#respond\"]}]},{\"@type\":\"WebPage\",\"@id\":\"https:\\\/\\\/cvinoticias.com\\\/v3\\\/en-octubre-volveria-el-publico-a-las-canchas-del-futbol-argentino\\\/\",\"url\":\"https:\\\/\\\/cvinoticias.com\\\/v3\\\/en-octubre-volveria-el-publico-a-las-canchas-del-futbol-argentino\\\/\",\"name\":\"En octubre volver\u00eda el p\u00fablico a las canchas del f\u00fatbol argentino | CVI NOTICIAS\",\"isPartOf\":{\"@id\":\"https:\\\/\\\/cvinoticias.com\\\/v3\\\/#website\"},\"primaryImageOfPage\":{\"@id\":\"https:\\\/\\\/cvinoticias.com\\\/v3\\\/en-octubre-volveria-el-publico-a-las-canchas-del-futbol-argentino\\\/#primaryimage\"},\"image\":{\"@id\":\"https:\\\/\\\/cvinoticias.com\\\/v3\\\/en-octubre-volveria-el-publico-a-las-canchas-del-futbol-argentino\\\/#primaryimage\"},\"thumbnailUrl\":\"https:\\\/\\\/cvinoticias.com\\\/wp-content\\\/uploads\\\/2021\\\/06\\\/las-canchas-de-boca-river___zWIna9wQ_1200x630__1.jpg\",\"datePublished\":\"2021-06-21T03:34:49+00:00\",\"breadcrumb\":{\"@id\":\"https:\\\/\\\/cvinoticias.com\\\/v3\\\/en-octubre-volveria-el-publico-a-las-canchas-del-futbol-argentino\\\/#breadcrumb\"},\"inLanguage\":\"es\",\"potentialAction\":[{\"@type\":\"ReadAction\",\"target\":[\"https:\\\/\\\/cvinoticias.com\\\/v3\\\/en-octubre-volveria-el-publico-a-las-canchas-del-futbol-argentino\\\/\"]}]},{\"@type\":\"ImageObject\",\"inLanguage\":\"es\",\"@id\":\"https:\\\/\\\/cvinoticias.com\\\/v3\\\/en-octubre-volveria-el-publico-a-las-canchas-del-futbol-argentino\\\/#primaryimage\",\"url\":\"https:\\\/\\\/cvinoticias.com\\\/wp-content\\\/uploads\\\/2021\\\/06\\\/las-canchas-de-boca-river___zWIna9wQ_1200x630__1.jpg\",\"contentUrl\":\"https:\\\/\\\/cvinoticias.com\\\/wp-content\\\/uploads\\\/2021\\\/06\\\/las-canchas-de-boca-river___zWIna9wQ_1200x630__1.jpg\",\"width\":1200,\"height\":630},{\"@type\":\"BreadcrumbList\",\"@id\":\"https:\\\/\\\/cvinoticias.com\\\/v3\\\/en-octubre-volveria-el-publico-a-las-canchas-del-futbol-argentino\\\/#breadcrumb\",\"itemListElement\":[{\"@type\":\"ListItem\",\"position\":1,\"name\":\"Portada\",\"item\":\"https:\\\/\\\/cvinoticias.com\\\/v3\\\/\"},{\"@type\":\"ListItem\",\"position\":2,\"name\":\"En octubre volver\u00eda el p\u00fablico a las canchas del f\u00fatbol argentino\"}]},{\"@type\":\"WebSite\",\"@id\":\"https:\\\/\\\/cvinoticias.com\\\/v3\\\/#website\",\"url\":\"https:\\\/\\\/cvinoticias.com\\\/v3\\\/\",\"name\":\"CVI NOTICIAS\",\"description\":\"\",\"publisher\":{\"@id\":\"https:\\\/\\\/cvinoticias.com\\\/v3\\\/#organization\"},\"alternateName\":\"CVI\",\"potentialAction\":[{\"@type\":\"SearchAction\",\"target\":{\"@type\":\"EntryPoint\",\"urlTemplate\":\"https:\\\/\\\/cvinoticias.com\\\/v3\\\/?s={search_term_string}\"},\"query-input\":{\"@type\":\"PropertyValueSpecification\",\"valueRequired\":true,\"valueName\":\"search_term_string\"}}],\"inLanguage\":\"es\"},{\"@type\":\"Organization\",\"@id\":\"https:\\\/\\\/cvinoticias.com\\\/v3\\\/#organization\",\"name\":\"CVI NOTICIAS\",\"url\":\"https:\\\/\\\/cvinoticias.com\\\/v3\\\/\",\"logo\":{\"@type\":\"ImageObject\",\"inLanguage\":\"es\",\"@id\":\"https:\\\/\\\/cvinoticias.com\\\/v3\\\/#\\\/schema\\\/logo\\\/image\\\/\",\"url\":\"https:\\\/\\\/cvinoticias.com\\\/wp-content\\\/uploads\\\/2023\\\/04\\\/cropped-cropped-cropped-cropped-cropped-3-1.png\",\"contentUrl\":\"https:\\\/\\\/cvinoticias.com\\\/wp-content\\\/uploads\\\/2023\\\/04\\\/cropped-cropped-cropped-cropped-cropped-3-1.png\",\"width\":95,\"height\":122,\"caption\":\"CVI NOTICIAS\"},\"image\":{\"@id\":\"https:\\\/\\\/cvinoticias.com\\\/v3\\\/#\\\/schema\\\/logo\\\/image\\\/\"},\"sameAs\":[\"https:\\\/\\\/www.facebook.com\\\/cvinoticias\",\"https:\\\/\\\/www.instagram.com\\\/cvinoticias\\\/\",\"https:\\\/\\\/www.youtube.com\\\/@CVINOTICIAS\"]},{\"@type\":\"Person\",\"@id\":\"https:\\\/\\\/cvinoticias.com\\\/v3\\\/#\\\/schema\\\/person\\\/2db77e3c6bc03c538495d7b2b8be9b66\",\"name\":\"f1000024\",\"image\":{\"@type\":\"ImageObject\",\"inLanguage\":\"es\",\"@id\":\"https:\\\/\\\/secure.gravatar.com\\\/avatar\\\/d4fe7459cfc51ff5129ce1a732bbef5928568b8092d412ef95611616376bbeed?s=96&d=mm&r=g\",\"url\":\"https:\\\/\\\/secure.gravatar.com\\\/avatar\\\/d4fe7459cfc51ff5129ce1a732bbef5928568b8092d412ef95611616376bbeed?s=96&d=mm&r=g\",\"contentUrl\":\"https:\\\/\\\/secure.gravatar.com\\\/avatar\\\/d4fe7459cfc51ff5129ce1a732bbef5928568b8092d412ef95611616376bbeed?s=96&d=mm&r=g\",\"caption\":\"f1000024\"},\"url\":\"https:\\\/\\\/cvinoticias.com\\\/v3\\\/author\\\/f1000024\\\/\"}]}<\/script>\n<!-- \/ Yoast SEO plugin. -->","yoast_head_json":{"title":"En octubre volver\u00eda el p\u00fablico a las canchas del f\u00fatbol argentino | CVI NOTICIAS","robots":{"index":"index","follow":"follow","max-snippet":"max-snippet:-1","max-image-preview":"max-image-preview:large","max-video-preview":"max-video-preview:-1"},"canonical":"https:\/\/cvinoticias.com\/v3\/en-octubre-volveria-el-publico-a-las-canchas-del-futbol-argentino\/","og_locale":"es_ES","og_type":"article","og_title":"En octubre volver\u00eda el p\u00fablico a las canchas del f\u00fatbol argentino | CVI NOTICIAS","og_description":"Durante una entrevista, el ministro ratific\u00f3 que los espect\u00e1culos masivos volver\u00edan a contar con p\u00fablico, con aforo reducido, en el \u00faltimo trimestre. El ministro de Deportes y Turismo, Mat\u00edas Lammens, ratific\u00f3 este domingo por la noche, que en el \u00faltimo trimestre podr\u00eda volver el p\u00fablico con un aforo reducido en los estadios de f\u00fatbol, pero [&hellip;]","og_url":"https:\/\/cvinoticias.com\/v3\/en-octubre-volveria-el-publico-a-las-canchas-del-futbol-argentino\/","og_site_name":"CVI NOTICIAS","article_publisher":"https:\/\/www.facebook.com\/cvinoticias","article_published_time":"2021-06-21T03:34:49+00:00","og_image":[{"width":1200,"height":630,"url":"https:\/\/cvinoticias.com\/wp-content\/uploads\/2021\/06\/las-canchas-de-boca-river___zWIna9wQ_1200x630__1.jpg","type":"image\/jpeg"}],"author":"f1000024","twitter_card":"summary_large_image","twitter_misc":{"Escrito por":"f1000024","Tiempo de lectura":"1 minuto"},"schema":{"@context":"https:\/\/schema.org","@graph":[{"@type":"Article","@id":"https:\/\/cvinoticias.com\/v3\/en-octubre-volveria-el-publico-a-las-canchas-del-futbol-argentino\/#article","isPartOf":{"@id":"https:\/\/cvinoticias.com\/v3\/en-octubre-volveria-el-publico-a-las-canchas-del-futbol-argentino\/"},"author":{"name":"f1000024","@id":"https:\/\/cvinoticias.com\/v3\/#\/schema\/person\/2db77e3c6bc03c538495d7b2b8be9b66"},"headline":"En octubre volver\u00eda el p\u00fablico a las canchas del f\u00fatbol argentino","datePublished":"2021-06-21T03:34:49+00:00","mainEntityOfPage":{"@id":"https:\/\/cvinoticias.com\/v3\/en-octubre-volveria-el-publico-a-las-canchas-del-futbol-argentino\/"},"wordCount":160,"commentCount":0,"publisher":{"@id":"https:\/\/cvinoticias.com\/v3\/#organization"},"image":{"@id":"https:\/\/cvinoticias.com\/v3\/en-octubre-volveria-el-publico-a-las-canchas-del-futbol-argentino\/#primaryimage"},"thumbnailUrl":"https:\/\/cvinoticias.com\/wp-content\/uploads\/2021\/06\/las-canchas-de-boca-river___zWIna9wQ_1200x630__1.jpg","articleSection":["Deportes"],"inLanguage":"es","potentialAction":[{"@type":"CommentAction","name":"Comment","target":["https:\/\/cvinoticias.com\/v3\/en-octubre-volveria-el-publico-a-las-canchas-del-futbol-argentino\/#respond"]}]},{"@type":"WebPage","@id":"https:\/\/cvinoticias.com\/v3\/en-octubre-volveria-el-publico-a-las-canchas-del-futbol-argentino\/","url":"https:\/\/cvinoticias.com\/v3\/en-octubre-volveria-el-publico-a-las-canchas-del-futbol-argentino\/","name":"En octubre volver\u00eda el p\u00fablico a las canchas del f\u00fatbol argentino | CVI NOTICIAS","isPartOf":{"@id":"https:\/\/cvinoticias.com\/v3\/#website"},"primaryImageOfPage":{"@id":"https:\/\/cvinoticias.com\/v3\/en-octubre-volveria-el-publico-a-las-canchas-del-futbol-argentino\/#primaryimage"},"image":{"@id":"https:\/\/cvinoticias.com\/v3\/en-octubre-volveria-el-publico-a-las-canchas-del-futbol-argentino\/#primaryimage"},"thumbnailUrl":"https:\/\/cvinoticias.com\/wp-content\/uploads\/2021\/06\/las-canchas-de-boca-river___zWIna9wQ_1200x630__1.jpg","datePublished":"2021-06-21T03:34:49+00:00","breadcrumb":{"@id":"https:\/\/cvinoticias.com\/v3\/en-octubre-volveria-el-publico-a-las-canchas-del-futbol-argentino\/#breadcrumb"},"inLanguage":"es","potentialAction":[{"@type":"ReadAction","target":["https:\/\/cvinoticias.com\/v3\/en-octubre-volveria-el-publico-a-las-canchas-del-futbol-argentino\/"]}]},{"@type":"ImageObject","inLanguage":"es","@id":"https:\/\/cvinoticias.com\/v3\/en-octubre-volveria-el-publico-a-las-canchas-del-futbol-argentino\/#primaryimage","url":"https:\/\/cvinoticias.com\/wp-content\/uploads\/2021\/06\/las-canchas-de-boca-river___zWIna9wQ_1200x630__1.jpg","contentUrl":"https:\/\/cvinoticias.com\/wp-content\/uploads\/2021\/06\/las-canchas-de-boca-river___zWIna9wQ_1200x630__1.jpg","width":1200,"height":630},{"@type":"BreadcrumbList","@id":"https:\/\/cvinoticias.com\/v3\/en-octubre-volveria-el-publico-a-las-canchas-del-futbol-argentino\/#breadcrumb","itemListElement":[{"@type":"ListItem","position":1,"name":"Portada","item":"https:\/\/cvinoticias.com\/v3\/"},{"@type":"ListItem","position":2,"name":"En octubre volver\u00eda el p\u00fablico a las canchas del f\u00fatbol argentino"}]},{"@type":"WebSite","@id":"https:\/\/cvinoticias.com\/v3\/#website","url":"https:\/\/cvinoticias.com\/v3\/","name":"CVI NOTICIAS","description":"","publisher":{"@id":"https:\/\/cvinoticias.com\/v3\/#organization"},"alternateName":"CVI","potentialAction":[{"@type":"SearchAction","target":{"@type":"EntryPoint","urlTemplate":"https:\/\/cvinoticias.com\/v3\/?s={search_term_string}"},"query-input":{"@type":"PropertyValueSpecification","valueRequired":true,"valueName":"search_term_string"}}],"inLanguage":"es"},{"@type":"Organization","@id":"https:\/\/cvinoticias.com\/v3\/#organization","name":"CVI NOTICIAS","url":"https:\/\/cvinoticias.com\/v3\/","logo":{"@type":"ImageObject","inLanguage":"es","@id":"https:\/\/cvinoticias.com\/v3\/#\/schema\/logo\/image\/","url":"https:\/\/cvinoticias.com\/wp-content\/uploads\/2023\/04\/cropped-cropped-cropped-cropped-cropped-3-1.png","contentUrl":"https:\/\/cvinoticias.com\/wp-content\/uploads\/2023\/04\/cropped-cropped-cropped-cropped-cropped-3-1.png","width":95,"height":122,"caption":"CVI NOTICIAS"},"image":{"@id":"https:\/\/cvinoticias.com\/v3\/#\/schema\/logo\/image\/"},"sameAs":["https:\/\/www.facebook.com\/cvinoticias","https:\/\/www.instagram.com\/cvinoticias\/","https:\/\/www.youtube.com\/@CVINOTICIAS"]},{"@type":"Person","@id":"https:\/\/cvinoticias.com\/v3\/#\/schema\/person\/2db77e3c6bc03c538495d7b2b8be9b66","name":"f1000024","image":{"@type":"ImageObject","inLanguage":"es","@id":"https:\/\/secure.gravatar.com\/avatar\/d4fe7459cfc51ff5129ce1a732bbef5928568b8092d412ef95611616376bbeed?s=96&d=mm&r=g","url":"https:\/\/secure.gravatar.com\/avatar\/d4fe7459cfc51ff5129ce1a732bbef5928568b8092d412ef95611616376bbeed?s=96&d=mm&r=g","contentUrl":"https:\/\/secure.gravatar.com\/avatar\/d4fe7459cfc51ff5129ce1a732bbef5928568b8092d412ef95611616376bbeed?s=96&d=mm&r=g","caption":"f1000024"},"url":"https:\/\/cvinoticias.com\/v3\/author\/f1000024\/"}]}},"_links":{"self":[{"href":"https:\/\/cvinoticias.com\/v3\/wp-json\/wp\/v2\/posts\/6146","targetHints":{"allow":["GET"]}}],"collection":[{"href":"https:\/\/cvinoticias.com\/v3\/wp-json\/wp\/v2\/posts"}],"about":[{"href":"https:\/\/cvinoticias.com\/v3\/wp-json\/wp\/v2\/types\/post"}],"author":[{"embeddable":true,"href":"https:\/\/cvinoticias.com\/v3\/wp-json\/wp\/v2\/users\/2"}],"replies":[{"embeddable":true,"href":"https:\/\/cvinoticias.com\/v3\/wp-json\/wp\/v2\/comments?post=6146"}],"version-history":[{"count":1,"href":"https:\/\/cvinoticias.com\/v3\/wp-json\/wp\/v2\/posts\/6146\/revisions"}],"predecessor-version":[{"id":6148,"href":"https:\/\/cvinoticias.com\/v3\/wp-json\/wp\/v2\/posts\/6146\/revisions\/6148"}],"wp:featuredmedia":[{"embeddable":true,"href":"https:\/\/cvinoticias.com\/v3\/wp-json\/wp\/v2\/media\/6147"}],"wp:attachment":[{"href":"https:\/\/cvinoticias.com\/v3\/wp-json\/wp\/v2\/media?parent=6146"}],"wp:term":[{"taxonomy":"category","embeddable":true,"href":"https:\/\/cvinoticias.com\/v3\/wp-json\/wp\/v2\/categories?post=6146"},{"taxonomy":"post_tag","embeddable":true,"href":"https:\/\/cvinoticias.com\/v3\/wp-json\/wp\/v2\/tags?post=6146"}],"curies":[{"name":"wp","href":"https:\/\/api.w.org\/{rel}","templated":true}]}}