{"id":6143,"date":"2021-06-21T03:27:24","date_gmt":"2021-06-21T03:27:24","guid":{"rendered":"https:\/\/cvinoticias.com\/v3\/?p=6143"},"modified":"2021-06-21T03:27:24","modified_gmt":"2021-06-21T03:27:24","slug":"detectaron-un-nuevo-caso-de-la-variante-delta-en-la-argentina","status":"publish","type":"post","link":"https:\/\/cvinoticias.com\/v3\/detectaron-un-nuevo-caso-de-la-variante-delta-en-la-argentina\/","title":{"rendered":"Detectaron un nuevo caso de la variante Delta en la Argentina"},"content":{"rendered":"\n<p><strong><em>Se trata de un hombre de 26 a\u00f1os que lleg\u00f3 al pa\u00eds el d\u00eda 4 de junio procedente de Estados Unidos<\/em><\/strong>.<\/p>\n\n\n\n<p>El ministerio de Salud inform\u00f3 este domingo que las autoridades sanitarias del pa\u00eds detectaron la variante Delta del COVID-19 en un pasajero argentino proveniente de Estados Unidos.<\/p>\n\n\n\n<p>Desde la detecci\u00f3n al ingreso al pa\u00eds, el pasajero realiz\u00f3 un aislamiento de 10 d\u00edas en un hotel de la Ciudad de Buenos Aires y su acompa\u00f1ante, con testeo negativo, realiz\u00f3 aislamiento domiciliario. Seg\u00fan indicaron desde la cartera que conduce Carla Vizzotti, ambos se encuentran en buen estado de salud.<\/p>\n\n\n\n<p>La confirmaci\u00f3n lleg\u00f3 luego de que recibieran el resultado del Laboratorio Nacional de Referencia ANLIS-Malbr\u00e1n. Se trata de un hombre de 26 a\u00f1os que lleg\u00f3 al pa\u00eds el d\u00eda 4 de junio procedente de Estados Unidos.<\/p>\n\n\n\n<p>Al momento del arribo, el pasajero presentaba una prueba de PCR negativa realizada 48 horas previas al viaje y, al ingresar al pa\u00eds, en los operativos de testeo que se realizan de manera sistem\u00e1tica a todos los viajeros, presento test de ant\u00edgeno positivo. En consecuencia, se deriv\u00f3 la muestra al laboratorio de referencia para el an\u00e1lisis gen\u00f3mico.<\/p>\n\n\n\n<p>La cepa Delta, identificada originariamente en India, es una de las variantes de preocupaci\u00f3n que se encuentran bajo vigilancia por las autoridades sanitarias nacionales.<\/p>\n\n\n\n<p>Diez d\u00edas atr\u00e1s la directora de Migraciones, Florencia Carignano, hab\u00eda confirmado la detecci\u00f3n de dos casos de coronavirus de la variante delta. Eran dos pasajeros que hab\u00edan subido al avi\u00f3 con testeos PCR negativos, pero al ser hisopados en Ezeiza se detect\u00f3 que hab\u00edan contra\u00eddo el virus. Hasta el momento, los contactos estrechos no contrajeron la enfermedad y transitaron el aislamiento sin s\u00edntomas.<\/p>\n\n\n\n<p>Sin embargo, el Ministerio de Salud aclar\u00f3 que los casos no eran nuevos y se sorprendieron por las declaraciones de Carignano. Hab\u00edan sido informados a principios de mayo en un comunicado publicado en su sitio web. Son dos menores de edad que arribaron el 24 de abril procedentes de Par\u00eds y residen en la Ciudad de Buenos Aires.<\/p>\n\n\n\n<p>La nueva variante Delta del coronavirus, identificada por primera vez en la India y ya prevalente en el Reino Unido, provoca s\u00edntomas distintos a las versiones anteriores del virus, seg\u00fan ha advertido Tim Spector, profesor de epidemiolog\u00eda gen\u00e9tica de la universidad King\u2019s College London.<\/p>\n\n\n\n<p>La versi\u00f3n Delta provoca m\u00e1s mucosidad y dolor de garganta, pero menos tos y p\u00e9rdida de olfato, seg\u00fan dice el experto, que dirige un estudio cuyas conclusiones todav\u00eda no han sido publicadas en una revista cient\u00edfica ni ha sido evaluado por pares.<\/p>\n\n\n\n<p>La nueva variante es un 64% m\u00e1s transmisible que la brit\u00e1nica (Alpha), seg\u00fan la agencia sanitaria Public Health England (PHE), y representa ya m\u00e1s del 90% de los contagios en el Reino Unido, donde los casos diarios se han disparado en las \u00faltimas semanas y han alcanzado hoy 11.007, la mayor cifra desde el 19 de febrero.<\/p>\n\n\n\n<p>Spector dirige el llamado \u201cestudio Zoe\u201d sobre el coronavirus, en el que miles de personas describen sus s\u00edntomas a trav\u00e9s de una aplicaci\u00f3n en el m\u00f3vil. A partir de los datos recogidos por esa v\u00eda, ha divulgado una lista de las manifestaciones m\u00e1s habituales que provoca la variante Delta.<\/p>\n\n\n\n<p>Por otra parte, el Ministerio de Salud de la Naci\u00f3n inform\u00f3 este domingo 20 de junio que, en las \u00faltimas 24 horas, se registraron 301 muertes y 10.395 nuevos contagios de coronavirus. Con estos datos, el total de casos desde el inicio de la pandemia asciende a 4.268.789 y las v\u00edctimas fatales son 89.043.<\/p>\n","protected":false},"excerpt":{"rendered":"<p>Se trata de un hombre de 26 a\u00f1os que lleg\u00f3 al pa\u00eds el d\u00eda 4 de junio procedente de Estados Unidos. El ministerio de Salud inform\u00f3 este domingo que las autoridades sanitarias del pa\u00eds detectaron la variante Delta del COVID-19 en un pasajero argentino proveniente de Estados Unidos. Desde la detecci\u00f3n al ingreso al pa\u00eds, [&hellip;]<\/p>\n","protected":false},"author":2,"featured_media":6144,"comment_status":"open","ping_status":"open","sticky":false,"template":"","format":"standard","meta":{"footnotes":""},"categories":[23,22],"tags":[],"class_list":["post-6143","post","type-post","status-publish","format-standard","has-post-thumbnail","hentry","category-covid-19","category-salud"],"yoast_head":"<!-- This site is optimized with the Yoast SEO plugin v27.4 - https:\/\/yoast.com\/product\/yoast-seo-wordpress\/ -->\n<title>Detectaron un nuevo caso de la variante Delta en la Argentina | CVI NOTICIAS<\/title>\n<meta name=\"robots\" content=\"index, follow, max-snippet:-1, max-image-preview:large, max-video-preview:-1\" \/>\n<link rel=\"canonical\" href=\"https:\/\/cvinoticias.com\/v3\/detectaron-un-nuevo-caso-de-la-variante-delta-en-la-argentina\/\" \/>\n<meta property=\"og:locale\" content=\"es_ES\" \/>\n<meta property=\"og:type\" content=\"article\" \/>\n<meta property=\"og:title\" content=\"Detectaron un nuevo caso de la variante Delta en la Argentina | CVI NOTICIAS\" \/>\n<meta property=\"og:description\" content=\"Se trata de un hombre de 26 a\u00f1os que lleg\u00f3 al pa\u00eds el d\u00eda 4 de junio procedente de Estados Unidos. El ministerio de Salud inform\u00f3 este domingo que las autoridades sanitarias del pa\u00eds detectaron la variante Delta del COVID-19 en un pasajero argentino proveniente de Estados Unidos. Desde la detecci\u00f3n al ingreso al pa\u00eds, [&hellip;]\" \/>\n<meta property=\"og:url\" content=\"https:\/\/cvinoticias.com\/v3\/detectaron-un-nuevo-caso-de-la-variante-delta-en-la-argentina\/\" \/>\n<meta property=\"og:site_name\" content=\"CVI NOTICIAS\" \/>\n<meta property=\"article:publisher\" content=\"https:\/\/www.facebook.com\/cvinoticias\" \/>\n<meta property=\"article:published_time\" content=\"2021-06-21T03:27:24+00:00\" \/>\n<meta property=\"og:image\" content=\"https:\/\/cvinoticias.com\/wp-content\/uploads\/2021\/06\/Screenshot_20210621-002623_Facebook.jpg\" \/>\n\t<meta property=\"og:image:width\" content=\"1080\" \/>\n\t<meta property=\"og:image:height\" content=\"786\" \/>\n\t<meta property=\"og:image:type\" content=\"image\/jpeg\" \/>\n<meta name=\"author\" content=\"f1000024\" \/>\n<meta name=\"twitter:card\" content=\"summary_large_image\" \/>\n<meta name=\"twitter:label1\" content=\"Escrito por\" \/>\n\t<meta name=\"twitter:data1\" content=\"f1000024\" \/>\n\t<meta name=\"twitter:label2\" content=\"Tiempo de lectura\" \/>\n\t<meta name=\"twitter:data2\" content=\"3 minutos\" \/>\n<script type=\"application\/ld+json\" class=\"yoast-schema-graph\">{\"@context\":\"https:\\\/\\\/schema.org\",\"@graph\":[{\"@type\":\"Article\",\"@id\":\"https:\\\/\\\/cvinoticias.com\\\/v3\\\/detectaron-un-nuevo-caso-de-la-variante-delta-en-la-argentina\\\/#article\",\"isPartOf\":{\"@id\":\"https:\\\/\\\/cvinoticias.com\\\/v3\\\/detectaron-un-nuevo-caso-de-la-variante-delta-en-la-argentina\\\/\"},\"author\":{\"name\":\"f1000024\",\"@id\":\"https:\\\/\\\/cvinoticias.com\\\/v3\\\/#\\\/schema\\\/person\\\/2db77e3c6bc03c538495d7b2b8be9b66\"},\"headline\":\"Detectaron un nuevo caso de la variante Delta en la Argentina\",\"datePublished\":\"2021-06-21T03:27:24+00:00\",\"mainEntityOfPage\":{\"@id\":\"https:\\\/\\\/cvinoticias.com\\\/v3\\\/detectaron-un-nuevo-caso-de-la-variante-delta-en-la-argentina\\\/\"},\"wordCount\":629,\"commentCount\":1,\"publisher\":{\"@id\":\"https:\\\/\\\/cvinoticias.com\\\/v3\\\/#organization\"},\"image\":{\"@id\":\"https:\\\/\\\/cvinoticias.com\\\/v3\\\/detectaron-un-nuevo-caso-de-la-variante-delta-en-la-argentina\\\/#primaryimage\"},\"thumbnailUrl\":\"https:\\\/\\\/cvinoticias.com\\\/wp-content\\\/uploads\\\/2021\\\/06\\\/Screenshot_20210621-002623_Facebook.jpg\",\"articleSection\":[\"Covid-19\",\"Salud\"],\"inLanguage\":\"es\",\"potentialAction\":[{\"@type\":\"CommentAction\",\"name\":\"Comment\",\"target\":[\"https:\\\/\\\/cvinoticias.com\\\/v3\\\/detectaron-un-nuevo-caso-de-la-variante-delta-en-la-argentina\\\/#respond\"]}]},{\"@type\":\"WebPage\",\"@id\":\"https:\\\/\\\/cvinoticias.com\\\/v3\\\/detectaron-un-nuevo-caso-de-la-variante-delta-en-la-argentina\\\/\",\"url\":\"https:\\\/\\\/cvinoticias.com\\\/v3\\\/detectaron-un-nuevo-caso-de-la-variante-delta-en-la-argentina\\\/\",\"name\":\"Detectaron un nuevo caso de la variante Delta en la Argentina | CVI NOTICIAS\",\"isPartOf\":{\"@id\":\"https:\\\/\\\/cvinoticias.com\\\/v3\\\/#website\"},\"primaryImageOfPage\":{\"@id\":\"https:\\\/\\\/cvinoticias.com\\\/v3\\\/detectaron-un-nuevo-caso-de-la-variante-delta-en-la-argentina\\\/#primaryimage\"},\"image\":{\"@id\":\"https:\\\/\\\/cvinoticias.com\\\/v3\\\/detectaron-un-nuevo-caso-de-la-variante-delta-en-la-argentina\\\/#primaryimage\"},\"thumbnailUrl\":\"https:\\\/\\\/cvinoticias.com\\\/wp-content\\\/uploads\\\/2021\\\/06\\\/Screenshot_20210621-002623_Facebook.jpg\",\"datePublished\":\"2021-06-21T03:27:24+00:00\",\"breadcrumb\":{\"@id\":\"https:\\\/\\\/cvinoticias.com\\\/v3\\\/detectaron-un-nuevo-caso-de-la-variante-delta-en-la-argentina\\\/#breadcrumb\"},\"inLanguage\":\"es\",\"potentialAction\":[{\"@type\":\"ReadAction\",\"target\":[\"https:\\\/\\\/cvinoticias.com\\\/v3\\\/detectaron-un-nuevo-caso-de-la-variante-delta-en-la-argentina\\\/\"]}]},{\"@type\":\"ImageObject\",\"inLanguage\":\"es\",\"@id\":\"https:\\\/\\\/cvinoticias.com\\\/v3\\\/detectaron-un-nuevo-caso-de-la-variante-delta-en-la-argentina\\\/#primaryimage\",\"url\":\"https:\\\/\\\/cvinoticias.com\\\/wp-content\\\/uploads\\\/2021\\\/06\\\/Screenshot_20210621-002623_Facebook.jpg\",\"contentUrl\":\"https:\\\/\\\/cvinoticias.com\\\/wp-content\\\/uploads\\\/2021\\\/06\\\/Screenshot_20210621-002623_Facebook.jpg\",\"width\":1080,\"height\":786},{\"@type\":\"BreadcrumbList\",\"@id\":\"https:\\\/\\\/cvinoticias.com\\\/v3\\\/detectaron-un-nuevo-caso-de-la-variante-delta-en-la-argentina\\\/#breadcrumb\",\"itemListElement\":[{\"@type\":\"ListItem\",\"position\":1,\"name\":\"Portada\",\"item\":\"https:\\\/\\\/cvinoticias.com\\\/v3\\\/\"},{\"@type\":\"ListItem\",\"position\":2,\"name\":\"Detectaron un nuevo caso de la variante Delta en la Argentina\"}]},{\"@type\":\"WebSite\",\"@id\":\"https:\\\/\\\/cvinoticias.com\\\/v3\\\/#website\",\"url\":\"https:\\\/\\\/cvinoticias.com\\\/v3\\\/\",\"name\":\"CVI NOTICIAS\",\"description\":\"\",\"publisher\":{\"@id\":\"https:\\\/\\\/cvinoticias.com\\\/v3\\\/#organization\"},\"alternateName\":\"CVI\",\"potentialAction\":[{\"@type\":\"SearchAction\",\"target\":{\"@type\":\"EntryPoint\",\"urlTemplate\":\"https:\\\/\\\/cvinoticias.com\\\/v3\\\/?s={search_term_string}\"},\"query-input\":{\"@type\":\"PropertyValueSpecification\",\"valueRequired\":true,\"valueName\":\"search_term_string\"}}],\"inLanguage\":\"es\"},{\"@type\":\"Organization\",\"@id\":\"https:\\\/\\\/cvinoticias.com\\\/v3\\\/#organization\",\"name\":\"CVI NOTICIAS\",\"url\":\"https:\\\/\\\/cvinoticias.com\\\/v3\\\/\",\"logo\":{\"@type\":\"ImageObject\",\"inLanguage\":\"es\",\"@id\":\"https:\\\/\\\/cvinoticias.com\\\/v3\\\/#\\\/schema\\\/logo\\\/image\\\/\",\"url\":\"https:\\\/\\\/cvinoticias.com\\\/wp-content\\\/uploads\\\/2023\\\/04\\\/cropped-cropped-cropped-cropped-cropped-3-1.png\",\"contentUrl\":\"https:\\\/\\\/cvinoticias.com\\\/wp-content\\\/uploads\\\/2023\\\/04\\\/cropped-cropped-cropped-cropped-cropped-3-1.png\",\"width\":95,\"height\":122,\"caption\":\"CVI NOTICIAS\"},\"image\":{\"@id\":\"https:\\\/\\\/cvinoticias.com\\\/v3\\\/#\\\/schema\\\/logo\\\/image\\\/\"},\"sameAs\":[\"https:\\\/\\\/www.facebook.com\\\/cvinoticias\",\"https:\\\/\\\/www.instagram.com\\\/cvinoticias\\\/\",\"https:\\\/\\\/www.youtube.com\\\/@CVINOTICIAS\"]},{\"@type\":\"Person\",\"@id\":\"https:\\\/\\\/cvinoticias.com\\\/v3\\\/#\\\/schema\\\/person\\\/2db77e3c6bc03c538495d7b2b8be9b66\",\"name\":\"f1000024\",\"image\":{\"@type\":\"ImageObject\",\"inLanguage\":\"es\",\"@id\":\"https:\\\/\\\/secure.gravatar.com\\\/avatar\\\/d4fe7459cfc51ff5129ce1a732bbef5928568b8092d412ef95611616376bbeed?s=96&d=mm&r=g\",\"url\":\"https:\\\/\\\/secure.gravatar.com\\\/avatar\\\/d4fe7459cfc51ff5129ce1a732bbef5928568b8092d412ef95611616376bbeed?s=96&d=mm&r=g\",\"contentUrl\":\"https:\\\/\\\/secure.gravatar.com\\\/avatar\\\/d4fe7459cfc51ff5129ce1a732bbef5928568b8092d412ef95611616376bbeed?s=96&d=mm&r=g\",\"caption\":\"f1000024\"},\"url\":\"https:\\\/\\\/cvinoticias.com\\\/v3\\\/author\\\/f1000024\\\/\"}]}<\/script>\n<!-- \/ Yoast SEO plugin. -->","yoast_head_json":{"title":"Detectaron un nuevo caso de la variante Delta en la Argentina | CVI NOTICIAS","robots":{"index":"index","follow":"follow","max-snippet":"max-snippet:-1","max-image-preview":"max-image-preview:large","max-video-preview":"max-video-preview:-1"},"canonical":"https:\/\/cvinoticias.com\/v3\/detectaron-un-nuevo-caso-de-la-variante-delta-en-la-argentina\/","og_locale":"es_ES","og_type":"article","og_title":"Detectaron un nuevo caso de la variante Delta en la Argentina | CVI NOTICIAS","og_description":"Se trata de un hombre de 26 a\u00f1os que lleg\u00f3 al pa\u00eds el d\u00eda 4 de junio procedente de Estados Unidos. El ministerio de Salud inform\u00f3 este domingo que las autoridades sanitarias del pa\u00eds detectaron la variante Delta del COVID-19 en un pasajero argentino proveniente de Estados Unidos. Desde la detecci\u00f3n al ingreso al pa\u00eds, [&hellip;]","og_url":"https:\/\/cvinoticias.com\/v3\/detectaron-un-nuevo-caso-de-la-variante-delta-en-la-argentina\/","og_site_name":"CVI NOTICIAS","article_publisher":"https:\/\/www.facebook.com\/cvinoticias","article_published_time":"2021-06-21T03:27:24+00:00","og_image":[{"width":1080,"height":786,"url":"https:\/\/cvinoticias.com\/wp-content\/uploads\/2021\/06\/Screenshot_20210621-002623_Facebook.jpg","type":"image\/jpeg"}],"author":"f1000024","twitter_card":"summary_large_image","twitter_misc":{"Escrito por":"f1000024","Tiempo de lectura":"3 minutos"},"schema":{"@context":"https:\/\/schema.org","@graph":[{"@type":"Article","@id":"https:\/\/cvinoticias.com\/v3\/detectaron-un-nuevo-caso-de-la-variante-delta-en-la-argentina\/#article","isPartOf":{"@id":"https:\/\/cvinoticias.com\/v3\/detectaron-un-nuevo-caso-de-la-variante-delta-en-la-argentina\/"},"author":{"name":"f1000024","@id":"https:\/\/cvinoticias.com\/v3\/#\/schema\/person\/2db77e3c6bc03c538495d7b2b8be9b66"},"headline":"Detectaron un nuevo caso de la variante Delta en la Argentina","datePublished":"2021-06-21T03:27:24+00:00","mainEntityOfPage":{"@id":"https:\/\/cvinoticias.com\/v3\/detectaron-un-nuevo-caso-de-la-variante-delta-en-la-argentina\/"},"wordCount":629,"commentCount":1,"publisher":{"@id":"https:\/\/cvinoticias.com\/v3\/#organization"},"image":{"@id":"https:\/\/cvinoticias.com\/v3\/detectaron-un-nuevo-caso-de-la-variante-delta-en-la-argentina\/#primaryimage"},"thumbnailUrl":"https:\/\/cvinoticias.com\/wp-content\/uploads\/2021\/06\/Screenshot_20210621-002623_Facebook.jpg","articleSection":["Covid-19","Salud"],"inLanguage":"es","potentialAction":[{"@type":"CommentAction","name":"Comment","target":["https:\/\/cvinoticias.com\/v3\/detectaron-un-nuevo-caso-de-la-variante-delta-en-la-argentina\/#respond"]}]},{"@type":"WebPage","@id":"https:\/\/cvinoticias.com\/v3\/detectaron-un-nuevo-caso-de-la-variante-delta-en-la-argentina\/","url":"https:\/\/cvinoticias.com\/v3\/detectaron-un-nuevo-caso-de-la-variante-delta-en-la-argentina\/","name":"Detectaron un nuevo caso de la variante Delta en la Argentina | CVI NOTICIAS","isPartOf":{"@id":"https:\/\/cvinoticias.com\/v3\/#website"},"primaryImageOfPage":{"@id":"https:\/\/cvinoticias.com\/v3\/detectaron-un-nuevo-caso-de-la-variante-delta-en-la-argentina\/#primaryimage"},"image":{"@id":"https:\/\/cvinoticias.com\/v3\/detectaron-un-nuevo-caso-de-la-variante-delta-en-la-argentina\/#primaryimage"},"thumbnailUrl":"https:\/\/cvinoticias.com\/wp-content\/uploads\/2021\/06\/Screenshot_20210621-002623_Facebook.jpg","datePublished":"2021-06-21T03:27:24+00:00","breadcrumb":{"@id":"https:\/\/cvinoticias.com\/v3\/detectaron-un-nuevo-caso-de-la-variante-delta-en-la-argentina\/#breadcrumb"},"inLanguage":"es","potentialAction":[{"@type":"ReadAction","target":["https:\/\/cvinoticias.com\/v3\/detectaron-un-nuevo-caso-de-la-variante-delta-en-la-argentina\/"]}]},{"@type":"ImageObject","inLanguage":"es","@id":"https:\/\/cvinoticias.com\/v3\/detectaron-un-nuevo-caso-de-la-variante-delta-en-la-argentina\/#primaryimage","url":"https:\/\/cvinoticias.com\/wp-content\/uploads\/2021\/06\/Screenshot_20210621-002623_Facebook.jpg","contentUrl":"https:\/\/cvinoticias.com\/wp-content\/uploads\/2021\/06\/Screenshot_20210621-002623_Facebook.jpg","width":1080,"height":786},{"@type":"BreadcrumbList","@id":"https:\/\/cvinoticias.com\/v3\/detectaron-un-nuevo-caso-de-la-variante-delta-en-la-argentina\/#breadcrumb","itemListElement":[{"@type":"ListItem","position":1,"name":"Portada","item":"https:\/\/cvinoticias.com\/v3\/"},{"@type":"ListItem","position":2,"name":"Detectaron un nuevo caso de la variante Delta en la Argentina"}]},{"@type":"WebSite","@id":"https:\/\/cvinoticias.com\/v3\/#website","url":"https:\/\/cvinoticias.com\/v3\/","name":"CVI NOTICIAS","description":"","publisher":{"@id":"https:\/\/cvinoticias.com\/v3\/#organization"},"alternateName":"CVI","potentialAction":[{"@type":"SearchAction","target":{"@type":"EntryPoint","urlTemplate":"https:\/\/cvinoticias.com\/v3\/?s={search_term_string}"},"query-input":{"@type":"PropertyValueSpecification","valueRequired":true,"valueName":"search_term_string"}}],"inLanguage":"es"},{"@type":"Organization","@id":"https:\/\/cvinoticias.com\/v3\/#organization","name":"CVI NOTICIAS","url":"https:\/\/cvinoticias.com\/v3\/","logo":{"@type":"ImageObject","inLanguage":"es","@id":"https:\/\/cvinoticias.com\/v3\/#\/schema\/logo\/image\/","url":"https:\/\/cvinoticias.com\/wp-content\/uploads\/2023\/04\/cropped-cropped-cropped-cropped-cropped-3-1.png","contentUrl":"https:\/\/cvinoticias.com\/wp-content\/uploads\/2023\/04\/cropped-cropped-cropped-cropped-cropped-3-1.png","width":95,"height":122,"caption":"CVI NOTICIAS"},"image":{"@id":"https:\/\/cvinoticias.com\/v3\/#\/schema\/logo\/image\/"},"sameAs":["https:\/\/www.facebook.com\/cvinoticias","https:\/\/www.instagram.com\/cvinoticias\/","https:\/\/www.youtube.com\/@CVINOTICIAS"]},{"@type":"Person","@id":"https:\/\/cvinoticias.com\/v3\/#\/schema\/person\/2db77e3c6bc03c538495d7b2b8be9b66","name":"f1000024","image":{"@type":"ImageObject","inLanguage":"es","@id":"https:\/\/secure.gravatar.com\/avatar\/d4fe7459cfc51ff5129ce1a732bbef5928568b8092d412ef95611616376bbeed?s=96&d=mm&r=g","url":"https:\/\/secure.gravatar.com\/avatar\/d4fe7459cfc51ff5129ce1a732bbef5928568b8092d412ef95611616376bbeed?s=96&d=mm&r=g","contentUrl":"https:\/\/secure.gravatar.com\/avatar\/d4fe7459cfc51ff5129ce1a732bbef5928568b8092d412ef95611616376bbeed?s=96&d=mm&r=g","caption":"f1000024"},"url":"https:\/\/cvinoticias.com\/v3\/author\/f1000024\/"}]}},"_links":{"self":[{"href":"https:\/\/cvinoticias.com\/v3\/wp-json\/wp\/v2\/posts\/6143","targetHints":{"allow":["GET"]}}],"collection":[{"href":"https:\/\/cvinoticias.com\/v3\/wp-json\/wp\/v2\/posts"}],"about":[{"href":"https:\/\/cvinoticias.com\/v3\/wp-json\/wp\/v2\/types\/post"}],"author":[{"embeddable":true,"href":"https:\/\/cvinoticias.com\/v3\/wp-json\/wp\/v2\/users\/2"}],"replies":[{"embeddable":true,"href":"https:\/\/cvinoticias.com\/v3\/wp-json\/wp\/v2\/comments?post=6143"}],"version-history":[{"count":1,"href":"https:\/\/cvinoticias.com\/v3\/wp-json\/wp\/v2\/posts\/6143\/revisions"}],"predecessor-version":[{"id":6145,"href":"https:\/\/cvinoticias.com\/v3\/wp-json\/wp\/v2\/posts\/6143\/revisions\/6145"}],"wp:featuredmedia":[{"embeddable":true,"href":"https:\/\/cvinoticias.com\/v3\/wp-json\/wp\/v2\/media\/6144"}],"wp:attachment":[{"href":"https:\/\/cvinoticias.com\/v3\/wp-json\/wp\/v2\/media?parent=6143"}],"wp:term":[{"taxonomy":"category","embeddable":true,"href":"https:\/\/cvinoticias.com\/v3\/wp-json\/wp\/v2\/categories?post=6143"},{"taxonomy":"post_tag","embeddable":true,"href":"https:\/\/cvinoticias.com\/v3\/wp-json\/wp\/v2\/tags?post=6143"}],"curies":[{"name":"wp","href":"https:\/\/api.w.org\/{rel}","templated":true}]}}