{"id":6140,"date":"2021-06-21T02:06:18","date_gmt":"2021-06-21T02:06:18","guid":{"rendered":"https:\/\/cvinoticias.com\/v3\/?p=6140"},"modified":"2021-06-21T02:06:18","modified_gmt":"2021-06-21T02:06:18","slug":"jubilados-no-tendran-que-hacer-tramites-de-supervivencia-hasta-fin-de-ano","status":"publish","type":"post","link":"https:\/\/cvinoticias.com\/v3\/jubilados-no-tendran-que-hacer-tramites-de-supervivencia-hasta-fin-de-ano\/","title":{"rendered":"Jubilados no tendr\u00e1n que hacer tr\u00e1mites de \u201csupervivencia\u201d hasta fin de a\u00f1o"},"content":{"rendered":"\n<p><strong><em>ANSeS lo suspendi\u00f3 por otros seis meses, a la espera de la puesta en marcha de la \u201cPlataforma federal del Certificado Digital de Hechos Vitales\u201d<\/em><\/strong><\/p>\n\n\n\n<p>La Administraci\u00f3n Nacional de Seguridad Social (ANSeS) extendi\u00f3 nuevamente, ahora hasta el 31 de diciembre, la suspensi\u00f3n del tr\u00e1mite de \u201cfe de vida\u201d (que muchos conocen como \u201csupervivencia\u201d) para el cobro de jubilaciones y pensiones<strong>.<\/strong><\/p>\n\n\n\n<p>De este modo, se\u00f1al\u00f3 la entidad en un comunicado,\u00a0\u201clos beneficiarios y beneficiarias no deben concurrir a los bancos para hacer el tr\u00e1mite\u201d\u00a0para el cobro de las jubilaciones y pensiones de julio, agosto, septiembre, octubre, noviembre y diciembre.<\/p>\n\n\n\n<p>Adem\u00e1s, la ANSeS estableci\u00f3 que los titulares de haberes previsionales residentes en el exterior puedan presentar, de forma excepcional, el certificado de supervivencia semestral ante el banco apoderado tambi\u00e9n hasta el \u00faltimo d\u00eda de diciembre.<\/p>\n\n\n\n<p>La suspensi\u00f3n vigente de realizaci\u00f3n del tr\u00e1mite expiraba el 30 de junio\u00a0y hab\u00eda sido anunciada el 19 de marzo pasado, cuando la fecha de vencimiento era el 31 de marzo, por tres meses.<\/p>\n\n\n\n<p>Ahora, en cambio, la agencia que encabeza Fernanda Raverta decidi\u00f3 estirar por seis meses la\u00a0suspensi\u00f3n de obligatoriedad del tr\u00e1mite para percibir los haberes, sean estos jubilaciones o pensiones.<\/p>\n\n\n\n<p>En condiciones normales, el tr\u00e1mite es un requisito necesario para el cobro de las jubilaciones y pensiones, y lo deben realizar los jubilados y pensionados personalmente o por medio de sus apoderados.<\/p>\n\n\n\n<p>En septiembre de 2020 el Gobierno hab\u00eda firmado un convenio para poner en marcha la Plataforma federal del Certificado Digital de Hechos Vitales, que permitir\u00e1, entre otros beneficios, que 7 millones de jubiladas y jubilados\u00a0no deban movilizarse para obtener la fe de vida, y que los reci\u00e9n nacidos obtengan sus certificados de nacimiento de manera simplificada.<\/p>\n\n\n\n<p>La nueva herramienta estar\u00eda disponible en el transcurso de este a\u00f1o, pero a\u00fan no se materializ\u00f3.\u00a0Servir\u00eda para contar con documentaci\u00f3n mediante la cual se comprueban los hechos vitales de los ciudadanos (nacimientos y defunciones). Informaci\u00f3n confeccionada por m\u00e9dicos matriculados e inscripta a tal fin con firma digital registrada.<\/p>\n\n\n\n<p>El sistema de \u201cFe de Vida\u201d, para evitar fraudes en la percepci\u00f3n de haberes, abarca y articula las 24 jurisdicciones del pa\u00eds, junto a los ministerios de Salud provinciales, PAMI, instituciones financieras y otros organismos p\u00fablicos y privados.<\/p>\n\n\n\n<p>La digitalizaci\u00f3n anunciada, pero a\u00fan no concretada, permitir\u00eda que las diferentes instituciones involucradas en el proceso cuenten con informaci\u00f3n en tiempo real para la realizaci\u00f3n de pol\u00edticas sanitarias, de previsi\u00f3n social, de identidad y de inclusi\u00f3n financiera.<\/p>\n\n\n\n<p>Cuando se anunci\u00f3 este nuevo procedimiento, Raverta destac\u00f3 que \u201ceste convenio permite cuidar en materia de salud a nuestros jubilados y jubiladas, y resolver de manera inteligente el tr\u00e1mite de Fe de Vida. Se trata de facilitar el intercambio de informaci\u00f3n entre organismos nacionales y provinciales que impactar\u00e1 directamente en nuestra base de datos\u201d.<\/p>\n\n\n\n<p>La intenci\u00f3n declarada es avanzar en un modelo de digitalizaci\u00f3n para evitar el tr\u00e1mite de fe de vida de los jubilados y pensionados, a partir de una plataforma desarrollada localmente y a cargo del Registro Nacional de las Personas (Renaper), dependiente del Ministerio del Interior, en conjunto con la ANSeS y que se articular\u00eda con los registros civiles de las 24 jurisdicciones del pa\u00eds.<\/p>\n","protected":false},"excerpt":{"rendered":"<p>ANSeS lo suspendi\u00f3 por otros seis meses, a la espera de la puesta en marcha de la \u201cPlataforma federal del Certificado Digital de Hechos Vitales\u201d La Administraci\u00f3n Nacional de Seguridad Social (ANSeS) extendi\u00f3 nuevamente, ahora hasta el 31 de diciembre, la suspensi\u00f3n del tr\u00e1mite de \u201cfe de vida\u201d (que muchos conocen como \u201csupervivencia\u201d) para el [&hellip;]<\/p>\n","protected":false},"author":2,"featured_media":6141,"comment_status":"open","ping_status":"open","sticky":false,"template":"","format":"standard","meta":{"footnotes":""},"categories":[35],"tags":[],"class_list":["post-6140","post","type-post","status-publish","format-standard","has-post-thumbnail","hentry","category-informacion-general"],"yoast_head":"<!-- This site is optimized with the Yoast SEO plugin v27.5 - https:\/\/yoast.com\/product\/yoast-seo-wordpress\/ -->\n<title>Jubilados no tendr\u00e1n que hacer tr\u00e1mites de \u201csupervivencia\u201d hasta fin de a\u00f1o | CVI NOTICIAS<\/title>\n<meta name=\"robots\" content=\"index, follow, max-snippet:-1, max-image-preview:large, max-video-preview:-1\" \/>\n<link rel=\"canonical\" href=\"https:\/\/cvinoticias.com\/v3\/jubilados-no-tendran-que-hacer-tramites-de-supervivencia-hasta-fin-de-ano\/\" \/>\n<meta property=\"og:locale\" content=\"es_ES\" \/>\n<meta property=\"og:type\" content=\"article\" \/>\n<meta property=\"og:title\" content=\"Jubilados no tendr\u00e1n que hacer tr\u00e1mites de \u201csupervivencia\u201d hasta fin de a\u00f1o | CVI NOTICIAS\" \/>\n<meta property=\"og:description\" content=\"ANSeS lo suspendi\u00f3 por otros seis meses, a la espera de la puesta en marcha de la \u201cPlataforma federal del Certificado Digital de Hechos Vitales\u201d La Administraci\u00f3n Nacional de Seguridad Social (ANSeS) extendi\u00f3 nuevamente, ahora hasta el 31 de diciembre, la suspensi\u00f3n del tr\u00e1mite de \u201cfe de vida\u201d (que muchos conocen como \u201csupervivencia\u201d) para el [&hellip;]\" \/>\n<meta property=\"og:url\" content=\"https:\/\/cvinoticias.com\/v3\/jubilados-no-tendran-que-hacer-tramites-de-supervivencia-hasta-fin-de-ano\/\" \/>\n<meta property=\"og:site_name\" content=\"CVI NOTICIAS\" \/>\n<meta property=\"article:publisher\" content=\"https:\/\/www.facebook.com\/cvinoticias\" \/>\n<meta property=\"article:published_time\" content=\"2021-06-21T02:06:18+00:00\" \/>\n<meta property=\"og:image\" content=\"https:\/\/cvinoticias.com\/wp-content\/uploads\/2021\/06\/anses-atencion-a-jubilados-y-pensionados-20-06-2021.jpg\" \/>\n\t<meta property=\"og:image:width\" content=\"1000\" \/>\n\t<meta property=\"og:image:height\" content=\"562\" \/>\n\t<meta property=\"og:image:type\" content=\"image\/jpeg\" \/>\n<meta name=\"author\" content=\"f1000024\" \/>\n<meta name=\"twitter:card\" content=\"summary_large_image\" \/>\n<meta name=\"twitter:label1\" content=\"Escrito por\" \/>\n\t<meta name=\"twitter:data1\" content=\"f1000024\" \/>\n\t<meta name=\"twitter:label2\" content=\"Tiempo de lectura\" \/>\n\t<meta name=\"twitter:data2\" content=\"3 minutos\" \/>\n<script type=\"application\/ld+json\" class=\"yoast-schema-graph\">{\"@context\":\"https:\\\/\\\/schema.org\",\"@graph\":[{\"@type\":\"Article\",\"@id\":\"https:\\\/\\\/cvinoticias.com\\\/v3\\\/jubilados-no-tendran-que-hacer-tramites-de-supervivencia-hasta-fin-de-ano\\\/#article\",\"isPartOf\":{\"@id\":\"https:\\\/\\\/cvinoticias.com\\\/v3\\\/jubilados-no-tendran-que-hacer-tramites-de-supervivencia-hasta-fin-de-ano\\\/\"},\"author\":{\"name\":\"f1000024\",\"@id\":\"https:\\\/\\\/cvinoticias.com\\\/v3\\\/#\\\/schema\\\/person\\\/2db77e3c6bc03c538495d7b2b8be9b66\"},\"headline\":\"Jubilados no tendr\u00e1n que hacer tr\u00e1mites de \u201csupervivencia\u201d hasta fin de a\u00f1o\",\"datePublished\":\"2021-06-21T02:06:18+00:00\",\"mainEntityOfPage\":{\"@id\":\"https:\\\/\\\/cvinoticias.com\\\/v3\\\/jubilados-no-tendran-que-hacer-tramites-de-supervivencia-hasta-fin-de-ano\\\/\"},\"wordCount\":577,\"commentCount\":0,\"publisher\":{\"@id\":\"https:\\\/\\\/cvinoticias.com\\\/v3\\\/#organization\"},\"image\":{\"@id\":\"https:\\\/\\\/cvinoticias.com\\\/v3\\\/jubilados-no-tendran-que-hacer-tramites-de-supervivencia-hasta-fin-de-ano\\\/#primaryimage\"},\"thumbnailUrl\":\"https:\\\/\\\/cvinoticias.com\\\/wp-content\\\/uploads\\\/2021\\\/06\\\/anses-atencion-a-jubilados-y-pensionados-20-06-2021.jpg\",\"articleSection\":[\"Informaci\u00f3n General\"],\"inLanguage\":\"es\",\"potentialAction\":[{\"@type\":\"CommentAction\",\"name\":\"Comment\",\"target\":[\"https:\\\/\\\/cvinoticias.com\\\/v3\\\/jubilados-no-tendran-que-hacer-tramites-de-supervivencia-hasta-fin-de-ano\\\/#respond\"]}]},{\"@type\":\"WebPage\",\"@id\":\"https:\\\/\\\/cvinoticias.com\\\/v3\\\/jubilados-no-tendran-que-hacer-tramites-de-supervivencia-hasta-fin-de-ano\\\/\",\"url\":\"https:\\\/\\\/cvinoticias.com\\\/v3\\\/jubilados-no-tendran-que-hacer-tramites-de-supervivencia-hasta-fin-de-ano\\\/\",\"name\":\"Jubilados no tendr\u00e1n que hacer tr\u00e1mites de \u201csupervivencia\u201d hasta fin de a\u00f1o | CVI NOTICIAS\",\"isPartOf\":{\"@id\":\"https:\\\/\\\/cvinoticias.com\\\/v3\\\/#website\"},\"primaryImageOfPage\":{\"@id\":\"https:\\\/\\\/cvinoticias.com\\\/v3\\\/jubilados-no-tendran-que-hacer-tramites-de-supervivencia-hasta-fin-de-ano\\\/#primaryimage\"},\"image\":{\"@id\":\"https:\\\/\\\/cvinoticias.com\\\/v3\\\/jubilados-no-tendran-que-hacer-tramites-de-supervivencia-hasta-fin-de-ano\\\/#primaryimage\"},\"thumbnailUrl\":\"https:\\\/\\\/cvinoticias.com\\\/wp-content\\\/uploads\\\/2021\\\/06\\\/anses-atencion-a-jubilados-y-pensionados-20-06-2021.jpg\",\"datePublished\":\"2021-06-21T02:06:18+00:00\",\"breadcrumb\":{\"@id\":\"https:\\\/\\\/cvinoticias.com\\\/v3\\\/jubilados-no-tendran-que-hacer-tramites-de-supervivencia-hasta-fin-de-ano\\\/#breadcrumb\"},\"inLanguage\":\"es\",\"potentialAction\":[{\"@type\":\"ReadAction\",\"target\":[\"https:\\\/\\\/cvinoticias.com\\\/v3\\\/jubilados-no-tendran-que-hacer-tramites-de-supervivencia-hasta-fin-de-ano\\\/\"]}]},{\"@type\":\"ImageObject\",\"inLanguage\":\"es\",\"@id\":\"https:\\\/\\\/cvinoticias.com\\\/v3\\\/jubilados-no-tendran-que-hacer-tramites-de-supervivencia-hasta-fin-de-ano\\\/#primaryimage\",\"url\":\"https:\\\/\\\/cvinoticias.com\\\/wp-content\\\/uploads\\\/2021\\\/06\\\/anses-atencion-a-jubilados-y-pensionados-20-06-2021.jpg\",\"contentUrl\":\"https:\\\/\\\/cvinoticias.com\\\/wp-content\\\/uploads\\\/2021\\\/06\\\/anses-atencion-a-jubilados-y-pensionados-20-06-2021.jpg\",\"width\":1000,\"height\":562},{\"@type\":\"BreadcrumbList\",\"@id\":\"https:\\\/\\\/cvinoticias.com\\\/v3\\\/jubilados-no-tendran-que-hacer-tramites-de-supervivencia-hasta-fin-de-ano\\\/#breadcrumb\",\"itemListElement\":[{\"@type\":\"ListItem\",\"position\":1,\"name\":\"Portada\",\"item\":\"https:\\\/\\\/cvinoticias.com\\\/v3\\\/\"},{\"@type\":\"ListItem\",\"position\":2,\"name\":\"Jubilados no tendr\u00e1n que hacer tr\u00e1mites de \u201csupervivencia\u201d hasta fin de a\u00f1o\"}]},{\"@type\":\"WebSite\",\"@id\":\"https:\\\/\\\/cvinoticias.com\\\/v3\\\/#website\",\"url\":\"https:\\\/\\\/cvinoticias.com\\\/v3\\\/\",\"name\":\"CVI NOTICIAS\",\"description\":\"\",\"publisher\":{\"@id\":\"https:\\\/\\\/cvinoticias.com\\\/v3\\\/#organization\"},\"alternateName\":\"CVI\",\"potentialAction\":[{\"@type\":\"SearchAction\",\"target\":{\"@type\":\"EntryPoint\",\"urlTemplate\":\"https:\\\/\\\/cvinoticias.com\\\/v3\\\/?s={search_term_string}\"},\"query-input\":{\"@type\":\"PropertyValueSpecification\",\"valueRequired\":true,\"valueName\":\"search_term_string\"}}],\"inLanguage\":\"es\"},{\"@type\":\"Organization\",\"@id\":\"https:\\\/\\\/cvinoticias.com\\\/v3\\\/#organization\",\"name\":\"CVI NOTICIAS\",\"url\":\"https:\\\/\\\/cvinoticias.com\\\/v3\\\/\",\"logo\":{\"@type\":\"ImageObject\",\"inLanguage\":\"es\",\"@id\":\"https:\\\/\\\/cvinoticias.com\\\/v3\\\/#\\\/schema\\\/logo\\\/image\\\/\",\"url\":\"https:\\\/\\\/cvinoticias.com\\\/wp-content\\\/uploads\\\/2023\\\/04\\\/cropped-cropped-cropped-cropped-cropped-3-1.png\",\"contentUrl\":\"https:\\\/\\\/cvinoticias.com\\\/wp-content\\\/uploads\\\/2023\\\/04\\\/cropped-cropped-cropped-cropped-cropped-3-1.png\",\"width\":95,\"height\":122,\"caption\":\"CVI NOTICIAS\"},\"image\":{\"@id\":\"https:\\\/\\\/cvinoticias.com\\\/v3\\\/#\\\/schema\\\/logo\\\/image\\\/\"},\"sameAs\":[\"https:\\\/\\\/www.facebook.com\\\/cvinoticias\",\"https:\\\/\\\/www.instagram.com\\\/cvinoticias\\\/\",\"https:\\\/\\\/www.youtube.com\\\/@CVINOTICIAS\"]},{\"@type\":\"Person\",\"@id\":\"https:\\\/\\\/cvinoticias.com\\\/v3\\\/#\\\/schema\\\/person\\\/2db77e3c6bc03c538495d7b2b8be9b66\",\"name\":\"f1000024\",\"image\":{\"@type\":\"ImageObject\",\"inLanguage\":\"es\",\"@id\":\"https:\\\/\\\/secure.gravatar.com\\\/avatar\\\/d4fe7459cfc51ff5129ce1a732bbef5928568b8092d412ef95611616376bbeed?s=96&d=mm&r=g\",\"url\":\"https:\\\/\\\/secure.gravatar.com\\\/avatar\\\/d4fe7459cfc51ff5129ce1a732bbef5928568b8092d412ef95611616376bbeed?s=96&d=mm&r=g\",\"contentUrl\":\"https:\\\/\\\/secure.gravatar.com\\\/avatar\\\/d4fe7459cfc51ff5129ce1a732bbef5928568b8092d412ef95611616376bbeed?s=96&d=mm&r=g\",\"caption\":\"f1000024\"},\"url\":\"https:\\\/\\\/cvinoticias.com\\\/v3\\\/author\\\/f1000024\\\/\"}]}<\/script>\n<!-- \/ Yoast SEO plugin. -->","yoast_head_json":{"title":"Jubilados no tendr\u00e1n que hacer tr\u00e1mites de \u201csupervivencia\u201d hasta fin de a\u00f1o | CVI NOTICIAS","robots":{"index":"index","follow":"follow","max-snippet":"max-snippet:-1","max-image-preview":"max-image-preview:large","max-video-preview":"max-video-preview:-1"},"canonical":"https:\/\/cvinoticias.com\/v3\/jubilados-no-tendran-que-hacer-tramites-de-supervivencia-hasta-fin-de-ano\/","og_locale":"es_ES","og_type":"article","og_title":"Jubilados no tendr\u00e1n que hacer tr\u00e1mites de \u201csupervivencia\u201d hasta fin de a\u00f1o | CVI NOTICIAS","og_description":"ANSeS lo suspendi\u00f3 por otros seis meses, a la espera de la puesta en marcha de la \u201cPlataforma federal del Certificado Digital de Hechos Vitales\u201d La Administraci\u00f3n Nacional de Seguridad Social (ANSeS) extendi\u00f3 nuevamente, ahora hasta el 31 de diciembre, la suspensi\u00f3n del tr\u00e1mite de \u201cfe de vida\u201d (que muchos conocen como \u201csupervivencia\u201d) para el [&hellip;]","og_url":"https:\/\/cvinoticias.com\/v3\/jubilados-no-tendran-que-hacer-tramites-de-supervivencia-hasta-fin-de-ano\/","og_site_name":"CVI NOTICIAS","article_publisher":"https:\/\/www.facebook.com\/cvinoticias","article_published_time":"2021-06-21T02:06:18+00:00","og_image":[{"width":1000,"height":562,"url":"https:\/\/cvinoticias.com\/wp-content\/uploads\/2021\/06\/anses-atencion-a-jubilados-y-pensionados-20-06-2021.jpg","type":"image\/jpeg"}],"author":"f1000024","twitter_card":"summary_large_image","twitter_misc":{"Escrito por":"f1000024","Tiempo de lectura":"3 minutos"},"schema":{"@context":"https:\/\/schema.org","@graph":[{"@type":"Article","@id":"https:\/\/cvinoticias.com\/v3\/jubilados-no-tendran-que-hacer-tramites-de-supervivencia-hasta-fin-de-ano\/#article","isPartOf":{"@id":"https:\/\/cvinoticias.com\/v3\/jubilados-no-tendran-que-hacer-tramites-de-supervivencia-hasta-fin-de-ano\/"},"author":{"name":"f1000024","@id":"https:\/\/cvinoticias.com\/v3\/#\/schema\/person\/2db77e3c6bc03c538495d7b2b8be9b66"},"headline":"Jubilados no tendr\u00e1n que hacer tr\u00e1mites de \u201csupervivencia\u201d hasta fin de a\u00f1o","datePublished":"2021-06-21T02:06:18+00:00","mainEntityOfPage":{"@id":"https:\/\/cvinoticias.com\/v3\/jubilados-no-tendran-que-hacer-tramites-de-supervivencia-hasta-fin-de-ano\/"},"wordCount":577,"commentCount":0,"publisher":{"@id":"https:\/\/cvinoticias.com\/v3\/#organization"},"image":{"@id":"https:\/\/cvinoticias.com\/v3\/jubilados-no-tendran-que-hacer-tramites-de-supervivencia-hasta-fin-de-ano\/#primaryimage"},"thumbnailUrl":"https:\/\/cvinoticias.com\/wp-content\/uploads\/2021\/06\/anses-atencion-a-jubilados-y-pensionados-20-06-2021.jpg","articleSection":["Informaci\u00f3n General"],"inLanguage":"es","potentialAction":[{"@type":"CommentAction","name":"Comment","target":["https:\/\/cvinoticias.com\/v3\/jubilados-no-tendran-que-hacer-tramites-de-supervivencia-hasta-fin-de-ano\/#respond"]}]},{"@type":"WebPage","@id":"https:\/\/cvinoticias.com\/v3\/jubilados-no-tendran-que-hacer-tramites-de-supervivencia-hasta-fin-de-ano\/","url":"https:\/\/cvinoticias.com\/v3\/jubilados-no-tendran-que-hacer-tramites-de-supervivencia-hasta-fin-de-ano\/","name":"Jubilados no tendr\u00e1n que hacer tr\u00e1mites de \u201csupervivencia\u201d hasta fin de a\u00f1o | CVI NOTICIAS","isPartOf":{"@id":"https:\/\/cvinoticias.com\/v3\/#website"},"primaryImageOfPage":{"@id":"https:\/\/cvinoticias.com\/v3\/jubilados-no-tendran-que-hacer-tramites-de-supervivencia-hasta-fin-de-ano\/#primaryimage"},"image":{"@id":"https:\/\/cvinoticias.com\/v3\/jubilados-no-tendran-que-hacer-tramites-de-supervivencia-hasta-fin-de-ano\/#primaryimage"},"thumbnailUrl":"https:\/\/cvinoticias.com\/wp-content\/uploads\/2021\/06\/anses-atencion-a-jubilados-y-pensionados-20-06-2021.jpg","datePublished":"2021-06-21T02:06:18+00:00","breadcrumb":{"@id":"https:\/\/cvinoticias.com\/v3\/jubilados-no-tendran-que-hacer-tramites-de-supervivencia-hasta-fin-de-ano\/#breadcrumb"},"inLanguage":"es","potentialAction":[{"@type":"ReadAction","target":["https:\/\/cvinoticias.com\/v3\/jubilados-no-tendran-que-hacer-tramites-de-supervivencia-hasta-fin-de-ano\/"]}]},{"@type":"ImageObject","inLanguage":"es","@id":"https:\/\/cvinoticias.com\/v3\/jubilados-no-tendran-que-hacer-tramites-de-supervivencia-hasta-fin-de-ano\/#primaryimage","url":"https:\/\/cvinoticias.com\/wp-content\/uploads\/2021\/06\/anses-atencion-a-jubilados-y-pensionados-20-06-2021.jpg","contentUrl":"https:\/\/cvinoticias.com\/wp-content\/uploads\/2021\/06\/anses-atencion-a-jubilados-y-pensionados-20-06-2021.jpg","width":1000,"height":562},{"@type":"BreadcrumbList","@id":"https:\/\/cvinoticias.com\/v3\/jubilados-no-tendran-que-hacer-tramites-de-supervivencia-hasta-fin-de-ano\/#breadcrumb","itemListElement":[{"@type":"ListItem","position":1,"name":"Portada","item":"https:\/\/cvinoticias.com\/v3\/"},{"@type":"ListItem","position":2,"name":"Jubilados no tendr\u00e1n que hacer tr\u00e1mites de \u201csupervivencia\u201d hasta fin de a\u00f1o"}]},{"@type":"WebSite","@id":"https:\/\/cvinoticias.com\/v3\/#website","url":"https:\/\/cvinoticias.com\/v3\/","name":"CVI NOTICIAS","description":"","publisher":{"@id":"https:\/\/cvinoticias.com\/v3\/#organization"},"alternateName":"CVI","potentialAction":[{"@type":"SearchAction","target":{"@type":"EntryPoint","urlTemplate":"https:\/\/cvinoticias.com\/v3\/?s={search_term_string}"},"query-input":{"@type":"PropertyValueSpecification","valueRequired":true,"valueName":"search_term_string"}}],"inLanguage":"es"},{"@type":"Organization","@id":"https:\/\/cvinoticias.com\/v3\/#organization","name":"CVI NOTICIAS","url":"https:\/\/cvinoticias.com\/v3\/","logo":{"@type":"ImageObject","inLanguage":"es","@id":"https:\/\/cvinoticias.com\/v3\/#\/schema\/logo\/image\/","url":"https:\/\/cvinoticias.com\/wp-content\/uploads\/2023\/04\/cropped-cropped-cropped-cropped-cropped-3-1.png","contentUrl":"https:\/\/cvinoticias.com\/wp-content\/uploads\/2023\/04\/cropped-cropped-cropped-cropped-cropped-3-1.png","width":95,"height":122,"caption":"CVI NOTICIAS"},"image":{"@id":"https:\/\/cvinoticias.com\/v3\/#\/schema\/logo\/image\/"},"sameAs":["https:\/\/www.facebook.com\/cvinoticias","https:\/\/www.instagram.com\/cvinoticias\/","https:\/\/www.youtube.com\/@CVINOTICIAS"]},{"@type":"Person","@id":"https:\/\/cvinoticias.com\/v3\/#\/schema\/person\/2db77e3c6bc03c538495d7b2b8be9b66","name":"f1000024","image":{"@type":"ImageObject","inLanguage":"es","@id":"https:\/\/secure.gravatar.com\/avatar\/d4fe7459cfc51ff5129ce1a732bbef5928568b8092d412ef95611616376bbeed?s=96&d=mm&r=g","url":"https:\/\/secure.gravatar.com\/avatar\/d4fe7459cfc51ff5129ce1a732bbef5928568b8092d412ef95611616376bbeed?s=96&d=mm&r=g","contentUrl":"https:\/\/secure.gravatar.com\/avatar\/d4fe7459cfc51ff5129ce1a732bbef5928568b8092d412ef95611616376bbeed?s=96&d=mm&r=g","caption":"f1000024"},"url":"https:\/\/cvinoticias.com\/v3\/author\/f1000024\/"}]}},"_links":{"self":[{"href":"https:\/\/cvinoticias.com\/v3\/wp-json\/wp\/v2\/posts\/6140","targetHints":{"allow":["GET"]}}],"collection":[{"href":"https:\/\/cvinoticias.com\/v3\/wp-json\/wp\/v2\/posts"}],"about":[{"href":"https:\/\/cvinoticias.com\/v3\/wp-json\/wp\/v2\/types\/post"}],"author":[{"embeddable":true,"href":"https:\/\/cvinoticias.com\/v3\/wp-json\/wp\/v2\/users\/2"}],"replies":[{"embeddable":true,"href":"https:\/\/cvinoticias.com\/v3\/wp-json\/wp\/v2\/comments?post=6140"}],"version-history":[{"count":1,"href":"https:\/\/cvinoticias.com\/v3\/wp-json\/wp\/v2\/posts\/6140\/revisions"}],"predecessor-version":[{"id":6142,"href":"https:\/\/cvinoticias.com\/v3\/wp-json\/wp\/v2\/posts\/6140\/revisions\/6142"}],"wp:featuredmedia":[{"embeddable":true,"href":"https:\/\/cvinoticias.com\/v3\/wp-json\/wp\/v2\/media\/6141"}],"wp:attachment":[{"href":"https:\/\/cvinoticias.com\/v3\/wp-json\/wp\/v2\/media?parent=6140"}],"wp:term":[{"taxonomy":"category","embeddable":true,"href":"https:\/\/cvinoticias.com\/v3\/wp-json\/wp\/v2\/categories?post=6140"},{"taxonomy":"post_tag","embeddable":true,"href":"https:\/\/cvinoticias.com\/v3\/wp-json\/wp\/v2\/tags?post=6140"}],"curies":[{"name":"wp","href":"https:\/\/api.w.org\/{rel}","templated":true}]}}