{"id":6109,"date":"2021-06-19T14:39:49","date_gmt":"2021-06-19T14:39:49","guid":{"rendered":"https:\/\/cvinoticias.com\/v3\/?p=6109"},"modified":"2021-06-19T14:39:49","modified_gmt":"2021-06-19T14:39:49","slug":"inauguraron-el-segundo-modulo-de-la-planta-potabilizadora-de-la-cooperativa-de-puerto-rico","status":"publish","type":"post","link":"https:\/\/cvinoticias.com\/v3\/inauguraron-el-segundo-modulo-de-la-planta-potabilizadora-de-la-cooperativa-de-puerto-rico\/","title":{"rendered":"Inauguraron el segundo Modulo de la Planta Potabilizadora de la Cooperativa de Puerto Rico"},"content":{"rendered":"\n<p><strong><em>En Puerto Rico, el Gobernador particip\u00f3 en la inauguraci\u00f3n del nuevo m\u00f3dulo de la planta potabilizadora de la Cooperativa Aguas Puras Puerto Rico Limitada (CAPRIL), que a trav\u00e9s de nueva infraestructura podr\u00e1 duplicar su capacidad de abastecimiento. En el acto, asegur\u00f3 seguir acompa\u00f1ando el plan operativo de la cooperativa y dio detalles de futuras obras importantes en la Capital de la Industria de Misiones.<\/em><\/strong><\/p>\n\n\n\n<p>En horas de la tarde, el gobernador Oscar Herrera Ahuad particip\u00f3 en la inauguraci\u00f3n del nuevo m\u00f3dulo de la planta potabilizadora. Con esta obra la CAPRIL busca fortalecer su capacidad de suministro con proyecci\u00f3n a futuro. En la ocasi\u00f3n, el mandatario acompa\u00f1ado de otros funcionarios recorri\u00f3 las nuevas instalaciones y mantuvo dialogo con los operarios para conocer detalles sobre el funcionamiento de la planta.<\/p>\n\n\n\n<p>En el acto, Herrera Ahuad indic\u00f3 que la cooperativa \u201cha sido un ejemplo en toda la provincia en el manejo de los recursos, pero tambi\u00e9n en los resultados y en la planificaci\u00f3n de obras\u201d. Asegur\u00f3 que el Gobierno provincial va a acompa\u00f1ar e invertir en la sexta etapa del plan operativo de la planta para tener en funcionamiento la obra en dos a\u00f1os y poder generar flujo financiero. Con el mismo \u00e9nfasis, sostuvo que frente a la cuesti\u00f3n del cambio clim\u00e1tico estamos adelantados 50 a\u00f1os con las instalaciones, pero recalc\u00f3 lo necesaria que resulta, porque \u201c50 a\u00f1os es ma\u00f1ana\u201d. En tanto, agradeci\u00f3 el trabajo constante de todos los miembros de la CAPRIL.<\/p>\n\n\n\n<p>Agradecimiento y obras para Puerto Rico<\/p>\n\n\n\n<p>Adem\u00e1s, en el acto, el Gobernador expres\u00f3 al intendente que \u201cvine a agradecerte a vos, a tu pueblo y a toda la dirigencia pol\u00edtica renovadora de Puerto Rico por el acompa\u00f1amiento que recibimos el d\u00eda 6 de julio. Para agradecer a todos los puertorrique\u00f1os porque reafirmaron la condici\u00f3n de trabajo de nuestro gobierno\u201d.&nbsp; \u201cNos han dado la posibilidad de construir hacia adelante, pero tambi\u00e9n de reafirmar nuestro compromiso de seguir haciendo cosas como tiene que ser. Vamos a seguir trabajando en Puerto Rico como lo hacemos en los 77 municipios con las diferentes obras que tenemos\u201d, reforz\u00f3.<\/p>\n\n\n\n<p>Respecto de las obras hechas en Puerto Rico, el mandatario mencion\u00f3 la puesta en marcha de la placita local y los trabajos de asfalto sobre empedrado. En cuanto al futuro Hospital de Alta Complejidad adelant\u00f3 que posiblemente \u201cpara fin de a\u00f1o tendr\u00edamos concluidas varias etapas, pero vamos a tratar de seguir d\u00e1ndole un buen ritmo para que sea un hospital como se merece Puerto Rico\u201d. Asimismo, agradeci\u00f3 en nombre de todos los misioneros el acompa\u00f1amiento del sistema sanitario local, tanto p\u00fablico como privado, en los tiempos dif\u00edciles que corren.<\/p>\n\n\n\n<p>Asimismo, recalc\u00f3 que en estos tiempos dif\u00edciles se pudieron llevar a cabo todas las obras mencionadas y puntualiz\u00f3 que contin\u00faan avanzando la puesta en marcha del Palacio de Justicia, la terminal de \u00f3mnibus y pr\u00f3ximamente la traves\u00eda urbana de Puerto Rico. Mencion\u00f3 tambi\u00e9n el proyecto de potenciar incubadoras de empresas en la localidad una vez concluido Silicon Misiones, todo con el fin de incentivar la recuperaci\u00f3n industrial de la ciudad. En el mismo aspecto, anunci\u00f3 el emplazamiento de una sede local del Fondo de Cr\u00e9dito probablemente antes de fin de a\u00f1o.&nbsp; \u201cEs el compromiso que nosotros tenemos para seguir construyendo un futuro mejor para todos\u201d, a\u00f1adi\u00f3.<\/p>\n\n\n\n<p>En la habilitaci\u00f3n, tambi\u00e9n estuvieron presentes el intendente de Puerto Rico, Carlos Koth; el ministro de Deportes, H\u00e9ctor Corti; el diputado nacional, Ricardo Wellbach y el presidente de la CAPRIL, Oscar Ojeda junto a miembros de dicha cooperativa.<\/p>\n\n\n\n<p>El nuevo modulo<\/p>\n\n\n\n<p>La obra de agua puesta en marcha el d\u00eda de la fecha es parte de un compromiso que ha acompa\u00f1ado el crecimiento poblacional de Puerto Rico en las \u00faltimas d\u00e9cadas. Por ello, la CAPRIL decidi\u00f3 realizar una obra que le permita tomar las precauciones necesarias en la producci\u00f3n de agua potable para poder atender plenamente la creciente demanda. Luego, como respuesta, se inaugur\u00f3 el segundo m\u00f3dulo de la planta de tratamiento de agua, que extrae agua del r\u00edo y que adem\u00e1s tiene la capacidad potabilizar, procesar y tratar el agua, y que fue financiado en parte por el Gobierno provincial.<\/p>\n\n\n\n<p>El nuevo m\u00f3dulo es una copia del m\u00f3dulo anterior y puede procesar 250 metros c\u00fabicos de agua por hora. Esto duplic\u00f3 la capacidad anterior y cre\u00f3 la posibilidad de procesar 500 metros c\u00fabicos de agua por hora. Si es necesario, incluso puede purificar hasta 750 metros c\u00fabicos por hora en poco tiempo. Con las nuevas instalaciones, podr\u00e1n satisfacer las necesidades de una poblaci\u00f3n en crecimiento durante 50 a\u00f1os. Esto ha tenido un impacto positivo en la comuna, que proporciona abastecimiento a aproximadamente 30.000 personas.<\/p>\n\n\n\n<figure class=\"wp-block-image size-large\"><a href=\"https:\/\/cvinoticias.com\/wp-content\/uploads\/2021\/06\/FB_IMG_1624113171188.jpg\"><img decoding=\"async\" width=\"960\" height=\"640\" data-src=\"https:\/\/cvinoticias.com\/wp-content\/uploads\/2021\/06\/FB_IMG_1624113171188.jpg\" alt=\"\" class=\"wp-image-6111 lazyload\" data-srcset=\"https:\/\/cvinoticias.com\/wp-content\/uploads\/2021\/06\/FB_IMG_1624113171188.jpg 960w, https:\/\/cvinoticias.com\/wp-content\/uploads\/2021\/06\/FB_IMG_1624113171188-300x200.jpg 300w, https:\/\/cvinoticias.com\/wp-content\/uploads\/2021\/06\/FB_IMG_1624113171188-768x512.jpg 768w\" data-sizes=\"(max-width: 960px) 100vw, 960px\" src=\"data:image\/svg+xml;base64,PHN2ZyB3aWR0aD0iMSIgaGVpZ2h0PSIxIiB4bWxucz0iaHR0cDovL3d3dy53My5vcmcvMjAwMC9zdmciPjwvc3ZnPg==\" style=\"--smush-placeholder-width: 960px; --smush-placeholder-aspect-ratio: 960\/640;\" \/><\/a><\/figure>\n\n\n\n<figure class=\"wp-block-image size-large\"><a href=\"https:\/\/cvinoticias.com\/wp-content\/uploads\/2021\/06\/FB_IMG_1624113173407.jpg\"><img decoding=\"async\" width=\"960\" height=\"640\" data-src=\"https:\/\/cvinoticias.com\/wp-content\/uploads\/2021\/06\/FB_IMG_1624113173407.jpg\" alt=\"\" class=\"wp-image-6112 lazyload\" data-srcset=\"https:\/\/cvinoticias.com\/wp-content\/uploads\/2021\/06\/FB_IMG_1624113173407.jpg 960w, https:\/\/cvinoticias.com\/wp-content\/uploads\/2021\/06\/FB_IMG_1624113173407-300x200.jpg 300w, https:\/\/cvinoticias.com\/wp-content\/uploads\/2021\/06\/FB_IMG_1624113173407-768x512.jpg 768w\" data-sizes=\"(max-width: 960px) 100vw, 960px\" src=\"data:image\/svg+xml;base64,PHN2ZyB3aWR0aD0iMSIgaGVpZ2h0PSIxIiB4bWxucz0iaHR0cDovL3d3dy53My5vcmcvMjAwMC9zdmciPjwvc3ZnPg==\" style=\"--smush-placeholder-width: 960px; --smush-placeholder-aspect-ratio: 960\/640;\" \/><\/a><\/figure>\n","protected":false},"excerpt":{"rendered":"<p>En Puerto Rico, el Gobernador particip\u00f3 en la inauguraci\u00f3n del nuevo m\u00f3dulo de la planta potabilizadora de la Cooperativa Aguas Puras Puerto Rico Limitada (CAPRIL), que a trav\u00e9s de nueva infraestructura podr\u00e1 duplicar su capacidad de abastecimiento. En el acto, asegur\u00f3 seguir acompa\u00f1ando el plan operativo de la cooperativa y dio detalles de futuras obras [&hellip;]<\/p>\n","protected":false},"author":2,"featured_media":6110,"comment_status":"open","ping_status":"open","sticky":false,"template":"","format":"standard","meta":{"footnotes":""},"categories":[43],"tags":[],"class_list":["post-6109","post","type-post","status-publish","format-standard","has-post-thumbnail","hentry","category-provinciales"],"yoast_head":"<!-- This site is optimized with the Yoast SEO plugin v27.4 - https:\/\/yoast.com\/product\/yoast-seo-wordpress\/ -->\n<title>Inauguraron el segundo Modulo de la Planta Potabilizadora de la Cooperativa de Puerto Rico | CVI NOTICIAS<\/title>\n<meta name=\"robots\" content=\"index, follow, max-snippet:-1, max-image-preview:large, max-video-preview:-1\" \/>\n<link rel=\"canonical\" href=\"https:\/\/cvinoticias.com\/v3\/inauguraron-el-segundo-modulo-de-la-planta-potabilizadora-de-la-cooperativa-de-puerto-rico\/\" \/>\n<meta property=\"og:locale\" content=\"es_ES\" \/>\n<meta property=\"og:type\" content=\"article\" \/>\n<meta property=\"og:title\" content=\"Inauguraron el segundo Modulo de la Planta Potabilizadora de la Cooperativa de Puerto Rico | CVI NOTICIAS\" \/>\n<meta property=\"og:description\" content=\"En Puerto Rico, el Gobernador particip\u00f3 en la inauguraci\u00f3n del nuevo m\u00f3dulo de la planta potabilizadora de la Cooperativa Aguas Puras Puerto Rico Limitada (CAPRIL), que a trav\u00e9s de nueva infraestructura podr\u00e1 duplicar su capacidad de abastecimiento. En el acto, asegur\u00f3 seguir acompa\u00f1ando el plan operativo de la cooperativa y dio detalles de futuras obras [&hellip;]\" \/>\n<meta property=\"og:url\" content=\"https:\/\/cvinoticias.com\/v3\/inauguraron-el-segundo-modulo-de-la-planta-potabilizadora-de-la-cooperativa-de-puerto-rico\/\" \/>\n<meta property=\"og:site_name\" content=\"CVI NOTICIAS\" \/>\n<meta property=\"article:publisher\" content=\"https:\/\/www.facebook.com\/cvinoticias\" \/>\n<meta property=\"article:published_time\" content=\"2021-06-19T14:39:49+00:00\" \/>\n<meta property=\"og:image\" content=\"https:\/\/cvinoticias.com\/wp-content\/uploads\/2021\/06\/FB_IMG_1624113175775.jpg\" \/>\n\t<meta property=\"og:image:width\" content=\"960\" \/>\n\t<meta property=\"og:image:height\" content=\"640\" \/>\n\t<meta property=\"og:image:type\" content=\"image\/jpeg\" \/>\n<meta name=\"author\" content=\"f1000024\" \/>\n<meta name=\"twitter:card\" content=\"summary_large_image\" \/>\n<meta name=\"twitter:label1\" content=\"Escrito por\" \/>\n\t<meta name=\"twitter:data1\" content=\"f1000024\" \/>\n\t<meta name=\"twitter:label2\" content=\"Tiempo de lectura\" \/>\n\t<meta name=\"twitter:data2\" content=\"4 minutos\" \/>\n<script type=\"application\/ld+json\" class=\"yoast-schema-graph\">{\"@context\":\"https:\\\/\\\/schema.org\",\"@graph\":[{\"@type\":\"Article\",\"@id\":\"https:\\\/\\\/cvinoticias.com\\\/v3\\\/inauguraron-el-segundo-modulo-de-la-planta-potabilizadora-de-la-cooperativa-de-puerto-rico\\\/#article\",\"isPartOf\":{\"@id\":\"https:\\\/\\\/cvinoticias.com\\\/v3\\\/inauguraron-el-segundo-modulo-de-la-planta-potabilizadora-de-la-cooperativa-de-puerto-rico\\\/\"},\"author\":{\"name\":\"f1000024\",\"@id\":\"https:\\\/\\\/cvinoticias.com\\\/v3\\\/#\\\/schema\\\/person\\\/2db77e3c6bc03c538495d7b2b8be9b66\"},\"headline\":\"Inauguraron el segundo Modulo de la Planta Potabilizadora de la Cooperativa de Puerto Rico\",\"datePublished\":\"2021-06-19T14:39:49+00:00\",\"mainEntityOfPage\":{\"@id\":\"https:\\\/\\\/cvinoticias.com\\\/v3\\\/inauguraron-el-segundo-modulo-de-la-planta-potabilizadora-de-la-cooperativa-de-puerto-rico\\\/\"},\"wordCount\":828,\"commentCount\":0,\"publisher\":{\"@id\":\"https:\\\/\\\/cvinoticias.com\\\/v3\\\/#organization\"},\"image\":{\"@id\":\"https:\\\/\\\/cvinoticias.com\\\/v3\\\/inauguraron-el-segundo-modulo-de-la-planta-potabilizadora-de-la-cooperativa-de-puerto-rico\\\/#primaryimage\"},\"thumbnailUrl\":\"https:\\\/\\\/cvinoticias.com\\\/wp-content\\\/uploads\\\/2021\\\/06\\\/FB_IMG_1624113175775.jpg\",\"articleSection\":[\"Provinciales\"],\"inLanguage\":\"es\",\"potentialAction\":[{\"@type\":\"CommentAction\",\"name\":\"Comment\",\"target\":[\"https:\\\/\\\/cvinoticias.com\\\/v3\\\/inauguraron-el-segundo-modulo-de-la-planta-potabilizadora-de-la-cooperativa-de-puerto-rico\\\/#respond\"]}]},{\"@type\":\"WebPage\",\"@id\":\"https:\\\/\\\/cvinoticias.com\\\/v3\\\/inauguraron-el-segundo-modulo-de-la-planta-potabilizadora-de-la-cooperativa-de-puerto-rico\\\/\",\"url\":\"https:\\\/\\\/cvinoticias.com\\\/v3\\\/inauguraron-el-segundo-modulo-de-la-planta-potabilizadora-de-la-cooperativa-de-puerto-rico\\\/\",\"name\":\"Inauguraron el segundo Modulo de la Planta Potabilizadora de la Cooperativa de Puerto Rico | CVI NOTICIAS\",\"isPartOf\":{\"@id\":\"https:\\\/\\\/cvinoticias.com\\\/v3\\\/#website\"},\"primaryImageOfPage\":{\"@id\":\"https:\\\/\\\/cvinoticias.com\\\/v3\\\/inauguraron-el-segundo-modulo-de-la-planta-potabilizadora-de-la-cooperativa-de-puerto-rico\\\/#primaryimage\"},\"image\":{\"@id\":\"https:\\\/\\\/cvinoticias.com\\\/v3\\\/inauguraron-el-segundo-modulo-de-la-planta-potabilizadora-de-la-cooperativa-de-puerto-rico\\\/#primaryimage\"},\"thumbnailUrl\":\"https:\\\/\\\/cvinoticias.com\\\/wp-content\\\/uploads\\\/2021\\\/06\\\/FB_IMG_1624113175775.jpg\",\"datePublished\":\"2021-06-19T14:39:49+00:00\",\"breadcrumb\":{\"@id\":\"https:\\\/\\\/cvinoticias.com\\\/v3\\\/inauguraron-el-segundo-modulo-de-la-planta-potabilizadora-de-la-cooperativa-de-puerto-rico\\\/#breadcrumb\"},\"inLanguage\":\"es\",\"potentialAction\":[{\"@type\":\"ReadAction\",\"target\":[\"https:\\\/\\\/cvinoticias.com\\\/v3\\\/inauguraron-el-segundo-modulo-de-la-planta-potabilizadora-de-la-cooperativa-de-puerto-rico\\\/\"]}]},{\"@type\":\"ImageObject\",\"inLanguage\":\"es\",\"@id\":\"https:\\\/\\\/cvinoticias.com\\\/v3\\\/inauguraron-el-segundo-modulo-de-la-planta-potabilizadora-de-la-cooperativa-de-puerto-rico\\\/#primaryimage\",\"url\":\"https:\\\/\\\/cvinoticias.com\\\/wp-content\\\/uploads\\\/2021\\\/06\\\/FB_IMG_1624113175775.jpg\",\"contentUrl\":\"https:\\\/\\\/cvinoticias.com\\\/wp-content\\\/uploads\\\/2021\\\/06\\\/FB_IMG_1624113175775.jpg\",\"width\":960,\"height\":640},{\"@type\":\"BreadcrumbList\",\"@id\":\"https:\\\/\\\/cvinoticias.com\\\/v3\\\/inauguraron-el-segundo-modulo-de-la-planta-potabilizadora-de-la-cooperativa-de-puerto-rico\\\/#breadcrumb\",\"itemListElement\":[{\"@type\":\"ListItem\",\"position\":1,\"name\":\"Portada\",\"item\":\"https:\\\/\\\/cvinoticias.com\\\/v3\\\/\"},{\"@type\":\"ListItem\",\"position\":2,\"name\":\"Inauguraron el segundo Modulo de la Planta Potabilizadora de la Cooperativa de Puerto Rico\"}]},{\"@type\":\"WebSite\",\"@id\":\"https:\\\/\\\/cvinoticias.com\\\/v3\\\/#website\",\"url\":\"https:\\\/\\\/cvinoticias.com\\\/v3\\\/\",\"name\":\"CVI NOTICIAS\",\"description\":\"\",\"publisher\":{\"@id\":\"https:\\\/\\\/cvinoticias.com\\\/v3\\\/#organization\"},\"alternateName\":\"CVI\",\"potentialAction\":[{\"@type\":\"SearchAction\",\"target\":{\"@type\":\"EntryPoint\",\"urlTemplate\":\"https:\\\/\\\/cvinoticias.com\\\/v3\\\/?s={search_term_string}\"},\"query-input\":{\"@type\":\"PropertyValueSpecification\",\"valueRequired\":true,\"valueName\":\"search_term_string\"}}],\"inLanguage\":\"es\"},{\"@type\":\"Organization\",\"@id\":\"https:\\\/\\\/cvinoticias.com\\\/v3\\\/#organization\",\"name\":\"CVI NOTICIAS\",\"url\":\"https:\\\/\\\/cvinoticias.com\\\/v3\\\/\",\"logo\":{\"@type\":\"ImageObject\",\"inLanguage\":\"es\",\"@id\":\"https:\\\/\\\/cvinoticias.com\\\/v3\\\/#\\\/schema\\\/logo\\\/image\\\/\",\"url\":\"https:\\\/\\\/cvinoticias.com\\\/wp-content\\\/uploads\\\/2023\\\/04\\\/cropped-cropped-cropped-cropped-cropped-3-1.png\",\"contentUrl\":\"https:\\\/\\\/cvinoticias.com\\\/wp-content\\\/uploads\\\/2023\\\/04\\\/cropped-cropped-cropped-cropped-cropped-3-1.png\",\"width\":95,\"height\":122,\"caption\":\"CVI NOTICIAS\"},\"image\":{\"@id\":\"https:\\\/\\\/cvinoticias.com\\\/v3\\\/#\\\/schema\\\/logo\\\/image\\\/\"},\"sameAs\":[\"https:\\\/\\\/www.facebook.com\\\/cvinoticias\",\"https:\\\/\\\/www.instagram.com\\\/cvinoticias\\\/\",\"https:\\\/\\\/www.youtube.com\\\/@CVINOTICIAS\"]},{\"@type\":\"Person\",\"@id\":\"https:\\\/\\\/cvinoticias.com\\\/v3\\\/#\\\/schema\\\/person\\\/2db77e3c6bc03c538495d7b2b8be9b66\",\"name\":\"f1000024\",\"image\":{\"@type\":\"ImageObject\",\"inLanguage\":\"es\",\"@id\":\"https:\\\/\\\/secure.gravatar.com\\\/avatar\\\/d4fe7459cfc51ff5129ce1a732bbef5928568b8092d412ef95611616376bbeed?s=96&d=mm&r=g\",\"url\":\"https:\\\/\\\/secure.gravatar.com\\\/avatar\\\/d4fe7459cfc51ff5129ce1a732bbef5928568b8092d412ef95611616376bbeed?s=96&d=mm&r=g\",\"contentUrl\":\"https:\\\/\\\/secure.gravatar.com\\\/avatar\\\/d4fe7459cfc51ff5129ce1a732bbef5928568b8092d412ef95611616376bbeed?s=96&d=mm&r=g\",\"caption\":\"f1000024\"},\"url\":\"https:\\\/\\\/cvinoticias.com\\\/v3\\\/author\\\/f1000024\\\/\"}]}<\/script>\n<!-- \/ Yoast SEO plugin. -->","yoast_head_json":{"title":"Inauguraron el segundo Modulo de la Planta Potabilizadora de la Cooperativa de Puerto Rico | CVI NOTICIAS","robots":{"index":"index","follow":"follow","max-snippet":"max-snippet:-1","max-image-preview":"max-image-preview:large","max-video-preview":"max-video-preview:-1"},"canonical":"https:\/\/cvinoticias.com\/v3\/inauguraron-el-segundo-modulo-de-la-planta-potabilizadora-de-la-cooperativa-de-puerto-rico\/","og_locale":"es_ES","og_type":"article","og_title":"Inauguraron el segundo Modulo de la Planta Potabilizadora de la Cooperativa de Puerto Rico | CVI NOTICIAS","og_description":"En Puerto Rico, el Gobernador particip\u00f3 en la inauguraci\u00f3n del nuevo m\u00f3dulo de la planta potabilizadora de la Cooperativa Aguas Puras Puerto Rico Limitada (CAPRIL), que a trav\u00e9s de nueva infraestructura podr\u00e1 duplicar su capacidad de abastecimiento. En el acto, asegur\u00f3 seguir acompa\u00f1ando el plan operativo de la cooperativa y dio detalles de futuras obras [&hellip;]","og_url":"https:\/\/cvinoticias.com\/v3\/inauguraron-el-segundo-modulo-de-la-planta-potabilizadora-de-la-cooperativa-de-puerto-rico\/","og_site_name":"CVI NOTICIAS","article_publisher":"https:\/\/www.facebook.com\/cvinoticias","article_published_time":"2021-06-19T14:39:49+00:00","og_image":[{"width":960,"height":640,"url":"https:\/\/cvinoticias.com\/wp-content\/uploads\/2021\/06\/FB_IMG_1624113175775.jpg","type":"image\/jpeg"}],"author":"f1000024","twitter_card":"summary_large_image","twitter_misc":{"Escrito por":"f1000024","Tiempo de lectura":"4 minutos"},"schema":{"@context":"https:\/\/schema.org","@graph":[{"@type":"Article","@id":"https:\/\/cvinoticias.com\/v3\/inauguraron-el-segundo-modulo-de-la-planta-potabilizadora-de-la-cooperativa-de-puerto-rico\/#article","isPartOf":{"@id":"https:\/\/cvinoticias.com\/v3\/inauguraron-el-segundo-modulo-de-la-planta-potabilizadora-de-la-cooperativa-de-puerto-rico\/"},"author":{"name":"f1000024","@id":"https:\/\/cvinoticias.com\/v3\/#\/schema\/person\/2db77e3c6bc03c538495d7b2b8be9b66"},"headline":"Inauguraron el segundo Modulo de la Planta Potabilizadora de la Cooperativa de Puerto Rico","datePublished":"2021-06-19T14:39:49+00:00","mainEntityOfPage":{"@id":"https:\/\/cvinoticias.com\/v3\/inauguraron-el-segundo-modulo-de-la-planta-potabilizadora-de-la-cooperativa-de-puerto-rico\/"},"wordCount":828,"commentCount":0,"publisher":{"@id":"https:\/\/cvinoticias.com\/v3\/#organization"},"image":{"@id":"https:\/\/cvinoticias.com\/v3\/inauguraron-el-segundo-modulo-de-la-planta-potabilizadora-de-la-cooperativa-de-puerto-rico\/#primaryimage"},"thumbnailUrl":"https:\/\/cvinoticias.com\/wp-content\/uploads\/2021\/06\/FB_IMG_1624113175775.jpg","articleSection":["Provinciales"],"inLanguage":"es","potentialAction":[{"@type":"CommentAction","name":"Comment","target":["https:\/\/cvinoticias.com\/v3\/inauguraron-el-segundo-modulo-de-la-planta-potabilizadora-de-la-cooperativa-de-puerto-rico\/#respond"]}]},{"@type":"WebPage","@id":"https:\/\/cvinoticias.com\/v3\/inauguraron-el-segundo-modulo-de-la-planta-potabilizadora-de-la-cooperativa-de-puerto-rico\/","url":"https:\/\/cvinoticias.com\/v3\/inauguraron-el-segundo-modulo-de-la-planta-potabilizadora-de-la-cooperativa-de-puerto-rico\/","name":"Inauguraron el segundo Modulo de la Planta Potabilizadora de la Cooperativa de Puerto Rico | CVI NOTICIAS","isPartOf":{"@id":"https:\/\/cvinoticias.com\/v3\/#website"},"primaryImageOfPage":{"@id":"https:\/\/cvinoticias.com\/v3\/inauguraron-el-segundo-modulo-de-la-planta-potabilizadora-de-la-cooperativa-de-puerto-rico\/#primaryimage"},"image":{"@id":"https:\/\/cvinoticias.com\/v3\/inauguraron-el-segundo-modulo-de-la-planta-potabilizadora-de-la-cooperativa-de-puerto-rico\/#primaryimage"},"thumbnailUrl":"https:\/\/cvinoticias.com\/wp-content\/uploads\/2021\/06\/FB_IMG_1624113175775.jpg","datePublished":"2021-06-19T14:39:49+00:00","breadcrumb":{"@id":"https:\/\/cvinoticias.com\/v3\/inauguraron-el-segundo-modulo-de-la-planta-potabilizadora-de-la-cooperativa-de-puerto-rico\/#breadcrumb"},"inLanguage":"es","potentialAction":[{"@type":"ReadAction","target":["https:\/\/cvinoticias.com\/v3\/inauguraron-el-segundo-modulo-de-la-planta-potabilizadora-de-la-cooperativa-de-puerto-rico\/"]}]},{"@type":"ImageObject","inLanguage":"es","@id":"https:\/\/cvinoticias.com\/v3\/inauguraron-el-segundo-modulo-de-la-planta-potabilizadora-de-la-cooperativa-de-puerto-rico\/#primaryimage","url":"https:\/\/cvinoticias.com\/wp-content\/uploads\/2021\/06\/FB_IMG_1624113175775.jpg","contentUrl":"https:\/\/cvinoticias.com\/wp-content\/uploads\/2021\/06\/FB_IMG_1624113175775.jpg","width":960,"height":640},{"@type":"BreadcrumbList","@id":"https:\/\/cvinoticias.com\/v3\/inauguraron-el-segundo-modulo-de-la-planta-potabilizadora-de-la-cooperativa-de-puerto-rico\/#breadcrumb","itemListElement":[{"@type":"ListItem","position":1,"name":"Portada","item":"https:\/\/cvinoticias.com\/v3\/"},{"@type":"ListItem","position":2,"name":"Inauguraron el segundo Modulo de la Planta Potabilizadora de la Cooperativa de Puerto Rico"}]},{"@type":"WebSite","@id":"https:\/\/cvinoticias.com\/v3\/#website","url":"https:\/\/cvinoticias.com\/v3\/","name":"CVI NOTICIAS","description":"","publisher":{"@id":"https:\/\/cvinoticias.com\/v3\/#organization"},"alternateName":"CVI","potentialAction":[{"@type":"SearchAction","target":{"@type":"EntryPoint","urlTemplate":"https:\/\/cvinoticias.com\/v3\/?s={search_term_string}"},"query-input":{"@type":"PropertyValueSpecification","valueRequired":true,"valueName":"search_term_string"}}],"inLanguage":"es"},{"@type":"Organization","@id":"https:\/\/cvinoticias.com\/v3\/#organization","name":"CVI NOTICIAS","url":"https:\/\/cvinoticias.com\/v3\/","logo":{"@type":"ImageObject","inLanguage":"es","@id":"https:\/\/cvinoticias.com\/v3\/#\/schema\/logo\/image\/","url":"https:\/\/cvinoticias.com\/wp-content\/uploads\/2023\/04\/cropped-cropped-cropped-cropped-cropped-3-1.png","contentUrl":"https:\/\/cvinoticias.com\/wp-content\/uploads\/2023\/04\/cropped-cropped-cropped-cropped-cropped-3-1.png","width":95,"height":122,"caption":"CVI NOTICIAS"},"image":{"@id":"https:\/\/cvinoticias.com\/v3\/#\/schema\/logo\/image\/"},"sameAs":["https:\/\/www.facebook.com\/cvinoticias","https:\/\/www.instagram.com\/cvinoticias\/","https:\/\/www.youtube.com\/@CVINOTICIAS"]},{"@type":"Person","@id":"https:\/\/cvinoticias.com\/v3\/#\/schema\/person\/2db77e3c6bc03c538495d7b2b8be9b66","name":"f1000024","image":{"@type":"ImageObject","inLanguage":"es","@id":"https:\/\/secure.gravatar.com\/avatar\/d4fe7459cfc51ff5129ce1a732bbef5928568b8092d412ef95611616376bbeed?s=96&d=mm&r=g","url":"https:\/\/secure.gravatar.com\/avatar\/d4fe7459cfc51ff5129ce1a732bbef5928568b8092d412ef95611616376bbeed?s=96&d=mm&r=g","contentUrl":"https:\/\/secure.gravatar.com\/avatar\/d4fe7459cfc51ff5129ce1a732bbef5928568b8092d412ef95611616376bbeed?s=96&d=mm&r=g","caption":"f1000024"},"url":"https:\/\/cvinoticias.com\/v3\/author\/f1000024\/"}]}},"_links":{"self":[{"href":"https:\/\/cvinoticias.com\/v3\/wp-json\/wp\/v2\/posts\/6109","targetHints":{"allow":["GET"]}}],"collection":[{"href":"https:\/\/cvinoticias.com\/v3\/wp-json\/wp\/v2\/posts"}],"about":[{"href":"https:\/\/cvinoticias.com\/v3\/wp-json\/wp\/v2\/types\/post"}],"author":[{"embeddable":true,"href":"https:\/\/cvinoticias.com\/v3\/wp-json\/wp\/v2\/users\/2"}],"replies":[{"embeddable":true,"href":"https:\/\/cvinoticias.com\/v3\/wp-json\/wp\/v2\/comments?post=6109"}],"version-history":[{"count":1,"href":"https:\/\/cvinoticias.com\/v3\/wp-json\/wp\/v2\/posts\/6109\/revisions"}],"predecessor-version":[{"id":6113,"href":"https:\/\/cvinoticias.com\/v3\/wp-json\/wp\/v2\/posts\/6109\/revisions\/6113"}],"wp:featuredmedia":[{"embeddable":true,"href":"https:\/\/cvinoticias.com\/v3\/wp-json\/wp\/v2\/media\/6110"}],"wp:attachment":[{"href":"https:\/\/cvinoticias.com\/v3\/wp-json\/wp\/v2\/media?parent=6109"}],"wp:term":[{"taxonomy":"category","embeddable":true,"href":"https:\/\/cvinoticias.com\/v3\/wp-json\/wp\/v2\/categories?post=6109"},{"taxonomy":"post_tag","embeddable":true,"href":"https:\/\/cvinoticias.com\/v3\/wp-json\/wp\/v2\/tags?post=6109"}],"curies":[{"name":"wp","href":"https:\/\/api.w.org\/{rel}","templated":true}]}}