{"id":6098,"date":"2021-06-18T13:41:40","date_gmt":"2021-06-18T13:41:40","guid":{"rendered":"https:\/\/cvinoticias.com\/v3\/?p=6098"},"modified":"2021-06-18T13:41:40","modified_gmt":"2021-06-18T13:41:40","slug":"comienza-a-acreditarse-el-monto-de-junio-en-la-tarjeta-alimentar","status":"publish","type":"post","link":"https:\/\/cvinoticias.com\/v3\/comienza-a-acreditarse-el-monto-de-junio-en-la-tarjeta-alimentar\/","title":{"rendered":"Comienza a acreditarse el monto de junio en la Tarjeta Alimentar"},"content":{"rendered":"\n<p><strong><em>Aquellos que acceden al beneficio de la Tarjeta Alimentar\u00a0 a trav\u00e9s de la Asignaci\u00f3n Universal por Hijo lo percibir\u00e1n a partir del pr\u00f3ximo martes, 22 de junio, seg\u00fan el calendario establecido por el organismo.<\/em><\/strong><\/p>\n\n\n\n<p>El monto correspondiente al mes de junio de la Tarjeta Alimentar comenzar\u00e1 a ser acreditado este viernes para aquellos beneficiarios que cuenten con el pl\u00e1stico, inform\u00f3 el Ministerio de Desarrollo Social.<\/p>\n\n\n\n<p>En tanto, aquellos que acceden al beneficio a trav\u00e9s de la Asignaci\u00f3n Universal por Hijo (AUH) lo percibir\u00e1n a partir del pr\u00f3ximo martes, 22 de junio, seg\u00fan el calendario establecido por el organismo.<\/p>\n\n\n\n<p>Desde el Ministerio, conducido por Daniel Arroyo, se\u00f1alaron que\u00a0durante la jornada de este viernes se acreditar\u00e1 el monto total correspondiente a este mes, que es de 6 mil pesos para las familias con un hijo; 9 mil pesos con dos hijos; 12 mil pesos con tres hijos o m\u00e1s; y 6 mil pesos para quienes perciben la asignaci\u00f3n por embarazo.<\/p>\n\n\n\n<p>Para aquellos que no poseen la tarjeta pl\u00e1stica f\u00edsica y cobren a trav\u00e9s de la AUH, el calendario de pago en junio ser\u00e1 el siguiente: DNI 0 y 1: martes 22; DNI 2 y 3: mi\u00e9rcoles 23; DNI 4 y 5: jueves 24; DNI 6 y 7: viernes; DNI 8 y 9: lunes 28.<\/p>\n\n\n\n<p><\/p>\n","protected":false},"excerpt":{"rendered":"<p>Aquellos que acceden al beneficio de la Tarjeta Alimentar\u00a0 a trav\u00e9s de la Asignaci\u00f3n Universal por Hijo lo percibir\u00e1n a partir del pr\u00f3ximo martes, 22 de junio, seg\u00fan el calendario establecido por el organismo. El monto correspondiente al mes de junio de la Tarjeta Alimentar comenzar\u00e1 a ser acreditado este viernes para aquellos beneficiarios que [&hellip;]<\/p>\n","protected":false},"author":2,"featured_media":6099,"comment_status":"open","ping_status":"open","sticky":false,"template":"","format":"standard","meta":{"footnotes":""},"categories":[35],"tags":[],"class_list":["post-6098","post","type-post","status-publish","format-standard","has-post-thumbnail","hentry","category-informacion-general"],"yoast_head":"<!-- This site is optimized with the Yoast SEO plugin v27.5 - https:\/\/yoast.com\/product\/yoast-seo-wordpress\/ -->\n<title>Comienza a acreditarse el monto de junio en la Tarjeta Alimentar | CVI NOTICIAS<\/title>\n<meta name=\"robots\" content=\"index, follow, max-snippet:-1, max-image-preview:large, max-video-preview:-1\" \/>\n<link rel=\"canonical\" href=\"https:\/\/cvinoticias.com\/v3\/comienza-a-acreditarse-el-monto-de-junio-en-la-tarjeta-alimentar\/\" \/>\n<meta property=\"og:locale\" content=\"es_ES\" \/>\n<meta property=\"og:type\" content=\"article\" \/>\n<meta property=\"og:title\" content=\"Comienza a acreditarse el monto de junio en la Tarjeta Alimentar | CVI NOTICIAS\" \/>\n<meta property=\"og:description\" content=\"Aquellos que acceden al beneficio de la Tarjeta Alimentar\u00a0 a trav\u00e9s de la Asignaci\u00f3n Universal por Hijo lo percibir\u00e1n a partir del pr\u00f3ximo martes, 22 de junio, seg\u00fan el calendario establecido por el organismo. El monto correspondiente al mes de junio de la Tarjeta Alimentar comenzar\u00e1 a ser acreditado este viernes para aquellos beneficiarios que [&hellip;]\" \/>\n<meta property=\"og:url\" content=\"https:\/\/cvinoticias.com\/v3\/comienza-a-acreditarse-el-monto-de-junio-en-la-tarjeta-alimentar\/\" \/>\n<meta property=\"og:site_name\" content=\"CVI NOTICIAS\" \/>\n<meta property=\"article:publisher\" content=\"https:\/\/www.facebook.com\/cvinoticias\" \/>\n<meta property=\"article:published_time\" content=\"2021-06-18T13:41:40+00:00\" \/>\n<meta property=\"og:image\" content=\"https:\/\/cvinoticias.com\/wp-content\/uploads\/2021\/06\/926x0_265101_20210618093819.jpg\" \/>\n\t<meta property=\"og:image:width\" content=\"926\" \/>\n\t<meta property=\"og:image:height\" content=\"520\" \/>\n\t<meta property=\"og:image:type\" content=\"image\/jpeg\" \/>\n<meta name=\"author\" content=\"f1000024\" \/>\n<meta name=\"twitter:card\" content=\"summary_large_image\" \/>\n<meta name=\"twitter:label1\" content=\"Escrito por\" \/>\n\t<meta name=\"twitter:data1\" content=\"f1000024\" \/>\n\t<meta name=\"twitter:label2\" content=\"Tiempo de lectura\" \/>\n\t<meta name=\"twitter:data2\" content=\"1 minuto\" \/>\n<script type=\"application\/ld+json\" class=\"yoast-schema-graph\">{\"@context\":\"https:\\\/\\\/schema.org\",\"@graph\":[{\"@type\":\"Article\",\"@id\":\"https:\\\/\\\/cvinoticias.com\\\/v3\\\/comienza-a-acreditarse-el-monto-de-junio-en-la-tarjeta-alimentar\\\/#article\",\"isPartOf\":{\"@id\":\"https:\\\/\\\/cvinoticias.com\\\/v3\\\/comienza-a-acreditarse-el-monto-de-junio-en-la-tarjeta-alimentar\\\/\"},\"author\":{\"name\":\"f1000024\",\"@id\":\"https:\\\/\\\/cvinoticias.com\\\/v3\\\/#\\\/schema\\\/person\\\/2db77e3c6bc03c538495d7b2b8be9b66\"},\"headline\":\"Comienza a acreditarse el monto de junio en la Tarjeta Alimentar\",\"datePublished\":\"2021-06-18T13:41:40+00:00\",\"mainEntityOfPage\":{\"@id\":\"https:\\\/\\\/cvinoticias.com\\\/v3\\\/comienza-a-acreditarse-el-monto-de-junio-en-la-tarjeta-alimentar\\\/\"},\"wordCount\":222,\"commentCount\":0,\"publisher\":{\"@id\":\"https:\\\/\\\/cvinoticias.com\\\/v3\\\/#organization\"},\"image\":{\"@id\":\"https:\\\/\\\/cvinoticias.com\\\/v3\\\/comienza-a-acreditarse-el-monto-de-junio-en-la-tarjeta-alimentar\\\/#primaryimage\"},\"thumbnailUrl\":\"https:\\\/\\\/cvinoticias.com\\\/wp-content\\\/uploads\\\/2021\\\/06\\\/926x0_265101_20210618093819.jpg\",\"articleSection\":[\"Informaci\u00f3n General\"],\"inLanguage\":\"es\",\"potentialAction\":[{\"@type\":\"CommentAction\",\"name\":\"Comment\",\"target\":[\"https:\\\/\\\/cvinoticias.com\\\/v3\\\/comienza-a-acreditarse-el-monto-de-junio-en-la-tarjeta-alimentar\\\/#respond\"]}]},{\"@type\":\"WebPage\",\"@id\":\"https:\\\/\\\/cvinoticias.com\\\/v3\\\/comienza-a-acreditarse-el-monto-de-junio-en-la-tarjeta-alimentar\\\/\",\"url\":\"https:\\\/\\\/cvinoticias.com\\\/v3\\\/comienza-a-acreditarse-el-monto-de-junio-en-la-tarjeta-alimentar\\\/\",\"name\":\"Comienza a acreditarse el monto de junio en la Tarjeta Alimentar | CVI NOTICIAS\",\"isPartOf\":{\"@id\":\"https:\\\/\\\/cvinoticias.com\\\/v3\\\/#website\"},\"primaryImageOfPage\":{\"@id\":\"https:\\\/\\\/cvinoticias.com\\\/v3\\\/comienza-a-acreditarse-el-monto-de-junio-en-la-tarjeta-alimentar\\\/#primaryimage\"},\"image\":{\"@id\":\"https:\\\/\\\/cvinoticias.com\\\/v3\\\/comienza-a-acreditarse-el-monto-de-junio-en-la-tarjeta-alimentar\\\/#primaryimage\"},\"thumbnailUrl\":\"https:\\\/\\\/cvinoticias.com\\\/wp-content\\\/uploads\\\/2021\\\/06\\\/926x0_265101_20210618093819.jpg\",\"datePublished\":\"2021-06-18T13:41:40+00:00\",\"breadcrumb\":{\"@id\":\"https:\\\/\\\/cvinoticias.com\\\/v3\\\/comienza-a-acreditarse-el-monto-de-junio-en-la-tarjeta-alimentar\\\/#breadcrumb\"},\"inLanguage\":\"es\",\"potentialAction\":[{\"@type\":\"ReadAction\",\"target\":[\"https:\\\/\\\/cvinoticias.com\\\/v3\\\/comienza-a-acreditarse-el-monto-de-junio-en-la-tarjeta-alimentar\\\/\"]}]},{\"@type\":\"ImageObject\",\"inLanguage\":\"es\",\"@id\":\"https:\\\/\\\/cvinoticias.com\\\/v3\\\/comienza-a-acreditarse-el-monto-de-junio-en-la-tarjeta-alimentar\\\/#primaryimage\",\"url\":\"https:\\\/\\\/cvinoticias.com\\\/wp-content\\\/uploads\\\/2021\\\/06\\\/926x0_265101_20210618093819.jpg\",\"contentUrl\":\"https:\\\/\\\/cvinoticias.com\\\/wp-content\\\/uploads\\\/2021\\\/06\\\/926x0_265101_20210618093819.jpg\",\"width\":926,\"height\":520},{\"@type\":\"BreadcrumbList\",\"@id\":\"https:\\\/\\\/cvinoticias.com\\\/v3\\\/comienza-a-acreditarse-el-monto-de-junio-en-la-tarjeta-alimentar\\\/#breadcrumb\",\"itemListElement\":[{\"@type\":\"ListItem\",\"position\":1,\"name\":\"Portada\",\"item\":\"https:\\\/\\\/cvinoticias.com\\\/v3\\\/\"},{\"@type\":\"ListItem\",\"position\":2,\"name\":\"Comienza a acreditarse el monto de junio en la Tarjeta Alimentar\"}]},{\"@type\":\"WebSite\",\"@id\":\"https:\\\/\\\/cvinoticias.com\\\/v3\\\/#website\",\"url\":\"https:\\\/\\\/cvinoticias.com\\\/v3\\\/\",\"name\":\"CVI NOTICIAS\",\"description\":\"\",\"publisher\":{\"@id\":\"https:\\\/\\\/cvinoticias.com\\\/v3\\\/#organization\"},\"alternateName\":\"CVI\",\"potentialAction\":[{\"@type\":\"SearchAction\",\"target\":{\"@type\":\"EntryPoint\",\"urlTemplate\":\"https:\\\/\\\/cvinoticias.com\\\/v3\\\/?s={search_term_string}\"},\"query-input\":{\"@type\":\"PropertyValueSpecification\",\"valueRequired\":true,\"valueName\":\"search_term_string\"}}],\"inLanguage\":\"es\"},{\"@type\":\"Organization\",\"@id\":\"https:\\\/\\\/cvinoticias.com\\\/v3\\\/#organization\",\"name\":\"CVI NOTICIAS\",\"url\":\"https:\\\/\\\/cvinoticias.com\\\/v3\\\/\",\"logo\":{\"@type\":\"ImageObject\",\"inLanguage\":\"es\",\"@id\":\"https:\\\/\\\/cvinoticias.com\\\/v3\\\/#\\\/schema\\\/logo\\\/image\\\/\",\"url\":\"https:\\\/\\\/cvinoticias.com\\\/wp-content\\\/uploads\\\/2023\\\/04\\\/cropped-cropped-cropped-cropped-cropped-3-1.png\",\"contentUrl\":\"https:\\\/\\\/cvinoticias.com\\\/wp-content\\\/uploads\\\/2023\\\/04\\\/cropped-cropped-cropped-cropped-cropped-3-1.png\",\"width\":95,\"height\":122,\"caption\":\"CVI NOTICIAS\"},\"image\":{\"@id\":\"https:\\\/\\\/cvinoticias.com\\\/v3\\\/#\\\/schema\\\/logo\\\/image\\\/\"},\"sameAs\":[\"https:\\\/\\\/www.facebook.com\\\/cvinoticias\",\"https:\\\/\\\/www.instagram.com\\\/cvinoticias\\\/\",\"https:\\\/\\\/www.youtube.com\\\/@CVINOTICIAS\"]},{\"@type\":\"Person\",\"@id\":\"https:\\\/\\\/cvinoticias.com\\\/v3\\\/#\\\/schema\\\/person\\\/2db77e3c6bc03c538495d7b2b8be9b66\",\"name\":\"f1000024\",\"image\":{\"@type\":\"ImageObject\",\"inLanguage\":\"es\",\"@id\":\"https:\\\/\\\/secure.gravatar.com\\\/avatar\\\/d4fe7459cfc51ff5129ce1a732bbef5928568b8092d412ef95611616376bbeed?s=96&d=mm&r=g\",\"url\":\"https:\\\/\\\/secure.gravatar.com\\\/avatar\\\/d4fe7459cfc51ff5129ce1a732bbef5928568b8092d412ef95611616376bbeed?s=96&d=mm&r=g\",\"contentUrl\":\"https:\\\/\\\/secure.gravatar.com\\\/avatar\\\/d4fe7459cfc51ff5129ce1a732bbef5928568b8092d412ef95611616376bbeed?s=96&d=mm&r=g\",\"caption\":\"f1000024\"},\"url\":\"https:\\\/\\\/cvinoticias.com\\\/v3\\\/author\\\/f1000024\\\/\"}]}<\/script>\n<!-- \/ Yoast SEO plugin. -->","yoast_head_json":{"title":"Comienza a acreditarse el monto de junio en la Tarjeta Alimentar | CVI NOTICIAS","robots":{"index":"index","follow":"follow","max-snippet":"max-snippet:-1","max-image-preview":"max-image-preview:large","max-video-preview":"max-video-preview:-1"},"canonical":"https:\/\/cvinoticias.com\/v3\/comienza-a-acreditarse-el-monto-de-junio-en-la-tarjeta-alimentar\/","og_locale":"es_ES","og_type":"article","og_title":"Comienza a acreditarse el monto de junio en la Tarjeta Alimentar | CVI NOTICIAS","og_description":"Aquellos que acceden al beneficio de la Tarjeta Alimentar\u00a0 a trav\u00e9s de la Asignaci\u00f3n Universal por Hijo lo percibir\u00e1n a partir del pr\u00f3ximo martes, 22 de junio, seg\u00fan el calendario establecido por el organismo. El monto correspondiente al mes de junio de la Tarjeta Alimentar comenzar\u00e1 a ser acreditado este viernes para aquellos beneficiarios que [&hellip;]","og_url":"https:\/\/cvinoticias.com\/v3\/comienza-a-acreditarse-el-monto-de-junio-en-la-tarjeta-alimentar\/","og_site_name":"CVI NOTICIAS","article_publisher":"https:\/\/www.facebook.com\/cvinoticias","article_published_time":"2021-06-18T13:41:40+00:00","og_image":[{"width":926,"height":520,"url":"https:\/\/cvinoticias.com\/wp-content\/uploads\/2021\/06\/926x0_265101_20210618093819.jpg","type":"image\/jpeg"}],"author":"f1000024","twitter_card":"summary_large_image","twitter_misc":{"Escrito por":"f1000024","Tiempo de lectura":"1 minuto"},"schema":{"@context":"https:\/\/schema.org","@graph":[{"@type":"Article","@id":"https:\/\/cvinoticias.com\/v3\/comienza-a-acreditarse-el-monto-de-junio-en-la-tarjeta-alimentar\/#article","isPartOf":{"@id":"https:\/\/cvinoticias.com\/v3\/comienza-a-acreditarse-el-monto-de-junio-en-la-tarjeta-alimentar\/"},"author":{"name":"f1000024","@id":"https:\/\/cvinoticias.com\/v3\/#\/schema\/person\/2db77e3c6bc03c538495d7b2b8be9b66"},"headline":"Comienza a acreditarse el monto de junio en la Tarjeta Alimentar","datePublished":"2021-06-18T13:41:40+00:00","mainEntityOfPage":{"@id":"https:\/\/cvinoticias.com\/v3\/comienza-a-acreditarse-el-monto-de-junio-en-la-tarjeta-alimentar\/"},"wordCount":222,"commentCount":0,"publisher":{"@id":"https:\/\/cvinoticias.com\/v3\/#organization"},"image":{"@id":"https:\/\/cvinoticias.com\/v3\/comienza-a-acreditarse-el-monto-de-junio-en-la-tarjeta-alimentar\/#primaryimage"},"thumbnailUrl":"https:\/\/cvinoticias.com\/wp-content\/uploads\/2021\/06\/926x0_265101_20210618093819.jpg","articleSection":["Informaci\u00f3n General"],"inLanguage":"es","potentialAction":[{"@type":"CommentAction","name":"Comment","target":["https:\/\/cvinoticias.com\/v3\/comienza-a-acreditarse-el-monto-de-junio-en-la-tarjeta-alimentar\/#respond"]}]},{"@type":"WebPage","@id":"https:\/\/cvinoticias.com\/v3\/comienza-a-acreditarse-el-monto-de-junio-en-la-tarjeta-alimentar\/","url":"https:\/\/cvinoticias.com\/v3\/comienza-a-acreditarse-el-monto-de-junio-en-la-tarjeta-alimentar\/","name":"Comienza a acreditarse el monto de junio en la Tarjeta Alimentar | CVI NOTICIAS","isPartOf":{"@id":"https:\/\/cvinoticias.com\/v3\/#website"},"primaryImageOfPage":{"@id":"https:\/\/cvinoticias.com\/v3\/comienza-a-acreditarse-el-monto-de-junio-en-la-tarjeta-alimentar\/#primaryimage"},"image":{"@id":"https:\/\/cvinoticias.com\/v3\/comienza-a-acreditarse-el-monto-de-junio-en-la-tarjeta-alimentar\/#primaryimage"},"thumbnailUrl":"https:\/\/cvinoticias.com\/wp-content\/uploads\/2021\/06\/926x0_265101_20210618093819.jpg","datePublished":"2021-06-18T13:41:40+00:00","breadcrumb":{"@id":"https:\/\/cvinoticias.com\/v3\/comienza-a-acreditarse-el-monto-de-junio-en-la-tarjeta-alimentar\/#breadcrumb"},"inLanguage":"es","potentialAction":[{"@type":"ReadAction","target":["https:\/\/cvinoticias.com\/v3\/comienza-a-acreditarse-el-monto-de-junio-en-la-tarjeta-alimentar\/"]}]},{"@type":"ImageObject","inLanguage":"es","@id":"https:\/\/cvinoticias.com\/v3\/comienza-a-acreditarse-el-monto-de-junio-en-la-tarjeta-alimentar\/#primaryimage","url":"https:\/\/cvinoticias.com\/wp-content\/uploads\/2021\/06\/926x0_265101_20210618093819.jpg","contentUrl":"https:\/\/cvinoticias.com\/wp-content\/uploads\/2021\/06\/926x0_265101_20210618093819.jpg","width":926,"height":520},{"@type":"BreadcrumbList","@id":"https:\/\/cvinoticias.com\/v3\/comienza-a-acreditarse-el-monto-de-junio-en-la-tarjeta-alimentar\/#breadcrumb","itemListElement":[{"@type":"ListItem","position":1,"name":"Portada","item":"https:\/\/cvinoticias.com\/v3\/"},{"@type":"ListItem","position":2,"name":"Comienza a acreditarse el monto de junio en la Tarjeta Alimentar"}]},{"@type":"WebSite","@id":"https:\/\/cvinoticias.com\/v3\/#website","url":"https:\/\/cvinoticias.com\/v3\/","name":"CVI NOTICIAS","description":"","publisher":{"@id":"https:\/\/cvinoticias.com\/v3\/#organization"},"alternateName":"CVI","potentialAction":[{"@type":"SearchAction","target":{"@type":"EntryPoint","urlTemplate":"https:\/\/cvinoticias.com\/v3\/?s={search_term_string}"},"query-input":{"@type":"PropertyValueSpecification","valueRequired":true,"valueName":"search_term_string"}}],"inLanguage":"es"},{"@type":"Organization","@id":"https:\/\/cvinoticias.com\/v3\/#organization","name":"CVI NOTICIAS","url":"https:\/\/cvinoticias.com\/v3\/","logo":{"@type":"ImageObject","inLanguage":"es","@id":"https:\/\/cvinoticias.com\/v3\/#\/schema\/logo\/image\/","url":"https:\/\/cvinoticias.com\/wp-content\/uploads\/2023\/04\/cropped-cropped-cropped-cropped-cropped-3-1.png","contentUrl":"https:\/\/cvinoticias.com\/wp-content\/uploads\/2023\/04\/cropped-cropped-cropped-cropped-cropped-3-1.png","width":95,"height":122,"caption":"CVI NOTICIAS"},"image":{"@id":"https:\/\/cvinoticias.com\/v3\/#\/schema\/logo\/image\/"},"sameAs":["https:\/\/www.facebook.com\/cvinoticias","https:\/\/www.instagram.com\/cvinoticias\/","https:\/\/www.youtube.com\/@CVINOTICIAS"]},{"@type":"Person","@id":"https:\/\/cvinoticias.com\/v3\/#\/schema\/person\/2db77e3c6bc03c538495d7b2b8be9b66","name":"f1000024","image":{"@type":"ImageObject","inLanguage":"es","@id":"https:\/\/secure.gravatar.com\/avatar\/d4fe7459cfc51ff5129ce1a732bbef5928568b8092d412ef95611616376bbeed?s=96&d=mm&r=g","url":"https:\/\/secure.gravatar.com\/avatar\/d4fe7459cfc51ff5129ce1a732bbef5928568b8092d412ef95611616376bbeed?s=96&d=mm&r=g","contentUrl":"https:\/\/secure.gravatar.com\/avatar\/d4fe7459cfc51ff5129ce1a732bbef5928568b8092d412ef95611616376bbeed?s=96&d=mm&r=g","caption":"f1000024"},"url":"https:\/\/cvinoticias.com\/v3\/author\/f1000024\/"}]}},"_links":{"self":[{"href":"https:\/\/cvinoticias.com\/v3\/wp-json\/wp\/v2\/posts\/6098","targetHints":{"allow":["GET"]}}],"collection":[{"href":"https:\/\/cvinoticias.com\/v3\/wp-json\/wp\/v2\/posts"}],"about":[{"href":"https:\/\/cvinoticias.com\/v3\/wp-json\/wp\/v2\/types\/post"}],"author":[{"embeddable":true,"href":"https:\/\/cvinoticias.com\/v3\/wp-json\/wp\/v2\/users\/2"}],"replies":[{"embeddable":true,"href":"https:\/\/cvinoticias.com\/v3\/wp-json\/wp\/v2\/comments?post=6098"}],"version-history":[{"count":1,"href":"https:\/\/cvinoticias.com\/v3\/wp-json\/wp\/v2\/posts\/6098\/revisions"}],"predecessor-version":[{"id":6100,"href":"https:\/\/cvinoticias.com\/v3\/wp-json\/wp\/v2\/posts\/6098\/revisions\/6100"}],"wp:featuredmedia":[{"embeddable":true,"href":"https:\/\/cvinoticias.com\/v3\/wp-json\/wp\/v2\/media\/6099"}],"wp:attachment":[{"href":"https:\/\/cvinoticias.com\/v3\/wp-json\/wp\/v2\/media?parent=6098"}],"wp:term":[{"taxonomy":"category","embeddable":true,"href":"https:\/\/cvinoticias.com\/v3\/wp-json\/wp\/v2\/categories?post=6098"},{"taxonomy":"post_tag","embeddable":true,"href":"https:\/\/cvinoticias.com\/v3\/wp-json\/wp\/v2\/tags?post=6098"}],"curies":[{"name":"wp","href":"https:\/\/api.w.org\/{rel}","templated":true}]}}