{"id":6095,"date":"2021-06-18T13:26:39","date_gmt":"2021-06-18T13:26:39","guid":{"rendered":"https:\/\/cvinoticias.com\/v3\/?p=6095"},"modified":"2021-06-18T13:26:39","modified_gmt":"2021-06-18T13:26:39","slug":"argentina-y-uruguay-se-enfrentan-por-la-copa-america-en-una-nueva-edicion-del-clasico-del-rio-de-la-plata","status":"publish","type":"post","link":"https:\/\/cvinoticias.com\/v3\/argentina-y-uruguay-se-enfrentan-por-la-copa-america-en-una-nueva-edicion-del-clasico-del-rio-de-la-plata\/","title":{"rendered":"Argentina y Uruguay se enfrentan por la Copa Am\u00e9rica en una nueva edici\u00f3n del cl\u00e1sico del R\u00edo de la Plata."},"content":{"rendered":"\n<p><strong><em>La selecci\u00f3n argentina enfrentar\u00e1 a Uruguay en una nueva edici\u00f3n del cl\u00e1sico de la R\u00edo de la Plata por la segunda fecha del Grupo A de la Copa Am\u00e9rica de Brasil. El estadio Man\u00e9 Garrincha de Brasilia ser\u00e1 la sede del partido que comenzar\u00e1 a las 21 con el arbitraje del brasile\u00f1o Wilton Sampaio y ser\u00e1 transmitido por TV P\u00fablica Los brasile\u00f1os Wagner Reway (VAR) y Rafael Traci (AVAR) completar\u00e1n el equipo arbitral.<\/em><\/strong><\/p>\n\n\n\n<p>Argentina buscar\u00e1 su primera victoria en la Copa Am\u00e9rica luego del empate 1-1 en el debut ante Chile, del pasado lunes en R\u00edo de Janeiro. Uruguay, m\u00e1ximo ganador del torneo con 14 t\u00edtulos, tendr\u00e1 su presentaci\u00f3n en el certamen que se disputa en Brasil luego de quedar libre en la primera jornada.<\/p>\n\n\n\n<p>El equipo de Lionel Scaloni asumir\u00e1 un nuevo desaf\u00edo en busca de afianzar las buenas intenciones que mostr\u00f3 en los primeros tiempos de los dos partidos ante Chile y Colombia. En los \u00faltimos tres encuentros, Argentina fue superior a su rival y se puso en ventaja, pero despu\u00e9s m\u00e1s por errores propios que m\u00e9ritos del contrario se le escaparon los triunfos.<\/p>\n\n\n\n<p>Uno de los puntos m\u00e1s flojos del equipo fue la defensa y por este motivo Scaloni apostar\u00eda por el retorno de Cristian Cuti Romero. El cordob\u00e9s tuvo un gran debut con la Albiceleste en el empate ante Chile por Eliminatorias Sudamericanas y ante Colombia, en Barranquilla, abri\u00f3 el marcador con un gran cabezazo pero a falta de media hora tuvo que ser reemplazado por una molestia muscular. El jugador de Atalanta, considerado el mejor defensor de la Serie A, ingresar\u00eda por Lucas Mart\u00ednez Quarta para formar la dupla central con el cuestionado Nicol\u00e1s Otamendi.<\/p>\n\n\n\n<p>Para el resto del equipo Lionel Scaloni maneja algunas dudas como las de Nicol\u00e1s Gonz\u00e1lez, quien acus\u00f3 una molestia en la pr\u00e1ctica del mi\u00e9rcoles y fue reemplazado por \u00c1ngel Di Mar\u00eda, pero fundamentalmente de Leandro Paredes, que arrastra una contusi\u00f3n en la regi\u00f3n intercostal derecha y podr\u00eda ser reemplazado por Guido Rodr\u00edguez o Lisandro Mart\u00ednez. Lo mismo ocurrir\u00eda con Nicol\u00e1s Tagliafico, ya que volver\u00eda Marcos Acu\u00f1a.<\/p>\n\n\n\n<p>En cuando a Nicol\u00e1s Gonz\u00e1lez, que tuvo una temporada irregular en Stuttgart (entre febrero y mayo solo jug\u00f3 45 minutos) por las lesiones y hoy fue dado por varios medios europeos como transferido a la Fiorentina, de Italia, no lleg\u00f3 al partido en Santiago del Estero contra Chile y reci\u00e9n volvi\u00f3 a la titularidad en Barranquilla para jugar 65 minutos ante Colombia. En el \u00faltimo partido, el zurdo fue de lo mejor del equipo en ataque aunque no estuvo fino a la hora de definir.<\/p>\n\n\n\n<p>Uruguay tambi\u00e9n tiene el objetivo de despejar dudas ya que viene de dos empates sin goles ante Paraguay, en Montevideo, y Venezuela, en Caracas, por las Eliminatorias Sudamericanas. El equipo conducido por Oscar Tab\u00e1rez, quien iniciar\u00e1 su s\u00e9ptima Copa Am\u00e9rica al frente de la Celeste, se tomar\u00e1 este torneo como el inicio de la despedida de una importante generaci\u00f3n de futbolistas. As\u00ed lo expresaron los delanteros Luis Su\u00e1rez y Edinson Cavani, quienes estuvieron en el t\u00edtulo obtenido hace diez a\u00f1os en Argentina e intentar\u00e1n coronar \u201cel \u00faltimo baile\u201d en Brasil.<\/p>\n\n\n\n<p>Los dos goleadores oriundos de Salto volver\u00e1n a formar dupla de ataque luego de las dos fechas de suspensi\u00f3n que cumpli\u00f3 el delantero de Manchester United por haber sido expulsado ante Brasil en Eliminatorias Sudamericanas. Ese ser\u00e1 uno de los cuatro cambios que realizar\u00e1 el Maestro con respecto al \u00faltimo encuentro ante Venezuela que mantuvo al equipo en el cuarto puesto y en zona de clasificaci\u00f3n para el Mundial de Qatar 2022.<\/p>\n\n\n\n<p>Cavani reemplazar\u00e1 a Jonathan Rodr\u00edguez, Rodrigo Bentancur, quien tambi\u00e9n cumpli\u00f3 la suspensi\u00f3n, ingresar\u00e1 por Federico Valverde, Nicol\u00e1s De La Cruz entrar\u00e1 por Mat\u00edas Vecino y Mat\u00edas Vi\u00f1a har\u00e1 lo propio por Facundo Torres. El esquema defensivo puede variar ya que tanto Gonz\u00e1lez como Vi\u00f1a pueden jugar como laterales y completar una l\u00ednea de cinco junto a C\u00e1ceres, Gim\u00e9nez y God\u00edn.<\/p>\n\n\n\n<p>El cl\u00e1sico de la R\u00edo de la Plata volver\u00e1 a jugarse en el marco de la Copa Am\u00e9rica luego de dos ediciones sin enfrentamientos. La \u00faltima vez fue en la fase de grupos de Chile 2015 y Argentina gan\u00f3 1-0 con un gol de Sergio Ag\u00fcero. La Albiceleste arrastra una buena racha ante Uruguay ya que solo perdi\u00f3 uno los \u00faltimos nueve encuentros entre Eliminatorias Sudamericanas, Copa Am\u00e9rica y amistosos (5 victorias y 3 empates). La \u00faltima victoria de Uruguay fue en octubre 2013 por 3-2, en Montevideo, en el camino hacia el Mundial de Brasil.<\/p>\n\n\n\n<p><\/p>\n\n\n\n<p><strong>Fuente: Infobae<\/strong>.<\/p>\n\n\n\n<h1 class=\"wp-block-heading\"><\/h1>\n\n\n\n<p><\/p>\n","protected":false},"excerpt":{"rendered":"<p>La selecci\u00f3n argentina enfrentar\u00e1 a Uruguay en una nueva edici\u00f3n del cl\u00e1sico de la R\u00edo de la Plata por la segunda fecha del Grupo A de la Copa Am\u00e9rica de Brasil. El estadio Man\u00e9 Garrincha de Brasilia ser\u00e1 la sede del partido que comenzar\u00e1 a las 21 con el arbitraje del brasile\u00f1o Wilton Sampaio y [&hellip;]<\/p>\n","protected":false},"author":2,"featured_media":6096,"comment_status":"open","ping_status":"open","sticky":false,"template":"","format":"standard","meta":{"footnotes":""},"categories":[24],"tags":[],"class_list":["post-6095","post","type-post","status-publish","format-standard","has-post-thumbnail","hentry","category-deportes"],"yoast_head":"<!-- This site is optimized with the Yoast SEO plugin v27.5 - https:\/\/yoast.com\/product\/yoast-seo-wordpress\/ -->\n<title>Argentina y Uruguay se enfrentan por la Copa Am\u00e9rica en una nueva edici\u00f3n del cl\u00e1sico del R\u00edo de la Plata. | CVI NOTICIAS<\/title>\n<meta name=\"robots\" content=\"index, follow, max-snippet:-1, max-image-preview:large, max-video-preview:-1\" \/>\n<link rel=\"canonical\" href=\"https:\/\/cvinoticias.com\/v3\/argentina-y-uruguay-se-enfrentan-por-la-copa-america-en-una-nueva-edicion-del-clasico-del-rio-de-la-plata\/\" \/>\n<meta property=\"og:locale\" content=\"es_ES\" \/>\n<meta property=\"og:type\" content=\"article\" \/>\n<meta property=\"og:title\" content=\"Argentina y Uruguay se enfrentan por la Copa Am\u00e9rica en una nueva edici\u00f3n del cl\u00e1sico del R\u00edo de la Plata. | CVI NOTICIAS\" \/>\n<meta property=\"og:description\" content=\"La selecci\u00f3n argentina enfrentar\u00e1 a Uruguay en una nueva edici\u00f3n del cl\u00e1sico de la R\u00edo de la Plata por la segunda fecha del Grupo A de la Copa Am\u00e9rica de Brasil. El estadio Man\u00e9 Garrincha de Brasilia ser\u00e1 la sede del partido que comenzar\u00e1 a las 21 con el arbitraje del brasile\u00f1o Wilton Sampaio y [&hellip;]\" \/>\n<meta property=\"og:url\" content=\"https:\/\/cvinoticias.com\/v3\/argentina-y-uruguay-se-enfrentan-por-la-copa-america-en-una-nueva-edicion-del-clasico-del-rio-de-la-plata\/\" \/>\n<meta property=\"og:site_name\" content=\"CVI NOTICIAS\" \/>\n<meta property=\"article:publisher\" content=\"https:\/\/www.facebook.com\/cvinoticias\" \/>\n<meta property=\"article:published_time\" content=\"2021-06-18T13:26:39+00:00\" \/>\n<meta property=\"og:image\" content=\"https:\/\/cvinoticias.com\/wp-content\/uploads\/2021\/06\/IMG-20210618-WA0066.jpg\" \/>\n\t<meta property=\"og:image:width\" content=\"768\" \/>\n\t<meta property=\"og:image:height\" content=\"432\" \/>\n\t<meta property=\"og:image:type\" content=\"image\/jpeg\" \/>\n<meta name=\"author\" content=\"f1000024\" \/>\n<meta name=\"twitter:card\" content=\"summary_large_image\" \/>\n<meta name=\"twitter:label1\" content=\"Escrito por\" \/>\n\t<meta name=\"twitter:data1\" content=\"f1000024\" \/>\n\t<meta name=\"twitter:label2\" content=\"Tiempo de lectura\" \/>\n\t<meta name=\"twitter:data2\" content=\"4 minutos\" \/>\n<script type=\"application\/ld+json\" class=\"yoast-schema-graph\">{\"@context\":\"https:\\\/\\\/schema.org\",\"@graph\":[{\"@type\":\"Article\",\"@id\":\"https:\\\/\\\/cvinoticias.com\\\/v3\\\/argentina-y-uruguay-se-enfrentan-por-la-copa-america-en-una-nueva-edicion-del-clasico-del-rio-de-la-plata\\\/#article\",\"isPartOf\":{\"@id\":\"https:\\\/\\\/cvinoticias.com\\\/v3\\\/argentina-y-uruguay-se-enfrentan-por-la-copa-america-en-una-nueva-edicion-del-clasico-del-rio-de-la-plata\\\/\"},\"author\":{\"name\":\"f1000024\",\"@id\":\"https:\\\/\\\/cvinoticias.com\\\/v3\\\/#\\\/schema\\\/person\\\/2db77e3c6bc03c538495d7b2b8be9b66\"},\"headline\":\"Argentina y Uruguay se enfrentan por la Copa Am\u00e9rica en una nueva edici\u00f3n del cl\u00e1sico del R\u00edo de la Plata.\",\"datePublished\":\"2021-06-18T13:26:39+00:00\",\"mainEntityOfPage\":{\"@id\":\"https:\\\/\\\/cvinoticias.com\\\/v3\\\/argentina-y-uruguay-se-enfrentan-por-la-copa-america-en-una-nueva-edicion-del-clasico-del-rio-de-la-plata\\\/\"},\"wordCount\":837,\"commentCount\":1,\"publisher\":{\"@id\":\"https:\\\/\\\/cvinoticias.com\\\/v3\\\/#organization\"},\"image\":{\"@id\":\"https:\\\/\\\/cvinoticias.com\\\/v3\\\/argentina-y-uruguay-se-enfrentan-por-la-copa-america-en-una-nueva-edicion-del-clasico-del-rio-de-la-plata\\\/#primaryimage\"},\"thumbnailUrl\":\"https:\\\/\\\/cvinoticias.com\\\/wp-content\\\/uploads\\\/2021\\\/06\\\/IMG-20210618-WA0066.jpg\",\"articleSection\":[\"Deportes\"],\"inLanguage\":\"es\",\"potentialAction\":[{\"@type\":\"CommentAction\",\"name\":\"Comment\",\"target\":[\"https:\\\/\\\/cvinoticias.com\\\/v3\\\/argentina-y-uruguay-se-enfrentan-por-la-copa-america-en-una-nueva-edicion-del-clasico-del-rio-de-la-plata\\\/#respond\"]}]},{\"@type\":\"WebPage\",\"@id\":\"https:\\\/\\\/cvinoticias.com\\\/v3\\\/argentina-y-uruguay-se-enfrentan-por-la-copa-america-en-una-nueva-edicion-del-clasico-del-rio-de-la-plata\\\/\",\"url\":\"https:\\\/\\\/cvinoticias.com\\\/v3\\\/argentina-y-uruguay-se-enfrentan-por-la-copa-america-en-una-nueva-edicion-del-clasico-del-rio-de-la-plata\\\/\",\"name\":\"Argentina y Uruguay se enfrentan por la Copa Am\u00e9rica en una nueva edici\u00f3n del cl\u00e1sico del R\u00edo de la Plata. | CVI NOTICIAS\",\"isPartOf\":{\"@id\":\"https:\\\/\\\/cvinoticias.com\\\/v3\\\/#website\"},\"primaryImageOfPage\":{\"@id\":\"https:\\\/\\\/cvinoticias.com\\\/v3\\\/argentina-y-uruguay-se-enfrentan-por-la-copa-america-en-una-nueva-edicion-del-clasico-del-rio-de-la-plata\\\/#primaryimage\"},\"image\":{\"@id\":\"https:\\\/\\\/cvinoticias.com\\\/v3\\\/argentina-y-uruguay-se-enfrentan-por-la-copa-america-en-una-nueva-edicion-del-clasico-del-rio-de-la-plata\\\/#primaryimage\"},\"thumbnailUrl\":\"https:\\\/\\\/cvinoticias.com\\\/wp-content\\\/uploads\\\/2021\\\/06\\\/IMG-20210618-WA0066.jpg\",\"datePublished\":\"2021-06-18T13:26:39+00:00\",\"breadcrumb\":{\"@id\":\"https:\\\/\\\/cvinoticias.com\\\/v3\\\/argentina-y-uruguay-se-enfrentan-por-la-copa-america-en-una-nueva-edicion-del-clasico-del-rio-de-la-plata\\\/#breadcrumb\"},\"inLanguage\":\"es\",\"potentialAction\":[{\"@type\":\"ReadAction\",\"target\":[\"https:\\\/\\\/cvinoticias.com\\\/v3\\\/argentina-y-uruguay-se-enfrentan-por-la-copa-america-en-una-nueva-edicion-del-clasico-del-rio-de-la-plata\\\/\"]}]},{\"@type\":\"ImageObject\",\"inLanguage\":\"es\",\"@id\":\"https:\\\/\\\/cvinoticias.com\\\/v3\\\/argentina-y-uruguay-se-enfrentan-por-la-copa-america-en-una-nueva-edicion-del-clasico-del-rio-de-la-plata\\\/#primaryimage\",\"url\":\"https:\\\/\\\/cvinoticias.com\\\/wp-content\\\/uploads\\\/2021\\\/06\\\/IMG-20210618-WA0066.jpg\",\"contentUrl\":\"https:\\\/\\\/cvinoticias.com\\\/wp-content\\\/uploads\\\/2021\\\/06\\\/IMG-20210618-WA0066.jpg\",\"width\":768,\"height\":432},{\"@type\":\"BreadcrumbList\",\"@id\":\"https:\\\/\\\/cvinoticias.com\\\/v3\\\/argentina-y-uruguay-se-enfrentan-por-la-copa-america-en-una-nueva-edicion-del-clasico-del-rio-de-la-plata\\\/#breadcrumb\",\"itemListElement\":[{\"@type\":\"ListItem\",\"position\":1,\"name\":\"Portada\",\"item\":\"https:\\\/\\\/cvinoticias.com\\\/v3\\\/\"},{\"@type\":\"ListItem\",\"position\":2,\"name\":\"Argentina y Uruguay se enfrentan por la Copa Am\u00e9rica en una nueva edici\u00f3n del cl\u00e1sico del R\u00edo de la Plata.\"}]},{\"@type\":\"WebSite\",\"@id\":\"https:\\\/\\\/cvinoticias.com\\\/v3\\\/#website\",\"url\":\"https:\\\/\\\/cvinoticias.com\\\/v3\\\/\",\"name\":\"CVI NOTICIAS\",\"description\":\"\",\"publisher\":{\"@id\":\"https:\\\/\\\/cvinoticias.com\\\/v3\\\/#organization\"},\"alternateName\":\"CVI\",\"potentialAction\":[{\"@type\":\"SearchAction\",\"target\":{\"@type\":\"EntryPoint\",\"urlTemplate\":\"https:\\\/\\\/cvinoticias.com\\\/v3\\\/?s={search_term_string}\"},\"query-input\":{\"@type\":\"PropertyValueSpecification\",\"valueRequired\":true,\"valueName\":\"search_term_string\"}}],\"inLanguage\":\"es\"},{\"@type\":\"Organization\",\"@id\":\"https:\\\/\\\/cvinoticias.com\\\/v3\\\/#organization\",\"name\":\"CVI NOTICIAS\",\"url\":\"https:\\\/\\\/cvinoticias.com\\\/v3\\\/\",\"logo\":{\"@type\":\"ImageObject\",\"inLanguage\":\"es\",\"@id\":\"https:\\\/\\\/cvinoticias.com\\\/v3\\\/#\\\/schema\\\/logo\\\/image\\\/\",\"url\":\"https:\\\/\\\/cvinoticias.com\\\/wp-content\\\/uploads\\\/2023\\\/04\\\/cropped-cropped-cropped-cropped-cropped-3-1.png\",\"contentUrl\":\"https:\\\/\\\/cvinoticias.com\\\/wp-content\\\/uploads\\\/2023\\\/04\\\/cropped-cropped-cropped-cropped-cropped-3-1.png\",\"width\":95,\"height\":122,\"caption\":\"CVI NOTICIAS\"},\"image\":{\"@id\":\"https:\\\/\\\/cvinoticias.com\\\/v3\\\/#\\\/schema\\\/logo\\\/image\\\/\"},\"sameAs\":[\"https:\\\/\\\/www.facebook.com\\\/cvinoticias\",\"https:\\\/\\\/www.instagram.com\\\/cvinoticias\\\/\",\"https:\\\/\\\/www.youtube.com\\\/@CVINOTICIAS\"]},{\"@type\":\"Person\",\"@id\":\"https:\\\/\\\/cvinoticias.com\\\/v3\\\/#\\\/schema\\\/person\\\/2db77e3c6bc03c538495d7b2b8be9b66\",\"name\":\"f1000024\",\"image\":{\"@type\":\"ImageObject\",\"inLanguage\":\"es\",\"@id\":\"https:\\\/\\\/secure.gravatar.com\\\/avatar\\\/d4fe7459cfc51ff5129ce1a732bbef5928568b8092d412ef95611616376bbeed?s=96&d=mm&r=g\",\"url\":\"https:\\\/\\\/secure.gravatar.com\\\/avatar\\\/d4fe7459cfc51ff5129ce1a732bbef5928568b8092d412ef95611616376bbeed?s=96&d=mm&r=g\",\"contentUrl\":\"https:\\\/\\\/secure.gravatar.com\\\/avatar\\\/d4fe7459cfc51ff5129ce1a732bbef5928568b8092d412ef95611616376bbeed?s=96&d=mm&r=g\",\"caption\":\"f1000024\"},\"url\":\"https:\\\/\\\/cvinoticias.com\\\/v3\\\/author\\\/f1000024\\\/\"}]}<\/script>\n<!-- \/ Yoast SEO plugin. -->","yoast_head_json":{"title":"Argentina y Uruguay se enfrentan por la Copa Am\u00e9rica en una nueva edici\u00f3n del cl\u00e1sico del R\u00edo de la Plata. | CVI NOTICIAS","robots":{"index":"index","follow":"follow","max-snippet":"max-snippet:-1","max-image-preview":"max-image-preview:large","max-video-preview":"max-video-preview:-1"},"canonical":"https:\/\/cvinoticias.com\/v3\/argentina-y-uruguay-se-enfrentan-por-la-copa-america-en-una-nueva-edicion-del-clasico-del-rio-de-la-plata\/","og_locale":"es_ES","og_type":"article","og_title":"Argentina y Uruguay se enfrentan por la Copa Am\u00e9rica en una nueva edici\u00f3n del cl\u00e1sico del R\u00edo de la Plata. | CVI NOTICIAS","og_description":"La selecci\u00f3n argentina enfrentar\u00e1 a Uruguay en una nueva edici\u00f3n del cl\u00e1sico de la R\u00edo de la Plata por la segunda fecha del Grupo A de la Copa Am\u00e9rica de Brasil. El estadio Man\u00e9 Garrincha de Brasilia ser\u00e1 la sede del partido que comenzar\u00e1 a las 21 con el arbitraje del brasile\u00f1o Wilton Sampaio y [&hellip;]","og_url":"https:\/\/cvinoticias.com\/v3\/argentina-y-uruguay-se-enfrentan-por-la-copa-america-en-una-nueva-edicion-del-clasico-del-rio-de-la-plata\/","og_site_name":"CVI NOTICIAS","article_publisher":"https:\/\/www.facebook.com\/cvinoticias","article_published_time":"2021-06-18T13:26:39+00:00","og_image":[{"width":768,"height":432,"url":"https:\/\/cvinoticias.com\/wp-content\/uploads\/2021\/06\/IMG-20210618-WA0066.jpg","type":"image\/jpeg"}],"author":"f1000024","twitter_card":"summary_large_image","twitter_misc":{"Escrito por":"f1000024","Tiempo de lectura":"4 minutos"},"schema":{"@context":"https:\/\/schema.org","@graph":[{"@type":"Article","@id":"https:\/\/cvinoticias.com\/v3\/argentina-y-uruguay-se-enfrentan-por-la-copa-america-en-una-nueva-edicion-del-clasico-del-rio-de-la-plata\/#article","isPartOf":{"@id":"https:\/\/cvinoticias.com\/v3\/argentina-y-uruguay-se-enfrentan-por-la-copa-america-en-una-nueva-edicion-del-clasico-del-rio-de-la-plata\/"},"author":{"name":"f1000024","@id":"https:\/\/cvinoticias.com\/v3\/#\/schema\/person\/2db77e3c6bc03c538495d7b2b8be9b66"},"headline":"Argentina y Uruguay se enfrentan por la Copa Am\u00e9rica en una nueva edici\u00f3n del cl\u00e1sico del R\u00edo de la Plata.","datePublished":"2021-06-18T13:26:39+00:00","mainEntityOfPage":{"@id":"https:\/\/cvinoticias.com\/v3\/argentina-y-uruguay-se-enfrentan-por-la-copa-america-en-una-nueva-edicion-del-clasico-del-rio-de-la-plata\/"},"wordCount":837,"commentCount":1,"publisher":{"@id":"https:\/\/cvinoticias.com\/v3\/#organization"},"image":{"@id":"https:\/\/cvinoticias.com\/v3\/argentina-y-uruguay-se-enfrentan-por-la-copa-america-en-una-nueva-edicion-del-clasico-del-rio-de-la-plata\/#primaryimage"},"thumbnailUrl":"https:\/\/cvinoticias.com\/wp-content\/uploads\/2021\/06\/IMG-20210618-WA0066.jpg","articleSection":["Deportes"],"inLanguage":"es","potentialAction":[{"@type":"CommentAction","name":"Comment","target":["https:\/\/cvinoticias.com\/v3\/argentina-y-uruguay-se-enfrentan-por-la-copa-america-en-una-nueva-edicion-del-clasico-del-rio-de-la-plata\/#respond"]}]},{"@type":"WebPage","@id":"https:\/\/cvinoticias.com\/v3\/argentina-y-uruguay-se-enfrentan-por-la-copa-america-en-una-nueva-edicion-del-clasico-del-rio-de-la-plata\/","url":"https:\/\/cvinoticias.com\/v3\/argentina-y-uruguay-se-enfrentan-por-la-copa-america-en-una-nueva-edicion-del-clasico-del-rio-de-la-plata\/","name":"Argentina y Uruguay se enfrentan por la Copa Am\u00e9rica en una nueva edici\u00f3n del cl\u00e1sico del R\u00edo de la Plata. | CVI NOTICIAS","isPartOf":{"@id":"https:\/\/cvinoticias.com\/v3\/#website"},"primaryImageOfPage":{"@id":"https:\/\/cvinoticias.com\/v3\/argentina-y-uruguay-se-enfrentan-por-la-copa-america-en-una-nueva-edicion-del-clasico-del-rio-de-la-plata\/#primaryimage"},"image":{"@id":"https:\/\/cvinoticias.com\/v3\/argentina-y-uruguay-se-enfrentan-por-la-copa-america-en-una-nueva-edicion-del-clasico-del-rio-de-la-plata\/#primaryimage"},"thumbnailUrl":"https:\/\/cvinoticias.com\/wp-content\/uploads\/2021\/06\/IMG-20210618-WA0066.jpg","datePublished":"2021-06-18T13:26:39+00:00","breadcrumb":{"@id":"https:\/\/cvinoticias.com\/v3\/argentina-y-uruguay-se-enfrentan-por-la-copa-america-en-una-nueva-edicion-del-clasico-del-rio-de-la-plata\/#breadcrumb"},"inLanguage":"es","potentialAction":[{"@type":"ReadAction","target":["https:\/\/cvinoticias.com\/v3\/argentina-y-uruguay-se-enfrentan-por-la-copa-america-en-una-nueva-edicion-del-clasico-del-rio-de-la-plata\/"]}]},{"@type":"ImageObject","inLanguage":"es","@id":"https:\/\/cvinoticias.com\/v3\/argentina-y-uruguay-se-enfrentan-por-la-copa-america-en-una-nueva-edicion-del-clasico-del-rio-de-la-plata\/#primaryimage","url":"https:\/\/cvinoticias.com\/wp-content\/uploads\/2021\/06\/IMG-20210618-WA0066.jpg","contentUrl":"https:\/\/cvinoticias.com\/wp-content\/uploads\/2021\/06\/IMG-20210618-WA0066.jpg","width":768,"height":432},{"@type":"BreadcrumbList","@id":"https:\/\/cvinoticias.com\/v3\/argentina-y-uruguay-se-enfrentan-por-la-copa-america-en-una-nueva-edicion-del-clasico-del-rio-de-la-plata\/#breadcrumb","itemListElement":[{"@type":"ListItem","position":1,"name":"Portada","item":"https:\/\/cvinoticias.com\/v3\/"},{"@type":"ListItem","position":2,"name":"Argentina y Uruguay se enfrentan por la Copa Am\u00e9rica en una nueva edici\u00f3n del cl\u00e1sico del R\u00edo de la Plata."}]},{"@type":"WebSite","@id":"https:\/\/cvinoticias.com\/v3\/#website","url":"https:\/\/cvinoticias.com\/v3\/","name":"CVI NOTICIAS","description":"","publisher":{"@id":"https:\/\/cvinoticias.com\/v3\/#organization"},"alternateName":"CVI","potentialAction":[{"@type":"SearchAction","target":{"@type":"EntryPoint","urlTemplate":"https:\/\/cvinoticias.com\/v3\/?s={search_term_string}"},"query-input":{"@type":"PropertyValueSpecification","valueRequired":true,"valueName":"search_term_string"}}],"inLanguage":"es"},{"@type":"Organization","@id":"https:\/\/cvinoticias.com\/v3\/#organization","name":"CVI NOTICIAS","url":"https:\/\/cvinoticias.com\/v3\/","logo":{"@type":"ImageObject","inLanguage":"es","@id":"https:\/\/cvinoticias.com\/v3\/#\/schema\/logo\/image\/","url":"https:\/\/cvinoticias.com\/wp-content\/uploads\/2023\/04\/cropped-cropped-cropped-cropped-cropped-3-1.png","contentUrl":"https:\/\/cvinoticias.com\/wp-content\/uploads\/2023\/04\/cropped-cropped-cropped-cropped-cropped-3-1.png","width":95,"height":122,"caption":"CVI NOTICIAS"},"image":{"@id":"https:\/\/cvinoticias.com\/v3\/#\/schema\/logo\/image\/"},"sameAs":["https:\/\/www.facebook.com\/cvinoticias","https:\/\/www.instagram.com\/cvinoticias\/","https:\/\/www.youtube.com\/@CVINOTICIAS"]},{"@type":"Person","@id":"https:\/\/cvinoticias.com\/v3\/#\/schema\/person\/2db77e3c6bc03c538495d7b2b8be9b66","name":"f1000024","image":{"@type":"ImageObject","inLanguage":"es","@id":"https:\/\/secure.gravatar.com\/avatar\/d4fe7459cfc51ff5129ce1a732bbef5928568b8092d412ef95611616376bbeed?s=96&d=mm&r=g","url":"https:\/\/secure.gravatar.com\/avatar\/d4fe7459cfc51ff5129ce1a732bbef5928568b8092d412ef95611616376bbeed?s=96&d=mm&r=g","contentUrl":"https:\/\/secure.gravatar.com\/avatar\/d4fe7459cfc51ff5129ce1a732bbef5928568b8092d412ef95611616376bbeed?s=96&d=mm&r=g","caption":"f1000024"},"url":"https:\/\/cvinoticias.com\/v3\/author\/f1000024\/"}]}},"_links":{"self":[{"href":"https:\/\/cvinoticias.com\/v3\/wp-json\/wp\/v2\/posts\/6095","targetHints":{"allow":["GET"]}}],"collection":[{"href":"https:\/\/cvinoticias.com\/v3\/wp-json\/wp\/v2\/posts"}],"about":[{"href":"https:\/\/cvinoticias.com\/v3\/wp-json\/wp\/v2\/types\/post"}],"author":[{"embeddable":true,"href":"https:\/\/cvinoticias.com\/v3\/wp-json\/wp\/v2\/users\/2"}],"replies":[{"embeddable":true,"href":"https:\/\/cvinoticias.com\/v3\/wp-json\/wp\/v2\/comments?post=6095"}],"version-history":[{"count":1,"href":"https:\/\/cvinoticias.com\/v3\/wp-json\/wp\/v2\/posts\/6095\/revisions"}],"predecessor-version":[{"id":6097,"href":"https:\/\/cvinoticias.com\/v3\/wp-json\/wp\/v2\/posts\/6095\/revisions\/6097"}],"wp:featuredmedia":[{"embeddable":true,"href":"https:\/\/cvinoticias.com\/v3\/wp-json\/wp\/v2\/media\/6096"}],"wp:attachment":[{"href":"https:\/\/cvinoticias.com\/v3\/wp-json\/wp\/v2\/media?parent=6095"}],"wp:term":[{"taxonomy":"category","embeddable":true,"href":"https:\/\/cvinoticias.com\/v3\/wp-json\/wp\/v2\/categories?post=6095"},{"taxonomy":"post_tag","embeddable":true,"href":"https:\/\/cvinoticias.com\/v3\/wp-json\/wp\/v2\/tags?post=6095"}],"curies":[{"name":"wp","href":"https:\/\/api.w.org\/{rel}","templated":true}]}}