{"id":6087,"date":"2021-06-18T04:49:19","date_gmt":"2021-06-18T04:49:19","guid":{"rendered":"https:\/\/cvinoticias.com\/v3\/?p=6087"},"modified":"2021-06-18T04:49:19","modified_gmt":"2021-06-18T04:49:19","slug":"diputados-emitio-dictamen-sobre-el-proyecto-de-monotributo","status":"publish","type":"post","link":"https:\/\/cvinoticias.com\/v3\/diputados-emitio-dictamen-sobre-el-proyecto-de-monotributo\/","title":{"rendered":"Diputados emiti\u00f3 dictamen sobre el proyecto de Monotributo"},"content":{"rendered":"\n<p><strong><em>La iniciativa elimina el pago del retroactivo a enero pasado del monotributo, por lo que comenzar\u00e1 a regir desde julio pr\u00f3ximo, y actualizar\u00e1 las categor\u00edas que conforman el r\u00e9gimen.<\/em><\/strong><\/p>\n\n\n\n<p>C\u00e1mara de Diputados emiti\u00f3 este jueves dictamen un\u00e1nime sobre el proyecto de actualizaci\u00f3n del Monotributo,\u00a0que qued\u00f3 ahora en condiciones de ser debatido por el plenario del cuerpo en una sesi\u00f3n que se realizar\u00eda el martes de la pr\u00f3xima semana.<\/p>\n\n\n\n<p>El dictamen de la iniciativa, presentada hace una semana por el presidente del cuerpo, Sergio Massa, y por el jefe de la bancada oficialista, M\u00e1ximo Kirchner, sum\u00f3 las firmas de Juntos por el Cambio, de C\u00f3rdoba Federal y del Frente de la Concordia misionera, las tres fuerzas opositoras que integran la comisi\u00f3n.<\/p>\n\n\n\n<p>\u00abEl proyecto a considerar viene a complementar a la ley 27.618, y generar un mayor alivio fiscal para los monotributistas\u201d,\u00a0se\u00f1al\u00f3 el presidente de la comisi\u00f3n, Carlos Heller (Frente de Todos), al abrir el debate sobre el proyecto en cuesti\u00f3n.<\/p>\n\n\n\n<p>A continuaci\u00f3n, el vicepresidente de la comisi\u00f3n,\u00a0Luciano Laspina\u00a0(PRO), anticip\u00f3 el posicionamiento de Juntos por el Cambio:\u00a0\u201cVamos a acompa\u00f1ar este proyecto, que b\u00e1sicamente trata de subsanar un error de gesti\u00f3n del ministro de Econom\u00eda, que nos llev\u00f3 a esta situaci\u00f3n tan rara con una deuda de los monotributistas en el medio de una pandemia que no los deja trabajar\u201d.<\/p>\n\n\n\n<p>Su compa\u00f1ero de interbloque, el radical\u00a0Luis Pastori, a\u00f1adi\u00f3:\u00a0\u201cEstamos de acuerdo con la soluci\u00f3n que se le da a trav\u00e9s de este proyecto, es coincidente en el objetivo que yo hab\u00eda presentado con actualizaci\u00f3n de escalas, el alivio fiscal y la moratoria\u201d.<\/p>\n\n\n\n<p>\u201cLa otra observaci\u00f3n est\u00e1 referida con los siempre olvidados trabajadores aut\u00f3nomos, que sufren las mismas vicisitudes que los monotributistas, pero quedaron relegados. Hubi\u00e9semos pretendido que la moratoria tambi\u00e9n comprendiera a los trabajadores aut\u00f3nomos\u201d, a\u00f1adi\u00f3.<\/p>\n\n\n\n<p>Por el oficialismo, el pampeano\u00a0Ariel Rauschemberger,\u00a0defendi\u00f3 la iniciativa al se\u00f1alar que \u201ca trav\u00e9s de este proyecto se quiere llevar tranquilidad a los monotributistas,\u00a0no va haber una retroactividad, esto se logra eliminar con este nuevo proyecto que es mucho m\u00e1s amplio, abarcativo e integral \u201c.<\/p>\n\n\n\n<p>En el mismo sentido, el entrerriano Marcelo Cassaretto, tambi\u00e9n del FdT, remarc\u00f3: \u201cLo que hemos buscado es aliviar la carga tributaria sobre aquellos sectores de menores recursos, que ven\u00edan sufriendo primero las consecuencias de la ca\u00edda econ\u00f3mica de 2018 y 2019, y luego las consecuencias de la pandemia\u201d.<\/p>\n\n\n\n<p>El proyecto elimina el pago del retroactivo con lo cual los monotributistas no deber\u00e1n afrontar ninguna deuda acumulada por la diferencia resultante entre lo que pagaron entre enero y junio y los nuevos valores establecidos por la ley 27.618.<\/p>\n\n\n\n<p>La iniciativa tambi\u00e9n\u00a0fija que en julio se pondr\u00e1 en vigencia una nueva actualizaci\u00f3n de escalas con un criterio progresivo, que incrementa en un 77% respecto de diciembre de 2020\u00a0el tope para la categor\u00eda A, por ejemplo.<\/p>\n\n\n\n<p>A lo largo del proyecto\u00a0se fijan los incrementos que tendr\u00e1n escalas en las cuales las m\u00e1s bajas podr\u00e1n duplicar los montos de facturaci\u00f3n.<\/p>\n\n\n\n<p>Otro punto central es que aquellos que se excedieron de la facturaci\u00f3n prevista en su categor\u00eda podr\u00e1n permanecer en el r\u00e9gimen siempre que no superen la facturaci\u00f3n de $5,55 millones anuales y un patrimonio de hasta $6,5 millones.<\/p>\n\n\n\n<p>Asimismo,\u00a0se contempla un plan de pagos para regularizar la deuda de los monotributistas, con un m\u00e1ximo de 60 cuotas, un inter\u00e9s de financiaci\u00f3n no superior a 1,5% mensual,\u00a0para deudas que se ven\u00edan pagando en planes vigentes y caducos, y para contribuyentes que no ingresen al Alivio Fiscal Monotributo.<\/p>\n\n\n\n<p>Para el caso de las categor\u00edas m\u00e1s altas de la E a la K, deber\u00e1n pagar una \u201ccuota especial\u201d por \u00fanica vez.<\/p>\n\n\n\n<p>Con este proyecto se busca dar mayor alivio fiscal y previsibilidad a la actividad econ\u00f3mica de los monotributistas\u00a0que suman un total de 4.080.151 contribuyentes; de los cuales 1.592.466 (39%) se encuentran en el \u00c1rea Metropolitana de Buenos Aires (AMBA), y 2.487.685 (61%) en el resto del pa\u00eds.<\/p>\n\n\n\n<p>La comisi\u00f3n tambi\u00e9n dio dictamen de mayor\u00eda a un proyecto destinado a ampliar las exenciones en los Impuestos a las Ganancias y Bienes Personales para los activos de inversiones financieras en moneda nacional.<\/p>\n\n\n\n<p>El objetivo es establecer medidas de incentivo de car\u00e1cter tributario, a los fines de fomentar la inversi\u00f3n en instrumentos financieros emitidos en moneda nacional.<\/p>\n\n\n\n<p>En la iniciativa se exime del pago de Ganancias a los intereses originados en los dep\u00f3sitos concretados en instituciones financieras en moneda nacional, as\u00ed como para los intereses y rendimientos producto de la colocaci\u00f3n de capital en instrumentos emitidos en moneda nacional destinados a fomentar la inversi\u00f3n productiva.<\/p>\n","protected":false},"excerpt":{"rendered":"<p>La iniciativa elimina el pago del retroactivo a enero pasado del monotributo, por lo que comenzar\u00e1 a regir desde julio pr\u00f3ximo, y actualizar\u00e1 las categor\u00edas que conforman el r\u00e9gimen. C\u00e1mara de Diputados emiti\u00f3 este jueves dictamen un\u00e1nime sobre el proyecto de actualizaci\u00f3n del Monotributo,\u00a0que qued\u00f3 ahora en condiciones de ser debatido por el plenario del [&hellip;]<\/p>\n","protected":false},"author":2,"featured_media":6088,"comment_status":"open","ping_status":"open","sticky":false,"template":"","format":"standard","meta":{"footnotes":""},"categories":[35],"tags":[],"class_list":["post-6087","post","type-post","status-publish","format-standard","has-post-thumbnail","hentry","category-informacion-general"],"yoast_head":"<!-- This site is optimized with the Yoast SEO plugin v27.5 - https:\/\/yoast.com\/product\/yoast-seo-wordpress\/ -->\n<title>Diputados emiti\u00f3 dictamen sobre el proyecto de Monotributo | CVI NOTICIAS<\/title>\n<meta name=\"robots\" content=\"index, follow, max-snippet:-1, max-image-preview:large, max-video-preview:-1\" \/>\n<link rel=\"canonical\" href=\"https:\/\/cvinoticias.com\/v3\/diputados-emitio-dictamen-sobre-el-proyecto-de-monotributo\/\" \/>\n<meta property=\"og:locale\" content=\"es_ES\" \/>\n<meta property=\"og:type\" content=\"article\" \/>\n<meta property=\"og:title\" content=\"Diputados emiti\u00f3 dictamen sobre el proyecto de Monotributo | CVI NOTICIAS\" \/>\n<meta property=\"og:description\" content=\"La iniciativa elimina el pago del retroactivo a enero pasado del monotributo, por lo que comenzar\u00e1 a regir desde julio pr\u00f3ximo, y actualizar\u00e1 las categor\u00edas que conforman el r\u00e9gimen. C\u00e1mara de Diputados emiti\u00f3 este jueves dictamen un\u00e1nime sobre el proyecto de actualizaci\u00f3n del Monotributo,\u00a0que qued\u00f3 ahora en condiciones de ser debatido por el plenario del [&hellip;]\" \/>\n<meta property=\"og:url\" content=\"https:\/\/cvinoticias.com\/v3\/diputados-emitio-dictamen-sobre-el-proyecto-de-monotributo\/\" \/>\n<meta property=\"og:site_name\" content=\"CVI NOTICIAS\" \/>\n<meta property=\"article:publisher\" content=\"https:\/\/www.facebook.com\/cvinoticias\" \/>\n<meta property=\"article:published_time\" content=\"2021-06-18T04:49:19+00:00\" \/>\n<meta property=\"og:image\" content=\"https:\/\/cvinoticias.com\/wp-content\/uploads\/2021\/06\/monotributo-1200x675-1.jpg\" \/>\n\t<meta property=\"og:image:width\" content=\"1200\" \/>\n\t<meta property=\"og:image:height\" content=\"675\" \/>\n\t<meta property=\"og:image:type\" content=\"image\/jpeg\" \/>\n<meta name=\"author\" content=\"f1000024\" \/>\n<meta name=\"twitter:card\" content=\"summary_large_image\" \/>\n<meta name=\"twitter:label1\" content=\"Escrito por\" \/>\n\t<meta name=\"twitter:data1\" content=\"f1000024\" \/>\n\t<meta name=\"twitter:label2\" content=\"Tiempo de lectura\" \/>\n\t<meta name=\"twitter:data2\" content=\"4 minutos\" \/>\n<script type=\"application\/ld+json\" class=\"yoast-schema-graph\">{\"@context\":\"https:\\\/\\\/schema.org\",\"@graph\":[{\"@type\":\"Article\",\"@id\":\"https:\\\/\\\/cvinoticias.com\\\/v3\\\/diputados-emitio-dictamen-sobre-el-proyecto-de-monotributo\\\/#article\",\"isPartOf\":{\"@id\":\"https:\\\/\\\/cvinoticias.com\\\/v3\\\/diputados-emitio-dictamen-sobre-el-proyecto-de-monotributo\\\/\"},\"author\":{\"name\":\"f1000024\",\"@id\":\"https:\\\/\\\/cvinoticias.com\\\/v3\\\/#\\\/schema\\\/person\\\/2db77e3c6bc03c538495d7b2b8be9b66\"},\"headline\":\"Diputados emiti\u00f3 dictamen sobre el proyecto de Monotributo\",\"datePublished\":\"2021-06-18T04:49:19+00:00\",\"mainEntityOfPage\":{\"@id\":\"https:\\\/\\\/cvinoticias.com\\\/v3\\\/diputados-emitio-dictamen-sobre-el-proyecto-de-monotributo\\\/\"},\"wordCount\":821,\"commentCount\":0,\"publisher\":{\"@id\":\"https:\\\/\\\/cvinoticias.com\\\/v3\\\/#organization\"},\"image\":{\"@id\":\"https:\\\/\\\/cvinoticias.com\\\/v3\\\/diputados-emitio-dictamen-sobre-el-proyecto-de-monotributo\\\/#primaryimage\"},\"thumbnailUrl\":\"https:\\\/\\\/cvinoticias.com\\\/wp-content\\\/uploads\\\/2021\\\/06\\\/monotributo-1200x675-1.jpg\",\"articleSection\":[\"Informaci\u00f3n General\"],\"inLanguage\":\"es\",\"potentialAction\":[{\"@type\":\"CommentAction\",\"name\":\"Comment\",\"target\":[\"https:\\\/\\\/cvinoticias.com\\\/v3\\\/diputados-emitio-dictamen-sobre-el-proyecto-de-monotributo\\\/#respond\"]}]},{\"@type\":\"WebPage\",\"@id\":\"https:\\\/\\\/cvinoticias.com\\\/v3\\\/diputados-emitio-dictamen-sobre-el-proyecto-de-monotributo\\\/\",\"url\":\"https:\\\/\\\/cvinoticias.com\\\/v3\\\/diputados-emitio-dictamen-sobre-el-proyecto-de-monotributo\\\/\",\"name\":\"Diputados emiti\u00f3 dictamen sobre el proyecto de Monotributo | CVI NOTICIAS\",\"isPartOf\":{\"@id\":\"https:\\\/\\\/cvinoticias.com\\\/v3\\\/#website\"},\"primaryImageOfPage\":{\"@id\":\"https:\\\/\\\/cvinoticias.com\\\/v3\\\/diputados-emitio-dictamen-sobre-el-proyecto-de-monotributo\\\/#primaryimage\"},\"image\":{\"@id\":\"https:\\\/\\\/cvinoticias.com\\\/v3\\\/diputados-emitio-dictamen-sobre-el-proyecto-de-monotributo\\\/#primaryimage\"},\"thumbnailUrl\":\"https:\\\/\\\/cvinoticias.com\\\/wp-content\\\/uploads\\\/2021\\\/06\\\/monotributo-1200x675-1.jpg\",\"datePublished\":\"2021-06-18T04:49:19+00:00\",\"breadcrumb\":{\"@id\":\"https:\\\/\\\/cvinoticias.com\\\/v3\\\/diputados-emitio-dictamen-sobre-el-proyecto-de-monotributo\\\/#breadcrumb\"},\"inLanguage\":\"es\",\"potentialAction\":[{\"@type\":\"ReadAction\",\"target\":[\"https:\\\/\\\/cvinoticias.com\\\/v3\\\/diputados-emitio-dictamen-sobre-el-proyecto-de-monotributo\\\/\"]}]},{\"@type\":\"ImageObject\",\"inLanguage\":\"es\",\"@id\":\"https:\\\/\\\/cvinoticias.com\\\/v3\\\/diputados-emitio-dictamen-sobre-el-proyecto-de-monotributo\\\/#primaryimage\",\"url\":\"https:\\\/\\\/cvinoticias.com\\\/wp-content\\\/uploads\\\/2021\\\/06\\\/monotributo-1200x675-1.jpg\",\"contentUrl\":\"https:\\\/\\\/cvinoticias.com\\\/wp-content\\\/uploads\\\/2021\\\/06\\\/monotributo-1200x675-1.jpg\",\"width\":1200,\"height\":675},{\"@type\":\"BreadcrumbList\",\"@id\":\"https:\\\/\\\/cvinoticias.com\\\/v3\\\/diputados-emitio-dictamen-sobre-el-proyecto-de-monotributo\\\/#breadcrumb\",\"itemListElement\":[{\"@type\":\"ListItem\",\"position\":1,\"name\":\"Portada\",\"item\":\"https:\\\/\\\/cvinoticias.com\\\/v3\\\/\"},{\"@type\":\"ListItem\",\"position\":2,\"name\":\"Diputados emiti\u00f3 dictamen sobre el proyecto de Monotributo\"}]},{\"@type\":\"WebSite\",\"@id\":\"https:\\\/\\\/cvinoticias.com\\\/v3\\\/#website\",\"url\":\"https:\\\/\\\/cvinoticias.com\\\/v3\\\/\",\"name\":\"CVI NOTICIAS\",\"description\":\"\",\"publisher\":{\"@id\":\"https:\\\/\\\/cvinoticias.com\\\/v3\\\/#organization\"},\"alternateName\":\"CVI\",\"potentialAction\":[{\"@type\":\"SearchAction\",\"target\":{\"@type\":\"EntryPoint\",\"urlTemplate\":\"https:\\\/\\\/cvinoticias.com\\\/v3\\\/?s={search_term_string}\"},\"query-input\":{\"@type\":\"PropertyValueSpecification\",\"valueRequired\":true,\"valueName\":\"search_term_string\"}}],\"inLanguage\":\"es\"},{\"@type\":\"Organization\",\"@id\":\"https:\\\/\\\/cvinoticias.com\\\/v3\\\/#organization\",\"name\":\"CVI NOTICIAS\",\"url\":\"https:\\\/\\\/cvinoticias.com\\\/v3\\\/\",\"logo\":{\"@type\":\"ImageObject\",\"inLanguage\":\"es\",\"@id\":\"https:\\\/\\\/cvinoticias.com\\\/v3\\\/#\\\/schema\\\/logo\\\/image\\\/\",\"url\":\"https:\\\/\\\/cvinoticias.com\\\/wp-content\\\/uploads\\\/2023\\\/04\\\/cropped-cropped-cropped-cropped-cropped-3-1.png\",\"contentUrl\":\"https:\\\/\\\/cvinoticias.com\\\/wp-content\\\/uploads\\\/2023\\\/04\\\/cropped-cropped-cropped-cropped-cropped-3-1.png\",\"width\":95,\"height\":122,\"caption\":\"CVI NOTICIAS\"},\"image\":{\"@id\":\"https:\\\/\\\/cvinoticias.com\\\/v3\\\/#\\\/schema\\\/logo\\\/image\\\/\"},\"sameAs\":[\"https:\\\/\\\/www.facebook.com\\\/cvinoticias\",\"https:\\\/\\\/www.instagram.com\\\/cvinoticias\\\/\",\"https:\\\/\\\/www.youtube.com\\\/@CVINOTICIAS\"]},{\"@type\":\"Person\",\"@id\":\"https:\\\/\\\/cvinoticias.com\\\/v3\\\/#\\\/schema\\\/person\\\/2db77e3c6bc03c538495d7b2b8be9b66\",\"name\":\"f1000024\",\"image\":{\"@type\":\"ImageObject\",\"inLanguage\":\"es\",\"@id\":\"https:\\\/\\\/secure.gravatar.com\\\/avatar\\\/d4fe7459cfc51ff5129ce1a732bbef5928568b8092d412ef95611616376bbeed?s=96&d=mm&r=g\",\"url\":\"https:\\\/\\\/secure.gravatar.com\\\/avatar\\\/d4fe7459cfc51ff5129ce1a732bbef5928568b8092d412ef95611616376bbeed?s=96&d=mm&r=g\",\"contentUrl\":\"https:\\\/\\\/secure.gravatar.com\\\/avatar\\\/d4fe7459cfc51ff5129ce1a732bbef5928568b8092d412ef95611616376bbeed?s=96&d=mm&r=g\",\"caption\":\"f1000024\"},\"url\":\"https:\\\/\\\/cvinoticias.com\\\/v3\\\/author\\\/f1000024\\\/\"}]}<\/script>\n<!-- \/ Yoast SEO plugin. -->","yoast_head_json":{"title":"Diputados emiti\u00f3 dictamen sobre el proyecto de Monotributo | CVI NOTICIAS","robots":{"index":"index","follow":"follow","max-snippet":"max-snippet:-1","max-image-preview":"max-image-preview:large","max-video-preview":"max-video-preview:-1"},"canonical":"https:\/\/cvinoticias.com\/v3\/diputados-emitio-dictamen-sobre-el-proyecto-de-monotributo\/","og_locale":"es_ES","og_type":"article","og_title":"Diputados emiti\u00f3 dictamen sobre el proyecto de Monotributo | CVI NOTICIAS","og_description":"La iniciativa elimina el pago del retroactivo a enero pasado del monotributo, por lo que comenzar\u00e1 a regir desde julio pr\u00f3ximo, y actualizar\u00e1 las categor\u00edas que conforman el r\u00e9gimen. C\u00e1mara de Diputados emiti\u00f3 este jueves dictamen un\u00e1nime sobre el proyecto de actualizaci\u00f3n del Monotributo,\u00a0que qued\u00f3 ahora en condiciones de ser debatido por el plenario del [&hellip;]","og_url":"https:\/\/cvinoticias.com\/v3\/diputados-emitio-dictamen-sobre-el-proyecto-de-monotributo\/","og_site_name":"CVI NOTICIAS","article_publisher":"https:\/\/www.facebook.com\/cvinoticias","article_published_time":"2021-06-18T04:49:19+00:00","og_image":[{"width":1200,"height":675,"url":"https:\/\/cvinoticias.com\/wp-content\/uploads\/2021\/06\/monotributo-1200x675-1.jpg","type":"image\/jpeg"}],"author":"f1000024","twitter_card":"summary_large_image","twitter_misc":{"Escrito por":"f1000024","Tiempo de lectura":"4 minutos"},"schema":{"@context":"https:\/\/schema.org","@graph":[{"@type":"Article","@id":"https:\/\/cvinoticias.com\/v3\/diputados-emitio-dictamen-sobre-el-proyecto-de-monotributo\/#article","isPartOf":{"@id":"https:\/\/cvinoticias.com\/v3\/diputados-emitio-dictamen-sobre-el-proyecto-de-monotributo\/"},"author":{"name":"f1000024","@id":"https:\/\/cvinoticias.com\/v3\/#\/schema\/person\/2db77e3c6bc03c538495d7b2b8be9b66"},"headline":"Diputados emiti\u00f3 dictamen sobre el proyecto de Monotributo","datePublished":"2021-06-18T04:49:19+00:00","mainEntityOfPage":{"@id":"https:\/\/cvinoticias.com\/v3\/diputados-emitio-dictamen-sobre-el-proyecto-de-monotributo\/"},"wordCount":821,"commentCount":0,"publisher":{"@id":"https:\/\/cvinoticias.com\/v3\/#organization"},"image":{"@id":"https:\/\/cvinoticias.com\/v3\/diputados-emitio-dictamen-sobre-el-proyecto-de-monotributo\/#primaryimage"},"thumbnailUrl":"https:\/\/cvinoticias.com\/wp-content\/uploads\/2021\/06\/monotributo-1200x675-1.jpg","articleSection":["Informaci\u00f3n General"],"inLanguage":"es","potentialAction":[{"@type":"CommentAction","name":"Comment","target":["https:\/\/cvinoticias.com\/v3\/diputados-emitio-dictamen-sobre-el-proyecto-de-monotributo\/#respond"]}]},{"@type":"WebPage","@id":"https:\/\/cvinoticias.com\/v3\/diputados-emitio-dictamen-sobre-el-proyecto-de-monotributo\/","url":"https:\/\/cvinoticias.com\/v3\/diputados-emitio-dictamen-sobre-el-proyecto-de-monotributo\/","name":"Diputados emiti\u00f3 dictamen sobre el proyecto de Monotributo | CVI NOTICIAS","isPartOf":{"@id":"https:\/\/cvinoticias.com\/v3\/#website"},"primaryImageOfPage":{"@id":"https:\/\/cvinoticias.com\/v3\/diputados-emitio-dictamen-sobre-el-proyecto-de-monotributo\/#primaryimage"},"image":{"@id":"https:\/\/cvinoticias.com\/v3\/diputados-emitio-dictamen-sobre-el-proyecto-de-monotributo\/#primaryimage"},"thumbnailUrl":"https:\/\/cvinoticias.com\/wp-content\/uploads\/2021\/06\/monotributo-1200x675-1.jpg","datePublished":"2021-06-18T04:49:19+00:00","breadcrumb":{"@id":"https:\/\/cvinoticias.com\/v3\/diputados-emitio-dictamen-sobre-el-proyecto-de-monotributo\/#breadcrumb"},"inLanguage":"es","potentialAction":[{"@type":"ReadAction","target":["https:\/\/cvinoticias.com\/v3\/diputados-emitio-dictamen-sobre-el-proyecto-de-monotributo\/"]}]},{"@type":"ImageObject","inLanguage":"es","@id":"https:\/\/cvinoticias.com\/v3\/diputados-emitio-dictamen-sobre-el-proyecto-de-monotributo\/#primaryimage","url":"https:\/\/cvinoticias.com\/wp-content\/uploads\/2021\/06\/monotributo-1200x675-1.jpg","contentUrl":"https:\/\/cvinoticias.com\/wp-content\/uploads\/2021\/06\/monotributo-1200x675-1.jpg","width":1200,"height":675},{"@type":"BreadcrumbList","@id":"https:\/\/cvinoticias.com\/v3\/diputados-emitio-dictamen-sobre-el-proyecto-de-monotributo\/#breadcrumb","itemListElement":[{"@type":"ListItem","position":1,"name":"Portada","item":"https:\/\/cvinoticias.com\/v3\/"},{"@type":"ListItem","position":2,"name":"Diputados emiti\u00f3 dictamen sobre el proyecto de Monotributo"}]},{"@type":"WebSite","@id":"https:\/\/cvinoticias.com\/v3\/#website","url":"https:\/\/cvinoticias.com\/v3\/","name":"CVI NOTICIAS","description":"","publisher":{"@id":"https:\/\/cvinoticias.com\/v3\/#organization"},"alternateName":"CVI","potentialAction":[{"@type":"SearchAction","target":{"@type":"EntryPoint","urlTemplate":"https:\/\/cvinoticias.com\/v3\/?s={search_term_string}"},"query-input":{"@type":"PropertyValueSpecification","valueRequired":true,"valueName":"search_term_string"}}],"inLanguage":"es"},{"@type":"Organization","@id":"https:\/\/cvinoticias.com\/v3\/#organization","name":"CVI NOTICIAS","url":"https:\/\/cvinoticias.com\/v3\/","logo":{"@type":"ImageObject","inLanguage":"es","@id":"https:\/\/cvinoticias.com\/v3\/#\/schema\/logo\/image\/","url":"https:\/\/cvinoticias.com\/wp-content\/uploads\/2023\/04\/cropped-cropped-cropped-cropped-cropped-3-1.png","contentUrl":"https:\/\/cvinoticias.com\/wp-content\/uploads\/2023\/04\/cropped-cropped-cropped-cropped-cropped-3-1.png","width":95,"height":122,"caption":"CVI NOTICIAS"},"image":{"@id":"https:\/\/cvinoticias.com\/v3\/#\/schema\/logo\/image\/"},"sameAs":["https:\/\/www.facebook.com\/cvinoticias","https:\/\/www.instagram.com\/cvinoticias\/","https:\/\/www.youtube.com\/@CVINOTICIAS"]},{"@type":"Person","@id":"https:\/\/cvinoticias.com\/v3\/#\/schema\/person\/2db77e3c6bc03c538495d7b2b8be9b66","name":"f1000024","image":{"@type":"ImageObject","inLanguage":"es","@id":"https:\/\/secure.gravatar.com\/avatar\/d4fe7459cfc51ff5129ce1a732bbef5928568b8092d412ef95611616376bbeed?s=96&d=mm&r=g","url":"https:\/\/secure.gravatar.com\/avatar\/d4fe7459cfc51ff5129ce1a732bbef5928568b8092d412ef95611616376bbeed?s=96&d=mm&r=g","contentUrl":"https:\/\/secure.gravatar.com\/avatar\/d4fe7459cfc51ff5129ce1a732bbef5928568b8092d412ef95611616376bbeed?s=96&d=mm&r=g","caption":"f1000024"},"url":"https:\/\/cvinoticias.com\/v3\/author\/f1000024\/"}]}},"_links":{"self":[{"href":"https:\/\/cvinoticias.com\/v3\/wp-json\/wp\/v2\/posts\/6087","targetHints":{"allow":["GET"]}}],"collection":[{"href":"https:\/\/cvinoticias.com\/v3\/wp-json\/wp\/v2\/posts"}],"about":[{"href":"https:\/\/cvinoticias.com\/v3\/wp-json\/wp\/v2\/types\/post"}],"author":[{"embeddable":true,"href":"https:\/\/cvinoticias.com\/v3\/wp-json\/wp\/v2\/users\/2"}],"replies":[{"embeddable":true,"href":"https:\/\/cvinoticias.com\/v3\/wp-json\/wp\/v2\/comments?post=6087"}],"version-history":[{"count":1,"href":"https:\/\/cvinoticias.com\/v3\/wp-json\/wp\/v2\/posts\/6087\/revisions"}],"predecessor-version":[{"id":6089,"href":"https:\/\/cvinoticias.com\/v3\/wp-json\/wp\/v2\/posts\/6087\/revisions\/6089"}],"wp:featuredmedia":[{"embeddable":true,"href":"https:\/\/cvinoticias.com\/v3\/wp-json\/wp\/v2\/media\/6088"}],"wp:attachment":[{"href":"https:\/\/cvinoticias.com\/v3\/wp-json\/wp\/v2\/media?parent=6087"}],"wp:term":[{"taxonomy":"category","embeddable":true,"href":"https:\/\/cvinoticias.com\/v3\/wp-json\/wp\/v2\/categories?post=6087"},{"taxonomy":"post_tag","embeddable":true,"href":"https:\/\/cvinoticias.com\/v3\/wp-json\/wp\/v2\/tags?post=6087"}],"curies":[{"name":"wp","href":"https:\/\/api.w.org\/{rel}","templated":true}]}}