{"id":6080,"date":"2021-06-18T00:04:48","date_gmt":"2021-06-18T00:04:48","guid":{"rendered":"https:\/\/cvinoticias.com\/v3\/?p=6080"},"modified":"2021-06-18T00:04:48","modified_gmt":"2021-06-18T00:04:48","slug":"inauguraron-remodelacion-de-un-caps-en-colonia-mado","status":"publish","type":"post","link":"https:\/\/cvinoticias.com\/v3\/inauguraron-remodelacion-de-un-caps-en-colonia-mado\/","title":{"rendered":"Inauguraron remodelaci\u00f3n de un CAPS en Colonia Mado"},"content":{"rendered":"\n<p><strong><em>El Gobernador particip\u00f3 en la inauguraci\u00f3n de las obras de remodelaci\u00f3n de un Centro de Atenci\u00f3n Primaria de la Salud (CAPS) en Colonia Mado, un espacio recuperado que a partir de ahora atender\u00e1 la salud de 200 familias que viven en la zona rural. Adem\u00e1s, Herrera Ahuad anunci\u00f3 m\u00e1s obras para la comuna.<\/em><\/strong><\/p>\n\n\n\n<p>Esta tarde en Colonia Mado, dependiente administrativamente de la Municipalidad de Colonia Delicia, el gobernador Oscar Herrera Ahuad inaugur\u00f3 la remodelaci\u00f3n de un CAPS que atender\u00e1 las demandas sanitarias de m\u00e1s de 200 familias que viven en la zona. Este espacio por varios a\u00f1os hab\u00eda sido invadido y ahora es puesto en marcha como un centro de atenci\u00f3n integral. Inclusive cuenta con una ambulancia para el traslado de pacientes de parajes vecinos y se avanza con la adquisici\u00f3n de otra para mejorar la atenci\u00f3n.<\/p>\n\n\n\n<p>Durante la visita a la comuna, el funcionario agradeci\u00f3 a Colonia Delicia y a los colonos por su acompa\u00f1amiento contundente y asegur\u00f3 que el CAPS cuanta con la tecnolog\u00eda necesaria, consultorios de odontolog\u00eda, y todas las caracter\u00edsticas que tiene que tener un centro en cualquier lugar de Misiones. Todo esto \u201cpara darle igualdad de oportunidades a todos los vecinos\u201d, a\u00f1adi\u00f3.<\/p>\n\n\n\n<p>Asimismo, Herrera Ahuad indic\u00f3 que esta acci\u00f3n llega de la mano del compromiso, como el resto de las tareas que vienen realizando en Misiones y en Colonia Delicia. Mencion\u00f3 la construcci\u00f3n de otros CAPS, la puesta en valor de playones deportivos, el asfalto sobre empedrado realizado en el municipio y el compromiso de la compra de equipamiento vial que van a adquirir en el transcurso de los pr\u00f3ximos d\u00edas. En referencia a esto, enfatiz\u00f3 que \u201cpara nosotros es muy importante, porque configura tambi\u00e9n la posibilidad de hacer sinergia y trabajo conjunto con los intendentes\u201d.<\/p>\n\n\n\n<p>Igualmente, adelant\u00f3 que se est\u00e1 avanzando con el dise\u00f1o del Centro C\u00edvico para la comuna. \u201cTodas obras que hacen a la urbanizaci\u00f3n y a dotar de mayor infraestructura para la gesti\u00f3n. Es un trabajo muy importante el desarrollo urban\u00edstico de los pueblos y de la regi\u00f3n, los 77 municipios de la provincia tienen la importancia para este Gobernador que gobierna para todos y con todos desde un primer momento. As\u00ed que es nuestro compromiso\u201d, dijo y sostuvo que son detalles interesantes que hacen a la igualdad de oportunidades en los diferentes lugares de Misiones.<\/p>\n\n\n\n<p>En la habilitaci\u00f3n tambi\u00e9n estuvieron presentes el intendente de Colonia Delicia, Roberto Wern, el ministro de Salud P\u00fablica, Oscar Alarc\u00f3n; el ministro de Hacienda, Adolfo Safr\u00e1n; el diputado provincial, Mart\u00edn Cesino; intendentes de localidades vecinas y directivos de centros sanitarios de la regi\u00f3n<\/p>\n\n\n\n<p>Las nuevas remodelaciones<\/p>\n\n\n\n<p>Hoy se inauguraron las obras de remodelaci\u00f3n y puesta en valor del CAPS Colonia Mado (ubicado en Colonia Delicia km 22), que ahora cuenta con dos consultorios nuevos, dos salitas de atenci\u00f3n, enfermer\u00eda, odontolog\u00eda. As\u00ed, unas 200 familias ser\u00e1n las beneficiadas por los servicios sanitarios de las instalaciones. El CAPS se ubica en una zona rural y estrat\u00e9gicamente queda en el centro de tres barrios que podr\u00e1n aprovechar los servicios que brinda.<\/p>\n\n\n\n<p>Vale recalcar, que este centro era una sala de primeros auxilios, que atend\u00eda a 50 familias, con m\u00e1s de 80 ni\u00f1os. En los \u00faltimos a\u00f1os fue invadido y destruido. Esas familias debieron atenderse en la escuela primaria cuando los m\u00e9dicos visitaban el lugar. El a\u00f1o pasado el municipio pidi\u00f3 la refuncionalizaci\u00f3n del lugar y hoy nuevamente fue puesto en marcha. Adem\u00e1s, actualmente el Gobierno provincial trabaja en otro CAPS nuevo en el municipio.<\/p>\n\n\n\n<figure class=\"wp-block-image size-large\"><a href=\"https:\/\/cvinoticias.com\/wp-content\/uploads\/2021\/06\/FB_IMG_1623974401430.jpg\"><img decoding=\"async\" width=\"960\" height=\"640\" data-src=\"https:\/\/cvinoticias.com\/wp-content\/uploads\/2021\/06\/FB_IMG_1623974401430.jpg\" alt=\"\" class=\"wp-image-6083 lazyload\" data-srcset=\"https:\/\/cvinoticias.com\/wp-content\/uploads\/2021\/06\/FB_IMG_1623974401430.jpg 960w, https:\/\/cvinoticias.com\/wp-content\/uploads\/2021\/06\/FB_IMG_1623974401430-300x200.jpg 300w, https:\/\/cvinoticias.com\/wp-content\/uploads\/2021\/06\/FB_IMG_1623974401430-768x512.jpg 768w\" data-sizes=\"(max-width: 960px) 100vw, 960px\" src=\"data:image\/svg+xml;base64,PHN2ZyB3aWR0aD0iMSIgaGVpZ2h0PSIxIiB4bWxucz0iaHR0cDovL3d3dy53My5vcmcvMjAwMC9zdmciPjwvc3ZnPg==\" style=\"--smush-placeholder-width: 960px; --smush-placeholder-aspect-ratio: 960\/640;\" \/><\/a><\/figure>\n\n\n\n<figure class=\"wp-block-image size-large is-resized\"><a href=\"https:\/\/cvinoticias.com\/wp-content\/uploads\/2021\/06\/FB_IMG_1623974403495.jpg\"><img decoding=\"async\" data-src=\"https:\/\/cvinoticias.com\/wp-content\/uploads\/2021\/06\/FB_IMG_1623974403495.jpg\" alt=\"\" class=\"wp-image-6084 lazyload\" width=\"705\" height=\"470\" data-srcset=\"https:\/\/cvinoticias.com\/wp-content\/uploads\/2021\/06\/FB_IMG_1623974403495.jpg 960w, https:\/\/cvinoticias.com\/wp-content\/uploads\/2021\/06\/FB_IMG_1623974403495-300x200.jpg 300w, https:\/\/cvinoticias.com\/wp-content\/uploads\/2021\/06\/FB_IMG_1623974403495-768x512.jpg 768w\" data-sizes=\"(max-width: 705px) 100vw, 705px\" src=\"data:image\/svg+xml;base64,PHN2ZyB3aWR0aD0iMSIgaGVpZ2h0PSIxIiB4bWxucz0iaHR0cDovL3d3dy53My5vcmcvMjAwMC9zdmciPjwvc3ZnPg==\" style=\"--smush-placeholder-width: 705px; --smush-placeholder-aspect-ratio: 705\/470;\" \/><\/a><\/figure>\n\n\n\n<figure class=\"wp-block-image size-large\"><a href=\"https:\/\/cvinoticias.com\/wp-content\/uploads\/2021\/06\/FB_IMG_1623974405942.jpg\"><img decoding=\"async\" width=\"960\" height=\"640\" data-src=\"https:\/\/cvinoticias.com\/wp-content\/uploads\/2021\/06\/FB_IMG_1623974405942.jpg\" alt=\"\" class=\"wp-image-6085 lazyload\" data-srcset=\"https:\/\/cvinoticias.com\/wp-content\/uploads\/2021\/06\/FB_IMG_1623974405942.jpg 960w, https:\/\/cvinoticias.com\/wp-content\/uploads\/2021\/06\/FB_IMG_1623974405942-300x200.jpg 300w, https:\/\/cvinoticias.com\/wp-content\/uploads\/2021\/06\/FB_IMG_1623974405942-768x512.jpg 768w\" data-sizes=\"(max-width: 960px) 100vw, 960px\" src=\"data:image\/svg+xml;base64,PHN2ZyB3aWR0aD0iMSIgaGVpZ2h0PSIxIiB4bWxucz0iaHR0cDovL3d3dy53My5vcmcvMjAwMC9zdmciPjwvc3ZnPg==\" style=\"--smush-placeholder-width: 960px; --smush-placeholder-aspect-ratio: 960\/640;\" \/><\/a><\/figure>\n","protected":false},"excerpt":{"rendered":"<p>El Gobernador particip\u00f3 en la inauguraci\u00f3n de las obras de remodelaci\u00f3n de un Centro de Atenci\u00f3n Primaria de la Salud (CAPS) en Colonia Mado, un espacio recuperado que a partir de ahora atender\u00e1 la salud de 200 familias que viven en la zona rural. Adem\u00e1s, Herrera Ahuad anunci\u00f3 m\u00e1s obras para la comuna. Esta tarde [&hellip;]<\/p>\n","protected":false},"author":2,"featured_media":6081,"comment_status":"open","ping_status":"open","sticky":false,"template":"","format":"standard","meta":{"footnotes":""},"categories":[43],"tags":[],"class_list":["post-6080","post","type-post","status-publish","format-standard","has-post-thumbnail","hentry","category-provinciales"],"yoast_head":"<!-- This site is optimized with the Yoast SEO plugin v27.5 - https:\/\/yoast.com\/product\/yoast-seo-wordpress\/ -->\n<title>Inauguraron remodelaci\u00f3n de un CAPS en Colonia Mado | CVI NOTICIAS<\/title>\n<meta name=\"robots\" content=\"index, follow, max-snippet:-1, max-image-preview:large, max-video-preview:-1\" \/>\n<link rel=\"canonical\" href=\"https:\/\/cvinoticias.com\/v3\/inauguraron-remodelacion-de-un-caps-en-colonia-mado\/\" \/>\n<meta property=\"og:locale\" content=\"es_ES\" \/>\n<meta property=\"og:type\" content=\"article\" \/>\n<meta property=\"og:title\" content=\"Inauguraron remodelaci\u00f3n de un CAPS en Colonia Mado | CVI NOTICIAS\" \/>\n<meta property=\"og:description\" content=\"El Gobernador particip\u00f3 en la inauguraci\u00f3n de las obras de remodelaci\u00f3n de un Centro de Atenci\u00f3n Primaria de la Salud (CAPS) en Colonia Mado, un espacio recuperado que a partir de ahora atender\u00e1 la salud de 200 familias que viven en la zona rural. Adem\u00e1s, Herrera Ahuad anunci\u00f3 m\u00e1s obras para la comuna. Esta tarde [&hellip;]\" \/>\n<meta property=\"og:url\" content=\"https:\/\/cvinoticias.com\/v3\/inauguraron-remodelacion-de-un-caps-en-colonia-mado\/\" \/>\n<meta property=\"og:site_name\" content=\"CVI NOTICIAS\" \/>\n<meta property=\"article:publisher\" content=\"https:\/\/www.facebook.com\/cvinoticias\" \/>\n<meta property=\"article:published_time\" content=\"2021-06-18T00:04:48+00:00\" \/>\n<meta property=\"og:image\" content=\"https:\/\/cvinoticias.com\/wp-content\/uploads\/2021\/06\/FB_IMG_1623974399132.jpg\" \/>\n\t<meta property=\"og:image:width\" content=\"960\" \/>\n\t<meta property=\"og:image:height\" content=\"640\" \/>\n\t<meta property=\"og:image:type\" content=\"image\/jpeg\" \/>\n<meta name=\"author\" content=\"f1000024\" \/>\n<meta name=\"twitter:card\" content=\"summary_large_image\" \/>\n<meta name=\"twitter:label1\" content=\"Escrito por\" \/>\n\t<meta name=\"twitter:data1\" content=\"f1000024\" \/>\n\t<meta name=\"twitter:label2\" content=\"Tiempo de lectura\" \/>\n\t<meta name=\"twitter:data2\" content=\"3 minutos\" \/>\n<script type=\"application\/ld+json\" class=\"yoast-schema-graph\">{\"@context\":\"https:\\\/\\\/schema.org\",\"@graph\":[{\"@type\":\"Article\",\"@id\":\"https:\\\/\\\/cvinoticias.com\\\/v3\\\/inauguraron-remodelacion-de-un-caps-en-colonia-mado\\\/#article\",\"isPartOf\":{\"@id\":\"https:\\\/\\\/cvinoticias.com\\\/v3\\\/inauguraron-remodelacion-de-un-caps-en-colonia-mado\\\/\"},\"author\":{\"name\":\"f1000024\",\"@id\":\"https:\\\/\\\/cvinoticias.com\\\/v3\\\/#\\\/schema\\\/person\\\/2db77e3c6bc03c538495d7b2b8be9b66\"},\"headline\":\"Inauguraron remodelaci\u00f3n de un CAPS en Colonia Mado\",\"datePublished\":\"2021-06-18T00:04:48+00:00\",\"mainEntityOfPage\":{\"@id\":\"https:\\\/\\\/cvinoticias.com\\\/v3\\\/inauguraron-remodelacion-de-un-caps-en-colonia-mado\\\/\"},\"wordCount\":628,\"commentCount\":0,\"publisher\":{\"@id\":\"https:\\\/\\\/cvinoticias.com\\\/v3\\\/#organization\"},\"image\":{\"@id\":\"https:\\\/\\\/cvinoticias.com\\\/v3\\\/inauguraron-remodelacion-de-un-caps-en-colonia-mado\\\/#primaryimage\"},\"thumbnailUrl\":\"https:\\\/\\\/cvinoticias.com\\\/wp-content\\\/uploads\\\/2021\\\/06\\\/FB_IMG_1623974399132.jpg\",\"articleSection\":[\"Provinciales\"],\"inLanguage\":\"es\",\"potentialAction\":[{\"@type\":\"CommentAction\",\"name\":\"Comment\",\"target\":[\"https:\\\/\\\/cvinoticias.com\\\/v3\\\/inauguraron-remodelacion-de-un-caps-en-colonia-mado\\\/#respond\"]}]},{\"@type\":\"WebPage\",\"@id\":\"https:\\\/\\\/cvinoticias.com\\\/v3\\\/inauguraron-remodelacion-de-un-caps-en-colonia-mado\\\/\",\"url\":\"https:\\\/\\\/cvinoticias.com\\\/v3\\\/inauguraron-remodelacion-de-un-caps-en-colonia-mado\\\/\",\"name\":\"Inauguraron remodelaci\u00f3n de un CAPS en Colonia Mado | CVI NOTICIAS\",\"isPartOf\":{\"@id\":\"https:\\\/\\\/cvinoticias.com\\\/v3\\\/#website\"},\"primaryImageOfPage\":{\"@id\":\"https:\\\/\\\/cvinoticias.com\\\/v3\\\/inauguraron-remodelacion-de-un-caps-en-colonia-mado\\\/#primaryimage\"},\"image\":{\"@id\":\"https:\\\/\\\/cvinoticias.com\\\/v3\\\/inauguraron-remodelacion-de-un-caps-en-colonia-mado\\\/#primaryimage\"},\"thumbnailUrl\":\"https:\\\/\\\/cvinoticias.com\\\/wp-content\\\/uploads\\\/2021\\\/06\\\/FB_IMG_1623974399132.jpg\",\"datePublished\":\"2021-06-18T00:04:48+00:00\",\"breadcrumb\":{\"@id\":\"https:\\\/\\\/cvinoticias.com\\\/v3\\\/inauguraron-remodelacion-de-un-caps-en-colonia-mado\\\/#breadcrumb\"},\"inLanguage\":\"es\",\"potentialAction\":[{\"@type\":\"ReadAction\",\"target\":[\"https:\\\/\\\/cvinoticias.com\\\/v3\\\/inauguraron-remodelacion-de-un-caps-en-colonia-mado\\\/\"]}]},{\"@type\":\"ImageObject\",\"inLanguage\":\"es\",\"@id\":\"https:\\\/\\\/cvinoticias.com\\\/v3\\\/inauguraron-remodelacion-de-un-caps-en-colonia-mado\\\/#primaryimage\",\"url\":\"https:\\\/\\\/cvinoticias.com\\\/wp-content\\\/uploads\\\/2021\\\/06\\\/FB_IMG_1623974399132.jpg\",\"contentUrl\":\"https:\\\/\\\/cvinoticias.com\\\/wp-content\\\/uploads\\\/2021\\\/06\\\/FB_IMG_1623974399132.jpg\",\"width\":960,\"height\":640},{\"@type\":\"BreadcrumbList\",\"@id\":\"https:\\\/\\\/cvinoticias.com\\\/v3\\\/inauguraron-remodelacion-de-un-caps-en-colonia-mado\\\/#breadcrumb\",\"itemListElement\":[{\"@type\":\"ListItem\",\"position\":1,\"name\":\"Portada\",\"item\":\"https:\\\/\\\/cvinoticias.com\\\/v3\\\/\"},{\"@type\":\"ListItem\",\"position\":2,\"name\":\"Inauguraron remodelaci\u00f3n de un CAPS en Colonia Mado\"}]},{\"@type\":\"WebSite\",\"@id\":\"https:\\\/\\\/cvinoticias.com\\\/v3\\\/#website\",\"url\":\"https:\\\/\\\/cvinoticias.com\\\/v3\\\/\",\"name\":\"CVI NOTICIAS\",\"description\":\"\",\"publisher\":{\"@id\":\"https:\\\/\\\/cvinoticias.com\\\/v3\\\/#organization\"},\"alternateName\":\"CVI\",\"potentialAction\":[{\"@type\":\"SearchAction\",\"target\":{\"@type\":\"EntryPoint\",\"urlTemplate\":\"https:\\\/\\\/cvinoticias.com\\\/v3\\\/?s={search_term_string}\"},\"query-input\":{\"@type\":\"PropertyValueSpecification\",\"valueRequired\":true,\"valueName\":\"search_term_string\"}}],\"inLanguage\":\"es\"},{\"@type\":\"Organization\",\"@id\":\"https:\\\/\\\/cvinoticias.com\\\/v3\\\/#organization\",\"name\":\"CVI NOTICIAS\",\"url\":\"https:\\\/\\\/cvinoticias.com\\\/v3\\\/\",\"logo\":{\"@type\":\"ImageObject\",\"inLanguage\":\"es\",\"@id\":\"https:\\\/\\\/cvinoticias.com\\\/v3\\\/#\\\/schema\\\/logo\\\/image\\\/\",\"url\":\"https:\\\/\\\/cvinoticias.com\\\/wp-content\\\/uploads\\\/2023\\\/04\\\/cropped-cropped-cropped-cropped-cropped-3-1.png\",\"contentUrl\":\"https:\\\/\\\/cvinoticias.com\\\/wp-content\\\/uploads\\\/2023\\\/04\\\/cropped-cropped-cropped-cropped-cropped-3-1.png\",\"width\":95,\"height\":122,\"caption\":\"CVI NOTICIAS\"},\"image\":{\"@id\":\"https:\\\/\\\/cvinoticias.com\\\/v3\\\/#\\\/schema\\\/logo\\\/image\\\/\"},\"sameAs\":[\"https:\\\/\\\/www.facebook.com\\\/cvinoticias\",\"https:\\\/\\\/www.instagram.com\\\/cvinoticias\\\/\",\"https:\\\/\\\/www.youtube.com\\\/@CVINOTICIAS\"]},{\"@type\":\"Person\",\"@id\":\"https:\\\/\\\/cvinoticias.com\\\/v3\\\/#\\\/schema\\\/person\\\/2db77e3c6bc03c538495d7b2b8be9b66\",\"name\":\"f1000024\",\"image\":{\"@type\":\"ImageObject\",\"inLanguage\":\"es\",\"@id\":\"https:\\\/\\\/secure.gravatar.com\\\/avatar\\\/d4fe7459cfc51ff5129ce1a732bbef5928568b8092d412ef95611616376bbeed?s=96&d=mm&r=g\",\"url\":\"https:\\\/\\\/secure.gravatar.com\\\/avatar\\\/d4fe7459cfc51ff5129ce1a732bbef5928568b8092d412ef95611616376bbeed?s=96&d=mm&r=g\",\"contentUrl\":\"https:\\\/\\\/secure.gravatar.com\\\/avatar\\\/d4fe7459cfc51ff5129ce1a732bbef5928568b8092d412ef95611616376bbeed?s=96&d=mm&r=g\",\"caption\":\"f1000024\"},\"url\":\"https:\\\/\\\/cvinoticias.com\\\/v3\\\/author\\\/f1000024\\\/\"}]}<\/script>\n<!-- \/ Yoast SEO plugin. -->","yoast_head_json":{"title":"Inauguraron remodelaci\u00f3n de un CAPS en Colonia Mado | CVI NOTICIAS","robots":{"index":"index","follow":"follow","max-snippet":"max-snippet:-1","max-image-preview":"max-image-preview:large","max-video-preview":"max-video-preview:-1"},"canonical":"https:\/\/cvinoticias.com\/v3\/inauguraron-remodelacion-de-un-caps-en-colonia-mado\/","og_locale":"es_ES","og_type":"article","og_title":"Inauguraron remodelaci\u00f3n de un CAPS en Colonia Mado | CVI NOTICIAS","og_description":"El Gobernador particip\u00f3 en la inauguraci\u00f3n de las obras de remodelaci\u00f3n de un Centro de Atenci\u00f3n Primaria de la Salud (CAPS) en Colonia Mado, un espacio recuperado que a partir de ahora atender\u00e1 la salud de 200 familias que viven en la zona rural. Adem\u00e1s, Herrera Ahuad anunci\u00f3 m\u00e1s obras para la comuna. Esta tarde [&hellip;]","og_url":"https:\/\/cvinoticias.com\/v3\/inauguraron-remodelacion-de-un-caps-en-colonia-mado\/","og_site_name":"CVI NOTICIAS","article_publisher":"https:\/\/www.facebook.com\/cvinoticias","article_published_time":"2021-06-18T00:04:48+00:00","og_image":[{"width":960,"height":640,"url":"https:\/\/cvinoticias.com\/wp-content\/uploads\/2021\/06\/FB_IMG_1623974399132.jpg","type":"image\/jpeg"}],"author":"f1000024","twitter_card":"summary_large_image","twitter_misc":{"Escrito por":"f1000024","Tiempo de lectura":"3 minutos"},"schema":{"@context":"https:\/\/schema.org","@graph":[{"@type":"Article","@id":"https:\/\/cvinoticias.com\/v3\/inauguraron-remodelacion-de-un-caps-en-colonia-mado\/#article","isPartOf":{"@id":"https:\/\/cvinoticias.com\/v3\/inauguraron-remodelacion-de-un-caps-en-colonia-mado\/"},"author":{"name":"f1000024","@id":"https:\/\/cvinoticias.com\/v3\/#\/schema\/person\/2db77e3c6bc03c538495d7b2b8be9b66"},"headline":"Inauguraron remodelaci\u00f3n de un CAPS en Colonia Mado","datePublished":"2021-06-18T00:04:48+00:00","mainEntityOfPage":{"@id":"https:\/\/cvinoticias.com\/v3\/inauguraron-remodelacion-de-un-caps-en-colonia-mado\/"},"wordCount":628,"commentCount":0,"publisher":{"@id":"https:\/\/cvinoticias.com\/v3\/#organization"},"image":{"@id":"https:\/\/cvinoticias.com\/v3\/inauguraron-remodelacion-de-un-caps-en-colonia-mado\/#primaryimage"},"thumbnailUrl":"https:\/\/cvinoticias.com\/wp-content\/uploads\/2021\/06\/FB_IMG_1623974399132.jpg","articleSection":["Provinciales"],"inLanguage":"es","potentialAction":[{"@type":"CommentAction","name":"Comment","target":["https:\/\/cvinoticias.com\/v3\/inauguraron-remodelacion-de-un-caps-en-colonia-mado\/#respond"]}]},{"@type":"WebPage","@id":"https:\/\/cvinoticias.com\/v3\/inauguraron-remodelacion-de-un-caps-en-colonia-mado\/","url":"https:\/\/cvinoticias.com\/v3\/inauguraron-remodelacion-de-un-caps-en-colonia-mado\/","name":"Inauguraron remodelaci\u00f3n de un CAPS en Colonia Mado | CVI NOTICIAS","isPartOf":{"@id":"https:\/\/cvinoticias.com\/v3\/#website"},"primaryImageOfPage":{"@id":"https:\/\/cvinoticias.com\/v3\/inauguraron-remodelacion-de-un-caps-en-colonia-mado\/#primaryimage"},"image":{"@id":"https:\/\/cvinoticias.com\/v3\/inauguraron-remodelacion-de-un-caps-en-colonia-mado\/#primaryimage"},"thumbnailUrl":"https:\/\/cvinoticias.com\/wp-content\/uploads\/2021\/06\/FB_IMG_1623974399132.jpg","datePublished":"2021-06-18T00:04:48+00:00","breadcrumb":{"@id":"https:\/\/cvinoticias.com\/v3\/inauguraron-remodelacion-de-un-caps-en-colonia-mado\/#breadcrumb"},"inLanguage":"es","potentialAction":[{"@type":"ReadAction","target":["https:\/\/cvinoticias.com\/v3\/inauguraron-remodelacion-de-un-caps-en-colonia-mado\/"]}]},{"@type":"ImageObject","inLanguage":"es","@id":"https:\/\/cvinoticias.com\/v3\/inauguraron-remodelacion-de-un-caps-en-colonia-mado\/#primaryimage","url":"https:\/\/cvinoticias.com\/wp-content\/uploads\/2021\/06\/FB_IMG_1623974399132.jpg","contentUrl":"https:\/\/cvinoticias.com\/wp-content\/uploads\/2021\/06\/FB_IMG_1623974399132.jpg","width":960,"height":640},{"@type":"BreadcrumbList","@id":"https:\/\/cvinoticias.com\/v3\/inauguraron-remodelacion-de-un-caps-en-colonia-mado\/#breadcrumb","itemListElement":[{"@type":"ListItem","position":1,"name":"Portada","item":"https:\/\/cvinoticias.com\/v3\/"},{"@type":"ListItem","position":2,"name":"Inauguraron remodelaci\u00f3n de un CAPS en Colonia Mado"}]},{"@type":"WebSite","@id":"https:\/\/cvinoticias.com\/v3\/#website","url":"https:\/\/cvinoticias.com\/v3\/","name":"CVI NOTICIAS","description":"","publisher":{"@id":"https:\/\/cvinoticias.com\/v3\/#organization"},"alternateName":"CVI","potentialAction":[{"@type":"SearchAction","target":{"@type":"EntryPoint","urlTemplate":"https:\/\/cvinoticias.com\/v3\/?s={search_term_string}"},"query-input":{"@type":"PropertyValueSpecification","valueRequired":true,"valueName":"search_term_string"}}],"inLanguage":"es"},{"@type":"Organization","@id":"https:\/\/cvinoticias.com\/v3\/#organization","name":"CVI NOTICIAS","url":"https:\/\/cvinoticias.com\/v3\/","logo":{"@type":"ImageObject","inLanguage":"es","@id":"https:\/\/cvinoticias.com\/v3\/#\/schema\/logo\/image\/","url":"https:\/\/cvinoticias.com\/wp-content\/uploads\/2023\/04\/cropped-cropped-cropped-cropped-cropped-3-1.png","contentUrl":"https:\/\/cvinoticias.com\/wp-content\/uploads\/2023\/04\/cropped-cropped-cropped-cropped-cropped-3-1.png","width":95,"height":122,"caption":"CVI NOTICIAS"},"image":{"@id":"https:\/\/cvinoticias.com\/v3\/#\/schema\/logo\/image\/"},"sameAs":["https:\/\/www.facebook.com\/cvinoticias","https:\/\/www.instagram.com\/cvinoticias\/","https:\/\/www.youtube.com\/@CVINOTICIAS"]},{"@type":"Person","@id":"https:\/\/cvinoticias.com\/v3\/#\/schema\/person\/2db77e3c6bc03c538495d7b2b8be9b66","name":"f1000024","image":{"@type":"ImageObject","inLanguage":"es","@id":"https:\/\/secure.gravatar.com\/avatar\/d4fe7459cfc51ff5129ce1a732bbef5928568b8092d412ef95611616376bbeed?s=96&d=mm&r=g","url":"https:\/\/secure.gravatar.com\/avatar\/d4fe7459cfc51ff5129ce1a732bbef5928568b8092d412ef95611616376bbeed?s=96&d=mm&r=g","contentUrl":"https:\/\/secure.gravatar.com\/avatar\/d4fe7459cfc51ff5129ce1a732bbef5928568b8092d412ef95611616376bbeed?s=96&d=mm&r=g","caption":"f1000024"},"url":"https:\/\/cvinoticias.com\/v3\/author\/f1000024\/"}]}},"_links":{"self":[{"href":"https:\/\/cvinoticias.com\/v3\/wp-json\/wp\/v2\/posts\/6080","targetHints":{"allow":["GET"]}}],"collection":[{"href":"https:\/\/cvinoticias.com\/v3\/wp-json\/wp\/v2\/posts"}],"about":[{"href":"https:\/\/cvinoticias.com\/v3\/wp-json\/wp\/v2\/types\/post"}],"author":[{"embeddable":true,"href":"https:\/\/cvinoticias.com\/v3\/wp-json\/wp\/v2\/users\/2"}],"replies":[{"embeddable":true,"href":"https:\/\/cvinoticias.com\/v3\/wp-json\/wp\/v2\/comments?post=6080"}],"version-history":[{"count":1,"href":"https:\/\/cvinoticias.com\/v3\/wp-json\/wp\/v2\/posts\/6080\/revisions"}],"predecessor-version":[{"id":6086,"href":"https:\/\/cvinoticias.com\/v3\/wp-json\/wp\/v2\/posts\/6080\/revisions\/6086"}],"wp:featuredmedia":[{"embeddable":true,"href":"https:\/\/cvinoticias.com\/v3\/wp-json\/wp\/v2\/media\/6081"}],"wp:attachment":[{"href":"https:\/\/cvinoticias.com\/v3\/wp-json\/wp\/v2\/media?parent=6080"}],"wp:term":[{"taxonomy":"category","embeddable":true,"href":"https:\/\/cvinoticias.com\/v3\/wp-json\/wp\/v2\/categories?post=6080"},{"taxonomy":"post_tag","embeddable":true,"href":"https:\/\/cvinoticias.com\/v3\/wp-json\/wp\/v2\/tags?post=6080"}],"curies":[{"name":"wp","href":"https:\/\/api.w.org\/{rel}","templated":true}]}}