{"id":6061,"date":"2021-06-17T19:34:52","date_gmt":"2021-06-17T19:34:52","guid":{"rendered":"https:\/\/cvinoticias.com\/v3\/?p=6061"},"modified":"2021-06-17T19:34:52","modified_gmt":"2021-06-17T19:34:52","slug":"el-gobierno-reabrira-las-exportaciones-de-carne-la-proxima-semana","status":"publish","type":"post","link":"https:\/\/cvinoticias.com\/v3\/el-gobierno-reabrira-las-exportaciones-de-carne-la-proxima-semana\/","title":{"rendered":"El Gobierno reabrir\u00e1 las exportaciones de carne la pr\u00f3xima semana"},"content":{"rendered":"\n<p><em><strong>La noticia ser\u00e1 oficializada antes del fin de semana por el Ejecutivo nacional. \u00abEl objetivo es garantizar que exista un abastecimiento mayor del mercado interno\u00bb, asegur\u00f3 Kulfas.<\/strong><\/em><\/p>\n\n\n\n<p>El Gobierno prev\u00e9 reabrir las exportaciones de carne la semana pr\u00f3xima, luego de mantenerlas con restricciones durante 30 d\u00edas para intentar bajar los precios. El ministro de Desarrollo Productivo, Mat\u00edas Kulfas, est\u00e1 terminando de dise\u00f1ar un mecanismo para que los ganaderos puedan vender carne vacuna al exterior desde el lunes pr\u00f3ximo, seg\u00fan pudo confirmar Noticias Argentinas de fuentes cercanas a las negociaciones.<br><br>Kulfas prev\u00e9 anunciar que se retomar\u00e1n las exportaciones, y dar detalles sobre las condiciones, antes del fin de semana. En este sentido, explic\u00f3 que \u00abel objetivo es garantizar que exista un abastecimiento mayor del mercado interno. Los detalles se dar\u00e1n en las pr\u00f3ximas horas o ma\u00f1ana, pero en principio la idea es que se pueda volver a exportar carne, pero con un esquema que nos permita garantizar una mayor presencia de carne en el mercado interno\u00bb, al mismo tiempo que plante\u00f3 que \u00abqueremos que todos los cortes populares est\u00e9n accesibles\u00bb.<br><br>\u00abEstamos terminando de ajustar los mecanismos. Hemos tenido varios encuentros de di\u00e1logo y negociaci\u00f3n con sectores de la producci\u00f3n y exportaci\u00f3n de carne. Les hemos explicado que el objetivo principal es ordenar el funcionamiento del sector y tambi\u00e9n producir m\u00e1s, porque la salida virtuosa a esto es justamente que Argentina pueda superar la barrera hist\u00f3rica de 3 millones de toneladas\u00bb, remarc\u00f3 Kulfas al El Destape.<br><br>En la misma l\u00ednea, consider\u00f3 que \u00absi podemos ir a una producci\u00f3n de cinco millones de toneladas, que es nuestro gran objetivo del plan de desarrollo sectorial, podr\u00edamos garantizarnos 3 millones de toneladas para el mercado interno y, al mismo tiempo, podr\u00edamos tener dos millones de toneladas para exportar. Esta es la salida virtuosa\u00bb<\/p>\n","protected":false},"excerpt":{"rendered":"<p>La noticia ser\u00e1 oficializada antes del fin de semana por el Ejecutivo nacional. \u00abEl objetivo es garantizar que exista un abastecimiento mayor del mercado interno\u00bb, asegur\u00f3 Kulfas. El Gobierno prev\u00e9 reabrir las exportaciones de carne la semana pr\u00f3xima, luego de mantenerlas con restricciones durante 30 d\u00edas para intentar bajar los precios. El ministro de Desarrollo [&hellip;]<\/p>\n","protected":false},"author":2,"featured_media":6062,"comment_status":"open","ping_status":"open","sticky":false,"template":"","format":"standard","meta":{"footnotes":""},"categories":[32],"tags":[],"class_list":["post-6061","post","type-post","status-publish","format-standard","has-post-thumbnail","hentry","category-economia"],"yoast_head":"<!-- This site is optimized with the Yoast SEO plugin v27.5 - https:\/\/yoast.com\/product\/yoast-seo-wordpress\/ -->\n<title>El Gobierno reabrir\u00e1 las exportaciones de carne la pr\u00f3xima semana | CVI NOTICIAS<\/title>\n<meta name=\"robots\" content=\"index, follow, max-snippet:-1, max-image-preview:large, max-video-preview:-1\" \/>\n<link rel=\"canonical\" href=\"https:\/\/cvinoticias.com\/v3\/el-gobierno-reabrira-las-exportaciones-de-carne-la-proxima-semana\/\" \/>\n<meta property=\"og:locale\" content=\"es_ES\" \/>\n<meta property=\"og:type\" content=\"article\" \/>\n<meta property=\"og:title\" content=\"El Gobierno reabrir\u00e1 las exportaciones de carne la pr\u00f3xima semana | CVI NOTICIAS\" \/>\n<meta property=\"og:description\" content=\"La noticia ser\u00e1 oficializada antes del fin de semana por el Ejecutivo nacional. \u00abEl objetivo es garantizar que exista un abastecimiento mayor del mercado interno\u00bb, asegur\u00f3 Kulfas. El Gobierno prev\u00e9 reabrir las exportaciones de carne la semana pr\u00f3xima, luego de mantenerlas con restricciones durante 30 d\u00edas para intentar bajar los precios. El ministro de Desarrollo [&hellip;]\" \/>\n<meta property=\"og:url\" content=\"https:\/\/cvinoticias.com\/v3\/el-gobierno-reabrira-las-exportaciones-de-carne-la-proxima-semana\/\" \/>\n<meta property=\"og:site_name\" content=\"CVI NOTICIAS\" \/>\n<meta property=\"article:publisher\" content=\"https:\/\/www.facebook.com\/cvinoticias\" \/>\n<meta property=\"article:published_time\" content=\"2021-06-17T19:34:52+00:00\" \/>\n<meta property=\"og:image\" content=\"https:\/\/cvinoticias.com\/wp-content\/uploads\/2021\/06\/5a6f27e267f33_800x449.jpg\" \/>\n\t<meta property=\"og:image:width\" content=\"800\" \/>\n\t<meta property=\"og:image:height\" content=\"449\" \/>\n\t<meta property=\"og:image:type\" content=\"image\/jpeg\" \/>\n<meta name=\"author\" content=\"f1000024\" \/>\n<meta name=\"twitter:card\" content=\"summary_large_image\" \/>\n<meta name=\"twitter:label1\" content=\"Escrito por\" \/>\n\t<meta name=\"twitter:data1\" content=\"f1000024\" \/>\n\t<meta name=\"twitter:label2\" content=\"Tiempo de lectura\" \/>\n\t<meta name=\"twitter:data2\" content=\"2 minutos\" \/>\n<script type=\"application\/ld+json\" class=\"yoast-schema-graph\">{\"@context\":\"https:\\\/\\\/schema.org\",\"@graph\":[{\"@type\":\"Article\",\"@id\":\"https:\\\/\\\/cvinoticias.com\\\/v3\\\/el-gobierno-reabrira-las-exportaciones-de-carne-la-proxima-semana\\\/#article\",\"isPartOf\":{\"@id\":\"https:\\\/\\\/cvinoticias.com\\\/v3\\\/el-gobierno-reabrira-las-exportaciones-de-carne-la-proxima-semana\\\/\"},\"author\":{\"name\":\"f1000024\",\"@id\":\"https:\\\/\\\/cvinoticias.com\\\/v3\\\/#\\\/schema\\\/person\\\/2db77e3c6bc03c538495d7b2b8be9b66\"},\"headline\":\"El Gobierno reabrir\u00e1 las exportaciones de carne la pr\u00f3xima semana\",\"datePublished\":\"2021-06-17T19:34:52+00:00\",\"mainEntityOfPage\":{\"@id\":\"https:\\\/\\\/cvinoticias.com\\\/v3\\\/el-gobierno-reabrira-las-exportaciones-de-carne-la-proxima-semana\\\/\"},\"wordCount\":328,\"commentCount\":1,\"publisher\":{\"@id\":\"https:\\\/\\\/cvinoticias.com\\\/v3\\\/#organization\"},\"image\":{\"@id\":\"https:\\\/\\\/cvinoticias.com\\\/v3\\\/el-gobierno-reabrira-las-exportaciones-de-carne-la-proxima-semana\\\/#primaryimage\"},\"thumbnailUrl\":\"https:\\\/\\\/cvinoticias.com\\\/wp-content\\\/uploads\\\/2021\\\/06\\\/5a6f27e267f33_800x449.jpg\",\"articleSection\":[\"Econom\u00eda\"],\"inLanguage\":\"es\",\"potentialAction\":[{\"@type\":\"CommentAction\",\"name\":\"Comment\",\"target\":[\"https:\\\/\\\/cvinoticias.com\\\/v3\\\/el-gobierno-reabrira-las-exportaciones-de-carne-la-proxima-semana\\\/#respond\"]}]},{\"@type\":\"WebPage\",\"@id\":\"https:\\\/\\\/cvinoticias.com\\\/v3\\\/el-gobierno-reabrira-las-exportaciones-de-carne-la-proxima-semana\\\/\",\"url\":\"https:\\\/\\\/cvinoticias.com\\\/v3\\\/el-gobierno-reabrira-las-exportaciones-de-carne-la-proxima-semana\\\/\",\"name\":\"El Gobierno reabrir\u00e1 las exportaciones de carne la pr\u00f3xima semana | CVI NOTICIAS\",\"isPartOf\":{\"@id\":\"https:\\\/\\\/cvinoticias.com\\\/v3\\\/#website\"},\"primaryImageOfPage\":{\"@id\":\"https:\\\/\\\/cvinoticias.com\\\/v3\\\/el-gobierno-reabrira-las-exportaciones-de-carne-la-proxima-semana\\\/#primaryimage\"},\"image\":{\"@id\":\"https:\\\/\\\/cvinoticias.com\\\/v3\\\/el-gobierno-reabrira-las-exportaciones-de-carne-la-proxima-semana\\\/#primaryimage\"},\"thumbnailUrl\":\"https:\\\/\\\/cvinoticias.com\\\/wp-content\\\/uploads\\\/2021\\\/06\\\/5a6f27e267f33_800x449.jpg\",\"datePublished\":\"2021-06-17T19:34:52+00:00\",\"breadcrumb\":{\"@id\":\"https:\\\/\\\/cvinoticias.com\\\/v3\\\/el-gobierno-reabrira-las-exportaciones-de-carne-la-proxima-semana\\\/#breadcrumb\"},\"inLanguage\":\"es\",\"potentialAction\":[{\"@type\":\"ReadAction\",\"target\":[\"https:\\\/\\\/cvinoticias.com\\\/v3\\\/el-gobierno-reabrira-las-exportaciones-de-carne-la-proxima-semana\\\/\"]}]},{\"@type\":\"ImageObject\",\"inLanguage\":\"es\",\"@id\":\"https:\\\/\\\/cvinoticias.com\\\/v3\\\/el-gobierno-reabrira-las-exportaciones-de-carne-la-proxima-semana\\\/#primaryimage\",\"url\":\"https:\\\/\\\/cvinoticias.com\\\/wp-content\\\/uploads\\\/2021\\\/06\\\/5a6f27e267f33_800x449.jpg\",\"contentUrl\":\"https:\\\/\\\/cvinoticias.com\\\/wp-content\\\/uploads\\\/2021\\\/06\\\/5a6f27e267f33_800x449.jpg\",\"width\":800,\"height\":449},{\"@type\":\"BreadcrumbList\",\"@id\":\"https:\\\/\\\/cvinoticias.com\\\/v3\\\/el-gobierno-reabrira-las-exportaciones-de-carne-la-proxima-semana\\\/#breadcrumb\",\"itemListElement\":[{\"@type\":\"ListItem\",\"position\":1,\"name\":\"Portada\",\"item\":\"https:\\\/\\\/cvinoticias.com\\\/v3\\\/\"},{\"@type\":\"ListItem\",\"position\":2,\"name\":\"El Gobierno reabrir\u00e1 las exportaciones de carne la pr\u00f3xima semana\"}]},{\"@type\":\"WebSite\",\"@id\":\"https:\\\/\\\/cvinoticias.com\\\/v3\\\/#website\",\"url\":\"https:\\\/\\\/cvinoticias.com\\\/v3\\\/\",\"name\":\"CVI NOTICIAS\",\"description\":\"\",\"publisher\":{\"@id\":\"https:\\\/\\\/cvinoticias.com\\\/v3\\\/#organization\"},\"alternateName\":\"CVI\",\"potentialAction\":[{\"@type\":\"SearchAction\",\"target\":{\"@type\":\"EntryPoint\",\"urlTemplate\":\"https:\\\/\\\/cvinoticias.com\\\/v3\\\/?s={search_term_string}\"},\"query-input\":{\"@type\":\"PropertyValueSpecification\",\"valueRequired\":true,\"valueName\":\"search_term_string\"}}],\"inLanguage\":\"es\"},{\"@type\":\"Organization\",\"@id\":\"https:\\\/\\\/cvinoticias.com\\\/v3\\\/#organization\",\"name\":\"CVI NOTICIAS\",\"url\":\"https:\\\/\\\/cvinoticias.com\\\/v3\\\/\",\"logo\":{\"@type\":\"ImageObject\",\"inLanguage\":\"es\",\"@id\":\"https:\\\/\\\/cvinoticias.com\\\/v3\\\/#\\\/schema\\\/logo\\\/image\\\/\",\"url\":\"https:\\\/\\\/cvinoticias.com\\\/wp-content\\\/uploads\\\/2023\\\/04\\\/cropped-cropped-cropped-cropped-cropped-3-1.png\",\"contentUrl\":\"https:\\\/\\\/cvinoticias.com\\\/wp-content\\\/uploads\\\/2023\\\/04\\\/cropped-cropped-cropped-cropped-cropped-3-1.png\",\"width\":95,\"height\":122,\"caption\":\"CVI NOTICIAS\"},\"image\":{\"@id\":\"https:\\\/\\\/cvinoticias.com\\\/v3\\\/#\\\/schema\\\/logo\\\/image\\\/\"},\"sameAs\":[\"https:\\\/\\\/www.facebook.com\\\/cvinoticias\",\"https:\\\/\\\/www.instagram.com\\\/cvinoticias\\\/\",\"https:\\\/\\\/www.youtube.com\\\/@CVINOTICIAS\"]},{\"@type\":\"Person\",\"@id\":\"https:\\\/\\\/cvinoticias.com\\\/v3\\\/#\\\/schema\\\/person\\\/2db77e3c6bc03c538495d7b2b8be9b66\",\"name\":\"f1000024\",\"image\":{\"@type\":\"ImageObject\",\"inLanguage\":\"es\",\"@id\":\"https:\\\/\\\/secure.gravatar.com\\\/avatar\\\/d4fe7459cfc51ff5129ce1a732bbef5928568b8092d412ef95611616376bbeed?s=96&d=mm&r=g\",\"url\":\"https:\\\/\\\/secure.gravatar.com\\\/avatar\\\/d4fe7459cfc51ff5129ce1a732bbef5928568b8092d412ef95611616376bbeed?s=96&d=mm&r=g\",\"contentUrl\":\"https:\\\/\\\/secure.gravatar.com\\\/avatar\\\/d4fe7459cfc51ff5129ce1a732bbef5928568b8092d412ef95611616376bbeed?s=96&d=mm&r=g\",\"caption\":\"f1000024\"},\"url\":\"https:\\\/\\\/cvinoticias.com\\\/v3\\\/author\\\/f1000024\\\/\"}]}<\/script>\n<!-- \/ Yoast SEO plugin. -->","yoast_head_json":{"title":"El Gobierno reabrir\u00e1 las exportaciones de carne la pr\u00f3xima semana | CVI NOTICIAS","robots":{"index":"index","follow":"follow","max-snippet":"max-snippet:-1","max-image-preview":"max-image-preview:large","max-video-preview":"max-video-preview:-1"},"canonical":"https:\/\/cvinoticias.com\/v3\/el-gobierno-reabrira-las-exportaciones-de-carne-la-proxima-semana\/","og_locale":"es_ES","og_type":"article","og_title":"El Gobierno reabrir\u00e1 las exportaciones de carne la pr\u00f3xima semana | CVI NOTICIAS","og_description":"La noticia ser\u00e1 oficializada antes del fin de semana por el Ejecutivo nacional. \u00abEl objetivo es garantizar que exista un abastecimiento mayor del mercado interno\u00bb, asegur\u00f3 Kulfas. El Gobierno prev\u00e9 reabrir las exportaciones de carne la semana pr\u00f3xima, luego de mantenerlas con restricciones durante 30 d\u00edas para intentar bajar los precios. El ministro de Desarrollo [&hellip;]","og_url":"https:\/\/cvinoticias.com\/v3\/el-gobierno-reabrira-las-exportaciones-de-carne-la-proxima-semana\/","og_site_name":"CVI NOTICIAS","article_publisher":"https:\/\/www.facebook.com\/cvinoticias","article_published_time":"2021-06-17T19:34:52+00:00","og_image":[{"width":800,"height":449,"url":"https:\/\/cvinoticias.com\/wp-content\/uploads\/2021\/06\/5a6f27e267f33_800x449.jpg","type":"image\/jpeg"}],"author":"f1000024","twitter_card":"summary_large_image","twitter_misc":{"Escrito por":"f1000024","Tiempo de lectura":"2 minutos"},"schema":{"@context":"https:\/\/schema.org","@graph":[{"@type":"Article","@id":"https:\/\/cvinoticias.com\/v3\/el-gobierno-reabrira-las-exportaciones-de-carne-la-proxima-semana\/#article","isPartOf":{"@id":"https:\/\/cvinoticias.com\/v3\/el-gobierno-reabrira-las-exportaciones-de-carne-la-proxima-semana\/"},"author":{"name":"f1000024","@id":"https:\/\/cvinoticias.com\/v3\/#\/schema\/person\/2db77e3c6bc03c538495d7b2b8be9b66"},"headline":"El Gobierno reabrir\u00e1 las exportaciones de carne la pr\u00f3xima semana","datePublished":"2021-06-17T19:34:52+00:00","mainEntityOfPage":{"@id":"https:\/\/cvinoticias.com\/v3\/el-gobierno-reabrira-las-exportaciones-de-carne-la-proxima-semana\/"},"wordCount":328,"commentCount":1,"publisher":{"@id":"https:\/\/cvinoticias.com\/v3\/#organization"},"image":{"@id":"https:\/\/cvinoticias.com\/v3\/el-gobierno-reabrira-las-exportaciones-de-carne-la-proxima-semana\/#primaryimage"},"thumbnailUrl":"https:\/\/cvinoticias.com\/wp-content\/uploads\/2021\/06\/5a6f27e267f33_800x449.jpg","articleSection":["Econom\u00eda"],"inLanguage":"es","potentialAction":[{"@type":"CommentAction","name":"Comment","target":["https:\/\/cvinoticias.com\/v3\/el-gobierno-reabrira-las-exportaciones-de-carne-la-proxima-semana\/#respond"]}]},{"@type":"WebPage","@id":"https:\/\/cvinoticias.com\/v3\/el-gobierno-reabrira-las-exportaciones-de-carne-la-proxima-semana\/","url":"https:\/\/cvinoticias.com\/v3\/el-gobierno-reabrira-las-exportaciones-de-carne-la-proxima-semana\/","name":"El Gobierno reabrir\u00e1 las exportaciones de carne la pr\u00f3xima semana | CVI NOTICIAS","isPartOf":{"@id":"https:\/\/cvinoticias.com\/v3\/#website"},"primaryImageOfPage":{"@id":"https:\/\/cvinoticias.com\/v3\/el-gobierno-reabrira-las-exportaciones-de-carne-la-proxima-semana\/#primaryimage"},"image":{"@id":"https:\/\/cvinoticias.com\/v3\/el-gobierno-reabrira-las-exportaciones-de-carne-la-proxima-semana\/#primaryimage"},"thumbnailUrl":"https:\/\/cvinoticias.com\/wp-content\/uploads\/2021\/06\/5a6f27e267f33_800x449.jpg","datePublished":"2021-06-17T19:34:52+00:00","breadcrumb":{"@id":"https:\/\/cvinoticias.com\/v3\/el-gobierno-reabrira-las-exportaciones-de-carne-la-proxima-semana\/#breadcrumb"},"inLanguage":"es","potentialAction":[{"@type":"ReadAction","target":["https:\/\/cvinoticias.com\/v3\/el-gobierno-reabrira-las-exportaciones-de-carne-la-proxima-semana\/"]}]},{"@type":"ImageObject","inLanguage":"es","@id":"https:\/\/cvinoticias.com\/v3\/el-gobierno-reabrira-las-exportaciones-de-carne-la-proxima-semana\/#primaryimage","url":"https:\/\/cvinoticias.com\/wp-content\/uploads\/2021\/06\/5a6f27e267f33_800x449.jpg","contentUrl":"https:\/\/cvinoticias.com\/wp-content\/uploads\/2021\/06\/5a6f27e267f33_800x449.jpg","width":800,"height":449},{"@type":"BreadcrumbList","@id":"https:\/\/cvinoticias.com\/v3\/el-gobierno-reabrira-las-exportaciones-de-carne-la-proxima-semana\/#breadcrumb","itemListElement":[{"@type":"ListItem","position":1,"name":"Portada","item":"https:\/\/cvinoticias.com\/v3\/"},{"@type":"ListItem","position":2,"name":"El Gobierno reabrir\u00e1 las exportaciones de carne la pr\u00f3xima semana"}]},{"@type":"WebSite","@id":"https:\/\/cvinoticias.com\/v3\/#website","url":"https:\/\/cvinoticias.com\/v3\/","name":"CVI NOTICIAS","description":"","publisher":{"@id":"https:\/\/cvinoticias.com\/v3\/#organization"},"alternateName":"CVI","potentialAction":[{"@type":"SearchAction","target":{"@type":"EntryPoint","urlTemplate":"https:\/\/cvinoticias.com\/v3\/?s={search_term_string}"},"query-input":{"@type":"PropertyValueSpecification","valueRequired":true,"valueName":"search_term_string"}}],"inLanguage":"es"},{"@type":"Organization","@id":"https:\/\/cvinoticias.com\/v3\/#organization","name":"CVI NOTICIAS","url":"https:\/\/cvinoticias.com\/v3\/","logo":{"@type":"ImageObject","inLanguage":"es","@id":"https:\/\/cvinoticias.com\/v3\/#\/schema\/logo\/image\/","url":"https:\/\/cvinoticias.com\/wp-content\/uploads\/2023\/04\/cropped-cropped-cropped-cropped-cropped-3-1.png","contentUrl":"https:\/\/cvinoticias.com\/wp-content\/uploads\/2023\/04\/cropped-cropped-cropped-cropped-cropped-3-1.png","width":95,"height":122,"caption":"CVI NOTICIAS"},"image":{"@id":"https:\/\/cvinoticias.com\/v3\/#\/schema\/logo\/image\/"},"sameAs":["https:\/\/www.facebook.com\/cvinoticias","https:\/\/www.instagram.com\/cvinoticias\/","https:\/\/www.youtube.com\/@CVINOTICIAS"]},{"@type":"Person","@id":"https:\/\/cvinoticias.com\/v3\/#\/schema\/person\/2db77e3c6bc03c538495d7b2b8be9b66","name":"f1000024","image":{"@type":"ImageObject","inLanguage":"es","@id":"https:\/\/secure.gravatar.com\/avatar\/d4fe7459cfc51ff5129ce1a732bbef5928568b8092d412ef95611616376bbeed?s=96&d=mm&r=g","url":"https:\/\/secure.gravatar.com\/avatar\/d4fe7459cfc51ff5129ce1a732bbef5928568b8092d412ef95611616376bbeed?s=96&d=mm&r=g","contentUrl":"https:\/\/secure.gravatar.com\/avatar\/d4fe7459cfc51ff5129ce1a732bbef5928568b8092d412ef95611616376bbeed?s=96&d=mm&r=g","caption":"f1000024"},"url":"https:\/\/cvinoticias.com\/v3\/author\/f1000024\/"}]}},"_links":{"self":[{"href":"https:\/\/cvinoticias.com\/v3\/wp-json\/wp\/v2\/posts\/6061","targetHints":{"allow":["GET"]}}],"collection":[{"href":"https:\/\/cvinoticias.com\/v3\/wp-json\/wp\/v2\/posts"}],"about":[{"href":"https:\/\/cvinoticias.com\/v3\/wp-json\/wp\/v2\/types\/post"}],"author":[{"embeddable":true,"href":"https:\/\/cvinoticias.com\/v3\/wp-json\/wp\/v2\/users\/2"}],"replies":[{"embeddable":true,"href":"https:\/\/cvinoticias.com\/v3\/wp-json\/wp\/v2\/comments?post=6061"}],"version-history":[{"count":1,"href":"https:\/\/cvinoticias.com\/v3\/wp-json\/wp\/v2\/posts\/6061\/revisions"}],"predecessor-version":[{"id":6063,"href":"https:\/\/cvinoticias.com\/v3\/wp-json\/wp\/v2\/posts\/6061\/revisions\/6063"}],"wp:featuredmedia":[{"embeddable":true,"href":"https:\/\/cvinoticias.com\/v3\/wp-json\/wp\/v2\/media\/6062"}],"wp:attachment":[{"href":"https:\/\/cvinoticias.com\/v3\/wp-json\/wp\/v2\/media?parent=6061"}],"wp:term":[{"taxonomy":"category","embeddable":true,"href":"https:\/\/cvinoticias.com\/v3\/wp-json\/wp\/v2\/categories?post=6061"},{"taxonomy":"post_tag","embeddable":true,"href":"https:\/\/cvinoticias.com\/v3\/wp-json\/wp\/v2\/tags?post=6061"}],"curies":[{"name":"wp","href":"https:\/\/api.w.org\/{rel}","templated":true}]}}