{"id":6055,"date":"2021-06-17T13:54:11","date_gmt":"2021-06-17T13:54:11","guid":{"rendered":"https:\/\/cvinoticias.com\/v3\/?p=6055"},"modified":"2021-06-17T13:54:11","modified_gmt":"2021-06-17T13:54:11","slug":"corrientes-rescatan-a-145-victimas-de-trata-cerca-de-monte-caseros","status":"publish","type":"post","link":"https:\/\/cvinoticias.com\/v3\/corrientes-rescatan-a-145-victimas-de-trata-cerca-de-monte-caseros\/","title":{"rendered":"Corrientes: Rescatan a 145 v\u00edctimas de Trata cerca de Monte Caseros"},"content":{"rendered":"\n<p><strong><em>M\u00e1s de 150 personas captadas para trata fueron rescatadas esta noche en medio de un megaoperativo desplegado en la localidad correntina de Juan Pujol (departamento de Monte Caseros) por disposici\u00f3n de la Justicia Federal, seg\u00fan consign\u00f3 el portal El Litoral.<\/em><\/strong><\/p>\n\n\n\n<p>De acuerdo a lo detallado por el matutino de la vecina provincia, el operativo fue ejecutado por el personal de la Gendarmer\u00eda Nacional Argentina (GNA) y consisti\u00f3 en un total de siete allanamientos dispuestos en una serie de aserraderos de Juan Pujol, localidad ubicada a unos 450 kil\u00f3metros del l\u00edmite con Misiones por la ruta nacional 14.<\/p>\n\n\n\n<p>&nbsp;<br>De ese lugar, indicaron, los uniformados federales recataron a un total de 153 personas que hab\u00edan eran explotadas laboralmente tras ser captadas en maniobras investigadas como trata.<\/p>\n\n\n\n<p>&nbsp;<br>Del total de rescatados, 145 eran mayores de edad y entre ellos hab\u00edan tres ciudadanos extranjeros, dos paraguayos y uno brasile\u00f1o, seg\u00fan detallaron.<\/p>\n\n\n\n<p>&nbsp;<br>Los operativos fueron ordenados por las autoridades del Juzgado Federal de Paso de los Libres y no se descarta que entre las v\u00edctimas rescatadas hubieran personas oriundas de Misiones.<\/p>\n\n\n\n<p>&nbsp;<br>Los procedimientos fueron realizados por personal de GNA de distintas localidades y tambi\u00e9n intervino el personal del Programa de Rescate de V\u00edctimas de Trata, dependiente del Ministerio de Justicia de la Naci\u00f3n.<\/p>\n\n\n\n<p>&nbsp;<br>Tambi\u00e9n hubo agentes de Migraciones, del Comit\u00e9 Ejecutivo de Lucha contra la Trata de la Jefatura de Gabinete de la Naci\u00f3n, de Afip y del Ministerio de Trabajo de la Naci\u00f3n.<\/p>\n\n\n\n<p>Las labores en los lugares allanados continuaban anoche y se aguardaba m\u00e1s detalles del megaperativo en el cual tambi\u00e9n se incautaron celulares, computadoras y un mill\u00f3n de pesos en efectivo.<\/p>\n\n\n\n<p>E.T<\/p>\n","protected":false},"excerpt":{"rendered":"<p>M\u00e1s de 150 personas captadas para trata fueron rescatadas esta noche en medio de un megaoperativo desplegado en la localidad correntina de Juan Pujol (departamento de Monte Caseros) por disposici\u00f3n de la Justicia Federal, seg\u00fan consign\u00f3 el portal El Litoral. De acuerdo a lo detallado por el matutino de la vecina provincia, el operativo fue [&hellip;]<\/p>\n","protected":false},"author":2,"featured_media":6056,"comment_status":"open","ping_status":"open","sticky":false,"template":"","format":"standard","meta":{"footnotes":""},"categories":[35],"tags":[],"class_list":["post-6055","post","type-post","status-publish","format-standard","has-post-thumbnail","hentry","category-informacion-general"],"yoast_head":"<!-- This site is optimized with the Yoast SEO plugin v27.5 - https:\/\/yoast.com\/product\/yoast-seo-wordpress\/ -->\n<title>Corrientes: Rescatan a 145 v\u00edctimas de Trata cerca de Monte Caseros | CVI NOTICIAS<\/title>\n<meta name=\"robots\" content=\"index, follow, max-snippet:-1, max-image-preview:large, max-video-preview:-1\" \/>\n<link rel=\"canonical\" href=\"https:\/\/cvinoticias.com\/v3\/corrientes-rescatan-a-145-victimas-de-trata-cerca-de-monte-caseros\/\" \/>\n<meta property=\"og:locale\" content=\"es_ES\" \/>\n<meta property=\"og:type\" content=\"article\" \/>\n<meta property=\"og:title\" content=\"Corrientes: Rescatan a 145 v\u00edctimas de Trata cerca de Monte Caseros | CVI NOTICIAS\" \/>\n<meta property=\"og:description\" content=\"M\u00e1s de 150 personas captadas para trata fueron rescatadas esta noche en medio de un megaoperativo desplegado en la localidad correntina de Juan Pujol (departamento de Monte Caseros) por disposici\u00f3n de la Justicia Federal, seg\u00fan consign\u00f3 el portal El Litoral. De acuerdo a lo detallado por el matutino de la vecina provincia, el operativo fue [&hellip;]\" \/>\n<meta property=\"og:url\" content=\"https:\/\/cvinoticias.com\/v3\/corrientes-rescatan-a-145-victimas-de-trata-cerca-de-monte-caseros\/\" \/>\n<meta property=\"og:site_name\" content=\"CVI NOTICIAS\" \/>\n<meta property=\"article:publisher\" content=\"https:\/\/www.facebook.com\/cvinoticias\" \/>\n<meta property=\"article:published_time\" content=\"2021-06-17T13:54:11+00:00\" \/>\n<meta property=\"og:image\" content=\"https:\/\/cvinoticias.com\/wp-content\/uploads\/2021\/06\/1549561767805.jpg\" \/>\n\t<meta property=\"og:image:width\" content=\"928\" \/>\n\t<meta property=\"og:image:height\" content=\"516\" \/>\n\t<meta property=\"og:image:type\" content=\"image\/jpeg\" \/>\n<meta name=\"author\" content=\"f1000024\" \/>\n<meta name=\"twitter:card\" content=\"summary_large_image\" \/>\n<meta name=\"twitter:label1\" content=\"Escrito por\" \/>\n\t<meta name=\"twitter:data1\" content=\"f1000024\" \/>\n\t<meta name=\"twitter:label2\" content=\"Tiempo de lectura\" \/>\n\t<meta name=\"twitter:data2\" content=\"1 minuto\" \/>\n<script type=\"application\/ld+json\" class=\"yoast-schema-graph\">{\"@context\":\"https:\\\/\\\/schema.org\",\"@graph\":[{\"@type\":\"Article\",\"@id\":\"https:\\\/\\\/cvinoticias.com\\\/v3\\\/corrientes-rescatan-a-145-victimas-de-trata-cerca-de-monte-caseros\\\/#article\",\"isPartOf\":{\"@id\":\"https:\\\/\\\/cvinoticias.com\\\/v3\\\/corrientes-rescatan-a-145-victimas-de-trata-cerca-de-monte-caseros\\\/\"},\"author\":{\"name\":\"f1000024\",\"@id\":\"https:\\\/\\\/cvinoticias.com\\\/v3\\\/#\\\/schema\\\/person\\\/2db77e3c6bc03c538495d7b2b8be9b66\"},\"headline\":\"Corrientes: Rescatan a 145 v\u00edctimas de Trata cerca de Monte Caseros\",\"datePublished\":\"2021-06-17T13:54:11+00:00\",\"mainEntityOfPage\":{\"@id\":\"https:\\\/\\\/cvinoticias.com\\\/v3\\\/corrientes-rescatan-a-145-victimas-de-trata-cerca-de-monte-caseros\\\/\"},\"wordCount\":302,\"commentCount\":0,\"publisher\":{\"@id\":\"https:\\\/\\\/cvinoticias.com\\\/v3\\\/#organization\"},\"image\":{\"@id\":\"https:\\\/\\\/cvinoticias.com\\\/v3\\\/corrientes-rescatan-a-145-victimas-de-trata-cerca-de-monte-caseros\\\/#primaryimage\"},\"thumbnailUrl\":\"https:\\\/\\\/cvinoticias.com\\\/wp-content\\\/uploads\\\/2021\\\/06\\\/1549561767805.jpg\",\"articleSection\":[\"Informaci\u00f3n General\"],\"inLanguage\":\"es\",\"potentialAction\":[{\"@type\":\"CommentAction\",\"name\":\"Comment\",\"target\":[\"https:\\\/\\\/cvinoticias.com\\\/v3\\\/corrientes-rescatan-a-145-victimas-de-trata-cerca-de-monte-caseros\\\/#respond\"]}]},{\"@type\":\"WebPage\",\"@id\":\"https:\\\/\\\/cvinoticias.com\\\/v3\\\/corrientes-rescatan-a-145-victimas-de-trata-cerca-de-monte-caseros\\\/\",\"url\":\"https:\\\/\\\/cvinoticias.com\\\/v3\\\/corrientes-rescatan-a-145-victimas-de-trata-cerca-de-monte-caseros\\\/\",\"name\":\"Corrientes: Rescatan a 145 v\u00edctimas de Trata cerca de Monte Caseros | CVI NOTICIAS\",\"isPartOf\":{\"@id\":\"https:\\\/\\\/cvinoticias.com\\\/v3\\\/#website\"},\"primaryImageOfPage\":{\"@id\":\"https:\\\/\\\/cvinoticias.com\\\/v3\\\/corrientes-rescatan-a-145-victimas-de-trata-cerca-de-monte-caseros\\\/#primaryimage\"},\"image\":{\"@id\":\"https:\\\/\\\/cvinoticias.com\\\/v3\\\/corrientes-rescatan-a-145-victimas-de-trata-cerca-de-monte-caseros\\\/#primaryimage\"},\"thumbnailUrl\":\"https:\\\/\\\/cvinoticias.com\\\/wp-content\\\/uploads\\\/2021\\\/06\\\/1549561767805.jpg\",\"datePublished\":\"2021-06-17T13:54:11+00:00\",\"breadcrumb\":{\"@id\":\"https:\\\/\\\/cvinoticias.com\\\/v3\\\/corrientes-rescatan-a-145-victimas-de-trata-cerca-de-monte-caseros\\\/#breadcrumb\"},\"inLanguage\":\"es\",\"potentialAction\":[{\"@type\":\"ReadAction\",\"target\":[\"https:\\\/\\\/cvinoticias.com\\\/v3\\\/corrientes-rescatan-a-145-victimas-de-trata-cerca-de-monte-caseros\\\/\"]}]},{\"@type\":\"ImageObject\",\"inLanguage\":\"es\",\"@id\":\"https:\\\/\\\/cvinoticias.com\\\/v3\\\/corrientes-rescatan-a-145-victimas-de-trata-cerca-de-monte-caseros\\\/#primaryimage\",\"url\":\"https:\\\/\\\/cvinoticias.com\\\/wp-content\\\/uploads\\\/2021\\\/06\\\/1549561767805.jpg\",\"contentUrl\":\"https:\\\/\\\/cvinoticias.com\\\/wp-content\\\/uploads\\\/2021\\\/06\\\/1549561767805.jpg\",\"width\":928,\"height\":516},{\"@type\":\"BreadcrumbList\",\"@id\":\"https:\\\/\\\/cvinoticias.com\\\/v3\\\/corrientes-rescatan-a-145-victimas-de-trata-cerca-de-monte-caseros\\\/#breadcrumb\",\"itemListElement\":[{\"@type\":\"ListItem\",\"position\":1,\"name\":\"Portada\",\"item\":\"https:\\\/\\\/cvinoticias.com\\\/v3\\\/\"},{\"@type\":\"ListItem\",\"position\":2,\"name\":\"Corrientes: Rescatan a 145 v\u00edctimas de Trata cerca de Monte Caseros\"}]},{\"@type\":\"WebSite\",\"@id\":\"https:\\\/\\\/cvinoticias.com\\\/v3\\\/#website\",\"url\":\"https:\\\/\\\/cvinoticias.com\\\/v3\\\/\",\"name\":\"CVI NOTICIAS\",\"description\":\"\",\"publisher\":{\"@id\":\"https:\\\/\\\/cvinoticias.com\\\/v3\\\/#organization\"},\"alternateName\":\"CVI\",\"potentialAction\":[{\"@type\":\"SearchAction\",\"target\":{\"@type\":\"EntryPoint\",\"urlTemplate\":\"https:\\\/\\\/cvinoticias.com\\\/v3\\\/?s={search_term_string}\"},\"query-input\":{\"@type\":\"PropertyValueSpecification\",\"valueRequired\":true,\"valueName\":\"search_term_string\"}}],\"inLanguage\":\"es\"},{\"@type\":\"Organization\",\"@id\":\"https:\\\/\\\/cvinoticias.com\\\/v3\\\/#organization\",\"name\":\"CVI NOTICIAS\",\"url\":\"https:\\\/\\\/cvinoticias.com\\\/v3\\\/\",\"logo\":{\"@type\":\"ImageObject\",\"inLanguage\":\"es\",\"@id\":\"https:\\\/\\\/cvinoticias.com\\\/v3\\\/#\\\/schema\\\/logo\\\/image\\\/\",\"url\":\"https:\\\/\\\/cvinoticias.com\\\/wp-content\\\/uploads\\\/2023\\\/04\\\/cropped-cropped-cropped-cropped-cropped-3-1.png\",\"contentUrl\":\"https:\\\/\\\/cvinoticias.com\\\/wp-content\\\/uploads\\\/2023\\\/04\\\/cropped-cropped-cropped-cropped-cropped-3-1.png\",\"width\":95,\"height\":122,\"caption\":\"CVI NOTICIAS\"},\"image\":{\"@id\":\"https:\\\/\\\/cvinoticias.com\\\/v3\\\/#\\\/schema\\\/logo\\\/image\\\/\"},\"sameAs\":[\"https:\\\/\\\/www.facebook.com\\\/cvinoticias\",\"https:\\\/\\\/www.instagram.com\\\/cvinoticias\\\/\",\"https:\\\/\\\/www.youtube.com\\\/@CVINOTICIAS\"]},{\"@type\":\"Person\",\"@id\":\"https:\\\/\\\/cvinoticias.com\\\/v3\\\/#\\\/schema\\\/person\\\/2db77e3c6bc03c538495d7b2b8be9b66\",\"name\":\"f1000024\",\"image\":{\"@type\":\"ImageObject\",\"inLanguage\":\"es\",\"@id\":\"https:\\\/\\\/secure.gravatar.com\\\/avatar\\\/d4fe7459cfc51ff5129ce1a732bbef5928568b8092d412ef95611616376bbeed?s=96&d=mm&r=g\",\"url\":\"https:\\\/\\\/secure.gravatar.com\\\/avatar\\\/d4fe7459cfc51ff5129ce1a732bbef5928568b8092d412ef95611616376bbeed?s=96&d=mm&r=g\",\"contentUrl\":\"https:\\\/\\\/secure.gravatar.com\\\/avatar\\\/d4fe7459cfc51ff5129ce1a732bbef5928568b8092d412ef95611616376bbeed?s=96&d=mm&r=g\",\"caption\":\"f1000024\"},\"url\":\"https:\\\/\\\/cvinoticias.com\\\/v3\\\/author\\\/f1000024\\\/\"}]}<\/script>\n<!-- \/ Yoast SEO plugin. -->","yoast_head_json":{"title":"Corrientes: Rescatan a 145 v\u00edctimas de Trata cerca de Monte Caseros | CVI NOTICIAS","robots":{"index":"index","follow":"follow","max-snippet":"max-snippet:-1","max-image-preview":"max-image-preview:large","max-video-preview":"max-video-preview:-1"},"canonical":"https:\/\/cvinoticias.com\/v3\/corrientes-rescatan-a-145-victimas-de-trata-cerca-de-monte-caseros\/","og_locale":"es_ES","og_type":"article","og_title":"Corrientes: Rescatan a 145 v\u00edctimas de Trata cerca de Monte Caseros | CVI NOTICIAS","og_description":"M\u00e1s de 150 personas captadas para trata fueron rescatadas esta noche en medio de un megaoperativo desplegado en la localidad correntina de Juan Pujol (departamento de Monte Caseros) por disposici\u00f3n de la Justicia Federal, seg\u00fan consign\u00f3 el portal El Litoral. De acuerdo a lo detallado por el matutino de la vecina provincia, el operativo fue [&hellip;]","og_url":"https:\/\/cvinoticias.com\/v3\/corrientes-rescatan-a-145-victimas-de-trata-cerca-de-monte-caseros\/","og_site_name":"CVI NOTICIAS","article_publisher":"https:\/\/www.facebook.com\/cvinoticias","article_published_time":"2021-06-17T13:54:11+00:00","og_image":[{"width":928,"height":516,"url":"https:\/\/cvinoticias.com\/wp-content\/uploads\/2021\/06\/1549561767805.jpg","type":"image\/jpeg"}],"author":"f1000024","twitter_card":"summary_large_image","twitter_misc":{"Escrito por":"f1000024","Tiempo de lectura":"1 minuto"},"schema":{"@context":"https:\/\/schema.org","@graph":[{"@type":"Article","@id":"https:\/\/cvinoticias.com\/v3\/corrientes-rescatan-a-145-victimas-de-trata-cerca-de-monte-caseros\/#article","isPartOf":{"@id":"https:\/\/cvinoticias.com\/v3\/corrientes-rescatan-a-145-victimas-de-trata-cerca-de-monte-caseros\/"},"author":{"name":"f1000024","@id":"https:\/\/cvinoticias.com\/v3\/#\/schema\/person\/2db77e3c6bc03c538495d7b2b8be9b66"},"headline":"Corrientes: Rescatan a 145 v\u00edctimas de Trata cerca de Monte Caseros","datePublished":"2021-06-17T13:54:11+00:00","mainEntityOfPage":{"@id":"https:\/\/cvinoticias.com\/v3\/corrientes-rescatan-a-145-victimas-de-trata-cerca-de-monte-caseros\/"},"wordCount":302,"commentCount":0,"publisher":{"@id":"https:\/\/cvinoticias.com\/v3\/#organization"},"image":{"@id":"https:\/\/cvinoticias.com\/v3\/corrientes-rescatan-a-145-victimas-de-trata-cerca-de-monte-caseros\/#primaryimage"},"thumbnailUrl":"https:\/\/cvinoticias.com\/wp-content\/uploads\/2021\/06\/1549561767805.jpg","articleSection":["Informaci\u00f3n General"],"inLanguage":"es","potentialAction":[{"@type":"CommentAction","name":"Comment","target":["https:\/\/cvinoticias.com\/v3\/corrientes-rescatan-a-145-victimas-de-trata-cerca-de-monte-caseros\/#respond"]}]},{"@type":"WebPage","@id":"https:\/\/cvinoticias.com\/v3\/corrientes-rescatan-a-145-victimas-de-trata-cerca-de-monte-caseros\/","url":"https:\/\/cvinoticias.com\/v3\/corrientes-rescatan-a-145-victimas-de-trata-cerca-de-monte-caseros\/","name":"Corrientes: Rescatan a 145 v\u00edctimas de Trata cerca de Monte Caseros | CVI NOTICIAS","isPartOf":{"@id":"https:\/\/cvinoticias.com\/v3\/#website"},"primaryImageOfPage":{"@id":"https:\/\/cvinoticias.com\/v3\/corrientes-rescatan-a-145-victimas-de-trata-cerca-de-monte-caseros\/#primaryimage"},"image":{"@id":"https:\/\/cvinoticias.com\/v3\/corrientes-rescatan-a-145-victimas-de-trata-cerca-de-monte-caseros\/#primaryimage"},"thumbnailUrl":"https:\/\/cvinoticias.com\/wp-content\/uploads\/2021\/06\/1549561767805.jpg","datePublished":"2021-06-17T13:54:11+00:00","breadcrumb":{"@id":"https:\/\/cvinoticias.com\/v3\/corrientes-rescatan-a-145-victimas-de-trata-cerca-de-monte-caseros\/#breadcrumb"},"inLanguage":"es","potentialAction":[{"@type":"ReadAction","target":["https:\/\/cvinoticias.com\/v3\/corrientes-rescatan-a-145-victimas-de-trata-cerca-de-monte-caseros\/"]}]},{"@type":"ImageObject","inLanguage":"es","@id":"https:\/\/cvinoticias.com\/v3\/corrientes-rescatan-a-145-victimas-de-trata-cerca-de-monte-caseros\/#primaryimage","url":"https:\/\/cvinoticias.com\/wp-content\/uploads\/2021\/06\/1549561767805.jpg","contentUrl":"https:\/\/cvinoticias.com\/wp-content\/uploads\/2021\/06\/1549561767805.jpg","width":928,"height":516},{"@type":"BreadcrumbList","@id":"https:\/\/cvinoticias.com\/v3\/corrientes-rescatan-a-145-victimas-de-trata-cerca-de-monte-caseros\/#breadcrumb","itemListElement":[{"@type":"ListItem","position":1,"name":"Portada","item":"https:\/\/cvinoticias.com\/v3\/"},{"@type":"ListItem","position":2,"name":"Corrientes: Rescatan a 145 v\u00edctimas de Trata cerca de Monte Caseros"}]},{"@type":"WebSite","@id":"https:\/\/cvinoticias.com\/v3\/#website","url":"https:\/\/cvinoticias.com\/v3\/","name":"CVI NOTICIAS","description":"","publisher":{"@id":"https:\/\/cvinoticias.com\/v3\/#organization"},"alternateName":"CVI","potentialAction":[{"@type":"SearchAction","target":{"@type":"EntryPoint","urlTemplate":"https:\/\/cvinoticias.com\/v3\/?s={search_term_string}"},"query-input":{"@type":"PropertyValueSpecification","valueRequired":true,"valueName":"search_term_string"}}],"inLanguage":"es"},{"@type":"Organization","@id":"https:\/\/cvinoticias.com\/v3\/#organization","name":"CVI NOTICIAS","url":"https:\/\/cvinoticias.com\/v3\/","logo":{"@type":"ImageObject","inLanguage":"es","@id":"https:\/\/cvinoticias.com\/v3\/#\/schema\/logo\/image\/","url":"https:\/\/cvinoticias.com\/wp-content\/uploads\/2023\/04\/cropped-cropped-cropped-cropped-cropped-3-1.png","contentUrl":"https:\/\/cvinoticias.com\/wp-content\/uploads\/2023\/04\/cropped-cropped-cropped-cropped-cropped-3-1.png","width":95,"height":122,"caption":"CVI NOTICIAS"},"image":{"@id":"https:\/\/cvinoticias.com\/v3\/#\/schema\/logo\/image\/"},"sameAs":["https:\/\/www.facebook.com\/cvinoticias","https:\/\/www.instagram.com\/cvinoticias\/","https:\/\/www.youtube.com\/@CVINOTICIAS"]},{"@type":"Person","@id":"https:\/\/cvinoticias.com\/v3\/#\/schema\/person\/2db77e3c6bc03c538495d7b2b8be9b66","name":"f1000024","image":{"@type":"ImageObject","inLanguage":"es","@id":"https:\/\/secure.gravatar.com\/avatar\/d4fe7459cfc51ff5129ce1a732bbef5928568b8092d412ef95611616376bbeed?s=96&d=mm&r=g","url":"https:\/\/secure.gravatar.com\/avatar\/d4fe7459cfc51ff5129ce1a732bbef5928568b8092d412ef95611616376bbeed?s=96&d=mm&r=g","contentUrl":"https:\/\/secure.gravatar.com\/avatar\/d4fe7459cfc51ff5129ce1a732bbef5928568b8092d412ef95611616376bbeed?s=96&d=mm&r=g","caption":"f1000024"},"url":"https:\/\/cvinoticias.com\/v3\/author\/f1000024\/"}]}},"_links":{"self":[{"href":"https:\/\/cvinoticias.com\/v3\/wp-json\/wp\/v2\/posts\/6055","targetHints":{"allow":["GET"]}}],"collection":[{"href":"https:\/\/cvinoticias.com\/v3\/wp-json\/wp\/v2\/posts"}],"about":[{"href":"https:\/\/cvinoticias.com\/v3\/wp-json\/wp\/v2\/types\/post"}],"author":[{"embeddable":true,"href":"https:\/\/cvinoticias.com\/v3\/wp-json\/wp\/v2\/users\/2"}],"replies":[{"embeddable":true,"href":"https:\/\/cvinoticias.com\/v3\/wp-json\/wp\/v2\/comments?post=6055"}],"version-history":[{"count":1,"href":"https:\/\/cvinoticias.com\/v3\/wp-json\/wp\/v2\/posts\/6055\/revisions"}],"predecessor-version":[{"id":6057,"href":"https:\/\/cvinoticias.com\/v3\/wp-json\/wp\/v2\/posts\/6055\/revisions\/6057"}],"wp:featuredmedia":[{"embeddable":true,"href":"https:\/\/cvinoticias.com\/v3\/wp-json\/wp\/v2\/media\/6056"}],"wp:attachment":[{"href":"https:\/\/cvinoticias.com\/v3\/wp-json\/wp\/v2\/media?parent=6055"}],"wp:term":[{"taxonomy":"category","embeddable":true,"href":"https:\/\/cvinoticias.com\/v3\/wp-json\/wp\/v2\/categories?post=6055"},{"taxonomy":"post_tag","embeddable":true,"href":"https:\/\/cvinoticias.com\/v3\/wp-json\/wp\/v2\/tags?post=6055"}],"curies":[{"name":"wp","href":"https:\/\/api.w.org\/{rel}","templated":true}]}}