{"id":6048,"date":"2021-06-17T12:14:20","date_gmt":"2021-06-17T12:14:20","guid":{"rendered":"https:\/\/cvinoticias.com\/v3\/?p=6048"},"modified":"2021-06-17T12:14:20","modified_gmt":"2021-06-17T12:14:20","slug":"docentes-misioneros-cobraran-este-sabado-el-fonid-y-otros-aportes","status":"publish","type":"post","link":"https:\/\/cvinoticias.com\/v3\/docentes-misioneros-cobraran-este-sabado-el-fonid-y-otros-aportes\/","title":{"rendered":"Docentes misioneros cobrar\u00e1n este s\u00e1bado el Fonid y otros aportes"},"content":{"rendered":"\n<p><strong><em>El gobernador de Misiones, Oscar Herrera Ahuad anunci\u00f3 que el s\u00e1bado abonar\u00e1n el pago del Fondo Nacional de Incentivo Docente (Fonid).<\/em><\/strong><\/p>\n\n\n\n<p>El titular del Poder Ejecutivo misionero utiliz\u00f3 su cuenta oficial de Twitter para dar a conocer la informaci\u00f3n. A ella le sum\u00f3 que tambi\u00e9n se acreditar\u00e1n las suplementarias de mayo y aporte provincial del mismo mes.<\/p>\n","protected":false},"excerpt":{"rendered":"<p>El gobernador de Misiones, Oscar Herrera Ahuad anunci\u00f3 que el s\u00e1bado abonar\u00e1n el pago del Fondo Nacional de Incentivo Docente (Fonid). El titular del Poder Ejecutivo misionero utiliz\u00f3 su cuenta oficial de Twitter para dar a conocer la informaci\u00f3n. A ella le sum\u00f3 que tambi\u00e9n se acreditar\u00e1n las suplementarias de mayo y aporte provincial del [&hellip;]<\/p>\n","protected":false},"author":2,"featured_media":6049,"comment_status":"open","ping_status":"open","sticky":false,"template":"","format":"standard","meta":{"footnotes":""},"categories":[32],"tags":[],"class_list":["post-6048","post","type-post","status-publish","format-standard","has-post-thumbnail","hentry","category-economia"],"yoast_head":"<!-- This site is optimized with the Yoast SEO plugin v27.5 - https:\/\/yoast.com\/product\/yoast-seo-wordpress\/ -->\n<title>Docentes misioneros cobrar\u00e1n este s\u00e1bado el Fonid y otros aportes | CVI NOTICIAS<\/title>\n<meta name=\"robots\" content=\"index, follow, max-snippet:-1, max-image-preview:large, max-video-preview:-1\" \/>\n<link rel=\"canonical\" href=\"https:\/\/cvinoticias.com\/v3\/docentes-misioneros-cobraran-este-sabado-el-fonid-y-otros-aportes\/\" \/>\n<meta property=\"og:locale\" content=\"es_ES\" \/>\n<meta property=\"og:type\" content=\"article\" \/>\n<meta property=\"og:title\" content=\"Docentes misioneros cobrar\u00e1n este s\u00e1bado el Fonid y otros aportes | CVI NOTICIAS\" \/>\n<meta property=\"og:description\" content=\"El gobernador de Misiones, Oscar Herrera Ahuad anunci\u00f3 que el s\u00e1bado abonar\u00e1n el pago del Fondo Nacional de Incentivo Docente (Fonid). El titular del Poder Ejecutivo misionero utiliz\u00f3 su cuenta oficial de Twitter para dar a conocer la informaci\u00f3n. A ella le sum\u00f3 que tambi\u00e9n se acreditar\u00e1n las suplementarias de mayo y aporte provincial del [&hellip;]\" \/>\n<meta property=\"og:url\" content=\"https:\/\/cvinoticias.com\/v3\/docentes-misioneros-cobraran-este-sabado-el-fonid-y-otros-aportes\/\" \/>\n<meta property=\"og:site_name\" content=\"CVI NOTICIAS\" \/>\n<meta property=\"article:publisher\" content=\"https:\/\/www.facebook.com\/cvinoticias\" \/>\n<meta property=\"article:published_time\" content=\"2021-06-17T12:14:20+00:00\" \/>\n<meta property=\"og:image\" content=\"https:\/\/cvinoticias.com\/wp-content\/uploads\/2021\/06\/Screenshot_20210617-091237_Chrome.jpg\" \/>\n\t<meta property=\"og:image:width\" content=\"1007\" \/>\n\t<meta property=\"og:image:height\" content=\"1284\" \/>\n\t<meta property=\"og:image:type\" content=\"image\/jpeg\" \/>\n<meta name=\"author\" content=\"f1000024\" \/>\n<meta name=\"twitter:card\" content=\"summary_large_image\" \/>\n<meta name=\"twitter:label1\" content=\"Escrito por\" \/>\n\t<meta name=\"twitter:data1\" content=\"f1000024\" \/>\n<script type=\"application\/ld+json\" class=\"yoast-schema-graph\">{\"@context\":\"https:\\\/\\\/schema.org\",\"@graph\":[{\"@type\":\"Article\",\"@id\":\"https:\\\/\\\/cvinoticias.com\\\/v3\\\/docentes-misioneros-cobraran-este-sabado-el-fonid-y-otros-aportes\\\/#article\",\"isPartOf\":{\"@id\":\"https:\\\/\\\/cvinoticias.com\\\/v3\\\/docentes-misioneros-cobraran-este-sabado-el-fonid-y-otros-aportes\\\/\"},\"author\":{\"name\":\"f1000024\",\"@id\":\"https:\\\/\\\/cvinoticias.com\\\/v3\\\/#\\\/schema\\\/person\\\/2db77e3c6bc03c538495d7b2b8be9b66\"},\"headline\":\"Docentes misioneros cobrar\u00e1n este s\u00e1bado el Fonid y otros aportes\",\"datePublished\":\"2021-06-17T12:14:20+00:00\",\"mainEntityOfPage\":{\"@id\":\"https:\\\/\\\/cvinoticias.com\\\/v3\\\/docentes-misioneros-cobraran-este-sabado-el-fonid-y-otros-aportes\\\/\"},\"wordCount\":74,\"commentCount\":0,\"publisher\":{\"@id\":\"https:\\\/\\\/cvinoticias.com\\\/v3\\\/#organization\"},\"image\":{\"@id\":\"https:\\\/\\\/cvinoticias.com\\\/v3\\\/docentes-misioneros-cobraran-este-sabado-el-fonid-y-otros-aportes\\\/#primaryimage\"},\"thumbnailUrl\":\"https:\\\/\\\/cvinoticias.com\\\/wp-content\\\/uploads\\\/2021\\\/06\\\/Screenshot_20210617-091237_Chrome.jpg\",\"articleSection\":[\"Econom\u00eda\"],\"inLanguage\":\"es\",\"potentialAction\":[{\"@type\":\"CommentAction\",\"name\":\"Comment\",\"target\":[\"https:\\\/\\\/cvinoticias.com\\\/v3\\\/docentes-misioneros-cobraran-este-sabado-el-fonid-y-otros-aportes\\\/#respond\"]}]},{\"@type\":\"WebPage\",\"@id\":\"https:\\\/\\\/cvinoticias.com\\\/v3\\\/docentes-misioneros-cobraran-este-sabado-el-fonid-y-otros-aportes\\\/\",\"url\":\"https:\\\/\\\/cvinoticias.com\\\/v3\\\/docentes-misioneros-cobraran-este-sabado-el-fonid-y-otros-aportes\\\/\",\"name\":\"Docentes misioneros cobrar\u00e1n este s\u00e1bado el Fonid y otros aportes | CVI NOTICIAS\",\"isPartOf\":{\"@id\":\"https:\\\/\\\/cvinoticias.com\\\/v3\\\/#website\"},\"primaryImageOfPage\":{\"@id\":\"https:\\\/\\\/cvinoticias.com\\\/v3\\\/docentes-misioneros-cobraran-este-sabado-el-fonid-y-otros-aportes\\\/#primaryimage\"},\"image\":{\"@id\":\"https:\\\/\\\/cvinoticias.com\\\/v3\\\/docentes-misioneros-cobraran-este-sabado-el-fonid-y-otros-aportes\\\/#primaryimage\"},\"thumbnailUrl\":\"https:\\\/\\\/cvinoticias.com\\\/wp-content\\\/uploads\\\/2021\\\/06\\\/Screenshot_20210617-091237_Chrome.jpg\",\"datePublished\":\"2021-06-17T12:14:20+00:00\",\"breadcrumb\":{\"@id\":\"https:\\\/\\\/cvinoticias.com\\\/v3\\\/docentes-misioneros-cobraran-este-sabado-el-fonid-y-otros-aportes\\\/#breadcrumb\"},\"inLanguage\":\"es\",\"potentialAction\":[{\"@type\":\"ReadAction\",\"target\":[\"https:\\\/\\\/cvinoticias.com\\\/v3\\\/docentes-misioneros-cobraran-este-sabado-el-fonid-y-otros-aportes\\\/\"]}]},{\"@type\":\"ImageObject\",\"inLanguage\":\"es\",\"@id\":\"https:\\\/\\\/cvinoticias.com\\\/v3\\\/docentes-misioneros-cobraran-este-sabado-el-fonid-y-otros-aportes\\\/#primaryimage\",\"url\":\"https:\\\/\\\/cvinoticias.com\\\/wp-content\\\/uploads\\\/2021\\\/06\\\/Screenshot_20210617-091237_Chrome.jpg\",\"contentUrl\":\"https:\\\/\\\/cvinoticias.com\\\/wp-content\\\/uploads\\\/2021\\\/06\\\/Screenshot_20210617-091237_Chrome.jpg\",\"width\":1007,\"height\":1284},{\"@type\":\"BreadcrumbList\",\"@id\":\"https:\\\/\\\/cvinoticias.com\\\/v3\\\/docentes-misioneros-cobraran-este-sabado-el-fonid-y-otros-aportes\\\/#breadcrumb\",\"itemListElement\":[{\"@type\":\"ListItem\",\"position\":1,\"name\":\"Portada\",\"item\":\"https:\\\/\\\/cvinoticias.com\\\/v3\\\/\"},{\"@type\":\"ListItem\",\"position\":2,\"name\":\"Docentes misioneros cobrar\u00e1n este s\u00e1bado el Fonid y otros aportes\"}]},{\"@type\":\"WebSite\",\"@id\":\"https:\\\/\\\/cvinoticias.com\\\/v3\\\/#website\",\"url\":\"https:\\\/\\\/cvinoticias.com\\\/v3\\\/\",\"name\":\"CVI NOTICIAS\",\"description\":\"\",\"publisher\":{\"@id\":\"https:\\\/\\\/cvinoticias.com\\\/v3\\\/#organization\"},\"alternateName\":\"CVI\",\"potentialAction\":[{\"@type\":\"SearchAction\",\"target\":{\"@type\":\"EntryPoint\",\"urlTemplate\":\"https:\\\/\\\/cvinoticias.com\\\/v3\\\/?s={search_term_string}\"},\"query-input\":{\"@type\":\"PropertyValueSpecification\",\"valueRequired\":true,\"valueName\":\"search_term_string\"}}],\"inLanguage\":\"es\"},{\"@type\":\"Organization\",\"@id\":\"https:\\\/\\\/cvinoticias.com\\\/v3\\\/#organization\",\"name\":\"CVI NOTICIAS\",\"url\":\"https:\\\/\\\/cvinoticias.com\\\/v3\\\/\",\"logo\":{\"@type\":\"ImageObject\",\"inLanguage\":\"es\",\"@id\":\"https:\\\/\\\/cvinoticias.com\\\/v3\\\/#\\\/schema\\\/logo\\\/image\\\/\",\"url\":\"https:\\\/\\\/cvinoticias.com\\\/wp-content\\\/uploads\\\/2023\\\/04\\\/cropped-cropped-cropped-cropped-cropped-3-1.png\",\"contentUrl\":\"https:\\\/\\\/cvinoticias.com\\\/wp-content\\\/uploads\\\/2023\\\/04\\\/cropped-cropped-cropped-cropped-cropped-3-1.png\",\"width\":95,\"height\":122,\"caption\":\"CVI NOTICIAS\"},\"image\":{\"@id\":\"https:\\\/\\\/cvinoticias.com\\\/v3\\\/#\\\/schema\\\/logo\\\/image\\\/\"},\"sameAs\":[\"https:\\\/\\\/www.facebook.com\\\/cvinoticias\",\"https:\\\/\\\/www.instagram.com\\\/cvinoticias\\\/\",\"https:\\\/\\\/www.youtube.com\\\/@CVINOTICIAS\"]},{\"@type\":\"Person\",\"@id\":\"https:\\\/\\\/cvinoticias.com\\\/v3\\\/#\\\/schema\\\/person\\\/2db77e3c6bc03c538495d7b2b8be9b66\",\"name\":\"f1000024\",\"image\":{\"@type\":\"ImageObject\",\"inLanguage\":\"es\",\"@id\":\"https:\\\/\\\/secure.gravatar.com\\\/avatar\\\/d4fe7459cfc51ff5129ce1a732bbef5928568b8092d412ef95611616376bbeed?s=96&d=mm&r=g\",\"url\":\"https:\\\/\\\/secure.gravatar.com\\\/avatar\\\/d4fe7459cfc51ff5129ce1a732bbef5928568b8092d412ef95611616376bbeed?s=96&d=mm&r=g\",\"contentUrl\":\"https:\\\/\\\/secure.gravatar.com\\\/avatar\\\/d4fe7459cfc51ff5129ce1a732bbef5928568b8092d412ef95611616376bbeed?s=96&d=mm&r=g\",\"caption\":\"f1000024\"},\"url\":\"https:\\\/\\\/cvinoticias.com\\\/v3\\\/author\\\/f1000024\\\/\"}]}<\/script>\n<!-- \/ Yoast SEO plugin. -->","yoast_head_json":{"title":"Docentes misioneros cobrar\u00e1n este s\u00e1bado el Fonid y otros aportes | CVI NOTICIAS","robots":{"index":"index","follow":"follow","max-snippet":"max-snippet:-1","max-image-preview":"max-image-preview:large","max-video-preview":"max-video-preview:-1"},"canonical":"https:\/\/cvinoticias.com\/v3\/docentes-misioneros-cobraran-este-sabado-el-fonid-y-otros-aportes\/","og_locale":"es_ES","og_type":"article","og_title":"Docentes misioneros cobrar\u00e1n este s\u00e1bado el Fonid y otros aportes | CVI NOTICIAS","og_description":"El gobernador de Misiones, Oscar Herrera Ahuad anunci\u00f3 que el s\u00e1bado abonar\u00e1n el pago del Fondo Nacional de Incentivo Docente (Fonid). El titular del Poder Ejecutivo misionero utiliz\u00f3 su cuenta oficial de Twitter para dar a conocer la informaci\u00f3n. A ella le sum\u00f3 que tambi\u00e9n se acreditar\u00e1n las suplementarias de mayo y aporte provincial del [&hellip;]","og_url":"https:\/\/cvinoticias.com\/v3\/docentes-misioneros-cobraran-este-sabado-el-fonid-y-otros-aportes\/","og_site_name":"CVI NOTICIAS","article_publisher":"https:\/\/www.facebook.com\/cvinoticias","article_published_time":"2021-06-17T12:14:20+00:00","og_image":[{"width":1007,"height":1284,"url":"https:\/\/cvinoticias.com\/wp-content\/uploads\/2021\/06\/Screenshot_20210617-091237_Chrome.jpg","type":"image\/jpeg"}],"author":"f1000024","twitter_card":"summary_large_image","twitter_misc":{"Escrito por":"f1000024"},"schema":{"@context":"https:\/\/schema.org","@graph":[{"@type":"Article","@id":"https:\/\/cvinoticias.com\/v3\/docentes-misioneros-cobraran-este-sabado-el-fonid-y-otros-aportes\/#article","isPartOf":{"@id":"https:\/\/cvinoticias.com\/v3\/docentes-misioneros-cobraran-este-sabado-el-fonid-y-otros-aportes\/"},"author":{"name":"f1000024","@id":"https:\/\/cvinoticias.com\/v3\/#\/schema\/person\/2db77e3c6bc03c538495d7b2b8be9b66"},"headline":"Docentes misioneros cobrar\u00e1n este s\u00e1bado el Fonid y otros aportes","datePublished":"2021-06-17T12:14:20+00:00","mainEntityOfPage":{"@id":"https:\/\/cvinoticias.com\/v3\/docentes-misioneros-cobraran-este-sabado-el-fonid-y-otros-aportes\/"},"wordCount":74,"commentCount":0,"publisher":{"@id":"https:\/\/cvinoticias.com\/v3\/#organization"},"image":{"@id":"https:\/\/cvinoticias.com\/v3\/docentes-misioneros-cobraran-este-sabado-el-fonid-y-otros-aportes\/#primaryimage"},"thumbnailUrl":"https:\/\/cvinoticias.com\/wp-content\/uploads\/2021\/06\/Screenshot_20210617-091237_Chrome.jpg","articleSection":["Econom\u00eda"],"inLanguage":"es","potentialAction":[{"@type":"CommentAction","name":"Comment","target":["https:\/\/cvinoticias.com\/v3\/docentes-misioneros-cobraran-este-sabado-el-fonid-y-otros-aportes\/#respond"]}]},{"@type":"WebPage","@id":"https:\/\/cvinoticias.com\/v3\/docentes-misioneros-cobraran-este-sabado-el-fonid-y-otros-aportes\/","url":"https:\/\/cvinoticias.com\/v3\/docentes-misioneros-cobraran-este-sabado-el-fonid-y-otros-aportes\/","name":"Docentes misioneros cobrar\u00e1n este s\u00e1bado el Fonid y otros aportes | CVI NOTICIAS","isPartOf":{"@id":"https:\/\/cvinoticias.com\/v3\/#website"},"primaryImageOfPage":{"@id":"https:\/\/cvinoticias.com\/v3\/docentes-misioneros-cobraran-este-sabado-el-fonid-y-otros-aportes\/#primaryimage"},"image":{"@id":"https:\/\/cvinoticias.com\/v3\/docentes-misioneros-cobraran-este-sabado-el-fonid-y-otros-aportes\/#primaryimage"},"thumbnailUrl":"https:\/\/cvinoticias.com\/wp-content\/uploads\/2021\/06\/Screenshot_20210617-091237_Chrome.jpg","datePublished":"2021-06-17T12:14:20+00:00","breadcrumb":{"@id":"https:\/\/cvinoticias.com\/v3\/docentes-misioneros-cobraran-este-sabado-el-fonid-y-otros-aportes\/#breadcrumb"},"inLanguage":"es","potentialAction":[{"@type":"ReadAction","target":["https:\/\/cvinoticias.com\/v3\/docentes-misioneros-cobraran-este-sabado-el-fonid-y-otros-aportes\/"]}]},{"@type":"ImageObject","inLanguage":"es","@id":"https:\/\/cvinoticias.com\/v3\/docentes-misioneros-cobraran-este-sabado-el-fonid-y-otros-aportes\/#primaryimage","url":"https:\/\/cvinoticias.com\/wp-content\/uploads\/2021\/06\/Screenshot_20210617-091237_Chrome.jpg","contentUrl":"https:\/\/cvinoticias.com\/wp-content\/uploads\/2021\/06\/Screenshot_20210617-091237_Chrome.jpg","width":1007,"height":1284},{"@type":"BreadcrumbList","@id":"https:\/\/cvinoticias.com\/v3\/docentes-misioneros-cobraran-este-sabado-el-fonid-y-otros-aportes\/#breadcrumb","itemListElement":[{"@type":"ListItem","position":1,"name":"Portada","item":"https:\/\/cvinoticias.com\/v3\/"},{"@type":"ListItem","position":2,"name":"Docentes misioneros cobrar\u00e1n este s\u00e1bado el Fonid y otros aportes"}]},{"@type":"WebSite","@id":"https:\/\/cvinoticias.com\/v3\/#website","url":"https:\/\/cvinoticias.com\/v3\/","name":"CVI NOTICIAS","description":"","publisher":{"@id":"https:\/\/cvinoticias.com\/v3\/#organization"},"alternateName":"CVI","potentialAction":[{"@type":"SearchAction","target":{"@type":"EntryPoint","urlTemplate":"https:\/\/cvinoticias.com\/v3\/?s={search_term_string}"},"query-input":{"@type":"PropertyValueSpecification","valueRequired":true,"valueName":"search_term_string"}}],"inLanguage":"es"},{"@type":"Organization","@id":"https:\/\/cvinoticias.com\/v3\/#organization","name":"CVI NOTICIAS","url":"https:\/\/cvinoticias.com\/v3\/","logo":{"@type":"ImageObject","inLanguage":"es","@id":"https:\/\/cvinoticias.com\/v3\/#\/schema\/logo\/image\/","url":"https:\/\/cvinoticias.com\/wp-content\/uploads\/2023\/04\/cropped-cropped-cropped-cropped-cropped-3-1.png","contentUrl":"https:\/\/cvinoticias.com\/wp-content\/uploads\/2023\/04\/cropped-cropped-cropped-cropped-cropped-3-1.png","width":95,"height":122,"caption":"CVI NOTICIAS"},"image":{"@id":"https:\/\/cvinoticias.com\/v3\/#\/schema\/logo\/image\/"},"sameAs":["https:\/\/www.facebook.com\/cvinoticias","https:\/\/www.instagram.com\/cvinoticias\/","https:\/\/www.youtube.com\/@CVINOTICIAS"]},{"@type":"Person","@id":"https:\/\/cvinoticias.com\/v3\/#\/schema\/person\/2db77e3c6bc03c538495d7b2b8be9b66","name":"f1000024","image":{"@type":"ImageObject","inLanguage":"es","@id":"https:\/\/secure.gravatar.com\/avatar\/d4fe7459cfc51ff5129ce1a732bbef5928568b8092d412ef95611616376bbeed?s=96&d=mm&r=g","url":"https:\/\/secure.gravatar.com\/avatar\/d4fe7459cfc51ff5129ce1a732bbef5928568b8092d412ef95611616376bbeed?s=96&d=mm&r=g","contentUrl":"https:\/\/secure.gravatar.com\/avatar\/d4fe7459cfc51ff5129ce1a732bbef5928568b8092d412ef95611616376bbeed?s=96&d=mm&r=g","caption":"f1000024"},"url":"https:\/\/cvinoticias.com\/v3\/author\/f1000024\/"}]}},"_links":{"self":[{"href":"https:\/\/cvinoticias.com\/v3\/wp-json\/wp\/v2\/posts\/6048","targetHints":{"allow":["GET"]}}],"collection":[{"href":"https:\/\/cvinoticias.com\/v3\/wp-json\/wp\/v2\/posts"}],"about":[{"href":"https:\/\/cvinoticias.com\/v3\/wp-json\/wp\/v2\/types\/post"}],"author":[{"embeddable":true,"href":"https:\/\/cvinoticias.com\/v3\/wp-json\/wp\/v2\/users\/2"}],"replies":[{"embeddable":true,"href":"https:\/\/cvinoticias.com\/v3\/wp-json\/wp\/v2\/comments?post=6048"}],"version-history":[{"count":1,"href":"https:\/\/cvinoticias.com\/v3\/wp-json\/wp\/v2\/posts\/6048\/revisions"}],"predecessor-version":[{"id":6050,"href":"https:\/\/cvinoticias.com\/v3\/wp-json\/wp\/v2\/posts\/6048\/revisions\/6050"}],"wp:featuredmedia":[{"embeddable":true,"href":"https:\/\/cvinoticias.com\/v3\/wp-json\/wp\/v2\/media\/6049"}],"wp:attachment":[{"href":"https:\/\/cvinoticias.com\/v3\/wp-json\/wp\/v2\/media?parent=6048"}],"wp:term":[{"taxonomy":"category","embeddable":true,"href":"https:\/\/cvinoticias.com\/v3\/wp-json\/wp\/v2\/categories?post=6048"},{"taxonomy":"post_tag","embeddable":true,"href":"https:\/\/cvinoticias.com\/v3\/wp-json\/wp\/v2\/tags?post=6048"}],"curies":[{"name":"wp","href":"https:\/\/api.w.org\/{rel}","templated":true}]}}