{"id":6045,"date":"2021-06-17T11:23:31","date_gmt":"2021-06-17T11:23:31","guid":{"rendered":"https:\/\/cvinoticias.com\/v3\/?p=6045"},"modified":"2021-06-17T11:23:31","modified_gmt":"2021-06-17T11:23:31","slug":"posadas-hallaron-el-cuerpo-sin-vida-de-un-bebe-en-la-chacra-32-33","status":"publish","type":"post","link":"https:\/\/cvinoticias.com\/v3\/posadas-hallaron-el-cuerpo-sin-vida-de-un-bebe-en-la-chacra-32-33\/","title":{"rendered":"Posadas: Hallaron el cuerpo sin vida de un beb\u00e9 en la chacra 32-33"},"content":{"rendered":"\n<p><strong><em>Esta ma\u00f1ana en un contenedor de residuos sobre la avenida Andresito, inmediaciones del Registro de las Personas, fue hallado el cuerpo sin vida de un beb\u00e9 de pocos d\u00edas de vida.<\/em><\/strong><br>\u00a0<br>El hecho fue alertado por un hombre al personal del destacamento de la seccional 3ra e inmediatamente los polic\u00edas fueron al lugar y constataron que dentro de un contenedor estaba el cuerpo sin vida de un beb\u00e9 de sexo masculino.<\/p>\n\n\n\n<p>En el lugar trabaja la Polic\u00eda Cient\u00edfica. Interviene el Juzgado de Instrucci\u00f3n N\u00ba 6 de Posadas.<br><br><\/p>\n\n\n\n<p>Prensa Polic\u00eda de la Provincia de Misiones<\/p>\n","protected":false},"excerpt":{"rendered":"<p>Esta ma\u00f1ana en un contenedor de residuos sobre la avenida Andresito, inmediaciones del Registro de las Personas, fue hallado el cuerpo sin vida de un beb\u00e9 de pocos d\u00edas de vida.\u00a0El hecho fue alertado por un hombre al personal del destacamento de la seccional 3ra e inmediatamente los polic\u00edas fueron al lugar y constataron que [&hellip;]<\/p>\n","protected":false},"author":2,"featured_media":6046,"comment_status":"open","ping_status":"open","sticky":false,"template":"","format":"standard","meta":{"footnotes":""},"categories":[41],"tags":[],"class_list":["post-6045","post","type-post","status-publish","format-standard","has-post-thumbnail","hentry","category-policiales"],"yoast_head":"<!-- This site is optimized with the Yoast SEO plugin v27.5 - https:\/\/yoast.com\/product\/yoast-seo-wordpress\/ -->\n<title>Posadas: Hallaron el cuerpo sin vida de un beb\u00e9 en la chacra 32-33 | CVI NOTICIAS<\/title>\n<meta name=\"robots\" content=\"index, follow, max-snippet:-1, max-image-preview:large, max-video-preview:-1\" \/>\n<link rel=\"canonical\" href=\"https:\/\/cvinoticias.com\/v3\/posadas-hallaron-el-cuerpo-sin-vida-de-un-bebe-en-la-chacra-32-33\/\" \/>\n<meta property=\"og:locale\" content=\"es_ES\" \/>\n<meta property=\"og:type\" content=\"article\" \/>\n<meta property=\"og:title\" content=\"Posadas: Hallaron el cuerpo sin vida de un beb\u00e9 en la chacra 32-33 | CVI NOTICIAS\" \/>\n<meta property=\"og:description\" content=\"Esta ma\u00f1ana en un contenedor de residuos sobre la avenida Andresito, inmediaciones del Registro de las Personas, fue hallado el cuerpo sin vida de un beb\u00e9 de pocos d\u00edas de vida.\u00a0El hecho fue alertado por un hombre al personal del destacamento de la seccional 3ra e inmediatamente los polic\u00edas fueron al lugar y constataron que [&hellip;]\" \/>\n<meta property=\"og:url\" content=\"https:\/\/cvinoticias.com\/v3\/posadas-hallaron-el-cuerpo-sin-vida-de-un-bebe-en-la-chacra-32-33\/\" \/>\n<meta property=\"og:site_name\" content=\"CVI NOTICIAS\" \/>\n<meta property=\"article:publisher\" content=\"https:\/\/www.facebook.com\/cvinoticias\" \/>\n<meta property=\"article:published_time\" content=\"2021-06-17T11:23:31+00:00\" \/>\n<meta property=\"og:image\" content=\"https:\/\/cvinoticias.com\/wp-content\/uploads\/2021\/06\/IMG-20210617-WA0018.jpg\" \/>\n\t<meta property=\"og:image:width\" content=\"1000\" \/>\n\t<meta property=\"og:image:height\" content=\"750\" \/>\n\t<meta property=\"og:image:type\" content=\"image\/jpeg\" \/>\n<meta name=\"author\" content=\"f1000024\" \/>\n<meta name=\"twitter:card\" content=\"summary_large_image\" \/>\n<meta name=\"twitter:label1\" content=\"Escrito por\" \/>\n\t<meta name=\"twitter:data1\" content=\"f1000024\" \/>\n\t<meta name=\"twitter:label2\" content=\"Tiempo de lectura\" \/>\n\t<meta name=\"twitter:data2\" content=\"1 minuto\" \/>\n<script type=\"application\/ld+json\" class=\"yoast-schema-graph\">{\"@context\":\"https:\\\/\\\/schema.org\",\"@graph\":[{\"@type\":\"Article\",\"@id\":\"https:\\\/\\\/cvinoticias.com\\\/v3\\\/posadas-hallaron-el-cuerpo-sin-vida-de-un-bebe-en-la-chacra-32-33\\\/#article\",\"isPartOf\":{\"@id\":\"https:\\\/\\\/cvinoticias.com\\\/v3\\\/posadas-hallaron-el-cuerpo-sin-vida-de-un-bebe-en-la-chacra-32-33\\\/\"},\"author\":{\"name\":\"f1000024\",\"@id\":\"https:\\\/\\\/cvinoticias.com\\\/v3\\\/#\\\/schema\\\/person\\\/2db77e3c6bc03c538495d7b2b8be9b66\"},\"headline\":\"Posadas: Hallaron el cuerpo sin vida de un beb\u00e9 en la chacra 32-33\",\"datePublished\":\"2021-06-17T11:23:31+00:00\",\"mainEntityOfPage\":{\"@id\":\"https:\\\/\\\/cvinoticias.com\\\/v3\\\/posadas-hallaron-el-cuerpo-sin-vida-de-un-bebe-en-la-chacra-32-33\\\/\"},\"wordCount\":113,\"commentCount\":0,\"publisher\":{\"@id\":\"https:\\\/\\\/cvinoticias.com\\\/v3\\\/#organization\"},\"image\":{\"@id\":\"https:\\\/\\\/cvinoticias.com\\\/v3\\\/posadas-hallaron-el-cuerpo-sin-vida-de-un-bebe-en-la-chacra-32-33\\\/#primaryimage\"},\"thumbnailUrl\":\"https:\\\/\\\/cvinoticias.com\\\/wp-content\\\/uploads\\\/2021\\\/06\\\/IMG-20210617-WA0018.jpg\",\"articleSection\":[\"Policiales\"],\"inLanguage\":\"es\",\"potentialAction\":[{\"@type\":\"CommentAction\",\"name\":\"Comment\",\"target\":[\"https:\\\/\\\/cvinoticias.com\\\/v3\\\/posadas-hallaron-el-cuerpo-sin-vida-de-un-bebe-en-la-chacra-32-33\\\/#respond\"]}]},{\"@type\":\"WebPage\",\"@id\":\"https:\\\/\\\/cvinoticias.com\\\/v3\\\/posadas-hallaron-el-cuerpo-sin-vida-de-un-bebe-en-la-chacra-32-33\\\/\",\"url\":\"https:\\\/\\\/cvinoticias.com\\\/v3\\\/posadas-hallaron-el-cuerpo-sin-vida-de-un-bebe-en-la-chacra-32-33\\\/\",\"name\":\"Posadas: Hallaron el cuerpo sin vida de un beb\u00e9 en la chacra 32-33 | CVI NOTICIAS\",\"isPartOf\":{\"@id\":\"https:\\\/\\\/cvinoticias.com\\\/v3\\\/#website\"},\"primaryImageOfPage\":{\"@id\":\"https:\\\/\\\/cvinoticias.com\\\/v3\\\/posadas-hallaron-el-cuerpo-sin-vida-de-un-bebe-en-la-chacra-32-33\\\/#primaryimage\"},\"image\":{\"@id\":\"https:\\\/\\\/cvinoticias.com\\\/v3\\\/posadas-hallaron-el-cuerpo-sin-vida-de-un-bebe-en-la-chacra-32-33\\\/#primaryimage\"},\"thumbnailUrl\":\"https:\\\/\\\/cvinoticias.com\\\/wp-content\\\/uploads\\\/2021\\\/06\\\/IMG-20210617-WA0018.jpg\",\"datePublished\":\"2021-06-17T11:23:31+00:00\",\"breadcrumb\":{\"@id\":\"https:\\\/\\\/cvinoticias.com\\\/v3\\\/posadas-hallaron-el-cuerpo-sin-vida-de-un-bebe-en-la-chacra-32-33\\\/#breadcrumb\"},\"inLanguage\":\"es\",\"potentialAction\":[{\"@type\":\"ReadAction\",\"target\":[\"https:\\\/\\\/cvinoticias.com\\\/v3\\\/posadas-hallaron-el-cuerpo-sin-vida-de-un-bebe-en-la-chacra-32-33\\\/\"]}]},{\"@type\":\"ImageObject\",\"inLanguage\":\"es\",\"@id\":\"https:\\\/\\\/cvinoticias.com\\\/v3\\\/posadas-hallaron-el-cuerpo-sin-vida-de-un-bebe-en-la-chacra-32-33\\\/#primaryimage\",\"url\":\"https:\\\/\\\/cvinoticias.com\\\/wp-content\\\/uploads\\\/2021\\\/06\\\/IMG-20210617-WA0018.jpg\",\"contentUrl\":\"https:\\\/\\\/cvinoticias.com\\\/wp-content\\\/uploads\\\/2021\\\/06\\\/IMG-20210617-WA0018.jpg\",\"width\":1000,\"height\":750},{\"@type\":\"BreadcrumbList\",\"@id\":\"https:\\\/\\\/cvinoticias.com\\\/v3\\\/posadas-hallaron-el-cuerpo-sin-vida-de-un-bebe-en-la-chacra-32-33\\\/#breadcrumb\",\"itemListElement\":[{\"@type\":\"ListItem\",\"position\":1,\"name\":\"Portada\",\"item\":\"https:\\\/\\\/cvinoticias.com\\\/v3\\\/\"},{\"@type\":\"ListItem\",\"position\":2,\"name\":\"Posadas: Hallaron el cuerpo sin vida de un beb\u00e9 en la chacra 32-33\"}]},{\"@type\":\"WebSite\",\"@id\":\"https:\\\/\\\/cvinoticias.com\\\/v3\\\/#website\",\"url\":\"https:\\\/\\\/cvinoticias.com\\\/v3\\\/\",\"name\":\"CVI NOTICIAS\",\"description\":\"\",\"publisher\":{\"@id\":\"https:\\\/\\\/cvinoticias.com\\\/v3\\\/#organization\"},\"alternateName\":\"CVI\",\"potentialAction\":[{\"@type\":\"SearchAction\",\"target\":{\"@type\":\"EntryPoint\",\"urlTemplate\":\"https:\\\/\\\/cvinoticias.com\\\/v3\\\/?s={search_term_string}\"},\"query-input\":{\"@type\":\"PropertyValueSpecification\",\"valueRequired\":true,\"valueName\":\"search_term_string\"}}],\"inLanguage\":\"es\"},{\"@type\":\"Organization\",\"@id\":\"https:\\\/\\\/cvinoticias.com\\\/v3\\\/#organization\",\"name\":\"CVI NOTICIAS\",\"url\":\"https:\\\/\\\/cvinoticias.com\\\/v3\\\/\",\"logo\":{\"@type\":\"ImageObject\",\"inLanguage\":\"es\",\"@id\":\"https:\\\/\\\/cvinoticias.com\\\/v3\\\/#\\\/schema\\\/logo\\\/image\\\/\",\"url\":\"https:\\\/\\\/cvinoticias.com\\\/wp-content\\\/uploads\\\/2023\\\/04\\\/cropped-cropped-cropped-cropped-cropped-3-1.png\",\"contentUrl\":\"https:\\\/\\\/cvinoticias.com\\\/wp-content\\\/uploads\\\/2023\\\/04\\\/cropped-cropped-cropped-cropped-cropped-3-1.png\",\"width\":95,\"height\":122,\"caption\":\"CVI NOTICIAS\"},\"image\":{\"@id\":\"https:\\\/\\\/cvinoticias.com\\\/v3\\\/#\\\/schema\\\/logo\\\/image\\\/\"},\"sameAs\":[\"https:\\\/\\\/www.facebook.com\\\/cvinoticias\",\"https:\\\/\\\/www.instagram.com\\\/cvinoticias\\\/\",\"https:\\\/\\\/www.youtube.com\\\/@CVINOTICIAS\"]},{\"@type\":\"Person\",\"@id\":\"https:\\\/\\\/cvinoticias.com\\\/v3\\\/#\\\/schema\\\/person\\\/2db77e3c6bc03c538495d7b2b8be9b66\",\"name\":\"f1000024\",\"image\":{\"@type\":\"ImageObject\",\"inLanguage\":\"es\",\"@id\":\"https:\\\/\\\/secure.gravatar.com\\\/avatar\\\/d4fe7459cfc51ff5129ce1a732bbef5928568b8092d412ef95611616376bbeed?s=96&d=mm&r=g\",\"url\":\"https:\\\/\\\/secure.gravatar.com\\\/avatar\\\/d4fe7459cfc51ff5129ce1a732bbef5928568b8092d412ef95611616376bbeed?s=96&d=mm&r=g\",\"contentUrl\":\"https:\\\/\\\/secure.gravatar.com\\\/avatar\\\/d4fe7459cfc51ff5129ce1a732bbef5928568b8092d412ef95611616376bbeed?s=96&d=mm&r=g\",\"caption\":\"f1000024\"},\"url\":\"https:\\\/\\\/cvinoticias.com\\\/v3\\\/author\\\/f1000024\\\/\"}]}<\/script>\n<!-- \/ Yoast SEO plugin. -->","yoast_head_json":{"title":"Posadas: Hallaron el cuerpo sin vida de un beb\u00e9 en la chacra 32-33 | CVI NOTICIAS","robots":{"index":"index","follow":"follow","max-snippet":"max-snippet:-1","max-image-preview":"max-image-preview:large","max-video-preview":"max-video-preview:-1"},"canonical":"https:\/\/cvinoticias.com\/v3\/posadas-hallaron-el-cuerpo-sin-vida-de-un-bebe-en-la-chacra-32-33\/","og_locale":"es_ES","og_type":"article","og_title":"Posadas: Hallaron el cuerpo sin vida de un beb\u00e9 en la chacra 32-33 | CVI NOTICIAS","og_description":"Esta ma\u00f1ana en un contenedor de residuos sobre la avenida Andresito, inmediaciones del Registro de las Personas, fue hallado el cuerpo sin vida de un beb\u00e9 de pocos d\u00edas de vida.\u00a0El hecho fue alertado por un hombre al personal del destacamento de la seccional 3ra e inmediatamente los polic\u00edas fueron al lugar y constataron que [&hellip;]","og_url":"https:\/\/cvinoticias.com\/v3\/posadas-hallaron-el-cuerpo-sin-vida-de-un-bebe-en-la-chacra-32-33\/","og_site_name":"CVI NOTICIAS","article_publisher":"https:\/\/www.facebook.com\/cvinoticias","article_published_time":"2021-06-17T11:23:31+00:00","og_image":[{"width":1000,"height":750,"url":"https:\/\/cvinoticias.com\/wp-content\/uploads\/2021\/06\/IMG-20210617-WA0018.jpg","type":"image\/jpeg"}],"author":"f1000024","twitter_card":"summary_large_image","twitter_misc":{"Escrito por":"f1000024","Tiempo de lectura":"1 minuto"},"schema":{"@context":"https:\/\/schema.org","@graph":[{"@type":"Article","@id":"https:\/\/cvinoticias.com\/v3\/posadas-hallaron-el-cuerpo-sin-vida-de-un-bebe-en-la-chacra-32-33\/#article","isPartOf":{"@id":"https:\/\/cvinoticias.com\/v3\/posadas-hallaron-el-cuerpo-sin-vida-de-un-bebe-en-la-chacra-32-33\/"},"author":{"name":"f1000024","@id":"https:\/\/cvinoticias.com\/v3\/#\/schema\/person\/2db77e3c6bc03c538495d7b2b8be9b66"},"headline":"Posadas: Hallaron el cuerpo sin vida de un beb\u00e9 en la chacra 32-33","datePublished":"2021-06-17T11:23:31+00:00","mainEntityOfPage":{"@id":"https:\/\/cvinoticias.com\/v3\/posadas-hallaron-el-cuerpo-sin-vida-de-un-bebe-en-la-chacra-32-33\/"},"wordCount":113,"commentCount":0,"publisher":{"@id":"https:\/\/cvinoticias.com\/v3\/#organization"},"image":{"@id":"https:\/\/cvinoticias.com\/v3\/posadas-hallaron-el-cuerpo-sin-vida-de-un-bebe-en-la-chacra-32-33\/#primaryimage"},"thumbnailUrl":"https:\/\/cvinoticias.com\/wp-content\/uploads\/2021\/06\/IMG-20210617-WA0018.jpg","articleSection":["Policiales"],"inLanguage":"es","potentialAction":[{"@type":"CommentAction","name":"Comment","target":["https:\/\/cvinoticias.com\/v3\/posadas-hallaron-el-cuerpo-sin-vida-de-un-bebe-en-la-chacra-32-33\/#respond"]}]},{"@type":"WebPage","@id":"https:\/\/cvinoticias.com\/v3\/posadas-hallaron-el-cuerpo-sin-vida-de-un-bebe-en-la-chacra-32-33\/","url":"https:\/\/cvinoticias.com\/v3\/posadas-hallaron-el-cuerpo-sin-vida-de-un-bebe-en-la-chacra-32-33\/","name":"Posadas: Hallaron el cuerpo sin vida de un beb\u00e9 en la chacra 32-33 | CVI NOTICIAS","isPartOf":{"@id":"https:\/\/cvinoticias.com\/v3\/#website"},"primaryImageOfPage":{"@id":"https:\/\/cvinoticias.com\/v3\/posadas-hallaron-el-cuerpo-sin-vida-de-un-bebe-en-la-chacra-32-33\/#primaryimage"},"image":{"@id":"https:\/\/cvinoticias.com\/v3\/posadas-hallaron-el-cuerpo-sin-vida-de-un-bebe-en-la-chacra-32-33\/#primaryimage"},"thumbnailUrl":"https:\/\/cvinoticias.com\/wp-content\/uploads\/2021\/06\/IMG-20210617-WA0018.jpg","datePublished":"2021-06-17T11:23:31+00:00","breadcrumb":{"@id":"https:\/\/cvinoticias.com\/v3\/posadas-hallaron-el-cuerpo-sin-vida-de-un-bebe-en-la-chacra-32-33\/#breadcrumb"},"inLanguage":"es","potentialAction":[{"@type":"ReadAction","target":["https:\/\/cvinoticias.com\/v3\/posadas-hallaron-el-cuerpo-sin-vida-de-un-bebe-en-la-chacra-32-33\/"]}]},{"@type":"ImageObject","inLanguage":"es","@id":"https:\/\/cvinoticias.com\/v3\/posadas-hallaron-el-cuerpo-sin-vida-de-un-bebe-en-la-chacra-32-33\/#primaryimage","url":"https:\/\/cvinoticias.com\/wp-content\/uploads\/2021\/06\/IMG-20210617-WA0018.jpg","contentUrl":"https:\/\/cvinoticias.com\/wp-content\/uploads\/2021\/06\/IMG-20210617-WA0018.jpg","width":1000,"height":750},{"@type":"BreadcrumbList","@id":"https:\/\/cvinoticias.com\/v3\/posadas-hallaron-el-cuerpo-sin-vida-de-un-bebe-en-la-chacra-32-33\/#breadcrumb","itemListElement":[{"@type":"ListItem","position":1,"name":"Portada","item":"https:\/\/cvinoticias.com\/v3\/"},{"@type":"ListItem","position":2,"name":"Posadas: Hallaron el cuerpo sin vida de un beb\u00e9 en la chacra 32-33"}]},{"@type":"WebSite","@id":"https:\/\/cvinoticias.com\/v3\/#website","url":"https:\/\/cvinoticias.com\/v3\/","name":"CVI NOTICIAS","description":"","publisher":{"@id":"https:\/\/cvinoticias.com\/v3\/#organization"},"alternateName":"CVI","potentialAction":[{"@type":"SearchAction","target":{"@type":"EntryPoint","urlTemplate":"https:\/\/cvinoticias.com\/v3\/?s={search_term_string}"},"query-input":{"@type":"PropertyValueSpecification","valueRequired":true,"valueName":"search_term_string"}}],"inLanguage":"es"},{"@type":"Organization","@id":"https:\/\/cvinoticias.com\/v3\/#organization","name":"CVI NOTICIAS","url":"https:\/\/cvinoticias.com\/v3\/","logo":{"@type":"ImageObject","inLanguage":"es","@id":"https:\/\/cvinoticias.com\/v3\/#\/schema\/logo\/image\/","url":"https:\/\/cvinoticias.com\/wp-content\/uploads\/2023\/04\/cropped-cropped-cropped-cropped-cropped-3-1.png","contentUrl":"https:\/\/cvinoticias.com\/wp-content\/uploads\/2023\/04\/cropped-cropped-cropped-cropped-cropped-3-1.png","width":95,"height":122,"caption":"CVI NOTICIAS"},"image":{"@id":"https:\/\/cvinoticias.com\/v3\/#\/schema\/logo\/image\/"},"sameAs":["https:\/\/www.facebook.com\/cvinoticias","https:\/\/www.instagram.com\/cvinoticias\/","https:\/\/www.youtube.com\/@CVINOTICIAS"]},{"@type":"Person","@id":"https:\/\/cvinoticias.com\/v3\/#\/schema\/person\/2db77e3c6bc03c538495d7b2b8be9b66","name":"f1000024","image":{"@type":"ImageObject","inLanguage":"es","@id":"https:\/\/secure.gravatar.com\/avatar\/d4fe7459cfc51ff5129ce1a732bbef5928568b8092d412ef95611616376bbeed?s=96&d=mm&r=g","url":"https:\/\/secure.gravatar.com\/avatar\/d4fe7459cfc51ff5129ce1a732bbef5928568b8092d412ef95611616376bbeed?s=96&d=mm&r=g","contentUrl":"https:\/\/secure.gravatar.com\/avatar\/d4fe7459cfc51ff5129ce1a732bbef5928568b8092d412ef95611616376bbeed?s=96&d=mm&r=g","caption":"f1000024"},"url":"https:\/\/cvinoticias.com\/v3\/author\/f1000024\/"}]}},"_links":{"self":[{"href":"https:\/\/cvinoticias.com\/v3\/wp-json\/wp\/v2\/posts\/6045","targetHints":{"allow":["GET"]}}],"collection":[{"href":"https:\/\/cvinoticias.com\/v3\/wp-json\/wp\/v2\/posts"}],"about":[{"href":"https:\/\/cvinoticias.com\/v3\/wp-json\/wp\/v2\/types\/post"}],"author":[{"embeddable":true,"href":"https:\/\/cvinoticias.com\/v3\/wp-json\/wp\/v2\/users\/2"}],"replies":[{"embeddable":true,"href":"https:\/\/cvinoticias.com\/v3\/wp-json\/wp\/v2\/comments?post=6045"}],"version-history":[{"count":1,"href":"https:\/\/cvinoticias.com\/v3\/wp-json\/wp\/v2\/posts\/6045\/revisions"}],"predecessor-version":[{"id":6047,"href":"https:\/\/cvinoticias.com\/v3\/wp-json\/wp\/v2\/posts\/6045\/revisions\/6047"}],"wp:featuredmedia":[{"embeddable":true,"href":"https:\/\/cvinoticias.com\/v3\/wp-json\/wp\/v2\/media\/6046"}],"wp:attachment":[{"href":"https:\/\/cvinoticias.com\/v3\/wp-json\/wp\/v2\/media?parent=6045"}],"wp:term":[{"taxonomy":"category","embeddable":true,"href":"https:\/\/cvinoticias.com\/v3\/wp-json\/wp\/v2\/categories?post=6045"},{"taxonomy":"post_tag","embeddable":true,"href":"https:\/\/cvinoticias.com\/v3\/wp-json\/wp\/v2\/tags?post=6045"}],"curies":[{"name":"wp","href":"https:\/\/api.w.org\/{rel}","templated":true}]}}