{"id":6039,"date":"2021-06-17T10:19:15","date_gmt":"2021-06-17T10:19:15","guid":{"rendered":"https:\/\/cvinoticias.com\/v3\/?p=6039"},"modified":"2021-06-17T10:19:15","modified_gmt":"2021-06-17T10:19:15","slug":"covid-19-en-paraguay-ya-no-quedan-camas-de-terapia-intensiva","status":"publish","type":"post","link":"https:\/\/cvinoticias.com\/v3\/covid-19-en-paraguay-ya-no-quedan-camas-de-terapia-intensiva\/","title":{"rendered":"COVID-19: En Paraguay ya no quedan camas de terapia intensiva"},"content":{"rendered":"\n<p><strong><em>El sistema de Vigilancia de la Salud declar\u00f3 al pa\u00eds \u201cen rojo\u201d debido a las cifras registradas por la enfermedad. Ya se contagiaron al menos 400.000 personas y unas 11.000 murieron<\/em><\/strong><\/p>\n\n\n\n<p>Al menos 200 enfermos de gravedad por COVID-19 se mantienen en salas comunes y pasillos en los hospitales de Paraguay, d\u00f3nde ya fueron ocupadas las 750 camas de terapia intensivas con las que cuenta el pa\u00eds.<\/p>\n\n\n\n<p>\u201cLa situaci\u00f3n es bastante complicada. A pesar del impresionante crecimiento (en la capacidad de atenci\u00f3n en terapia intensiva) que se tuvo, no hay forma de dar respuestas. Si seguimos a este ritmo ni aunque tengamos 1.000 o 2.000 camas vamos a poder dar respuesta\u201d, declar\u00f3 el ministro de Salud, Julio Borba.<\/p>\n\n\n\n<p>Por su parte, el director de Vigilancia de la Salud de esa Naci\u00f3n, Guillermo Sequera, advirti\u00f3 que Paraguay \u201cest\u00e1 en rojo\u201d por el elevado n\u00famero de muertos. \u201cEl pa\u00eds se encuentra con un nivel de transmisi\u00f3n comunitaria muy alto. Los pron\u00f3sticos son bastante oscuros para este mes, y probablemente para parte de julio tambi\u00e9n\u201d, indic\u00f3.<\/p>\n\n\n\n<p>Las estad\u00edsticas sobre el impacto de la pandemia en Paraguay revelan que casi 400.000 personas se han contagiado de COVID-19 y otras 11.000 han muerto a causa de la enfermedad. La naci\u00f3n suramericana se ubica como la de mayor mortalidad en el mundo desde hace dos semanas, con una tasa de 24,79 decesos por cada 100.000 habitantes, seg\u00fan un conteo de la agencia AFP en base a cifras oficiales.<\/p>\n\n\n\n<p>Marta Aquino, de 26 a\u00f1os, tuvo que ver sufrir a su madre durante dos d\u00edas en una silla antes de ser atendida en cuidados intensivos. \u201cLlegamos a suplicar para que la atiendan\u201d en el hospital de la seguridad social. \u201cPero no nos dieron ning\u00fan tipo de atenci\u00f3n. Solo argumentaron que no ten\u00edan espacio en ese momento, que estaban saturados\u201d, refiri\u00f3 Aquino a la AFP.<\/p>\n\n\n\n<p>Pero no solo las camas de cuidados intensivos escasean. Los m\u00e9dicos en ese pa\u00eds tambi\u00e9n deben lidiar con la falta de ox\u00edgeno, antivirales y antibi\u00f3ticos. \u201cTal vez hubo insuficiente planificaci\u00f3n del ministerio de Salud. No se tuvo a tiempo el equipamiento, la infraestructura, no se contrat\u00f3 la cantidad suficiente de personal que se iba a necesitar para estos tiempos\u201d, indic\u00f3 la doctora Ovando.<\/p>\n\n\n\n<p>\u201cTenemos 16 camas de terapia Covid que est\u00e1n al 100% todos los d\u00edas. Tenemos 20 camas de internaci\u00f3n com\u00fan en el \u00e1rea de contingencia respiratoria que est\u00e1n ocupadas tambi\u00e9n al 100%. Hemos tenido que habilitar \u00e1reas covid en otras zonas del hospital. En este momento manejamos un promedio de 100 pacientes por d\u00eda hospitalizados por Covid\u201d, refiere Ovando.<\/p>\n\n\n\n<p>TAMPOCO HAY VACUNA <\/p>\n\n\n\n<p>Mientras tanto, la campa\u00f1a de vacunaci\u00f3n avanza lentamente. El fin de semana pasado se formaron largas filas de personas deseosas de acceder a la mediaci\u00f3n. por ahora, solo pueden ser inmunizados los mayores de 55 a\u00f1os y un total de 50.000 pudieron vacunarse entre s\u00e1bado y domingo.<\/p>\n\n\n\n<p>Seg\u00fan cifras oficiales, en Paraguay se ha administrado la primera dosis a 475.000 personas, equivalente a 6,7% de la poblaci\u00f3n que tiene que ser inmunizada. La meta es llegar a 30% en diciembre y a 75% de los habitantes en 2023.<\/p>\n\n\n\n<p>\u201cMenos de 500.000 paraguayos han recibido en forma parcial o total la inmunizaci\u00f3n a trav\u00e9s de la vacuna. Eso sigue favoreciendo la alta transmisi\u00f3n y va en contra de la disminuci\u00f3n de la hospitalizaci\u00f3n y de la tasa de mortalidad\u201d, advirti\u00f3 a la AFP el epidemi\u00f3logo Tom\u00e1s Mateo Balmelli.<\/p>\n\n\n\n<p><\/p>\n\n\n\n<p><\/p>\n\n\n\n<p><strong>Fuente: Infobae <\/strong><\/p>\n","protected":false},"excerpt":{"rendered":"<p>El sistema de Vigilancia de la Salud declar\u00f3 al pa\u00eds \u201cen rojo\u201d debido a las cifras registradas por la enfermedad. Ya se contagiaron al menos 400.000 personas y unas 11.000 murieron Al menos 200 enfermos de gravedad por COVID-19 se mantienen en salas comunes y pasillos en los hospitales de Paraguay, d\u00f3nde ya fueron ocupadas [&hellip;]<\/p>\n","protected":false},"author":2,"featured_media":6040,"comment_status":"open","ping_status":"open","sticky":false,"template":"","format":"standard","meta":{"footnotes":""},"categories":[23,36],"tags":[],"class_list":["post-6039","post","type-post","status-publish","format-standard","has-post-thumbnail","hentry","category-covid-19","category-internacionales"],"yoast_head":"<!-- This site is optimized with the Yoast SEO plugin v27.4 - https:\/\/yoast.com\/product\/yoast-seo-wordpress\/ -->\n<title>COVID-19: En Paraguay ya no quedan camas de terapia intensiva | CVI NOTICIAS<\/title>\n<meta name=\"robots\" content=\"index, follow, max-snippet:-1, max-image-preview:large, max-video-preview:-1\" \/>\n<link rel=\"canonical\" href=\"https:\/\/cvinoticias.com\/v3\/covid-19-en-paraguay-ya-no-quedan-camas-de-terapia-intensiva\/\" \/>\n<meta property=\"og:locale\" content=\"es_ES\" \/>\n<meta property=\"og:type\" content=\"article\" \/>\n<meta property=\"og:title\" content=\"COVID-19: En Paraguay ya no quedan camas de terapia intensiva | CVI NOTICIAS\" \/>\n<meta property=\"og:description\" content=\"El sistema de Vigilancia de la Salud declar\u00f3 al pa\u00eds \u201cen rojo\u201d debido a las cifras registradas por la enfermedad. Ya se contagiaron al menos 400.000 personas y unas 11.000 murieron Al menos 200 enfermos de gravedad por COVID-19 se mantienen en salas comunes y pasillos en los hospitales de Paraguay, d\u00f3nde ya fueron ocupadas [&hellip;]\" \/>\n<meta property=\"og:url\" content=\"https:\/\/cvinoticias.com\/v3\/covid-19-en-paraguay-ya-no-quedan-camas-de-terapia-intensiva\/\" \/>\n<meta property=\"og:site_name\" content=\"CVI NOTICIAS\" \/>\n<meta property=\"article:publisher\" content=\"https:\/\/www.facebook.com\/cvinoticias\" \/>\n<meta property=\"article:published_time\" content=\"2021-06-17T10:19:15+00:00\" \/>\n<meta property=\"og:image\" content=\"https:\/\/cvinoticias.com\/wp-content\/uploads\/2021\/06\/Screenshot_20210617-071839_Facebook.jpg\" \/>\n\t<meta property=\"og:image:width\" content=\"1080\" \/>\n\t<meta property=\"og:image:height\" content=\"721\" \/>\n\t<meta property=\"og:image:type\" content=\"image\/jpeg\" \/>\n<meta name=\"author\" content=\"f1000024\" \/>\n<meta name=\"twitter:card\" content=\"summary_large_image\" \/>\n<meta name=\"twitter:label1\" content=\"Escrito por\" \/>\n\t<meta name=\"twitter:data1\" content=\"f1000024\" \/>\n\t<meta name=\"twitter:label2\" content=\"Tiempo de lectura\" \/>\n\t<meta name=\"twitter:data2\" content=\"3 minutos\" \/>\n<script type=\"application\/ld+json\" class=\"yoast-schema-graph\">{\"@context\":\"https:\\\/\\\/schema.org\",\"@graph\":[{\"@type\":\"Article\",\"@id\":\"https:\\\/\\\/cvinoticias.com\\\/v3\\\/covid-19-en-paraguay-ya-no-quedan-camas-de-terapia-intensiva\\\/#article\",\"isPartOf\":{\"@id\":\"https:\\\/\\\/cvinoticias.com\\\/v3\\\/covid-19-en-paraguay-ya-no-quedan-camas-de-terapia-intensiva\\\/\"},\"author\":{\"name\":\"f1000024\",\"@id\":\"https:\\\/\\\/cvinoticias.com\\\/v3\\\/#\\\/schema\\\/person\\\/2db77e3c6bc03c538495d7b2b8be9b66\"},\"headline\":\"COVID-19: En Paraguay ya no quedan camas de terapia intensiva\",\"datePublished\":\"2021-06-17T10:19:15+00:00\",\"mainEntityOfPage\":{\"@id\":\"https:\\\/\\\/cvinoticias.com\\\/v3\\\/covid-19-en-paraguay-ya-no-quedan-camas-de-terapia-intensiva\\\/\"},\"wordCount\":601,\"commentCount\":0,\"publisher\":{\"@id\":\"https:\\\/\\\/cvinoticias.com\\\/v3\\\/#organization\"},\"image\":{\"@id\":\"https:\\\/\\\/cvinoticias.com\\\/v3\\\/covid-19-en-paraguay-ya-no-quedan-camas-de-terapia-intensiva\\\/#primaryimage\"},\"thumbnailUrl\":\"https:\\\/\\\/cvinoticias.com\\\/wp-content\\\/uploads\\\/2021\\\/06\\\/Screenshot_20210617-071839_Facebook.jpg\",\"articleSection\":[\"Covid-19\",\"Internacionales\"],\"inLanguage\":\"es\",\"potentialAction\":[{\"@type\":\"CommentAction\",\"name\":\"Comment\",\"target\":[\"https:\\\/\\\/cvinoticias.com\\\/v3\\\/covid-19-en-paraguay-ya-no-quedan-camas-de-terapia-intensiva\\\/#respond\"]}]},{\"@type\":\"WebPage\",\"@id\":\"https:\\\/\\\/cvinoticias.com\\\/v3\\\/covid-19-en-paraguay-ya-no-quedan-camas-de-terapia-intensiva\\\/\",\"url\":\"https:\\\/\\\/cvinoticias.com\\\/v3\\\/covid-19-en-paraguay-ya-no-quedan-camas-de-terapia-intensiva\\\/\",\"name\":\"COVID-19: En Paraguay ya no quedan camas de terapia intensiva | CVI NOTICIAS\",\"isPartOf\":{\"@id\":\"https:\\\/\\\/cvinoticias.com\\\/v3\\\/#website\"},\"primaryImageOfPage\":{\"@id\":\"https:\\\/\\\/cvinoticias.com\\\/v3\\\/covid-19-en-paraguay-ya-no-quedan-camas-de-terapia-intensiva\\\/#primaryimage\"},\"image\":{\"@id\":\"https:\\\/\\\/cvinoticias.com\\\/v3\\\/covid-19-en-paraguay-ya-no-quedan-camas-de-terapia-intensiva\\\/#primaryimage\"},\"thumbnailUrl\":\"https:\\\/\\\/cvinoticias.com\\\/wp-content\\\/uploads\\\/2021\\\/06\\\/Screenshot_20210617-071839_Facebook.jpg\",\"datePublished\":\"2021-06-17T10:19:15+00:00\",\"breadcrumb\":{\"@id\":\"https:\\\/\\\/cvinoticias.com\\\/v3\\\/covid-19-en-paraguay-ya-no-quedan-camas-de-terapia-intensiva\\\/#breadcrumb\"},\"inLanguage\":\"es\",\"potentialAction\":[{\"@type\":\"ReadAction\",\"target\":[\"https:\\\/\\\/cvinoticias.com\\\/v3\\\/covid-19-en-paraguay-ya-no-quedan-camas-de-terapia-intensiva\\\/\"]}]},{\"@type\":\"ImageObject\",\"inLanguage\":\"es\",\"@id\":\"https:\\\/\\\/cvinoticias.com\\\/v3\\\/covid-19-en-paraguay-ya-no-quedan-camas-de-terapia-intensiva\\\/#primaryimage\",\"url\":\"https:\\\/\\\/cvinoticias.com\\\/wp-content\\\/uploads\\\/2021\\\/06\\\/Screenshot_20210617-071839_Facebook.jpg\",\"contentUrl\":\"https:\\\/\\\/cvinoticias.com\\\/wp-content\\\/uploads\\\/2021\\\/06\\\/Screenshot_20210617-071839_Facebook.jpg\",\"width\":1080,\"height\":721},{\"@type\":\"BreadcrumbList\",\"@id\":\"https:\\\/\\\/cvinoticias.com\\\/v3\\\/covid-19-en-paraguay-ya-no-quedan-camas-de-terapia-intensiva\\\/#breadcrumb\",\"itemListElement\":[{\"@type\":\"ListItem\",\"position\":1,\"name\":\"Portada\",\"item\":\"https:\\\/\\\/cvinoticias.com\\\/v3\\\/\"},{\"@type\":\"ListItem\",\"position\":2,\"name\":\"COVID-19: En Paraguay ya no quedan camas de terapia intensiva\"}]},{\"@type\":\"WebSite\",\"@id\":\"https:\\\/\\\/cvinoticias.com\\\/v3\\\/#website\",\"url\":\"https:\\\/\\\/cvinoticias.com\\\/v3\\\/\",\"name\":\"CVI NOTICIAS\",\"description\":\"\",\"publisher\":{\"@id\":\"https:\\\/\\\/cvinoticias.com\\\/v3\\\/#organization\"},\"alternateName\":\"CVI\",\"potentialAction\":[{\"@type\":\"SearchAction\",\"target\":{\"@type\":\"EntryPoint\",\"urlTemplate\":\"https:\\\/\\\/cvinoticias.com\\\/v3\\\/?s={search_term_string}\"},\"query-input\":{\"@type\":\"PropertyValueSpecification\",\"valueRequired\":true,\"valueName\":\"search_term_string\"}}],\"inLanguage\":\"es\"},{\"@type\":\"Organization\",\"@id\":\"https:\\\/\\\/cvinoticias.com\\\/v3\\\/#organization\",\"name\":\"CVI NOTICIAS\",\"url\":\"https:\\\/\\\/cvinoticias.com\\\/v3\\\/\",\"logo\":{\"@type\":\"ImageObject\",\"inLanguage\":\"es\",\"@id\":\"https:\\\/\\\/cvinoticias.com\\\/v3\\\/#\\\/schema\\\/logo\\\/image\\\/\",\"url\":\"https:\\\/\\\/cvinoticias.com\\\/wp-content\\\/uploads\\\/2023\\\/04\\\/cropped-cropped-cropped-cropped-cropped-3-1.png\",\"contentUrl\":\"https:\\\/\\\/cvinoticias.com\\\/wp-content\\\/uploads\\\/2023\\\/04\\\/cropped-cropped-cropped-cropped-cropped-3-1.png\",\"width\":95,\"height\":122,\"caption\":\"CVI NOTICIAS\"},\"image\":{\"@id\":\"https:\\\/\\\/cvinoticias.com\\\/v3\\\/#\\\/schema\\\/logo\\\/image\\\/\"},\"sameAs\":[\"https:\\\/\\\/www.facebook.com\\\/cvinoticias\",\"https:\\\/\\\/www.instagram.com\\\/cvinoticias\\\/\",\"https:\\\/\\\/www.youtube.com\\\/@CVINOTICIAS\"]},{\"@type\":\"Person\",\"@id\":\"https:\\\/\\\/cvinoticias.com\\\/v3\\\/#\\\/schema\\\/person\\\/2db77e3c6bc03c538495d7b2b8be9b66\",\"name\":\"f1000024\",\"image\":{\"@type\":\"ImageObject\",\"inLanguage\":\"es\",\"@id\":\"https:\\\/\\\/secure.gravatar.com\\\/avatar\\\/d4fe7459cfc51ff5129ce1a732bbef5928568b8092d412ef95611616376bbeed?s=96&d=mm&r=g\",\"url\":\"https:\\\/\\\/secure.gravatar.com\\\/avatar\\\/d4fe7459cfc51ff5129ce1a732bbef5928568b8092d412ef95611616376bbeed?s=96&d=mm&r=g\",\"contentUrl\":\"https:\\\/\\\/secure.gravatar.com\\\/avatar\\\/d4fe7459cfc51ff5129ce1a732bbef5928568b8092d412ef95611616376bbeed?s=96&d=mm&r=g\",\"caption\":\"f1000024\"},\"url\":\"https:\\\/\\\/cvinoticias.com\\\/v3\\\/author\\\/f1000024\\\/\"}]}<\/script>\n<!-- \/ Yoast SEO plugin. -->","yoast_head_json":{"title":"COVID-19: En Paraguay ya no quedan camas de terapia intensiva | CVI NOTICIAS","robots":{"index":"index","follow":"follow","max-snippet":"max-snippet:-1","max-image-preview":"max-image-preview:large","max-video-preview":"max-video-preview:-1"},"canonical":"https:\/\/cvinoticias.com\/v3\/covid-19-en-paraguay-ya-no-quedan-camas-de-terapia-intensiva\/","og_locale":"es_ES","og_type":"article","og_title":"COVID-19: En Paraguay ya no quedan camas de terapia intensiva | CVI NOTICIAS","og_description":"El sistema de Vigilancia de la Salud declar\u00f3 al pa\u00eds \u201cen rojo\u201d debido a las cifras registradas por la enfermedad. Ya se contagiaron al menos 400.000 personas y unas 11.000 murieron Al menos 200 enfermos de gravedad por COVID-19 se mantienen en salas comunes y pasillos en los hospitales de Paraguay, d\u00f3nde ya fueron ocupadas [&hellip;]","og_url":"https:\/\/cvinoticias.com\/v3\/covid-19-en-paraguay-ya-no-quedan-camas-de-terapia-intensiva\/","og_site_name":"CVI NOTICIAS","article_publisher":"https:\/\/www.facebook.com\/cvinoticias","article_published_time":"2021-06-17T10:19:15+00:00","og_image":[{"width":1080,"height":721,"url":"https:\/\/cvinoticias.com\/wp-content\/uploads\/2021\/06\/Screenshot_20210617-071839_Facebook.jpg","type":"image\/jpeg"}],"author":"f1000024","twitter_card":"summary_large_image","twitter_misc":{"Escrito por":"f1000024","Tiempo de lectura":"3 minutos"},"schema":{"@context":"https:\/\/schema.org","@graph":[{"@type":"Article","@id":"https:\/\/cvinoticias.com\/v3\/covid-19-en-paraguay-ya-no-quedan-camas-de-terapia-intensiva\/#article","isPartOf":{"@id":"https:\/\/cvinoticias.com\/v3\/covid-19-en-paraguay-ya-no-quedan-camas-de-terapia-intensiva\/"},"author":{"name":"f1000024","@id":"https:\/\/cvinoticias.com\/v3\/#\/schema\/person\/2db77e3c6bc03c538495d7b2b8be9b66"},"headline":"COVID-19: En Paraguay ya no quedan camas de terapia intensiva","datePublished":"2021-06-17T10:19:15+00:00","mainEntityOfPage":{"@id":"https:\/\/cvinoticias.com\/v3\/covid-19-en-paraguay-ya-no-quedan-camas-de-terapia-intensiva\/"},"wordCount":601,"commentCount":0,"publisher":{"@id":"https:\/\/cvinoticias.com\/v3\/#organization"},"image":{"@id":"https:\/\/cvinoticias.com\/v3\/covid-19-en-paraguay-ya-no-quedan-camas-de-terapia-intensiva\/#primaryimage"},"thumbnailUrl":"https:\/\/cvinoticias.com\/wp-content\/uploads\/2021\/06\/Screenshot_20210617-071839_Facebook.jpg","articleSection":["Covid-19","Internacionales"],"inLanguage":"es","potentialAction":[{"@type":"CommentAction","name":"Comment","target":["https:\/\/cvinoticias.com\/v3\/covid-19-en-paraguay-ya-no-quedan-camas-de-terapia-intensiva\/#respond"]}]},{"@type":"WebPage","@id":"https:\/\/cvinoticias.com\/v3\/covid-19-en-paraguay-ya-no-quedan-camas-de-terapia-intensiva\/","url":"https:\/\/cvinoticias.com\/v3\/covid-19-en-paraguay-ya-no-quedan-camas-de-terapia-intensiva\/","name":"COVID-19: En Paraguay ya no quedan camas de terapia intensiva | CVI NOTICIAS","isPartOf":{"@id":"https:\/\/cvinoticias.com\/v3\/#website"},"primaryImageOfPage":{"@id":"https:\/\/cvinoticias.com\/v3\/covid-19-en-paraguay-ya-no-quedan-camas-de-terapia-intensiva\/#primaryimage"},"image":{"@id":"https:\/\/cvinoticias.com\/v3\/covid-19-en-paraguay-ya-no-quedan-camas-de-terapia-intensiva\/#primaryimage"},"thumbnailUrl":"https:\/\/cvinoticias.com\/wp-content\/uploads\/2021\/06\/Screenshot_20210617-071839_Facebook.jpg","datePublished":"2021-06-17T10:19:15+00:00","breadcrumb":{"@id":"https:\/\/cvinoticias.com\/v3\/covid-19-en-paraguay-ya-no-quedan-camas-de-terapia-intensiva\/#breadcrumb"},"inLanguage":"es","potentialAction":[{"@type":"ReadAction","target":["https:\/\/cvinoticias.com\/v3\/covid-19-en-paraguay-ya-no-quedan-camas-de-terapia-intensiva\/"]}]},{"@type":"ImageObject","inLanguage":"es","@id":"https:\/\/cvinoticias.com\/v3\/covid-19-en-paraguay-ya-no-quedan-camas-de-terapia-intensiva\/#primaryimage","url":"https:\/\/cvinoticias.com\/wp-content\/uploads\/2021\/06\/Screenshot_20210617-071839_Facebook.jpg","contentUrl":"https:\/\/cvinoticias.com\/wp-content\/uploads\/2021\/06\/Screenshot_20210617-071839_Facebook.jpg","width":1080,"height":721},{"@type":"BreadcrumbList","@id":"https:\/\/cvinoticias.com\/v3\/covid-19-en-paraguay-ya-no-quedan-camas-de-terapia-intensiva\/#breadcrumb","itemListElement":[{"@type":"ListItem","position":1,"name":"Portada","item":"https:\/\/cvinoticias.com\/v3\/"},{"@type":"ListItem","position":2,"name":"COVID-19: En Paraguay ya no quedan camas de terapia intensiva"}]},{"@type":"WebSite","@id":"https:\/\/cvinoticias.com\/v3\/#website","url":"https:\/\/cvinoticias.com\/v3\/","name":"CVI NOTICIAS","description":"","publisher":{"@id":"https:\/\/cvinoticias.com\/v3\/#organization"},"alternateName":"CVI","potentialAction":[{"@type":"SearchAction","target":{"@type":"EntryPoint","urlTemplate":"https:\/\/cvinoticias.com\/v3\/?s={search_term_string}"},"query-input":{"@type":"PropertyValueSpecification","valueRequired":true,"valueName":"search_term_string"}}],"inLanguage":"es"},{"@type":"Organization","@id":"https:\/\/cvinoticias.com\/v3\/#organization","name":"CVI NOTICIAS","url":"https:\/\/cvinoticias.com\/v3\/","logo":{"@type":"ImageObject","inLanguage":"es","@id":"https:\/\/cvinoticias.com\/v3\/#\/schema\/logo\/image\/","url":"https:\/\/cvinoticias.com\/wp-content\/uploads\/2023\/04\/cropped-cropped-cropped-cropped-cropped-3-1.png","contentUrl":"https:\/\/cvinoticias.com\/wp-content\/uploads\/2023\/04\/cropped-cropped-cropped-cropped-cropped-3-1.png","width":95,"height":122,"caption":"CVI NOTICIAS"},"image":{"@id":"https:\/\/cvinoticias.com\/v3\/#\/schema\/logo\/image\/"},"sameAs":["https:\/\/www.facebook.com\/cvinoticias","https:\/\/www.instagram.com\/cvinoticias\/","https:\/\/www.youtube.com\/@CVINOTICIAS"]},{"@type":"Person","@id":"https:\/\/cvinoticias.com\/v3\/#\/schema\/person\/2db77e3c6bc03c538495d7b2b8be9b66","name":"f1000024","image":{"@type":"ImageObject","inLanguage":"es","@id":"https:\/\/secure.gravatar.com\/avatar\/d4fe7459cfc51ff5129ce1a732bbef5928568b8092d412ef95611616376bbeed?s=96&d=mm&r=g","url":"https:\/\/secure.gravatar.com\/avatar\/d4fe7459cfc51ff5129ce1a732bbef5928568b8092d412ef95611616376bbeed?s=96&d=mm&r=g","contentUrl":"https:\/\/secure.gravatar.com\/avatar\/d4fe7459cfc51ff5129ce1a732bbef5928568b8092d412ef95611616376bbeed?s=96&d=mm&r=g","caption":"f1000024"},"url":"https:\/\/cvinoticias.com\/v3\/author\/f1000024\/"}]}},"_links":{"self":[{"href":"https:\/\/cvinoticias.com\/v3\/wp-json\/wp\/v2\/posts\/6039","targetHints":{"allow":["GET"]}}],"collection":[{"href":"https:\/\/cvinoticias.com\/v3\/wp-json\/wp\/v2\/posts"}],"about":[{"href":"https:\/\/cvinoticias.com\/v3\/wp-json\/wp\/v2\/types\/post"}],"author":[{"embeddable":true,"href":"https:\/\/cvinoticias.com\/v3\/wp-json\/wp\/v2\/users\/2"}],"replies":[{"embeddable":true,"href":"https:\/\/cvinoticias.com\/v3\/wp-json\/wp\/v2\/comments?post=6039"}],"version-history":[{"count":1,"href":"https:\/\/cvinoticias.com\/v3\/wp-json\/wp\/v2\/posts\/6039\/revisions"}],"predecessor-version":[{"id":6041,"href":"https:\/\/cvinoticias.com\/v3\/wp-json\/wp\/v2\/posts\/6039\/revisions\/6041"}],"wp:featuredmedia":[{"embeddable":true,"href":"https:\/\/cvinoticias.com\/v3\/wp-json\/wp\/v2\/media\/6040"}],"wp:attachment":[{"href":"https:\/\/cvinoticias.com\/v3\/wp-json\/wp\/v2\/media?parent=6039"}],"wp:term":[{"taxonomy":"category","embeddable":true,"href":"https:\/\/cvinoticias.com\/v3\/wp-json\/wp\/v2\/categories?post=6039"},{"taxonomy":"post_tag","embeddable":true,"href":"https:\/\/cvinoticias.com\/v3\/wp-json\/wp\/v2\/tags?post=6039"}],"curies":[{"name":"wp","href":"https:\/\/api.w.org\/{rel}","templated":true}]}}