{"id":6036,"date":"2021-06-17T10:05:04","date_gmt":"2021-06-17T10:05:04","guid":{"rendered":"https:\/\/cvinoticias.com\/v3\/?p=6036"},"modified":"2021-06-17T10:05:04","modified_gmt":"2021-06-17T10:05:04","slug":"el-nea-dejo-de-tener-la-inflacion-mas-alta-del-pais-despues-de-dos-anos-y-medio","status":"publish","type":"post","link":"https:\/\/cvinoticias.com\/v3\/el-nea-dejo-de-tener-la-inflacion-mas-alta-del-pais-despues-de-dos-anos-y-medio\/","title":{"rendered":"El NEA dej\u00f3 de tener la inflaci\u00f3n m\u00e1s alta del pa\u00eds despu\u00e9s de dos a\u00f1os y medio"},"content":{"rendered":"\n<p><em><strong>La regi\u00f3n del Nordeste tuvo en mayo 2021 un alza del IPC del 3,1%, un punto por debajo de abril 2021, y registr\u00f3 as\u00ed el menor incremento de todo el a\u00f1o.<\/strong><\/em><\/p>\n\n\n\n<p>El \u00cdndice de Precios al Consumidor (IPC) en la regi\u00f3n del NEA del mes de mayo 2021 registr\u00f3 un incremento del 3,1%, un punto por debajo del registro de abril, y estuvo adem\u00e1s por debajo del incremento del \u00edndice a nivel nacional, siendo la regi\u00f3n con la menor alza de precios del mes.<br><br>Adem\u00e1s, en t\u00e9rminos interanuales (es decir, comparando mayo de 2021 contra mismo mes de 2020), el NEA volvi\u00f3 a superar el 50% de incremento de precios luego de un a\u00f1o de estar por debajo; pero, por primera vez en dos a\u00f1os y medio, dej\u00f3 de tener el mayor aumento de todo el pa\u00eds: fue superado por la regi\u00f3n de Cuyo<br><br>En este marco, la divisi\u00f3n que mostr\u00f3 la mayor alza en mayo en el NEA fue \u201cPrendas de vestir y calzado\u201d, por segundo mes consecutivo: el incremento fue del 6,3%; en segundo lugar, se ubic\u00f3 \u201cTransporte\u201d con un alza del 4,5%, y \u201cSalud\u201d, con +3,9%, completa el podio.<br><br>Por su parte, la divisi\u00f3n de \u201cAlimentos y Bebidas no alcoh\u00f3licas\u201d, que tiene la mayor incidencia de precios de la regi\u00f3n, tuvo un crecimiento por debajo del nivel general de la regi\u00f3n, por tercer mes consecutivo. Los mismo crecieron 2,7% y acumulan un alza del 55,9% interanual, destac\u00f3 la consultora Politikon Chaco, en un informe publicado en base a datos del INDEC.<br><br>La regi\u00f3n del Nordeste tuvo en mayo 2021 un alza del IPC del 3,1%, un punto por debajo de abril 2021, y registr\u00f3 as\u00ed el menor incremento de todo el a\u00f1o, adem\u00e1s de haber tenido la menor suba de todo el pa\u00eds en mayo.<br><br><em><strong>\u00bfC\u00f3mo se comportaron los precios seg\u00fan divisiones en mayo?<\/strong><\/em><br><br>En mayor del 2021, la divisi\u00f3n que registr\u00f3 el mayor incremento de precios en el NEA fue \u201cPrendas de Vestir y Calzado\u201d (al igual que en abril), con una suba del 6,3%, duplicando al nivel general regional y triplicando la media nacional en esta divisi\u00f3n. Esto viene a agravar la situaci\u00f3n de esta divisi\u00f3n, ya que, sobre todo los \u00faltimos meses, viene arrastrando fuertes subas que impactan de lleno en el consumo. Dentro de esta divisi\u00f3n, solo las prendas de vestir crecieron arriba de los siete puntos, y calzados lo hizo a menor velocidad.<br><br>En segundo lugar, se ubic\u00f3 \u201cTransporte\u201d (+4,5%), con fuerte subas en combustibles y el precio de los autos; y tercero se ubic\u00f3 \u201cSalud\u201d con un incremento del 3,9% (empuje de prepagas y medicamentos).<br><br>En el otro extremo, la divisi\u00f3n de \u201cEducaci\u00f3n\u201d no tuvo variaci\u00f3n (0%); al tiempo que \u201cEquipamiento y mantenimiento del hogar\u201d y \u201cBebidas alcoh\u00f3licas y tabaco\u201d, con 1,2% en cada caso, tuvieron las menores subas.<br><br>En relaci\u00f3n a la divisi\u00f3n de \u201cAlimentos y bebidas no alcoh\u00f3licas\u201d, tuvo un alza de precios en mayo del 2,7%, y se ubic\u00f3 por debajo del nivel general por tercer mes consecutivo; si bien crece a niveles inferiores que meses anteriores, a\u00fan est\u00e1 con niveles importantes que golpean de lleno a los hogares m\u00e1s vulnerables.<br><br>En l\u00ednea con lo anterior, si bien el aumento de mayo fue relativamente menor a meses previos, a\u00fan es muy fuerte el incremento cuando observamos la comparaci\u00f3n interanual: contra mayo 2020, esta divisi\u00f3n registra un alza del 55,9%, ubic\u00e1ndose como la tercera divisi\u00f3n de mayor suba de precios en el NEA. En este nivel de comparaci\u00f3n, lidera \u201cPrendas de Vestir y Calzado\u201d (+63,7%), y segundo se ubic\u00f3 \u201cTransporte\u201d (+57,9%).<br><br><em><strong>\u00bfQu\u00e9 pasa con los alimentos? Aceites, grasas y mantecas, junto a caf\u00e9 y yerba muestran los mayores aumentos del mes<\/strong><\/em><br><br>Volviendo a lo espec\u00edfico de la situaci\u00f3n de los alimentos y bebidas no alcoh\u00f3licas (esta divisi\u00f3n es la que muestra la mayor incidencia en el IPC del NEA), en el mes de mayo 2021 la categor\u00eda de \u201cAceites, grasas y mantecas\u201d registr\u00f3 (por segundo mes consecutivo) la mayor variaci\u00f3n de este mes: los precios crecieron un 4,7%, muy por encima del nivel general regional.<br><br>En segundo lugar, se ubic\u00f3 la categor\u00eda de \u201cAguas minerales, bebidas gaseosas y jugos\u201d, que tuvieron un alza del 4,0%, y en tercer lugar se ubic\u00f3 \u201cYerba, te, caf\u00e9 y cacao\u201d con un aumento en mayo del 3,4%.<br><br>Al fondo de la tabla, notamos que las \u201cFrutas\u201d tuvieron una retracci\u00f3n de sus precios (por segundo mes consecutivo): la variaci\u00f3n mensual fue de -1,4%, y obedece, mayoritariamente, a razones de estacionalidad.&nbsp; Las \u201cVerduras\u201d, por su parte, tuvieron el menor incremento del mes (1,4%).<br><br>Por su parte, el fuerte aumento de los aceites, grasas y mantecas en los dos \u00faltimos meses hicieron que se transforme en el rubro de mayor crecimiento de los precios tambi\u00e9n en la comparaci\u00f3n interanual (contra mayo de 2020) en la regi\u00f3n del NEA: la suba alcanza al 92,3%.&nbsp; En este mismo punto comparativo, las \u201cFrutas\u201d (pese a haber tenido retracciones de precios los \u00faltimos dos meses) se posiciona segunda con 81,2%; y \u201cCarnes y derivados\u201d completa el podio con 74,3% interanual.<\/p>\n","protected":false},"excerpt":{"rendered":"<p>La regi\u00f3n del Nordeste tuvo en mayo 2021 un alza del IPC del 3,1%, un punto por debajo de abril 2021, y registr\u00f3 as\u00ed el menor incremento de todo el a\u00f1o. El \u00cdndice de Precios al Consumidor (IPC) en la regi\u00f3n del NEA del mes de mayo 2021 registr\u00f3 un incremento del 3,1%, un punto [&hellip;]<\/p>\n","protected":false},"author":2,"featured_media":6037,"comment_status":"open","ping_status":"open","sticky":false,"template":"","format":"standard","meta":{"footnotes":""},"categories":[35],"tags":[],"class_list":["post-6036","post","type-post","status-publish","format-standard","has-post-thumbnail","hentry","category-informacion-general"],"yoast_head":"<!-- This site is optimized with the Yoast SEO plugin v27.5 - https:\/\/yoast.com\/product\/yoast-seo-wordpress\/ -->\n<title>El NEA dej\u00f3 de tener la inflaci\u00f3n m\u00e1s alta del pa\u00eds despu\u00e9s de dos a\u00f1os y medio | CVI NOTICIAS<\/title>\n<meta name=\"robots\" content=\"index, follow, max-snippet:-1, max-image-preview:large, max-video-preview:-1\" \/>\n<link rel=\"canonical\" href=\"https:\/\/cvinoticias.com\/v3\/el-nea-dejo-de-tener-la-inflacion-mas-alta-del-pais-despues-de-dos-anos-y-medio\/\" \/>\n<meta property=\"og:locale\" content=\"es_ES\" \/>\n<meta property=\"og:type\" content=\"article\" \/>\n<meta property=\"og:title\" content=\"El NEA dej\u00f3 de tener la inflaci\u00f3n m\u00e1s alta del pa\u00eds despu\u00e9s de dos a\u00f1os y medio | CVI NOTICIAS\" \/>\n<meta property=\"og:description\" content=\"La regi\u00f3n del Nordeste tuvo en mayo 2021 un alza del IPC del 3,1%, un punto por debajo de abril 2021, y registr\u00f3 as\u00ed el menor incremento de todo el a\u00f1o. El \u00cdndice de Precios al Consumidor (IPC) en la regi\u00f3n del NEA del mes de mayo 2021 registr\u00f3 un incremento del 3,1%, un punto [&hellip;]\" \/>\n<meta property=\"og:url\" content=\"https:\/\/cvinoticias.com\/v3\/el-nea-dejo-de-tener-la-inflacion-mas-alta-del-pais-despues-de-dos-anos-y-medio\/\" \/>\n<meta property=\"og:site_name\" content=\"CVI NOTICIAS\" \/>\n<meta property=\"article:publisher\" content=\"https:\/\/www.facebook.com\/cvinoticias\" \/>\n<meta property=\"article:published_time\" content=\"2021-06-17T10:05:04+00:00\" \/>\n<meta property=\"og:image\" content=\"https:\/\/cvinoticias.com\/wp-content\/uploads\/2021\/06\/E4B7EiMVcAQjgXO.png\" \/>\n\t<meta property=\"og:image:width\" content=\"960\" \/>\n\t<meta property=\"og:image:height\" content=\"720\" \/>\n\t<meta property=\"og:image:type\" content=\"image\/png\" \/>\n<meta name=\"author\" content=\"f1000024\" \/>\n<meta name=\"twitter:card\" content=\"summary_large_image\" \/>\n<meta name=\"twitter:label1\" content=\"Escrito por\" \/>\n\t<meta name=\"twitter:data1\" content=\"f1000024\" \/>\n\t<meta name=\"twitter:label2\" content=\"Tiempo de lectura\" \/>\n\t<meta name=\"twitter:data2\" content=\"4 minutos\" \/>\n<script type=\"application\/ld+json\" class=\"yoast-schema-graph\">{\"@context\":\"https:\\\/\\\/schema.org\",\"@graph\":[{\"@type\":\"Article\",\"@id\":\"https:\\\/\\\/cvinoticias.com\\\/v3\\\/el-nea-dejo-de-tener-la-inflacion-mas-alta-del-pais-despues-de-dos-anos-y-medio\\\/#article\",\"isPartOf\":{\"@id\":\"https:\\\/\\\/cvinoticias.com\\\/v3\\\/el-nea-dejo-de-tener-la-inflacion-mas-alta-del-pais-despues-de-dos-anos-y-medio\\\/\"},\"author\":{\"name\":\"f1000024\",\"@id\":\"https:\\\/\\\/cvinoticias.com\\\/v3\\\/#\\\/schema\\\/person\\\/2db77e3c6bc03c538495d7b2b8be9b66\"},\"headline\":\"El NEA dej\u00f3 de tener la inflaci\u00f3n m\u00e1s alta del pa\u00eds despu\u00e9s de dos a\u00f1os y medio\",\"datePublished\":\"2021-06-17T10:05:04+00:00\",\"mainEntityOfPage\":{\"@id\":\"https:\\\/\\\/cvinoticias.com\\\/v3\\\/el-nea-dejo-de-tener-la-inflacion-mas-alta-del-pais-despues-de-dos-anos-y-medio\\\/\"},\"wordCount\":883,\"commentCount\":0,\"publisher\":{\"@id\":\"https:\\\/\\\/cvinoticias.com\\\/v3\\\/#organization\"},\"image\":{\"@id\":\"https:\\\/\\\/cvinoticias.com\\\/v3\\\/el-nea-dejo-de-tener-la-inflacion-mas-alta-del-pais-despues-de-dos-anos-y-medio\\\/#primaryimage\"},\"thumbnailUrl\":\"https:\\\/\\\/cvinoticias.com\\\/wp-content\\\/uploads\\\/2021\\\/06\\\/E4B7EiMVcAQjgXO.png\",\"articleSection\":[\"Informaci\u00f3n General\"],\"inLanguage\":\"es\",\"potentialAction\":[{\"@type\":\"CommentAction\",\"name\":\"Comment\",\"target\":[\"https:\\\/\\\/cvinoticias.com\\\/v3\\\/el-nea-dejo-de-tener-la-inflacion-mas-alta-del-pais-despues-de-dos-anos-y-medio\\\/#respond\"]}]},{\"@type\":\"WebPage\",\"@id\":\"https:\\\/\\\/cvinoticias.com\\\/v3\\\/el-nea-dejo-de-tener-la-inflacion-mas-alta-del-pais-despues-de-dos-anos-y-medio\\\/\",\"url\":\"https:\\\/\\\/cvinoticias.com\\\/v3\\\/el-nea-dejo-de-tener-la-inflacion-mas-alta-del-pais-despues-de-dos-anos-y-medio\\\/\",\"name\":\"El NEA dej\u00f3 de tener la inflaci\u00f3n m\u00e1s alta del pa\u00eds despu\u00e9s de dos a\u00f1os y medio | CVI NOTICIAS\",\"isPartOf\":{\"@id\":\"https:\\\/\\\/cvinoticias.com\\\/v3\\\/#website\"},\"primaryImageOfPage\":{\"@id\":\"https:\\\/\\\/cvinoticias.com\\\/v3\\\/el-nea-dejo-de-tener-la-inflacion-mas-alta-del-pais-despues-de-dos-anos-y-medio\\\/#primaryimage\"},\"image\":{\"@id\":\"https:\\\/\\\/cvinoticias.com\\\/v3\\\/el-nea-dejo-de-tener-la-inflacion-mas-alta-del-pais-despues-de-dos-anos-y-medio\\\/#primaryimage\"},\"thumbnailUrl\":\"https:\\\/\\\/cvinoticias.com\\\/wp-content\\\/uploads\\\/2021\\\/06\\\/E4B7EiMVcAQjgXO.png\",\"datePublished\":\"2021-06-17T10:05:04+00:00\",\"breadcrumb\":{\"@id\":\"https:\\\/\\\/cvinoticias.com\\\/v3\\\/el-nea-dejo-de-tener-la-inflacion-mas-alta-del-pais-despues-de-dos-anos-y-medio\\\/#breadcrumb\"},\"inLanguage\":\"es\",\"potentialAction\":[{\"@type\":\"ReadAction\",\"target\":[\"https:\\\/\\\/cvinoticias.com\\\/v3\\\/el-nea-dejo-de-tener-la-inflacion-mas-alta-del-pais-despues-de-dos-anos-y-medio\\\/\"]}]},{\"@type\":\"ImageObject\",\"inLanguage\":\"es\",\"@id\":\"https:\\\/\\\/cvinoticias.com\\\/v3\\\/el-nea-dejo-de-tener-la-inflacion-mas-alta-del-pais-despues-de-dos-anos-y-medio\\\/#primaryimage\",\"url\":\"https:\\\/\\\/cvinoticias.com\\\/wp-content\\\/uploads\\\/2021\\\/06\\\/E4B7EiMVcAQjgXO.png\",\"contentUrl\":\"https:\\\/\\\/cvinoticias.com\\\/wp-content\\\/uploads\\\/2021\\\/06\\\/E4B7EiMVcAQjgXO.png\",\"width\":960,\"height\":720},{\"@type\":\"BreadcrumbList\",\"@id\":\"https:\\\/\\\/cvinoticias.com\\\/v3\\\/el-nea-dejo-de-tener-la-inflacion-mas-alta-del-pais-despues-de-dos-anos-y-medio\\\/#breadcrumb\",\"itemListElement\":[{\"@type\":\"ListItem\",\"position\":1,\"name\":\"Portada\",\"item\":\"https:\\\/\\\/cvinoticias.com\\\/v3\\\/\"},{\"@type\":\"ListItem\",\"position\":2,\"name\":\"El NEA dej\u00f3 de tener la inflaci\u00f3n m\u00e1s alta del pa\u00eds despu\u00e9s de dos a\u00f1os y medio\"}]},{\"@type\":\"WebSite\",\"@id\":\"https:\\\/\\\/cvinoticias.com\\\/v3\\\/#website\",\"url\":\"https:\\\/\\\/cvinoticias.com\\\/v3\\\/\",\"name\":\"CVI NOTICIAS\",\"description\":\"\",\"publisher\":{\"@id\":\"https:\\\/\\\/cvinoticias.com\\\/v3\\\/#organization\"},\"alternateName\":\"CVI\",\"potentialAction\":[{\"@type\":\"SearchAction\",\"target\":{\"@type\":\"EntryPoint\",\"urlTemplate\":\"https:\\\/\\\/cvinoticias.com\\\/v3\\\/?s={search_term_string}\"},\"query-input\":{\"@type\":\"PropertyValueSpecification\",\"valueRequired\":true,\"valueName\":\"search_term_string\"}}],\"inLanguage\":\"es\"},{\"@type\":\"Organization\",\"@id\":\"https:\\\/\\\/cvinoticias.com\\\/v3\\\/#organization\",\"name\":\"CVI NOTICIAS\",\"url\":\"https:\\\/\\\/cvinoticias.com\\\/v3\\\/\",\"logo\":{\"@type\":\"ImageObject\",\"inLanguage\":\"es\",\"@id\":\"https:\\\/\\\/cvinoticias.com\\\/v3\\\/#\\\/schema\\\/logo\\\/image\\\/\",\"url\":\"https:\\\/\\\/cvinoticias.com\\\/wp-content\\\/uploads\\\/2023\\\/04\\\/cropped-cropped-cropped-cropped-cropped-3-1.png\",\"contentUrl\":\"https:\\\/\\\/cvinoticias.com\\\/wp-content\\\/uploads\\\/2023\\\/04\\\/cropped-cropped-cropped-cropped-cropped-3-1.png\",\"width\":95,\"height\":122,\"caption\":\"CVI NOTICIAS\"},\"image\":{\"@id\":\"https:\\\/\\\/cvinoticias.com\\\/v3\\\/#\\\/schema\\\/logo\\\/image\\\/\"},\"sameAs\":[\"https:\\\/\\\/www.facebook.com\\\/cvinoticias\",\"https:\\\/\\\/www.instagram.com\\\/cvinoticias\\\/\",\"https:\\\/\\\/www.youtube.com\\\/@CVINOTICIAS\"]},{\"@type\":\"Person\",\"@id\":\"https:\\\/\\\/cvinoticias.com\\\/v3\\\/#\\\/schema\\\/person\\\/2db77e3c6bc03c538495d7b2b8be9b66\",\"name\":\"f1000024\",\"image\":{\"@type\":\"ImageObject\",\"inLanguage\":\"es\",\"@id\":\"https:\\\/\\\/secure.gravatar.com\\\/avatar\\\/d4fe7459cfc51ff5129ce1a732bbef5928568b8092d412ef95611616376bbeed?s=96&d=mm&r=g\",\"url\":\"https:\\\/\\\/secure.gravatar.com\\\/avatar\\\/d4fe7459cfc51ff5129ce1a732bbef5928568b8092d412ef95611616376bbeed?s=96&d=mm&r=g\",\"contentUrl\":\"https:\\\/\\\/secure.gravatar.com\\\/avatar\\\/d4fe7459cfc51ff5129ce1a732bbef5928568b8092d412ef95611616376bbeed?s=96&d=mm&r=g\",\"caption\":\"f1000024\"},\"url\":\"https:\\\/\\\/cvinoticias.com\\\/v3\\\/author\\\/f1000024\\\/\"}]}<\/script>\n<!-- \/ Yoast SEO plugin. -->","yoast_head_json":{"title":"El NEA dej\u00f3 de tener la inflaci\u00f3n m\u00e1s alta del pa\u00eds despu\u00e9s de dos a\u00f1os y medio | CVI NOTICIAS","robots":{"index":"index","follow":"follow","max-snippet":"max-snippet:-1","max-image-preview":"max-image-preview:large","max-video-preview":"max-video-preview:-1"},"canonical":"https:\/\/cvinoticias.com\/v3\/el-nea-dejo-de-tener-la-inflacion-mas-alta-del-pais-despues-de-dos-anos-y-medio\/","og_locale":"es_ES","og_type":"article","og_title":"El NEA dej\u00f3 de tener la inflaci\u00f3n m\u00e1s alta del pa\u00eds despu\u00e9s de dos a\u00f1os y medio | CVI NOTICIAS","og_description":"La regi\u00f3n del Nordeste tuvo en mayo 2021 un alza del IPC del 3,1%, un punto por debajo de abril 2021, y registr\u00f3 as\u00ed el menor incremento de todo el a\u00f1o. El \u00cdndice de Precios al Consumidor (IPC) en la regi\u00f3n del NEA del mes de mayo 2021 registr\u00f3 un incremento del 3,1%, un punto [&hellip;]","og_url":"https:\/\/cvinoticias.com\/v3\/el-nea-dejo-de-tener-la-inflacion-mas-alta-del-pais-despues-de-dos-anos-y-medio\/","og_site_name":"CVI NOTICIAS","article_publisher":"https:\/\/www.facebook.com\/cvinoticias","article_published_time":"2021-06-17T10:05:04+00:00","og_image":[{"width":960,"height":720,"url":"https:\/\/cvinoticias.com\/wp-content\/uploads\/2021\/06\/E4B7EiMVcAQjgXO.png","type":"image\/png"}],"author":"f1000024","twitter_card":"summary_large_image","twitter_misc":{"Escrito por":"f1000024","Tiempo de lectura":"4 minutos"},"schema":{"@context":"https:\/\/schema.org","@graph":[{"@type":"Article","@id":"https:\/\/cvinoticias.com\/v3\/el-nea-dejo-de-tener-la-inflacion-mas-alta-del-pais-despues-de-dos-anos-y-medio\/#article","isPartOf":{"@id":"https:\/\/cvinoticias.com\/v3\/el-nea-dejo-de-tener-la-inflacion-mas-alta-del-pais-despues-de-dos-anos-y-medio\/"},"author":{"name":"f1000024","@id":"https:\/\/cvinoticias.com\/v3\/#\/schema\/person\/2db77e3c6bc03c538495d7b2b8be9b66"},"headline":"El NEA dej\u00f3 de tener la inflaci\u00f3n m\u00e1s alta del pa\u00eds despu\u00e9s de dos a\u00f1os y medio","datePublished":"2021-06-17T10:05:04+00:00","mainEntityOfPage":{"@id":"https:\/\/cvinoticias.com\/v3\/el-nea-dejo-de-tener-la-inflacion-mas-alta-del-pais-despues-de-dos-anos-y-medio\/"},"wordCount":883,"commentCount":0,"publisher":{"@id":"https:\/\/cvinoticias.com\/v3\/#organization"},"image":{"@id":"https:\/\/cvinoticias.com\/v3\/el-nea-dejo-de-tener-la-inflacion-mas-alta-del-pais-despues-de-dos-anos-y-medio\/#primaryimage"},"thumbnailUrl":"https:\/\/cvinoticias.com\/wp-content\/uploads\/2021\/06\/E4B7EiMVcAQjgXO.png","articleSection":["Informaci\u00f3n General"],"inLanguage":"es","potentialAction":[{"@type":"CommentAction","name":"Comment","target":["https:\/\/cvinoticias.com\/v3\/el-nea-dejo-de-tener-la-inflacion-mas-alta-del-pais-despues-de-dos-anos-y-medio\/#respond"]}]},{"@type":"WebPage","@id":"https:\/\/cvinoticias.com\/v3\/el-nea-dejo-de-tener-la-inflacion-mas-alta-del-pais-despues-de-dos-anos-y-medio\/","url":"https:\/\/cvinoticias.com\/v3\/el-nea-dejo-de-tener-la-inflacion-mas-alta-del-pais-despues-de-dos-anos-y-medio\/","name":"El NEA dej\u00f3 de tener la inflaci\u00f3n m\u00e1s alta del pa\u00eds despu\u00e9s de dos a\u00f1os y medio | CVI NOTICIAS","isPartOf":{"@id":"https:\/\/cvinoticias.com\/v3\/#website"},"primaryImageOfPage":{"@id":"https:\/\/cvinoticias.com\/v3\/el-nea-dejo-de-tener-la-inflacion-mas-alta-del-pais-despues-de-dos-anos-y-medio\/#primaryimage"},"image":{"@id":"https:\/\/cvinoticias.com\/v3\/el-nea-dejo-de-tener-la-inflacion-mas-alta-del-pais-despues-de-dos-anos-y-medio\/#primaryimage"},"thumbnailUrl":"https:\/\/cvinoticias.com\/wp-content\/uploads\/2021\/06\/E4B7EiMVcAQjgXO.png","datePublished":"2021-06-17T10:05:04+00:00","breadcrumb":{"@id":"https:\/\/cvinoticias.com\/v3\/el-nea-dejo-de-tener-la-inflacion-mas-alta-del-pais-despues-de-dos-anos-y-medio\/#breadcrumb"},"inLanguage":"es","potentialAction":[{"@type":"ReadAction","target":["https:\/\/cvinoticias.com\/v3\/el-nea-dejo-de-tener-la-inflacion-mas-alta-del-pais-despues-de-dos-anos-y-medio\/"]}]},{"@type":"ImageObject","inLanguage":"es","@id":"https:\/\/cvinoticias.com\/v3\/el-nea-dejo-de-tener-la-inflacion-mas-alta-del-pais-despues-de-dos-anos-y-medio\/#primaryimage","url":"https:\/\/cvinoticias.com\/wp-content\/uploads\/2021\/06\/E4B7EiMVcAQjgXO.png","contentUrl":"https:\/\/cvinoticias.com\/wp-content\/uploads\/2021\/06\/E4B7EiMVcAQjgXO.png","width":960,"height":720},{"@type":"BreadcrumbList","@id":"https:\/\/cvinoticias.com\/v3\/el-nea-dejo-de-tener-la-inflacion-mas-alta-del-pais-despues-de-dos-anos-y-medio\/#breadcrumb","itemListElement":[{"@type":"ListItem","position":1,"name":"Portada","item":"https:\/\/cvinoticias.com\/v3\/"},{"@type":"ListItem","position":2,"name":"El NEA dej\u00f3 de tener la inflaci\u00f3n m\u00e1s alta del pa\u00eds despu\u00e9s de dos a\u00f1os y medio"}]},{"@type":"WebSite","@id":"https:\/\/cvinoticias.com\/v3\/#website","url":"https:\/\/cvinoticias.com\/v3\/","name":"CVI NOTICIAS","description":"","publisher":{"@id":"https:\/\/cvinoticias.com\/v3\/#organization"},"alternateName":"CVI","potentialAction":[{"@type":"SearchAction","target":{"@type":"EntryPoint","urlTemplate":"https:\/\/cvinoticias.com\/v3\/?s={search_term_string}"},"query-input":{"@type":"PropertyValueSpecification","valueRequired":true,"valueName":"search_term_string"}}],"inLanguage":"es"},{"@type":"Organization","@id":"https:\/\/cvinoticias.com\/v3\/#organization","name":"CVI NOTICIAS","url":"https:\/\/cvinoticias.com\/v3\/","logo":{"@type":"ImageObject","inLanguage":"es","@id":"https:\/\/cvinoticias.com\/v3\/#\/schema\/logo\/image\/","url":"https:\/\/cvinoticias.com\/wp-content\/uploads\/2023\/04\/cropped-cropped-cropped-cropped-cropped-3-1.png","contentUrl":"https:\/\/cvinoticias.com\/wp-content\/uploads\/2023\/04\/cropped-cropped-cropped-cropped-cropped-3-1.png","width":95,"height":122,"caption":"CVI NOTICIAS"},"image":{"@id":"https:\/\/cvinoticias.com\/v3\/#\/schema\/logo\/image\/"},"sameAs":["https:\/\/www.facebook.com\/cvinoticias","https:\/\/www.instagram.com\/cvinoticias\/","https:\/\/www.youtube.com\/@CVINOTICIAS"]},{"@type":"Person","@id":"https:\/\/cvinoticias.com\/v3\/#\/schema\/person\/2db77e3c6bc03c538495d7b2b8be9b66","name":"f1000024","image":{"@type":"ImageObject","inLanguage":"es","@id":"https:\/\/secure.gravatar.com\/avatar\/d4fe7459cfc51ff5129ce1a732bbef5928568b8092d412ef95611616376bbeed?s=96&d=mm&r=g","url":"https:\/\/secure.gravatar.com\/avatar\/d4fe7459cfc51ff5129ce1a732bbef5928568b8092d412ef95611616376bbeed?s=96&d=mm&r=g","contentUrl":"https:\/\/secure.gravatar.com\/avatar\/d4fe7459cfc51ff5129ce1a732bbef5928568b8092d412ef95611616376bbeed?s=96&d=mm&r=g","caption":"f1000024"},"url":"https:\/\/cvinoticias.com\/v3\/author\/f1000024\/"}]}},"_links":{"self":[{"href":"https:\/\/cvinoticias.com\/v3\/wp-json\/wp\/v2\/posts\/6036","targetHints":{"allow":["GET"]}}],"collection":[{"href":"https:\/\/cvinoticias.com\/v3\/wp-json\/wp\/v2\/posts"}],"about":[{"href":"https:\/\/cvinoticias.com\/v3\/wp-json\/wp\/v2\/types\/post"}],"author":[{"embeddable":true,"href":"https:\/\/cvinoticias.com\/v3\/wp-json\/wp\/v2\/users\/2"}],"replies":[{"embeddable":true,"href":"https:\/\/cvinoticias.com\/v3\/wp-json\/wp\/v2\/comments?post=6036"}],"version-history":[{"count":1,"href":"https:\/\/cvinoticias.com\/v3\/wp-json\/wp\/v2\/posts\/6036\/revisions"}],"predecessor-version":[{"id":6038,"href":"https:\/\/cvinoticias.com\/v3\/wp-json\/wp\/v2\/posts\/6036\/revisions\/6038"}],"wp:featuredmedia":[{"embeddable":true,"href":"https:\/\/cvinoticias.com\/v3\/wp-json\/wp\/v2\/media\/6037"}],"wp:attachment":[{"href":"https:\/\/cvinoticias.com\/v3\/wp-json\/wp\/v2\/media?parent=6036"}],"wp:term":[{"taxonomy":"category","embeddable":true,"href":"https:\/\/cvinoticias.com\/v3\/wp-json\/wp\/v2\/categories?post=6036"},{"taxonomy":"post_tag","embeddable":true,"href":"https:\/\/cvinoticias.com\/v3\/wp-json\/wp\/v2\/tags?post=6036"}],"curies":[{"name":"wp","href":"https:\/\/api.w.org\/{rel}","templated":true}]}}