{"id":6027,"date":"2021-06-17T09:37:15","date_gmt":"2021-06-17T09:37:15","guid":{"rendered":"https:\/\/cvinoticias.com\/v3\/?p=6027"},"modified":"2021-06-17T09:37:15","modified_gmt":"2021-06-17T09:37:15","slug":"la-inflacion-de-mayo-fue-de-33-y-acumulo-488-en-el-ultimo-ano","status":"publish","type":"post","link":"https:\/\/cvinoticias.com\/v3\/la-inflacion-de-mayo-fue-de-33-y-acumulo-488-en-el-ultimo-ano\/","title":{"rendered":"La inflaci\u00f3n de mayo fue de 3,3% y acumul\u00f3 48,8% en el \u00faltimo a\u00f1o"},"content":{"rendered":"\n<p><em><strong>El rubro de mayor incremento porcentual en el mes fue Transporte, con el 6,0%, impulsado principalmente por las subas en adquisici\u00f3n de veh\u00edculos, combustibles, GNC y taxis.<\/strong><\/em><\/p>\n\n\n\n<p>La inflaci\u00f3n de mayo se ubic\u00f3 en el 3,3%, la m\u00e1s baja desde noviembre del a\u00f1o pasado, y acumul\u00f3 en los primeros cinco meses un alza del 21,5%, inform\u00f3 esta tarde el Instituto Nacional de Estad\u00edstica y Censos (INDEC).<br><br>La variaci\u00f3n acumulada en los precios con relaci\u00f3n a igual mes de 2020 se ubic\u00f3 en el 48,8%, seg\u00fan indic\u00f3 el organismo encargado de las estad\u00edsticas p\u00fablicas. El incremento del 3,1% en la divisi\u00f3n Alimentos y bebidas no alcoh\u00f3licas fue la de mayor incidencia en gran parte de las regiones.<br><br>El incremento se explic\u00f3 principalmente por aumentos en aceites, grasas y manteca; caf\u00e9, t\u00e9, yerba y cacao; carnes y derivados; Leche, productos l\u00e1cteos y huevos; verduras, tub\u00e9rculos y legumbres; y pan y cereales, los cuales estuvieron parcialmente compensados por la baja en frutas.<br><br>El rubro de mayor incremento porcentual en el mes fue Transporte, con el 6,0%, impulsado principalmente por las subas en adquisici\u00f3n de veh\u00edculos, combustibles, GNC y taxis. Salud (4,8%) fue la segunda divisi\u00f3n de mayor aumento, donde incidieron las alzas observadas en Productos medicinales, artefactos y equipos para la salud y en Gastos de prepagas.<br><br>Las divisiones Comunicaci\u00f3n (1,0%) y Bebidas alcoh\u00f3licas y tabaco (1,6%) fueron las de menor aumento en el per\u00edodo, se\u00f1al\u00f3 el INDEC.<\/p>\n","protected":false},"excerpt":{"rendered":"<p>El rubro de mayor incremento porcentual en el mes fue Transporte, con el 6,0%, impulsado principalmente por las subas en adquisici\u00f3n de veh\u00edculos, combustibles, GNC y taxis. La inflaci\u00f3n de mayo se ubic\u00f3 en el 3,3%, la m\u00e1s baja desde noviembre del a\u00f1o pasado, y acumul\u00f3 en los primeros cinco meses un alza del 21,5%, [&hellip;]<\/p>\n","protected":false},"author":2,"featured_media":6028,"comment_status":"open","ping_status":"open","sticky":false,"template":"","format":"standard","meta":{"footnotes":""},"categories":[32],"tags":[],"class_list":["post-6027","post","type-post","status-publish","format-standard","has-post-thumbnail","hentry","category-economia"],"yoast_head":"<!-- This site is optimized with the Yoast SEO plugin v27.5 - https:\/\/yoast.com\/product\/yoast-seo-wordpress\/ -->\n<title>La inflaci\u00f3n de mayo fue de 3,3% y acumul\u00f3 48,8% en el \u00faltimo a\u00f1o | CVI NOTICIAS<\/title>\n<meta name=\"robots\" content=\"index, follow, max-snippet:-1, max-image-preview:large, max-video-preview:-1\" \/>\n<link rel=\"canonical\" href=\"https:\/\/cvinoticias.com\/v3\/la-inflacion-de-mayo-fue-de-33-y-acumulo-488-en-el-ultimo-ano\/\" \/>\n<meta property=\"og:locale\" content=\"es_ES\" \/>\n<meta property=\"og:type\" content=\"article\" \/>\n<meta property=\"og:title\" content=\"La inflaci\u00f3n de mayo fue de 3,3% y acumul\u00f3 48,8% en el \u00faltimo a\u00f1o | CVI NOTICIAS\" \/>\n<meta property=\"og:description\" content=\"El rubro de mayor incremento porcentual en el mes fue Transporte, con el 6,0%, impulsado principalmente por las subas en adquisici\u00f3n de veh\u00edculos, combustibles, GNC y taxis. La inflaci\u00f3n de mayo se ubic\u00f3 en el 3,3%, la m\u00e1s baja desde noviembre del a\u00f1o pasado, y acumul\u00f3 en los primeros cinco meses un alza del 21,5%, [&hellip;]\" \/>\n<meta property=\"og:url\" content=\"https:\/\/cvinoticias.com\/v3\/la-inflacion-de-mayo-fue-de-33-y-acumulo-488-en-el-ultimo-ano\/\" \/>\n<meta property=\"og:site_name\" content=\"CVI NOTICIAS\" \/>\n<meta property=\"article:publisher\" content=\"https:\/\/www.facebook.com\/cvinoticias\" \/>\n<meta property=\"article:published_time\" content=\"2021-06-17T09:37:15+00:00\" \/>\n<meta property=\"og:image\" content=\"https:\/\/cvinoticias.com\/wp-content\/uploads\/2021\/06\/1-36.jpg\" \/>\n\t<meta property=\"og:image:width\" content=\"800\" \/>\n\t<meta property=\"og:image:height\" content=\"500\" \/>\n\t<meta property=\"og:image:type\" content=\"image\/jpeg\" \/>\n<meta name=\"author\" content=\"f1000024\" \/>\n<meta name=\"twitter:card\" content=\"summary_large_image\" \/>\n<meta name=\"twitter:label1\" content=\"Escrito por\" \/>\n\t<meta name=\"twitter:data1\" content=\"f1000024\" \/>\n\t<meta name=\"twitter:label2\" content=\"Tiempo de lectura\" \/>\n\t<meta name=\"twitter:data2\" content=\"1 minuto\" \/>\n<script type=\"application\/ld+json\" class=\"yoast-schema-graph\">{\"@context\":\"https:\\\/\\\/schema.org\",\"@graph\":[{\"@type\":\"Article\",\"@id\":\"https:\\\/\\\/cvinoticias.com\\\/v3\\\/la-inflacion-de-mayo-fue-de-33-y-acumulo-488-en-el-ultimo-ano\\\/#article\",\"isPartOf\":{\"@id\":\"https:\\\/\\\/cvinoticias.com\\\/v3\\\/la-inflacion-de-mayo-fue-de-33-y-acumulo-488-en-el-ultimo-ano\\\/\"},\"author\":{\"name\":\"f1000024\",\"@id\":\"https:\\\/\\\/cvinoticias.com\\\/v3\\\/#\\\/schema\\\/person\\\/2db77e3c6bc03c538495d7b2b8be9b66\"},\"headline\":\"La inflaci\u00f3n de mayo fue de 3,3% y acumul\u00f3 48,8% en el \u00faltimo a\u00f1o\",\"datePublished\":\"2021-06-17T09:37:15+00:00\",\"mainEntityOfPage\":{\"@id\":\"https:\\\/\\\/cvinoticias.com\\\/v3\\\/la-inflacion-de-mayo-fue-de-33-y-acumulo-488-en-el-ultimo-ano\\\/\"},\"wordCount\":261,\"commentCount\":0,\"publisher\":{\"@id\":\"https:\\\/\\\/cvinoticias.com\\\/v3\\\/#organization\"},\"image\":{\"@id\":\"https:\\\/\\\/cvinoticias.com\\\/v3\\\/la-inflacion-de-mayo-fue-de-33-y-acumulo-488-en-el-ultimo-ano\\\/#primaryimage\"},\"thumbnailUrl\":\"https:\\\/\\\/cvinoticias.com\\\/wp-content\\\/uploads\\\/2021\\\/06\\\/1-36.jpg\",\"articleSection\":[\"Econom\u00eda\"],\"inLanguage\":\"es\",\"potentialAction\":[{\"@type\":\"CommentAction\",\"name\":\"Comment\",\"target\":[\"https:\\\/\\\/cvinoticias.com\\\/v3\\\/la-inflacion-de-mayo-fue-de-33-y-acumulo-488-en-el-ultimo-ano\\\/#respond\"]}]},{\"@type\":\"WebPage\",\"@id\":\"https:\\\/\\\/cvinoticias.com\\\/v3\\\/la-inflacion-de-mayo-fue-de-33-y-acumulo-488-en-el-ultimo-ano\\\/\",\"url\":\"https:\\\/\\\/cvinoticias.com\\\/v3\\\/la-inflacion-de-mayo-fue-de-33-y-acumulo-488-en-el-ultimo-ano\\\/\",\"name\":\"La inflaci\u00f3n de mayo fue de 3,3% y acumul\u00f3 48,8% en el \u00faltimo a\u00f1o | CVI NOTICIAS\",\"isPartOf\":{\"@id\":\"https:\\\/\\\/cvinoticias.com\\\/v3\\\/#website\"},\"primaryImageOfPage\":{\"@id\":\"https:\\\/\\\/cvinoticias.com\\\/v3\\\/la-inflacion-de-mayo-fue-de-33-y-acumulo-488-en-el-ultimo-ano\\\/#primaryimage\"},\"image\":{\"@id\":\"https:\\\/\\\/cvinoticias.com\\\/v3\\\/la-inflacion-de-mayo-fue-de-33-y-acumulo-488-en-el-ultimo-ano\\\/#primaryimage\"},\"thumbnailUrl\":\"https:\\\/\\\/cvinoticias.com\\\/wp-content\\\/uploads\\\/2021\\\/06\\\/1-36.jpg\",\"datePublished\":\"2021-06-17T09:37:15+00:00\",\"breadcrumb\":{\"@id\":\"https:\\\/\\\/cvinoticias.com\\\/v3\\\/la-inflacion-de-mayo-fue-de-33-y-acumulo-488-en-el-ultimo-ano\\\/#breadcrumb\"},\"inLanguage\":\"es\",\"potentialAction\":[{\"@type\":\"ReadAction\",\"target\":[\"https:\\\/\\\/cvinoticias.com\\\/v3\\\/la-inflacion-de-mayo-fue-de-33-y-acumulo-488-en-el-ultimo-ano\\\/\"]}]},{\"@type\":\"ImageObject\",\"inLanguage\":\"es\",\"@id\":\"https:\\\/\\\/cvinoticias.com\\\/v3\\\/la-inflacion-de-mayo-fue-de-33-y-acumulo-488-en-el-ultimo-ano\\\/#primaryimage\",\"url\":\"https:\\\/\\\/cvinoticias.com\\\/wp-content\\\/uploads\\\/2021\\\/06\\\/1-36.jpg\",\"contentUrl\":\"https:\\\/\\\/cvinoticias.com\\\/wp-content\\\/uploads\\\/2021\\\/06\\\/1-36.jpg\",\"width\":800,\"height\":500},{\"@type\":\"BreadcrumbList\",\"@id\":\"https:\\\/\\\/cvinoticias.com\\\/v3\\\/la-inflacion-de-mayo-fue-de-33-y-acumulo-488-en-el-ultimo-ano\\\/#breadcrumb\",\"itemListElement\":[{\"@type\":\"ListItem\",\"position\":1,\"name\":\"Portada\",\"item\":\"https:\\\/\\\/cvinoticias.com\\\/v3\\\/\"},{\"@type\":\"ListItem\",\"position\":2,\"name\":\"La inflaci\u00f3n de mayo fue de 3,3% y acumul\u00f3 48,8% en el \u00faltimo a\u00f1o\"}]},{\"@type\":\"WebSite\",\"@id\":\"https:\\\/\\\/cvinoticias.com\\\/v3\\\/#website\",\"url\":\"https:\\\/\\\/cvinoticias.com\\\/v3\\\/\",\"name\":\"CVI NOTICIAS\",\"description\":\"\",\"publisher\":{\"@id\":\"https:\\\/\\\/cvinoticias.com\\\/v3\\\/#organization\"},\"alternateName\":\"CVI\",\"potentialAction\":[{\"@type\":\"SearchAction\",\"target\":{\"@type\":\"EntryPoint\",\"urlTemplate\":\"https:\\\/\\\/cvinoticias.com\\\/v3\\\/?s={search_term_string}\"},\"query-input\":{\"@type\":\"PropertyValueSpecification\",\"valueRequired\":true,\"valueName\":\"search_term_string\"}}],\"inLanguage\":\"es\"},{\"@type\":\"Organization\",\"@id\":\"https:\\\/\\\/cvinoticias.com\\\/v3\\\/#organization\",\"name\":\"CVI NOTICIAS\",\"url\":\"https:\\\/\\\/cvinoticias.com\\\/v3\\\/\",\"logo\":{\"@type\":\"ImageObject\",\"inLanguage\":\"es\",\"@id\":\"https:\\\/\\\/cvinoticias.com\\\/v3\\\/#\\\/schema\\\/logo\\\/image\\\/\",\"url\":\"https:\\\/\\\/cvinoticias.com\\\/wp-content\\\/uploads\\\/2023\\\/04\\\/cropped-cropped-cropped-cropped-cropped-3-1.png\",\"contentUrl\":\"https:\\\/\\\/cvinoticias.com\\\/wp-content\\\/uploads\\\/2023\\\/04\\\/cropped-cropped-cropped-cropped-cropped-3-1.png\",\"width\":95,\"height\":122,\"caption\":\"CVI NOTICIAS\"},\"image\":{\"@id\":\"https:\\\/\\\/cvinoticias.com\\\/v3\\\/#\\\/schema\\\/logo\\\/image\\\/\"},\"sameAs\":[\"https:\\\/\\\/www.facebook.com\\\/cvinoticias\",\"https:\\\/\\\/www.instagram.com\\\/cvinoticias\\\/\",\"https:\\\/\\\/www.youtube.com\\\/@CVINOTICIAS\"]},{\"@type\":\"Person\",\"@id\":\"https:\\\/\\\/cvinoticias.com\\\/v3\\\/#\\\/schema\\\/person\\\/2db77e3c6bc03c538495d7b2b8be9b66\",\"name\":\"f1000024\",\"image\":{\"@type\":\"ImageObject\",\"inLanguage\":\"es\",\"@id\":\"https:\\\/\\\/secure.gravatar.com\\\/avatar\\\/d4fe7459cfc51ff5129ce1a732bbef5928568b8092d412ef95611616376bbeed?s=96&d=mm&r=g\",\"url\":\"https:\\\/\\\/secure.gravatar.com\\\/avatar\\\/d4fe7459cfc51ff5129ce1a732bbef5928568b8092d412ef95611616376bbeed?s=96&d=mm&r=g\",\"contentUrl\":\"https:\\\/\\\/secure.gravatar.com\\\/avatar\\\/d4fe7459cfc51ff5129ce1a732bbef5928568b8092d412ef95611616376bbeed?s=96&d=mm&r=g\",\"caption\":\"f1000024\"},\"url\":\"https:\\\/\\\/cvinoticias.com\\\/v3\\\/author\\\/f1000024\\\/\"}]}<\/script>\n<!-- \/ Yoast SEO plugin. -->","yoast_head_json":{"title":"La inflaci\u00f3n de mayo fue de 3,3% y acumul\u00f3 48,8% en el \u00faltimo a\u00f1o | CVI NOTICIAS","robots":{"index":"index","follow":"follow","max-snippet":"max-snippet:-1","max-image-preview":"max-image-preview:large","max-video-preview":"max-video-preview:-1"},"canonical":"https:\/\/cvinoticias.com\/v3\/la-inflacion-de-mayo-fue-de-33-y-acumulo-488-en-el-ultimo-ano\/","og_locale":"es_ES","og_type":"article","og_title":"La inflaci\u00f3n de mayo fue de 3,3% y acumul\u00f3 48,8% en el \u00faltimo a\u00f1o | CVI NOTICIAS","og_description":"El rubro de mayor incremento porcentual en el mes fue Transporte, con el 6,0%, impulsado principalmente por las subas en adquisici\u00f3n de veh\u00edculos, combustibles, GNC y taxis. La inflaci\u00f3n de mayo se ubic\u00f3 en el 3,3%, la m\u00e1s baja desde noviembre del a\u00f1o pasado, y acumul\u00f3 en los primeros cinco meses un alza del 21,5%, [&hellip;]","og_url":"https:\/\/cvinoticias.com\/v3\/la-inflacion-de-mayo-fue-de-33-y-acumulo-488-en-el-ultimo-ano\/","og_site_name":"CVI NOTICIAS","article_publisher":"https:\/\/www.facebook.com\/cvinoticias","article_published_time":"2021-06-17T09:37:15+00:00","og_image":[{"width":800,"height":500,"url":"https:\/\/cvinoticias.com\/wp-content\/uploads\/2021\/06\/1-36.jpg","type":"image\/jpeg"}],"author":"f1000024","twitter_card":"summary_large_image","twitter_misc":{"Escrito por":"f1000024","Tiempo de lectura":"1 minuto"},"schema":{"@context":"https:\/\/schema.org","@graph":[{"@type":"Article","@id":"https:\/\/cvinoticias.com\/v3\/la-inflacion-de-mayo-fue-de-33-y-acumulo-488-en-el-ultimo-ano\/#article","isPartOf":{"@id":"https:\/\/cvinoticias.com\/v3\/la-inflacion-de-mayo-fue-de-33-y-acumulo-488-en-el-ultimo-ano\/"},"author":{"name":"f1000024","@id":"https:\/\/cvinoticias.com\/v3\/#\/schema\/person\/2db77e3c6bc03c538495d7b2b8be9b66"},"headline":"La inflaci\u00f3n de mayo fue de 3,3% y acumul\u00f3 48,8% en el \u00faltimo a\u00f1o","datePublished":"2021-06-17T09:37:15+00:00","mainEntityOfPage":{"@id":"https:\/\/cvinoticias.com\/v3\/la-inflacion-de-mayo-fue-de-33-y-acumulo-488-en-el-ultimo-ano\/"},"wordCount":261,"commentCount":0,"publisher":{"@id":"https:\/\/cvinoticias.com\/v3\/#organization"},"image":{"@id":"https:\/\/cvinoticias.com\/v3\/la-inflacion-de-mayo-fue-de-33-y-acumulo-488-en-el-ultimo-ano\/#primaryimage"},"thumbnailUrl":"https:\/\/cvinoticias.com\/wp-content\/uploads\/2021\/06\/1-36.jpg","articleSection":["Econom\u00eda"],"inLanguage":"es","potentialAction":[{"@type":"CommentAction","name":"Comment","target":["https:\/\/cvinoticias.com\/v3\/la-inflacion-de-mayo-fue-de-33-y-acumulo-488-en-el-ultimo-ano\/#respond"]}]},{"@type":"WebPage","@id":"https:\/\/cvinoticias.com\/v3\/la-inflacion-de-mayo-fue-de-33-y-acumulo-488-en-el-ultimo-ano\/","url":"https:\/\/cvinoticias.com\/v3\/la-inflacion-de-mayo-fue-de-33-y-acumulo-488-en-el-ultimo-ano\/","name":"La inflaci\u00f3n de mayo fue de 3,3% y acumul\u00f3 48,8% en el \u00faltimo a\u00f1o | CVI NOTICIAS","isPartOf":{"@id":"https:\/\/cvinoticias.com\/v3\/#website"},"primaryImageOfPage":{"@id":"https:\/\/cvinoticias.com\/v3\/la-inflacion-de-mayo-fue-de-33-y-acumulo-488-en-el-ultimo-ano\/#primaryimage"},"image":{"@id":"https:\/\/cvinoticias.com\/v3\/la-inflacion-de-mayo-fue-de-33-y-acumulo-488-en-el-ultimo-ano\/#primaryimage"},"thumbnailUrl":"https:\/\/cvinoticias.com\/wp-content\/uploads\/2021\/06\/1-36.jpg","datePublished":"2021-06-17T09:37:15+00:00","breadcrumb":{"@id":"https:\/\/cvinoticias.com\/v3\/la-inflacion-de-mayo-fue-de-33-y-acumulo-488-en-el-ultimo-ano\/#breadcrumb"},"inLanguage":"es","potentialAction":[{"@type":"ReadAction","target":["https:\/\/cvinoticias.com\/v3\/la-inflacion-de-mayo-fue-de-33-y-acumulo-488-en-el-ultimo-ano\/"]}]},{"@type":"ImageObject","inLanguage":"es","@id":"https:\/\/cvinoticias.com\/v3\/la-inflacion-de-mayo-fue-de-33-y-acumulo-488-en-el-ultimo-ano\/#primaryimage","url":"https:\/\/cvinoticias.com\/wp-content\/uploads\/2021\/06\/1-36.jpg","contentUrl":"https:\/\/cvinoticias.com\/wp-content\/uploads\/2021\/06\/1-36.jpg","width":800,"height":500},{"@type":"BreadcrumbList","@id":"https:\/\/cvinoticias.com\/v3\/la-inflacion-de-mayo-fue-de-33-y-acumulo-488-en-el-ultimo-ano\/#breadcrumb","itemListElement":[{"@type":"ListItem","position":1,"name":"Portada","item":"https:\/\/cvinoticias.com\/v3\/"},{"@type":"ListItem","position":2,"name":"La inflaci\u00f3n de mayo fue de 3,3% y acumul\u00f3 48,8% en el \u00faltimo a\u00f1o"}]},{"@type":"WebSite","@id":"https:\/\/cvinoticias.com\/v3\/#website","url":"https:\/\/cvinoticias.com\/v3\/","name":"CVI NOTICIAS","description":"","publisher":{"@id":"https:\/\/cvinoticias.com\/v3\/#organization"},"alternateName":"CVI","potentialAction":[{"@type":"SearchAction","target":{"@type":"EntryPoint","urlTemplate":"https:\/\/cvinoticias.com\/v3\/?s={search_term_string}"},"query-input":{"@type":"PropertyValueSpecification","valueRequired":true,"valueName":"search_term_string"}}],"inLanguage":"es"},{"@type":"Organization","@id":"https:\/\/cvinoticias.com\/v3\/#organization","name":"CVI NOTICIAS","url":"https:\/\/cvinoticias.com\/v3\/","logo":{"@type":"ImageObject","inLanguage":"es","@id":"https:\/\/cvinoticias.com\/v3\/#\/schema\/logo\/image\/","url":"https:\/\/cvinoticias.com\/wp-content\/uploads\/2023\/04\/cropped-cropped-cropped-cropped-cropped-3-1.png","contentUrl":"https:\/\/cvinoticias.com\/wp-content\/uploads\/2023\/04\/cropped-cropped-cropped-cropped-cropped-3-1.png","width":95,"height":122,"caption":"CVI NOTICIAS"},"image":{"@id":"https:\/\/cvinoticias.com\/v3\/#\/schema\/logo\/image\/"},"sameAs":["https:\/\/www.facebook.com\/cvinoticias","https:\/\/www.instagram.com\/cvinoticias\/","https:\/\/www.youtube.com\/@CVINOTICIAS"]},{"@type":"Person","@id":"https:\/\/cvinoticias.com\/v3\/#\/schema\/person\/2db77e3c6bc03c538495d7b2b8be9b66","name":"f1000024","image":{"@type":"ImageObject","inLanguage":"es","@id":"https:\/\/secure.gravatar.com\/avatar\/d4fe7459cfc51ff5129ce1a732bbef5928568b8092d412ef95611616376bbeed?s=96&d=mm&r=g","url":"https:\/\/secure.gravatar.com\/avatar\/d4fe7459cfc51ff5129ce1a732bbef5928568b8092d412ef95611616376bbeed?s=96&d=mm&r=g","contentUrl":"https:\/\/secure.gravatar.com\/avatar\/d4fe7459cfc51ff5129ce1a732bbef5928568b8092d412ef95611616376bbeed?s=96&d=mm&r=g","caption":"f1000024"},"url":"https:\/\/cvinoticias.com\/v3\/author\/f1000024\/"}]}},"_links":{"self":[{"href":"https:\/\/cvinoticias.com\/v3\/wp-json\/wp\/v2\/posts\/6027","targetHints":{"allow":["GET"]}}],"collection":[{"href":"https:\/\/cvinoticias.com\/v3\/wp-json\/wp\/v2\/posts"}],"about":[{"href":"https:\/\/cvinoticias.com\/v3\/wp-json\/wp\/v2\/types\/post"}],"author":[{"embeddable":true,"href":"https:\/\/cvinoticias.com\/v3\/wp-json\/wp\/v2\/users\/2"}],"replies":[{"embeddable":true,"href":"https:\/\/cvinoticias.com\/v3\/wp-json\/wp\/v2\/comments?post=6027"}],"version-history":[{"count":1,"href":"https:\/\/cvinoticias.com\/v3\/wp-json\/wp\/v2\/posts\/6027\/revisions"}],"predecessor-version":[{"id":6029,"href":"https:\/\/cvinoticias.com\/v3\/wp-json\/wp\/v2\/posts\/6027\/revisions\/6029"}],"wp:featuredmedia":[{"embeddable":true,"href":"https:\/\/cvinoticias.com\/v3\/wp-json\/wp\/v2\/media\/6028"}],"wp:attachment":[{"href":"https:\/\/cvinoticias.com\/v3\/wp-json\/wp\/v2\/media?parent=6027"}],"wp:term":[{"taxonomy":"category","embeddable":true,"href":"https:\/\/cvinoticias.com\/v3\/wp-json\/wp\/v2\/categories?post=6027"},{"taxonomy":"post_tag","embeddable":true,"href":"https:\/\/cvinoticias.com\/v3\/wp-json\/wp\/v2\/tags?post=6027"}],"curies":[{"name":"wp","href":"https:\/\/api.w.org\/{rel}","templated":true}]}}