{"id":6020,"date":"2021-06-17T09:29:50","date_gmt":"2021-06-17T09:29:50","guid":{"rendered":"https:\/\/cvinoticias.com\/v3\/?p=6020"},"modified":"2021-06-17T09:29:50","modified_gmt":"2021-06-17T09:29:50","slug":"san-pedro-apeo-ilegal-atraparon-a-tres-hombres-cuando-robaban-madera-de-una-empresa","status":"publish","type":"post","link":"https:\/\/cvinoticias.com\/v3\/san-pedro-apeo-ilegal-atraparon-a-tres-hombres-cuando-robaban-madera-de-una-empresa\/","title":{"rendered":"San Pedro: Apeo ilegal: atraparon a tres hombres cuando robaban madera de una empresa"},"content":{"rendered":"\n<p><strong><em>Los involucrados tienen 22, 37 y 45 a\u00f1os. Adem\u00e1s, la Polic\u00eda secuestr\u00f3 herramientas y otros objetos relacionados a la causa.<\/em><\/strong><\/p>\n\n\n\n<p>Efectivos de la Comisar\u00eda 1ra de San Pedro, fueron alertados por un hombre de 34 a\u00f1os que se acerc\u00f3 esta tarde a denunciar que un grupo de hombres, estaban talando arboles nativos en un predio situado en Paraje Tirica, propiedad de una empresa agroforestal.<\/p>\n\n\n\n<p>R\u00e1pidamente, los uniformados junto a personal de la divisi\u00f3n Comando Radioel\u00e9ctrico y de la Delegaci\u00f3n de Ecolog\u00eda de San Pedro, se dirigieron al sitio donde constataron la tala de aproximadamente una hect\u00e1rea de madera nativa y detuvieron a uno de los sospechosos.<\/p>\n\n\n\n<p>Seguidamente, aproximadamente a unos mil metros del lugar, sorprendieron a los dem\u00e1s involucrados que tambi\u00e9n fueron aprehendidos. Asimismo, los polic\u00edas incautaron motosierras, machetes, bidones con combustibles, limas para afilar armas blancas y una carpa realizada con madera y polietileno.<\/p>\n\n\n\n<p>Finalmente, los secuestros y detenidos fueron trasladados a sede policial a disposici\u00f3n del Juzgado de Instrucci\u00f3n N\u00b01 de San Pedro.<\/p>\n\n\n\n<figure class=\"wp-block-image size-large\"><a href=\"https:\/\/cvinoticias.com\/wp-content\/uploads\/2021\/06\/FB_IMG_1623922031305.jpg\"><img decoding=\"async\" width=\"720\" height=\"540\" data-src=\"https:\/\/cvinoticias.com\/wp-content\/uploads\/2021\/06\/FB_IMG_1623922031305.jpg\" alt=\"\" class=\"wp-image-6022 lazyload\" data-srcset=\"https:\/\/cvinoticias.com\/wp-content\/uploads\/2021\/06\/FB_IMG_1623922031305.jpg 720w, https:\/\/cvinoticias.com\/wp-content\/uploads\/2021\/06\/FB_IMG_1623922031305-300x225.jpg 300w\" data-sizes=\"(max-width: 720px) 100vw, 720px\" src=\"data:image\/svg+xml;base64,PHN2ZyB3aWR0aD0iMSIgaGVpZ2h0PSIxIiB4bWxucz0iaHR0cDovL3d3dy53My5vcmcvMjAwMC9zdmciPjwvc3ZnPg==\" style=\"--smush-placeholder-width: 720px; --smush-placeholder-aspect-ratio: 720\/540;\" \/><\/a><\/figure>\n","protected":false},"excerpt":{"rendered":"<p>Los involucrados tienen 22, 37 y 45 a\u00f1os. Adem\u00e1s, la Polic\u00eda secuestr\u00f3 herramientas y otros objetos relacionados a la causa. Efectivos de la Comisar\u00eda 1ra de San Pedro, fueron alertados por un hombre de 34 a\u00f1os que se acerc\u00f3 esta tarde a denunciar que un grupo de hombres, estaban talando arboles nativos en un predio [&hellip;]<\/p>\n","protected":false},"author":2,"featured_media":6021,"comment_status":"open","ping_status":"open","sticky":false,"template":"","format":"standard","meta":{"footnotes":""},"categories":[41],"tags":[],"class_list":["post-6020","post","type-post","status-publish","format-standard","has-post-thumbnail","hentry","category-policiales"],"yoast_head":"<!-- This site is optimized with the Yoast SEO plugin v27.5 - https:\/\/yoast.com\/product\/yoast-seo-wordpress\/ -->\n<title>San Pedro: Apeo ilegal: atraparon a tres hombres cuando robaban madera de una empresa | CVI NOTICIAS<\/title>\n<meta name=\"robots\" content=\"index, follow, max-snippet:-1, max-image-preview:large, max-video-preview:-1\" \/>\n<link rel=\"canonical\" href=\"https:\/\/cvinoticias.com\/v3\/san-pedro-apeo-ilegal-atraparon-a-tres-hombres-cuando-robaban-madera-de-una-empresa\/\" \/>\n<meta property=\"og:locale\" content=\"es_ES\" \/>\n<meta property=\"og:type\" content=\"article\" \/>\n<meta property=\"og:title\" content=\"San Pedro: Apeo ilegal: atraparon a tres hombres cuando robaban madera de una empresa | CVI NOTICIAS\" \/>\n<meta property=\"og:description\" content=\"Los involucrados tienen 22, 37 y 45 a\u00f1os. Adem\u00e1s, la Polic\u00eda secuestr\u00f3 herramientas y otros objetos relacionados a la causa. Efectivos de la Comisar\u00eda 1ra de San Pedro, fueron alertados por un hombre de 34 a\u00f1os que se acerc\u00f3 esta tarde a denunciar que un grupo de hombres, estaban talando arboles nativos en un predio [&hellip;]\" \/>\n<meta property=\"og:url\" content=\"https:\/\/cvinoticias.com\/v3\/san-pedro-apeo-ilegal-atraparon-a-tres-hombres-cuando-robaban-madera-de-una-empresa\/\" \/>\n<meta property=\"og:site_name\" content=\"CVI NOTICIAS\" \/>\n<meta property=\"article:publisher\" content=\"https:\/\/www.facebook.com\/cvinoticias\" \/>\n<meta property=\"article:published_time\" content=\"2021-06-17T09:29:50+00:00\" \/>\n<meta property=\"og:image\" content=\"https:\/\/cvinoticias.com\/wp-content\/uploads\/2021\/06\/FB_IMG_1623922026944.jpg\" \/>\n\t<meta property=\"og:image:width\" content=\"720\" \/>\n\t<meta property=\"og:image:height\" content=\"479\" \/>\n\t<meta property=\"og:image:type\" content=\"image\/jpeg\" \/>\n<meta name=\"author\" content=\"f1000024\" \/>\n<meta name=\"twitter:card\" content=\"summary_large_image\" \/>\n<meta name=\"twitter:label1\" content=\"Escrito por\" \/>\n\t<meta name=\"twitter:data1\" content=\"f1000024\" \/>\n\t<meta name=\"twitter:label2\" content=\"Tiempo de lectura\" \/>\n\t<meta name=\"twitter:data2\" content=\"1 minuto\" \/>\n<script type=\"application\/ld+json\" class=\"yoast-schema-graph\">{\"@context\":\"https:\\\/\\\/schema.org\",\"@graph\":[{\"@type\":\"Article\",\"@id\":\"https:\\\/\\\/cvinoticias.com\\\/v3\\\/san-pedro-apeo-ilegal-atraparon-a-tres-hombres-cuando-robaban-madera-de-una-empresa\\\/#article\",\"isPartOf\":{\"@id\":\"https:\\\/\\\/cvinoticias.com\\\/v3\\\/san-pedro-apeo-ilegal-atraparon-a-tres-hombres-cuando-robaban-madera-de-una-empresa\\\/\"},\"author\":{\"name\":\"f1000024\",\"@id\":\"https:\\\/\\\/cvinoticias.com\\\/v3\\\/#\\\/schema\\\/person\\\/2db77e3c6bc03c538495d7b2b8be9b66\"},\"headline\":\"San Pedro: Apeo ilegal: atraparon a tres hombres cuando robaban madera de una empresa\",\"datePublished\":\"2021-06-17T09:29:50+00:00\",\"mainEntityOfPage\":{\"@id\":\"https:\\\/\\\/cvinoticias.com\\\/v3\\\/san-pedro-apeo-ilegal-atraparon-a-tres-hombres-cuando-robaban-madera-de-una-empresa\\\/\"},\"wordCount\":191,\"commentCount\":0,\"publisher\":{\"@id\":\"https:\\\/\\\/cvinoticias.com\\\/v3\\\/#organization\"},\"image\":{\"@id\":\"https:\\\/\\\/cvinoticias.com\\\/v3\\\/san-pedro-apeo-ilegal-atraparon-a-tres-hombres-cuando-robaban-madera-de-una-empresa\\\/#primaryimage\"},\"thumbnailUrl\":\"https:\\\/\\\/cvinoticias.com\\\/wp-content\\\/uploads\\\/2021\\\/06\\\/FB_IMG_1623922026944.jpg\",\"articleSection\":[\"Policiales\"],\"inLanguage\":\"es\",\"potentialAction\":[{\"@type\":\"CommentAction\",\"name\":\"Comment\",\"target\":[\"https:\\\/\\\/cvinoticias.com\\\/v3\\\/san-pedro-apeo-ilegal-atraparon-a-tres-hombres-cuando-robaban-madera-de-una-empresa\\\/#respond\"]}]},{\"@type\":\"WebPage\",\"@id\":\"https:\\\/\\\/cvinoticias.com\\\/v3\\\/san-pedro-apeo-ilegal-atraparon-a-tres-hombres-cuando-robaban-madera-de-una-empresa\\\/\",\"url\":\"https:\\\/\\\/cvinoticias.com\\\/v3\\\/san-pedro-apeo-ilegal-atraparon-a-tres-hombres-cuando-robaban-madera-de-una-empresa\\\/\",\"name\":\"San Pedro: Apeo ilegal: atraparon a tres hombres cuando robaban madera de una empresa | CVI NOTICIAS\",\"isPartOf\":{\"@id\":\"https:\\\/\\\/cvinoticias.com\\\/v3\\\/#website\"},\"primaryImageOfPage\":{\"@id\":\"https:\\\/\\\/cvinoticias.com\\\/v3\\\/san-pedro-apeo-ilegal-atraparon-a-tres-hombres-cuando-robaban-madera-de-una-empresa\\\/#primaryimage\"},\"image\":{\"@id\":\"https:\\\/\\\/cvinoticias.com\\\/v3\\\/san-pedro-apeo-ilegal-atraparon-a-tres-hombres-cuando-robaban-madera-de-una-empresa\\\/#primaryimage\"},\"thumbnailUrl\":\"https:\\\/\\\/cvinoticias.com\\\/wp-content\\\/uploads\\\/2021\\\/06\\\/FB_IMG_1623922026944.jpg\",\"datePublished\":\"2021-06-17T09:29:50+00:00\",\"breadcrumb\":{\"@id\":\"https:\\\/\\\/cvinoticias.com\\\/v3\\\/san-pedro-apeo-ilegal-atraparon-a-tres-hombres-cuando-robaban-madera-de-una-empresa\\\/#breadcrumb\"},\"inLanguage\":\"es\",\"potentialAction\":[{\"@type\":\"ReadAction\",\"target\":[\"https:\\\/\\\/cvinoticias.com\\\/v3\\\/san-pedro-apeo-ilegal-atraparon-a-tres-hombres-cuando-robaban-madera-de-una-empresa\\\/\"]}]},{\"@type\":\"ImageObject\",\"inLanguage\":\"es\",\"@id\":\"https:\\\/\\\/cvinoticias.com\\\/v3\\\/san-pedro-apeo-ilegal-atraparon-a-tres-hombres-cuando-robaban-madera-de-una-empresa\\\/#primaryimage\",\"url\":\"https:\\\/\\\/cvinoticias.com\\\/wp-content\\\/uploads\\\/2021\\\/06\\\/FB_IMG_1623922026944.jpg\",\"contentUrl\":\"https:\\\/\\\/cvinoticias.com\\\/wp-content\\\/uploads\\\/2021\\\/06\\\/FB_IMG_1623922026944.jpg\",\"width\":720,\"height\":479},{\"@type\":\"BreadcrumbList\",\"@id\":\"https:\\\/\\\/cvinoticias.com\\\/v3\\\/san-pedro-apeo-ilegal-atraparon-a-tres-hombres-cuando-robaban-madera-de-una-empresa\\\/#breadcrumb\",\"itemListElement\":[{\"@type\":\"ListItem\",\"position\":1,\"name\":\"Portada\",\"item\":\"https:\\\/\\\/cvinoticias.com\\\/v3\\\/\"},{\"@type\":\"ListItem\",\"position\":2,\"name\":\"San Pedro: Apeo ilegal: atraparon a tres hombres cuando robaban madera de una empresa\"}]},{\"@type\":\"WebSite\",\"@id\":\"https:\\\/\\\/cvinoticias.com\\\/v3\\\/#website\",\"url\":\"https:\\\/\\\/cvinoticias.com\\\/v3\\\/\",\"name\":\"CVI NOTICIAS\",\"description\":\"\",\"publisher\":{\"@id\":\"https:\\\/\\\/cvinoticias.com\\\/v3\\\/#organization\"},\"alternateName\":\"CVI\",\"potentialAction\":[{\"@type\":\"SearchAction\",\"target\":{\"@type\":\"EntryPoint\",\"urlTemplate\":\"https:\\\/\\\/cvinoticias.com\\\/v3\\\/?s={search_term_string}\"},\"query-input\":{\"@type\":\"PropertyValueSpecification\",\"valueRequired\":true,\"valueName\":\"search_term_string\"}}],\"inLanguage\":\"es\"},{\"@type\":\"Organization\",\"@id\":\"https:\\\/\\\/cvinoticias.com\\\/v3\\\/#organization\",\"name\":\"CVI NOTICIAS\",\"url\":\"https:\\\/\\\/cvinoticias.com\\\/v3\\\/\",\"logo\":{\"@type\":\"ImageObject\",\"inLanguage\":\"es\",\"@id\":\"https:\\\/\\\/cvinoticias.com\\\/v3\\\/#\\\/schema\\\/logo\\\/image\\\/\",\"url\":\"https:\\\/\\\/cvinoticias.com\\\/wp-content\\\/uploads\\\/2023\\\/04\\\/cropped-cropped-cropped-cropped-cropped-3-1.png\",\"contentUrl\":\"https:\\\/\\\/cvinoticias.com\\\/wp-content\\\/uploads\\\/2023\\\/04\\\/cropped-cropped-cropped-cropped-cropped-3-1.png\",\"width\":95,\"height\":122,\"caption\":\"CVI NOTICIAS\"},\"image\":{\"@id\":\"https:\\\/\\\/cvinoticias.com\\\/v3\\\/#\\\/schema\\\/logo\\\/image\\\/\"},\"sameAs\":[\"https:\\\/\\\/www.facebook.com\\\/cvinoticias\",\"https:\\\/\\\/www.instagram.com\\\/cvinoticias\\\/\",\"https:\\\/\\\/www.youtube.com\\\/@CVINOTICIAS\"]},{\"@type\":\"Person\",\"@id\":\"https:\\\/\\\/cvinoticias.com\\\/v3\\\/#\\\/schema\\\/person\\\/2db77e3c6bc03c538495d7b2b8be9b66\",\"name\":\"f1000024\",\"image\":{\"@type\":\"ImageObject\",\"inLanguage\":\"es\",\"@id\":\"https:\\\/\\\/secure.gravatar.com\\\/avatar\\\/d4fe7459cfc51ff5129ce1a732bbef5928568b8092d412ef95611616376bbeed?s=96&d=mm&r=g\",\"url\":\"https:\\\/\\\/secure.gravatar.com\\\/avatar\\\/d4fe7459cfc51ff5129ce1a732bbef5928568b8092d412ef95611616376bbeed?s=96&d=mm&r=g\",\"contentUrl\":\"https:\\\/\\\/secure.gravatar.com\\\/avatar\\\/d4fe7459cfc51ff5129ce1a732bbef5928568b8092d412ef95611616376bbeed?s=96&d=mm&r=g\",\"caption\":\"f1000024\"},\"url\":\"https:\\\/\\\/cvinoticias.com\\\/v3\\\/author\\\/f1000024\\\/\"}]}<\/script>\n<!-- \/ Yoast SEO plugin. -->","yoast_head_json":{"title":"San Pedro: Apeo ilegal: atraparon a tres hombres cuando robaban madera de una empresa | CVI NOTICIAS","robots":{"index":"index","follow":"follow","max-snippet":"max-snippet:-1","max-image-preview":"max-image-preview:large","max-video-preview":"max-video-preview:-1"},"canonical":"https:\/\/cvinoticias.com\/v3\/san-pedro-apeo-ilegal-atraparon-a-tres-hombres-cuando-robaban-madera-de-una-empresa\/","og_locale":"es_ES","og_type":"article","og_title":"San Pedro: Apeo ilegal: atraparon a tres hombres cuando robaban madera de una empresa | CVI NOTICIAS","og_description":"Los involucrados tienen 22, 37 y 45 a\u00f1os. Adem\u00e1s, la Polic\u00eda secuestr\u00f3 herramientas y otros objetos relacionados a la causa. Efectivos de la Comisar\u00eda 1ra de San Pedro, fueron alertados por un hombre de 34 a\u00f1os que se acerc\u00f3 esta tarde a denunciar que un grupo de hombres, estaban talando arboles nativos en un predio [&hellip;]","og_url":"https:\/\/cvinoticias.com\/v3\/san-pedro-apeo-ilegal-atraparon-a-tres-hombres-cuando-robaban-madera-de-una-empresa\/","og_site_name":"CVI NOTICIAS","article_publisher":"https:\/\/www.facebook.com\/cvinoticias","article_published_time":"2021-06-17T09:29:50+00:00","og_image":[{"width":720,"height":479,"url":"https:\/\/cvinoticias.com\/wp-content\/uploads\/2021\/06\/FB_IMG_1623922026944.jpg","type":"image\/jpeg"}],"author":"f1000024","twitter_card":"summary_large_image","twitter_misc":{"Escrito por":"f1000024","Tiempo de lectura":"1 minuto"},"schema":{"@context":"https:\/\/schema.org","@graph":[{"@type":"Article","@id":"https:\/\/cvinoticias.com\/v3\/san-pedro-apeo-ilegal-atraparon-a-tres-hombres-cuando-robaban-madera-de-una-empresa\/#article","isPartOf":{"@id":"https:\/\/cvinoticias.com\/v3\/san-pedro-apeo-ilegal-atraparon-a-tres-hombres-cuando-robaban-madera-de-una-empresa\/"},"author":{"name":"f1000024","@id":"https:\/\/cvinoticias.com\/v3\/#\/schema\/person\/2db77e3c6bc03c538495d7b2b8be9b66"},"headline":"San Pedro: Apeo ilegal: atraparon a tres hombres cuando robaban madera de una empresa","datePublished":"2021-06-17T09:29:50+00:00","mainEntityOfPage":{"@id":"https:\/\/cvinoticias.com\/v3\/san-pedro-apeo-ilegal-atraparon-a-tres-hombres-cuando-robaban-madera-de-una-empresa\/"},"wordCount":191,"commentCount":0,"publisher":{"@id":"https:\/\/cvinoticias.com\/v3\/#organization"},"image":{"@id":"https:\/\/cvinoticias.com\/v3\/san-pedro-apeo-ilegal-atraparon-a-tres-hombres-cuando-robaban-madera-de-una-empresa\/#primaryimage"},"thumbnailUrl":"https:\/\/cvinoticias.com\/wp-content\/uploads\/2021\/06\/FB_IMG_1623922026944.jpg","articleSection":["Policiales"],"inLanguage":"es","potentialAction":[{"@type":"CommentAction","name":"Comment","target":["https:\/\/cvinoticias.com\/v3\/san-pedro-apeo-ilegal-atraparon-a-tres-hombres-cuando-robaban-madera-de-una-empresa\/#respond"]}]},{"@type":"WebPage","@id":"https:\/\/cvinoticias.com\/v3\/san-pedro-apeo-ilegal-atraparon-a-tres-hombres-cuando-robaban-madera-de-una-empresa\/","url":"https:\/\/cvinoticias.com\/v3\/san-pedro-apeo-ilegal-atraparon-a-tres-hombres-cuando-robaban-madera-de-una-empresa\/","name":"San Pedro: Apeo ilegal: atraparon a tres hombres cuando robaban madera de una empresa | CVI NOTICIAS","isPartOf":{"@id":"https:\/\/cvinoticias.com\/v3\/#website"},"primaryImageOfPage":{"@id":"https:\/\/cvinoticias.com\/v3\/san-pedro-apeo-ilegal-atraparon-a-tres-hombres-cuando-robaban-madera-de-una-empresa\/#primaryimage"},"image":{"@id":"https:\/\/cvinoticias.com\/v3\/san-pedro-apeo-ilegal-atraparon-a-tres-hombres-cuando-robaban-madera-de-una-empresa\/#primaryimage"},"thumbnailUrl":"https:\/\/cvinoticias.com\/wp-content\/uploads\/2021\/06\/FB_IMG_1623922026944.jpg","datePublished":"2021-06-17T09:29:50+00:00","breadcrumb":{"@id":"https:\/\/cvinoticias.com\/v3\/san-pedro-apeo-ilegal-atraparon-a-tres-hombres-cuando-robaban-madera-de-una-empresa\/#breadcrumb"},"inLanguage":"es","potentialAction":[{"@type":"ReadAction","target":["https:\/\/cvinoticias.com\/v3\/san-pedro-apeo-ilegal-atraparon-a-tres-hombres-cuando-robaban-madera-de-una-empresa\/"]}]},{"@type":"ImageObject","inLanguage":"es","@id":"https:\/\/cvinoticias.com\/v3\/san-pedro-apeo-ilegal-atraparon-a-tres-hombres-cuando-robaban-madera-de-una-empresa\/#primaryimage","url":"https:\/\/cvinoticias.com\/wp-content\/uploads\/2021\/06\/FB_IMG_1623922026944.jpg","contentUrl":"https:\/\/cvinoticias.com\/wp-content\/uploads\/2021\/06\/FB_IMG_1623922026944.jpg","width":720,"height":479},{"@type":"BreadcrumbList","@id":"https:\/\/cvinoticias.com\/v3\/san-pedro-apeo-ilegal-atraparon-a-tres-hombres-cuando-robaban-madera-de-una-empresa\/#breadcrumb","itemListElement":[{"@type":"ListItem","position":1,"name":"Portada","item":"https:\/\/cvinoticias.com\/v3\/"},{"@type":"ListItem","position":2,"name":"San Pedro: Apeo ilegal: atraparon a tres hombres cuando robaban madera de una empresa"}]},{"@type":"WebSite","@id":"https:\/\/cvinoticias.com\/v3\/#website","url":"https:\/\/cvinoticias.com\/v3\/","name":"CVI NOTICIAS","description":"","publisher":{"@id":"https:\/\/cvinoticias.com\/v3\/#organization"},"alternateName":"CVI","potentialAction":[{"@type":"SearchAction","target":{"@type":"EntryPoint","urlTemplate":"https:\/\/cvinoticias.com\/v3\/?s={search_term_string}"},"query-input":{"@type":"PropertyValueSpecification","valueRequired":true,"valueName":"search_term_string"}}],"inLanguage":"es"},{"@type":"Organization","@id":"https:\/\/cvinoticias.com\/v3\/#organization","name":"CVI NOTICIAS","url":"https:\/\/cvinoticias.com\/v3\/","logo":{"@type":"ImageObject","inLanguage":"es","@id":"https:\/\/cvinoticias.com\/v3\/#\/schema\/logo\/image\/","url":"https:\/\/cvinoticias.com\/wp-content\/uploads\/2023\/04\/cropped-cropped-cropped-cropped-cropped-3-1.png","contentUrl":"https:\/\/cvinoticias.com\/wp-content\/uploads\/2023\/04\/cropped-cropped-cropped-cropped-cropped-3-1.png","width":95,"height":122,"caption":"CVI NOTICIAS"},"image":{"@id":"https:\/\/cvinoticias.com\/v3\/#\/schema\/logo\/image\/"},"sameAs":["https:\/\/www.facebook.com\/cvinoticias","https:\/\/www.instagram.com\/cvinoticias\/","https:\/\/www.youtube.com\/@CVINOTICIAS"]},{"@type":"Person","@id":"https:\/\/cvinoticias.com\/v3\/#\/schema\/person\/2db77e3c6bc03c538495d7b2b8be9b66","name":"f1000024","image":{"@type":"ImageObject","inLanguage":"es","@id":"https:\/\/secure.gravatar.com\/avatar\/d4fe7459cfc51ff5129ce1a732bbef5928568b8092d412ef95611616376bbeed?s=96&d=mm&r=g","url":"https:\/\/secure.gravatar.com\/avatar\/d4fe7459cfc51ff5129ce1a732bbef5928568b8092d412ef95611616376bbeed?s=96&d=mm&r=g","contentUrl":"https:\/\/secure.gravatar.com\/avatar\/d4fe7459cfc51ff5129ce1a732bbef5928568b8092d412ef95611616376bbeed?s=96&d=mm&r=g","caption":"f1000024"},"url":"https:\/\/cvinoticias.com\/v3\/author\/f1000024\/"}]}},"_links":{"self":[{"href":"https:\/\/cvinoticias.com\/v3\/wp-json\/wp\/v2\/posts\/6020","targetHints":{"allow":["GET"]}}],"collection":[{"href":"https:\/\/cvinoticias.com\/v3\/wp-json\/wp\/v2\/posts"}],"about":[{"href":"https:\/\/cvinoticias.com\/v3\/wp-json\/wp\/v2\/types\/post"}],"author":[{"embeddable":true,"href":"https:\/\/cvinoticias.com\/v3\/wp-json\/wp\/v2\/users\/2"}],"replies":[{"embeddable":true,"href":"https:\/\/cvinoticias.com\/v3\/wp-json\/wp\/v2\/comments?post=6020"}],"version-history":[{"count":1,"href":"https:\/\/cvinoticias.com\/v3\/wp-json\/wp\/v2\/posts\/6020\/revisions"}],"predecessor-version":[{"id":6023,"href":"https:\/\/cvinoticias.com\/v3\/wp-json\/wp\/v2\/posts\/6020\/revisions\/6023"}],"wp:featuredmedia":[{"embeddable":true,"href":"https:\/\/cvinoticias.com\/v3\/wp-json\/wp\/v2\/media\/6021"}],"wp:attachment":[{"href":"https:\/\/cvinoticias.com\/v3\/wp-json\/wp\/v2\/media?parent=6020"}],"wp:term":[{"taxonomy":"category","embeddable":true,"href":"https:\/\/cvinoticias.com\/v3\/wp-json\/wp\/v2\/categories?post=6020"},{"taxonomy":"post_tag","embeddable":true,"href":"https:\/\/cvinoticias.com\/v3\/wp-json\/wp\/v2\/tags?post=6020"}],"curies":[{"name":"wp","href":"https:\/\/api.w.org\/{rel}","templated":true}]}}