{"id":5989,"date":"2021-06-16T12:13:01","date_gmt":"2021-06-16T12:13:01","guid":{"rendered":"https:\/\/cvinoticias.com\/v3\/?p=5989"},"modified":"2021-06-16T12:13:01","modified_gmt":"2021-06-16T12:13:01","slug":"como-sera-la-promesa-a-la-bandera-nacional-en-misiones","status":"publish","type":"post","link":"https:\/\/cvinoticias.com\/v3\/como-sera-la-promesa-a-la-bandera-nacional-en-misiones\/","title":{"rendered":"C\u00f3mo ser\u00e1 la promesa a la Bandera nacional en Misiones"},"content":{"rendered":"\n<p><em><strong>\u201cLa toma de lealtad a la bandera se har\u00e1 a trav\u00e9s de las burbujas establecidas, no en un s\u00f3lo d\u00eda sino durante toda la semana\u201d, explic\u00f3 el presidente del CGE.<\/strong><\/em><\/p>\n\n\n\n<p>El presidente del Consejo General de Educaci\u00f3n, Alberto Galarza, se refiri\u00f3 a la situaci\u00f3n educativa actual en la provincia, a los preparativos en las escuelas para la Semana de la Bandera Argentina y el significativo y emotivo acto de la Promesa de Lealtad a la Bandera Argentina que realizar\u00e1 4to y 5to. Grado.<br><br>El funcionario destac\u00f3 los preparativos que realizan las escuelas para la Semana de la Bandera, establecida por la Resoluci\u00f3n N\u00b0 1914\/21 CGE (20 al 25 de junio): por el contexto de excepcionalidad y respet\u00e1ndose el cumplimiento de las pautas requeridas en tiempos de pandemia, \u201cla toma de lealtad a la bandera se har\u00e1 a trav\u00e9s de las burbujas establecidas, no en un s\u00f3lo d\u00eda sino durante toda la semana\u201d.<br><br>Este a\u00f1o van a tomar la promesa a la lealtad a la bandera los estudiantes de 4to y 5to. grado. \u201cEs muy emotivo lo que preparan nuestros estudiantes; es extraordinario. Estamos muy pr\u00f3ximos a vivir este compromiso de los ni\u00f1os con nuestra Patria, con nuestro pa\u00eds\u201d, se\u00f1al\u00f3.<br><br>Finalmente, manifest\u00f3 que \u201cla pandemia nos est\u00e1 dejando dos grandes aprendizajes: la inmersi\u00f3n digital y la priorizaci\u00f3n de contenidos de los docentes; hubo que planificar muy bien, para dar continuidad pedag\u00f3gica en estos a\u00f1os at\u00edpicos. Hubo un gran esfuerzo de los docentes. Creo que los estudiantes han aprendido mucho porque fueron a los aprendizajes sustantivos. Lo vamos a aprender a dimensionar a medida que pase el tiempo\u201d<\/p>\n","protected":false},"excerpt":{"rendered":"<p>\u201cLa toma de lealtad a la bandera se har\u00e1 a trav\u00e9s de las burbujas establecidas, no en un s\u00f3lo d\u00eda sino durante toda la semana\u201d, explic\u00f3 el presidente del CGE. El presidente del Consejo General de Educaci\u00f3n, Alberto Galarza, se refiri\u00f3 a la situaci\u00f3n educativa actual en la provincia, a los preparativos en las escuelas [&hellip;]<\/p>\n","protected":false},"author":2,"featured_media":5990,"comment_status":"open","ping_status":"open","sticky":false,"template":"","format":"standard","meta":{"footnotes":""},"categories":[35],"tags":[],"class_list":["post-5989","post","type-post","status-publish","format-standard","has-post-thumbnail","hentry","category-informacion-general"],"yoast_head":"<!-- This site is optimized with the Yoast SEO plugin v27.5 - https:\/\/yoast.com\/product\/yoast-seo-wordpress\/ -->\n<title>C\u00f3mo ser\u00e1 la promesa a la Bandera nacional en Misiones | CVI NOTICIAS<\/title>\n<meta name=\"robots\" content=\"index, follow, max-snippet:-1, max-image-preview:large, max-video-preview:-1\" \/>\n<link rel=\"canonical\" href=\"https:\/\/cvinoticias.com\/v3\/como-sera-la-promesa-a-la-bandera-nacional-en-misiones\/\" \/>\n<meta property=\"og:locale\" content=\"es_ES\" \/>\n<meta property=\"og:type\" content=\"article\" \/>\n<meta property=\"og:title\" content=\"C\u00f3mo ser\u00e1 la promesa a la Bandera nacional en Misiones | CVI NOTICIAS\" \/>\n<meta property=\"og:description\" content=\"\u201cLa toma de lealtad a la bandera se har\u00e1 a trav\u00e9s de las burbujas establecidas, no en un s\u00f3lo d\u00eda sino durante toda la semana\u201d, explic\u00f3 el presidente del CGE. El presidente del Consejo General de Educaci\u00f3n, Alberto Galarza, se refiri\u00f3 a la situaci\u00f3n educativa actual en la provincia, a los preparativos en las escuelas [&hellip;]\" \/>\n<meta property=\"og:url\" content=\"https:\/\/cvinoticias.com\/v3\/como-sera-la-promesa-a-la-bandera-nacional-en-misiones\/\" \/>\n<meta property=\"og:site_name\" content=\"CVI NOTICIAS\" \/>\n<meta property=\"article:publisher\" content=\"https:\/\/www.facebook.com\/cvinoticias\" \/>\n<meta property=\"article:published_time\" content=\"2021-06-16T12:13:01+00:00\" \/>\n<meta property=\"og:image\" content=\"https:\/\/cvinoticias.com\/wp-content\/uploads\/2021\/06\/Screenshot_20210616-091130_Chrome.jpg\" \/>\n\t<meta property=\"og:image:width\" content=\"1026\" \/>\n\t<meta property=\"og:image:height\" content=\"512\" \/>\n\t<meta property=\"og:image:type\" content=\"image\/jpeg\" \/>\n<meta name=\"author\" content=\"f1000024\" \/>\n<meta name=\"twitter:card\" content=\"summary_large_image\" \/>\n<meta name=\"twitter:label1\" content=\"Escrito por\" \/>\n\t<meta name=\"twitter:data1\" content=\"f1000024\" \/>\n\t<meta name=\"twitter:label2\" content=\"Tiempo de lectura\" \/>\n\t<meta name=\"twitter:data2\" content=\"1 minuto\" \/>\n<script type=\"application\/ld+json\" class=\"yoast-schema-graph\">{\"@context\":\"https:\\\/\\\/schema.org\",\"@graph\":[{\"@type\":\"Article\",\"@id\":\"https:\\\/\\\/cvinoticias.com\\\/v3\\\/como-sera-la-promesa-a-la-bandera-nacional-en-misiones\\\/#article\",\"isPartOf\":{\"@id\":\"https:\\\/\\\/cvinoticias.com\\\/v3\\\/como-sera-la-promesa-a-la-bandera-nacional-en-misiones\\\/\"},\"author\":{\"name\":\"f1000024\",\"@id\":\"https:\\\/\\\/cvinoticias.com\\\/v3\\\/#\\\/schema\\\/person\\\/2db77e3c6bc03c538495d7b2b8be9b66\"},\"headline\":\"C\u00f3mo ser\u00e1 la promesa a la Bandera nacional en Misiones\",\"datePublished\":\"2021-06-16T12:13:01+00:00\",\"mainEntityOfPage\":{\"@id\":\"https:\\\/\\\/cvinoticias.com\\\/v3\\\/como-sera-la-promesa-a-la-bandera-nacional-en-misiones\\\/\"},\"wordCount\":294,\"commentCount\":0,\"publisher\":{\"@id\":\"https:\\\/\\\/cvinoticias.com\\\/v3\\\/#organization\"},\"image\":{\"@id\":\"https:\\\/\\\/cvinoticias.com\\\/v3\\\/como-sera-la-promesa-a-la-bandera-nacional-en-misiones\\\/#primaryimage\"},\"thumbnailUrl\":\"https:\\\/\\\/cvinoticias.com\\\/wp-content\\\/uploads\\\/2021\\\/06\\\/Screenshot_20210616-091130_Chrome.jpg\",\"articleSection\":[\"Informaci\u00f3n General\"],\"inLanguage\":\"es\",\"potentialAction\":[{\"@type\":\"CommentAction\",\"name\":\"Comment\",\"target\":[\"https:\\\/\\\/cvinoticias.com\\\/v3\\\/como-sera-la-promesa-a-la-bandera-nacional-en-misiones\\\/#respond\"]}]},{\"@type\":\"WebPage\",\"@id\":\"https:\\\/\\\/cvinoticias.com\\\/v3\\\/como-sera-la-promesa-a-la-bandera-nacional-en-misiones\\\/\",\"url\":\"https:\\\/\\\/cvinoticias.com\\\/v3\\\/como-sera-la-promesa-a-la-bandera-nacional-en-misiones\\\/\",\"name\":\"C\u00f3mo ser\u00e1 la promesa a la Bandera nacional en Misiones | CVI NOTICIAS\",\"isPartOf\":{\"@id\":\"https:\\\/\\\/cvinoticias.com\\\/v3\\\/#website\"},\"primaryImageOfPage\":{\"@id\":\"https:\\\/\\\/cvinoticias.com\\\/v3\\\/como-sera-la-promesa-a-la-bandera-nacional-en-misiones\\\/#primaryimage\"},\"image\":{\"@id\":\"https:\\\/\\\/cvinoticias.com\\\/v3\\\/como-sera-la-promesa-a-la-bandera-nacional-en-misiones\\\/#primaryimage\"},\"thumbnailUrl\":\"https:\\\/\\\/cvinoticias.com\\\/wp-content\\\/uploads\\\/2021\\\/06\\\/Screenshot_20210616-091130_Chrome.jpg\",\"datePublished\":\"2021-06-16T12:13:01+00:00\",\"breadcrumb\":{\"@id\":\"https:\\\/\\\/cvinoticias.com\\\/v3\\\/como-sera-la-promesa-a-la-bandera-nacional-en-misiones\\\/#breadcrumb\"},\"inLanguage\":\"es\",\"potentialAction\":[{\"@type\":\"ReadAction\",\"target\":[\"https:\\\/\\\/cvinoticias.com\\\/v3\\\/como-sera-la-promesa-a-la-bandera-nacional-en-misiones\\\/\"]}]},{\"@type\":\"ImageObject\",\"inLanguage\":\"es\",\"@id\":\"https:\\\/\\\/cvinoticias.com\\\/v3\\\/como-sera-la-promesa-a-la-bandera-nacional-en-misiones\\\/#primaryimage\",\"url\":\"https:\\\/\\\/cvinoticias.com\\\/wp-content\\\/uploads\\\/2021\\\/06\\\/Screenshot_20210616-091130_Chrome.jpg\",\"contentUrl\":\"https:\\\/\\\/cvinoticias.com\\\/wp-content\\\/uploads\\\/2021\\\/06\\\/Screenshot_20210616-091130_Chrome.jpg\",\"width\":1026,\"height\":512},{\"@type\":\"BreadcrumbList\",\"@id\":\"https:\\\/\\\/cvinoticias.com\\\/v3\\\/como-sera-la-promesa-a-la-bandera-nacional-en-misiones\\\/#breadcrumb\",\"itemListElement\":[{\"@type\":\"ListItem\",\"position\":1,\"name\":\"Portada\",\"item\":\"https:\\\/\\\/cvinoticias.com\\\/v3\\\/\"},{\"@type\":\"ListItem\",\"position\":2,\"name\":\"C\u00f3mo ser\u00e1 la promesa a la Bandera nacional en Misiones\"}]},{\"@type\":\"WebSite\",\"@id\":\"https:\\\/\\\/cvinoticias.com\\\/v3\\\/#website\",\"url\":\"https:\\\/\\\/cvinoticias.com\\\/v3\\\/\",\"name\":\"CVI NOTICIAS\",\"description\":\"\",\"publisher\":{\"@id\":\"https:\\\/\\\/cvinoticias.com\\\/v3\\\/#organization\"},\"alternateName\":\"CVI\",\"potentialAction\":[{\"@type\":\"SearchAction\",\"target\":{\"@type\":\"EntryPoint\",\"urlTemplate\":\"https:\\\/\\\/cvinoticias.com\\\/v3\\\/?s={search_term_string}\"},\"query-input\":{\"@type\":\"PropertyValueSpecification\",\"valueRequired\":true,\"valueName\":\"search_term_string\"}}],\"inLanguage\":\"es\"},{\"@type\":\"Organization\",\"@id\":\"https:\\\/\\\/cvinoticias.com\\\/v3\\\/#organization\",\"name\":\"CVI NOTICIAS\",\"url\":\"https:\\\/\\\/cvinoticias.com\\\/v3\\\/\",\"logo\":{\"@type\":\"ImageObject\",\"inLanguage\":\"es\",\"@id\":\"https:\\\/\\\/cvinoticias.com\\\/v3\\\/#\\\/schema\\\/logo\\\/image\\\/\",\"url\":\"https:\\\/\\\/cvinoticias.com\\\/wp-content\\\/uploads\\\/2023\\\/04\\\/cropped-cropped-cropped-cropped-cropped-3-1.png\",\"contentUrl\":\"https:\\\/\\\/cvinoticias.com\\\/wp-content\\\/uploads\\\/2023\\\/04\\\/cropped-cropped-cropped-cropped-cropped-3-1.png\",\"width\":95,\"height\":122,\"caption\":\"CVI NOTICIAS\"},\"image\":{\"@id\":\"https:\\\/\\\/cvinoticias.com\\\/v3\\\/#\\\/schema\\\/logo\\\/image\\\/\"},\"sameAs\":[\"https:\\\/\\\/www.facebook.com\\\/cvinoticias\",\"https:\\\/\\\/www.instagram.com\\\/cvinoticias\\\/\",\"https:\\\/\\\/www.youtube.com\\\/@CVINOTICIAS\"]},{\"@type\":\"Person\",\"@id\":\"https:\\\/\\\/cvinoticias.com\\\/v3\\\/#\\\/schema\\\/person\\\/2db77e3c6bc03c538495d7b2b8be9b66\",\"name\":\"f1000024\",\"image\":{\"@type\":\"ImageObject\",\"inLanguage\":\"es\",\"@id\":\"https:\\\/\\\/secure.gravatar.com\\\/avatar\\\/d4fe7459cfc51ff5129ce1a732bbef5928568b8092d412ef95611616376bbeed?s=96&d=mm&r=g\",\"url\":\"https:\\\/\\\/secure.gravatar.com\\\/avatar\\\/d4fe7459cfc51ff5129ce1a732bbef5928568b8092d412ef95611616376bbeed?s=96&d=mm&r=g\",\"contentUrl\":\"https:\\\/\\\/secure.gravatar.com\\\/avatar\\\/d4fe7459cfc51ff5129ce1a732bbef5928568b8092d412ef95611616376bbeed?s=96&d=mm&r=g\",\"caption\":\"f1000024\"},\"url\":\"https:\\\/\\\/cvinoticias.com\\\/v3\\\/author\\\/f1000024\\\/\"}]}<\/script>\n<!-- \/ Yoast SEO plugin. -->","yoast_head_json":{"title":"C\u00f3mo ser\u00e1 la promesa a la Bandera nacional en Misiones | CVI NOTICIAS","robots":{"index":"index","follow":"follow","max-snippet":"max-snippet:-1","max-image-preview":"max-image-preview:large","max-video-preview":"max-video-preview:-1"},"canonical":"https:\/\/cvinoticias.com\/v3\/como-sera-la-promesa-a-la-bandera-nacional-en-misiones\/","og_locale":"es_ES","og_type":"article","og_title":"C\u00f3mo ser\u00e1 la promesa a la Bandera nacional en Misiones | CVI NOTICIAS","og_description":"\u201cLa toma de lealtad a la bandera se har\u00e1 a trav\u00e9s de las burbujas establecidas, no en un s\u00f3lo d\u00eda sino durante toda la semana\u201d, explic\u00f3 el presidente del CGE. El presidente del Consejo General de Educaci\u00f3n, Alberto Galarza, se refiri\u00f3 a la situaci\u00f3n educativa actual en la provincia, a los preparativos en las escuelas [&hellip;]","og_url":"https:\/\/cvinoticias.com\/v3\/como-sera-la-promesa-a-la-bandera-nacional-en-misiones\/","og_site_name":"CVI NOTICIAS","article_publisher":"https:\/\/www.facebook.com\/cvinoticias","article_published_time":"2021-06-16T12:13:01+00:00","og_image":[{"width":1026,"height":512,"url":"https:\/\/cvinoticias.com\/wp-content\/uploads\/2021\/06\/Screenshot_20210616-091130_Chrome.jpg","type":"image\/jpeg"}],"author":"f1000024","twitter_card":"summary_large_image","twitter_misc":{"Escrito por":"f1000024","Tiempo de lectura":"1 minuto"},"schema":{"@context":"https:\/\/schema.org","@graph":[{"@type":"Article","@id":"https:\/\/cvinoticias.com\/v3\/como-sera-la-promesa-a-la-bandera-nacional-en-misiones\/#article","isPartOf":{"@id":"https:\/\/cvinoticias.com\/v3\/como-sera-la-promesa-a-la-bandera-nacional-en-misiones\/"},"author":{"name":"f1000024","@id":"https:\/\/cvinoticias.com\/v3\/#\/schema\/person\/2db77e3c6bc03c538495d7b2b8be9b66"},"headline":"C\u00f3mo ser\u00e1 la promesa a la Bandera nacional en Misiones","datePublished":"2021-06-16T12:13:01+00:00","mainEntityOfPage":{"@id":"https:\/\/cvinoticias.com\/v3\/como-sera-la-promesa-a-la-bandera-nacional-en-misiones\/"},"wordCount":294,"commentCount":0,"publisher":{"@id":"https:\/\/cvinoticias.com\/v3\/#organization"},"image":{"@id":"https:\/\/cvinoticias.com\/v3\/como-sera-la-promesa-a-la-bandera-nacional-en-misiones\/#primaryimage"},"thumbnailUrl":"https:\/\/cvinoticias.com\/wp-content\/uploads\/2021\/06\/Screenshot_20210616-091130_Chrome.jpg","articleSection":["Informaci\u00f3n General"],"inLanguage":"es","potentialAction":[{"@type":"CommentAction","name":"Comment","target":["https:\/\/cvinoticias.com\/v3\/como-sera-la-promesa-a-la-bandera-nacional-en-misiones\/#respond"]}]},{"@type":"WebPage","@id":"https:\/\/cvinoticias.com\/v3\/como-sera-la-promesa-a-la-bandera-nacional-en-misiones\/","url":"https:\/\/cvinoticias.com\/v3\/como-sera-la-promesa-a-la-bandera-nacional-en-misiones\/","name":"C\u00f3mo ser\u00e1 la promesa a la Bandera nacional en Misiones | CVI NOTICIAS","isPartOf":{"@id":"https:\/\/cvinoticias.com\/v3\/#website"},"primaryImageOfPage":{"@id":"https:\/\/cvinoticias.com\/v3\/como-sera-la-promesa-a-la-bandera-nacional-en-misiones\/#primaryimage"},"image":{"@id":"https:\/\/cvinoticias.com\/v3\/como-sera-la-promesa-a-la-bandera-nacional-en-misiones\/#primaryimage"},"thumbnailUrl":"https:\/\/cvinoticias.com\/wp-content\/uploads\/2021\/06\/Screenshot_20210616-091130_Chrome.jpg","datePublished":"2021-06-16T12:13:01+00:00","breadcrumb":{"@id":"https:\/\/cvinoticias.com\/v3\/como-sera-la-promesa-a-la-bandera-nacional-en-misiones\/#breadcrumb"},"inLanguage":"es","potentialAction":[{"@type":"ReadAction","target":["https:\/\/cvinoticias.com\/v3\/como-sera-la-promesa-a-la-bandera-nacional-en-misiones\/"]}]},{"@type":"ImageObject","inLanguage":"es","@id":"https:\/\/cvinoticias.com\/v3\/como-sera-la-promesa-a-la-bandera-nacional-en-misiones\/#primaryimage","url":"https:\/\/cvinoticias.com\/wp-content\/uploads\/2021\/06\/Screenshot_20210616-091130_Chrome.jpg","contentUrl":"https:\/\/cvinoticias.com\/wp-content\/uploads\/2021\/06\/Screenshot_20210616-091130_Chrome.jpg","width":1026,"height":512},{"@type":"BreadcrumbList","@id":"https:\/\/cvinoticias.com\/v3\/como-sera-la-promesa-a-la-bandera-nacional-en-misiones\/#breadcrumb","itemListElement":[{"@type":"ListItem","position":1,"name":"Portada","item":"https:\/\/cvinoticias.com\/v3\/"},{"@type":"ListItem","position":2,"name":"C\u00f3mo ser\u00e1 la promesa a la Bandera nacional en Misiones"}]},{"@type":"WebSite","@id":"https:\/\/cvinoticias.com\/v3\/#website","url":"https:\/\/cvinoticias.com\/v3\/","name":"CVI NOTICIAS","description":"","publisher":{"@id":"https:\/\/cvinoticias.com\/v3\/#organization"},"alternateName":"CVI","potentialAction":[{"@type":"SearchAction","target":{"@type":"EntryPoint","urlTemplate":"https:\/\/cvinoticias.com\/v3\/?s={search_term_string}"},"query-input":{"@type":"PropertyValueSpecification","valueRequired":true,"valueName":"search_term_string"}}],"inLanguage":"es"},{"@type":"Organization","@id":"https:\/\/cvinoticias.com\/v3\/#organization","name":"CVI NOTICIAS","url":"https:\/\/cvinoticias.com\/v3\/","logo":{"@type":"ImageObject","inLanguage":"es","@id":"https:\/\/cvinoticias.com\/v3\/#\/schema\/logo\/image\/","url":"https:\/\/cvinoticias.com\/wp-content\/uploads\/2023\/04\/cropped-cropped-cropped-cropped-cropped-3-1.png","contentUrl":"https:\/\/cvinoticias.com\/wp-content\/uploads\/2023\/04\/cropped-cropped-cropped-cropped-cropped-3-1.png","width":95,"height":122,"caption":"CVI NOTICIAS"},"image":{"@id":"https:\/\/cvinoticias.com\/v3\/#\/schema\/logo\/image\/"},"sameAs":["https:\/\/www.facebook.com\/cvinoticias","https:\/\/www.instagram.com\/cvinoticias\/","https:\/\/www.youtube.com\/@CVINOTICIAS"]},{"@type":"Person","@id":"https:\/\/cvinoticias.com\/v3\/#\/schema\/person\/2db77e3c6bc03c538495d7b2b8be9b66","name":"f1000024","image":{"@type":"ImageObject","inLanguage":"es","@id":"https:\/\/secure.gravatar.com\/avatar\/d4fe7459cfc51ff5129ce1a732bbef5928568b8092d412ef95611616376bbeed?s=96&d=mm&r=g","url":"https:\/\/secure.gravatar.com\/avatar\/d4fe7459cfc51ff5129ce1a732bbef5928568b8092d412ef95611616376bbeed?s=96&d=mm&r=g","contentUrl":"https:\/\/secure.gravatar.com\/avatar\/d4fe7459cfc51ff5129ce1a732bbef5928568b8092d412ef95611616376bbeed?s=96&d=mm&r=g","caption":"f1000024"},"url":"https:\/\/cvinoticias.com\/v3\/author\/f1000024\/"}]}},"_links":{"self":[{"href":"https:\/\/cvinoticias.com\/v3\/wp-json\/wp\/v2\/posts\/5989","targetHints":{"allow":["GET"]}}],"collection":[{"href":"https:\/\/cvinoticias.com\/v3\/wp-json\/wp\/v2\/posts"}],"about":[{"href":"https:\/\/cvinoticias.com\/v3\/wp-json\/wp\/v2\/types\/post"}],"author":[{"embeddable":true,"href":"https:\/\/cvinoticias.com\/v3\/wp-json\/wp\/v2\/users\/2"}],"replies":[{"embeddable":true,"href":"https:\/\/cvinoticias.com\/v3\/wp-json\/wp\/v2\/comments?post=5989"}],"version-history":[{"count":1,"href":"https:\/\/cvinoticias.com\/v3\/wp-json\/wp\/v2\/posts\/5989\/revisions"}],"predecessor-version":[{"id":5991,"href":"https:\/\/cvinoticias.com\/v3\/wp-json\/wp\/v2\/posts\/5989\/revisions\/5991"}],"wp:featuredmedia":[{"embeddable":true,"href":"https:\/\/cvinoticias.com\/v3\/wp-json\/wp\/v2\/media\/5990"}],"wp:attachment":[{"href":"https:\/\/cvinoticias.com\/v3\/wp-json\/wp\/v2\/media?parent=5989"}],"wp:term":[{"taxonomy":"category","embeddable":true,"href":"https:\/\/cvinoticias.com\/v3\/wp-json\/wp\/v2\/categories?post=5989"},{"taxonomy":"post_tag","embeddable":true,"href":"https:\/\/cvinoticias.com\/v3\/wp-json\/wp\/v2\/tags?post=5989"}],"curies":[{"name":"wp","href":"https:\/\/api.w.org\/{rel}","templated":true}]}}