{"id":5966,"date":"2021-06-15T22:35:00","date_gmt":"2021-06-15T22:35:00","guid":{"rendered":"https:\/\/cvinoticias.com\/v3\/?p=5966"},"modified":"2021-06-15T23:45:15","modified_gmt":"2021-06-15T23:45:15","slug":"se-busca-el-paradero-de-luciana-abril-villalba-de-18-anos","status":"publish","type":"post","link":"https:\/\/cvinoticias.com\/v3\/se-busca-el-paradero-de-luciana-abril-villalba-de-18-anos\/","title":{"rendered":"Se busca el paradero de Luciana Abril Villalba, de 18 a\u00f1os"},"content":{"rendered":"\n<p><strong><em>En las \u00faltimas horas la madre de la joven se present\u00f3 en la Comisar\u00eda de la Mujer dando cuenta que su hija se ausent\u00f3 del domicilio ubicado en el barrio Riveras del Paran\u00e1 de la ciudad de Puerto Iguaz\u00fa, en horas del mediod\u00eda no regresando hasta el momento, desconociendo su paradero actual.<\/em><\/strong><\/p>\n\n\n\n<p>La joven tiene un metro setenta y cinco de estatura, contextura delgada cabellos lacios cortos. Al momento de ausentarse la jovencita vest\u00eda un buzo de gimnasia color gris oscuro, un buzo color negro con capucha y calzaba zapatillas color negro.<\/p>\n\n\n\n<p>Se solicita cualquier informaci\u00f3n comunicarse al 3757302590  o dirigirse a la comisar\u00eda m\u00e1s cercana.<\/p>\n\n\n\n<p>Fuente: Prensa Unidad Regional V<\/p>\n","protected":false},"excerpt":{"rendered":"<p>En las \u00faltimas horas la madre de la joven se present\u00f3 en la Comisar\u00eda de la Mujer dando cuenta que su hija se ausent\u00f3 del domicilio ubicado en el barrio Riveras del Paran\u00e1 de la ciudad de Puerto Iguaz\u00fa, en horas del mediod\u00eda no regresando hasta el momento, desconociendo su paradero actual. La joven tiene [&hellip;]<\/p>\n","protected":false},"author":2,"featured_media":5967,"comment_status":"open","ping_status":"open","sticky":false,"template":"","format":"standard","meta":{"footnotes":""},"categories":[41],"tags":[],"class_list":["post-5966","post","type-post","status-publish","format-standard","has-post-thumbnail","hentry","category-policiales"],"yoast_head":"<!-- This site is optimized with the Yoast SEO plugin v27.5 - https:\/\/yoast.com\/product\/yoast-seo-wordpress\/ -->\n<title>Se busca el paradero de Luciana Abril Villalba, de 18 a\u00f1os | CVI NOTICIAS<\/title>\n<meta name=\"robots\" content=\"index, follow, max-snippet:-1, max-image-preview:large, max-video-preview:-1\" \/>\n<link rel=\"canonical\" href=\"https:\/\/cvinoticias.com\/v3\/se-busca-el-paradero-de-luciana-abril-villalba-de-18-anos\/\" \/>\n<meta property=\"og:locale\" content=\"es_ES\" \/>\n<meta property=\"og:type\" content=\"article\" \/>\n<meta property=\"og:title\" content=\"Se busca el paradero de Luciana Abril Villalba, de 18 a\u00f1os | CVI NOTICIAS\" \/>\n<meta property=\"og:description\" content=\"En las \u00faltimas horas la madre de la joven se present\u00f3 en la Comisar\u00eda de la Mujer dando cuenta que su hija se ausent\u00f3 del domicilio ubicado en el barrio Riveras del Paran\u00e1 de la ciudad de Puerto Iguaz\u00fa, en horas del mediod\u00eda no regresando hasta el momento, desconociendo su paradero actual. La joven tiene [&hellip;]\" \/>\n<meta property=\"og:url\" content=\"https:\/\/cvinoticias.com\/v3\/se-busca-el-paradero-de-luciana-abril-villalba-de-18-anos\/\" \/>\n<meta property=\"og:site_name\" content=\"CVI NOTICIAS\" \/>\n<meta property=\"article:publisher\" content=\"https:\/\/www.facebook.com\/cvinoticias\" \/>\n<meta property=\"article:published_time\" content=\"2021-06-15T22:35:00+00:00\" \/>\n<meta property=\"article:modified_time\" content=\"2021-06-15T23:45:15+00:00\" \/>\n<meta property=\"og:image\" content=\"https:\/\/cvinoticias.com\/wp-content\/uploads\/2021\/06\/FB_IMG_1623796151767.jpg\" \/>\n\t<meta property=\"og:image:width\" content=\"720\" \/>\n\t<meta property=\"og:image:height\" content=\"1037\" \/>\n\t<meta property=\"og:image:type\" content=\"image\/jpeg\" \/>\n<meta name=\"author\" content=\"f1000024\" \/>\n<meta name=\"twitter:card\" content=\"summary_large_image\" \/>\n<meta name=\"twitter:label1\" content=\"Escrito por\" \/>\n\t<meta name=\"twitter:data1\" content=\"f1000024\" \/>\n\t<meta name=\"twitter:label2\" content=\"Tiempo de lectura\" \/>\n\t<meta name=\"twitter:data2\" content=\"1 minuto\" \/>\n<script type=\"application\/ld+json\" class=\"yoast-schema-graph\">{\"@context\":\"https:\\\/\\\/schema.org\",\"@graph\":[{\"@type\":\"Article\",\"@id\":\"https:\\\/\\\/cvinoticias.com\\\/v3\\\/se-busca-el-paradero-de-luciana-abril-villalba-de-18-anos\\\/#article\",\"isPartOf\":{\"@id\":\"https:\\\/\\\/cvinoticias.com\\\/v3\\\/se-busca-el-paradero-de-luciana-abril-villalba-de-18-anos\\\/\"},\"author\":{\"name\":\"f1000024\",\"@id\":\"https:\\\/\\\/cvinoticias.com\\\/v3\\\/#\\\/schema\\\/person\\\/2db77e3c6bc03c538495d7b2b8be9b66\"},\"headline\":\"Se busca el paradero de Luciana Abril Villalba, de 18 a\u00f1os\",\"datePublished\":\"2021-06-15T22:35:00+00:00\",\"dateModified\":\"2021-06-15T23:45:15+00:00\",\"mainEntityOfPage\":{\"@id\":\"https:\\\/\\\/cvinoticias.com\\\/v3\\\/se-busca-el-paradero-de-luciana-abril-villalba-de-18-anos\\\/\"},\"wordCount\":127,\"commentCount\":0,\"publisher\":{\"@id\":\"https:\\\/\\\/cvinoticias.com\\\/v3\\\/#organization\"},\"image\":{\"@id\":\"https:\\\/\\\/cvinoticias.com\\\/v3\\\/se-busca-el-paradero-de-luciana-abril-villalba-de-18-anos\\\/#primaryimage\"},\"thumbnailUrl\":\"https:\\\/\\\/cvinoticias.com\\\/wp-content\\\/uploads\\\/2021\\\/06\\\/FB_IMG_1623796151767.jpg\",\"articleSection\":[\"Policiales\"],\"inLanguage\":\"es\",\"potentialAction\":[{\"@type\":\"CommentAction\",\"name\":\"Comment\",\"target\":[\"https:\\\/\\\/cvinoticias.com\\\/v3\\\/se-busca-el-paradero-de-luciana-abril-villalba-de-18-anos\\\/#respond\"]}]},{\"@type\":\"WebPage\",\"@id\":\"https:\\\/\\\/cvinoticias.com\\\/v3\\\/se-busca-el-paradero-de-luciana-abril-villalba-de-18-anos\\\/\",\"url\":\"https:\\\/\\\/cvinoticias.com\\\/v3\\\/se-busca-el-paradero-de-luciana-abril-villalba-de-18-anos\\\/\",\"name\":\"Se busca el paradero de Luciana Abril Villalba, de 18 a\u00f1os | CVI NOTICIAS\",\"isPartOf\":{\"@id\":\"https:\\\/\\\/cvinoticias.com\\\/v3\\\/#website\"},\"primaryImageOfPage\":{\"@id\":\"https:\\\/\\\/cvinoticias.com\\\/v3\\\/se-busca-el-paradero-de-luciana-abril-villalba-de-18-anos\\\/#primaryimage\"},\"image\":{\"@id\":\"https:\\\/\\\/cvinoticias.com\\\/v3\\\/se-busca-el-paradero-de-luciana-abril-villalba-de-18-anos\\\/#primaryimage\"},\"thumbnailUrl\":\"https:\\\/\\\/cvinoticias.com\\\/wp-content\\\/uploads\\\/2021\\\/06\\\/FB_IMG_1623796151767.jpg\",\"datePublished\":\"2021-06-15T22:35:00+00:00\",\"dateModified\":\"2021-06-15T23:45:15+00:00\",\"breadcrumb\":{\"@id\":\"https:\\\/\\\/cvinoticias.com\\\/v3\\\/se-busca-el-paradero-de-luciana-abril-villalba-de-18-anos\\\/#breadcrumb\"},\"inLanguage\":\"es\",\"potentialAction\":[{\"@type\":\"ReadAction\",\"target\":[\"https:\\\/\\\/cvinoticias.com\\\/v3\\\/se-busca-el-paradero-de-luciana-abril-villalba-de-18-anos\\\/\"]}]},{\"@type\":\"ImageObject\",\"inLanguage\":\"es\",\"@id\":\"https:\\\/\\\/cvinoticias.com\\\/v3\\\/se-busca-el-paradero-de-luciana-abril-villalba-de-18-anos\\\/#primaryimage\",\"url\":\"https:\\\/\\\/cvinoticias.com\\\/wp-content\\\/uploads\\\/2021\\\/06\\\/FB_IMG_1623796151767.jpg\",\"contentUrl\":\"https:\\\/\\\/cvinoticias.com\\\/wp-content\\\/uploads\\\/2021\\\/06\\\/FB_IMG_1623796151767.jpg\",\"width\":720,\"height\":1037},{\"@type\":\"BreadcrumbList\",\"@id\":\"https:\\\/\\\/cvinoticias.com\\\/v3\\\/se-busca-el-paradero-de-luciana-abril-villalba-de-18-anos\\\/#breadcrumb\",\"itemListElement\":[{\"@type\":\"ListItem\",\"position\":1,\"name\":\"Portada\",\"item\":\"https:\\\/\\\/cvinoticias.com\\\/v3\\\/\"},{\"@type\":\"ListItem\",\"position\":2,\"name\":\"Se busca el paradero de Luciana Abril Villalba, de 18 a\u00f1os\"}]},{\"@type\":\"WebSite\",\"@id\":\"https:\\\/\\\/cvinoticias.com\\\/v3\\\/#website\",\"url\":\"https:\\\/\\\/cvinoticias.com\\\/v3\\\/\",\"name\":\"CVI NOTICIAS\",\"description\":\"\",\"publisher\":{\"@id\":\"https:\\\/\\\/cvinoticias.com\\\/v3\\\/#organization\"},\"alternateName\":\"CVI\",\"potentialAction\":[{\"@type\":\"SearchAction\",\"target\":{\"@type\":\"EntryPoint\",\"urlTemplate\":\"https:\\\/\\\/cvinoticias.com\\\/v3\\\/?s={search_term_string}\"},\"query-input\":{\"@type\":\"PropertyValueSpecification\",\"valueRequired\":true,\"valueName\":\"search_term_string\"}}],\"inLanguage\":\"es\"},{\"@type\":\"Organization\",\"@id\":\"https:\\\/\\\/cvinoticias.com\\\/v3\\\/#organization\",\"name\":\"CVI NOTICIAS\",\"url\":\"https:\\\/\\\/cvinoticias.com\\\/v3\\\/\",\"logo\":{\"@type\":\"ImageObject\",\"inLanguage\":\"es\",\"@id\":\"https:\\\/\\\/cvinoticias.com\\\/v3\\\/#\\\/schema\\\/logo\\\/image\\\/\",\"url\":\"https:\\\/\\\/cvinoticias.com\\\/wp-content\\\/uploads\\\/2023\\\/04\\\/cropped-cropped-cropped-cropped-cropped-3-1.png\",\"contentUrl\":\"https:\\\/\\\/cvinoticias.com\\\/wp-content\\\/uploads\\\/2023\\\/04\\\/cropped-cropped-cropped-cropped-cropped-3-1.png\",\"width\":95,\"height\":122,\"caption\":\"CVI NOTICIAS\"},\"image\":{\"@id\":\"https:\\\/\\\/cvinoticias.com\\\/v3\\\/#\\\/schema\\\/logo\\\/image\\\/\"},\"sameAs\":[\"https:\\\/\\\/www.facebook.com\\\/cvinoticias\",\"https:\\\/\\\/www.instagram.com\\\/cvinoticias\\\/\",\"https:\\\/\\\/www.youtube.com\\\/@CVINOTICIAS\"]},{\"@type\":\"Person\",\"@id\":\"https:\\\/\\\/cvinoticias.com\\\/v3\\\/#\\\/schema\\\/person\\\/2db77e3c6bc03c538495d7b2b8be9b66\",\"name\":\"f1000024\",\"image\":{\"@type\":\"ImageObject\",\"inLanguage\":\"es\",\"@id\":\"https:\\\/\\\/secure.gravatar.com\\\/avatar\\\/d4fe7459cfc51ff5129ce1a732bbef5928568b8092d412ef95611616376bbeed?s=96&d=mm&r=g\",\"url\":\"https:\\\/\\\/secure.gravatar.com\\\/avatar\\\/d4fe7459cfc51ff5129ce1a732bbef5928568b8092d412ef95611616376bbeed?s=96&d=mm&r=g\",\"contentUrl\":\"https:\\\/\\\/secure.gravatar.com\\\/avatar\\\/d4fe7459cfc51ff5129ce1a732bbef5928568b8092d412ef95611616376bbeed?s=96&d=mm&r=g\",\"caption\":\"f1000024\"},\"url\":\"https:\\\/\\\/cvinoticias.com\\\/v3\\\/author\\\/f1000024\\\/\"}]}<\/script>\n<!-- \/ Yoast SEO plugin. -->","yoast_head_json":{"title":"Se busca el paradero de Luciana Abril Villalba, de 18 a\u00f1os | CVI NOTICIAS","robots":{"index":"index","follow":"follow","max-snippet":"max-snippet:-1","max-image-preview":"max-image-preview:large","max-video-preview":"max-video-preview:-1"},"canonical":"https:\/\/cvinoticias.com\/v3\/se-busca-el-paradero-de-luciana-abril-villalba-de-18-anos\/","og_locale":"es_ES","og_type":"article","og_title":"Se busca el paradero de Luciana Abril Villalba, de 18 a\u00f1os | CVI NOTICIAS","og_description":"En las \u00faltimas horas la madre de la joven se present\u00f3 en la Comisar\u00eda de la Mujer dando cuenta que su hija se ausent\u00f3 del domicilio ubicado en el barrio Riveras del Paran\u00e1 de la ciudad de Puerto Iguaz\u00fa, en horas del mediod\u00eda no regresando hasta el momento, desconociendo su paradero actual. La joven tiene [&hellip;]","og_url":"https:\/\/cvinoticias.com\/v3\/se-busca-el-paradero-de-luciana-abril-villalba-de-18-anos\/","og_site_name":"CVI NOTICIAS","article_publisher":"https:\/\/www.facebook.com\/cvinoticias","article_published_time":"2021-06-15T22:35:00+00:00","article_modified_time":"2021-06-15T23:45:15+00:00","og_image":[{"width":720,"height":1037,"url":"https:\/\/cvinoticias.com\/wp-content\/uploads\/2021\/06\/FB_IMG_1623796151767.jpg","type":"image\/jpeg"}],"author":"f1000024","twitter_card":"summary_large_image","twitter_misc":{"Escrito por":"f1000024","Tiempo de lectura":"1 minuto"},"schema":{"@context":"https:\/\/schema.org","@graph":[{"@type":"Article","@id":"https:\/\/cvinoticias.com\/v3\/se-busca-el-paradero-de-luciana-abril-villalba-de-18-anos\/#article","isPartOf":{"@id":"https:\/\/cvinoticias.com\/v3\/se-busca-el-paradero-de-luciana-abril-villalba-de-18-anos\/"},"author":{"name":"f1000024","@id":"https:\/\/cvinoticias.com\/v3\/#\/schema\/person\/2db77e3c6bc03c538495d7b2b8be9b66"},"headline":"Se busca el paradero de Luciana Abril Villalba, de 18 a\u00f1os","datePublished":"2021-06-15T22:35:00+00:00","dateModified":"2021-06-15T23:45:15+00:00","mainEntityOfPage":{"@id":"https:\/\/cvinoticias.com\/v3\/se-busca-el-paradero-de-luciana-abril-villalba-de-18-anos\/"},"wordCount":127,"commentCount":0,"publisher":{"@id":"https:\/\/cvinoticias.com\/v3\/#organization"},"image":{"@id":"https:\/\/cvinoticias.com\/v3\/se-busca-el-paradero-de-luciana-abril-villalba-de-18-anos\/#primaryimage"},"thumbnailUrl":"https:\/\/cvinoticias.com\/wp-content\/uploads\/2021\/06\/FB_IMG_1623796151767.jpg","articleSection":["Policiales"],"inLanguage":"es","potentialAction":[{"@type":"CommentAction","name":"Comment","target":["https:\/\/cvinoticias.com\/v3\/se-busca-el-paradero-de-luciana-abril-villalba-de-18-anos\/#respond"]}]},{"@type":"WebPage","@id":"https:\/\/cvinoticias.com\/v3\/se-busca-el-paradero-de-luciana-abril-villalba-de-18-anos\/","url":"https:\/\/cvinoticias.com\/v3\/se-busca-el-paradero-de-luciana-abril-villalba-de-18-anos\/","name":"Se busca el paradero de Luciana Abril Villalba, de 18 a\u00f1os | CVI NOTICIAS","isPartOf":{"@id":"https:\/\/cvinoticias.com\/v3\/#website"},"primaryImageOfPage":{"@id":"https:\/\/cvinoticias.com\/v3\/se-busca-el-paradero-de-luciana-abril-villalba-de-18-anos\/#primaryimage"},"image":{"@id":"https:\/\/cvinoticias.com\/v3\/se-busca-el-paradero-de-luciana-abril-villalba-de-18-anos\/#primaryimage"},"thumbnailUrl":"https:\/\/cvinoticias.com\/wp-content\/uploads\/2021\/06\/FB_IMG_1623796151767.jpg","datePublished":"2021-06-15T22:35:00+00:00","dateModified":"2021-06-15T23:45:15+00:00","breadcrumb":{"@id":"https:\/\/cvinoticias.com\/v3\/se-busca-el-paradero-de-luciana-abril-villalba-de-18-anos\/#breadcrumb"},"inLanguage":"es","potentialAction":[{"@type":"ReadAction","target":["https:\/\/cvinoticias.com\/v3\/se-busca-el-paradero-de-luciana-abril-villalba-de-18-anos\/"]}]},{"@type":"ImageObject","inLanguage":"es","@id":"https:\/\/cvinoticias.com\/v3\/se-busca-el-paradero-de-luciana-abril-villalba-de-18-anos\/#primaryimage","url":"https:\/\/cvinoticias.com\/wp-content\/uploads\/2021\/06\/FB_IMG_1623796151767.jpg","contentUrl":"https:\/\/cvinoticias.com\/wp-content\/uploads\/2021\/06\/FB_IMG_1623796151767.jpg","width":720,"height":1037},{"@type":"BreadcrumbList","@id":"https:\/\/cvinoticias.com\/v3\/se-busca-el-paradero-de-luciana-abril-villalba-de-18-anos\/#breadcrumb","itemListElement":[{"@type":"ListItem","position":1,"name":"Portada","item":"https:\/\/cvinoticias.com\/v3\/"},{"@type":"ListItem","position":2,"name":"Se busca el paradero de Luciana Abril Villalba, de 18 a\u00f1os"}]},{"@type":"WebSite","@id":"https:\/\/cvinoticias.com\/v3\/#website","url":"https:\/\/cvinoticias.com\/v3\/","name":"CVI NOTICIAS","description":"","publisher":{"@id":"https:\/\/cvinoticias.com\/v3\/#organization"},"alternateName":"CVI","potentialAction":[{"@type":"SearchAction","target":{"@type":"EntryPoint","urlTemplate":"https:\/\/cvinoticias.com\/v3\/?s={search_term_string}"},"query-input":{"@type":"PropertyValueSpecification","valueRequired":true,"valueName":"search_term_string"}}],"inLanguage":"es"},{"@type":"Organization","@id":"https:\/\/cvinoticias.com\/v3\/#organization","name":"CVI NOTICIAS","url":"https:\/\/cvinoticias.com\/v3\/","logo":{"@type":"ImageObject","inLanguage":"es","@id":"https:\/\/cvinoticias.com\/v3\/#\/schema\/logo\/image\/","url":"https:\/\/cvinoticias.com\/wp-content\/uploads\/2023\/04\/cropped-cropped-cropped-cropped-cropped-3-1.png","contentUrl":"https:\/\/cvinoticias.com\/wp-content\/uploads\/2023\/04\/cropped-cropped-cropped-cropped-cropped-3-1.png","width":95,"height":122,"caption":"CVI NOTICIAS"},"image":{"@id":"https:\/\/cvinoticias.com\/v3\/#\/schema\/logo\/image\/"},"sameAs":["https:\/\/www.facebook.com\/cvinoticias","https:\/\/www.instagram.com\/cvinoticias\/","https:\/\/www.youtube.com\/@CVINOTICIAS"]},{"@type":"Person","@id":"https:\/\/cvinoticias.com\/v3\/#\/schema\/person\/2db77e3c6bc03c538495d7b2b8be9b66","name":"f1000024","image":{"@type":"ImageObject","inLanguage":"es","@id":"https:\/\/secure.gravatar.com\/avatar\/d4fe7459cfc51ff5129ce1a732bbef5928568b8092d412ef95611616376bbeed?s=96&d=mm&r=g","url":"https:\/\/secure.gravatar.com\/avatar\/d4fe7459cfc51ff5129ce1a732bbef5928568b8092d412ef95611616376bbeed?s=96&d=mm&r=g","contentUrl":"https:\/\/secure.gravatar.com\/avatar\/d4fe7459cfc51ff5129ce1a732bbef5928568b8092d412ef95611616376bbeed?s=96&d=mm&r=g","caption":"f1000024"},"url":"https:\/\/cvinoticias.com\/v3\/author\/f1000024\/"}]}},"_links":{"self":[{"href":"https:\/\/cvinoticias.com\/v3\/wp-json\/wp\/v2\/posts\/5966","targetHints":{"allow":["GET"]}}],"collection":[{"href":"https:\/\/cvinoticias.com\/v3\/wp-json\/wp\/v2\/posts"}],"about":[{"href":"https:\/\/cvinoticias.com\/v3\/wp-json\/wp\/v2\/types\/post"}],"author":[{"embeddable":true,"href":"https:\/\/cvinoticias.com\/v3\/wp-json\/wp\/v2\/users\/2"}],"replies":[{"embeddable":true,"href":"https:\/\/cvinoticias.com\/v3\/wp-json\/wp\/v2\/comments?post=5966"}],"version-history":[{"count":2,"href":"https:\/\/cvinoticias.com\/v3\/wp-json\/wp\/v2\/posts\/5966\/revisions"}],"predecessor-version":[{"id":5978,"href":"https:\/\/cvinoticias.com\/v3\/wp-json\/wp\/v2\/posts\/5966\/revisions\/5978"}],"wp:featuredmedia":[{"embeddable":true,"href":"https:\/\/cvinoticias.com\/v3\/wp-json\/wp\/v2\/media\/5967"}],"wp:attachment":[{"href":"https:\/\/cvinoticias.com\/v3\/wp-json\/wp\/v2\/media?parent=5966"}],"wp:term":[{"taxonomy":"category","embeddable":true,"href":"https:\/\/cvinoticias.com\/v3\/wp-json\/wp\/v2\/categories?post=5966"},{"taxonomy":"post_tag","embeddable":true,"href":"https:\/\/cvinoticias.com\/v3\/wp-json\/wp\/v2\/tags?post=5966"}],"curies":[{"name":"wp","href":"https:\/\/api.w.org\/{rel}","templated":true}]}}