{"id":5963,"date":"2021-06-15T19:16:23","date_gmt":"2021-06-15T19:16:23","guid":{"rendered":"https:\/\/cvinoticias.com\/v3\/?p=5963"},"modified":"2021-06-15T19:16:23","modified_gmt":"2021-06-15T19:16:23","slug":"los-comercios-misioneros-ya-se-pueden-inscribir-al-programa-ahora-misiones-15-que-estara-vigente-desde-el-1-de-julio","status":"publish","type":"post","link":"https:\/\/cvinoticias.com\/v3\/los-comercios-misioneros-ya-se-pueden-inscribir-al-programa-ahora-misiones-15-que-estara-vigente-desde-el-1-de-julio\/","title":{"rendered":"Los comercios misioneros ya se pueden inscribir al programa \u00abAhora  Misiones\u00bb  + 15%, que estar\u00e1 vigente desde el 1\u00b0 de julio"},"content":{"rendered":"\n<p><strong><em>Los comercios misioneros que se adhieran al nuevo programa podr\u00e1n ofrecer un 35% de reintegro, y los comercios radicados en otras provincias un 30% de reintegro, adem\u00e1s de la financiaci\u00f3n en 1, 3, 6 o 12 cuotas sin intereses. \u2063<\/em><\/strong><br>\u2063<br>A trav\u00e9s de este programa los comercios de los rubros que se ven m\u00e1s afectados por el comercio fronterizo (indumentaria, textiles, calzado, materiales de construcci\u00f3n, electr\u00f3nica, electrodom\u00e9sticos, juguetes y cubiertas y repuestos de autos y motos) podr\u00e1n ofrecer productos con un reintegro que supera ampliamente a todos los programas presentados previamente. \u2063<br>\u2063<br>Adem\u00e1s del 35 o 30% de reintegro, las compras podr\u00e1n ser financiadas en 1, 3, 6 o 12 sin inter\u00e9s a trav\u00e9s de las tarjetas Visa, Mastercard y American Express del Banco Macro y a trav\u00e9s de tarjeta Cabal del Banco Credicoop. El monto m\u00e1ximo financiable ser\u00e1 de 100 mil pesos, con un tope de reintegro de 10 mil, por marca de tarjeta de cr\u00e9dito y por mes.\u2063<br>\u2063<br>Este programa estar\u00e1 vigente hasta el 31 de diciembre y operar\u00e1 \u00fanicamente para la compra de productos de origen nacional o con componentes nacionales dentro de los rubros incluidos. Se trata de una medida que, adem\u00e1s de dinamizar la econom\u00eda misionera mejorando la competitividad del comercio local, busca tambi\u00e9n fomentar la industria a nivel provincial y nacional.\u2063<br>\u2063<br>Todos los comercios dedicados a los rubros afectados por la medida pueden solicitar su inscripci\u00f3n para comenzar a operar a partir del 1\u00b0 de julio a trav\u00e9s del siguiente enlace https:\/\/ahora.misiones.gob.ar\/ (tienen que crear una cuenta y solicitar adherirse al programa)\u2063<br>\u2063<br>Los comercios que ya se encuentran operando con los programas Ahora Misiones o Ahora Bienes Durables (en algunos de los rubros alcanzados por Ahora Misiones +15%) deber\u00e1n decidir si contin\u00faan participando en esos programas o se suman a esta nueva herramienta; ya que la participaci\u00f3n en estos tres programas es excluyente: los comercios pueden participar s\u00f3lo en uno.\u2063<br>\u2063<br>Para tomar esta decisi\u00f3n deber\u00e1n tener en cuenta su volumen de ventas de art\u00edculos nacionales o con componentes nacionales. \u2063<br>\u2063<br>Si el comercio vende mayormente productos importados pero dispone en su cat\u00e1logo de productos nacionales igual podr\u00e1 participar del programa. Deber\u00e1n tener en cuenta que los d\u00edas lunes, martes y mi\u00e9rcoles tendr\u00e1 que procesar los pagos de productos importados en una cantidad de cuotas distinta que las del programa: en 2, 4, 5, 7, 8, 9, 10 u 11 cuotas, que est\u00e1n fuera del par\u00e1metro de 1, 3, 6 o 12 cuotas del programa. Esa transacci\u00f3n quedar\u00e1 autom\u00e1ticamente afuera del Ahora Misiones +15%, y el comercio, estando adherido al mismo, podr\u00e1 vender un producto importado sin que sea procesado por el programa.\u2063<br>\u2063<br>Para m\u00e1s informaci\u00f3n pod\u00e9s ingresar a https:\/\/ahora.misiones.gob.ar\/#\/programa\/ahora-misiones-15\u2063<br>\u2063<\/p>\n","protected":false},"excerpt":{"rendered":"<p>Los comercios misioneros que se adhieran al nuevo programa podr\u00e1n ofrecer un 35% de reintegro, y los comercios radicados en otras provincias un 30% de reintegro, adem\u00e1s de la financiaci\u00f3n en 1, 3, 6 o 12 cuotas sin intereses. \u2063\u2063A trav\u00e9s de este programa los comercios de los rubros que se ven m\u00e1s afectados por [&hellip;]<\/p>\n","protected":false},"author":2,"featured_media":5964,"comment_status":"open","ping_status":"open","sticky":false,"template":"","format":"standard","meta":{"footnotes":""},"categories":[32],"tags":[],"class_list":["post-5963","post","type-post","status-publish","format-standard","has-post-thumbnail","hentry","category-economia"],"yoast_head":"<!-- This site is optimized with the Yoast SEO plugin v27.5 - https:\/\/yoast.com\/product\/yoast-seo-wordpress\/ -->\n<title>Los comercios misioneros ya se pueden inscribir al programa &quot;Ahora Misiones&quot; + 15%, que estar\u00e1 vigente desde el 1\u00b0 de julio | CVI NOTICIAS<\/title>\n<meta name=\"robots\" content=\"index, follow, max-snippet:-1, max-image-preview:large, max-video-preview:-1\" \/>\n<link rel=\"canonical\" href=\"https:\/\/cvinoticias.com\/v3\/los-comercios-misioneros-ya-se-pueden-inscribir-al-programa-ahora-misiones-15-que-estara-vigente-desde-el-1-de-julio\/\" \/>\n<meta property=\"og:locale\" content=\"es_ES\" \/>\n<meta property=\"og:type\" content=\"article\" \/>\n<meta property=\"og:title\" content=\"Los comercios misioneros ya se pueden inscribir al programa &quot;Ahora Misiones&quot; + 15%, que estar\u00e1 vigente desde el 1\u00b0 de julio | CVI NOTICIAS\" \/>\n<meta property=\"og:description\" content=\"Los comercios misioneros que se adhieran al nuevo programa podr\u00e1n ofrecer un 35% de reintegro, y los comercios radicados en otras provincias un 30% de reintegro, adem\u00e1s de la financiaci\u00f3n en 1, 3, 6 o 12 cuotas sin intereses. \u2063\u2063A trav\u00e9s de este programa los comercios de los rubros que se ven m\u00e1s afectados por [&hellip;]\" \/>\n<meta property=\"og:url\" content=\"https:\/\/cvinoticias.com\/v3\/los-comercios-misioneros-ya-se-pueden-inscribir-al-programa-ahora-misiones-15-que-estara-vigente-desde-el-1-de-julio\/\" \/>\n<meta property=\"og:site_name\" content=\"CVI NOTICIAS\" \/>\n<meta property=\"article:publisher\" content=\"https:\/\/www.facebook.com\/cvinoticias\" \/>\n<meta property=\"article:published_time\" content=\"2021-06-15T19:16:23+00:00\" \/>\n<meta property=\"og:image\" content=\"https:\/\/cvinoticias.com\/wp-content\/uploads\/2021\/06\/FB_IMG_1623784033592.jpg\" \/>\n\t<meta property=\"og:image:width\" content=\"1080\" \/>\n\t<meta property=\"og:image:height\" content=\"1073\" \/>\n\t<meta property=\"og:image:type\" content=\"image\/jpeg\" \/>\n<meta name=\"author\" content=\"f1000024\" \/>\n<meta name=\"twitter:card\" content=\"summary_large_image\" \/>\n<meta name=\"twitter:label1\" content=\"Escrito por\" \/>\n\t<meta name=\"twitter:data1\" content=\"f1000024\" \/>\n\t<meta name=\"twitter:label2\" content=\"Tiempo de lectura\" \/>\n\t<meta name=\"twitter:data2\" content=\"2 minutos\" \/>\n<script type=\"application\/ld+json\" class=\"yoast-schema-graph\">{\"@context\":\"https:\\\/\\\/schema.org\",\"@graph\":[{\"@type\":\"Article\",\"@id\":\"https:\\\/\\\/cvinoticias.com\\\/v3\\\/los-comercios-misioneros-ya-se-pueden-inscribir-al-programa-ahora-misiones-15-que-estara-vigente-desde-el-1-de-julio\\\/#article\",\"isPartOf\":{\"@id\":\"https:\\\/\\\/cvinoticias.com\\\/v3\\\/los-comercios-misioneros-ya-se-pueden-inscribir-al-programa-ahora-misiones-15-que-estara-vigente-desde-el-1-de-julio\\\/\"},\"author\":{\"name\":\"f1000024\",\"@id\":\"https:\\\/\\\/cvinoticias.com\\\/v3\\\/#\\\/schema\\\/person\\\/2db77e3c6bc03c538495d7b2b8be9b66\"},\"headline\":\"Los comercios misioneros ya se pueden inscribir al programa \u00abAhora Misiones\u00bb + 15%, que estar\u00e1 vigente desde el 1\u00b0 de julio\",\"datePublished\":\"2021-06-15T19:16:23+00:00\",\"mainEntityOfPage\":{\"@id\":\"https:\\\/\\\/cvinoticias.com\\\/v3\\\/los-comercios-misioneros-ya-se-pueden-inscribir-al-programa-ahora-misiones-15-que-estara-vigente-desde-el-1-de-julio\\\/\"},\"wordCount\":479,\"commentCount\":0,\"publisher\":{\"@id\":\"https:\\\/\\\/cvinoticias.com\\\/v3\\\/#organization\"},\"image\":{\"@id\":\"https:\\\/\\\/cvinoticias.com\\\/v3\\\/los-comercios-misioneros-ya-se-pueden-inscribir-al-programa-ahora-misiones-15-que-estara-vigente-desde-el-1-de-julio\\\/#primaryimage\"},\"thumbnailUrl\":\"https:\\\/\\\/cvinoticias.com\\\/wp-content\\\/uploads\\\/2021\\\/06\\\/FB_IMG_1623784033592.jpg\",\"articleSection\":[\"Econom\u00eda\"],\"inLanguage\":\"es\",\"potentialAction\":[{\"@type\":\"CommentAction\",\"name\":\"Comment\",\"target\":[\"https:\\\/\\\/cvinoticias.com\\\/v3\\\/los-comercios-misioneros-ya-se-pueden-inscribir-al-programa-ahora-misiones-15-que-estara-vigente-desde-el-1-de-julio\\\/#respond\"]}]},{\"@type\":\"WebPage\",\"@id\":\"https:\\\/\\\/cvinoticias.com\\\/v3\\\/los-comercios-misioneros-ya-se-pueden-inscribir-al-programa-ahora-misiones-15-que-estara-vigente-desde-el-1-de-julio\\\/\",\"url\":\"https:\\\/\\\/cvinoticias.com\\\/v3\\\/los-comercios-misioneros-ya-se-pueden-inscribir-al-programa-ahora-misiones-15-que-estara-vigente-desde-el-1-de-julio\\\/\",\"name\":\"Los comercios misioneros ya se pueden inscribir al programa \\\"Ahora Misiones\\\" + 15%, que estar\u00e1 vigente desde el 1\u00b0 de julio | CVI NOTICIAS\",\"isPartOf\":{\"@id\":\"https:\\\/\\\/cvinoticias.com\\\/v3\\\/#website\"},\"primaryImageOfPage\":{\"@id\":\"https:\\\/\\\/cvinoticias.com\\\/v3\\\/los-comercios-misioneros-ya-se-pueden-inscribir-al-programa-ahora-misiones-15-que-estara-vigente-desde-el-1-de-julio\\\/#primaryimage\"},\"image\":{\"@id\":\"https:\\\/\\\/cvinoticias.com\\\/v3\\\/los-comercios-misioneros-ya-se-pueden-inscribir-al-programa-ahora-misiones-15-que-estara-vigente-desde-el-1-de-julio\\\/#primaryimage\"},\"thumbnailUrl\":\"https:\\\/\\\/cvinoticias.com\\\/wp-content\\\/uploads\\\/2021\\\/06\\\/FB_IMG_1623784033592.jpg\",\"datePublished\":\"2021-06-15T19:16:23+00:00\",\"breadcrumb\":{\"@id\":\"https:\\\/\\\/cvinoticias.com\\\/v3\\\/los-comercios-misioneros-ya-se-pueden-inscribir-al-programa-ahora-misiones-15-que-estara-vigente-desde-el-1-de-julio\\\/#breadcrumb\"},\"inLanguage\":\"es\",\"potentialAction\":[{\"@type\":\"ReadAction\",\"target\":[\"https:\\\/\\\/cvinoticias.com\\\/v3\\\/los-comercios-misioneros-ya-se-pueden-inscribir-al-programa-ahora-misiones-15-que-estara-vigente-desde-el-1-de-julio\\\/\"]}]},{\"@type\":\"ImageObject\",\"inLanguage\":\"es\",\"@id\":\"https:\\\/\\\/cvinoticias.com\\\/v3\\\/los-comercios-misioneros-ya-se-pueden-inscribir-al-programa-ahora-misiones-15-que-estara-vigente-desde-el-1-de-julio\\\/#primaryimage\",\"url\":\"https:\\\/\\\/cvinoticias.com\\\/wp-content\\\/uploads\\\/2021\\\/06\\\/FB_IMG_1623784033592.jpg\",\"contentUrl\":\"https:\\\/\\\/cvinoticias.com\\\/wp-content\\\/uploads\\\/2021\\\/06\\\/FB_IMG_1623784033592.jpg\",\"width\":1080,\"height\":1073},{\"@type\":\"BreadcrumbList\",\"@id\":\"https:\\\/\\\/cvinoticias.com\\\/v3\\\/los-comercios-misioneros-ya-se-pueden-inscribir-al-programa-ahora-misiones-15-que-estara-vigente-desde-el-1-de-julio\\\/#breadcrumb\",\"itemListElement\":[{\"@type\":\"ListItem\",\"position\":1,\"name\":\"Portada\",\"item\":\"https:\\\/\\\/cvinoticias.com\\\/v3\\\/\"},{\"@type\":\"ListItem\",\"position\":2,\"name\":\"Los comercios misioneros ya se pueden inscribir al programa \u00abAhora Misiones\u00bb + 15%, que estar\u00e1 vigente desde el 1\u00b0 de julio\"}]},{\"@type\":\"WebSite\",\"@id\":\"https:\\\/\\\/cvinoticias.com\\\/v3\\\/#website\",\"url\":\"https:\\\/\\\/cvinoticias.com\\\/v3\\\/\",\"name\":\"CVI NOTICIAS\",\"description\":\"\",\"publisher\":{\"@id\":\"https:\\\/\\\/cvinoticias.com\\\/v3\\\/#organization\"},\"alternateName\":\"CVI\",\"potentialAction\":[{\"@type\":\"SearchAction\",\"target\":{\"@type\":\"EntryPoint\",\"urlTemplate\":\"https:\\\/\\\/cvinoticias.com\\\/v3\\\/?s={search_term_string}\"},\"query-input\":{\"@type\":\"PropertyValueSpecification\",\"valueRequired\":true,\"valueName\":\"search_term_string\"}}],\"inLanguage\":\"es\"},{\"@type\":\"Organization\",\"@id\":\"https:\\\/\\\/cvinoticias.com\\\/v3\\\/#organization\",\"name\":\"CVI NOTICIAS\",\"url\":\"https:\\\/\\\/cvinoticias.com\\\/v3\\\/\",\"logo\":{\"@type\":\"ImageObject\",\"inLanguage\":\"es\",\"@id\":\"https:\\\/\\\/cvinoticias.com\\\/v3\\\/#\\\/schema\\\/logo\\\/image\\\/\",\"url\":\"https:\\\/\\\/cvinoticias.com\\\/wp-content\\\/uploads\\\/2023\\\/04\\\/cropped-cropped-cropped-cropped-cropped-3-1.png\",\"contentUrl\":\"https:\\\/\\\/cvinoticias.com\\\/wp-content\\\/uploads\\\/2023\\\/04\\\/cropped-cropped-cropped-cropped-cropped-3-1.png\",\"width\":95,\"height\":122,\"caption\":\"CVI NOTICIAS\"},\"image\":{\"@id\":\"https:\\\/\\\/cvinoticias.com\\\/v3\\\/#\\\/schema\\\/logo\\\/image\\\/\"},\"sameAs\":[\"https:\\\/\\\/www.facebook.com\\\/cvinoticias\",\"https:\\\/\\\/www.instagram.com\\\/cvinoticias\\\/\",\"https:\\\/\\\/www.youtube.com\\\/@CVINOTICIAS\"]},{\"@type\":\"Person\",\"@id\":\"https:\\\/\\\/cvinoticias.com\\\/v3\\\/#\\\/schema\\\/person\\\/2db77e3c6bc03c538495d7b2b8be9b66\",\"name\":\"f1000024\",\"image\":{\"@type\":\"ImageObject\",\"inLanguage\":\"es\",\"@id\":\"https:\\\/\\\/secure.gravatar.com\\\/avatar\\\/d4fe7459cfc51ff5129ce1a732bbef5928568b8092d412ef95611616376bbeed?s=96&d=mm&r=g\",\"url\":\"https:\\\/\\\/secure.gravatar.com\\\/avatar\\\/d4fe7459cfc51ff5129ce1a732bbef5928568b8092d412ef95611616376bbeed?s=96&d=mm&r=g\",\"contentUrl\":\"https:\\\/\\\/secure.gravatar.com\\\/avatar\\\/d4fe7459cfc51ff5129ce1a732bbef5928568b8092d412ef95611616376bbeed?s=96&d=mm&r=g\",\"caption\":\"f1000024\"},\"url\":\"https:\\\/\\\/cvinoticias.com\\\/v3\\\/author\\\/f1000024\\\/\"}]}<\/script>\n<!-- \/ Yoast SEO plugin. -->","yoast_head_json":{"title":"Los comercios misioneros ya se pueden inscribir al programa \"Ahora Misiones\" + 15%, que estar\u00e1 vigente desde el 1\u00b0 de julio | CVI NOTICIAS","robots":{"index":"index","follow":"follow","max-snippet":"max-snippet:-1","max-image-preview":"max-image-preview:large","max-video-preview":"max-video-preview:-1"},"canonical":"https:\/\/cvinoticias.com\/v3\/los-comercios-misioneros-ya-se-pueden-inscribir-al-programa-ahora-misiones-15-que-estara-vigente-desde-el-1-de-julio\/","og_locale":"es_ES","og_type":"article","og_title":"Los comercios misioneros ya se pueden inscribir al programa \"Ahora Misiones\" + 15%, que estar\u00e1 vigente desde el 1\u00b0 de julio | CVI NOTICIAS","og_description":"Los comercios misioneros que se adhieran al nuevo programa podr\u00e1n ofrecer un 35% de reintegro, y los comercios radicados en otras provincias un 30% de reintegro, adem\u00e1s de la financiaci\u00f3n en 1, 3, 6 o 12 cuotas sin intereses. \u2063\u2063A trav\u00e9s de este programa los comercios de los rubros que se ven m\u00e1s afectados por [&hellip;]","og_url":"https:\/\/cvinoticias.com\/v3\/los-comercios-misioneros-ya-se-pueden-inscribir-al-programa-ahora-misiones-15-que-estara-vigente-desde-el-1-de-julio\/","og_site_name":"CVI NOTICIAS","article_publisher":"https:\/\/www.facebook.com\/cvinoticias","article_published_time":"2021-06-15T19:16:23+00:00","og_image":[{"width":1080,"height":1073,"url":"https:\/\/cvinoticias.com\/wp-content\/uploads\/2021\/06\/FB_IMG_1623784033592.jpg","type":"image\/jpeg"}],"author":"f1000024","twitter_card":"summary_large_image","twitter_misc":{"Escrito por":"f1000024","Tiempo de lectura":"2 minutos"},"schema":{"@context":"https:\/\/schema.org","@graph":[{"@type":"Article","@id":"https:\/\/cvinoticias.com\/v3\/los-comercios-misioneros-ya-se-pueden-inscribir-al-programa-ahora-misiones-15-que-estara-vigente-desde-el-1-de-julio\/#article","isPartOf":{"@id":"https:\/\/cvinoticias.com\/v3\/los-comercios-misioneros-ya-se-pueden-inscribir-al-programa-ahora-misiones-15-que-estara-vigente-desde-el-1-de-julio\/"},"author":{"name":"f1000024","@id":"https:\/\/cvinoticias.com\/v3\/#\/schema\/person\/2db77e3c6bc03c538495d7b2b8be9b66"},"headline":"Los comercios misioneros ya se pueden inscribir al programa \u00abAhora Misiones\u00bb + 15%, que estar\u00e1 vigente desde el 1\u00b0 de julio","datePublished":"2021-06-15T19:16:23+00:00","mainEntityOfPage":{"@id":"https:\/\/cvinoticias.com\/v3\/los-comercios-misioneros-ya-se-pueden-inscribir-al-programa-ahora-misiones-15-que-estara-vigente-desde-el-1-de-julio\/"},"wordCount":479,"commentCount":0,"publisher":{"@id":"https:\/\/cvinoticias.com\/v3\/#organization"},"image":{"@id":"https:\/\/cvinoticias.com\/v3\/los-comercios-misioneros-ya-se-pueden-inscribir-al-programa-ahora-misiones-15-que-estara-vigente-desde-el-1-de-julio\/#primaryimage"},"thumbnailUrl":"https:\/\/cvinoticias.com\/wp-content\/uploads\/2021\/06\/FB_IMG_1623784033592.jpg","articleSection":["Econom\u00eda"],"inLanguage":"es","potentialAction":[{"@type":"CommentAction","name":"Comment","target":["https:\/\/cvinoticias.com\/v3\/los-comercios-misioneros-ya-se-pueden-inscribir-al-programa-ahora-misiones-15-que-estara-vigente-desde-el-1-de-julio\/#respond"]}]},{"@type":"WebPage","@id":"https:\/\/cvinoticias.com\/v3\/los-comercios-misioneros-ya-se-pueden-inscribir-al-programa-ahora-misiones-15-que-estara-vigente-desde-el-1-de-julio\/","url":"https:\/\/cvinoticias.com\/v3\/los-comercios-misioneros-ya-se-pueden-inscribir-al-programa-ahora-misiones-15-que-estara-vigente-desde-el-1-de-julio\/","name":"Los comercios misioneros ya se pueden inscribir al programa \"Ahora Misiones\" + 15%, que estar\u00e1 vigente desde el 1\u00b0 de julio | CVI NOTICIAS","isPartOf":{"@id":"https:\/\/cvinoticias.com\/v3\/#website"},"primaryImageOfPage":{"@id":"https:\/\/cvinoticias.com\/v3\/los-comercios-misioneros-ya-se-pueden-inscribir-al-programa-ahora-misiones-15-que-estara-vigente-desde-el-1-de-julio\/#primaryimage"},"image":{"@id":"https:\/\/cvinoticias.com\/v3\/los-comercios-misioneros-ya-se-pueden-inscribir-al-programa-ahora-misiones-15-que-estara-vigente-desde-el-1-de-julio\/#primaryimage"},"thumbnailUrl":"https:\/\/cvinoticias.com\/wp-content\/uploads\/2021\/06\/FB_IMG_1623784033592.jpg","datePublished":"2021-06-15T19:16:23+00:00","breadcrumb":{"@id":"https:\/\/cvinoticias.com\/v3\/los-comercios-misioneros-ya-se-pueden-inscribir-al-programa-ahora-misiones-15-que-estara-vigente-desde-el-1-de-julio\/#breadcrumb"},"inLanguage":"es","potentialAction":[{"@type":"ReadAction","target":["https:\/\/cvinoticias.com\/v3\/los-comercios-misioneros-ya-se-pueden-inscribir-al-programa-ahora-misiones-15-que-estara-vigente-desde-el-1-de-julio\/"]}]},{"@type":"ImageObject","inLanguage":"es","@id":"https:\/\/cvinoticias.com\/v3\/los-comercios-misioneros-ya-se-pueden-inscribir-al-programa-ahora-misiones-15-que-estara-vigente-desde-el-1-de-julio\/#primaryimage","url":"https:\/\/cvinoticias.com\/wp-content\/uploads\/2021\/06\/FB_IMG_1623784033592.jpg","contentUrl":"https:\/\/cvinoticias.com\/wp-content\/uploads\/2021\/06\/FB_IMG_1623784033592.jpg","width":1080,"height":1073},{"@type":"BreadcrumbList","@id":"https:\/\/cvinoticias.com\/v3\/los-comercios-misioneros-ya-se-pueden-inscribir-al-programa-ahora-misiones-15-que-estara-vigente-desde-el-1-de-julio\/#breadcrumb","itemListElement":[{"@type":"ListItem","position":1,"name":"Portada","item":"https:\/\/cvinoticias.com\/v3\/"},{"@type":"ListItem","position":2,"name":"Los comercios misioneros ya se pueden inscribir al programa \u00abAhora Misiones\u00bb + 15%, que estar\u00e1 vigente desde el 1\u00b0 de julio"}]},{"@type":"WebSite","@id":"https:\/\/cvinoticias.com\/v3\/#website","url":"https:\/\/cvinoticias.com\/v3\/","name":"CVI NOTICIAS","description":"","publisher":{"@id":"https:\/\/cvinoticias.com\/v3\/#organization"},"alternateName":"CVI","potentialAction":[{"@type":"SearchAction","target":{"@type":"EntryPoint","urlTemplate":"https:\/\/cvinoticias.com\/v3\/?s={search_term_string}"},"query-input":{"@type":"PropertyValueSpecification","valueRequired":true,"valueName":"search_term_string"}}],"inLanguage":"es"},{"@type":"Organization","@id":"https:\/\/cvinoticias.com\/v3\/#organization","name":"CVI NOTICIAS","url":"https:\/\/cvinoticias.com\/v3\/","logo":{"@type":"ImageObject","inLanguage":"es","@id":"https:\/\/cvinoticias.com\/v3\/#\/schema\/logo\/image\/","url":"https:\/\/cvinoticias.com\/wp-content\/uploads\/2023\/04\/cropped-cropped-cropped-cropped-cropped-3-1.png","contentUrl":"https:\/\/cvinoticias.com\/wp-content\/uploads\/2023\/04\/cropped-cropped-cropped-cropped-cropped-3-1.png","width":95,"height":122,"caption":"CVI NOTICIAS"},"image":{"@id":"https:\/\/cvinoticias.com\/v3\/#\/schema\/logo\/image\/"},"sameAs":["https:\/\/www.facebook.com\/cvinoticias","https:\/\/www.instagram.com\/cvinoticias\/","https:\/\/www.youtube.com\/@CVINOTICIAS"]},{"@type":"Person","@id":"https:\/\/cvinoticias.com\/v3\/#\/schema\/person\/2db77e3c6bc03c538495d7b2b8be9b66","name":"f1000024","image":{"@type":"ImageObject","inLanguage":"es","@id":"https:\/\/secure.gravatar.com\/avatar\/d4fe7459cfc51ff5129ce1a732bbef5928568b8092d412ef95611616376bbeed?s=96&d=mm&r=g","url":"https:\/\/secure.gravatar.com\/avatar\/d4fe7459cfc51ff5129ce1a732bbef5928568b8092d412ef95611616376bbeed?s=96&d=mm&r=g","contentUrl":"https:\/\/secure.gravatar.com\/avatar\/d4fe7459cfc51ff5129ce1a732bbef5928568b8092d412ef95611616376bbeed?s=96&d=mm&r=g","caption":"f1000024"},"url":"https:\/\/cvinoticias.com\/v3\/author\/f1000024\/"}]}},"_links":{"self":[{"href":"https:\/\/cvinoticias.com\/v3\/wp-json\/wp\/v2\/posts\/5963","targetHints":{"allow":["GET"]}}],"collection":[{"href":"https:\/\/cvinoticias.com\/v3\/wp-json\/wp\/v2\/posts"}],"about":[{"href":"https:\/\/cvinoticias.com\/v3\/wp-json\/wp\/v2\/types\/post"}],"author":[{"embeddable":true,"href":"https:\/\/cvinoticias.com\/v3\/wp-json\/wp\/v2\/users\/2"}],"replies":[{"embeddable":true,"href":"https:\/\/cvinoticias.com\/v3\/wp-json\/wp\/v2\/comments?post=5963"}],"version-history":[{"count":1,"href":"https:\/\/cvinoticias.com\/v3\/wp-json\/wp\/v2\/posts\/5963\/revisions"}],"predecessor-version":[{"id":5965,"href":"https:\/\/cvinoticias.com\/v3\/wp-json\/wp\/v2\/posts\/5963\/revisions\/5965"}],"wp:featuredmedia":[{"embeddable":true,"href":"https:\/\/cvinoticias.com\/v3\/wp-json\/wp\/v2\/media\/5964"}],"wp:attachment":[{"href":"https:\/\/cvinoticias.com\/v3\/wp-json\/wp\/v2\/media?parent=5963"}],"wp:term":[{"taxonomy":"category","embeddable":true,"href":"https:\/\/cvinoticias.com\/v3\/wp-json\/wp\/v2\/categories?post=5963"},{"taxonomy":"post_tag","embeddable":true,"href":"https:\/\/cvinoticias.com\/v3\/wp-json\/wp\/v2\/tags?post=5963"}],"curies":[{"name":"wp","href":"https:\/\/api.w.org\/{rel}","templated":true}]}}