{"id":5950,"date":"2021-06-15T16:50:01","date_gmt":"2021-06-15T16:50:01","guid":{"rendered":"https:\/\/cvinoticias.com\/v3\/?p=5950"},"modified":"2021-06-15T16:50:01","modified_gmt":"2021-06-15T16:50:01","slug":"herrera-ahuad-y-el-fondo-de-credito-presentan-nuevos-programas-y-lineas-de-credito","status":"publish","type":"post","link":"https:\/\/cvinoticias.com\/v3\/herrera-ahuad-y-el-fondo-de-credito-presentan-nuevos-programas-y-lineas-de-credito\/","title":{"rendered":"Herrera Ahuad y el Fondo de Cr\u00e9dito presentan nuevos Programas y L\u00edneas de cr\u00e9dito"},"content":{"rendered":"\n<p><strong><em>El Gobernador particip\u00f3 en el lanzamiento de nuevos programas y ofertas crediticias del Fondo de Cr\u00e9dito de Misiones que reestructura su propuesta para adecuarla a las necesidades actuales. Tambi\u00e9n, recorri\u00f3 las remodeladas instalaciones de la dependencia del organismo crediticio en Posadas. Adem\u00e1s, adelant\u00f3 la posibilidad de abrir nuevas oficinas del Fondo de Cr\u00e9dito en Puerto Rico y San Vicente.<\/em><\/strong><\/p>\n\n\n\n<p>Esta ma\u00f1ana, el Fondo de Cr\u00e9dito de Misiones present\u00f3 nuevos programas y nuevas l\u00edneas de cr\u00e9dito m\u00e1s espec\u00edficas y sectorizadas el reestructura su propuesta para adecuarla a las necesidades actuales. Adem\u00e1s, en la misma oportunidad el gobernador Oscar Herrera Ahuad recorri\u00f3 las nuevas oficinas del organismo. Las instalaciones, ubicadas en la avenida Uruguay 2848, cuentan con oficinas modernas e inteligentes, en las que habr\u00e1 espacios de coworking para conectar y crear oportunidades profesionales y personales para emprendedores misioneros.<\/p>\n\n\n\n<p>El mandatario en la jornada declar\u00f3 que su recorrida por el Fondo de Cr\u00e9ditos es para anunciar algunas cuestiones que contin\u00faan diferentes tipos de programas de financiamiento, y destac\u00f3 que hacen hincapi\u00e9 en el campo de la innovaci\u00f3n. Destac\u00f3 que hoy el organismo con sus nuevas reestructuraci\u00f3n responde a una din\u00e1mica creciente en materia de lo que demanda hoy el mundo, tambi\u00e9n en tecnolog\u00eda e infraestructura. Igualmente, valor\u00f3 el labor del Fondo de Cr\u00e9dito por realizar \u201cun enorme trabajo extramuro no solo presencialmente sino tambi\u00e9n por v\u00eda online\u201d.<\/p>\n\n\n\n<p>Asimismo, Herrera Ahuad expres\u00f3 que el Fondo de Cr\u00e9ditos \u201csigue siendo una instituci\u00f3n extremadamente seria que ayuda y acompa\u00f1a a las pol\u00edticas p\u00fablicas del Gobierno Provincial sobre todo en tiempos dif\u00edciles, donde su misi\u00f3n es sentarse al lado de quienes producen y de quienes generan nuevos emprendimientos\u201d. En la misma l\u00ednea remarc\u00f3 que algo fundamental en ella es que \u201cno ha sido una instituci\u00f3n de b\u00fasqueda de un lucro financiero sino que es una instituci\u00f3n que se acomoda a las diferentes situaciones y necesidades de la sociedad y de nuestra comunidad de emprendedores, trabajadores independientes, como de aquellos que quieren innovar\u201d.<\/p>\n\n\n\n<p>Por lo dem\u00e1s, valor\u00f3 que la instituci\u00f3n da la posibilidad de poder acceder a programas de financiamiento cuando en el resto de la Argentina no existen pr\u00e1cticamente y es muy dif\u00edcil hacerlo desde la banca privada. As\u00ed, destac\u00f3 que el Fondo de Cr\u00e9dito \u201cbusca siempre ese equilibrio y esa comuni\u00f3n de poder conjugar la idea de aquellos que quieren llevar adelante su emprendimiento y la posibilidad de financiamiento\u201d. En tanto, sostuvo la idea maravillosa de haber creado el organismo sobre todo \u201cpara generar accesibilidad a la producci\u00f3n pero que en el tiempo de pandemia es una de las herramientas m\u00e1s importantes que tiene la gente\u201d.<\/p>\n\n\n\n<p>Conjuntamente, Herrera Ahuad adelant\u00f3 la posibilidad de tener sedes en otras ciudades para acercar los servicios del Fondo de Cr\u00e9ditos a aquellos emprendedores que no tienen una conectividad tan fluida para generar sus proyectos. De este modo, precis\u00f3 el desaf\u00edo de instalar sedes en San Vicente para la zona oriental y Puerto Rico. Estas se complementar\u00e1n a las ya existentes en Ober\u00e1 y Eldorado.<\/p>\n\n\n\n<p>En cambio, el presidente del Fondo de Cr\u00e9ditos, Horacio Simes reconoci\u00f3 que los nuevos programas y l\u00edneas de financiamiento responden a una visi\u00f3n de econom\u00eda del conocimiento y la innovaci\u00f3n. \u201cSon solo el inicio de lo que est\u00e1 por venir en el Fondo de Cr\u00e9ditos\u00bb, puntualiz\u00f3 Simes y agradeci\u00f3 el acompa\u00f1amiento del Gobierno Provincial a las propuestas.<\/p>\n\n\n\n<p>En la recorrida tambi\u00e9n estuvieron presentes, el intendente de Posadas, Leonardo Stelatto; el ministro de Hacienda, Adolfo S\u00e1fran; el presidente de la Confederaci\u00f3n Econ\u00f3mica de Misiones CEM. Alejandro Haene y miembros del equipo t\u00e9cnico del Fondo de Cr\u00e9ditos<\/p>\n\n\n\n<p>Nuevas perspectivas y l\u00edneas de financiasi\u00f3n<\/p>\n\n\n\n<p>Los anuncios hechos hoy forman parte de un relanzamiento del Fondo de Cr\u00e9dito con una mirada pos pand\u00e9mica. Todo ello con instalaciones con espacios reestructurados con oficinas modernas, inteligentes y espacios de coworking. Esto ayudar\u00e1 a tener mayor cercan\u00eda con los emprendedores y sus proyectos. Adem\u00e1s, para lograr mayor territorialidad, el Fondo cuenta con dos sedes en el interior de la provincia, una en Ober\u00e1 para la zona centro y otra en Eldorado para la zona norte.<\/p>\n\n\n\n<p>Espec\u00edficamente, el relanzamiento de nuevas ofertas crediticias, se present\u00f3 el Programa Econom\u00eda del Conocimiento. La iniciativa contiene una l\u00ednea para Empresa Modelo \u2013 Franquicia, con el objetivo de promover la conversi\u00f3n de emprendimientos locales en franquicias y acompa\u00f1ar la instalaci\u00f3n de empresas franquiciadas en Misiones. La otra, es la l\u00ednea de Trabajadores de Oficios certificados que busca acompa\u00f1ar el proceso de adquisici\u00f3n de herramientas y maquinarias de trabajo para oficiales egresados de cursos de formaci\u00f3n. Inclusive, se le suma la l\u00ednea de Formaci\u00f3n de Profesionales que otorga a financiamiento de cursos de posgrados para promover la mejora t\u00e9cnica y cient\u00edfica del capital humano en la provincia<\/p>\n\n\n\n<p>A todo esto, se suman las propuestas del Programa de Econom\u00eda del Comercio (Retail) y la Industria con una l\u00ednea para Centro Comerciales, Culturales y Recreativos Abiertos. Tal acci\u00f3n se orienta a la promoci\u00f3n de la las actividades culturales y recreativas, y del comercio en espacios urbanos abiertos. Y por \u00faltimo se encuentra el Programa de Cadenas Productivas de Valor con una l\u00ednea para la Cadena de Valor Agropecuaria y Forestal dirigido a emprendimientos ganaderos, frutihort\u00edcolas o forestales.<\/p>\n","protected":false},"excerpt":{"rendered":"<p>El Gobernador particip\u00f3 en el lanzamiento de nuevos programas y ofertas crediticias del Fondo de Cr\u00e9dito de Misiones que reestructura su propuesta para adecuarla a las necesidades actuales. Tambi\u00e9n, recorri\u00f3 las remodeladas instalaciones de la dependencia del organismo crediticio en Posadas. Adem\u00e1s, adelant\u00f3 la posibilidad de abrir nuevas oficinas del Fondo de Cr\u00e9dito en Puerto [&hellip;]<\/p>\n","protected":false},"author":2,"featured_media":5951,"comment_status":"open","ping_status":"open","sticky":false,"template":"","format":"standard","meta":{"footnotes":""},"categories":[32],"tags":[],"class_list":["post-5950","post","type-post","status-publish","format-standard","has-post-thumbnail","hentry","category-economia"],"yoast_head":"<!-- This site is optimized with the Yoast SEO plugin v27.5 - https:\/\/yoast.com\/product\/yoast-seo-wordpress\/ -->\n<title>Herrera Ahuad y el Fondo de Cr\u00e9dito presentan nuevos Programas y L\u00edneas de cr\u00e9dito | CVI NOTICIAS<\/title>\n<meta name=\"robots\" content=\"index, follow, max-snippet:-1, max-image-preview:large, max-video-preview:-1\" \/>\n<link rel=\"canonical\" href=\"https:\/\/cvinoticias.com\/v3\/herrera-ahuad-y-el-fondo-de-credito-presentan-nuevos-programas-y-lineas-de-credito\/\" \/>\n<meta property=\"og:locale\" content=\"es_ES\" \/>\n<meta property=\"og:type\" content=\"article\" \/>\n<meta property=\"og:title\" content=\"Herrera Ahuad y el Fondo de Cr\u00e9dito presentan nuevos Programas y L\u00edneas de cr\u00e9dito | CVI NOTICIAS\" \/>\n<meta property=\"og:description\" content=\"El Gobernador particip\u00f3 en el lanzamiento de nuevos programas y ofertas crediticias del Fondo de Cr\u00e9dito de Misiones que reestructura su propuesta para adecuarla a las necesidades actuales. Tambi\u00e9n, recorri\u00f3 las remodeladas instalaciones de la dependencia del organismo crediticio en Posadas. Adem\u00e1s, adelant\u00f3 la posibilidad de abrir nuevas oficinas del Fondo de Cr\u00e9dito en Puerto [&hellip;]\" \/>\n<meta property=\"og:url\" content=\"https:\/\/cvinoticias.com\/v3\/herrera-ahuad-y-el-fondo-de-credito-presentan-nuevos-programas-y-lineas-de-credito\/\" \/>\n<meta property=\"og:site_name\" content=\"CVI NOTICIAS\" \/>\n<meta property=\"article:publisher\" content=\"https:\/\/www.facebook.com\/cvinoticias\" \/>\n<meta property=\"article:published_time\" content=\"2021-06-15T16:50:01+00:00\" \/>\n<meta property=\"og:image\" content=\"https:\/\/cvinoticias.com\/wp-content\/uploads\/2021\/06\/FB_IMG_1623775603941.jpg\" \/>\n\t<meta property=\"og:image:width\" content=\"960\" \/>\n\t<meta property=\"og:image:height\" content=\"640\" \/>\n\t<meta property=\"og:image:type\" content=\"image\/jpeg\" \/>\n<meta name=\"author\" content=\"f1000024\" \/>\n<meta name=\"twitter:card\" content=\"summary_large_image\" \/>\n<meta name=\"twitter:label1\" content=\"Escrito por\" \/>\n\t<meta name=\"twitter:data1\" content=\"f1000024\" \/>\n\t<meta name=\"twitter:label2\" content=\"Tiempo de lectura\" \/>\n\t<meta name=\"twitter:data2\" content=\"5 minutos\" \/>\n<script type=\"application\/ld+json\" class=\"yoast-schema-graph\">{\"@context\":\"https:\\\/\\\/schema.org\",\"@graph\":[{\"@type\":\"Article\",\"@id\":\"https:\\\/\\\/cvinoticias.com\\\/v3\\\/herrera-ahuad-y-el-fondo-de-credito-presentan-nuevos-programas-y-lineas-de-credito\\\/#article\",\"isPartOf\":{\"@id\":\"https:\\\/\\\/cvinoticias.com\\\/v3\\\/herrera-ahuad-y-el-fondo-de-credito-presentan-nuevos-programas-y-lineas-de-credito\\\/\"},\"author\":{\"name\":\"f1000024\",\"@id\":\"https:\\\/\\\/cvinoticias.com\\\/v3\\\/#\\\/schema\\\/person\\\/2db77e3c6bc03c538495d7b2b8be9b66\"},\"headline\":\"Herrera Ahuad y el Fondo de Cr\u00e9dito presentan nuevos Programas y L\u00edneas de cr\u00e9dito\",\"datePublished\":\"2021-06-15T16:50:01+00:00\",\"mainEntityOfPage\":{\"@id\":\"https:\\\/\\\/cvinoticias.com\\\/v3\\\/herrera-ahuad-y-el-fondo-de-credito-presentan-nuevos-programas-y-lineas-de-credito\\\/\"},\"wordCount\":954,\"commentCount\":0,\"publisher\":{\"@id\":\"https:\\\/\\\/cvinoticias.com\\\/v3\\\/#organization\"},\"image\":{\"@id\":\"https:\\\/\\\/cvinoticias.com\\\/v3\\\/herrera-ahuad-y-el-fondo-de-credito-presentan-nuevos-programas-y-lineas-de-credito\\\/#primaryimage\"},\"thumbnailUrl\":\"https:\\\/\\\/cvinoticias.com\\\/wp-content\\\/uploads\\\/2021\\\/06\\\/FB_IMG_1623775603941.jpg\",\"articleSection\":[\"Econom\u00eda\"],\"inLanguage\":\"es\",\"potentialAction\":[{\"@type\":\"CommentAction\",\"name\":\"Comment\",\"target\":[\"https:\\\/\\\/cvinoticias.com\\\/v3\\\/herrera-ahuad-y-el-fondo-de-credito-presentan-nuevos-programas-y-lineas-de-credito\\\/#respond\"]}]},{\"@type\":\"WebPage\",\"@id\":\"https:\\\/\\\/cvinoticias.com\\\/v3\\\/herrera-ahuad-y-el-fondo-de-credito-presentan-nuevos-programas-y-lineas-de-credito\\\/\",\"url\":\"https:\\\/\\\/cvinoticias.com\\\/v3\\\/herrera-ahuad-y-el-fondo-de-credito-presentan-nuevos-programas-y-lineas-de-credito\\\/\",\"name\":\"Herrera Ahuad y el Fondo de Cr\u00e9dito presentan nuevos Programas y L\u00edneas de cr\u00e9dito | CVI NOTICIAS\",\"isPartOf\":{\"@id\":\"https:\\\/\\\/cvinoticias.com\\\/v3\\\/#website\"},\"primaryImageOfPage\":{\"@id\":\"https:\\\/\\\/cvinoticias.com\\\/v3\\\/herrera-ahuad-y-el-fondo-de-credito-presentan-nuevos-programas-y-lineas-de-credito\\\/#primaryimage\"},\"image\":{\"@id\":\"https:\\\/\\\/cvinoticias.com\\\/v3\\\/herrera-ahuad-y-el-fondo-de-credito-presentan-nuevos-programas-y-lineas-de-credito\\\/#primaryimage\"},\"thumbnailUrl\":\"https:\\\/\\\/cvinoticias.com\\\/wp-content\\\/uploads\\\/2021\\\/06\\\/FB_IMG_1623775603941.jpg\",\"datePublished\":\"2021-06-15T16:50:01+00:00\",\"breadcrumb\":{\"@id\":\"https:\\\/\\\/cvinoticias.com\\\/v3\\\/herrera-ahuad-y-el-fondo-de-credito-presentan-nuevos-programas-y-lineas-de-credito\\\/#breadcrumb\"},\"inLanguage\":\"es\",\"potentialAction\":[{\"@type\":\"ReadAction\",\"target\":[\"https:\\\/\\\/cvinoticias.com\\\/v3\\\/herrera-ahuad-y-el-fondo-de-credito-presentan-nuevos-programas-y-lineas-de-credito\\\/\"]}]},{\"@type\":\"ImageObject\",\"inLanguage\":\"es\",\"@id\":\"https:\\\/\\\/cvinoticias.com\\\/v3\\\/herrera-ahuad-y-el-fondo-de-credito-presentan-nuevos-programas-y-lineas-de-credito\\\/#primaryimage\",\"url\":\"https:\\\/\\\/cvinoticias.com\\\/wp-content\\\/uploads\\\/2021\\\/06\\\/FB_IMG_1623775603941.jpg\",\"contentUrl\":\"https:\\\/\\\/cvinoticias.com\\\/wp-content\\\/uploads\\\/2021\\\/06\\\/FB_IMG_1623775603941.jpg\",\"width\":960,\"height\":640},{\"@type\":\"BreadcrumbList\",\"@id\":\"https:\\\/\\\/cvinoticias.com\\\/v3\\\/herrera-ahuad-y-el-fondo-de-credito-presentan-nuevos-programas-y-lineas-de-credito\\\/#breadcrumb\",\"itemListElement\":[{\"@type\":\"ListItem\",\"position\":1,\"name\":\"Portada\",\"item\":\"https:\\\/\\\/cvinoticias.com\\\/v3\\\/\"},{\"@type\":\"ListItem\",\"position\":2,\"name\":\"Herrera Ahuad y el Fondo de Cr\u00e9dito presentan nuevos Programas y L\u00edneas de cr\u00e9dito\"}]},{\"@type\":\"WebSite\",\"@id\":\"https:\\\/\\\/cvinoticias.com\\\/v3\\\/#website\",\"url\":\"https:\\\/\\\/cvinoticias.com\\\/v3\\\/\",\"name\":\"CVI NOTICIAS\",\"description\":\"\",\"publisher\":{\"@id\":\"https:\\\/\\\/cvinoticias.com\\\/v3\\\/#organization\"},\"alternateName\":\"CVI\",\"potentialAction\":[{\"@type\":\"SearchAction\",\"target\":{\"@type\":\"EntryPoint\",\"urlTemplate\":\"https:\\\/\\\/cvinoticias.com\\\/v3\\\/?s={search_term_string}\"},\"query-input\":{\"@type\":\"PropertyValueSpecification\",\"valueRequired\":true,\"valueName\":\"search_term_string\"}}],\"inLanguage\":\"es\"},{\"@type\":\"Organization\",\"@id\":\"https:\\\/\\\/cvinoticias.com\\\/v3\\\/#organization\",\"name\":\"CVI NOTICIAS\",\"url\":\"https:\\\/\\\/cvinoticias.com\\\/v3\\\/\",\"logo\":{\"@type\":\"ImageObject\",\"inLanguage\":\"es\",\"@id\":\"https:\\\/\\\/cvinoticias.com\\\/v3\\\/#\\\/schema\\\/logo\\\/image\\\/\",\"url\":\"https:\\\/\\\/cvinoticias.com\\\/wp-content\\\/uploads\\\/2023\\\/04\\\/cropped-cropped-cropped-cropped-cropped-3-1.png\",\"contentUrl\":\"https:\\\/\\\/cvinoticias.com\\\/wp-content\\\/uploads\\\/2023\\\/04\\\/cropped-cropped-cropped-cropped-cropped-3-1.png\",\"width\":95,\"height\":122,\"caption\":\"CVI NOTICIAS\"},\"image\":{\"@id\":\"https:\\\/\\\/cvinoticias.com\\\/v3\\\/#\\\/schema\\\/logo\\\/image\\\/\"},\"sameAs\":[\"https:\\\/\\\/www.facebook.com\\\/cvinoticias\",\"https:\\\/\\\/www.instagram.com\\\/cvinoticias\\\/\",\"https:\\\/\\\/www.youtube.com\\\/@CVINOTICIAS\"]},{\"@type\":\"Person\",\"@id\":\"https:\\\/\\\/cvinoticias.com\\\/v3\\\/#\\\/schema\\\/person\\\/2db77e3c6bc03c538495d7b2b8be9b66\",\"name\":\"f1000024\",\"image\":{\"@type\":\"ImageObject\",\"inLanguage\":\"es\",\"@id\":\"https:\\\/\\\/secure.gravatar.com\\\/avatar\\\/d4fe7459cfc51ff5129ce1a732bbef5928568b8092d412ef95611616376bbeed?s=96&d=mm&r=g\",\"url\":\"https:\\\/\\\/secure.gravatar.com\\\/avatar\\\/d4fe7459cfc51ff5129ce1a732bbef5928568b8092d412ef95611616376bbeed?s=96&d=mm&r=g\",\"contentUrl\":\"https:\\\/\\\/secure.gravatar.com\\\/avatar\\\/d4fe7459cfc51ff5129ce1a732bbef5928568b8092d412ef95611616376bbeed?s=96&d=mm&r=g\",\"caption\":\"f1000024\"},\"url\":\"https:\\\/\\\/cvinoticias.com\\\/v3\\\/author\\\/f1000024\\\/\"}]}<\/script>\n<!-- \/ Yoast SEO plugin. -->","yoast_head_json":{"title":"Herrera Ahuad y el Fondo de Cr\u00e9dito presentan nuevos Programas y L\u00edneas de cr\u00e9dito | CVI NOTICIAS","robots":{"index":"index","follow":"follow","max-snippet":"max-snippet:-1","max-image-preview":"max-image-preview:large","max-video-preview":"max-video-preview:-1"},"canonical":"https:\/\/cvinoticias.com\/v3\/herrera-ahuad-y-el-fondo-de-credito-presentan-nuevos-programas-y-lineas-de-credito\/","og_locale":"es_ES","og_type":"article","og_title":"Herrera Ahuad y el Fondo de Cr\u00e9dito presentan nuevos Programas y L\u00edneas de cr\u00e9dito | CVI NOTICIAS","og_description":"El Gobernador particip\u00f3 en el lanzamiento de nuevos programas y ofertas crediticias del Fondo de Cr\u00e9dito de Misiones que reestructura su propuesta para adecuarla a las necesidades actuales. Tambi\u00e9n, recorri\u00f3 las remodeladas instalaciones de la dependencia del organismo crediticio en Posadas. Adem\u00e1s, adelant\u00f3 la posibilidad de abrir nuevas oficinas del Fondo de Cr\u00e9dito en Puerto [&hellip;]","og_url":"https:\/\/cvinoticias.com\/v3\/herrera-ahuad-y-el-fondo-de-credito-presentan-nuevos-programas-y-lineas-de-credito\/","og_site_name":"CVI NOTICIAS","article_publisher":"https:\/\/www.facebook.com\/cvinoticias","article_published_time":"2021-06-15T16:50:01+00:00","og_image":[{"width":960,"height":640,"url":"https:\/\/cvinoticias.com\/wp-content\/uploads\/2021\/06\/FB_IMG_1623775603941.jpg","type":"image\/jpeg"}],"author":"f1000024","twitter_card":"summary_large_image","twitter_misc":{"Escrito por":"f1000024","Tiempo de lectura":"5 minutos"},"schema":{"@context":"https:\/\/schema.org","@graph":[{"@type":"Article","@id":"https:\/\/cvinoticias.com\/v3\/herrera-ahuad-y-el-fondo-de-credito-presentan-nuevos-programas-y-lineas-de-credito\/#article","isPartOf":{"@id":"https:\/\/cvinoticias.com\/v3\/herrera-ahuad-y-el-fondo-de-credito-presentan-nuevos-programas-y-lineas-de-credito\/"},"author":{"name":"f1000024","@id":"https:\/\/cvinoticias.com\/v3\/#\/schema\/person\/2db77e3c6bc03c538495d7b2b8be9b66"},"headline":"Herrera Ahuad y el Fondo de Cr\u00e9dito presentan nuevos Programas y L\u00edneas de cr\u00e9dito","datePublished":"2021-06-15T16:50:01+00:00","mainEntityOfPage":{"@id":"https:\/\/cvinoticias.com\/v3\/herrera-ahuad-y-el-fondo-de-credito-presentan-nuevos-programas-y-lineas-de-credito\/"},"wordCount":954,"commentCount":0,"publisher":{"@id":"https:\/\/cvinoticias.com\/v3\/#organization"},"image":{"@id":"https:\/\/cvinoticias.com\/v3\/herrera-ahuad-y-el-fondo-de-credito-presentan-nuevos-programas-y-lineas-de-credito\/#primaryimage"},"thumbnailUrl":"https:\/\/cvinoticias.com\/wp-content\/uploads\/2021\/06\/FB_IMG_1623775603941.jpg","articleSection":["Econom\u00eda"],"inLanguage":"es","potentialAction":[{"@type":"CommentAction","name":"Comment","target":["https:\/\/cvinoticias.com\/v3\/herrera-ahuad-y-el-fondo-de-credito-presentan-nuevos-programas-y-lineas-de-credito\/#respond"]}]},{"@type":"WebPage","@id":"https:\/\/cvinoticias.com\/v3\/herrera-ahuad-y-el-fondo-de-credito-presentan-nuevos-programas-y-lineas-de-credito\/","url":"https:\/\/cvinoticias.com\/v3\/herrera-ahuad-y-el-fondo-de-credito-presentan-nuevos-programas-y-lineas-de-credito\/","name":"Herrera Ahuad y el Fondo de Cr\u00e9dito presentan nuevos Programas y L\u00edneas de cr\u00e9dito | CVI NOTICIAS","isPartOf":{"@id":"https:\/\/cvinoticias.com\/v3\/#website"},"primaryImageOfPage":{"@id":"https:\/\/cvinoticias.com\/v3\/herrera-ahuad-y-el-fondo-de-credito-presentan-nuevos-programas-y-lineas-de-credito\/#primaryimage"},"image":{"@id":"https:\/\/cvinoticias.com\/v3\/herrera-ahuad-y-el-fondo-de-credito-presentan-nuevos-programas-y-lineas-de-credito\/#primaryimage"},"thumbnailUrl":"https:\/\/cvinoticias.com\/wp-content\/uploads\/2021\/06\/FB_IMG_1623775603941.jpg","datePublished":"2021-06-15T16:50:01+00:00","breadcrumb":{"@id":"https:\/\/cvinoticias.com\/v3\/herrera-ahuad-y-el-fondo-de-credito-presentan-nuevos-programas-y-lineas-de-credito\/#breadcrumb"},"inLanguage":"es","potentialAction":[{"@type":"ReadAction","target":["https:\/\/cvinoticias.com\/v3\/herrera-ahuad-y-el-fondo-de-credito-presentan-nuevos-programas-y-lineas-de-credito\/"]}]},{"@type":"ImageObject","inLanguage":"es","@id":"https:\/\/cvinoticias.com\/v3\/herrera-ahuad-y-el-fondo-de-credito-presentan-nuevos-programas-y-lineas-de-credito\/#primaryimage","url":"https:\/\/cvinoticias.com\/wp-content\/uploads\/2021\/06\/FB_IMG_1623775603941.jpg","contentUrl":"https:\/\/cvinoticias.com\/wp-content\/uploads\/2021\/06\/FB_IMG_1623775603941.jpg","width":960,"height":640},{"@type":"BreadcrumbList","@id":"https:\/\/cvinoticias.com\/v3\/herrera-ahuad-y-el-fondo-de-credito-presentan-nuevos-programas-y-lineas-de-credito\/#breadcrumb","itemListElement":[{"@type":"ListItem","position":1,"name":"Portada","item":"https:\/\/cvinoticias.com\/v3\/"},{"@type":"ListItem","position":2,"name":"Herrera Ahuad y el Fondo de Cr\u00e9dito presentan nuevos Programas y L\u00edneas de cr\u00e9dito"}]},{"@type":"WebSite","@id":"https:\/\/cvinoticias.com\/v3\/#website","url":"https:\/\/cvinoticias.com\/v3\/","name":"CVI NOTICIAS","description":"","publisher":{"@id":"https:\/\/cvinoticias.com\/v3\/#organization"},"alternateName":"CVI","potentialAction":[{"@type":"SearchAction","target":{"@type":"EntryPoint","urlTemplate":"https:\/\/cvinoticias.com\/v3\/?s={search_term_string}"},"query-input":{"@type":"PropertyValueSpecification","valueRequired":true,"valueName":"search_term_string"}}],"inLanguage":"es"},{"@type":"Organization","@id":"https:\/\/cvinoticias.com\/v3\/#organization","name":"CVI NOTICIAS","url":"https:\/\/cvinoticias.com\/v3\/","logo":{"@type":"ImageObject","inLanguage":"es","@id":"https:\/\/cvinoticias.com\/v3\/#\/schema\/logo\/image\/","url":"https:\/\/cvinoticias.com\/wp-content\/uploads\/2023\/04\/cropped-cropped-cropped-cropped-cropped-3-1.png","contentUrl":"https:\/\/cvinoticias.com\/wp-content\/uploads\/2023\/04\/cropped-cropped-cropped-cropped-cropped-3-1.png","width":95,"height":122,"caption":"CVI NOTICIAS"},"image":{"@id":"https:\/\/cvinoticias.com\/v3\/#\/schema\/logo\/image\/"},"sameAs":["https:\/\/www.facebook.com\/cvinoticias","https:\/\/www.instagram.com\/cvinoticias\/","https:\/\/www.youtube.com\/@CVINOTICIAS"]},{"@type":"Person","@id":"https:\/\/cvinoticias.com\/v3\/#\/schema\/person\/2db77e3c6bc03c538495d7b2b8be9b66","name":"f1000024","image":{"@type":"ImageObject","inLanguage":"es","@id":"https:\/\/secure.gravatar.com\/avatar\/d4fe7459cfc51ff5129ce1a732bbef5928568b8092d412ef95611616376bbeed?s=96&d=mm&r=g","url":"https:\/\/secure.gravatar.com\/avatar\/d4fe7459cfc51ff5129ce1a732bbef5928568b8092d412ef95611616376bbeed?s=96&d=mm&r=g","contentUrl":"https:\/\/secure.gravatar.com\/avatar\/d4fe7459cfc51ff5129ce1a732bbef5928568b8092d412ef95611616376bbeed?s=96&d=mm&r=g","caption":"f1000024"},"url":"https:\/\/cvinoticias.com\/v3\/author\/f1000024\/"}]}},"_links":{"self":[{"href":"https:\/\/cvinoticias.com\/v3\/wp-json\/wp\/v2\/posts\/5950","targetHints":{"allow":["GET"]}}],"collection":[{"href":"https:\/\/cvinoticias.com\/v3\/wp-json\/wp\/v2\/posts"}],"about":[{"href":"https:\/\/cvinoticias.com\/v3\/wp-json\/wp\/v2\/types\/post"}],"author":[{"embeddable":true,"href":"https:\/\/cvinoticias.com\/v3\/wp-json\/wp\/v2\/users\/2"}],"replies":[{"embeddable":true,"href":"https:\/\/cvinoticias.com\/v3\/wp-json\/wp\/v2\/comments?post=5950"}],"version-history":[{"count":1,"href":"https:\/\/cvinoticias.com\/v3\/wp-json\/wp\/v2\/posts\/5950\/revisions"}],"predecessor-version":[{"id":5952,"href":"https:\/\/cvinoticias.com\/v3\/wp-json\/wp\/v2\/posts\/5950\/revisions\/5952"}],"wp:featuredmedia":[{"embeddable":true,"href":"https:\/\/cvinoticias.com\/v3\/wp-json\/wp\/v2\/media\/5951"}],"wp:attachment":[{"href":"https:\/\/cvinoticias.com\/v3\/wp-json\/wp\/v2\/media?parent=5950"}],"wp:term":[{"taxonomy":"category","embeddable":true,"href":"https:\/\/cvinoticias.com\/v3\/wp-json\/wp\/v2\/categories?post=5950"},{"taxonomy":"post_tag","embeddable":true,"href":"https:\/\/cvinoticias.com\/v3\/wp-json\/wp\/v2\/tags?post=5950"}],"curies":[{"name":"wp","href":"https:\/\/api.w.org\/{rel}","templated":true}]}}