{"id":5907,"date":"2021-06-15T07:01:37","date_gmt":"2021-06-15T07:01:37","guid":{"rendered":"https:\/\/cvinoticias.com\/v3\/?p=5907"},"modified":"2021-06-15T07:01:37","modified_gmt":"2021-06-15T07:01:37","slug":"el-presidente-recibio-las-mas-de-930-000-vacunas-de-astrazeneca-que-llegaron-al-pais","status":"publish","type":"post","link":"https:\/\/cvinoticias.com\/v3\/el-presidente-recibio-las-mas-de-930-000-vacunas-de-astrazeneca-que-llegaron-al-pais\/","title":{"rendered":"El Presidente recibi\u00f3 las m\u00e1s de 930.000 vacunas de AstraZeneca que llegaron al pa\u00eds"},"content":{"rendered":"\n<p><strong><em>El nuevo cargamento, que aterriz\u00f3 cerca de las 17.30 en Ezeiza, suma un total de 20.677.145 dosis recibidas por el pa\u00eds<\/em><\/strong><\/p>\n\n\n\n<p>El presidente de la Naci\u00f3n, Alberto Fern\u00e1ndez, se acerc\u00f3 al Aeropuerto Internacional de Ezeiza para recibir el embarque de m\u00e1s de 930.000 vaucnas de AstraZeneca contra el coronavirus que llegaron desde Estados Unidos.&nbsp;<\/p>\n\n\n\n<p>Estuvo acompa\u00f1ado por el jefe de gabinete, Santiago Cafiero; la ministra de Salud, Carla Vizzotti y la asesora presidencial Cecilia Nicolini.<\/p>\n\n\n\n<p>Con este nuevo cargamento, el pa\u00eds habr\u00e1 recibido un total de 20.677.145 dosis, sumando las vacunas de los distintos laboratorios que hasta ahora tienen contrato ejecutado con el Gobierno nacional.<\/p>\n\n\n\n<p>Estas 934.000 nuevas dosis de AstraZeneca se suman a las 811.000 vacunas del mismo laboratorio que llegaron el s\u00e1bado desde la Ciudad de M\u00e9xico en un vuelo de Aerom\u00e9xico, que fue recibido en Ezeiza por Vizzotti.<\/p>\n\n\n\n<p>La campa\u00f1a de vacunaci\u00f3n, que se aceler\u00f3 a partir de la llegada de dosis de AstraZeneca fabricadas en Argentina y envasadas algunas en M\u00e9xico y otras en Estados Unidos, ya lleva aplicadas 16.547.151 de vacunas.&nbsp;<\/p>\n\n\n\n<p>13.153.656 de esas son primera dosis mientras que 3.393.495 son personas que recibieron el esquema completo de vacunaci\u00f3n.<\/p>\n","protected":false},"excerpt":{"rendered":"<p>El nuevo cargamento, que aterriz\u00f3 cerca de las 17.30 en Ezeiza, suma un total de 20.677.145 dosis recibidas por el pa\u00eds El presidente de la Naci\u00f3n, Alberto Fern\u00e1ndez, se acerc\u00f3 al Aeropuerto Internacional de Ezeiza para recibir el embarque de m\u00e1s de 930.000 vaucnas de AstraZeneca contra el coronavirus que llegaron desde Estados Unidos.&nbsp; Estuvo [&hellip;]<\/p>\n","protected":false},"author":2,"featured_media":5908,"comment_status":"open","ping_status":"open","sticky":false,"template":"","format":"standard","meta":{"footnotes":""},"categories":[23],"tags":[],"class_list":["post-5907","post","type-post","status-publish","format-standard","has-post-thumbnail","hentry","category-covid-19"],"yoast_head":"<!-- This site is optimized with the Yoast SEO plugin v27.4 - https:\/\/yoast.com\/product\/yoast-seo-wordpress\/ -->\n<title>El Presidente recibi\u00f3 las m\u00e1s de 930.000 vacunas de AstraZeneca que llegaron al pa\u00eds | CVI NOTICIAS<\/title>\n<meta name=\"robots\" content=\"index, follow, max-snippet:-1, max-image-preview:large, max-video-preview:-1\" \/>\n<link rel=\"canonical\" href=\"https:\/\/cvinoticias.com\/v3\/el-presidente-recibio-las-mas-de-930-000-vacunas-de-astrazeneca-que-llegaron-al-pais\/\" \/>\n<meta property=\"og:locale\" content=\"es_ES\" \/>\n<meta property=\"og:type\" content=\"article\" \/>\n<meta property=\"og:title\" content=\"El Presidente recibi\u00f3 las m\u00e1s de 930.000 vacunas de AstraZeneca que llegaron al pa\u00eds | CVI NOTICIAS\" \/>\n<meta property=\"og:description\" content=\"El nuevo cargamento, que aterriz\u00f3 cerca de las 17.30 en Ezeiza, suma un total de 20.677.145 dosis recibidas por el pa\u00eds El presidente de la Naci\u00f3n, Alberto Fern\u00e1ndez, se acerc\u00f3 al Aeropuerto Internacional de Ezeiza para recibir el embarque de m\u00e1s de 930.000 vaucnas de AstraZeneca contra el coronavirus que llegaron desde Estados Unidos.&nbsp; Estuvo [&hellip;]\" \/>\n<meta property=\"og:url\" content=\"https:\/\/cvinoticias.com\/v3\/el-presidente-recibio-las-mas-de-930-000-vacunas-de-astrazeneca-que-llegaron-al-pais\/\" \/>\n<meta property=\"og:site_name\" content=\"CVI NOTICIAS\" \/>\n<meta property=\"article:publisher\" content=\"https:\/\/www.facebook.com\/cvinoticias\" \/>\n<meta property=\"article:published_time\" content=\"2021-06-15T07:01:37+00:00\" \/>\n<meta property=\"og:image\" content=\"https:\/\/cvinoticias.com\/wp-content\/uploads\/2021\/06\/multimedia.normal.a138db9bb4123d21.576861747341707020496d61676520323032312d30362d31342061742031392e5f6e6f726d616c2e6a706567.jpeg\" \/>\n\t<meta property=\"og:image:width\" content=\"1280\" \/>\n\t<meta property=\"og:image:height\" content=\"854\" \/>\n\t<meta property=\"og:image:type\" content=\"image\/jpeg\" \/>\n<meta name=\"author\" content=\"f1000024\" \/>\n<meta name=\"twitter:card\" content=\"summary_large_image\" \/>\n<meta name=\"twitter:label1\" content=\"Escrito por\" \/>\n\t<meta name=\"twitter:data1\" content=\"f1000024\" \/>\n\t<meta name=\"twitter:label2\" content=\"Tiempo de lectura\" \/>\n\t<meta name=\"twitter:data2\" content=\"1 minuto\" \/>\n<script type=\"application\/ld+json\" class=\"yoast-schema-graph\">{\"@context\":\"https:\\\/\\\/schema.org\",\"@graph\":[{\"@type\":\"Article\",\"@id\":\"https:\\\/\\\/cvinoticias.com\\\/v3\\\/el-presidente-recibio-las-mas-de-930-000-vacunas-de-astrazeneca-que-llegaron-al-pais\\\/#article\",\"isPartOf\":{\"@id\":\"https:\\\/\\\/cvinoticias.com\\\/v3\\\/el-presidente-recibio-las-mas-de-930-000-vacunas-de-astrazeneca-que-llegaron-al-pais\\\/\"},\"author\":{\"name\":\"f1000024\",\"@id\":\"https:\\\/\\\/cvinoticias.com\\\/v3\\\/#\\\/schema\\\/person\\\/2db77e3c6bc03c538495d7b2b8be9b66\"},\"headline\":\"El Presidente recibi\u00f3 las m\u00e1s de 930.000 vacunas de AstraZeneca que llegaron al pa\u00eds\",\"datePublished\":\"2021-06-15T07:01:37+00:00\",\"mainEntityOfPage\":{\"@id\":\"https:\\\/\\\/cvinoticias.com\\\/v3\\\/el-presidente-recibio-las-mas-de-930-000-vacunas-de-astrazeneca-que-llegaron-al-pais\\\/\"},\"wordCount\":215,\"commentCount\":0,\"publisher\":{\"@id\":\"https:\\\/\\\/cvinoticias.com\\\/v3\\\/#organization\"},\"image\":{\"@id\":\"https:\\\/\\\/cvinoticias.com\\\/v3\\\/el-presidente-recibio-las-mas-de-930-000-vacunas-de-astrazeneca-que-llegaron-al-pais\\\/#primaryimage\"},\"thumbnailUrl\":\"https:\\\/\\\/cvinoticias.com\\\/wp-content\\\/uploads\\\/2021\\\/06\\\/multimedia.normal.a138db9bb4123d21.576861747341707020496d61676520323032312d30362d31342061742031392e5f6e6f726d616c2e6a706567.jpeg\",\"articleSection\":[\"Covid-19\"],\"inLanguage\":\"es\",\"potentialAction\":[{\"@type\":\"CommentAction\",\"name\":\"Comment\",\"target\":[\"https:\\\/\\\/cvinoticias.com\\\/v3\\\/el-presidente-recibio-las-mas-de-930-000-vacunas-de-astrazeneca-que-llegaron-al-pais\\\/#respond\"]}]},{\"@type\":\"WebPage\",\"@id\":\"https:\\\/\\\/cvinoticias.com\\\/v3\\\/el-presidente-recibio-las-mas-de-930-000-vacunas-de-astrazeneca-que-llegaron-al-pais\\\/\",\"url\":\"https:\\\/\\\/cvinoticias.com\\\/v3\\\/el-presidente-recibio-las-mas-de-930-000-vacunas-de-astrazeneca-que-llegaron-al-pais\\\/\",\"name\":\"El Presidente recibi\u00f3 las m\u00e1s de 930.000 vacunas de AstraZeneca que llegaron al pa\u00eds | CVI NOTICIAS\",\"isPartOf\":{\"@id\":\"https:\\\/\\\/cvinoticias.com\\\/v3\\\/#website\"},\"primaryImageOfPage\":{\"@id\":\"https:\\\/\\\/cvinoticias.com\\\/v3\\\/el-presidente-recibio-las-mas-de-930-000-vacunas-de-astrazeneca-que-llegaron-al-pais\\\/#primaryimage\"},\"image\":{\"@id\":\"https:\\\/\\\/cvinoticias.com\\\/v3\\\/el-presidente-recibio-las-mas-de-930-000-vacunas-de-astrazeneca-que-llegaron-al-pais\\\/#primaryimage\"},\"thumbnailUrl\":\"https:\\\/\\\/cvinoticias.com\\\/wp-content\\\/uploads\\\/2021\\\/06\\\/multimedia.normal.a138db9bb4123d21.576861747341707020496d61676520323032312d30362d31342061742031392e5f6e6f726d616c2e6a706567.jpeg\",\"datePublished\":\"2021-06-15T07:01:37+00:00\",\"breadcrumb\":{\"@id\":\"https:\\\/\\\/cvinoticias.com\\\/v3\\\/el-presidente-recibio-las-mas-de-930-000-vacunas-de-astrazeneca-que-llegaron-al-pais\\\/#breadcrumb\"},\"inLanguage\":\"es\",\"potentialAction\":[{\"@type\":\"ReadAction\",\"target\":[\"https:\\\/\\\/cvinoticias.com\\\/v3\\\/el-presidente-recibio-las-mas-de-930-000-vacunas-de-astrazeneca-que-llegaron-al-pais\\\/\"]}]},{\"@type\":\"ImageObject\",\"inLanguage\":\"es\",\"@id\":\"https:\\\/\\\/cvinoticias.com\\\/v3\\\/el-presidente-recibio-las-mas-de-930-000-vacunas-de-astrazeneca-que-llegaron-al-pais\\\/#primaryimage\",\"url\":\"https:\\\/\\\/cvinoticias.com\\\/wp-content\\\/uploads\\\/2021\\\/06\\\/multimedia.normal.a138db9bb4123d21.576861747341707020496d61676520323032312d30362d31342061742031392e5f6e6f726d616c2e6a706567.jpeg\",\"contentUrl\":\"https:\\\/\\\/cvinoticias.com\\\/wp-content\\\/uploads\\\/2021\\\/06\\\/multimedia.normal.a138db9bb4123d21.576861747341707020496d61676520323032312d30362d31342061742031392e5f6e6f726d616c2e6a706567.jpeg\",\"width\":1280,\"height\":854},{\"@type\":\"BreadcrumbList\",\"@id\":\"https:\\\/\\\/cvinoticias.com\\\/v3\\\/el-presidente-recibio-las-mas-de-930-000-vacunas-de-astrazeneca-que-llegaron-al-pais\\\/#breadcrumb\",\"itemListElement\":[{\"@type\":\"ListItem\",\"position\":1,\"name\":\"Portada\",\"item\":\"https:\\\/\\\/cvinoticias.com\\\/v3\\\/\"},{\"@type\":\"ListItem\",\"position\":2,\"name\":\"El Presidente recibi\u00f3 las m\u00e1s de 930.000 vacunas de AstraZeneca que llegaron al pa\u00eds\"}]},{\"@type\":\"WebSite\",\"@id\":\"https:\\\/\\\/cvinoticias.com\\\/v3\\\/#website\",\"url\":\"https:\\\/\\\/cvinoticias.com\\\/v3\\\/\",\"name\":\"CVI NOTICIAS\",\"description\":\"\",\"publisher\":{\"@id\":\"https:\\\/\\\/cvinoticias.com\\\/v3\\\/#organization\"},\"alternateName\":\"CVI\",\"potentialAction\":[{\"@type\":\"SearchAction\",\"target\":{\"@type\":\"EntryPoint\",\"urlTemplate\":\"https:\\\/\\\/cvinoticias.com\\\/v3\\\/?s={search_term_string}\"},\"query-input\":{\"@type\":\"PropertyValueSpecification\",\"valueRequired\":true,\"valueName\":\"search_term_string\"}}],\"inLanguage\":\"es\"},{\"@type\":\"Organization\",\"@id\":\"https:\\\/\\\/cvinoticias.com\\\/v3\\\/#organization\",\"name\":\"CVI NOTICIAS\",\"url\":\"https:\\\/\\\/cvinoticias.com\\\/v3\\\/\",\"logo\":{\"@type\":\"ImageObject\",\"inLanguage\":\"es\",\"@id\":\"https:\\\/\\\/cvinoticias.com\\\/v3\\\/#\\\/schema\\\/logo\\\/image\\\/\",\"url\":\"https:\\\/\\\/cvinoticias.com\\\/wp-content\\\/uploads\\\/2023\\\/04\\\/cropped-cropped-cropped-cropped-cropped-3-1.png\",\"contentUrl\":\"https:\\\/\\\/cvinoticias.com\\\/wp-content\\\/uploads\\\/2023\\\/04\\\/cropped-cropped-cropped-cropped-cropped-3-1.png\",\"width\":95,\"height\":122,\"caption\":\"CVI NOTICIAS\"},\"image\":{\"@id\":\"https:\\\/\\\/cvinoticias.com\\\/v3\\\/#\\\/schema\\\/logo\\\/image\\\/\"},\"sameAs\":[\"https:\\\/\\\/www.facebook.com\\\/cvinoticias\",\"https:\\\/\\\/www.instagram.com\\\/cvinoticias\\\/\",\"https:\\\/\\\/www.youtube.com\\\/@CVINOTICIAS\"]},{\"@type\":\"Person\",\"@id\":\"https:\\\/\\\/cvinoticias.com\\\/v3\\\/#\\\/schema\\\/person\\\/2db77e3c6bc03c538495d7b2b8be9b66\",\"name\":\"f1000024\",\"image\":{\"@type\":\"ImageObject\",\"inLanguage\":\"es\",\"@id\":\"https:\\\/\\\/secure.gravatar.com\\\/avatar\\\/d4fe7459cfc51ff5129ce1a732bbef5928568b8092d412ef95611616376bbeed?s=96&d=mm&r=g\",\"url\":\"https:\\\/\\\/secure.gravatar.com\\\/avatar\\\/d4fe7459cfc51ff5129ce1a732bbef5928568b8092d412ef95611616376bbeed?s=96&d=mm&r=g\",\"contentUrl\":\"https:\\\/\\\/secure.gravatar.com\\\/avatar\\\/d4fe7459cfc51ff5129ce1a732bbef5928568b8092d412ef95611616376bbeed?s=96&d=mm&r=g\",\"caption\":\"f1000024\"},\"url\":\"https:\\\/\\\/cvinoticias.com\\\/v3\\\/author\\\/f1000024\\\/\"}]}<\/script>\n<!-- \/ Yoast SEO plugin. -->","yoast_head_json":{"title":"El Presidente recibi\u00f3 las m\u00e1s de 930.000 vacunas de AstraZeneca que llegaron al pa\u00eds | CVI NOTICIAS","robots":{"index":"index","follow":"follow","max-snippet":"max-snippet:-1","max-image-preview":"max-image-preview:large","max-video-preview":"max-video-preview:-1"},"canonical":"https:\/\/cvinoticias.com\/v3\/el-presidente-recibio-las-mas-de-930-000-vacunas-de-astrazeneca-que-llegaron-al-pais\/","og_locale":"es_ES","og_type":"article","og_title":"El Presidente recibi\u00f3 las m\u00e1s de 930.000 vacunas de AstraZeneca que llegaron al pa\u00eds | CVI NOTICIAS","og_description":"El nuevo cargamento, que aterriz\u00f3 cerca de las 17.30 en Ezeiza, suma un total de 20.677.145 dosis recibidas por el pa\u00eds El presidente de la Naci\u00f3n, Alberto Fern\u00e1ndez, se acerc\u00f3 al Aeropuerto Internacional de Ezeiza para recibir el embarque de m\u00e1s de 930.000 vaucnas de AstraZeneca contra el coronavirus que llegaron desde Estados Unidos.&nbsp; Estuvo [&hellip;]","og_url":"https:\/\/cvinoticias.com\/v3\/el-presidente-recibio-las-mas-de-930-000-vacunas-de-astrazeneca-que-llegaron-al-pais\/","og_site_name":"CVI NOTICIAS","article_publisher":"https:\/\/www.facebook.com\/cvinoticias","article_published_time":"2021-06-15T07:01:37+00:00","og_image":[{"width":1280,"height":854,"url":"https:\/\/cvinoticias.com\/wp-content\/uploads\/2021\/06\/multimedia.normal.a138db9bb4123d21.576861747341707020496d61676520323032312d30362d31342061742031392e5f6e6f726d616c2e6a706567.jpeg","type":"image\/jpeg"}],"author":"f1000024","twitter_card":"summary_large_image","twitter_misc":{"Escrito por":"f1000024","Tiempo de lectura":"1 minuto"},"schema":{"@context":"https:\/\/schema.org","@graph":[{"@type":"Article","@id":"https:\/\/cvinoticias.com\/v3\/el-presidente-recibio-las-mas-de-930-000-vacunas-de-astrazeneca-que-llegaron-al-pais\/#article","isPartOf":{"@id":"https:\/\/cvinoticias.com\/v3\/el-presidente-recibio-las-mas-de-930-000-vacunas-de-astrazeneca-que-llegaron-al-pais\/"},"author":{"name":"f1000024","@id":"https:\/\/cvinoticias.com\/v3\/#\/schema\/person\/2db77e3c6bc03c538495d7b2b8be9b66"},"headline":"El Presidente recibi\u00f3 las m\u00e1s de 930.000 vacunas de AstraZeneca que llegaron al pa\u00eds","datePublished":"2021-06-15T07:01:37+00:00","mainEntityOfPage":{"@id":"https:\/\/cvinoticias.com\/v3\/el-presidente-recibio-las-mas-de-930-000-vacunas-de-astrazeneca-que-llegaron-al-pais\/"},"wordCount":215,"commentCount":0,"publisher":{"@id":"https:\/\/cvinoticias.com\/v3\/#organization"},"image":{"@id":"https:\/\/cvinoticias.com\/v3\/el-presidente-recibio-las-mas-de-930-000-vacunas-de-astrazeneca-que-llegaron-al-pais\/#primaryimage"},"thumbnailUrl":"https:\/\/cvinoticias.com\/wp-content\/uploads\/2021\/06\/multimedia.normal.a138db9bb4123d21.576861747341707020496d61676520323032312d30362d31342061742031392e5f6e6f726d616c2e6a706567.jpeg","articleSection":["Covid-19"],"inLanguage":"es","potentialAction":[{"@type":"CommentAction","name":"Comment","target":["https:\/\/cvinoticias.com\/v3\/el-presidente-recibio-las-mas-de-930-000-vacunas-de-astrazeneca-que-llegaron-al-pais\/#respond"]}]},{"@type":"WebPage","@id":"https:\/\/cvinoticias.com\/v3\/el-presidente-recibio-las-mas-de-930-000-vacunas-de-astrazeneca-que-llegaron-al-pais\/","url":"https:\/\/cvinoticias.com\/v3\/el-presidente-recibio-las-mas-de-930-000-vacunas-de-astrazeneca-que-llegaron-al-pais\/","name":"El Presidente recibi\u00f3 las m\u00e1s de 930.000 vacunas de AstraZeneca que llegaron al pa\u00eds | CVI NOTICIAS","isPartOf":{"@id":"https:\/\/cvinoticias.com\/v3\/#website"},"primaryImageOfPage":{"@id":"https:\/\/cvinoticias.com\/v3\/el-presidente-recibio-las-mas-de-930-000-vacunas-de-astrazeneca-que-llegaron-al-pais\/#primaryimage"},"image":{"@id":"https:\/\/cvinoticias.com\/v3\/el-presidente-recibio-las-mas-de-930-000-vacunas-de-astrazeneca-que-llegaron-al-pais\/#primaryimage"},"thumbnailUrl":"https:\/\/cvinoticias.com\/wp-content\/uploads\/2021\/06\/multimedia.normal.a138db9bb4123d21.576861747341707020496d61676520323032312d30362d31342061742031392e5f6e6f726d616c2e6a706567.jpeg","datePublished":"2021-06-15T07:01:37+00:00","breadcrumb":{"@id":"https:\/\/cvinoticias.com\/v3\/el-presidente-recibio-las-mas-de-930-000-vacunas-de-astrazeneca-que-llegaron-al-pais\/#breadcrumb"},"inLanguage":"es","potentialAction":[{"@type":"ReadAction","target":["https:\/\/cvinoticias.com\/v3\/el-presidente-recibio-las-mas-de-930-000-vacunas-de-astrazeneca-que-llegaron-al-pais\/"]}]},{"@type":"ImageObject","inLanguage":"es","@id":"https:\/\/cvinoticias.com\/v3\/el-presidente-recibio-las-mas-de-930-000-vacunas-de-astrazeneca-que-llegaron-al-pais\/#primaryimage","url":"https:\/\/cvinoticias.com\/wp-content\/uploads\/2021\/06\/multimedia.normal.a138db9bb4123d21.576861747341707020496d61676520323032312d30362d31342061742031392e5f6e6f726d616c2e6a706567.jpeg","contentUrl":"https:\/\/cvinoticias.com\/wp-content\/uploads\/2021\/06\/multimedia.normal.a138db9bb4123d21.576861747341707020496d61676520323032312d30362d31342061742031392e5f6e6f726d616c2e6a706567.jpeg","width":1280,"height":854},{"@type":"BreadcrumbList","@id":"https:\/\/cvinoticias.com\/v3\/el-presidente-recibio-las-mas-de-930-000-vacunas-de-astrazeneca-que-llegaron-al-pais\/#breadcrumb","itemListElement":[{"@type":"ListItem","position":1,"name":"Portada","item":"https:\/\/cvinoticias.com\/v3\/"},{"@type":"ListItem","position":2,"name":"El Presidente recibi\u00f3 las m\u00e1s de 930.000 vacunas de AstraZeneca que llegaron al pa\u00eds"}]},{"@type":"WebSite","@id":"https:\/\/cvinoticias.com\/v3\/#website","url":"https:\/\/cvinoticias.com\/v3\/","name":"CVI NOTICIAS","description":"","publisher":{"@id":"https:\/\/cvinoticias.com\/v3\/#organization"},"alternateName":"CVI","potentialAction":[{"@type":"SearchAction","target":{"@type":"EntryPoint","urlTemplate":"https:\/\/cvinoticias.com\/v3\/?s={search_term_string}"},"query-input":{"@type":"PropertyValueSpecification","valueRequired":true,"valueName":"search_term_string"}}],"inLanguage":"es"},{"@type":"Organization","@id":"https:\/\/cvinoticias.com\/v3\/#organization","name":"CVI NOTICIAS","url":"https:\/\/cvinoticias.com\/v3\/","logo":{"@type":"ImageObject","inLanguage":"es","@id":"https:\/\/cvinoticias.com\/v3\/#\/schema\/logo\/image\/","url":"https:\/\/cvinoticias.com\/wp-content\/uploads\/2023\/04\/cropped-cropped-cropped-cropped-cropped-3-1.png","contentUrl":"https:\/\/cvinoticias.com\/wp-content\/uploads\/2023\/04\/cropped-cropped-cropped-cropped-cropped-3-1.png","width":95,"height":122,"caption":"CVI NOTICIAS"},"image":{"@id":"https:\/\/cvinoticias.com\/v3\/#\/schema\/logo\/image\/"},"sameAs":["https:\/\/www.facebook.com\/cvinoticias","https:\/\/www.instagram.com\/cvinoticias\/","https:\/\/www.youtube.com\/@CVINOTICIAS"]},{"@type":"Person","@id":"https:\/\/cvinoticias.com\/v3\/#\/schema\/person\/2db77e3c6bc03c538495d7b2b8be9b66","name":"f1000024","image":{"@type":"ImageObject","inLanguage":"es","@id":"https:\/\/secure.gravatar.com\/avatar\/d4fe7459cfc51ff5129ce1a732bbef5928568b8092d412ef95611616376bbeed?s=96&d=mm&r=g","url":"https:\/\/secure.gravatar.com\/avatar\/d4fe7459cfc51ff5129ce1a732bbef5928568b8092d412ef95611616376bbeed?s=96&d=mm&r=g","contentUrl":"https:\/\/secure.gravatar.com\/avatar\/d4fe7459cfc51ff5129ce1a732bbef5928568b8092d412ef95611616376bbeed?s=96&d=mm&r=g","caption":"f1000024"},"url":"https:\/\/cvinoticias.com\/v3\/author\/f1000024\/"}]}},"_links":{"self":[{"href":"https:\/\/cvinoticias.com\/v3\/wp-json\/wp\/v2\/posts\/5907","targetHints":{"allow":["GET"]}}],"collection":[{"href":"https:\/\/cvinoticias.com\/v3\/wp-json\/wp\/v2\/posts"}],"about":[{"href":"https:\/\/cvinoticias.com\/v3\/wp-json\/wp\/v2\/types\/post"}],"author":[{"embeddable":true,"href":"https:\/\/cvinoticias.com\/v3\/wp-json\/wp\/v2\/users\/2"}],"replies":[{"embeddable":true,"href":"https:\/\/cvinoticias.com\/v3\/wp-json\/wp\/v2\/comments?post=5907"}],"version-history":[{"count":1,"href":"https:\/\/cvinoticias.com\/v3\/wp-json\/wp\/v2\/posts\/5907\/revisions"}],"predecessor-version":[{"id":5909,"href":"https:\/\/cvinoticias.com\/v3\/wp-json\/wp\/v2\/posts\/5907\/revisions\/5909"}],"wp:featuredmedia":[{"embeddable":true,"href":"https:\/\/cvinoticias.com\/v3\/wp-json\/wp\/v2\/media\/5908"}],"wp:attachment":[{"href":"https:\/\/cvinoticias.com\/v3\/wp-json\/wp\/v2\/media?parent=5907"}],"wp:term":[{"taxonomy":"category","embeddable":true,"href":"https:\/\/cvinoticias.com\/v3\/wp-json\/wp\/v2\/categories?post=5907"},{"taxonomy":"post_tag","embeddable":true,"href":"https:\/\/cvinoticias.com\/v3\/wp-json\/wp\/v2\/tags?post=5907"}],"curies":[{"name":"wp","href":"https:\/\/api.w.org\/{rel}","templated":true}]}}