{"id":5893,"date":"2021-06-14T21:34:02","date_gmt":"2021-06-14T21:34:02","guid":{"rendered":"https:\/\/cvinoticias.com\/v3\/?p=5893"},"modified":"2021-06-14T21:37:29","modified_gmt":"2021-06-14T21:37:29","slug":"posadas-vivienda-se-incendio-con-seis-menores-encerrados-bajo-llave","status":"publish","type":"post","link":"https:\/\/cvinoticias.com\/v3\/posadas-vivienda-se-incendio-con-seis-menores-encerrados-bajo-llave\/","title":{"rendered":"Posadas: Vivienda se incendi\u00f3 con seis menores encerrados bajo llave"},"content":{"rendered":"\n<p><em><strong>El hecho se registr\u00f3 durante el mediod\u00eda de este lunes. Vecinos del asentamiento rescataron a cuatro chicos. Mientras que la Polic\u00eda sac\u00f3 a dos m\u00e1s. Todos ellos est\u00e1n bajo asistencia psicol\u00f3gica.<\/strong><\/em><\/p>\n\n\n\n<p>Se registr\u00f3 un incendio en una vivienda de la zona oeste de Posadas. El hecho ocurri\u00f3 este lunes en horas del mediod\u00eda, en un inmueble situado entre la avenida Andresito y Costanera Oeste. Dentro de la casa se encontraba seis menores.<br><br>Vecinos del asentamiento rescataron a cuatro chicos. Mientras que la Polic\u00eda sac\u00f3 a dos m\u00e1s. Actualmente todos ellos se encuentran bajos asistencia psicol\u00f3gica.<br><br>Seg\u00fan las primeras informaciones, los chicos estaban encerrados bajo llave y ser\u00edan hermanos. Los menores tienen entre los 2 y 12 a\u00f1os de edad. Se habr\u00edan quedado solo hace varios d\u00edas, seg\u00fan el relato de los vecinos, quienes los alimentaban por una ventana.<\/p>\n","protected":false},"excerpt":{"rendered":"<p>El hecho se registr\u00f3 durante el mediod\u00eda de este lunes. Vecinos del asentamiento rescataron a cuatro chicos. Mientras que la Polic\u00eda sac\u00f3 a dos m\u00e1s. Todos ellos est\u00e1n bajo asistencia psicol\u00f3gica. Se registr\u00f3 un incendio en una vivienda de la zona oeste de Posadas. El hecho ocurri\u00f3 este lunes en horas del mediod\u00eda, en un [&hellip;]<\/p>\n","protected":false},"author":2,"featured_media":5897,"comment_status":"open","ping_status":"open","sticky":false,"template":"","format":"standard","meta":{"footnotes":""},"categories":[43],"tags":[],"class_list":["post-5893","post","type-post","status-publish","format-standard","has-post-thumbnail","hentry","category-provinciales"],"yoast_head":"<!-- This site is optimized with the Yoast SEO plugin v27.5 - https:\/\/yoast.com\/product\/yoast-seo-wordpress\/ -->\n<title>Posadas: Vivienda se incendi\u00f3 con seis menores encerrados bajo llave | CVI NOTICIAS<\/title>\n<meta name=\"robots\" content=\"index, follow, max-snippet:-1, max-image-preview:large, max-video-preview:-1\" \/>\n<link rel=\"canonical\" href=\"https:\/\/cvinoticias.com\/v3\/posadas-vivienda-se-incendio-con-seis-menores-encerrados-bajo-llave\/\" \/>\n<meta property=\"og:locale\" content=\"es_ES\" \/>\n<meta property=\"og:type\" content=\"article\" \/>\n<meta property=\"og:title\" content=\"Posadas: Vivienda se incendi\u00f3 con seis menores encerrados bajo llave | CVI NOTICIAS\" \/>\n<meta property=\"og:description\" content=\"El hecho se registr\u00f3 durante el mediod\u00eda de este lunes. Vecinos del asentamiento rescataron a cuatro chicos. Mientras que la Polic\u00eda sac\u00f3 a dos m\u00e1s. Todos ellos est\u00e1n bajo asistencia psicol\u00f3gica. Se registr\u00f3 un incendio en una vivienda de la zona oeste de Posadas. El hecho ocurri\u00f3 este lunes en horas del mediod\u00eda, en un [&hellip;]\" \/>\n<meta property=\"og:url\" content=\"https:\/\/cvinoticias.com\/v3\/posadas-vivienda-se-incendio-con-seis-menores-encerrados-bajo-llave\/\" \/>\n<meta property=\"og:site_name\" content=\"CVI NOTICIAS\" \/>\n<meta property=\"article:publisher\" content=\"https:\/\/www.facebook.com\/cvinoticias\" \/>\n<meta property=\"article:published_time\" content=\"2021-06-14T21:34:02+00:00\" \/>\n<meta property=\"article:modified_time\" content=\"2021-06-14T21:37:29+00:00\" \/>\n<meta property=\"og:image\" content=\"https:\/\/cvinoticias.com\/wp-content\/uploads\/2021\/06\/IMG-20210614-WA0063.jpg\" \/>\n\t<meta property=\"og:image:width\" content=\"1280\" \/>\n\t<meta property=\"og:image:height\" content=\"960\" \/>\n\t<meta property=\"og:image:type\" content=\"image\/jpeg\" \/>\n<meta name=\"author\" content=\"f1000024\" \/>\n<meta name=\"twitter:card\" content=\"summary_large_image\" \/>\n<meta name=\"twitter:label1\" content=\"Escrito por\" \/>\n\t<meta name=\"twitter:data1\" content=\"f1000024\" \/>\n\t<meta name=\"twitter:label2\" content=\"Tiempo de lectura\" \/>\n\t<meta name=\"twitter:data2\" content=\"1 minuto\" \/>\n<script type=\"application\/ld+json\" class=\"yoast-schema-graph\">{\"@context\":\"https:\\\/\\\/schema.org\",\"@graph\":[{\"@type\":\"Article\",\"@id\":\"https:\\\/\\\/cvinoticias.com\\\/v3\\\/posadas-vivienda-se-incendio-con-seis-menores-encerrados-bajo-llave\\\/#article\",\"isPartOf\":{\"@id\":\"https:\\\/\\\/cvinoticias.com\\\/v3\\\/posadas-vivienda-se-incendio-con-seis-menores-encerrados-bajo-llave\\\/\"},\"author\":{\"name\":\"f1000024\",\"@id\":\"https:\\\/\\\/cvinoticias.com\\\/v3\\\/#\\\/schema\\\/person\\\/2db77e3c6bc03c538495d7b2b8be9b66\"},\"headline\":\"Posadas: Vivienda se incendi\u00f3 con seis menores encerrados bajo llave\",\"datePublished\":\"2021-06-14T21:34:02+00:00\",\"dateModified\":\"2021-06-14T21:37:29+00:00\",\"mainEntityOfPage\":{\"@id\":\"https:\\\/\\\/cvinoticias.com\\\/v3\\\/posadas-vivienda-se-incendio-con-seis-menores-encerrados-bajo-llave\\\/\"},\"wordCount\":161,\"commentCount\":0,\"publisher\":{\"@id\":\"https:\\\/\\\/cvinoticias.com\\\/v3\\\/#organization\"},\"image\":{\"@id\":\"https:\\\/\\\/cvinoticias.com\\\/v3\\\/posadas-vivienda-se-incendio-con-seis-menores-encerrados-bajo-llave\\\/#primaryimage\"},\"thumbnailUrl\":\"https:\\\/\\\/cvinoticias.com\\\/wp-content\\\/uploads\\\/2021\\\/06\\\/IMG-20210614-WA0063.jpg\",\"articleSection\":[\"Provinciales\"],\"inLanguage\":\"es\",\"potentialAction\":[{\"@type\":\"CommentAction\",\"name\":\"Comment\",\"target\":[\"https:\\\/\\\/cvinoticias.com\\\/v3\\\/posadas-vivienda-se-incendio-con-seis-menores-encerrados-bajo-llave\\\/#respond\"]}]},{\"@type\":\"WebPage\",\"@id\":\"https:\\\/\\\/cvinoticias.com\\\/v3\\\/posadas-vivienda-se-incendio-con-seis-menores-encerrados-bajo-llave\\\/\",\"url\":\"https:\\\/\\\/cvinoticias.com\\\/v3\\\/posadas-vivienda-se-incendio-con-seis-menores-encerrados-bajo-llave\\\/\",\"name\":\"Posadas: Vivienda se incendi\u00f3 con seis menores encerrados bajo llave | CVI NOTICIAS\",\"isPartOf\":{\"@id\":\"https:\\\/\\\/cvinoticias.com\\\/v3\\\/#website\"},\"primaryImageOfPage\":{\"@id\":\"https:\\\/\\\/cvinoticias.com\\\/v3\\\/posadas-vivienda-se-incendio-con-seis-menores-encerrados-bajo-llave\\\/#primaryimage\"},\"image\":{\"@id\":\"https:\\\/\\\/cvinoticias.com\\\/v3\\\/posadas-vivienda-se-incendio-con-seis-menores-encerrados-bajo-llave\\\/#primaryimage\"},\"thumbnailUrl\":\"https:\\\/\\\/cvinoticias.com\\\/wp-content\\\/uploads\\\/2021\\\/06\\\/IMG-20210614-WA0063.jpg\",\"datePublished\":\"2021-06-14T21:34:02+00:00\",\"dateModified\":\"2021-06-14T21:37:29+00:00\",\"breadcrumb\":{\"@id\":\"https:\\\/\\\/cvinoticias.com\\\/v3\\\/posadas-vivienda-se-incendio-con-seis-menores-encerrados-bajo-llave\\\/#breadcrumb\"},\"inLanguage\":\"es\",\"potentialAction\":[{\"@type\":\"ReadAction\",\"target\":[\"https:\\\/\\\/cvinoticias.com\\\/v3\\\/posadas-vivienda-se-incendio-con-seis-menores-encerrados-bajo-llave\\\/\"]}]},{\"@type\":\"ImageObject\",\"inLanguage\":\"es\",\"@id\":\"https:\\\/\\\/cvinoticias.com\\\/v3\\\/posadas-vivienda-se-incendio-con-seis-menores-encerrados-bajo-llave\\\/#primaryimage\",\"url\":\"https:\\\/\\\/cvinoticias.com\\\/wp-content\\\/uploads\\\/2021\\\/06\\\/IMG-20210614-WA0063.jpg\",\"contentUrl\":\"https:\\\/\\\/cvinoticias.com\\\/wp-content\\\/uploads\\\/2021\\\/06\\\/IMG-20210614-WA0063.jpg\",\"width\":1280,\"height\":960},{\"@type\":\"BreadcrumbList\",\"@id\":\"https:\\\/\\\/cvinoticias.com\\\/v3\\\/posadas-vivienda-se-incendio-con-seis-menores-encerrados-bajo-llave\\\/#breadcrumb\",\"itemListElement\":[{\"@type\":\"ListItem\",\"position\":1,\"name\":\"Portada\",\"item\":\"https:\\\/\\\/cvinoticias.com\\\/v3\\\/\"},{\"@type\":\"ListItem\",\"position\":2,\"name\":\"Posadas: Vivienda se incendi\u00f3 con seis menores encerrados bajo llave\"}]},{\"@type\":\"WebSite\",\"@id\":\"https:\\\/\\\/cvinoticias.com\\\/v3\\\/#website\",\"url\":\"https:\\\/\\\/cvinoticias.com\\\/v3\\\/\",\"name\":\"CVI NOTICIAS\",\"description\":\"\",\"publisher\":{\"@id\":\"https:\\\/\\\/cvinoticias.com\\\/v3\\\/#organization\"},\"alternateName\":\"CVI\",\"potentialAction\":[{\"@type\":\"SearchAction\",\"target\":{\"@type\":\"EntryPoint\",\"urlTemplate\":\"https:\\\/\\\/cvinoticias.com\\\/v3\\\/?s={search_term_string}\"},\"query-input\":{\"@type\":\"PropertyValueSpecification\",\"valueRequired\":true,\"valueName\":\"search_term_string\"}}],\"inLanguage\":\"es\"},{\"@type\":\"Organization\",\"@id\":\"https:\\\/\\\/cvinoticias.com\\\/v3\\\/#organization\",\"name\":\"CVI NOTICIAS\",\"url\":\"https:\\\/\\\/cvinoticias.com\\\/v3\\\/\",\"logo\":{\"@type\":\"ImageObject\",\"inLanguage\":\"es\",\"@id\":\"https:\\\/\\\/cvinoticias.com\\\/v3\\\/#\\\/schema\\\/logo\\\/image\\\/\",\"url\":\"https:\\\/\\\/cvinoticias.com\\\/wp-content\\\/uploads\\\/2023\\\/04\\\/cropped-cropped-cropped-cropped-cropped-3-1.png\",\"contentUrl\":\"https:\\\/\\\/cvinoticias.com\\\/wp-content\\\/uploads\\\/2023\\\/04\\\/cropped-cropped-cropped-cropped-cropped-3-1.png\",\"width\":95,\"height\":122,\"caption\":\"CVI NOTICIAS\"},\"image\":{\"@id\":\"https:\\\/\\\/cvinoticias.com\\\/v3\\\/#\\\/schema\\\/logo\\\/image\\\/\"},\"sameAs\":[\"https:\\\/\\\/www.facebook.com\\\/cvinoticias\",\"https:\\\/\\\/www.instagram.com\\\/cvinoticias\\\/\",\"https:\\\/\\\/www.youtube.com\\\/@CVINOTICIAS\"]},{\"@type\":\"Person\",\"@id\":\"https:\\\/\\\/cvinoticias.com\\\/v3\\\/#\\\/schema\\\/person\\\/2db77e3c6bc03c538495d7b2b8be9b66\",\"name\":\"f1000024\",\"image\":{\"@type\":\"ImageObject\",\"inLanguage\":\"es\",\"@id\":\"https:\\\/\\\/secure.gravatar.com\\\/avatar\\\/d4fe7459cfc51ff5129ce1a732bbef5928568b8092d412ef95611616376bbeed?s=96&d=mm&r=g\",\"url\":\"https:\\\/\\\/secure.gravatar.com\\\/avatar\\\/d4fe7459cfc51ff5129ce1a732bbef5928568b8092d412ef95611616376bbeed?s=96&d=mm&r=g\",\"contentUrl\":\"https:\\\/\\\/secure.gravatar.com\\\/avatar\\\/d4fe7459cfc51ff5129ce1a732bbef5928568b8092d412ef95611616376bbeed?s=96&d=mm&r=g\",\"caption\":\"f1000024\"},\"url\":\"https:\\\/\\\/cvinoticias.com\\\/v3\\\/author\\\/f1000024\\\/\"}]}<\/script>\n<!-- \/ Yoast SEO plugin. -->","yoast_head_json":{"title":"Posadas: Vivienda se incendi\u00f3 con seis menores encerrados bajo llave | CVI NOTICIAS","robots":{"index":"index","follow":"follow","max-snippet":"max-snippet:-1","max-image-preview":"max-image-preview:large","max-video-preview":"max-video-preview:-1"},"canonical":"https:\/\/cvinoticias.com\/v3\/posadas-vivienda-se-incendio-con-seis-menores-encerrados-bajo-llave\/","og_locale":"es_ES","og_type":"article","og_title":"Posadas: Vivienda se incendi\u00f3 con seis menores encerrados bajo llave | CVI NOTICIAS","og_description":"El hecho se registr\u00f3 durante el mediod\u00eda de este lunes. Vecinos del asentamiento rescataron a cuatro chicos. Mientras que la Polic\u00eda sac\u00f3 a dos m\u00e1s. Todos ellos est\u00e1n bajo asistencia psicol\u00f3gica. Se registr\u00f3 un incendio en una vivienda de la zona oeste de Posadas. El hecho ocurri\u00f3 este lunes en horas del mediod\u00eda, en un [&hellip;]","og_url":"https:\/\/cvinoticias.com\/v3\/posadas-vivienda-se-incendio-con-seis-menores-encerrados-bajo-llave\/","og_site_name":"CVI NOTICIAS","article_publisher":"https:\/\/www.facebook.com\/cvinoticias","article_published_time":"2021-06-14T21:34:02+00:00","article_modified_time":"2021-06-14T21:37:29+00:00","og_image":[{"width":1280,"height":960,"url":"https:\/\/cvinoticias.com\/wp-content\/uploads\/2021\/06\/IMG-20210614-WA0063.jpg","type":"image\/jpeg"}],"author":"f1000024","twitter_card":"summary_large_image","twitter_misc":{"Escrito por":"f1000024","Tiempo de lectura":"1 minuto"},"schema":{"@context":"https:\/\/schema.org","@graph":[{"@type":"Article","@id":"https:\/\/cvinoticias.com\/v3\/posadas-vivienda-se-incendio-con-seis-menores-encerrados-bajo-llave\/#article","isPartOf":{"@id":"https:\/\/cvinoticias.com\/v3\/posadas-vivienda-se-incendio-con-seis-menores-encerrados-bajo-llave\/"},"author":{"name":"f1000024","@id":"https:\/\/cvinoticias.com\/v3\/#\/schema\/person\/2db77e3c6bc03c538495d7b2b8be9b66"},"headline":"Posadas: Vivienda se incendi\u00f3 con seis menores encerrados bajo llave","datePublished":"2021-06-14T21:34:02+00:00","dateModified":"2021-06-14T21:37:29+00:00","mainEntityOfPage":{"@id":"https:\/\/cvinoticias.com\/v3\/posadas-vivienda-se-incendio-con-seis-menores-encerrados-bajo-llave\/"},"wordCount":161,"commentCount":0,"publisher":{"@id":"https:\/\/cvinoticias.com\/v3\/#organization"},"image":{"@id":"https:\/\/cvinoticias.com\/v3\/posadas-vivienda-se-incendio-con-seis-menores-encerrados-bajo-llave\/#primaryimage"},"thumbnailUrl":"https:\/\/cvinoticias.com\/wp-content\/uploads\/2021\/06\/IMG-20210614-WA0063.jpg","articleSection":["Provinciales"],"inLanguage":"es","potentialAction":[{"@type":"CommentAction","name":"Comment","target":["https:\/\/cvinoticias.com\/v3\/posadas-vivienda-se-incendio-con-seis-menores-encerrados-bajo-llave\/#respond"]}]},{"@type":"WebPage","@id":"https:\/\/cvinoticias.com\/v3\/posadas-vivienda-se-incendio-con-seis-menores-encerrados-bajo-llave\/","url":"https:\/\/cvinoticias.com\/v3\/posadas-vivienda-se-incendio-con-seis-menores-encerrados-bajo-llave\/","name":"Posadas: Vivienda se incendi\u00f3 con seis menores encerrados bajo llave | CVI NOTICIAS","isPartOf":{"@id":"https:\/\/cvinoticias.com\/v3\/#website"},"primaryImageOfPage":{"@id":"https:\/\/cvinoticias.com\/v3\/posadas-vivienda-se-incendio-con-seis-menores-encerrados-bajo-llave\/#primaryimage"},"image":{"@id":"https:\/\/cvinoticias.com\/v3\/posadas-vivienda-se-incendio-con-seis-menores-encerrados-bajo-llave\/#primaryimage"},"thumbnailUrl":"https:\/\/cvinoticias.com\/wp-content\/uploads\/2021\/06\/IMG-20210614-WA0063.jpg","datePublished":"2021-06-14T21:34:02+00:00","dateModified":"2021-06-14T21:37:29+00:00","breadcrumb":{"@id":"https:\/\/cvinoticias.com\/v3\/posadas-vivienda-se-incendio-con-seis-menores-encerrados-bajo-llave\/#breadcrumb"},"inLanguage":"es","potentialAction":[{"@type":"ReadAction","target":["https:\/\/cvinoticias.com\/v3\/posadas-vivienda-se-incendio-con-seis-menores-encerrados-bajo-llave\/"]}]},{"@type":"ImageObject","inLanguage":"es","@id":"https:\/\/cvinoticias.com\/v3\/posadas-vivienda-se-incendio-con-seis-menores-encerrados-bajo-llave\/#primaryimage","url":"https:\/\/cvinoticias.com\/wp-content\/uploads\/2021\/06\/IMG-20210614-WA0063.jpg","contentUrl":"https:\/\/cvinoticias.com\/wp-content\/uploads\/2021\/06\/IMG-20210614-WA0063.jpg","width":1280,"height":960},{"@type":"BreadcrumbList","@id":"https:\/\/cvinoticias.com\/v3\/posadas-vivienda-se-incendio-con-seis-menores-encerrados-bajo-llave\/#breadcrumb","itemListElement":[{"@type":"ListItem","position":1,"name":"Portada","item":"https:\/\/cvinoticias.com\/v3\/"},{"@type":"ListItem","position":2,"name":"Posadas: Vivienda se incendi\u00f3 con seis menores encerrados bajo llave"}]},{"@type":"WebSite","@id":"https:\/\/cvinoticias.com\/v3\/#website","url":"https:\/\/cvinoticias.com\/v3\/","name":"CVI NOTICIAS","description":"","publisher":{"@id":"https:\/\/cvinoticias.com\/v3\/#organization"},"alternateName":"CVI","potentialAction":[{"@type":"SearchAction","target":{"@type":"EntryPoint","urlTemplate":"https:\/\/cvinoticias.com\/v3\/?s={search_term_string}"},"query-input":{"@type":"PropertyValueSpecification","valueRequired":true,"valueName":"search_term_string"}}],"inLanguage":"es"},{"@type":"Organization","@id":"https:\/\/cvinoticias.com\/v3\/#organization","name":"CVI NOTICIAS","url":"https:\/\/cvinoticias.com\/v3\/","logo":{"@type":"ImageObject","inLanguage":"es","@id":"https:\/\/cvinoticias.com\/v3\/#\/schema\/logo\/image\/","url":"https:\/\/cvinoticias.com\/wp-content\/uploads\/2023\/04\/cropped-cropped-cropped-cropped-cropped-3-1.png","contentUrl":"https:\/\/cvinoticias.com\/wp-content\/uploads\/2023\/04\/cropped-cropped-cropped-cropped-cropped-3-1.png","width":95,"height":122,"caption":"CVI NOTICIAS"},"image":{"@id":"https:\/\/cvinoticias.com\/v3\/#\/schema\/logo\/image\/"},"sameAs":["https:\/\/www.facebook.com\/cvinoticias","https:\/\/www.instagram.com\/cvinoticias\/","https:\/\/www.youtube.com\/@CVINOTICIAS"]},{"@type":"Person","@id":"https:\/\/cvinoticias.com\/v3\/#\/schema\/person\/2db77e3c6bc03c538495d7b2b8be9b66","name":"f1000024","image":{"@type":"ImageObject","inLanguage":"es","@id":"https:\/\/secure.gravatar.com\/avatar\/d4fe7459cfc51ff5129ce1a732bbef5928568b8092d412ef95611616376bbeed?s=96&d=mm&r=g","url":"https:\/\/secure.gravatar.com\/avatar\/d4fe7459cfc51ff5129ce1a732bbef5928568b8092d412ef95611616376bbeed?s=96&d=mm&r=g","contentUrl":"https:\/\/secure.gravatar.com\/avatar\/d4fe7459cfc51ff5129ce1a732bbef5928568b8092d412ef95611616376bbeed?s=96&d=mm&r=g","caption":"f1000024"},"url":"https:\/\/cvinoticias.com\/v3\/author\/f1000024\/"}]}},"_links":{"self":[{"href":"https:\/\/cvinoticias.com\/v3\/wp-json\/wp\/v2\/posts\/5893","targetHints":{"allow":["GET"]}}],"collection":[{"href":"https:\/\/cvinoticias.com\/v3\/wp-json\/wp\/v2\/posts"}],"about":[{"href":"https:\/\/cvinoticias.com\/v3\/wp-json\/wp\/v2\/types\/post"}],"author":[{"embeddable":true,"href":"https:\/\/cvinoticias.com\/v3\/wp-json\/wp\/v2\/users\/2"}],"replies":[{"embeddable":true,"href":"https:\/\/cvinoticias.com\/v3\/wp-json\/wp\/v2\/comments?post=5893"}],"version-history":[{"count":1,"href":"https:\/\/cvinoticias.com\/v3\/wp-json\/wp\/v2\/posts\/5893\/revisions"}],"predecessor-version":[{"id":5895,"href":"https:\/\/cvinoticias.com\/v3\/wp-json\/wp\/v2\/posts\/5893\/revisions\/5895"}],"wp:featuredmedia":[{"embeddable":true,"href":"https:\/\/cvinoticias.com\/v3\/wp-json\/wp\/v2\/media\/5897"}],"wp:attachment":[{"href":"https:\/\/cvinoticias.com\/v3\/wp-json\/wp\/v2\/media?parent=5893"}],"wp:term":[{"taxonomy":"category","embeddable":true,"href":"https:\/\/cvinoticias.com\/v3\/wp-json\/wp\/v2\/categories?post=5893"},{"taxonomy":"post_tag","embeddable":true,"href":"https:\/\/cvinoticias.com\/v3\/wp-json\/wp\/v2\/tags?post=5893"}],"curies":[{"name":"wp","href":"https:\/\/api.w.org\/{rel}","templated":true}]}}