{"id":5829,"date":"2021-06-10T16:26:10","date_gmt":"2021-06-10T16:26:10","guid":{"rendered":"https:\/\/cvinoticias.com\/v3\/?p=5829"},"modified":"2021-06-10T16:28:10","modified_gmt":"2021-06-10T16:28:10","slug":"cortaron-cables-de-fibra-optica-y-dos-barrios-de-nuestra-ciudad-se-quedaron-sin-internet","status":"publish","type":"post","link":"https:\/\/cvinoticias.com\/v3\/cortaron-cables-de-fibra-optica-y-dos-barrios-de-nuestra-ciudad-se-quedaron-sin-internet\/","title":{"rendered":"Cortaron cables de fibra \u00f3ptica y dos barrios de nuestra ciudad se quedaron sin internet"},"content":{"rendered":"\n<p><strong><em>Durante la madrugada de este jueves, desconocidos realizaron acto de vandalismo, cortando cables de fibra \u00f3ptica de la empresa CVI que brinda servicio de internet y cable en nuestra ciudad.<\/em><\/strong><\/p>\n\n\n\n<p>En horas de la ma\u00f1ana de hoy jueves 10, el servicio de cablevisi\u00f3n se vio interrumpido por un corte en la fibra \u00f3ptica, ya se puso r\u00e1pidamente al personal especializado para solucionar el inconveniente.<\/p>\n\n\n\n<p>La Empresa de CVI recibi\u00f3 el llamado de que el servicio de Internet y Cable se encuentraba sin se\u00f1al en el Barrio Orqu\u00eddea y Barrio Hermoso, donde personal que recurri\u00f3 al lugar encontr\u00f3 que el Cable de fibra \u00f3ptica ubicada sobre la ruta 12 estaba cortado y es lo que ocasion\u00f3 que los barrios mencionados quedar\u00e1n sin servicio.<\/p>\n\n\n\n<p>Personal de la empresa cvi se encuentra trabajando en el lugar y estiman que para la tarde ya se re establecer\u00e1 el servicio nuevamente.<\/p>\n\n\n\n<p>En consecuencia los vecinos que se encuentran sin acceso a la red desde hace varias horas no deben tocar m\u00e1s los cables, ni reiniciar el router porque el problema no es de la conexi\u00f3n.<\/p>\n\n\n\n<figure class=\"wp-block-image size-large\"><a href=\"https:\/\/cvinoticias.com\/wp-content\/uploads\/2021\/06\/IMG-20210610-WA0029.jpg\"><img decoding=\"async\" width=\"576\" height=\"1024\" data-src=\"https:\/\/cvinoticias.com\/wp-content\/uploads\/2021\/06\/IMG-20210610-WA0029-576x1024.jpg\" alt=\"\" class=\"wp-image-5831 lazyload\" data-srcset=\"https:\/\/cvinoticias.com\/wp-content\/uploads\/2021\/06\/IMG-20210610-WA0029-576x1024.jpg 576w, https:\/\/cvinoticias.com\/wp-content\/uploads\/2021\/06\/IMG-20210610-WA0029-169x300.jpg 169w, https:\/\/cvinoticias.com\/wp-content\/uploads\/2021\/06\/IMG-20210610-WA0029.jpg 720w\" data-sizes=\"(max-width: 576px) 100vw, 576px\" src=\"data:image\/svg+xml;base64,PHN2ZyB3aWR0aD0iMSIgaGVpZ2h0PSIxIiB4bWxucz0iaHR0cDovL3d3dy53My5vcmcvMjAwMC9zdmciPjwvc3ZnPg==\" style=\"--smush-placeholder-width: 576px; --smush-placeholder-aspect-ratio: 576\/1024;\" \/><\/a><\/figure>\n\n\n\n<figure class=\"wp-block-image size-large\"><a href=\"https:\/\/cvinoticias.com\/wp-content\/uploads\/2021\/06\/IMG-20210610-WA0028.jpg\"><img decoding=\"async\" width=\"576\" height=\"1024\" data-src=\"https:\/\/cvinoticias.com\/wp-content\/uploads\/2021\/06\/IMG-20210610-WA0028-576x1024.jpg\" alt=\"\" class=\"wp-image-5832 lazyload\" data-srcset=\"https:\/\/cvinoticias.com\/wp-content\/uploads\/2021\/06\/IMG-20210610-WA0028-576x1024.jpg 576w, https:\/\/cvinoticias.com\/wp-content\/uploads\/2021\/06\/IMG-20210610-WA0028-169x300.jpg 169w, https:\/\/cvinoticias.com\/wp-content\/uploads\/2021\/06\/IMG-20210610-WA0028.jpg 720w\" data-sizes=\"(max-width: 576px) 100vw, 576px\" src=\"data:image\/svg+xml;base64,PHN2ZyB3aWR0aD0iMSIgaGVpZ2h0PSIxIiB4bWxucz0iaHR0cDovL3d3dy53My5vcmcvMjAwMC9zdmciPjwvc3ZnPg==\" style=\"--smush-placeholder-width: 576px; --smush-placeholder-aspect-ratio: 576\/1024;\" \/><\/a><\/figure>\n\n\n\n<p><br><\/p>\n","protected":false},"excerpt":{"rendered":"<p>Durante la madrugada de este jueves, desconocidos realizaron acto de vandalismo, cortando cables de fibra \u00f3ptica de la empresa CVI que brinda servicio de internet y cable en nuestra ciudad. En horas de la ma\u00f1ana de hoy jueves 10, el servicio de cablevisi\u00f3n se vio interrumpido por un corte en la fibra \u00f3ptica, ya se [&hellip;]<\/p>\n","protected":false},"author":2,"featured_media":5830,"comment_status":"open","ping_status":"open","sticky":false,"template":"","format":"standard","meta":{"footnotes":""},"categories":[29],"tags":[],"class_list":["post-5829","post","type-post","status-publish","format-standard","has-post-thumbnail","hentry","category-locales"],"yoast_head":"<!-- This site is optimized with the Yoast SEO plugin v27.5 - https:\/\/yoast.com\/product\/yoast-seo-wordpress\/ -->\n<title>Cortaron cables de fibra \u00f3ptica y dos barrios de nuestra ciudad se quedaron sin internet | CVI NOTICIAS<\/title>\n<meta name=\"robots\" content=\"index, follow, max-snippet:-1, max-image-preview:large, max-video-preview:-1\" \/>\n<link rel=\"canonical\" href=\"https:\/\/cvinoticias.com\/v3\/cortaron-cables-de-fibra-optica-y-dos-barrios-de-nuestra-ciudad-se-quedaron-sin-internet\/\" \/>\n<meta property=\"og:locale\" content=\"es_ES\" \/>\n<meta property=\"og:type\" content=\"article\" \/>\n<meta property=\"og:title\" content=\"Cortaron cables de fibra \u00f3ptica y dos barrios de nuestra ciudad se quedaron sin internet | CVI NOTICIAS\" \/>\n<meta property=\"og:description\" content=\"Durante la madrugada de este jueves, desconocidos realizaron acto de vandalismo, cortando cables de fibra \u00f3ptica de la empresa CVI que brinda servicio de internet y cable en nuestra ciudad. En horas de la ma\u00f1ana de hoy jueves 10, el servicio de cablevisi\u00f3n se vio interrumpido por un corte en la fibra \u00f3ptica, ya se [&hellip;]\" \/>\n<meta property=\"og:url\" content=\"https:\/\/cvinoticias.com\/v3\/cortaron-cables-de-fibra-optica-y-dos-barrios-de-nuestra-ciudad-se-quedaron-sin-internet\/\" \/>\n<meta property=\"og:site_name\" content=\"CVI NOTICIAS\" \/>\n<meta property=\"article:publisher\" content=\"https:\/\/www.facebook.com\/cvinoticias\" \/>\n<meta property=\"article:published_time\" content=\"2021-06-10T16:26:10+00:00\" \/>\n<meta property=\"article:modified_time\" content=\"2021-06-10T16:28:10+00:00\" \/>\n<meta property=\"og:image\" content=\"https:\/\/cvinoticias.com\/wp-content\/uploads\/2021\/06\/IMG-20210610-WA0030.jpg\" \/>\n\t<meta property=\"og:image:width\" content=\"720\" \/>\n\t<meta property=\"og:image:height\" content=\"1280\" \/>\n\t<meta property=\"og:image:type\" content=\"image\/jpeg\" \/>\n<meta name=\"author\" content=\"f1000024\" \/>\n<meta name=\"twitter:card\" content=\"summary_large_image\" \/>\n<meta name=\"twitter:label1\" content=\"Escrito por\" \/>\n\t<meta name=\"twitter:data1\" content=\"f1000024\" \/>\n\t<meta name=\"twitter:label2\" content=\"Tiempo de lectura\" \/>\n\t<meta name=\"twitter:data2\" content=\"1 minuto\" \/>\n<script type=\"application\/ld+json\" class=\"yoast-schema-graph\">{\"@context\":\"https:\\\/\\\/schema.org\",\"@graph\":[{\"@type\":\"Article\",\"@id\":\"https:\\\/\\\/cvinoticias.com\\\/v3\\\/cortaron-cables-de-fibra-optica-y-dos-barrios-de-nuestra-ciudad-se-quedaron-sin-internet\\\/#article\",\"isPartOf\":{\"@id\":\"https:\\\/\\\/cvinoticias.com\\\/v3\\\/cortaron-cables-de-fibra-optica-y-dos-barrios-de-nuestra-ciudad-se-quedaron-sin-internet\\\/\"},\"author\":{\"name\":\"f1000024\",\"@id\":\"https:\\\/\\\/cvinoticias.com\\\/v3\\\/#\\\/schema\\\/person\\\/2db77e3c6bc03c538495d7b2b8be9b66\"},\"headline\":\"Cortaron cables de fibra \u00f3ptica y dos barrios de nuestra ciudad se quedaron sin internet\",\"datePublished\":\"2021-06-10T16:26:10+00:00\",\"dateModified\":\"2021-06-10T16:28:10+00:00\",\"mainEntityOfPage\":{\"@id\":\"https:\\\/\\\/cvinoticias.com\\\/v3\\\/cortaron-cables-de-fibra-optica-y-dos-barrios-de-nuestra-ciudad-se-quedaron-sin-internet\\\/\"},\"wordCount\":201,\"commentCount\":0,\"publisher\":{\"@id\":\"https:\\\/\\\/cvinoticias.com\\\/v3\\\/#organization\"},\"image\":{\"@id\":\"https:\\\/\\\/cvinoticias.com\\\/v3\\\/cortaron-cables-de-fibra-optica-y-dos-barrios-de-nuestra-ciudad-se-quedaron-sin-internet\\\/#primaryimage\"},\"thumbnailUrl\":\"https:\\\/\\\/cvinoticias.com\\\/wp-content\\\/uploads\\\/2021\\\/06\\\/IMG-20210610-WA0030.jpg\",\"articleSection\":[\"Locales\"],\"inLanguage\":\"es\",\"potentialAction\":[{\"@type\":\"CommentAction\",\"name\":\"Comment\",\"target\":[\"https:\\\/\\\/cvinoticias.com\\\/v3\\\/cortaron-cables-de-fibra-optica-y-dos-barrios-de-nuestra-ciudad-se-quedaron-sin-internet\\\/#respond\"]}]},{\"@type\":\"WebPage\",\"@id\":\"https:\\\/\\\/cvinoticias.com\\\/v3\\\/cortaron-cables-de-fibra-optica-y-dos-barrios-de-nuestra-ciudad-se-quedaron-sin-internet\\\/\",\"url\":\"https:\\\/\\\/cvinoticias.com\\\/v3\\\/cortaron-cables-de-fibra-optica-y-dos-barrios-de-nuestra-ciudad-se-quedaron-sin-internet\\\/\",\"name\":\"Cortaron cables de fibra \u00f3ptica y dos barrios de nuestra ciudad se quedaron sin internet | CVI NOTICIAS\",\"isPartOf\":{\"@id\":\"https:\\\/\\\/cvinoticias.com\\\/v3\\\/#website\"},\"primaryImageOfPage\":{\"@id\":\"https:\\\/\\\/cvinoticias.com\\\/v3\\\/cortaron-cables-de-fibra-optica-y-dos-barrios-de-nuestra-ciudad-se-quedaron-sin-internet\\\/#primaryimage\"},\"image\":{\"@id\":\"https:\\\/\\\/cvinoticias.com\\\/v3\\\/cortaron-cables-de-fibra-optica-y-dos-barrios-de-nuestra-ciudad-se-quedaron-sin-internet\\\/#primaryimage\"},\"thumbnailUrl\":\"https:\\\/\\\/cvinoticias.com\\\/wp-content\\\/uploads\\\/2021\\\/06\\\/IMG-20210610-WA0030.jpg\",\"datePublished\":\"2021-06-10T16:26:10+00:00\",\"dateModified\":\"2021-06-10T16:28:10+00:00\",\"breadcrumb\":{\"@id\":\"https:\\\/\\\/cvinoticias.com\\\/v3\\\/cortaron-cables-de-fibra-optica-y-dos-barrios-de-nuestra-ciudad-se-quedaron-sin-internet\\\/#breadcrumb\"},\"inLanguage\":\"es\",\"potentialAction\":[{\"@type\":\"ReadAction\",\"target\":[\"https:\\\/\\\/cvinoticias.com\\\/v3\\\/cortaron-cables-de-fibra-optica-y-dos-barrios-de-nuestra-ciudad-se-quedaron-sin-internet\\\/\"]}]},{\"@type\":\"ImageObject\",\"inLanguage\":\"es\",\"@id\":\"https:\\\/\\\/cvinoticias.com\\\/v3\\\/cortaron-cables-de-fibra-optica-y-dos-barrios-de-nuestra-ciudad-se-quedaron-sin-internet\\\/#primaryimage\",\"url\":\"https:\\\/\\\/cvinoticias.com\\\/wp-content\\\/uploads\\\/2021\\\/06\\\/IMG-20210610-WA0030.jpg\",\"contentUrl\":\"https:\\\/\\\/cvinoticias.com\\\/wp-content\\\/uploads\\\/2021\\\/06\\\/IMG-20210610-WA0030.jpg\",\"width\":720,\"height\":1280},{\"@type\":\"BreadcrumbList\",\"@id\":\"https:\\\/\\\/cvinoticias.com\\\/v3\\\/cortaron-cables-de-fibra-optica-y-dos-barrios-de-nuestra-ciudad-se-quedaron-sin-internet\\\/#breadcrumb\",\"itemListElement\":[{\"@type\":\"ListItem\",\"position\":1,\"name\":\"Portada\",\"item\":\"https:\\\/\\\/cvinoticias.com\\\/v3\\\/\"},{\"@type\":\"ListItem\",\"position\":2,\"name\":\"Cortaron cables de fibra \u00f3ptica y dos barrios de nuestra ciudad se quedaron sin internet\"}]},{\"@type\":\"WebSite\",\"@id\":\"https:\\\/\\\/cvinoticias.com\\\/v3\\\/#website\",\"url\":\"https:\\\/\\\/cvinoticias.com\\\/v3\\\/\",\"name\":\"CVI NOTICIAS\",\"description\":\"\",\"publisher\":{\"@id\":\"https:\\\/\\\/cvinoticias.com\\\/v3\\\/#organization\"},\"alternateName\":\"CVI\",\"potentialAction\":[{\"@type\":\"SearchAction\",\"target\":{\"@type\":\"EntryPoint\",\"urlTemplate\":\"https:\\\/\\\/cvinoticias.com\\\/v3\\\/?s={search_term_string}\"},\"query-input\":{\"@type\":\"PropertyValueSpecification\",\"valueRequired\":true,\"valueName\":\"search_term_string\"}}],\"inLanguage\":\"es\"},{\"@type\":\"Organization\",\"@id\":\"https:\\\/\\\/cvinoticias.com\\\/v3\\\/#organization\",\"name\":\"CVI NOTICIAS\",\"url\":\"https:\\\/\\\/cvinoticias.com\\\/v3\\\/\",\"logo\":{\"@type\":\"ImageObject\",\"inLanguage\":\"es\",\"@id\":\"https:\\\/\\\/cvinoticias.com\\\/v3\\\/#\\\/schema\\\/logo\\\/image\\\/\",\"url\":\"https:\\\/\\\/cvinoticias.com\\\/wp-content\\\/uploads\\\/2023\\\/04\\\/cropped-cropped-cropped-cropped-cropped-3-1.png\",\"contentUrl\":\"https:\\\/\\\/cvinoticias.com\\\/wp-content\\\/uploads\\\/2023\\\/04\\\/cropped-cropped-cropped-cropped-cropped-3-1.png\",\"width\":95,\"height\":122,\"caption\":\"CVI NOTICIAS\"},\"image\":{\"@id\":\"https:\\\/\\\/cvinoticias.com\\\/v3\\\/#\\\/schema\\\/logo\\\/image\\\/\"},\"sameAs\":[\"https:\\\/\\\/www.facebook.com\\\/cvinoticias\",\"https:\\\/\\\/www.instagram.com\\\/cvinoticias\\\/\",\"https:\\\/\\\/www.youtube.com\\\/@CVINOTICIAS\"]},{\"@type\":\"Person\",\"@id\":\"https:\\\/\\\/cvinoticias.com\\\/v3\\\/#\\\/schema\\\/person\\\/2db77e3c6bc03c538495d7b2b8be9b66\",\"name\":\"f1000024\",\"image\":{\"@type\":\"ImageObject\",\"inLanguage\":\"es\",\"@id\":\"https:\\\/\\\/secure.gravatar.com\\\/avatar\\\/d4fe7459cfc51ff5129ce1a732bbef5928568b8092d412ef95611616376bbeed?s=96&d=mm&r=g\",\"url\":\"https:\\\/\\\/secure.gravatar.com\\\/avatar\\\/d4fe7459cfc51ff5129ce1a732bbef5928568b8092d412ef95611616376bbeed?s=96&d=mm&r=g\",\"contentUrl\":\"https:\\\/\\\/secure.gravatar.com\\\/avatar\\\/d4fe7459cfc51ff5129ce1a732bbef5928568b8092d412ef95611616376bbeed?s=96&d=mm&r=g\",\"caption\":\"f1000024\"},\"url\":\"https:\\\/\\\/cvinoticias.com\\\/v3\\\/author\\\/f1000024\\\/\"}]}<\/script>\n<!-- \/ Yoast SEO plugin. -->","yoast_head_json":{"title":"Cortaron cables de fibra \u00f3ptica y dos barrios de nuestra ciudad se quedaron sin internet | CVI NOTICIAS","robots":{"index":"index","follow":"follow","max-snippet":"max-snippet:-1","max-image-preview":"max-image-preview:large","max-video-preview":"max-video-preview:-1"},"canonical":"https:\/\/cvinoticias.com\/v3\/cortaron-cables-de-fibra-optica-y-dos-barrios-de-nuestra-ciudad-se-quedaron-sin-internet\/","og_locale":"es_ES","og_type":"article","og_title":"Cortaron cables de fibra \u00f3ptica y dos barrios de nuestra ciudad se quedaron sin internet | CVI NOTICIAS","og_description":"Durante la madrugada de este jueves, desconocidos realizaron acto de vandalismo, cortando cables de fibra \u00f3ptica de la empresa CVI que brinda servicio de internet y cable en nuestra ciudad. En horas de la ma\u00f1ana de hoy jueves 10, el servicio de cablevisi\u00f3n se vio interrumpido por un corte en la fibra \u00f3ptica, ya se [&hellip;]","og_url":"https:\/\/cvinoticias.com\/v3\/cortaron-cables-de-fibra-optica-y-dos-barrios-de-nuestra-ciudad-se-quedaron-sin-internet\/","og_site_name":"CVI NOTICIAS","article_publisher":"https:\/\/www.facebook.com\/cvinoticias","article_published_time":"2021-06-10T16:26:10+00:00","article_modified_time":"2021-06-10T16:28:10+00:00","og_image":[{"width":720,"height":1280,"url":"https:\/\/cvinoticias.com\/wp-content\/uploads\/2021\/06\/IMG-20210610-WA0030.jpg","type":"image\/jpeg"}],"author":"f1000024","twitter_card":"summary_large_image","twitter_misc":{"Escrito por":"f1000024","Tiempo de lectura":"1 minuto"},"schema":{"@context":"https:\/\/schema.org","@graph":[{"@type":"Article","@id":"https:\/\/cvinoticias.com\/v3\/cortaron-cables-de-fibra-optica-y-dos-barrios-de-nuestra-ciudad-se-quedaron-sin-internet\/#article","isPartOf":{"@id":"https:\/\/cvinoticias.com\/v3\/cortaron-cables-de-fibra-optica-y-dos-barrios-de-nuestra-ciudad-se-quedaron-sin-internet\/"},"author":{"name":"f1000024","@id":"https:\/\/cvinoticias.com\/v3\/#\/schema\/person\/2db77e3c6bc03c538495d7b2b8be9b66"},"headline":"Cortaron cables de fibra \u00f3ptica y dos barrios de nuestra ciudad se quedaron sin internet","datePublished":"2021-06-10T16:26:10+00:00","dateModified":"2021-06-10T16:28:10+00:00","mainEntityOfPage":{"@id":"https:\/\/cvinoticias.com\/v3\/cortaron-cables-de-fibra-optica-y-dos-barrios-de-nuestra-ciudad-se-quedaron-sin-internet\/"},"wordCount":201,"commentCount":0,"publisher":{"@id":"https:\/\/cvinoticias.com\/v3\/#organization"},"image":{"@id":"https:\/\/cvinoticias.com\/v3\/cortaron-cables-de-fibra-optica-y-dos-barrios-de-nuestra-ciudad-se-quedaron-sin-internet\/#primaryimage"},"thumbnailUrl":"https:\/\/cvinoticias.com\/wp-content\/uploads\/2021\/06\/IMG-20210610-WA0030.jpg","articleSection":["Locales"],"inLanguage":"es","potentialAction":[{"@type":"CommentAction","name":"Comment","target":["https:\/\/cvinoticias.com\/v3\/cortaron-cables-de-fibra-optica-y-dos-barrios-de-nuestra-ciudad-se-quedaron-sin-internet\/#respond"]}]},{"@type":"WebPage","@id":"https:\/\/cvinoticias.com\/v3\/cortaron-cables-de-fibra-optica-y-dos-barrios-de-nuestra-ciudad-se-quedaron-sin-internet\/","url":"https:\/\/cvinoticias.com\/v3\/cortaron-cables-de-fibra-optica-y-dos-barrios-de-nuestra-ciudad-se-quedaron-sin-internet\/","name":"Cortaron cables de fibra \u00f3ptica y dos barrios de nuestra ciudad se quedaron sin internet | CVI NOTICIAS","isPartOf":{"@id":"https:\/\/cvinoticias.com\/v3\/#website"},"primaryImageOfPage":{"@id":"https:\/\/cvinoticias.com\/v3\/cortaron-cables-de-fibra-optica-y-dos-barrios-de-nuestra-ciudad-se-quedaron-sin-internet\/#primaryimage"},"image":{"@id":"https:\/\/cvinoticias.com\/v3\/cortaron-cables-de-fibra-optica-y-dos-barrios-de-nuestra-ciudad-se-quedaron-sin-internet\/#primaryimage"},"thumbnailUrl":"https:\/\/cvinoticias.com\/wp-content\/uploads\/2021\/06\/IMG-20210610-WA0030.jpg","datePublished":"2021-06-10T16:26:10+00:00","dateModified":"2021-06-10T16:28:10+00:00","breadcrumb":{"@id":"https:\/\/cvinoticias.com\/v3\/cortaron-cables-de-fibra-optica-y-dos-barrios-de-nuestra-ciudad-se-quedaron-sin-internet\/#breadcrumb"},"inLanguage":"es","potentialAction":[{"@type":"ReadAction","target":["https:\/\/cvinoticias.com\/v3\/cortaron-cables-de-fibra-optica-y-dos-barrios-de-nuestra-ciudad-se-quedaron-sin-internet\/"]}]},{"@type":"ImageObject","inLanguage":"es","@id":"https:\/\/cvinoticias.com\/v3\/cortaron-cables-de-fibra-optica-y-dos-barrios-de-nuestra-ciudad-se-quedaron-sin-internet\/#primaryimage","url":"https:\/\/cvinoticias.com\/wp-content\/uploads\/2021\/06\/IMG-20210610-WA0030.jpg","contentUrl":"https:\/\/cvinoticias.com\/wp-content\/uploads\/2021\/06\/IMG-20210610-WA0030.jpg","width":720,"height":1280},{"@type":"BreadcrumbList","@id":"https:\/\/cvinoticias.com\/v3\/cortaron-cables-de-fibra-optica-y-dos-barrios-de-nuestra-ciudad-se-quedaron-sin-internet\/#breadcrumb","itemListElement":[{"@type":"ListItem","position":1,"name":"Portada","item":"https:\/\/cvinoticias.com\/v3\/"},{"@type":"ListItem","position":2,"name":"Cortaron cables de fibra \u00f3ptica y dos barrios de nuestra ciudad se quedaron sin internet"}]},{"@type":"WebSite","@id":"https:\/\/cvinoticias.com\/v3\/#website","url":"https:\/\/cvinoticias.com\/v3\/","name":"CVI NOTICIAS","description":"","publisher":{"@id":"https:\/\/cvinoticias.com\/v3\/#organization"},"alternateName":"CVI","potentialAction":[{"@type":"SearchAction","target":{"@type":"EntryPoint","urlTemplate":"https:\/\/cvinoticias.com\/v3\/?s={search_term_string}"},"query-input":{"@type":"PropertyValueSpecification","valueRequired":true,"valueName":"search_term_string"}}],"inLanguage":"es"},{"@type":"Organization","@id":"https:\/\/cvinoticias.com\/v3\/#organization","name":"CVI NOTICIAS","url":"https:\/\/cvinoticias.com\/v3\/","logo":{"@type":"ImageObject","inLanguage":"es","@id":"https:\/\/cvinoticias.com\/v3\/#\/schema\/logo\/image\/","url":"https:\/\/cvinoticias.com\/wp-content\/uploads\/2023\/04\/cropped-cropped-cropped-cropped-cropped-3-1.png","contentUrl":"https:\/\/cvinoticias.com\/wp-content\/uploads\/2023\/04\/cropped-cropped-cropped-cropped-cropped-3-1.png","width":95,"height":122,"caption":"CVI NOTICIAS"},"image":{"@id":"https:\/\/cvinoticias.com\/v3\/#\/schema\/logo\/image\/"},"sameAs":["https:\/\/www.facebook.com\/cvinoticias","https:\/\/www.instagram.com\/cvinoticias\/","https:\/\/www.youtube.com\/@CVINOTICIAS"]},{"@type":"Person","@id":"https:\/\/cvinoticias.com\/v3\/#\/schema\/person\/2db77e3c6bc03c538495d7b2b8be9b66","name":"f1000024","image":{"@type":"ImageObject","inLanguage":"es","@id":"https:\/\/secure.gravatar.com\/avatar\/d4fe7459cfc51ff5129ce1a732bbef5928568b8092d412ef95611616376bbeed?s=96&d=mm&r=g","url":"https:\/\/secure.gravatar.com\/avatar\/d4fe7459cfc51ff5129ce1a732bbef5928568b8092d412ef95611616376bbeed?s=96&d=mm&r=g","contentUrl":"https:\/\/secure.gravatar.com\/avatar\/d4fe7459cfc51ff5129ce1a732bbef5928568b8092d412ef95611616376bbeed?s=96&d=mm&r=g","caption":"f1000024"},"url":"https:\/\/cvinoticias.com\/v3\/author\/f1000024\/"}]}},"_links":{"self":[{"href":"https:\/\/cvinoticias.com\/v3\/wp-json\/wp\/v2\/posts\/5829","targetHints":{"allow":["GET"]}}],"collection":[{"href":"https:\/\/cvinoticias.com\/v3\/wp-json\/wp\/v2\/posts"}],"about":[{"href":"https:\/\/cvinoticias.com\/v3\/wp-json\/wp\/v2\/types\/post"}],"author":[{"embeddable":true,"href":"https:\/\/cvinoticias.com\/v3\/wp-json\/wp\/v2\/users\/2"}],"replies":[{"embeddable":true,"href":"https:\/\/cvinoticias.com\/v3\/wp-json\/wp\/v2\/comments?post=5829"}],"version-history":[{"count":2,"href":"https:\/\/cvinoticias.com\/v3\/wp-json\/wp\/v2\/posts\/5829\/revisions"}],"predecessor-version":[{"id":5834,"href":"https:\/\/cvinoticias.com\/v3\/wp-json\/wp\/v2\/posts\/5829\/revisions\/5834"}],"wp:featuredmedia":[{"embeddable":true,"href":"https:\/\/cvinoticias.com\/v3\/wp-json\/wp\/v2\/media\/5830"}],"wp:attachment":[{"href":"https:\/\/cvinoticias.com\/v3\/wp-json\/wp\/v2\/media?parent=5829"}],"wp:term":[{"taxonomy":"category","embeddable":true,"href":"https:\/\/cvinoticias.com\/v3\/wp-json\/wp\/v2\/categories?post=5829"},{"taxonomy":"post_tag","embeddable":true,"href":"https:\/\/cvinoticias.com\/v3\/wp-json\/wp\/v2\/tags?post=5829"}],"curies":[{"name":"wp","href":"https:\/\/api.w.org\/{rel}","templated":true}]}}