{"id":5815,"date":"2021-06-10T12:10:46","date_gmt":"2021-06-10T12:10:46","guid":{"rendered":"https:\/\/cvinoticias.com\/v3\/?p=5815"},"modified":"2021-06-10T12:10:46","modified_gmt":"2021-06-10T12:10:46","slug":"este-jueves-el-oficialismo-tratara-la-ley-de-restricciones-sanitarias","status":"publish","type":"post","link":"https:\/\/cvinoticias.com\/v3\/este-jueves-el-oficialismo-tratara-la-ley-de-restricciones-sanitarias\/","title":{"rendered":"Este jueves el oficialismo tratar\u00e1 la ley de restricciones sanitarias"},"content":{"rendered":"\n<p><strong><em>El Frente de Todos convoc\u00f3 a una reuni\u00f3n de comisiones para este jueves a las 10. Buscan un \u201cdictamen expr\u00e9s\u201d y la posterior aprobaci\u00f3n en el recinto.<\/em><\/strong><\/p>\n\n\n\n<p>Diputados del&nbsp;Frente de Todos&nbsp;convocaron a una reuni\u00f3n de comisi\u00f3n para este jueves a las 10 de la ma\u00f1ana, con el objetivo de darle dictamen al proyecto de ley que establece los&nbsp;par\u00e1metros epidemiol\u00f3gicos&nbsp;para que los gobernadores apliquen restricciones en la circulaci\u00f3n ante rebrotes de casos de Covid-19.<\/p>\n\n\n\n<p>Hern\u00e1n P\u00e9rez Araujo, diputado oficialista y presidente de la Comisi\u00f3n de Asuntos Constitucionales de la C\u00e1mara baja, orden\u00f3 convocar a una reuni\u00f3n conjunta con la Comisi\u00f3n Acci\u00f3n Social y Salud P\u00fablica.<\/p>\n\n\n\n<p>Mediante este c\u00f3nclave, el oficialismo buscar\u00e1 un&nbsp;dictamen \u201cexpr\u00e9s\u201d&nbsp;y, eventualmente, votarlo horas despu\u00e9s en el recinto, durante la sesi\u00f3n convocada para tratar la rebaja de tarifas de gas a las denominadas \u201czonas fr\u00edas\u201d el pa\u00eds.<\/p>\n\n\n\n<p>El Decreto de Necesidad y Urgencia (DNU) 334\/21 implementado por el presidente Alberto Fern\u00e1ndez vence este viernes y, mientras el Poder Ejecutivo define los t\u00e9rminos de una posible pr\u00f3rroga, tambi\u00e9n pretende que la ley sea sancionada para que rijan par\u00e1metros muy espec\u00edficos para la aplicaci\u00f3n de las restricciones.<\/p>\n\n\n\n<p>Al pedido del Poder Ejecutivo se suma otro factor: la semana pr\u00f3xima, el presidente de la C\u00e1mara de Diputados, Sergio Massa, tiene agendada una gira por Estados Unidos, y&nbsp;no habr\u00e1 una nueva sesi\u00f3n hasta su regreso.<\/p>\n\n\n\n<p>Panorama alentador para el oficialismo<\/p>\n\n\n\n<p>A pesar del rechazo cerrado de Juntos por el Cambio, el&nbsp;Frente de Todos no tendr\u00eda inconvenientes para alzarse con el dictamen favorable&nbsp;en las comisiones: tiene mayor\u00eda en Asuntos Constitucionales, y en Salud contar\u00eda con el apoyo clave del jefe del Interbloque Federal,&nbsp;Eduardo \u201cBali\u201d Bucca.<\/p>\n\n\n\n<p>Bucca -que la semana pasada se fotografi\u00f3 con la vicepresidenta Cristina Kirchner con motivo de la aprobaci\u00f3n de su proyecto para los bomberos voluntarios- no expres\u00f3 un apoyo expl\u00edcito, pero desde el a\u00f1o pasado es uno de los que&nbsp;insiste en definir par\u00e1metros epidemiol\u00f3gicos&nbsp;para la toma de decisiones.<\/p>\n\n\n\n<p>El mayor obst\u00e1culo para el oficialismo estar\u00e1 en el recinto, a la hora de reunir el&nbsp;qu\u00f3rum. Es que a la negativa de Juntos por el Cambio se suman otros diputados de bloques minoritarios, como los cuatro de C\u00f3rdoba Federal, los tres de Consenso Federal, el rionegrino Luis Di Gi\u00e1como, el santafesino Enrique Est\u00e9vez y la neuquina Alma Sapag.<\/p>\n","protected":false},"excerpt":{"rendered":"<p>El Frente de Todos convoc\u00f3 a una reuni\u00f3n de comisiones para este jueves a las 10. Buscan un \u201cdictamen expr\u00e9s\u201d y la posterior aprobaci\u00f3n en el recinto. Diputados del&nbsp;Frente de Todos&nbsp;convocaron a una reuni\u00f3n de comisi\u00f3n para este jueves a las 10 de la ma\u00f1ana, con el objetivo de darle dictamen al proyecto de ley [&hellip;]<\/p>\n","protected":false},"author":2,"featured_media":5816,"comment_status":"open","ping_status":"open","sticky":false,"template":"","format":"standard","meta":{"footnotes":""},"categories":[39],"tags":[],"class_list":["post-5815","post","type-post","status-publish","format-standard","has-post-thumbnail","hentry","category-nacionales"],"yoast_head":"<!-- This site is optimized with the Yoast SEO plugin v27.5 - https:\/\/yoast.com\/product\/yoast-seo-wordpress\/ -->\n<title>Este jueves el oficialismo tratar\u00e1 la ley de restricciones sanitarias | CVI NOTICIAS<\/title>\n<meta name=\"robots\" content=\"index, follow, max-snippet:-1, max-image-preview:large, max-video-preview:-1\" \/>\n<link rel=\"canonical\" href=\"https:\/\/cvinoticias.com\/v3\/este-jueves-el-oficialismo-tratara-la-ley-de-restricciones-sanitarias\/\" \/>\n<meta property=\"og:locale\" content=\"es_ES\" \/>\n<meta property=\"og:type\" content=\"article\" \/>\n<meta property=\"og:title\" content=\"Este jueves el oficialismo tratar\u00e1 la ley de restricciones sanitarias | CVI NOTICIAS\" \/>\n<meta property=\"og:description\" content=\"El Frente de Todos convoc\u00f3 a una reuni\u00f3n de comisiones para este jueves a las 10. Buscan un \u201cdictamen expr\u00e9s\u201d y la posterior aprobaci\u00f3n en el recinto. Diputados del&nbsp;Frente de Todos&nbsp;convocaron a una reuni\u00f3n de comisi\u00f3n para este jueves a las 10 de la ma\u00f1ana, con el objetivo de darle dictamen al proyecto de ley [&hellip;]\" \/>\n<meta property=\"og:url\" content=\"https:\/\/cvinoticias.com\/v3\/este-jueves-el-oficialismo-tratara-la-ley-de-restricciones-sanitarias\/\" \/>\n<meta property=\"og:site_name\" content=\"CVI NOTICIAS\" \/>\n<meta property=\"article:publisher\" content=\"https:\/\/www.facebook.com\/cvinoticias\" \/>\n<meta property=\"article:published_time\" content=\"2021-06-10T12:10:46+00:00\" \/>\n<meta property=\"og:image\" content=\"https:\/\/cvinoticias.com\/wp-content\/uploads\/2021\/06\/44MQ2L64QJGKFPTQWD64CQ6HDE.jpg\" \/>\n\t<meta property=\"og:image:width\" content=\"1023\" \/>\n\t<meta property=\"og:image:height\" content=\"682\" \/>\n\t<meta property=\"og:image:type\" content=\"image\/jpeg\" \/>\n<meta name=\"author\" content=\"f1000024\" \/>\n<meta name=\"twitter:card\" content=\"summary_large_image\" \/>\n<meta name=\"twitter:label1\" content=\"Escrito por\" \/>\n\t<meta name=\"twitter:data1\" content=\"f1000024\" \/>\n\t<meta name=\"twitter:label2\" content=\"Tiempo de lectura\" \/>\n\t<meta name=\"twitter:data2\" content=\"2 minutos\" \/>\n<script type=\"application\/ld+json\" class=\"yoast-schema-graph\">{\"@context\":\"https:\\\/\\\/schema.org\",\"@graph\":[{\"@type\":\"Article\",\"@id\":\"https:\\\/\\\/cvinoticias.com\\\/v3\\\/este-jueves-el-oficialismo-tratara-la-ley-de-restricciones-sanitarias\\\/#article\",\"isPartOf\":{\"@id\":\"https:\\\/\\\/cvinoticias.com\\\/v3\\\/este-jueves-el-oficialismo-tratara-la-ley-de-restricciones-sanitarias\\\/\"},\"author\":{\"name\":\"f1000024\",\"@id\":\"https:\\\/\\\/cvinoticias.com\\\/v3\\\/#\\\/schema\\\/person\\\/2db77e3c6bc03c538495d7b2b8be9b66\"},\"headline\":\"Este jueves el oficialismo tratar\u00e1 la ley de restricciones sanitarias\",\"datePublished\":\"2021-06-10T12:10:46+00:00\",\"mainEntityOfPage\":{\"@id\":\"https:\\\/\\\/cvinoticias.com\\\/v3\\\/este-jueves-el-oficialismo-tratara-la-ley-de-restricciones-sanitarias\\\/\"},\"wordCount\":455,\"commentCount\":0,\"publisher\":{\"@id\":\"https:\\\/\\\/cvinoticias.com\\\/v3\\\/#organization\"},\"image\":{\"@id\":\"https:\\\/\\\/cvinoticias.com\\\/v3\\\/este-jueves-el-oficialismo-tratara-la-ley-de-restricciones-sanitarias\\\/#primaryimage\"},\"thumbnailUrl\":\"https:\\\/\\\/cvinoticias.com\\\/wp-content\\\/uploads\\\/2021\\\/06\\\/44MQ2L64QJGKFPTQWD64CQ6HDE.jpg\",\"articleSection\":[\"Nacionales\"],\"inLanguage\":\"es\",\"potentialAction\":[{\"@type\":\"CommentAction\",\"name\":\"Comment\",\"target\":[\"https:\\\/\\\/cvinoticias.com\\\/v3\\\/este-jueves-el-oficialismo-tratara-la-ley-de-restricciones-sanitarias\\\/#respond\"]}]},{\"@type\":\"WebPage\",\"@id\":\"https:\\\/\\\/cvinoticias.com\\\/v3\\\/este-jueves-el-oficialismo-tratara-la-ley-de-restricciones-sanitarias\\\/\",\"url\":\"https:\\\/\\\/cvinoticias.com\\\/v3\\\/este-jueves-el-oficialismo-tratara-la-ley-de-restricciones-sanitarias\\\/\",\"name\":\"Este jueves el oficialismo tratar\u00e1 la ley de restricciones sanitarias | CVI NOTICIAS\",\"isPartOf\":{\"@id\":\"https:\\\/\\\/cvinoticias.com\\\/v3\\\/#website\"},\"primaryImageOfPage\":{\"@id\":\"https:\\\/\\\/cvinoticias.com\\\/v3\\\/este-jueves-el-oficialismo-tratara-la-ley-de-restricciones-sanitarias\\\/#primaryimage\"},\"image\":{\"@id\":\"https:\\\/\\\/cvinoticias.com\\\/v3\\\/este-jueves-el-oficialismo-tratara-la-ley-de-restricciones-sanitarias\\\/#primaryimage\"},\"thumbnailUrl\":\"https:\\\/\\\/cvinoticias.com\\\/wp-content\\\/uploads\\\/2021\\\/06\\\/44MQ2L64QJGKFPTQWD64CQ6HDE.jpg\",\"datePublished\":\"2021-06-10T12:10:46+00:00\",\"breadcrumb\":{\"@id\":\"https:\\\/\\\/cvinoticias.com\\\/v3\\\/este-jueves-el-oficialismo-tratara-la-ley-de-restricciones-sanitarias\\\/#breadcrumb\"},\"inLanguage\":\"es\",\"potentialAction\":[{\"@type\":\"ReadAction\",\"target\":[\"https:\\\/\\\/cvinoticias.com\\\/v3\\\/este-jueves-el-oficialismo-tratara-la-ley-de-restricciones-sanitarias\\\/\"]}]},{\"@type\":\"ImageObject\",\"inLanguage\":\"es\",\"@id\":\"https:\\\/\\\/cvinoticias.com\\\/v3\\\/este-jueves-el-oficialismo-tratara-la-ley-de-restricciones-sanitarias\\\/#primaryimage\",\"url\":\"https:\\\/\\\/cvinoticias.com\\\/wp-content\\\/uploads\\\/2021\\\/06\\\/44MQ2L64QJGKFPTQWD64CQ6HDE.jpg\",\"contentUrl\":\"https:\\\/\\\/cvinoticias.com\\\/wp-content\\\/uploads\\\/2021\\\/06\\\/44MQ2L64QJGKFPTQWD64CQ6HDE.jpg\",\"width\":1023,\"height\":682},{\"@type\":\"BreadcrumbList\",\"@id\":\"https:\\\/\\\/cvinoticias.com\\\/v3\\\/este-jueves-el-oficialismo-tratara-la-ley-de-restricciones-sanitarias\\\/#breadcrumb\",\"itemListElement\":[{\"@type\":\"ListItem\",\"position\":1,\"name\":\"Portada\",\"item\":\"https:\\\/\\\/cvinoticias.com\\\/v3\\\/\"},{\"@type\":\"ListItem\",\"position\":2,\"name\":\"Este jueves el oficialismo tratar\u00e1 la ley de restricciones sanitarias\"}]},{\"@type\":\"WebSite\",\"@id\":\"https:\\\/\\\/cvinoticias.com\\\/v3\\\/#website\",\"url\":\"https:\\\/\\\/cvinoticias.com\\\/v3\\\/\",\"name\":\"CVI NOTICIAS\",\"description\":\"\",\"publisher\":{\"@id\":\"https:\\\/\\\/cvinoticias.com\\\/v3\\\/#organization\"},\"alternateName\":\"CVI\",\"potentialAction\":[{\"@type\":\"SearchAction\",\"target\":{\"@type\":\"EntryPoint\",\"urlTemplate\":\"https:\\\/\\\/cvinoticias.com\\\/v3\\\/?s={search_term_string}\"},\"query-input\":{\"@type\":\"PropertyValueSpecification\",\"valueRequired\":true,\"valueName\":\"search_term_string\"}}],\"inLanguage\":\"es\"},{\"@type\":\"Organization\",\"@id\":\"https:\\\/\\\/cvinoticias.com\\\/v3\\\/#organization\",\"name\":\"CVI NOTICIAS\",\"url\":\"https:\\\/\\\/cvinoticias.com\\\/v3\\\/\",\"logo\":{\"@type\":\"ImageObject\",\"inLanguage\":\"es\",\"@id\":\"https:\\\/\\\/cvinoticias.com\\\/v3\\\/#\\\/schema\\\/logo\\\/image\\\/\",\"url\":\"https:\\\/\\\/cvinoticias.com\\\/wp-content\\\/uploads\\\/2023\\\/04\\\/cropped-cropped-cropped-cropped-cropped-3-1.png\",\"contentUrl\":\"https:\\\/\\\/cvinoticias.com\\\/wp-content\\\/uploads\\\/2023\\\/04\\\/cropped-cropped-cropped-cropped-cropped-3-1.png\",\"width\":95,\"height\":122,\"caption\":\"CVI NOTICIAS\"},\"image\":{\"@id\":\"https:\\\/\\\/cvinoticias.com\\\/v3\\\/#\\\/schema\\\/logo\\\/image\\\/\"},\"sameAs\":[\"https:\\\/\\\/www.facebook.com\\\/cvinoticias\",\"https:\\\/\\\/www.instagram.com\\\/cvinoticias\\\/\",\"https:\\\/\\\/www.youtube.com\\\/@CVINOTICIAS\"]},{\"@type\":\"Person\",\"@id\":\"https:\\\/\\\/cvinoticias.com\\\/v3\\\/#\\\/schema\\\/person\\\/2db77e3c6bc03c538495d7b2b8be9b66\",\"name\":\"f1000024\",\"image\":{\"@type\":\"ImageObject\",\"inLanguage\":\"es\",\"@id\":\"https:\\\/\\\/secure.gravatar.com\\\/avatar\\\/d4fe7459cfc51ff5129ce1a732bbef5928568b8092d412ef95611616376bbeed?s=96&d=mm&r=g\",\"url\":\"https:\\\/\\\/secure.gravatar.com\\\/avatar\\\/d4fe7459cfc51ff5129ce1a732bbef5928568b8092d412ef95611616376bbeed?s=96&d=mm&r=g\",\"contentUrl\":\"https:\\\/\\\/secure.gravatar.com\\\/avatar\\\/d4fe7459cfc51ff5129ce1a732bbef5928568b8092d412ef95611616376bbeed?s=96&d=mm&r=g\",\"caption\":\"f1000024\"},\"url\":\"https:\\\/\\\/cvinoticias.com\\\/v3\\\/author\\\/f1000024\\\/\"}]}<\/script>\n<!-- \/ Yoast SEO plugin. -->","yoast_head_json":{"title":"Este jueves el oficialismo tratar\u00e1 la ley de restricciones sanitarias | CVI NOTICIAS","robots":{"index":"index","follow":"follow","max-snippet":"max-snippet:-1","max-image-preview":"max-image-preview:large","max-video-preview":"max-video-preview:-1"},"canonical":"https:\/\/cvinoticias.com\/v3\/este-jueves-el-oficialismo-tratara-la-ley-de-restricciones-sanitarias\/","og_locale":"es_ES","og_type":"article","og_title":"Este jueves el oficialismo tratar\u00e1 la ley de restricciones sanitarias | CVI NOTICIAS","og_description":"El Frente de Todos convoc\u00f3 a una reuni\u00f3n de comisiones para este jueves a las 10. Buscan un \u201cdictamen expr\u00e9s\u201d y la posterior aprobaci\u00f3n en el recinto. Diputados del&nbsp;Frente de Todos&nbsp;convocaron a una reuni\u00f3n de comisi\u00f3n para este jueves a las 10 de la ma\u00f1ana, con el objetivo de darle dictamen al proyecto de ley [&hellip;]","og_url":"https:\/\/cvinoticias.com\/v3\/este-jueves-el-oficialismo-tratara-la-ley-de-restricciones-sanitarias\/","og_site_name":"CVI NOTICIAS","article_publisher":"https:\/\/www.facebook.com\/cvinoticias","article_published_time":"2021-06-10T12:10:46+00:00","og_image":[{"width":1023,"height":682,"url":"https:\/\/cvinoticias.com\/wp-content\/uploads\/2021\/06\/44MQ2L64QJGKFPTQWD64CQ6HDE.jpg","type":"image\/jpeg"}],"author":"f1000024","twitter_card":"summary_large_image","twitter_misc":{"Escrito por":"f1000024","Tiempo de lectura":"2 minutos"},"schema":{"@context":"https:\/\/schema.org","@graph":[{"@type":"Article","@id":"https:\/\/cvinoticias.com\/v3\/este-jueves-el-oficialismo-tratara-la-ley-de-restricciones-sanitarias\/#article","isPartOf":{"@id":"https:\/\/cvinoticias.com\/v3\/este-jueves-el-oficialismo-tratara-la-ley-de-restricciones-sanitarias\/"},"author":{"name":"f1000024","@id":"https:\/\/cvinoticias.com\/v3\/#\/schema\/person\/2db77e3c6bc03c538495d7b2b8be9b66"},"headline":"Este jueves el oficialismo tratar\u00e1 la ley de restricciones sanitarias","datePublished":"2021-06-10T12:10:46+00:00","mainEntityOfPage":{"@id":"https:\/\/cvinoticias.com\/v3\/este-jueves-el-oficialismo-tratara-la-ley-de-restricciones-sanitarias\/"},"wordCount":455,"commentCount":0,"publisher":{"@id":"https:\/\/cvinoticias.com\/v3\/#organization"},"image":{"@id":"https:\/\/cvinoticias.com\/v3\/este-jueves-el-oficialismo-tratara-la-ley-de-restricciones-sanitarias\/#primaryimage"},"thumbnailUrl":"https:\/\/cvinoticias.com\/wp-content\/uploads\/2021\/06\/44MQ2L64QJGKFPTQWD64CQ6HDE.jpg","articleSection":["Nacionales"],"inLanguage":"es","potentialAction":[{"@type":"CommentAction","name":"Comment","target":["https:\/\/cvinoticias.com\/v3\/este-jueves-el-oficialismo-tratara-la-ley-de-restricciones-sanitarias\/#respond"]}]},{"@type":"WebPage","@id":"https:\/\/cvinoticias.com\/v3\/este-jueves-el-oficialismo-tratara-la-ley-de-restricciones-sanitarias\/","url":"https:\/\/cvinoticias.com\/v3\/este-jueves-el-oficialismo-tratara-la-ley-de-restricciones-sanitarias\/","name":"Este jueves el oficialismo tratar\u00e1 la ley de restricciones sanitarias | CVI NOTICIAS","isPartOf":{"@id":"https:\/\/cvinoticias.com\/v3\/#website"},"primaryImageOfPage":{"@id":"https:\/\/cvinoticias.com\/v3\/este-jueves-el-oficialismo-tratara-la-ley-de-restricciones-sanitarias\/#primaryimage"},"image":{"@id":"https:\/\/cvinoticias.com\/v3\/este-jueves-el-oficialismo-tratara-la-ley-de-restricciones-sanitarias\/#primaryimage"},"thumbnailUrl":"https:\/\/cvinoticias.com\/wp-content\/uploads\/2021\/06\/44MQ2L64QJGKFPTQWD64CQ6HDE.jpg","datePublished":"2021-06-10T12:10:46+00:00","breadcrumb":{"@id":"https:\/\/cvinoticias.com\/v3\/este-jueves-el-oficialismo-tratara-la-ley-de-restricciones-sanitarias\/#breadcrumb"},"inLanguage":"es","potentialAction":[{"@type":"ReadAction","target":["https:\/\/cvinoticias.com\/v3\/este-jueves-el-oficialismo-tratara-la-ley-de-restricciones-sanitarias\/"]}]},{"@type":"ImageObject","inLanguage":"es","@id":"https:\/\/cvinoticias.com\/v3\/este-jueves-el-oficialismo-tratara-la-ley-de-restricciones-sanitarias\/#primaryimage","url":"https:\/\/cvinoticias.com\/wp-content\/uploads\/2021\/06\/44MQ2L64QJGKFPTQWD64CQ6HDE.jpg","contentUrl":"https:\/\/cvinoticias.com\/wp-content\/uploads\/2021\/06\/44MQ2L64QJGKFPTQWD64CQ6HDE.jpg","width":1023,"height":682},{"@type":"BreadcrumbList","@id":"https:\/\/cvinoticias.com\/v3\/este-jueves-el-oficialismo-tratara-la-ley-de-restricciones-sanitarias\/#breadcrumb","itemListElement":[{"@type":"ListItem","position":1,"name":"Portada","item":"https:\/\/cvinoticias.com\/v3\/"},{"@type":"ListItem","position":2,"name":"Este jueves el oficialismo tratar\u00e1 la ley de restricciones sanitarias"}]},{"@type":"WebSite","@id":"https:\/\/cvinoticias.com\/v3\/#website","url":"https:\/\/cvinoticias.com\/v3\/","name":"CVI NOTICIAS","description":"","publisher":{"@id":"https:\/\/cvinoticias.com\/v3\/#organization"},"alternateName":"CVI","potentialAction":[{"@type":"SearchAction","target":{"@type":"EntryPoint","urlTemplate":"https:\/\/cvinoticias.com\/v3\/?s={search_term_string}"},"query-input":{"@type":"PropertyValueSpecification","valueRequired":true,"valueName":"search_term_string"}}],"inLanguage":"es"},{"@type":"Organization","@id":"https:\/\/cvinoticias.com\/v3\/#organization","name":"CVI NOTICIAS","url":"https:\/\/cvinoticias.com\/v3\/","logo":{"@type":"ImageObject","inLanguage":"es","@id":"https:\/\/cvinoticias.com\/v3\/#\/schema\/logo\/image\/","url":"https:\/\/cvinoticias.com\/wp-content\/uploads\/2023\/04\/cropped-cropped-cropped-cropped-cropped-3-1.png","contentUrl":"https:\/\/cvinoticias.com\/wp-content\/uploads\/2023\/04\/cropped-cropped-cropped-cropped-cropped-3-1.png","width":95,"height":122,"caption":"CVI NOTICIAS"},"image":{"@id":"https:\/\/cvinoticias.com\/v3\/#\/schema\/logo\/image\/"},"sameAs":["https:\/\/www.facebook.com\/cvinoticias","https:\/\/www.instagram.com\/cvinoticias\/","https:\/\/www.youtube.com\/@CVINOTICIAS"]},{"@type":"Person","@id":"https:\/\/cvinoticias.com\/v3\/#\/schema\/person\/2db77e3c6bc03c538495d7b2b8be9b66","name":"f1000024","image":{"@type":"ImageObject","inLanguage":"es","@id":"https:\/\/secure.gravatar.com\/avatar\/d4fe7459cfc51ff5129ce1a732bbef5928568b8092d412ef95611616376bbeed?s=96&d=mm&r=g","url":"https:\/\/secure.gravatar.com\/avatar\/d4fe7459cfc51ff5129ce1a732bbef5928568b8092d412ef95611616376bbeed?s=96&d=mm&r=g","contentUrl":"https:\/\/secure.gravatar.com\/avatar\/d4fe7459cfc51ff5129ce1a732bbef5928568b8092d412ef95611616376bbeed?s=96&d=mm&r=g","caption":"f1000024"},"url":"https:\/\/cvinoticias.com\/v3\/author\/f1000024\/"}]}},"_links":{"self":[{"href":"https:\/\/cvinoticias.com\/v3\/wp-json\/wp\/v2\/posts\/5815","targetHints":{"allow":["GET"]}}],"collection":[{"href":"https:\/\/cvinoticias.com\/v3\/wp-json\/wp\/v2\/posts"}],"about":[{"href":"https:\/\/cvinoticias.com\/v3\/wp-json\/wp\/v2\/types\/post"}],"author":[{"embeddable":true,"href":"https:\/\/cvinoticias.com\/v3\/wp-json\/wp\/v2\/users\/2"}],"replies":[{"embeddable":true,"href":"https:\/\/cvinoticias.com\/v3\/wp-json\/wp\/v2\/comments?post=5815"}],"version-history":[{"count":1,"href":"https:\/\/cvinoticias.com\/v3\/wp-json\/wp\/v2\/posts\/5815\/revisions"}],"predecessor-version":[{"id":5817,"href":"https:\/\/cvinoticias.com\/v3\/wp-json\/wp\/v2\/posts\/5815\/revisions\/5817"}],"wp:featuredmedia":[{"embeddable":true,"href":"https:\/\/cvinoticias.com\/v3\/wp-json\/wp\/v2\/media\/5816"}],"wp:attachment":[{"href":"https:\/\/cvinoticias.com\/v3\/wp-json\/wp\/v2\/media?parent=5815"}],"wp:term":[{"taxonomy":"category","embeddable":true,"href":"https:\/\/cvinoticias.com\/v3\/wp-json\/wp\/v2\/categories?post=5815"},{"taxonomy":"post_tag","embeddable":true,"href":"https:\/\/cvinoticias.com\/v3\/wp-json\/wp\/v2\/tags?post=5815"}],"curies":[{"name":"wp","href":"https:\/\/api.w.org\/{rel}","templated":true}]}}