{"id":5809,"date":"2021-06-10T11:05:50","date_gmt":"2021-06-10T11:05:50","guid":{"rendered":"https:\/\/cvinoticias.com\/v3\/?p=5809"},"modified":"2021-06-10T11:05:50","modified_gmt":"2021-06-10T11:05:50","slug":"daran-marcha-atras-con-la-categorizacion-que-le-genera-deudas-a-los-monotributistas","status":"publish","type":"post","link":"https:\/\/cvinoticias.com\/v3\/daran-marcha-atras-con-la-categorizacion-que-le-genera-deudas-a-los-monotributistas\/","title":{"rendered":"Dar\u00e1n marcha atr\u00e1s con la categorizaci\u00f3n que le genera deudas a los monotributistas"},"content":{"rendered":"\n<p><em><strong>El presidente Alberto Fern\u00e1ndez orden\u00f3 aplicar medidas de \u00abalivio fiscal\u00bb para millones de contribuyentes que iban a tener que pagar deudas por hasta $25.000.<\/strong><\/em><\/p>\n\n\n\n<p>El Gobierno nacional resolvi\u00f3 hoy dar marcha atr\u00e1s con la categorizaci\u00f3n aplicada por la AFIP a monotributistas, que les generar\u00eda deudas por hasta $25.000, y buscar\u00e1 generar m\u00e1s medidas de \u00abalivio fiscal\u00bb en medio de la segunda ola de coronavirus.<br><br>El tema fue analizado hoy durante una reuni\u00f3n en Casa Rosada encabezada por el presidente Alberto Fern\u00e1ndez. El jefe de Estado instruy\u00f3 en ese encuentro al presidente de la C\u00e1mara de Diputados, Sergio Massa, para avanzar en breve con un nuevo r\u00e9gimen de mejoras para monotributistas.<br><br>Esto implicar\u00e1 una marcha atr\u00e1s con el cobro de la deuda retroactiva que iba a impactar en millones de inscriptos en el r\u00e9gimen simplificado. A\u00fan faltan los detalles de c\u00f3mo se instrumentar\u00e1 el alivio fiscal, pero la decisi\u00f3n pol\u00edtica ya se tom\u00f3, indicaron fuentes cercanas al encuentro.<br><br>El cambio en el r\u00e9gimen simplificado comenzar\u00eda en julio y los contribuyentes no pagar\u00e1n la deuda acumulada. El Presidente pidi\u00f3 en el encuentro \u00absolucionar el tema\u00bb, seg\u00fan trascendi\u00f3. Y le pidi\u00f3 al titular de la C\u00e1mara de Diputados un \u00abnuevo programa de mejoras para el monotributo y de alivio fiscal\u00bb.<br><br>As\u00ed lo indicaron a Noticias Argentinas fuentes oficiales, las cuales se\u00f1alaron que el encuentro en la sede del Gobierno sirvi\u00f3 para \u00abanalizar el impacto del R\u00e9gimen de Sostenimiento e Inclusi\u00f3n Fiscal para Peque\u00f1os Contribuyentes, que se implement\u00f3 por ley\u00bb.<br><br>En la reuni\u00f3n, que se realiz\u00f3 en el despacho presidencial durante casi una hora, estuvieron tambi\u00e9n el ministro de Econom\u00eda, Mart\u00edn Guzm\u00e1n; y el secretario de Hacienda, Ra\u00fal Rigo. Luego se habr\u00eda sumado la titular de la AFIP, Mercedes Marc\u00f3 del Pont.<br><br>El pasado 4 de junio, la AFIP categoriz\u00f3 a m\u00e1s de cuatro millones de monotributistas y aplic\u00f3 los nuevos valores de los distintos componentes del r\u00e9gimen para los primeros cinco meses del a\u00f1o, que implican un incremento del 35,3%.<br><br>Al aplicarse con retroactividad a febrero \u00faltimo, esto generar\u00eda para muchos adherentes al r\u00e9gimen simplificado una de deuda que rondar\u00eda hasta $25.000. Ante esa situaci\u00f3n, la AFIP anunci\u00f3 que habr\u00eda un plan de pagos, pero ahora se analiza la posibilidad de dar marcha atr\u00e1s con la categorizaci\u00f3n retroactiva, para aliviar la situaci\u00f3n de millones de contribuyentes.<\/p>\n","protected":false},"excerpt":{"rendered":"<p>El presidente Alberto Fern\u00e1ndez orden\u00f3 aplicar medidas de \u00abalivio fiscal\u00bb para millones de contribuyentes que iban a tener que pagar deudas por hasta $25.000. El Gobierno nacional resolvi\u00f3 hoy dar marcha atr\u00e1s con la categorizaci\u00f3n aplicada por la AFIP a monotributistas, que les generar\u00eda deudas por hasta $25.000, y buscar\u00e1 generar m\u00e1s medidas de \u00abalivio [&hellip;]<\/p>\n","protected":false},"author":2,"featured_media":5810,"comment_status":"open","ping_status":"open","sticky":false,"template":"","format":"standard","meta":{"footnotes":""},"categories":[32],"tags":[],"class_list":["post-5809","post","type-post","status-publish","format-standard","has-post-thumbnail","hentry","category-economia"],"yoast_head":"<!-- This site is optimized with the Yoast SEO plugin v27.5 - https:\/\/yoast.com\/product\/yoast-seo-wordpress\/ -->\n<title>Dar\u00e1n marcha atr\u00e1s con la categorizaci\u00f3n que le genera deudas a los monotributistas | CVI NOTICIAS<\/title>\n<meta name=\"robots\" content=\"index, follow, max-snippet:-1, max-image-preview:large, max-video-preview:-1\" \/>\n<link rel=\"canonical\" href=\"https:\/\/cvinoticias.com\/v3\/daran-marcha-atras-con-la-categorizacion-que-le-genera-deudas-a-los-monotributistas\/\" \/>\n<meta property=\"og:locale\" content=\"es_ES\" \/>\n<meta property=\"og:type\" content=\"article\" \/>\n<meta property=\"og:title\" content=\"Dar\u00e1n marcha atr\u00e1s con la categorizaci\u00f3n que le genera deudas a los monotributistas | CVI NOTICIAS\" \/>\n<meta property=\"og:description\" content=\"El presidente Alberto Fern\u00e1ndez orden\u00f3 aplicar medidas de \u00abalivio fiscal\u00bb para millones de contribuyentes que iban a tener que pagar deudas por hasta $25.000. El Gobierno nacional resolvi\u00f3 hoy dar marcha atr\u00e1s con la categorizaci\u00f3n aplicada por la AFIP a monotributistas, que les generar\u00eda deudas por hasta $25.000, y buscar\u00e1 generar m\u00e1s medidas de \u00abalivio [&hellip;]\" \/>\n<meta property=\"og:url\" content=\"https:\/\/cvinoticias.com\/v3\/daran-marcha-atras-con-la-categorizacion-que-le-genera-deudas-a-los-monotributistas\/\" \/>\n<meta property=\"og:site_name\" content=\"CVI NOTICIAS\" \/>\n<meta property=\"article:publisher\" content=\"https:\/\/www.facebook.com\/cvinoticias\" \/>\n<meta property=\"article:published_time\" content=\"2021-06-10T11:05:50+00:00\" \/>\n<meta property=\"og:image\" content=\"https:\/\/cvinoticias.com\/wp-content\/uploads\/2021\/06\/la-afip-actualizara-las-escalas-del-nuevo-regimen-monotributo.jpg\" \/>\n\t<meta property=\"og:image:width\" content=\"1200\" \/>\n\t<meta property=\"og:image:height\" content=\"1200\" \/>\n\t<meta property=\"og:image:type\" content=\"image\/jpeg\" \/>\n<meta name=\"author\" content=\"f1000024\" \/>\n<meta name=\"twitter:card\" content=\"summary_large_image\" \/>\n<meta name=\"twitter:label1\" content=\"Escrito por\" \/>\n\t<meta name=\"twitter:data1\" content=\"f1000024\" \/>\n\t<meta name=\"twitter:label2\" content=\"Tiempo de lectura\" \/>\n\t<meta name=\"twitter:data2\" content=\"2 minutos\" \/>\n<script type=\"application\/ld+json\" class=\"yoast-schema-graph\">{\"@context\":\"https:\\\/\\\/schema.org\",\"@graph\":[{\"@type\":\"Article\",\"@id\":\"https:\\\/\\\/cvinoticias.com\\\/v3\\\/daran-marcha-atras-con-la-categorizacion-que-le-genera-deudas-a-los-monotributistas\\\/#article\",\"isPartOf\":{\"@id\":\"https:\\\/\\\/cvinoticias.com\\\/v3\\\/daran-marcha-atras-con-la-categorizacion-que-le-genera-deudas-a-los-monotributistas\\\/\"},\"author\":{\"name\":\"f1000024\",\"@id\":\"https:\\\/\\\/cvinoticias.com\\\/v3\\\/#\\\/schema\\\/person\\\/2db77e3c6bc03c538495d7b2b8be9b66\"},\"headline\":\"Dar\u00e1n marcha atr\u00e1s con la categorizaci\u00f3n que le genera deudas a los monotributistas\",\"datePublished\":\"2021-06-10T11:05:50+00:00\",\"mainEntityOfPage\":{\"@id\":\"https:\\\/\\\/cvinoticias.com\\\/v3\\\/daran-marcha-atras-con-la-categorizacion-que-le-genera-deudas-a-los-monotributistas\\\/\"},\"wordCount\":436,\"commentCount\":0,\"publisher\":{\"@id\":\"https:\\\/\\\/cvinoticias.com\\\/v3\\\/#organization\"},\"image\":{\"@id\":\"https:\\\/\\\/cvinoticias.com\\\/v3\\\/daran-marcha-atras-con-la-categorizacion-que-le-genera-deudas-a-los-monotributistas\\\/#primaryimage\"},\"thumbnailUrl\":\"https:\\\/\\\/cvinoticias.com\\\/wp-content\\\/uploads\\\/2021\\\/06\\\/la-afip-actualizara-las-escalas-del-nuevo-regimen-monotributo.jpg\",\"articleSection\":[\"Econom\u00eda\"],\"inLanguage\":\"es\",\"potentialAction\":[{\"@type\":\"CommentAction\",\"name\":\"Comment\",\"target\":[\"https:\\\/\\\/cvinoticias.com\\\/v3\\\/daran-marcha-atras-con-la-categorizacion-que-le-genera-deudas-a-los-monotributistas\\\/#respond\"]}]},{\"@type\":\"WebPage\",\"@id\":\"https:\\\/\\\/cvinoticias.com\\\/v3\\\/daran-marcha-atras-con-la-categorizacion-que-le-genera-deudas-a-los-monotributistas\\\/\",\"url\":\"https:\\\/\\\/cvinoticias.com\\\/v3\\\/daran-marcha-atras-con-la-categorizacion-que-le-genera-deudas-a-los-monotributistas\\\/\",\"name\":\"Dar\u00e1n marcha atr\u00e1s con la categorizaci\u00f3n que le genera deudas a los monotributistas | CVI NOTICIAS\",\"isPartOf\":{\"@id\":\"https:\\\/\\\/cvinoticias.com\\\/v3\\\/#website\"},\"primaryImageOfPage\":{\"@id\":\"https:\\\/\\\/cvinoticias.com\\\/v3\\\/daran-marcha-atras-con-la-categorizacion-que-le-genera-deudas-a-los-monotributistas\\\/#primaryimage\"},\"image\":{\"@id\":\"https:\\\/\\\/cvinoticias.com\\\/v3\\\/daran-marcha-atras-con-la-categorizacion-que-le-genera-deudas-a-los-monotributistas\\\/#primaryimage\"},\"thumbnailUrl\":\"https:\\\/\\\/cvinoticias.com\\\/wp-content\\\/uploads\\\/2021\\\/06\\\/la-afip-actualizara-las-escalas-del-nuevo-regimen-monotributo.jpg\",\"datePublished\":\"2021-06-10T11:05:50+00:00\",\"breadcrumb\":{\"@id\":\"https:\\\/\\\/cvinoticias.com\\\/v3\\\/daran-marcha-atras-con-la-categorizacion-que-le-genera-deudas-a-los-monotributistas\\\/#breadcrumb\"},\"inLanguage\":\"es\",\"potentialAction\":[{\"@type\":\"ReadAction\",\"target\":[\"https:\\\/\\\/cvinoticias.com\\\/v3\\\/daran-marcha-atras-con-la-categorizacion-que-le-genera-deudas-a-los-monotributistas\\\/\"]}]},{\"@type\":\"ImageObject\",\"inLanguage\":\"es\",\"@id\":\"https:\\\/\\\/cvinoticias.com\\\/v3\\\/daran-marcha-atras-con-la-categorizacion-que-le-genera-deudas-a-los-monotributistas\\\/#primaryimage\",\"url\":\"https:\\\/\\\/cvinoticias.com\\\/wp-content\\\/uploads\\\/2021\\\/06\\\/la-afip-actualizara-las-escalas-del-nuevo-regimen-monotributo.jpg\",\"contentUrl\":\"https:\\\/\\\/cvinoticias.com\\\/wp-content\\\/uploads\\\/2021\\\/06\\\/la-afip-actualizara-las-escalas-del-nuevo-regimen-monotributo.jpg\",\"width\":1200,\"height\":1200},{\"@type\":\"BreadcrumbList\",\"@id\":\"https:\\\/\\\/cvinoticias.com\\\/v3\\\/daran-marcha-atras-con-la-categorizacion-que-le-genera-deudas-a-los-monotributistas\\\/#breadcrumb\",\"itemListElement\":[{\"@type\":\"ListItem\",\"position\":1,\"name\":\"Portada\",\"item\":\"https:\\\/\\\/cvinoticias.com\\\/v3\\\/\"},{\"@type\":\"ListItem\",\"position\":2,\"name\":\"Dar\u00e1n marcha atr\u00e1s con la categorizaci\u00f3n que le genera deudas a los monotributistas\"}]},{\"@type\":\"WebSite\",\"@id\":\"https:\\\/\\\/cvinoticias.com\\\/v3\\\/#website\",\"url\":\"https:\\\/\\\/cvinoticias.com\\\/v3\\\/\",\"name\":\"CVI NOTICIAS\",\"description\":\"\",\"publisher\":{\"@id\":\"https:\\\/\\\/cvinoticias.com\\\/v3\\\/#organization\"},\"alternateName\":\"CVI\",\"potentialAction\":[{\"@type\":\"SearchAction\",\"target\":{\"@type\":\"EntryPoint\",\"urlTemplate\":\"https:\\\/\\\/cvinoticias.com\\\/v3\\\/?s={search_term_string}\"},\"query-input\":{\"@type\":\"PropertyValueSpecification\",\"valueRequired\":true,\"valueName\":\"search_term_string\"}}],\"inLanguage\":\"es\"},{\"@type\":\"Organization\",\"@id\":\"https:\\\/\\\/cvinoticias.com\\\/v3\\\/#organization\",\"name\":\"CVI NOTICIAS\",\"url\":\"https:\\\/\\\/cvinoticias.com\\\/v3\\\/\",\"logo\":{\"@type\":\"ImageObject\",\"inLanguage\":\"es\",\"@id\":\"https:\\\/\\\/cvinoticias.com\\\/v3\\\/#\\\/schema\\\/logo\\\/image\\\/\",\"url\":\"https:\\\/\\\/cvinoticias.com\\\/wp-content\\\/uploads\\\/2023\\\/04\\\/cropped-cropped-cropped-cropped-cropped-3-1.png\",\"contentUrl\":\"https:\\\/\\\/cvinoticias.com\\\/wp-content\\\/uploads\\\/2023\\\/04\\\/cropped-cropped-cropped-cropped-cropped-3-1.png\",\"width\":95,\"height\":122,\"caption\":\"CVI NOTICIAS\"},\"image\":{\"@id\":\"https:\\\/\\\/cvinoticias.com\\\/v3\\\/#\\\/schema\\\/logo\\\/image\\\/\"},\"sameAs\":[\"https:\\\/\\\/www.facebook.com\\\/cvinoticias\",\"https:\\\/\\\/www.instagram.com\\\/cvinoticias\\\/\",\"https:\\\/\\\/www.youtube.com\\\/@CVINOTICIAS\"]},{\"@type\":\"Person\",\"@id\":\"https:\\\/\\\/cvinoticias.com\\\/v3\\\/#\\\/schema\\\/person\\\/2db77e3c6bc03c538495d7b2b8be9b66\",\"name\":\"f1000024\",\"image\":{\"@type\":\"ImageObject\",\"inLanguage\":\"es\",\"@id\":\"https:\\\/\\\/secure.gravatar.com\\\/avatar\\\/d4fe7459cfc51ff5129ce1a732bbef5928568b8092d412ef95611616376bbeed?s=96&d=mm&r=g\",\"url\":\"https:\\\/\\\/secure.gravatar.com\\\/avatar\\\/d4fe7459cfc51ff5129ce1a732bbef5928568b8092d412ef95611616376bbeed?s=96&d=mm&r=g\",\"contentUrl\":\"https:\\\/\\\/secure.gravatar.com\\\/avatar\\\/d4fe7459cfc51ff5129ce1a732bbef5928568b8092d412ef95611616376bbeed?s=96&d=mm&r=g\",\"caption\":\"f1000024\"},\"url\":\"https:\\\/\\\/cvinoticias.com\\\/v3\\\/author\\\/f1000024\\\/\"}]}<\/script>\n<!-- \/ Yoast SEO plugin. -->","yoast_head_json":{"title":"Dar\u00e1n marcha atr\u00e1s con la categorizaci\u00f3n que le genera deudas a los monotributistas | CVI NOTICIAS","robots":{"index":"index","follow":"follow","max-snippet":"max-snippet:-1","max-image-preview":"max-image-preview:large","max-video-preview":"max-video-preview:-1"},"canonical":"https:\/\/cvinoticias.com\/v3\/daran-marcha-atras-con-la-categorizacion-que-le-genera-deudas-a-los-monotributistas\/","og_locale":"es_ES","og_type":"article","og_title":"Dar\u00e1n marcha atr\u00e1s con la categorizaci\u00f3n que le genera deudas a los monotributistas | CVI NOTICIAS","og_description":"El presidente Alberto Fern\u00e1ndez orden\u00f3 aplicar medidas de \u00abalivio fiscal\u00bb para millones de contribuyentes que iban a tener que pagar deudas por hasta $25.000. El Gobierno nacional resolvi\u00f3 hoy dar marcha atr\u00e1s con la categorizaci\u00f3n aplicada por la AFIP a monotributistas, que les generar\u00eda deudas por hasta $25.000, y buscar\u00e1 generar m\u00e1s medidas de \u00abalivio [&hellip;]","og_url":"https:\/\/cvinoticias.com\/v3\/daran-marcha-atras-con-la-categorizacion-que-le-genera-deudas-a-los-monotributistas\/","og_site_name":"CVI NOTICIAS","article_publisher":"https:\/\/www.facebook.com\/cvinoticias","article_published_time":"2021-06-10T11:05:50+00:00","og_image":[{"width":1200,"height":1200,"url":"https:\/\/cvinoticias.com\/wp-content\/uploads\/2021\/06\/la-afip-actualizara-las-escalas-del-nuevo-regimen-monotributo.jpg","type":"image\/jpeg"}],"author":"f1000024","twitter_card":"summary_large_image","twitter_misc":{"Escrito por":"f1000024","Tiempo de lectura":"2 minutos"},"schema":{"@context":"https:\/\/schema.org","@graph":[{"@type":"Article","@id":"https:\/\/cvinoticias.com\/v3\/daran-marcha-atras-con-la-categorizacion-que-le-genera-deudas-a-los-monotributistas\/#article","isPartOf":{"@id":"https:\/\/cvinoticias.com\/v3\/daran-marcha-atras-con-la-categorizacion-que-le-genera-deudas-a-los-monotributistas\/"},"author":{"name":"f1000024","@id":"https:\/\/cvinoticias.com\/v3\/#\/schema\/person\/2db77e3c6bc03c538495d7b2b8be9b66"},"headline":"Dar\u00e1n marcha atr\u00e1s con la categorizaci\u00f3n que le genera deudas a los monotributistas","datePublished":"2021-06-10T11:05:50+00:00","mainEntityOfPage":{"@id":"https:\/\/cvinoticias.com\/v3\/daran-marcha-atras-con-la-categorizacion-que-le-genera-deudas-a-los-monotributistas\/"},"wordCount":436,"commentCount":0,"publisher":{"@id":"https:\/\/cvinoticias.com\/v3\/#organization"},"image":{"@id":"https:\/\/cvinoticias.com\/v3\/daran-marcha-atras-con-la-categorizacion-que-le-genera-deudas-a-los-monotributistas\/#primaryimage"},"thumbnailUrl":"https:\/\/cvinoticias.com\/wp-content\/uploads\/2021\/06\/la-afip-actualizara-las-escalas-del-nuevo-regimen-monotributo.jpg","articleSection":["Econom\u00eda"],"inLanguage":"es","potentialAction":[{"@type":"CommentAction","name":"Comment","target":["https:\/\/cvinoticias.com\/v3\/daran-marcha-atras-con-la-categorizacion-que-le-genera-deudas-a-los-monotributistas\/#respond"]}]},{"@type":"WebPage","@id":"https:\/\/cvinoticias.com\/v3\/daran-marcha-atras-con-la-categorizacion-que-le-genera-deudas-a-los-monotributistas\/","url":"https:\/\/cvinoticias.com\/v3\/daran-marcha-atras-con-la-categorizacion-que-le-genera-deudas-a-los-monotributistas\/","name":"Dar\u00e1n marcha atr\u00e1s con la categorizaci\u00f3n que le genera deudas a los monotributistas | CVI NOTICIAS","isPartOf":{"@id":"https:\/\/cvinoticias.com\/v3\/#website"},"primaryImageOfPage":{"@id":"https:\/\/cvinoticias.com\/v3\/daran-marcha-atras-con-la-categorizacion-que-le-genera-deudas-a-los-monotributistas\/#primaryimage"},"image":{"@id":"https:\/\/cvinoticias.com\/v3\/daran-marcha-atras-con-la-categorizacion-que-le-genera-deudas-a-los-monotributistas\/#primaryimage"},"thumbnailUrl":"https:\/\/cvinoticias.com\/wp-content\/uploads\/2021\/06\/la-afip-actualizara-las-escalas-del-nuevo-regimen-monotributo.jpg","datePublished":"2021-06-10T11:05:50+00:00","breadcrumb":{"@id":"https:\/\/cvinoticias.com\/v3\/daran-marcha-atras-con-la-categorizacion-que-le-genera-deudas-a-los-monotributistas\/#breadcrumb"},"inLanguage":"es","potentialAction":[{"@type":"ReadAction","target":["https:\/\/cvinoticias.com\/v3\/daran-marcha-atras-con-la-categorizacion-que-le-genera-deudas-a-los-monotributistas\/"]}]},{"@type":"ImageObject","inLanguage":"es","@id":"https:\/\/cvinoticias.com\/v3\/daran-marcha-atras-con-la-categorizacion-que-le-genera-deudas-a-los-monotributistas\/#primaryimage","url":"https:\/\/cvinoticias.com\/wp-content\/uploads\/2021\/06\/la-afip-actualizara-las-escalas-del-nuevo-regimen-monotributo.jpg","contentUrl":"https:\/\/cvinoticias.com\/wp-content\/uploads\/2021\/06\/la-afip-actualizara-las-escalas-del-nuevo-regimen-monotributo.jpg","width":1200,"height":1200},{"@type":"BreadcrumbList","@id":"https:\/\/cvinoticias.com\/v3\/daran-marcha-atras-con-la-categorizacion-que-le-genera-deudas-a-los-monotributistas\/#breadcrumb","itemListElement":[{"@type":"ListItem","position":1,"name":"Portada","item":"https:\/\/cvinoticias.com\/v3\/"},{"@type":"ListItem","position":2,"name":"Dar\u00e1n marcha atr\u00e1s con la categorizaci\u00f3n que le genera deudas a los monotributistas"}]},{"@type":"WebSite","@id":"https:\/\/cvinoticias.com\/v3\/#website","url":"https:\/\/cvinoticias.com\/v3\/","name":"CVI NOTICIAS","description":"","publisher":{"@id":"https:\/\/cvinoticias.com\/v3\/#organization"},"alternateName":"CVI","potentialAction":[{"@type":"SearchAction","target":{"@type":"EntryPoint","urlTemplate":"https:\/\/cvinoticias.com\/v3\/?s={search_term_string}"},"query-input":{"@type":"PropertyValueSpecification","valueRequired":true,"valueName":"search_term_string"}}],"inLanguage":"es"},{"@type":"Organization","@id":"https:\/\/cvinoticias.com\/v3\/#organization","name":"CVI NOTICIAS","url":"https:\/\/cvinoticias.com\/v3\/","logo":{"@type":"ImageObject","inLanguage":"es","@id":"https:\/\/cvinoticias.com\/v3\/#\/schema\/logo\/image\/","url":"https:\/\/cvinoticias.com\/wp-content\/uploads\/2023\/04\/cropped-cropped-cropped-cropped-cropped-3-1.png","contentUrl":"https:\/\/cvinoticias.com\/wp-content\/uploads\/2023\/04\/cropped-cropped-cropped-cropped-cropped-3-1.png","width":95,"height":122,"caption":"CVI NOTICIAS"},"image":{"@id":"https:\/\/cvinoticias.com\/v3\/#\/schema\/logo\/image\/"},"sameAs":["https:\/\/www.facebook.com\/cvinoticias","https:\/\/www.instagram.com\/cvinoticias\/","https:\/\/www.youtube.com\/@CVINOTICIAS"]},{"@type":"Person","@id":"https:\/\/cvinoticias.com\/v3\/#\/schema\/person\/2db77e3c6bc03c538495d7b2b8be9b66","name":"f1000024","image":{"@type":"ImageObject","inLanguage":"es","@id":"https:\/\/secure.gravatar.com\/avatar\/d4fe7459cfc51ff5129ce1a732bbef5928568b8092d412ef95611616376bbeed?s=96&d=mm&r=g","url":"https:\/\/secure.gravatar.com\/avatar\/d4fe7459cfc51ff5129ce1a732bbef5928568b8092d412ef95611616376bbeed?s=96&d=mm&r=g","contentUrl":"https:\/\/secure.gravatar.com\/avatar\/d4fe7459cfc51ff5129ce1a732bbef5928568b8092d412ef95611616376bbeed?s=96&d=mm&r=g","caption":"f1000024"},"url":"https:\/\/cvinoticias.com\/v3\/author\/f1000024\/"}]}},"_links":{"self":[{"href":"https:\/\/cvinoticias.com\/v3\/wp-json\/wp\/v2\/posts\/5809","targetHints":{"allow":["GET"]}}],"collection":[{"href":"https:\/\/cvinoticias.com\/v3\/wp-json\/wp\/v2\/posts"}],"about":[{"href":"https:\/\/cvinoticias.com\/v3\/wp-json\/wp\/v2\/types\/post"}],"author":[{"embeddable":true,"href":"https:\/\/cvinoticias.com\/v3\/wp-json\/wp\/v2\/users\/2"}],"replies":[{"embeddable":true,"href":"https:\/\/cvinoticias.com\/v3\/wp-json\/wp\/v2\/comments?post=5809"}],"version-history":[{"count":1,"href":"https:\/\/cvinoticias.com\/v3\/wp-json\/wp\/v2\/posts\/5809\/revisions"}],"predecessor-version":[{"id":5811,"href":"https:\/\/cvinoticias.com\/v3\/wp-json\/wp\/v2\/posts\/5809\/revisions\/5811"}],"wp:featuredmedia":[{"embeddable":true,"href":"https:\/\/cvinoticias.com\/v3\/wp-json\/wp\/v2\/media\/5810"}],"wp:attachment":[{"href":"https:\/\/cvinoticias.com\/v3\/wp-json\/wp\/v2\/media?parent=5809"}],"wp:term":[{"taxonomy":"category","embeddable":true,"href":"https:\/\/cvinoticias.com\/v3\/wp-json\/wp\/v2\/categories?post=5809"},{"taxonomy":"post_tag","embeddable":true,"href":"https:\/\/cvinoticias.com\/v3\/wp-json\/wp\/v2\/tags?post=5809"}],"curies":[{"name":"wp","href":"https:\/\/api.w.org\/{rel}","templated":true}]}}