{"id":5797,"date":"2021-06-09T20:07:09","date_gmt":"2021-06-09T20:07:09","guid":{"rendered":"https:\/\/cvinoticias.com\/v3\/?p=5797"},"modified":"2021-06-09T20:07:09","modified_gmt":"2021-06-09T20:07:09","slug":"posadas-herrera-ahuad-inauguro-la-planta-de-energia-fotovoltaica-en-el-barrio-itaembe-guazu","status":"publish","type":"post","link":"https:\/\/cvinoticias.com\/v3\/posadas-herrera-ahuad-inauguro-la-planta-de-energia-fotovoltaica-en-el-barrio-itaembe-guazu\/","title":{"rendered":"Posadas: Herrera Ahuad inaugur\u00f3 la Planta de Energ\u00eda Fotovoltaica en el Barrio Itaemb\u00e9 Guaz\u00fa"},"content":{"rendered":"\n<p><strong><em>El Gobernador habilit\u00f3 la Planta de Energ\u00eda Fotovoltaica ubicada en el barrio Itaemb\u00e9 Guaz\u00fa. Se trata de la primera central solar fotovoltaica que inyectar\u00e1 energ\u00eda al Sistema Interconectado Provincial para ser distribuido entre 250 familias posade\u00f1as. El mandatario calific\u00f3 la habilitaci\u00f3n como el puntapi\u00e9 inicial para otras iniciativas fotovoltaicas que est\u00e1n en preparaci\u00f3n en Misiones.<\/em><\/strong><\/p>\n\n\n\n<p>Despu\u00e9s del mediod\u00eda, se puso en marcha la central que generar\u00e1 electricidad a partir de la energ\u00eda solar para ser incorporada al Sistema Interconectado Provincial y distribuida entre 250 familias del barrio Itaemb\u00e9 Guaz\u00fa. Producir\u00e1 una energ\u00eda de medio megavatio (MW) lo que equivale a 500 kilovatios. Durante la inauguraci\u00f3n el gobernador Oscar Herrera Ahuad destac\u00f3 la importancia de que la provincia invierta para que a trav\u00e9s de una fuente ilimitada y respetuosa con el medio ambiente, como el sol, se optimice la generaci\u00f3n de energ\u00eda en Misiones.<\/p>\n\n\n\n<p>En la ocasi\u00f3n, el mandatario cort\u00f3 la cinta inaugural, devel\u00f3 la placa conmemorativa y recorri\u00f3 las instalaciones de la central para interiorizarse de su funcionamiento. Subray\u00f3 la importancia de \u00abponer en marcha el primer parque de estas caracter\u00edsticas en Misiones\u201d. Adelant\u00f3 que es el puntapi\u00e9 que marca el inicio de un proyecto de enorme desarrollo que est\u00e1 en la planificaci\u00f3n del Gobierno Provincial.<\/p>\n\n\n\n<p>Asimismo, destac\u00f3 que la energ\u00eda limpia favorecer\u00e1 al barrio, sobre todo en la temporada veraniega cuando hay mayor demanda de energ\u00eda. \u201cTener este tipo de parques fotovoltaicos muestra que hoy ya estamos en condiciones de comenzar con la producci\u00f3n de energ\u00eda limpia renovable en la provincia. Es un hito hist\u00f3rico\u201d, se\u00f1al\u00f3. Igualmente, cit\u00f3 como antecedente la implementaci\u00f3n de peque\u00f1as unidades fotovoltaicas en el interior de la provincia, en \u00e1mbitos de producciones y en escuelas rurales.<\/p>\n\n\n\n<p>Convenio energ\u00e9tico con San Juan<\/p>\n\n\n\n<p>\u201cPero por la envergadura que tiene esta planta es un importante el logro para todos los misioneros\u201d, a\u00f1adi\u00f3 Herrera Ahuad. Inclusive, habl\u00f3 de un convenio de cooperaci\u00f3n con la provincia de San Juan, una de las mayores productoras de energ\u00eda fotovoltaica en Argentina, para replicar su modelo energ\u00e9tico en Misiones. Explico que ser\u00eda \u201cun convenio bilateral donde ellos se comprometen a darnos los paneles fotovoltaicos que fabrican en su provincia para instalarlos en Misiones\u201d.<\/p>\n\n\n\n<p>Igualmente, adelant\u00f3 que en aproximadamente en 15 d\u00edas se abrir\u00e1n los sobres de la licitaci\u00f3n de otro parque fotovoltaico en Silicon Misiones que triplicara la capacidad operativa de la inaugurada hoy.<\/p>\n\n\n\n<p>En la misma l\u00ednea, el Gobernador remarc\u00f3 la importancia de este tipo de obras para suplir la demanda de energ\u00eda en una provincia con clima netamente tropical, sobre todo en \u00e9poca de verano. En cuanto a la sustentabilidad, se\u00f1al\u00f3 que Misiones avanza en el cuidado y en la protecci\u00f3n del medio ambiente mediante la generaci\u00f3n de energ\u00edas renovables y limpias.<\/p>\n\n\n\n<p>Inclusive, Herrera Ahuad resalt\u00f3 que, frente al contexto epidemiol\u00f3gico, se aprovech\u00f3 la oportunidad para desarrollar estos emprendimientos de energ\u00eda segura, sobre todo porque se trata de una obra realizada en pandemia. Finamente, recalc\u00f3 que es \u201ctiempo de proyectar, decidir y generar pol\u00edticas p\u00fablicas. Los tiempos de pandemias son tiempos de oportunidades tambi\u00e9n para reconfigurar la gesti\u00f3n y resolver los problemas coyunturales\u201d, sobre todo en cuesti\u00f3n de energ\u00eda y acceso al agua.<\/p>\n\n\n\n<p>A la inauguraci\u00f3n, tambi\u00e9n asistieron el intendente de Posadas, Leonardo Stelatto; el ministro de Energ\u00eda, Paolo Quintana; el titular del Instituto Provincial de Desarrollo Habitacional (IPRODHA), Santiago Ros y el presidente de Energ\u00eda de Misiones (EMSA), Guillermo Aicheler.<\/p>\n\n\n\n<p>La nueva Planta de Energ\u00eda Fotovoltaica<\/p>\n\n\n\n<p>La central de generaci\u00f3n de energ\u00eda limpia puesta en marcha hoy, no tiene precedentes en la provincia de Misiones. Esta es la primera vez que el Estado ha realizado tal trabajo e inversi\u00f3n para utilizar energ\u00edas renovables para generar electricidad en planes habitacionales. La planta de energ\u00eda se considera una prueba piloto en la que el Estado invierte directamente en la generaci\u00f3n de electricidad a trav\u00e9s de sistemas de paneles solares. Por eso los equipos con los que cuenta la planta est\u00e1n preparados para generar la corriente el\u00e9ctrica con los mismos par\u00e1metros que necesita la red de Energ\u00eda de Misiones (EMSA).<\/p>\n\n\n\n<p>En el marco de la habilitaci\u00f3n de la central, IPRODHA, organismo encargado de realizar la obra, traspas\u00f3 su administraci\u00f3n a Energ\u00eda de Misiones, quien ser\u00e1 responsable de su gesti\u00f3n y mantenimiento. De esta manera, el primer parque solar fotovoltaico a nivel provincial est\u00e1 listo para funcionar, convirti\u00e9ndose en un signo del desarrollo de la electricidad limpia y renovable.<\/p>\n\n\n\n<p>La obra ocupa un \u00e1rea de aproximadamente una hect\u00e1rea, lo que equivale a un bloque urbano, con 1.500 paneles solares instalados. La relaci\u00f3n entre la potencia de una planta solar y la superficie ocupada por los paneles es equivalente a dos a uno. Es decir, para producir 1 megavatio (MW) en Misiones, se necesita el doble de hect\u00e1reas. Sin embargo, esto persigue objetivos sociales econ\u00f3micos y energ\u00e9ticos como la generaci\u00f3n de puestos de trabajo y la consecuente capacitaci\u00f3n del personal, la descongesti\u00f3n de la carga de la red de distribuci\u00f3n y menor dependencia de energ\u00eda a base de combustibles f\u00f3siles y l\u00edquidos.<\/p>\n\n\n\n<figure class=\"wp-block-image size-large\"><a href=\"https:\/\/cvinoticias.com\/wp-content\/uploads\/2021\/06\/FB_IMG_1623268925267.jpg\"><img decoding=\"async\" width=\"960\" height=\"640\" data-src=\"https:\/\/cvinoticias.com\/wp-content\/uploads\/2021\/06\/FB_IMG_1623268925267.jpg\" alt=\"\" class=\"wp-image-5799 lazyload\" data-srcset=\"https:\/\/cvinoticias.com\/wp-content\/uploads\/2021\/06\/FB_IMG_1623268925267.jpg 960w, https:\/\/cvinoticias.com\/wp-content\/uploads\/2021\/06\/FB_IMG_1623268925267-300x200.jpg 300w, https:\/\/cvinoticias.com\/wp-content\/uploads\/2021\/06\/FB_IMG_1623268925267-768x512.jpg 768w\" data-sizes=\"(max-width: 960px) 100vw, 960px\" src=\"data:image\/svg+xml;base64,PHN2ZyB3aWR0aD0iMSIgaGVpZ2h0PSIxIiB4bWxucz0iaHR0cDovL3d3dy53My5vcmcvMjAwMC9zdmciPjwvc3ZnPg==\" style=\"--smush-placeholder-width: 960px; --smush-placeholder-aspect-ratio: 960\/640;\" \/><\/a><\/figure>\n\n\n\n<figure class=\"wp-block-image size-large\"><a href=\"https:\/\/cvinoticias.com\/wp-content\/uploads\/2021\/06\/FB_IMG_1623268920597.jpg\"><img decoding=\"async\" width=\"960\" height=\"640\" data-src=\"https:\/\/cvinoticias.com\/wp-content\/uploads\/2021\/06\/FB_IMG_1623268920597.jpg\" alt=\"\" class=\"wp-image-5800 lazyload\" data-srcset=\"https:\/\/cvinoticias.com\/wp-content\/uploads\/2021\/06\/FB_IMG_1623268920597.jpg 960w, https:\/\/cvinoticias.com\/wp-content\/uploads\/2021\/06\/FB_IMG_1623268920597-300x200.jpg 300w, https:\/\/cvinoticias.com\/wp-content\/uploads\/2021\/06\/FB_IMG_1623268920597-768x512.jpg 768w\" data-sizes=\"(max-width: 960px) 100vw, 960px\" src=\"data:image\/svg+xml;base64,PHN2ZyB3aWR0aD0iMSIgaGVpZ2h0PSIxIiB4bWxucz0iaHR0cDovL3d3dy53My5vcmcvMjAwMC9zdmciPjwvc3ZnPg==\" style=\"--smush-placeholder-width: 960px; --smush-placeholder-aspect-ratio: 960\/640;\" \/><\/a><\/figure>\n","protected":false},"excerpt":{"rendered":"<p>El Gobernador habilit\u00f3 la Planta de Energ\u00eda Fotovoltaica ubicada en el barrio Itaemb\u00e9 Guaz\u00fa. Se trata de la primera central solar fotovoltaica que inyectar\u00e1 energ\u00eda al Sistema Interconectado Provincial para ser distribuido entre 250 familias posade\u00f1as. El mandatario calific\u00f3 la habilitaci\u00f3n como el puntapi\u00e9 inicial para otras iniciativas fotovoltaicas que est\u00e1n en preparaci\u00f3n en Misiones. [&hellip;]<\/p>\n","protected":false},"author":2,"featured_media":5798,"comment_status":"open","ping_status":"open","sticky":false,"template":"","format":"standard","meta":{"footnotes":""},"categories":[43],"tags":[],"class_list":["post-5797","post","type-post","status-publish","format-standard","has-post-thumbnail","hentry","category-provinciales"],"yoast_head":"<!-- This site is optimized with the Yoast SEO plugin v27.5 - https:\/\/yoast.com\/product\/yoast-seo-wordpress\/ -->\n<title>Posadas: Herrera Ahuad inaugur\u00f3 la Planta de Energ\u00eda Fotovoltaica en el Barrio Itaemb\u00e9 Guaz\u00fa | CVI NOTICIAS<\/title>\n<meta name=\"robots\" content=\"index, follow, max-snippet:-1, max-image-preview:large, max-video-preview:-1\" \/>\n<link rel=\"canonical\" href=\"https:\/\/cvinoticias.com\/v3\/posadas-herrera-ahuad-inauguro-la-planta-de-energia-fotovoltaica-en-el-barrio-itaembe-guazu\/\" \/>\n<meta property=\"og:locale\" content=\"es_ES\" \/>\n<meta property=\"og:type\" content=\"article\" \/>\n<meta property=\"og:title\" content=\"Posadas: Herrera Ahuad inaugur\u00f3 la Planta de Energ\u00eda Fotovoltaica en el Barrio Itaemb\u00e9 Guaz\u00fa | CVI NOTICIAS\" \/>\n<meta property=\"og:description\" content=\"El Gobernador habilit\u00f3 la Planta de Energ\u00eda Fotovoltaica ubicada en el barrio Itaemb\u00e9 Guaz\u00fa. Se trata de la primera central solar fotovoltaica que inyectar\u00e1 energ\u00eda al Sistema Interconectado Provincial para ser distribuido entre 250 familias posade\u00f1as. El mandatario calific\u00f3 la habilitaci\u00f3n como el puntapi\u00e9 inicial para otras iniciativas fotovoltaicas que est\u00e1n en preparaci\u00f3n en Misiones. [&hellip;]\" \/>\n<meta property=\"og:url\" content=\"https:\/\/cvinoticias.com\/v3\/posadas-herrera-ahuad-inauguro-la-planta-de-energia-fotovoltaica-en-el-barrio-itaembe-guazu\/\" \/>\n<meta property=\"og:site_name\" content=\"CVI NOTICIAS\" \/>\n<meta property=\"article:publisher\" content=\"https:\/\/www.facebook.com\/cvinoticias\" \/>\n<meta property=\"article:published_time\" content=\"2021-06-09T20:07:09+00:00\" \/>\n<meta property=\"og:image\" content=\"https:\/\/cvinoticias.com\/wp-content\/uploads\/2021\/06\/FB_IMG_1623268922952.jpg\" \/>\n\t<meta property=\"og:image:width\" content=\"960\" \/>\n\t<meta property=\"og:image:height\" content=\"640\" \/>\n\t<meta property=\"og:image:type\" content=\"image\/jpeg\" \/>\n<meta name=\"author\" content=\"f1000024\" \/>\n<meta name=\"twitter:card\" content=\"summary_large_image\" \/>\n<meta name=\"twitter:label1\" content=\"Escrito por\" \/>\n\t<meta name=\"twitter:data1\" content=\"f1000024\" \/>\n\t<meta name=\"twitter:label2\" content=\"Tiempo de lectura\" \/>\n\t<meta name=\"twitter:data2\" content=\"5 minutos\" \/>\n<script type=\"application\/ld+json\" class=\"yoast-schema-graph\">{\"@context\":\"https:\\\/\\\/schema.org\",\"@graph\":[{\"@type\":\"Article\",\"@id\":\"https:\\\/\\\/cvinoticias.com\\\/v3\\\/posadas-herrera-ahuad-inauguro-la-planta-de-energia-fotovoltaica-en-el-barrio-itaembe-guazu\\\/#article\",\"isPartOf\":{\"@id\":\"https:\\\/\\\/cvinoticias.com\\\/v3\\\/posadas-herrera-ahuad-inauguro-la-planta-de-energia-fotovoltaica-en-el-barrio-itaembe-guazu\\\/\"},\"author\":{\"name\":\"f1000024\",\"@id\":\"https:\\\/\\\/cvinoticias.com\\\/v3\\\/#\\\/schema\\\/person\\\/2db77e3c6bc03c538495d7b2b8be9b66\"},\"headline\":\"Posadas: Herrera Ahuad inaugur\u00f3 la Planta de Energ\u00eda Fotovoltaica en el Barrio Itaemb\u00e9 Guaz\u00fa\",\"datePublished\":\"2021-06-09T20:07:09+00:00\",\"mainEntityOfPage\":{\"@id\":\"https:\\\/\\\/cvinoticias.com\\\/v3\\\/posadas-herrera-ahuad-inauguro-la-planta-de-energia-fotovoltaica-en-el-barrio-itaembe-guazu\\\/\"},\"wordCount\":917,\"commentCount\":0,\"publisher\":{\"@id\":\"https:\\\/\\\/cvinoticias.com\\\/v3\\\/#organization\"},\"image\":{\"@id\":\"https:\\\/\\\/cvinoticias.com\\\/v3\\\/posadas-herrera-ahuad-inauguro-la-planta-de-energia-fotovoltaica-en-el-barrio-itaembe-guazu\\\/#primaryimage\"},\"thumbnailUrl\":\"https:\\\/\\\/cvinoticias.com\\\/wp-content\\\/uploads\\\/2021\\\/06\\\/FB_IMG_1623268922952.jpg\",\"articleSection\":[\"Provinciales\"],\"inLanguage\":\"es\",\"potentialAction\":[{\"@type\":\"CommentAction\",\"name\":\"Comment\",\"target\":[\"https:\\\/\\\/cvinoticias.com\\\/v3\\\/posadas-herrera-ahuad-inauguro-la-planta-de-energia-fotovoltaica-en-el-barrio-itaembe-guazu\\\/#respond\"]}]},{\"@type\":\"WebPage\",\"@id\":\"https:\\\/\\\/cvinoticias.com\\\/v3\\\/posadas-herrera-ahuad-inauguro-la-planta-de-energia-fotovoltaica-en-el-barrio-itaembe-guazu\\\/\",\"url\":\"https:\\\/\\\/cvinoticias.com\\\/v3\\\/posadas-herrera-ahuad-inauguro-la-planta-de-energia-fotovoltaica-en-el-barrio-itaembe-guazu\\\/\",\"name\":\"Posadas: Herrera Ahuad inaugur\u00f3 la Planta de Energ\u00eda Fotovoltaica en el Barrio Itaemb\u00e9 Guaz\u00fa | CVI NOTICIAS\",\"isPartOf\":{\"@id\":\"https:\\\/\\\/cvinoticias.com\\\/v3\\\/#website\"},\"primaryImageOfPage\":{\"@id\":\"https:\\\/\\\/cvinoticias.com\\\/v3\\\/posadas-herrera-ahuad-inauguro-la-planta-de-energia-fotovoltaica-en-el-barrio-itaembe-guazu\\\/#primaryimage\"},\"image\":{\"@id\":\"https:\\\/\\\/cvinoticias.com\\\/v3\\\/posadas-herrera-ahuad-inauguro-la-planta-de-energia-fotovoltaica-en-el-barrio-itaembe-guazu\\\/#primaryimage\"},\"thumbnailUrl\":\"https:\\\/\\\/cvinoticias.com\\\/wp-content\\\/uploads\\\/2021\\\/06\\\/FB_IMG_1623268922952.jpg\",\"datePublished\":\"2021-06-09T20:07:09+00:00\",\"breadcrumb\":{\"@id\":\"https:\\\/\\\/cvinoticias.com\\\/v3\\\/posadas-herrera-ahuad-inauguro-la-planta-de-energia-fotovoltaica-en-el-barrio-itaembe-guazu\\\/#breadcrumb\"},\"inLanguage\":\"es\",\"potentialAction\":[{\"@type\":\"ReadAction\",\"target\":[\"https:\\\/\\\/cvinoticias.com\\\/v3\\\/posadas-herrera-ahuad-inauguro-la-planta-de-energia-fotovoltaica-en-el-barrio-itaembe-guazu\\\/\"]}]},{\"@type\":\"ImageObject\",\"inLanguage\":\"es\",\"@id\":\"https:\\\/\\\/cvinoticias.com\\\/v3\\\/posadas-herrera-ahuad-inauguro-la-planta-de-energia-fotovoltaica-en-el-barrio-itaembe-guazu\\\/#primaryimage\",\"url\":\"https:\\\/\\\/cvinoticias.com\\\/wp-content\\\/uploads\\\/2021\\\/06\\\/FB_IMG_1623268922952.jpg\",\"contentUrl\":\"https:\\\/\\\/cvinoticias.com\\\/wp-content\\\/uploads\\\/2021\\\/06\\\/FB_IMG_1623268922952.jpg\",\"width\":960,\"height\":640},{\"@type\":\"BreadcrumbList\",\"@id\":\"https:\\\/\\\/cvinoticias.com\\\/v3\\\/posadas-herrera-ahuad-inauguro-la-planta-de-energia-fotovoltaica-en-el-barrio-itaembe-guazu\\\/#breadcrumb\",\"itemListElement\":[{\"@type\":\"ListItem\",\"position\":1,\"name\":\"Portada\",\"item\":\"https:\\\/\\\/cvinoticias.com\\\/v3\\\/\"},{\"@type\":\"ListItem\",\"position\":2,\"name\":\"Posadas: Herrera Ahuad inaugur\u00f3 la Planta de Energ\u00eda Fotovoltaica en el Barrio Itaemb\u00e9 Guaz\u00fa\"}]},{\"@type\":\"WebSite\",\"@id\":\"https:\\\/\\\/cvinoticias.com\\\/v3\\\/#website\",\"url\":\"https:\\\/\\\/cvinoticias.com\\\/v3\\\/\",\"name\":\"CVI NOTICIAS\",\"description\":\"\",\"publisher\":{\"@id\":\"https:\\\/\\\/cvinoticias.com\\\/v3\\\/#organization\"},\"alternateName\":\"CVI\",\"potentialAction\":[{\"@type\":\"SearchAction\",\"target\":{\"@type\":\"EntryPoint\",\"urlTemplate\":\"https:\\\/\\\/cvinoticias.com\\\/v3\\\/?s={search_term_string}\"},\"query-input\":{\"@type\":\"PropertyValueSpecification\",\"valueRequired\":true,\"valueName\":\"search_term_string\"}}],\"inLanguage\":\"es\"},{\"@type\":\"Organization\",\"@id\":\"https:\\\/\\\/cvinoticias.com\\\/v3\\\/#organization\",\"name\":\"CVI NOTICIAS\",\"url\":\"https:\\\/\\\/cvinoticias.com\\\/v3\\\/\",\"logo\":{\"@type\":\"ImageObject\",\"inLanguage\":\"es\",\"@id\":\"https:\\\/\\\/cvinoticias.com\\\/v3\\\/#\\\/schema\\\/logo\\\/image\\\/\",\"url\":\"https:\\\/\\\/cvinoticias.com\\\/wp-content\\\/uploads\\\/2023\\\/04\\\/cropped-cropped-cropped-cropped-cropped-3-1.png\",\"contentUrl\":\"https:\\\/\\\/cvinoticias.com\\\/wp-content\\\/uploads\\\/2023\\\/04\\\/cropped-cropped-cropped-cropped-cropped-3-1.png\",\"width\":95,\"height\":122,\"caption\":\"CVI NOTICIAS\"},\"image\":{\"@id\":\"https:\\\/\\\/cvinoticias.com\\\/v3\\\/#\\\/schema\\\/logo\\\/image\\\/\"},\"sameAs\":[\"https:\\\/\\\/www.facebook.com\\\/cvinoticias\",\"https:\\\/\\\/www.instagram.com\\\/cvinoticias\\\/\",\"https:\\\/\\\/www.youtube.com\\\/@CVINOTICIAS\"]},{\"@type\":\"Person\",\"@id\":\"https:\\\/\\\/cvinoticias.com\\\/v3\\\/#\\\/schema\\\/person\\\/2db77e3c6bc03c538495d7b2b8be9b66\",\"name\":\"f1000024\",\"image\":{\"@type\":\"ImageObject\",\"inLanguage\":\"es\",\"@id\":\"https:\\\/\\\/secure.gravatar.com\\\/avatar\\\/d4fe7459cfc51ff5129ce1a732bbef5928568b8092d412ef95611616376bbeed?s=96&d=mm&r=g\",\"url\":\"https:\\\/\\\/secure.gravatar.com\\\/avatar\\\/d4fe7459cfc51ff5129ce1a732bbef5928568b8092d412ef95611616376bbeed?s=96&d=mm&r=g\",\"contentUrl\":\"https:\\\/\\\/secure.gravatar.com\\\/avatar\\\/d4fe7459cfc51ff5129ce1a732bbef5928568b8092d412ef95611616376bbeed?s=96&d=mm&r=g\",\"caption\":\"f1000024\"},\"url\":\"https:\\\/\\\/cvinoticias.com\\\/v3\\\/author\\\/f1000024\\\/\"}]}<\/script>\n<!-- \/ Yoast SEO plugin. -->","yoast_head_json":{"title":"Posadas: Herrera Ahuad inaugur\u00f3 la Planta de Energ\u00eda Fotovoltaica en el Barrio Itaemb\u00e9 Guaz\u00fa | CVI NOTICIAS","robots":{"index":"index","follow":"follow","max-snippet":"max-snippet:-1","max-image-preview":"max-image-preview:large","max-video-preview":"max-video-preview:-1"},"canonical":"https:\/\/cvinoticias.com\/v3\/posadas-herrera-ahuad-inauguro-la-planta-de-energia-fotovoltaica-en-el-barrio-itaembe-guazu\/","og_locale":"es_ES","og_type":"article","og_title":"Posadas: Herrera Ahuad inaugur\u00f3 la Planta de Energ\u00eda Fotovoltaica en el Barrio Itaemb\u00e9 Guaz\u00fa | CVI NOTICIAS","og_description":"El Gobernador habilit\u00f3 la Planta de Energ\u00eda Fotovoltaica ubicada en el barrio Itaemb\u00e9 Guaz\u00fa. Se trata de la primera central solar fotovoltaica que inyectar\u00e1 energ\u00eda al Sistema Interconectado Provincial para ser distribuido entre 250 familias posade\u00f1as. El mandatario calific\u00f3 la habilitaci\u00f3n como el puntapi\u00e9 inicial para otras iniciativas fotovoltaicas que est\u00e1n en preparaci\u00f3n en Misiones. [&hellip;]","og_url":"https:\/\/cvinoticias.com\/v3\/posadas-herrera-ahuad-inauguro-la-planta-de-energia-fotovoltaica-en-el-barrio-itaembe-guazu\/","og_site_name":"CVI NOTICIAS","article_publisher":"https:\/\/www.facebook.com\/cvinoticias","article_published_time":"2021-06-09T20:07:09+00:00","og_image":[{"width":960,"height":640,"url":"https:\/\/cvinoticias.com\/wp-content\/uploads\/2021\/06\/FB_IMG_1623268922952.jpg","type":"image\/jpeg"}],"author":"f1000024","twitter_card":"summary_large_image","twitter_misc":{"Escrito por":"f1000024","Tiempo de lectura":"5 minutos"},"schema":{"@context":"https:\/\/schema.org","@graph":[{"@type":"Article","@id":"https:\/\/cvinoticias.com\/v3\/posadas-herrera-ahuad-inauguro-la-planta-de-energia-fotovoltaica-en-el-barrio-itaembe-guazu\/#article","isPartOf":{"@id":"https:\/\/cvinoticias.com\/v3\/posadas-herrera-ahuad-inauguro-la-planta-de-energia-fotovoltaica-en-el-barrio-itaembe-guazu\/"},"author":{"name":"f1000024","@id":"https:\/\/cvinoticias.com\/v3\/#\/schema\/person\/2db77e3c6bc03c538495d7b2b8be9b66"},"headline":"Posadas: Herrera Ahuad inaugur\u00f3 la Planta de Energ\u00eda Fotovoltaica en el Barrio Itaemb\u00e9 Guaz\u00fa","datePublished":"2021-06-09T20:07:09+00:00","mainEntityOfPage":{"@id":"https:\/\/cvinoticias.com\/v3\/posadas-herrera-ahuad-inauguro-la-planta-de-energia-fotovoltaica-en-el-barrio-itaembe-guazu\/"},"wordCount":917,"commentCount":0,"publisher":{"@id":"https:\/\/cvinoticias.com\/v3\/#organization"},"image":{"@id":"https:\/\/cvinoticias.com\/v3\/posadas-herrera-ahuad-inauguro-la-planta-de-energia-fotovoltaica-en-el-barrio-itaembe-guazu\/#primaryimage"},"thumbnailUrl":"https:\/\/cvinoticias.com\/wp-content\/uploads\/2021\/06\/FB_IMG_1623268922952.jpg","articleSection":["Provinciales"],"inLanguage":"es","potentialAction":[{"@type":"CommentAction","name":"Comment","target":["https:\/\/cvinoticias.com\/v3\/posadas-herrera-ahuad-inauguro-la-planta-de-energia-fotovoltaica-en-el-barrio-itaembe-guazu\/#respond"]}]},{"@type":"WebPage","@id":"https:\/\/cvinoticias.com\/v3\/posadas-herrera-ahuad-inauguro-la-planta-de-energia-fotovoltaica-en-el-barrio-itaembe-guazu\/","url":"https:\/\/cvinoticias.com\/v3\/posadas-herrera-ahuad-inauguro-la-planta-de-energia-fotovoltaica-en-el-barrio-itaembe-guazu\/","name":"Posadas: Herrera Ahuad inaugur\u00f3 la Planta de Energ\u00eda Fotovoltaica en el Barrio Itaemb\u00e9 Guaz\u00fa | CVI NOTICIAS","isPartOf":{"@id":"https:\/\/cvinoticias.com\/v3\/#website"},"primaryImageOfPage":{"@id":"https:\/\/cvinoticias.com\/v3\/posadas-herrera-ahuad-inauguro-la-planta-de-energia-fotovoltaica-en-el-barrio-itaembe-guazu\/#primaryimage"},"image":{"@id":"https:\/\/cvinoticias.com\/v3\/posadas-herrera-ahuad-inauguro-la-planta-de-energia-fotovoltaica-en-el-barrio-itaembe-guazu\/#primaryimage"},"thumbnailUrl":"https:\/\/cvinoticias.com\/wp-content\/uploads\/2021\/06\/FB_IMG_1623268922952.jpg","datePublished":"2021-06-09T20:07:09+00:00","breadcrumb":{"@id":"https:\/\/cvinoticias.com\/v3\/posadas-herrera-ahuad-inauguro-la-planta-de-energia-fotovoltaica-en-el-barrio-itaembe-guazu\/#breadcrumb"},"inLanguage":"es","potentialAction":[{"@type":"ReadAction","target":["https:\/\/cvinoticias.com\/v3\/posadas-herrera-ahuad-inauguro-la-planta-de-energia-fotovoltaica-en-el-barrio-itaembe-guazu\/"]}]},{"@type":"ImageObject","inLanguage":"es","@id":"https:\/\/cvinoticias.com\/v3\/posadas-herrera-ahuad-inauguro-la-planta-de-energia-fotovoltaica-en-el-barrio-itaembe-guazu\/#primaryimage","url":"https:\/\/cvinoticias.com\/wp-content\/uploads\/2021\/06\/FB_IMG_1623268922952.jpg","contentUrl":"https:\/\/cvinoticias.com\/wp-content\/uploads\/2021\/06\/FB_IMG_1623268922952.jpg","width":960,"height":640},{"@type":"BreadcrumbList","@id":"https:\/\/cvinoticias.com\/v3\/posadas-herrera-ahuad-inauguro-la-planta-de-energia-fotovoltaica-en-el-barrio-itaembe-guazu\/#breadcrumb","itemListElement":[{"@type":"ListItem","position":1,"name":"Portada","item":"https:\/\/cvinoticias.com\/v3\/"},{"@type":"ListItem","position":2,"name":"Posadas: Herrera Ahuad inaugur\u00f3 la Planta de Energ\u00eda Fotovoltaica en el Barrio Itaemb\u00e9 Guaz\u00fa"}]},{"@type":"WebSite","@id":"https:\/\/cvinoticias.com\/v3\/#website","url":"https:\/\/cvinoticias.com\/v3\/","name":"CVI NOTICIAS","description":"","publisher":{"@id":"https:\/\/cvinoticias.com\/v3\/#organization"},"alternateName":"CVI","potentialAction":[{"@type":"SearchAction","target":{"@type":"EntryPoint","urlTemplate":"https:\/\/cvinoticias.com\/v3\/?s={search_term_string}"},"query-input":{"@type":"PropertyValueSpecification","valueRequired":true,"valueName":"search_term_string"}}],"inLanguage":"es"},{"@type":"Organization","@id":"https:\/\/cvinoticias.com\/v3\/#organization","name":"CVI NOTICIAS","url":"https:\/\/cvinoticias.com\/v3\/","logo":{"@type":"ImageObject","inLanguage":"es","@id":"https:\/\/cvinoticias.com\/v3\/#\/schema\/logo\/image\/","url":"https:\/\/cvinoticias.com\/wp-content\/uploads\/2023\/04\/cropped-cropped-cropped-cropped-cropped-3-1.png","contentUrl":"https:\/\/cvinoticias.com\/wp-content\/uploads\/2023\/04\/cropped-cropped-cropped-cropped-cropped-3-1.png","width":95,"height":122,"caption":"CVI NOTICIAS"},"image":{"@id":"https:\/\/cvinoticias.com\/v3\/#\/schema\/logo\/image\/"},"sameAs":["https:\/\/www.facebook.com\/cvinoticias","https:\/\/www.instagram.com\/cvinoticias\/","https:\/\/www.youtube.com\/@CVINOTICIAS"]},{"@type":"Person","@id":"https:\/\/cvinoticias.com\/v3\/#\/schema\/person\/2db77e3c6bc03c538495d7b2b8be9b66","name":"f1000024","image":{"@type":"ImageObject","inLanguage":"es","@id":"https:\/\/secure.gravatar.com\/avatar\/d4fe7459cfc51ff5129ce1a732bbef5928568b8092d412ef95611616376bbeed?s=96&d=mm&r=g","url":"https:\/\/secure.gravatar.com\/avatar\/d4fe7459cfc51ff5129ce1a732bbef5928568b8092d412ef95611616376bbeed?s=96&d=mm&r=g","contentUrl":"https:\/\/secure.gravatar.com\/avatar\/d4fe7459cfc51ff5129ce1a732bbef5928568b8092d412ef95611616376bbeed?s=96&d=mm&r=g","caption":"f1000024"},"url":"https:\/\/cvinoticias.com\/v3\/author\/f1000024\/"}]}},"_links":{"self":[{"href":"https:\/\/cvinoticias.com\/v3\/wp-json\/wp\/v2\/posts\/5797","targetHints":{"allow":["GET"]}}],"collection":[{"href":"https:\/\/cvinoticias.com\/v3\/wp-json\/wp\/v2\/posts"}],"about":[{"href":"https:\/\/cvinoticias.com\/v3\/wp-json\/wp\/v2\/types\/post"}],"author":[{"embeddable":true,"href":"https:\/\/cvinoticias.com\/v3\/wp-json\/wp\/v2\/users\/2"}],"replies":[{"embeddable":true,"href":"https:\/\/cvinoticias.com\/v3\/wp-json\/wp\/v2\/comments?post=5797"}],"version-history":[{"count":1,"href":"https:\/\/cvinoticias.com\/v3\/wp-json\/wp\/v2\/posts\/5797\/revisions"}],"predecessor-version":[{"id":5801,"href":"https:\/\/cvinoticias.com\/v3\/wp-json\/wp\/v2\/posts\/5797\/revisions\/5801"}],"wp:featuredmedia":[{"embeddable":true,"href":"https:\/\/cvinoticias.com\/v3\/wp-json\/wp\/v2\/media\/5798"}],"wp:attachment":[{"href":"https:\/\/cvinoticias.com\/v3\/wp-json\/wp\/v2\/media?parent=5797"}],"wp:term":[{"taxonomy":"category","embeddable":true,"href":"https:\/\/cvinoticias.com\/v3\/wp-json\/wp\/v2\/categories?post=5797"},{"taxonomy":"post_tag","embeddable":true,"href":"https:\/\/cvinoticias.com\/v3\/wp-json\/wp\/v2\/tags?post=5797"}],"curies":[{"name":"wp","href":"https:\/\/api.w.org\/{rel}","templated":true}]}}