{"id":57736,"date":"2026-05-02T11:57:52","date_gmt":"2026-05-02T14:57:52","guid":{"rendered":"https:\/\/cvinoticias.com\/v3\/?p=57736"},"modified":"2026-05-02T11:57:52","modified_gmt":"2026-05-02T14:57:52","slug":"cvi-celebro-el-dia-del-trabajador-con-un-agasajo-para-todo-su-personal","status":"publish","type":"post","link":"https:\/\/cvinoticias.com\/v3\/cvi-celebro-el-dia-del-trabajador-con-un-agasajo-para-todo-su-personal\/","title":{"rendered":"CVI celebr\u00f3 el D\u00eda del Trabajador con un agasajo para todo su personal"},"content":{"rendered":"\n<p>En el marco de la conmemoraci\u00f3n del D\u00eda del Trabajador, celebrado el pasado 1\u00b0 de mayo, la empresa CVI, con 37 a\u00f1os de trayectoria, llev\u00f3 adelante un agasajo destinado a todo su personal, en reconocimiento al compromiso y la labor diaria de quienes forman parte de la organizaci\u00f3n.<\/p>\n\n\n\n<p>La celebraci\u00f3n se desarroll\u00f3 durante la noche en el Centro de Empleados de Comercio, en un ambiente distendido que reuni\u00f3 a trabajadores de todos los sectores: t\u00e9cnico, administrativo, marketing, televisi\u00f3n, radio, mantenimiento y atenci\u00f3n al cliente, entre otros. La convocatoria reflej\u00f3 el car\u00e1cter integral de la empresa y la diversidad de funciones que sostienen su funcionamiento cotidiano.<\/p>\n\n\n\n<p>Uno de los aspectos destacados del encuentro fue la presencia de numerosos empleados con m\u00e1s de 20 a\u00f1os de antig\u00fcedad, quienes compartieron la velada junto a compa\u00f1eros m\u00e1s recientes, consolidando el sentido de pertenencia que caracteriza a la denominada \u201cfamilia CVI\u201d.<\/p>\n\n\n\n<p>El agasajo transcurri\u00f3 entre rondas de amigos, m\u00fasica y momentos de esparcimiento, acompa\u00f1ado por un tradicional asado que sum\u00f3 calidez a la jornada. La iniciativa busc\u00f3 no solo celebrar la fecha, sino tambi\u00e9n fortalecer los v\u00ednculos internos y reconocer el recorrido colectivo de la empresa a lo largo de casi cuatro d\u00e9cadas.<\/p>\n\n\n\n<hr class=\"wp-block-separator has-alpha-channel-opacity\"\/>\n\n\n\n<figure class=\"wp-block-gallery has-nested-images columns-default is-cropped wp-block-gallery-1 is-layout-flex wp-block-gallery-is-layout-flex\">\n<figure class=\"wp-block-image size-large\"><a href=\"https:\/\/cvinoticias.com\/wp-content\/uploads\/2026\/05\/7b57f60d-ba2b-4a20-b8b0-0bb4cceed368.jpeg\"><img decoding=\"async\" width=\"576\" height=\"1024\" data-id=\"57740\" data-src=\"https:\/\/cvinoticias.com\/wp-content\/uploads\/2026\/05\/7b57f60d-ba2b-4a20-b8b0-0bb4cceed368-576x1024.jpeg\" alt=\"\" class=\"wp-image-57740 lazyload\" data-srcset=\"https:\/\/cvinoticias.com\/wp-content\/uploads\/2026\/05\/7b57f60d-ba2b-4a20-b8b0-0bb4cceed368-576x1024.jpeg 576w, https:\/\/cvinoticias.com\/wp-content\/uploads\/2026\/05\/7b57f60d-ba2b-4a20-b8b0-0bb4cceed368-169x300.jpeg 169w, https:\/\/cvinoticias.com\/wp-content\/uploads\/2026\/05\/7b57f60d-ba2b-4a20-b8b0-0bb4cceed368-768x1365.jpeg 768w, https:\/\/cvinoticias.com\/wp-content\/uploads\/2026\/05\/7b57f60d-ba2b-4a20-b8b0-0bb4cceed368-864x1536.jpeg 864w, https:\/\/cvinoticias.com\/wp-content\/uploads\/2026\/05\/7b57f60d-ba2b-4a20-b8b0-0bb4cceed368.jpeg 900w\" data-sizes=\"(max-width: 576px) 100vw, 576px\" src=\"data:image\/svg+xml;base64,PHN2ZyB3aWR0aD0iMSIgaGVpZ2h0PSIxIiB4bWxucz0iaHR0cDovL3d3dy53My5vcmcvMjAwMC9zdmciPjwvc3ZnPg==\" style=\"--smush-placeholder-width: 576px; --smush-placeholder-aspect-ratio: 576\/1024;\" \/><\/a><\/figure>\n\n\n\n<figure class=\"wp-block-image size-large\"><a href=\"https:\/\/cvinoticias.com\/wp-content\/uploads\/2026\/05\/7f47e613-608c-47be-b6ce-68fa1cde0a14.jpeg\"><img decoding=\"async\" width=\"576\" height=\"1024\" data-id=\"57738\" data-src=\"https:\/\/cvinoticias.com\/wp-content\/uploads\/2026\/05\/7f47e613-608c-47be-b6ce-68fa1cde0a14-576x1024.jpeg\" alt=\"\" class=\"wp-image-57738 lazyload\" data-srcset=\"https:\/\/cvinoticias.com\/wp-content\/uploads\/2026\/05\/7f47e613-608c-47be-b6ce-68fa1cde0a14-576x1024.jpeg 576w, https:\/\/cvinoticias.com\/wp-content\/uploads\/2026\/05\/7f47e613-608c-47be-b6ce-68fa1cde0a14-169x300.jpeg 169w, https:\/\/cvinoticias.com\/wp-content\/uploads\/2026\/05\/7f47e613-608c-47be-b6ce-68fa1cde0a14-768x1365.jpeg 768w, https:\/\/cvinoticias.com\/wp-content\/uploads\/2026\/05\/7f47e613-608c-47be-b6ce-68fa1cde0a14-864x1536.jpeg 864w, https:\/\/cvinoticias.com\/wp-content\/uploads\/2026\/05\/7f47e613-608c-47be-b6ce-68fa1cde0a14.jpeg 900w\" data-sizes=\"(max-width: 576px) 100vw, 576px\" src=\"data:image\/svg+xml;base64,PHN2ZyB3aWR0aD0iMSIgaGVpZ2h0PSIxIiB4bWxucz0iaHR0cDovL3d3dy53My5vcmcvMjAwMC9zdmciPjwvc3ZnPg==\" style=\"--smush-placeholder-width: 576px; --smush-placeholder-aspect-ratio: 576\/1024;\" \/><\/a><\/figure>\n\n\n\n<figure class=\"wp-block-image size-large\"><a href=\"https:\/\/cvinoticias.com\/wp-content\/uploads\/2026\/05\/87768537-1085-4cd2-a2e2-d4514273d6e4.jpeg\"><img decoding=\"async\" width=\"1024\" height=\"576\" data-id=\"57739\" data-src=\"https:\/\/cvinoticias.com\/wp-content\/uploads\/2026\/05\/87768537-1085-4cd2-a2e2-d4514273d6e4-1024x576.jpeg\" alt=\"\" class=\"wp-image-57739 lazyload\" data-srcset=\"https:\/\/cvinoticias.com\/wp-content\/uploads\/2026\/05\/87768537-1085-4cd2-a2e2-d4514273d6e4-1024x576.jpeg 1024w, https:\/\/cvinoticias.com\/wp-content\/uploads\/2026\/05\/87768537-1085-4cd2-a2e2-d4514273d6e4-300x169.jpeg 300w, https:\/\/cvinoticias.com\/wp-content\/uploads\/2026\/05\/87768537-1085-4cd2-a2e2-d4514273d6e4-768x432.jpeg 768w, https:\/\/cvinoticias.com\/wp-content\/uploads\/2026\/05\/87768537-1085-4cd2-a2e2-d4514273d6e4-1536x864.jpeg 1536w, https:\/\/cvinoticias.com\/wp-content\/uploads\/2026\/05\/87768537-1085-4cd2-a2e2-d4514273d6e4.jpeg 1600w\" data-sizes=\"(max-width: 1024px) 100vw, 1024px\" src=\"data:image\/svg+xml;base64,PHN2ZyB3aWR0aD0iMSIgaGVpZ2h0PSIxIiB4bWxucz0iaHR0cDovL3d3dy53My5vcmcvMjAwMC9zdmciPjwvc3ZnPg==\" style=\"--smush-placeholder-width: 1024px; --smush-placeholder-aspect-ratio: 1024\/576;\" \/><\/a><\/figure>\n\n\n\n<figure class=\"wp-block-image size-large\"><a href=\"https:\/\/cvinoticias.com\/wp-content\/uploads\/2026\/05\/ce3cfc68-aa85-462a-a356-e15339dcef07.jpeg\"><img decoding=\"async\" width=\"1024\" height=\"576\" data-id=\"57741\" data-src=\"https:\/\/cvinoticias.com\/wp-content\/uploads\/2026\/05\/ce3cfc68-aa85-462a-a356-e15339dcef07-1024x576.jpeg\" alt=\"\" class=\"wp-image-57741 lazyload\" data-srcset=\"https:\/\/cvinoticias.com\/wp-content\/uploads\/2026\/05\/ce3cfc68-aa85-462a-a356-e15339dcef07-1024x576.jpeg 1024w, https:\/\/cvinoticias.com\/wp-content\/uploads\/2026\/05\/ce3cfc68-aa85-462a-a356-e15339dcef07-300x169.jpeg 300w, https:\/\/cvinoticias.com\/wp-content\/uploads\/2026\/05\/ce3cfc68-aa85-462a-a356-e15339dcef07-768x432.jpeg 768w, https:\/\/cvinoticias.com\/wp-content\/uploads\/2026\/05\/ce3cfc68-aa85-462a-a356-e15339dcef07-1536x864.jpeg 1536w, https:\/\/cvinoticias.com\/wp-content\/uploads\/2026\/05\/ce3cfc68-aa85-462a-a356-e15339dcef07.jpeg 1600w\" data-sizes=\"(max-width: 1024px) 100vw, 1024px\" src=\"data:image\/svg+xml;base64,PHN2ZyB3aWR0aD0iMSIgaGVpZ2h0PSIxIiB4bWxucz0iaHR0cDovL3d3dy53My5vcmcvMjAwMC9zdmciPjwvc3ZnPg==\" style=\"--smush-placeholder-width: 1024px; --smush-placeholder-aspect-ratio: 1024\/576;\" \/><\/a><\/figure>\n\n\n\n<figure class=\"wp-block-image size-large\"><a href=\"https:\/\/cvinoticias.com\/wp-content\/uploads\/2026\/05\/cee5057f-61b4-42af-8a2f-6d0f6a83e989.jpeg\"><img decoding=\"async\" width=\"1024\" height=\"576\" data-id=\"57742\" data-src=\"https:\/\/cvinoticias.com\/wp-content\/uploads\/2026\/05\/cee5057f-61b4-42af-8a2f-6d0f6a83e989-1024x576.jpeg\" alt=\"\" class=\"wp-image-57742 lazyload\" data-srcset=\"https:\/\/cvinoticias.com\/wp-content\/uploads\/2026\/05\/cee5057f-61b4-42af-8a2f-6d0f6a83e989-1024x576.jpeg 1024w, https:\/\/cvinoticias.com\/wp-content\/uploads\/2026\/05\/cee5057f-61b4-42af-8a2f-6d0f6a83e989-300x169.jpeg 300w, https:\/\/cvinoticias.com\/wp-content\/uploads\/2026\/05\/cee5057f-61b4-42af-8a2f-6d0f6a83e989-768x432.jpeg 768w, https:\/\/cvinoticias.com\/wp-content\/uploads\/2026\/05\/cee5057f-61b4-42af-8a2f-6d0f6a83e989-1536x864.jpeg 1536w, https:\/\/cvinoticias.com\/wp-content\/uploads\/2026\/05\/cee5057f-61b4-42af-8a2f-6d0f6a83e989.jpeg 1600w\" data-sizes=\"(max-width: 1024px) 100vw, 1024px\" src=\"data:image\/svg+xml;base64,PHN2ZyB3aWR0aD0iMSIgaGVpZ2h0PSIxIiB4bWxucz0iaHR0cDovL3d3dy53My5vcmcvMjAwMC9zdmciPjwvc3ZnPg==\" style=\"--smush-placeholder-width: 1024px; --smush-placeholder-aspect-ratio: 1024\/576;\" \/><\/a><\/figure>\n\n\n\n<figure class=\"wp-block-image size-large\"><a href=\"https:\/\/cvinoticias.com\/wp-content\/uploads\/2026\/05\/e07d2705-1287-460e-8579-0cc62577d493.jpeg\"><img decoding=\"async\" width=\"1024\" height=\"768\" data-id=\"57743\" data-src=\"https:\/\/cvinoticias.com\/wp-content\/uploads\/2026\/05\/e07d2705-1287-460e-8579-0cc62577d493-1024x768.jpeg\" alt=\"\" class=\"wp-image-57743 lazyload\" data-srcset=\"https:\/\/cvinoticias.com\/wp-content\/uploads\/2026\/05\/e07d2705-1287-460e-8579-0cc62577d493-1024x768.jpeg 1024w, https:\/\/cvinoticias.com\/wp-content\/uploads\/2026\/05\/e07d2705-1287-460e-8579-0cc62577d493-300x225.jpeg 300w, https:\/\/cvinoticias.com\/wp-content\/uploads\/2026\/05\/e07d2705-1287-460e-8579-0cc62577d493-768x576.jpeg 768w, https:\/\/cvinoticias.com\/wp-content\/uploads\/2026\/05\/e07d2705-1287-460e-8579-0cc62577d493-1536x1152.jpeg 1536w, https:\/\/cvinoticias.com\/wp-content\/uploads\/2026\/05\/e07d2705-1287-460e-8579-0cc62577d493.jpeg 1600w\" data-sizes=\"(max-width: 1024px) 100vw, 1024px\" src=\"data:image\/svg+xml;base64,PHN2ZyB3aWR0aD0iMSIgaGVpZ2h0PSIxIiB4bWxucz0iaHR0cDovL3d3dy53My5vcmcvMjAwMC9zdmciPjwvc3ZnPg==\" style=\"--smush-placeholder-width: 1024px; --smush-placeholder-aspect-ratio: 1024\/768;\" \/><\/a><\/figure>\n<\/figure>\n","protected":false},"excerpt":{"rendered":"<p>En el marco de la conmemoraci\u00f3n del D\u00eda del Trabajador, celebrado el pasado 1\u00b0 de mayo, la empresa CVI, con 37 a\u00f1os de trayectoria, llev\u00f3 adelante un agasajo destinado a todo su personal, en reconocimiento al compromiso y la labor diaria de quienes forman parte de la organizaci\u00f3n. La celebraci\u00f3n se desarroll\u00f3 durante la noche [&hellip;]<\/p>\n","protected":false},"author":2,"featured_media":57737,"comment_status":"open","ping_status":"closed","sticky":false,"template":"","format":"standard","meta":{"footnotes":""},"categories":[47],"tags":[767,2951,554,3829,3550],"class_list":["post-57736","post","type-post","status-publish","format-standard","has-post-thumbnail","hentry","category-sociedad","tag-celebrar","tag-cvi","tag-dia","tag-personal","tag-trabajador"],"yoast_head":"<!-- This site is optimized with the Yoast SEO plugin v27.5 - https:\/\/yoast.com\/product\/yoast-seo-wordpress\/ -->\n<title>CVI celebr\u00f3 el D\u00eda del Trabajador | CVI NOTICIAS<\/title>\n<meta name=\"description\" content=\"La empresa CVI agasaj\u00f3 a sus empleados por el D\u00eda del Trabajador con una celebraci\u00f3n en Iguaz\u00fa llena de m\u00fasica y asado.\" \/>\n<meta name=\"robots\" content=\"index, follow, max-snippet:-1, max-image-preview:large, max-video-preview:-1\" \/>\n<link rel=\"canonical\" href=\"https:\/\/cvinoticias.com\/v3\/cvi-celebro-el-dia-del-trabajador-con-un-agasajo-para-todo-su-personal\/\" \/>\n<meta property=\"og:locale\" content=\"es_ES\" \/>\n<meta property=\"og:type\" content=\"article\" \/>\n<meta property=\"og:title\" content=\"CVI celebr\u00f3 el D\u00eda del Trabajador | CVI NOTICIAS\" \/>\n<meta property=\"og:description\" content=\"La empresa CVI agasaj\u00f3 a sus empleados por el D\u00eda del Trabajador con una celebraci\u00f3n en Iguaz\u00fa llena de m\u00fasica y asado.\" \/>\n<meta property=\"og:url\" content=\"https:\/\/cvinoticias.com\/v3\/cvi-celebro-el-dia-del-trabajador-con-un-agasajo-para-todo-su-personal\/\" \/>\n<meta property=\"og:site_name\" content=\"CVI NOTICIAS\" \/>\n<meta property=\"article:publisher\" content=\"https:\/\/www.facebook.com\/cvinoticias\" \/>\n<meta property=\"article:published_time\" content=\"2026-05-02T14:57:52+00:00\" \/>\n<meta property=\"og:image\" content=\"https:\/\/cvinoticias.com\/wp-content\/uploads\/2026\/05\/5a182457-3fb0-457c-bae4-19f634daa2a5.jpeg\" \/>\n\t<meta property=\"og:image:width\" content=\"1600\" \/>\n\t<meta property=\"og:image:height\" content=\"900\" \/>\n\t<meta property=\"og:image:type\" content=\"image\/jpeg\" \/>\n<meta name=\"author\" content=\"f1000024\" \/>\n<meta name=\"twitter:card\" content=\"summary_large_image\" \/>\n<meta name=\"twitter:label1\" content=\"Escrito por\" \/>\n\t<meta name=\"twitter:data1\" content=\"f1000024\" \/>\n\t<meta name=\"twitter:label2\" content=\"Tiempo de lectura\" \/>\n\t<meta name=\"twitter:data2\" content=\"3 minutos\" \/>\n<script type=\"application\/ld+json\" class=\"yoast-schema-graph\">{\"@context\":\"https:\\\/\\\/schema.org\",\"@graph\":[{\"@type\":\"Article\",\"@id\":\"https:\\\/\\\/cvinoticias.com\\\/v3\\\/cvi-celebro-el-dia-del-trabajador-con-un-agasajo-para-todo-su-personal\\\/#article\",\"isPartOf\":{\"@id\":\"https:\\\/\\\/cvinoticias.com\\\/v3\\\/cvi-celebro-el-dia-del-trabajador-con-un-agasajo-para-todo-su-personal\\\/\"},\"author\":{\"name\":\"f1000024\",\"@id\":\"https:\\\/\\\/cvinoticias.com\\\/v3\\\/#\\\/schema\\\/person\\\/2db77e3c6bc03c538495d7b2b8be9b66\"},\"headline\":\"CVI celebr\u00f3 el D\u00eda del Trabajador con un agasajo para todo su personal\",\"datePublished\":\"2026-05-02T14:57:52+00:00\",\"mainEntityOfPage\":{\"@id\":\"https:\\\/\\\/cvinoticias.com\\\/v3\\\/cvi-celebro-el-dia-del-trabajador-con-un-agasajo-para-todo-su-personal\\\/\"},\"wordCount\":228,\"commentCount\":0,\"publisher\":{\"@id\":\"https:\\\/\\\/cvinoticias.com\\\/v3\\\/#organization\"},\"image\":{\"@id\":\"https:\\\/\\\/cvinoticias.com\\\/v3\\\/cvi-celebro-el-dia-del-trabajador-con-un-agasajo-para-todo-su-personal\\\/#primaryimage\"},\"thumbnailUrl\":\"https:\\\/\\\/cvinoticias.com\\\/wp-content\\\/uploads\\\/2026\\\/05\\\/5a182457-3fb0-457c-bae4-19f634daa2a5.jpeg\",\"keywords\":[\"Celebrar\",\"CVI\",\"D\u00eda\",\"personal\",\"Trabajador\"],\"articleSection\":[\"Sociedad\"],\"inLanguage\":\"es\",\"potentialAction\":[{\"@type\":\"CommentAction\",\"name\":\"Comment\",\"target\":[\"https:\\\/\\\/cvinoticias.com\\\/v3\\\/cvi-celebro-el-dia-del-trabajador-con-un-agasajo-para-todo-su-personal\\\/#respond\"]}]},{\"@type\":\"WebPage\",\"@id\":\"https:\\\/\\\/cvinoticias.com\\\/v3\\\/cvi-celebro-el-dia-del-trabajador-con-un-agasajo-para-todo-su-personal\\\/\",\"url\":\"https:\\\/\\\/cvinoticias.com\\\/v3\\\/cvi-celebro-el-dia-del-trabajador-con-un-agasajo-para-todo-su-personal\\\/\",\"name\":\"CVI celebr\u00f3 el D\u00eda del Trabajador | CVI NOTICIAS\",\"isPartOf\":{\"@id\":\"https:\\\/\\\/cvinoticias.com\\\/v3\\\/#website\"},\"primaryImageOfPage\":{\"@id\":\"https:\\\/\\\/cvinoticias.com\\\/v3\\\/cvi-celebro-el-dia-del-trabajador-con-un-agasajo-para-todo-su-personal\\\/#primaryimage\"},\"image\":{\"@id\":\"https:\\\/\\\/cvinoticias.com\\\/v3\\\/cvi-celebro-el-dia-del-trabajador-con-un-agasajo-para-todo-su-personal\\\/#primaryimage\"},\"thumbnailUrl\":\"https:\\\/\\\/cvinoticias.com\\\/wp-content\\\/uploads\\\/2026\\\/05\\\/5a182457-3fb0-457c-bae4-19f634daa2a5.jpeg\",\"datePublished\":\"2026-05-02T14:57:52+00:00\",\"description\":\"La empresa CVI agasaj\u00f3 a sus empleados por el D\u00eda del Trabajador con una celebraci\u00f3n en Iguaz\u00fa llena de m\u00fasica y asado.\",\"breadcrumb\":{\"@id\":\"https:\\\/\\\/cvinoticias.com\\\/v3\\\/cvi-celebro-el-dia-del-trabajador-con-un-agasajo-para-todo-su-personal\\\/#breadcrumb\"},\"inLanguage\":\"es\",\"potentialAction\":[{\"@type\":\"ReadAction\",\"target\":[\"https:\\\/\\\/cvinoticias.com\\\/v3\\\/cvi-celebro-el-dia-del-trabajador-con-un-agasajo-para-todo-su-personal\\\/\"]}]},{\"@type\":\"ImageObject\",\"inLanguage\":\"es\",\"@id\":\"https:\\\/\\\/cvinoticias.com\\\/v3\\\/cvi-celebro-el-dia-del-trabajador-con-un-agasajo-para-todo-su-personal\\\/#primaryimage\",\"url\":\"https:\\\/\\\/cvinoticias.com\\\/wp-content\\\/uploads\\\/2026\\\/05\\\/5a182457-3fb0-457c-bae4-19f634daa2a5.jpeg\",\"contentUrl\":\"https:\\\/\\\/cvinoticias.com\\\/wp-content\\\/uploads\\\/2026\\\/05\\\/5a182457-3fb0-457c-bae4-19f634daa2a5.jpeg\",\"width\":1600,\"height\":900},{\"@type\":\"BreadcrumbList\",\"@id\":\"https:\\\/\\\/cvinoticias.com\\\/v3\\\/cvi-celebro-el-dia-del-trabajador-con-un-agasajo-para-todo-su-personal\\\/#breadcrumb\",\"itemListElement\":[{\"@type\":\"ListItem\",\"position\":1,\"name\":\"Portada\",\"item\":\"https:\\\/\\\/cvinoticias.com\\\/v3\\\/\"},{\"@type\":\"ListItem\",\"position\":2,\"name\":\"CVI celebr\u00f3 el D\u00eda del Trabajador con un agasajo para todo su personal\"}]},{\"@type\":\"WebSite\",\"@id\":\"https:\\\/\\\/cvinoticias.com\\\/v3\\\/#website\",\"url\":\"https:\\\/\\\/cvinoticias.com\\\/v3\\\/\",\"name\":\"CVI NOTICIAS\",\"description\":\"\",\"publisher\":{\"@id\":\"https:\\\/\\\/cvinoticias.com\\\/v3\\\/#organization\"},\"alternateName\":\"CVI\",\"potentialAction\":[{\"@type\":\"SearchAction\",\"target\":{\"@type\":\"EntryPoint\",\"urlTemplate\":\"https:\\\/\\\/cvinoticias.com\\\/v3\\\/?s={search_term_string}\"},\"query-input\":{\"@type\":\"PropertyValueSpecification\",\"valueRequired\":true,\"valueName\":\"search_term_string\"}}],\"inLanguage\":\"es\"},{\"@type\":\"Organization\",\"@id\":\"https:\\\/\\\/cvinoticias.com\\\/v3\\\/#organization\",\"name\":\"CVI NOTICIAS\",\"url\":\"https:\\\/\\\/cvinoticias.com\\\/v3\\\/\",\"logo\":{\"@type\":\"ImageObject\",\"inLanguage\":\"es\",\"@id\":\"https:\\\/\\\/cvinoticias.com\\\/v3\\\/#\\\/schema\\\/logo\\\/image\\\/\",\"url\":\"https:\\\/\\\/cvinoticias.com\\\/wp-content\\\/uploads\\\/2023\\\/04\\\/cropped-cropped-cropped-cropped-cropped-3-1.png\",\"contentUrl\":\"https:\\\/\\\/cvinoticias.com\\\/wp-content\\\/uploads\\\/2023\\\/04\\\/cropped-cropped-cropped-cropped-cropped-3-1.png\",\"width\":95,\"height\":122,\"caption\":\"CVI NOTICIAS\"},\"image\":{\"@id\":\"https:\\\/\\\/cvinoticias.com\\\/v3\\\/#\\\/schema\\\/logo\\\/image\\\/\"},\"sameAs\":[\"https:\\\/\\\/www.facebook.com\\\/cvinoticias\",\"https:\\\/\\\/www.instagram.com\\\/cvinoticias\\\/\",\"https:\\\/\\\/www.youtube.com\\\/@CVINOTICIAS\"]},{\"@type\":\"Person\",\"@id\":\"https:\\\/\\\/cvinoticias.com\\\/v3\\\/#\\\/schema\\\/person\\\/2db77e3c6bc03c538495d7b2b8be9b66\",\"name\":\"f1000024\",\"image\":{\"@type\":\"ImageObject\",\"inLanguage\":\"es\",\"@id\":\"https:\\\/\\\/secure.gravatar.com\\\/avatar\\\/d4fe7459cfc51ff5129ce1a732bbef5928568b8092d412ef95611616376bbeed?s=96&d=mm&r=g\",\"url\":\"https:\\\/\\\/secure.gravatar.com\\\/avatar\\\/d4fe7459cfc51ff5129ce1a732bbef5928568b8092d412ef95611616376bbeed?s=96&d=mm&r=g\",\"contentUrl\":\"https:\\\/\\\/secure.gravatar.com\\\/avatar\\\/d4fe7459cfc51ff5129ce1a732bbef5928568b8092d412ef95611616376bbeed?s=96&d=mm&r=g\",\"caption\":\"f1000024\"},\"url\":\"https:\\\/\\\/cvinoticias.com\\\/v3\\\/author\\\/f1000024\\\/\"}]}<\/script>\n<!-- \/ Yoast SEO plugin. -->","yoast_head_json":{"title":"CVI celebr\u00f3 el D\u00eda del Trabajador | CVI NOTICIAS","description":"La empresa CVI agasaj\u00f3 a sus empleados por el D\u00eda del Trabajador con una celebraci\u00f3n en Iguaz\u00fa llena de m\u00fasica y asado.","robots":{"index":"index","follow":"follow","max-snippet":"max-snippet:-1","max-image-preview":"max-image-preview:large","max-video-preview":"max-video-preview:-1"},"canonical":"https:\/\/cvinoticias.com\/v3\/cvi-celebro-el-dia-del-trabajador-con-un-agasajo-para-todo-su-personal\/","og_locale":"es_ES","og_type":"article","og_title":"CVI celebr\u00f3 el D\u00eda del Trabajador | CVI NOTICIAS","og_description":"La empresa CVI agasaj\u00f3 a sus empleados por el D\u00eda del Trabajador con una celebraci\u00f3n en Iguaz\u00fa llena de m\u00fasica y asado.","og_url":"https:\/\/cvinoticias.com\/v3\/cvi-celebro-el-dia-del-trabajador-con-un-agasajo-para-todo-su-personal\/","og_site_name":"CVI NOTICIAS","article_publisher":"https:\/\/www.facebook.com\/cvinoticias","article_published_time":"2026-05-02T14:57:52+00:00","og_image":[{"width":1600,"height":900,"url":"https:\/\/cvinoticias.com\/wp-content\/uploads\/2026\/05\/5a182457-3fb0-457c-bae4-19f634daa2a5.jpeg","type":"image\/jpeg"}],"author":"f1000024","twitter_card":"summary_large_image","twitter_misc":{"Escrito por":"f1000024","Tiempo de lectura":"3 minutos"},"schema":{"@context":"https:\/\/schema.org","@graph":[{"@type":"Article","@id":"https:\/\/cvinoticias.com\/v3\/cvi-celebro-el-dia-del-trabajador-con-un-agasajo-para-todo-su-personal\/#article","isPartOf":{"@id":"https:\/\/cvinoticias.com\/v3\/cvi-celebro-el-dia-del-trabajador-con-un-agasajo-para-todo-su-personal\/"},"author":{"name":"f1000024","@id":"https:\/\/cvinoticias.com\/v3\/#\/schema\/person\/2db77e3c6bc03c538495d7b2b8be9b66"},"headline":"CVI celebr\u00f3 el D\u00eda del Trabajador con un agasajo para todo su personal","datePublished":"2026-05-02T14:57:52+00:00","mainEntityOfPage":{"@id":"https:\/\/cvinoticias.com\/v3\/cvi-celebro-el-dia-del-trabajador-con-un-agasajo-para-todo-su-personal\/"},"wordCount":228,"commentCount":0,"publisher":{"@id":"https:\/\/cvinoticias.com\/v3\/#organization"},"image":{"@id":"https:\/\/cvinoticias.com\/v3\/cvi-celebro-el-dia-del-trabajador-con-un-agasajo-para-todo-su-personal\/#primaryimage"},"thumbnailUrl":"https:\/\/cvinoticias.com\/wp-content\/uploads\/2026\/05\/5a182457-3fb0-457c-bae4-19f634daa2a5.jpeg","keywords":["Celebrar","CVI","D\u00eda","personal","Trabajador"],"articleSection":["Sociedad"],"inLanguage":"es","potentialAction":[{"@type":"CommentAction","name":"Comment","target":["https:\/\/cvinoticias.com\/v3\/cvi-celebro-el-dia-del-trabajador-con-un-agasajo-para-todo-su-personal\/#respond"]}]},{"@type":"WebPage","@id":"https:\/\/cvinoticias.com\/v3\/cvi-celebro-el-dia-del-trabajador-con-un-agasajo-para-todo-su-personal\/","url":"https:\/\/cvinoticias.com\/v3\/cvi-celebro-el-dia-del-trabajador-con-un-agasajo-para-todo-su-personal\/","name":"CVI celebr\u00f3 el D\u00eda del Trabajador | CVI NOTICIAS","isPartOf":{"@id":"https:\/\/cvinoticias.com\/v3\/#website"},"primaryImageOfPage":{"@id":"https:\/\/cvinoticias.com\/v3\/cvi-celebro-el-dia-del-trabajador-con-un-agasajo-para-todo-su-personal\/#primaryimage"},"image":{"@id":"https:\/\/cvinoticias.com\/v3\/cvi-celebro-el-dia-del-trabajador-con-un-agasajo-para-todo-su-personal\/#primaryimage"},"thumbnailUrl":"https:\/\/cvinoticias.com\/wp-content\/uploads\/2026\/05\/5a182457-3fb0-457c-bae4-19f634daa2a5.jpeg","datePublished":"2026-05-02T14:57:52+00:00","description":"La empresa CVI agasaj\u00f3 a sus empleados por el D\u00eda del Trabajador con una celebraci\u00f3n en Iguaz\u00fa llena de m\u00fasica y asado.","breadcrumb":{"@id":"https:\/\/cvinoticias.com\/v3\/cvi-celebro-el-dia-del-trabajador-con-un-agasajo-para-todo-su-personal\/#breadcrumb"},"inLanguage":"es","potentialAction":[{"@type":"ReadAction","target":["https:\/\/cvinoticias.com\/v3\/cvi-celebro-el-dia-del-trabajador-con-un-agasajo-para-todo-su-personal\/"]}]},{"@type":"ImageObject","inLanguage":"es","@id":"https:\/\/cvinoticias.com\/v3\/cvi-celebro-el-dia-del-trabajador-con-un-agasajo-para-todo-su-personal\/#primaryimage","url":"https:\/\/cvinoticias.com\/wp-content\/uploads\/2026\/05\/5a182457-3fb0-457c-bae4-19f634daa2a5.jpeg","contentUrl":"https:\/\/cvinoticias.com\/wp-content\/uploads\/2026\/05\/5a182457-3fb0-457c-bae4-19f634daa2a5.jpeg","width":1600,"height":900},{"@type":"BreadcrumbList","@id":"https:\/\/cvinoticias.com\/v3\/cvi-celebro-el-dia-del-trabajador-con-un-agasajo-para-todo-su-personal\/#breadcrumb","itemListElement":[{"@type":"ListItem","position":1,"name":"Portada","item":"https:\/\/cvinoticias.com\/v3\/"},{"@type":"ListItem","position":2,"name":"CVI celebr\u00f3 el D\u00eda del Trabajador con un agasajo para todo su personal"}]},{"@type":"WebSite","@id":"https:\/\/cvinoticias.com\/v3\/#website","url":"https:\/\/cvinoticias.com\/v3\/","name":"CVI NOTICIAS","description":"","publisher":{"@id":"https:\/\/cvinoticias.com\/v3\/#organization"},"alternateName":"CVI","potentialAction":[{"@type":"SearchAction","target":{"@type":"EntryPoint","urlTemplate":"https:\/\/cvinoticias.com\/v3\/?s={search_term_string}"},"query-input":{"@type":"PropertyValueSpecification","valueRequired":true,"valueName":"search_term_string"}}],"inLanguage":"es"},{"@type":"Organization","@id":"https:\/\/cvinoticias.com\/v3\/#organization","name":"CVI NOTICIAS","url":"https:\/\/cvinoticias.com\/v3\/","logo":{"@type":"ImageObject","inLanguage":"es","@id":"https:\/\/cvinoticias.com\/v3\/#\/schema\/logo\/image\/","url":"https:\/\/cvinoticias.com\/wp-content\/uploads\/2023\/04\/cropped-cropped-cropped-cropped-cropped-3-1.png","contentUrl":"https:\/\/cvinoticias.com\/wp-content\/uploads\/2023\/04\/cropped-cropped-cropped-cropped-cropped-3-1.png","width":95,"height":122,"caption":"CVI NOTICIAS"},"image":{"@id":"https:\/\/cvinoticias.com\/v3\/#\/schema\/logo\/image\/"},"sameAs":["https:\/\/www.facebook.com\/cvinoticias","https:\/\/www.instagram.com\/cvinoticias\/","https:\/\/www.youtube.com\/@CVINOTICIAS"]},{"@type":"Person","@id":"https:\/\/cvinoticias.com\/v3\/#\/schema\/person\/2db77e3c6bc03c538495d7b2b8be9b66","name":"f1000024","image":{"@type":"ImageObject","inLanguage":"es","@id":"https:\/\/secure.gravatar.com\/avatar\/d4fe7459cfc51ff5129ce1a732bbef5928568b8092d412ef95611616376bbeed?s=96&d=mm&r=g","url":"https:\/\/secure.gravatar.com\/avatar\/d4fe7459cfc51ff5129ce1a732bbef5928568b8092d412ef95611616376bbeed?s=96&d=mm&r=g","contentUrl":"https:\/\/secure.gravatar.com\/avatar\/d4fe7459cfc51ff5129ce1a732bbef5928568b8092d412ef95611616376bbeed?s=96&d=mm&r=g","caption":"f1000024"},"url":"https:\/\/cvinoticias.com\/v3\/author\/f1000024\/"}]}},"_links":{"self":[{"href":"https:\/\/cvinoticias.com\/v3\/wp-json\/wp\/v2\/posts\/57736","targetHints":{"allow":["GET"]}}],"collection":[{"href":"https:\/\/cvinoticias.com\/v3\/wp-json\/wp\/v2\/posts"}],"about":[{"href":"https:\/\/cvinoticias.com\/v3\/wp-json\/wp\/v2\/types\/post"}],"author":[{"embeddable":true,"href":"https:\/\/cvinoticias.com\/v3\/wp-json\/wp\/v2\/users\/2"}],"replies":[{"embeddable":true,"href":"https:\/\/cvinoticias.com\/v3\/wp-json\/wp\/v2\/comments?post=57736"}],"version-history":[{"count":1,"href":"https:\/\/cvinoticias.com\/v3\/wp-json\/wp\/v2\/posts\/57736\/revisions"}],"predecessor-version":[{"id":57744,"href":"https:\/\/cvinoticias.com\/v3\/wp-json\/wp\/v2\/posts\/57736\/revisions\/57744"}],"wp:featuredmedia":[{"embeddable":true,"href":"https:\/\/cvinoticias.com\/v3\/wp-json\/wp\/v2\/media\/57737"}],"wp:attachment":[{"href":"https:\/\/cvinoticias.com\/v3\/wp-json\/wp\/v2\/media?parent=57736"}],"wp:term":[{"taxonomy":"category","embeddable":true,"href":"https:\/\/cvinoticias.com\/v3\/wp-json\/wp\/v2\/categories?post=57736"},{"taxonomy":"post_tag","embeddable":true,"href":"https:\/\/cvinoticias.com\/v3\/wp-json\/wp\/v2\/tags?post=57736"}],"curies":[{"name":"wp","href":"https:\/\/api.w.org\/{rel}","templated":true}]}}