{"id":5773,"date":"2021-06-09T11:47:42","date_gmt":"2021-06-09T11:47:42","guid":{"rendered":"https:\/\/cvinoticias.com\/v3\/?p=5773"},"modified":"2021-06-09T11:47:42","modified_gmt":"2021-06-09T11:47:42","slug":"vacunan-a-los-presos-mayores-de-40-anos-y-con-factores-de-riesgo","status":"publish","type":"post","link":"https:\/\/cvinoticias.com\/v3\/vacunan-a-los-presos-mayores-de-40-anos-y-con-factores-de-riesgo\/","title":{"rendered":"Vacunan a los presos mayores de 40 a\u00f1os y con factores de riesgo"},"content":{"rendered":"\n<p><strong><em>En la actualidad, hay un brote controlado en Unidad Penal de Ober\u00e1 con seis internos contagiados -uno de ellos ya dio negativo ayer- y dos agentes penitenciarios. Todos est\u00e1n aislados y bajo tratamiento.<\/em><\/strong><\/p>\n\n\n\n<p><strong>Misiones comienza hoy a vacunar contra el COVID-19 a los internos de todas las unidades penales de la provincia, a excepci\u00f3n de la unidad de menores<\/strong>. Seg\u00fan confirmaron el ministro de Salud P\u00fablica, Oscar Alarc\u00f3n, y el responsable de inmunizaciones, Roberto Lima, <strong> <\/strong>se vacunar\u00e1 a los\u00a0<strong>mayores de 40 a\u00f1os y a los presos con factores de riesgo.<\/strong><\/p>\n\n\n\n<p>Para ello, se utilizar\u00e1 la vacuna&nbsp;<strong>AstraZeneca<\/strong>&nbsp;que viene en frascos de diez dosis y que no requiere temperaturas tan bajas de conservaci\u00f3n (de 2 a 8 cent\u00edgrados).<\/p>\n\n\n\n<p>La decisi\u00f3n de inmunizar a los internos se tom\u00f3\u00a0en medio del brote en la Unidad Penal II de Ober\u00e1\u00a0donde en los \u00faltimos d\u00edas\u00a0dieron positivo seis internos (uno de ellos, que estuvo internado, ayer ya dio negativo) y dos agentes penitenciarios. Seg\u00fan confirm\u00f3 el ministro Alarc\u00f3n, los internos fueron aislados de sus pares, ya iniciaron tratamiento con Ivermectina y se mantienen\u00a0asintom\u00e1ticos.<\/p>\n\n\n\n<p>En tanto, tambi\u00e9n est\u00e1n aislados los dos agentes penitenciarios de Ober\u00e1 que dieron positivo para coronavirus y, a diferencia de los internos, s\u00ed manifiestan s\u00edntomas pero estos son leves.<\/p>\n","protected":false},"excerpt":{"rendered":"<p>En la actualidad, hay un brote controlado en Unidad Penal de Ober\u00e1 con seis internos contagiados -uno de ellos ya dio negativo ayer- y dos agentes penitenciarios. Todos est\u00e1n aislados y bajo tratamiento. Misiones comienza hoy a vacunar contra el COVID-19 a los internos de todas las unidades penales de la provincia, a excepci\u00f3n de [&hellip;]<\/p>\n","protected":false},"author":2,"featured_media":5774,"comment_status":"open","ping_status":"open","sticky":false,"template":"","format":"standard","meta":{"footnotes":""},"categories":[23],"tags":[],"class_list":["post-5773","post","type-post","status-publish","format-standard","has-post-thumbnail","hentry","category-covid-19"],"yoast_head":"<!-- This site is optimized with the Yoast SEO plugin v27.5 - https:\/\/yoast.com\/product\/yoast-seo-wordpress\/ -->\n<title>Vacunan a los presos mayores de 40 a\u00f1os y con factores de riesgo | CVI NOTICIAS<\/title>\n<meta name=\"robots\" content=\"index, follow, max-snippet:-1, max-image-preview:large, max-video-preview:-1\" \/>\n<link rel=\"canonical\" href=\"https:\/\/cvinoticias.com\/v3\/vacunan-a-los-presos-mayores-de-40-anos-y-con-factores-de-riesgo\/\" \/>\n<meta property=\"og:locale\" content=\"es_ES\" \/>\n<meta property=\"og:type\" content=\"article\" \/>\n<meta property=\"og:title\" content=\"Vacunan a los presos mayores de 40 a\u00f1os y con factores de riesgo | CVI NOTICIAS\" \/>\n<meta property=\"og:description\" content=\"En la actualidad, hay un brote controlado en Unidad Penal de Ober\u00e1 con seis internos contagiados -uno de ellos ya dio negativo ayer- y dos agentes penitenciarios. Todos est\u00e1n aislados y bajo tratamiento. Misiones comienza hoy a vacunar contra el COVID-19 a los internos de todas las unidades penales de la provincia, a excepci\u00f3n de [&hellip;]\" \/>\n<meta property=\"og:url\" content=\"https:\/\/cvinoticias.com\/v3\/vacunan-a-los-presos-mayores-de-40-anos-y-con-factores-de-riesgo\/\" \/>\n<meta property=\"og:site_name\" content=\"CVI NOTICIAS\" \/>\n<meta property=\"article:publisher\" content=\"https:\/\/www.facebook.com\/cvinoticias\" \/>\n<meta property=\"article:published_time\" content=\"2021-06-09T11:47:42+00:00\" \/>\n<meta property=\"og:image\" content=\"https:\/\/cvinoticias.com\/wp-content\/uploads\/2021\/06\/file_20210129121344.jpg\" \/>\n\t<meta property=\"og:image:width\" content=\"710\" \/>\n\t<meta property=\"og:image:height\" content=\"399\" \/>\n\t<meta property=\"og:image:type\" content=\"image\/jpeg\" \/>\n<meta name=\"author\" content=\"f1000024\" \/>\n<meta name=\"twitter:card\" content=\"summary_large_image\" \/>\n<meta name=\"twitter:label1\" content=\"Escrito por\" \/>\n\t<meta name=\"twitter:data1\" content=\"f1000024\" \/>\n\t<meta name=\"twitter:label2\" content=\"Tiempo de lectura\" \/>\n\t<meta name=\"twitter:data2\" content=\"1 minuto\" \/>\n<script type=\"application\/ld+json\" class=\"yoast-schema-graph\">{\"@context\":\"https:\\\/\\\/schema.org\",\"@graph\":[{\"@type\":\"Article\",\"@id\":\"https:\\\/\\\/cvinoticias.com\\\/v3\\\/vacunan-a-los-presos-mayores-de-40-anos-y-con-factores-de-riesgo\\\/#article\",\"isPartOf\":{\"@id\":\"https:\\\/\\\/cvinoticias.com\\\/v3\\\/vacunan-a-los-presos-mayores-de-40-anos-y-con-factores-de-riesgo\\\/\"},\"author\":{\"name\":\"f1000024\",\"@id\":\"https:\\\/\\\/cvinoticias.com\\\/v3\\\/#\\\/schema\\\/person\\\/2db77e3c6bc03c538495d7b2b8be9b66\"},\"headline\":\"Vacunan a los presos mayores de 40 a\u00f1os y con factores de riesgo\",\"datePublished\":\"2021-06-09T11:47:42+00:00\",\"mainEntityOfPage\":{\"@id\":\"https:\\\/\\\/cvinoticias.com\\\/v3\\\/vacunan-a-los-presos-mayores-de-40-anos-y-con-factores-de-riesgo\\\/\"},\"wordCount\":240,\"commentCount\":0,\"publisher\":{\"@id\":\"https:\\\/\\\/cvinoticias.com\\\/v3\\\/#organization\"},\"image\":{\"@id\":\"https:\\\/\\\/cvinoticias.com\\\/v3\\\/vacunan-a-los-presos-mayores-de-40-anos-y-con-factores-de-riesgo\\\/#primaryimage\"},\"thumbnailUrl\":\"https:\\\/\\\/cvinoticias.com\\\/wp-content\\\/uploads\\\/2021\\\/06\\\/file_20210129121344.jpg\",\"articleSection\":[\"Covid-19\"],\"inLanguage\":\"es\",\"potentialAction\":[{\"@type\":\"CommentAction\",\"name\":\"Comment\",\"target\":[\"https:\\\/\\\/cvinoticias.com\\\/v3\\\/vacunan-a-los-presos-mayores-de-40-anos-y-con-factores-de-riesgo\\\/#respond\"]}]},{\"@type\":\"WebPage\",\"@id\":\"https:\\\/\\\/cvinoticias.com\\\/v3\\\/vacunan-a-los-presos-mayores-de-40-anos-y-con-factores-de-riesgo\\\/\",\"url\":\"https:\\\/\\\/cvinoticias.com\\\/v3\\\/vacunan-a-los-presos-mayores-de-40-anos-y-con-factores-de-riesgo\\\/\",\"name\":\"Vacunan a los presos mayores de 40 a\u00f1os y con factores de riesgo | CVI NOTICIAS\",\"isPartOf\":{\"@id\":\"https:\\\/\\\/cvinoticias.com\\\/v3\\\/#website\"},\"primaryImageOfPage\":{\"@id\":\"https:\\\/\\\/cvinoticias.com\\\/v3\\\/vacunan-a-los-presos-mayores-de-40-anos-y-con-factores-de-riesgo\\\/#primaryimage\"},\"image\":{\"@id\":\"https:\\\/\\\/cvinoticias.com\\\/v3\\\/vacunan-a-los-presos-mayores-de-40-anos-y-con-factores-de-riesgo\\\/#primaryimage\"},\"thumbnailUrl\":\"https:\\\/\\\/cvinoticias.com\\\/wp-content\\\/uploads\\\/2021\\\/06\\\/file_20210129121344.jpg\",\"datePublished\":\"2021-06-09T11:47:42+00:00\",\"breadcrumb\":{\"@id\":\"https:\\\/\\\/cvinoticias.com\\\/v3\\\/vacunan-a-los-presos-mayores-de-40-anos-y-con-factores-de-riesgo\\\/#breadcrumb\"},\"inLanguage\":\"es\",\"potentialAction\":[{\"@type\":\"ReadAction\",\"target\":[\"https:\\\/\\\/cvinoticias.com\\\/v3\\\/vacunan-a-los-presos-mayores-de-40-anos-y-con-factores-de-riesgo\\\/\"]}]},{\"@type\":\"ImageObject\",\"inLanguage\":\"es\",\"@id\":\"https:\\\/\\\/cvinoticias.com\\\/v3\\\/vacunan-a-los-presos-mayores-de-40-anos-y-con-factores-de-riesgo\\\/#primaryimage\",\"url\":\"https:\\\/\\\/cvinoticias.com\\\/wp-content\\\/uploads\\\/2021\\\/06\\\/file_20210129121344.jpg\",\"contentUrl\":\"https:\\\/\\\/cvinoticias.com\\\/wp-content\\\/uploads\\\/2021\\\/06\\\/file_20210129121344.jpg\",\"width\":710,\"height\":399},{\"@type\":\"BreadcrumbList\",\"@id\":\"https:\\\/\\\/cvinoticias.com\\\/v3\\\/vacunan-a-los-presos-mayores-de-40-anos-y-con-factores-de-riesgo\\\/#breadcrumb\",\"itemListElement\":[{\"@type\":\"ListItem\",\"position\":1,\"name\":\"Portada\",\"item\":\"https:\\\/\\\/cvinoticias.com\\\/v3\\\/\"},{\"@type\":\"ListItem\",\"position\":2,\"name\":\"Vacunan a los presos mayores de 40 a\u00f1os y con factores de riesgo\"}]},{\"@type\":\"WebSite\",\"@id\":\"https:\\\/\\\/cvinoticias.com\\\/v3\\\/#website\",\"url\":\"https:\\\/\\\/cvinoticias.com\\\/v3\\\/\",\"name\":\"CVI NOTICIAS\",\"description\":\"\",\"publisher\":{\"@id\":\"https:\\\/\\\/cvinoticias.com\\\/v3\\\/#organization\"},\"alternateName\":\"CVI\",\"potentialAction\":[{\"@type\":\"SearchAction\",\"target\":{\"@type\":\"EntryPoint\",\"urlTemplate\":\"https:\\\/\\\/cvinoticias.com\\\/v3\\\/?s={search_term_string}\"},\"query-input\":{\"@type\":\"PropertyValueSpecification\",\"valueRequired\":true,\"valueName\":\"search_term_string\"}}],\"inLanguage\":\"es\"},{\"@type\":\"Organization\",\"@id\":\"https:\\\/\\\/cvinoticias.com\\\/v3\\\/#organization\",\"name\":\"CVI NOTICIAS\",\"url\":\"https:\\\/\\\/cvinoticias.com\\\/v3\\\/\",\"logo\":{\"@type\":\"ImageObject\",\"inLanguage\":\"es\",\"@id\":\"https:\\\/\\\/cvinoticias.com\\\/v3\\\/#\\\/schema\\\/logo\\\/image\\\/\",\"url\":\"https:\\\/\\\/cvinoticias.com\\\/wp-content\\\/uploads\\\/2023\\\/04\\\/cropped-cropped-cropped-cropped-cropped-3-1.png\",\"contentUrl\":\"https:\\\/\\\/cvinoticias.com\\\/wp-content\\\/uploads\\\/2023\\\/04\\\/cropped-cropped-cropped-cropped-cropped-3-1.png\",\"width\":95,\"height\":122,\"caption\":\"CVI NOTICIAS\"},\"image\":{\"@id\":\"https:\\\/\\\/cvinoticias.com\\\/v3\\\/#\\\/schema\\\/logo\\\/image\\\/\"},\"sameAs\":[\"https:\\\/\\\/www.facebook.com\\\/cvinoticias\",\"https:\\\/\\\/www.instagram.com\\\/cvinoticias\\\/\",\"https:\\\/\\\/www.youtube.com\\\/@CVINOTICIAS\"]},{\"@type\":\"Person\",\"@id\":\"https:\\\/\\\/cvinoticias.com\\\/v3\\\/#\\\/schema\\\/person\\\/2db77e3c6bc03c538495d7b2b8be9b66\",\"name\":\"f1000024\",\"image\":{\"@type\":\"ImageObject\",\"inLanguage\":\"es\",\"@id\":\"https:\\\/\\\/secure.gravatar.com\\\/avatar\\\/d4fe7459cfc51ff5129ce1a732bbef5928568b8092d412ef95611616376bbeed?s=96&d=mm&r=g\",\"url\":\"https:\\\/\\\/secure.gravatar.com\\\/avatar\\\/d4fe7459cfc51ff5129ce1a732bbef5928568b8092d412ef95611616376bbeed?s=96&d=mm&r=g\",\"contentUrl\":\"https:\\\/\\\/secure.gravatar.com\\\/avatar\\\/d4fe7459cfc51ff5129ce1a732bbef5928568b8092d412ef95611616376bbeed?s=96&d=mm&r=g\",\"caption\":\"f1000024\"},\"url\":\"https:\\\/\\\/cvinoticias.com\\\/v3\\\/author\\\/f1000024\\\/\"}]}<\/script>\n<!-- \/ Yoast SEO plugin. -->","yoast_head_json":{"title":"Vacunan a los presos mayores de 40 a\u00f1os y con factores de riesgo | CVI NOTICIAS","robots":{"index":"index","follow":"follow","max-snippet":"max-snippet:-1","max-image-preview":"max-image-preview:large","max-video-preview":"max-video-preview:-1"},"canonical":"https:\/\/cvinoticias.com\/v3\/vacunan-a-los-presos-mayores-de-40-anos-y-con-factores-de-riesgo\/","og_locale":"es_ES","og_type":"article","og_title":"Vacunan a los presos mayores de 40 a\u00f1os y con factores de riesgo | CVI NOTICIAS","og_description":"En la actualidad, hay un brote controlado en Unidad Penal de Ober\u00e1 con seis internos contagiados -uno de ellos ya dio negativo ayer- y dos agentes penitenciarios. Todos est\u00e1n aislados y bajo tratamiento. Misiones comienza hoy a vacunar contra el COVID-19 a los internos de todas las unidades penales de la provincia, a excepci\u00f3n de [&hellip;]","og_url":"https:\/\/cvinoticias.com\/v3\/vacunan-a-los-presos-mayores-de-40-anos-y-con-factores-de-riesgo\/","og_site_name":"CVI NOTICIAS","article_publisher":"https:\/\/www.facebook.com\/cvinoticias","article_published_time":"2021-06-09T11:47:42+00:00","og_image":[{"width":710,"height":399,"url":"https:\/\/cvinoticias.com\/wp-content\/uploads\/2021\/06\/file_20210129121344.jpg","type":"image\/jpeg"}],"author":"f1000024","twitter_card":"summary_large_image","twitter_misc":{"Escrito por":"f1000024","Tiempo de lectura":"1 minuto"},"schema":{"@context":"https:\/\/schema.org","@graph":[{"@type":"Article","@id":"https:\/\/cvinoticias.com\/v3\/vacunan-a-los-presos-mayores-de-40-anos-y-con-factores-de-riesgo\/#article","isPartOf":{"@id":"https:\/\/cvinoticias.com\/v3\/vacunan-a-los-presos-mayores-de-40-anos-y-con-factores-de-riesgo\/"},"author":{"name":"f1000024","@id":"https:\/\/cvinoticias.com\/v3\/#\/schema\/person\/2db77e3c6bc03c538495d7b2b8be9b66"},"headline":"Vacunan a los presos mayores de 40 a\u00f1os y con factores de riesgo","datePublished":"2021-06-09T11:47:42+00:00","mainEntityOfPage":{"@id":"https:\/\/cvinoticias.com\/v3\/vacunan-a-los-presos-mayores-de-40-anos-y-con-factores-de-riesgo\/"},"wordCount":240,"commentCount":0,"publisher":{"@id":"https:\/\/cvinoticias.com\/v3\/#organization"},"image":{"@id":"https:\/\/cvinoticias.com\/v3\/vacunan-a-los-presos-mayores-de-40-anos-y-con-factores-de-riesgo\/#primaryimage"},"thumbnailUrl":"https:\/\/cvinoticias.com\/wp-content\/uploads\/2021\/06\/file_20210129121344.jpg","articleSection":["Covid-19"],"inLanguage":"es","potentialAction":[{"@type":"CommentAction","name":"Comment","target":["https:\/\/cvinoticias.com\/v3\/vacunan-a-los-presos-mayores-de-40-anos-y-con-factores-de-riesgo\/#respond"]}]},{"@type":"WebPage","@id":"https:\/\/cvinoticias.com\/v3\/vacunan-a-los-presos-mayores-de-40-anos-y-con-factores-de-riesgo\/","url":"https:\/\/cvinoticias.com\/v3\/vacunan-a-los-presos-mayores-de-40-anos-y-con-factores-de-riesgo\/","name":"Vacunan a los presos mayores de 40 a\u00f1os y con factores de riesgo | CVI NOTICIAS","isPartOf":{"@id":"https:\/\/cvinoticias.com\/v3\/#website"},"primaryImageOfPage":{"@id":"https:\/\/cvinoticias.com\/v3\/vacunan-a-los-presos-mayores-de-40-anos-y-con-factores-de-riesgo\/#primaryimage"},"image":{"@id":"https:\/\/cvinoticias.com\/v3\/vacunan-a-los-presos-mayores-de-40-anos-y-con-factores-de-riesgo\/#primaryimage"},"thumbnailUrl":"https:\/\/cvinoticias.com\/wp-content\/uploads\/2021\/06\/file_20210129121344.jpg","datePublished":"2021-06-09T11:47:42+00:00","breadcrumb":{"@id":"https:\/\/cvinoticias.com\/v3\/vacunan-a-los-presos-mayores-de-40-anos-y-con-factores-de-riesgo\/#breadcrumb"},"inLanguage":"es","potentialAction":[{"@type":"ReadAction","target":["https:\/\/cvinoticias.com\/v3\/vacunan-a-los-presos-mayores-de-40-anos-y-con-factores-de-riesgo\/"]}]},{"@type":"ImageObject","inLanguage":"es","@id":"https:\/\/cvinoticias.com\/v3\/vacunan-a-los-presos-mayores-de-40-anos-y-con-factores-de-riesgo\/#primaryimage","url":"https:\/\/cvinoticias.com\/wp-content\/uploads\/2021\/06\/file_20210129121344.jpg","contentUrl":"https:\/\/cvinoticias.com\/wp-content\/uploads\/2021\/06\/file_20210129121344.jpg","width":710,"height":399},{"@type":"BreadcrumbList","@id":"https:\/\/cvinoticias.com\/v3\/vacunan-a-los-presos-mayores-de-40-anos-y-con-factores-de-riesgo\/#breadcrumb","itemListElement":[{"@type":"ListItem","position":1,"name":"Portada","item":"https:\/\/cvinoticias.com\/v3\/"},{"@type":"ListItem","position":2,"name":"Vacunan a los presos mayores de 40 a\u00f1os y con factores de riesgo"}]},{"@type":"WebSite","@id":"https:\/\/cvinoticias.com\/v3\/#website","url":"https:\/\/cvinoticias.com\/v3\/","name":"CVI NOTICIAS","description":"","publisher":{"@id":"https:\/\/cvinoticias.com\/v3\/#organization"},"alternateName":"CVI","potentialAction":[{"@type":"SearchAction","target":{"@type":"EntryPoint","urlTemplate":"https:\/\/cvinoticias.com\/v3\/?s={search_term_string}"},"query-input":{"@type":"PropertyValueSpecification","valueRequired":true,"valueName":"search_term_string"}}],"inLanguage":"es"},{"@type":"Organization","@id":"https:\/\/cvinoticias.com\/v3\/#organization","name":"CVI NOTICIAS","url":"https:\/\/cvinoticias.com\/v3\/","logo":{"@type":"ImageObject","inLanguage":"es","@id":"https:\/\/cvinoticias.com\/v3\/#\/schema\/logo\/image\/","url":"https:\/\/cvinoticias.com\/wp-content\/uploads\/2023\/04\/cropped-cropped-cropped-cropped-cropped-3-1.png","contentUrl":"https:\/\/cvinoticias.com\/wp-content\/uploads\/2023\/04\/cropped-cropped-cropped-cropped-cropped-3-1.png","width":95,"height":122,"caption":"CVI NOTICIAS"},"image":{"@id":"https:\/\/cvinoticias.com\/v3\/#\/schema\/logo\/image\/"},"sameAs":["https:\/\/www.facebook.com\/cvinoticias","https:\/\/www.instagram.com\/cvinoticias\/","https:\/\/www.youtube.com\/@CVINOTICIAS"]},{"@type":"Person","@id":"https:\/\/cvinoticias.com\/v3\/#\/schema\/person\/2db77e3c6bc03c538495d7b2b8be9b66","name":"f1000024","image":{"@type":"ImageObject","inLanguage":"es","@id":"https:\/\/secure.gravatar.com\/avatar\/d4fe7459cfc51ff5129ce1a732bbef5928568b8092d412ef95611616376bbeed?s=96&d=mm&r=g","url":"https:\/\/secure.gravatar.com\/avatar\/d4fe7459cfc51ff5129ce1a732bbef5928568b8092d412ef95611616376bbeed?s=96&d=mm&r=g","contentUrl":"https:\/\/secure.gravatar.com\/avatar\/d4fe7459cfc51ff5129ce1a732bbef5928568b8092d412ef95611616376bbeed?s=96&d=mm&r=g","caption":"f1000024"},"url":"https:\/\/cvinoticias.com\/v3\/author\/f1000024\/"}]}},"_links":{"self":[{"href":"https:\/\/cvinoticias.com\/v3\/wp-json\/wp\/v2\/posts\/5773","targetHints":{"allow":["GET"]}}],"collection":[{"href":"https:\/\/cvinoticias.com\/v3\/wp-json\/wp\/v2\/posts"}],"about":[{"href":"https:\/\/cvinoticias.com\/v3\/wp-json\/wp\/v2\/types\/post"}],"author":[{"embeddable":true,"href":"https:\/\/cvinoticias.com\/v3\/wp-json\/wp\/v2\/users\/2"}],"replies":[{"embeddable":true,"href":"https:\/\/cvinoticias.com\/v3\/wp-json\/wp\/v2\/comments?post=5773"}],"version-history":[{"count":1,"href":"https:\/\/cvinoticias.com\/v3\/wp-json\/wp\/v2\/posts\/5773\/revisions"}],"predecessor-version":[{"id":5775,"href":"https:\/\/cvinoticias.com\/v3\/wp-json\/wp\/v2\/posts\/5773\/revisions\/5775"}],"wp:featuredmedia":[{"embeddable":true,"href":"https:\/\/cvinoticias.com\/v3\/wp-json\/wp\/v2\/media\/5774"}],"wp:attachment":[{"href":"https:\/\/cvinoticias.com\/v3\/wp-json\/wp\/v2\/media?parent=5773"}],"wp:term":[{"taxonomy":"category","embeddable":true,"href":"https:\/\/cvinoticias.com\/v3\/wp-json\/wp\/v2\/categories?post=5773"},{"taxonomy":"post_tag","embeddable":true,"href":"https:\/\/cvinoticias.com\/v3\/wp-json\/wp\/v2\/tags?post=5773"}],"curies":[{"name":"wp","href":"https:\/\/api.w.org\/{rel}","templated":true}]}}