{"id":57728,"date":"2026-04-30T10:32:39","date_gmt":"2026-04-30T13:32:39","guid":{"rendered":"https:\/\/cvinoticias.com\/v3\/?p=57728"},"modified":"2026-05-01T09:33:00","modified_gmt":"2026-05-01T12:33:00","slug":"puerto-libertad-ocupantes-del-mte-presionan-por-luz-y-agua-en-un-predio-privado","status":"publish","type":"post","link":"https:\/\/cvinoticias.com\/v3\/puerto-libertad-ocupantes-del-mte-presionan-por-luz-y-agua-en-un-predio-privado\/","title":{"rendered":"Puerto Libertad: Ocupantes del MTE Presionan por Luz y Agua en un Predio Privado"},"content":{"rendered":"\n<p>La localidad de Puerto Libertad atraviesa una situaci\u00f3n de creciente conflicto en el denominado \u201cLote 58\u201d, donde un grupo de ocupantes \u2014presuntamente vinculados al Movimiento de Trabajadores Excluidos (MTE)\u2014 mantiene medidas de presi\u00f3n para exigir la instalaci\u00f3n de redes de energ\u00eda el\u00e9ctrica y agua potable. El reclamo se centra en un predio que cuenta con un titular registrado, lo que genera una traba legal inmediata para cualquier intervenci\u00f3n estatal.<\/p>\n\n\n\n<p>\u200bAl tratarse de tierras privadas ocupadas sin autorizaci\u00f3n, las empresas de servicios p\u00fablicos se encuentran ante la imposibilidad legal de prestar servicios, ya que no existe un permiso formal de ocupaci\u00f3n. A este impedimento jur\u00eddico se le suma la falta de infraestructura b\u00e1sica en el sector; el asentamiento no cuenta con una regularizaci\u00f3n dominial, ni con un trazado de calles p\u00fablicas que permita el tendido de redes, y mucho menos con una factibilidad t\u00e9cnica aprobada que garantice la seguridad de las conexiones.<\/p>\n\n\n\n<p>\u200bPese a este panorama donde no se cumplen las condiciones m\u00ednimas requeridas, el grupo referenciado en el dirigente social Juan Grabois contin\u00faa con las manifestaciones, buscando forzar una respuesta habitacional en un terreno donde la intervenci\u00f3n oficial est\u00e1 limitada por la ley y la falta de planificaci\u00f3n urbana.<\/p>\n","protected":false},"excerpt":{"rendered":"<p>La localidad de Puerto Libertad atraviesa una situaci\u00f3n de creciente conflicto en el denominado \u201cLote 58\u201d, donde un grupo de ocupantes \u2014presuntamente vinculados al Movimiento de Trabajadores Excluidos (MTE)\u2014 mantiene medidas de presi\u00f3n para exigir la instalaci\u00f3n de redes de energ\u00eda el\u00e9ctrica y agua potable. El reclamo se centra en un predio que cuenta con [&hellip;]<\/p>\n","protected":false},"author":2,"featured_media":57729,"comment_status":"open","ping_status":"closed","sticky":false,"template":"","format":"standard","meta":{"footnotes":""},"categories":[47],"tags":[128,2193,803,5895,5894,3086],"class_list":["post-57728","post","type-post","status-publish","format-standard","has-post-thumbnail","hentry","category-sociedad","tag-agua","tag-libertad","tag-luz","tag-mte","tag-ocupantes","tag-puerto"],"yoast_head":"<!-- This site is optimized with the Yoast SEO plugin v27.5 - https:\/\/yoast.com\/product\/yoast-seo-wordpress\/ -->\n<title>Conflicto en Puerto Libertad por luz y agua en lote ocupado | CVI NOTICIAS<\/title>\n<meta name=\"description\" content=\"Ocupantes del MTE reclaman luz y agua en un predio privado sin condiciones legales ni infraestructura.\" \/>\n<meta name=\"robots\" content=\"index, follow, max-snippet:-1, max-image-preview:large, max-video-preview:-1\" \/>\n<link rel=\"canonical\" href=\"https:\/\/cvinoticias.com\/v3\/puerto-libertad-ocupantes-del-mte-presionan-por-luz-y-agua-en-un-predio-privado\/\" \/>\n<meta property=\"og:locale\" content=\"es_ES\" \/>\n<meta property=\"og:type\" content=\"article\" \/>\n<meta property=\"og:title\" content=\"Conflicto en Puerto Libertad por luz y agua en lote ocupado | CVI NOTICIAS\" \/>\n<meta property=\"og:description\" content=\"Ocupantes del MTE reclaman luz y agua en un predio privado sin condiciones legales ni infraestructura.\" \/>\n<meta property=\"og:url\" content=\"https:\/\/cvinoticias.com\/v3\/puerto-libertad-ocupantes-del-mte-presionan-por-luz-y-agua-en-un-predio-privado\/\" \/>\n<meta property=\"og:site_name\" content=\"CVI NOTICIAS\" \/>\n<meta property=\"article:publisher\" content=\"https:\/\/www.facebook.com\/cvinoticias\" \/>\n<meta property=\"article:published_time\" content=\"2026-04-30T13:32:39+00:00\" \/>\n<meta property=\"article:modified_time\" content=\"2026-05-01T12:33:00+00:00\" \/>\n<meta property=\"og:image\" content=\"https:\/\/cvinoticias.com\/wp-content\/uploads\/2026\/05\/83a0ee86-c3ba-4df6-a23f-7f4541855fa0.jpeg\" \/>\n\t<meta property=\"og:image:width\" content=\"1599\" \/>\n\t<meta property=\"og:image:height\" content=\"899\" \/>\n\t<meta property=\"og:image:type\" content=\"image\/jpeg\" \/>\n<meta name=\"author\" content=\"f1000024\" \/>\n<meta name=\"twitter:card\" content=\"summary_large_image\" \/>\n<meta name=\"twitter:label1\" content=\"Escrito por\" \/>\n\t<meta name=\"twitter:data1\" content=\"f1000024\" \/>\n\t<meta name=\"twitter:label2\" content=\"Tiempo de lectura\" \/>\n\t<meta name=\"twitter:data2\" content=\"2 minutos\" \/>\n<script type=\"application\/ld+json\" class=\"yoast-schema-graph\">{\"@context\":\"https:\\\/\\\/schema.org\",\"@graph\":[{\"@type\":\"Article\",\"@id\":\"https:\\\/\\\/cvinoticias.com\\\/v3\\\/puerto-libertad-ocupantes-del-mte-presionan-por-luz-y-agua-en-un-predio-privado\\\/#article\",\"isPartOf\":{\"@id\":\"https:\\\/\\\/cvinoticias.com\\\/v3\\\/puerto-libertad-ocupantes-del-mte-presionan-por-luz-y-agua-en-un-predio-privado\\\/\"},\"author\":{\"name\":\"f1000024\",\"@id\":\"https:\\\/\\\/cvinoticias.com\\\/v3\\\/#\\\/schema\\\/person\\\/2db77e3c6bc03c538495d7b2b8be9b66\"},\"headline\":\"Puerto Libertad: Ocupantes del MTE Presionan por Luz y Agua en un Predio Privado\",\"datePublished\":\"2026-04-30T13:32:39+00:00\",\"dateModified\":\"2026-05-01T12:33:00+00:00\",\"mainEntityOfPage\":{\"@id\":\"https:\\\/\\\/cvinoticias.com\\\/v3\\\/puerto-libertad-ocupantes-del-mte-presionan-por-luz-y-agua-en-un-predio-privado\\\/\"},\"wordCount\":230,\"commentCount\":0,\"publisher\":{\"@id\":\"https:\\\/\\\/cvinoticias.com\\\/v3\\\/#organization\"},\"image\":{\"@id\":\"https:\\\/\\\/cvinoticias.com\\\/v3\\\/puerto-libertad-ocupantes-del-mte-presionan-por-luz-y-agua-en-un-predio-privado\\\/#primaryimage\"},\"thumbnailUrl\":\"https:\\\/\\\/cvinoticias.com\\\/wp-content\\\/uploads\\\/2026\\\/05\\\/83a0ee86-c3ba-4df6-a23f-7f4541855fa0.jpeg\",\"keywords\":[\"Agua\",\"Libertad\",\"Luz\",\"MTE\",\"ocupantes\",\"puerto\"],\"articleSection\":[\"Sociedad\"],\"inLanguage\":\"es\",\"potentialAction\":[{\"@type\":\"CommentAction\",\"name\":\"Comment\",\"target\":[\"https:\\\/\\\/cvinoticias.com\\\/v3\\\/puerto-libertad-ocupantes-del-mte-presionan-por-luz-y-agua-en-un-predio-privado\\\/#respond\"]}]},{\"@type\":\"WebPage\",\"@id\":\"https:\\\/\\\/cvinoticias.com\\\/v3\\\/puerto-libertad-ocupantes-del-mte-presionan-por-luz-y-agua-en-un-predio-privado\\\/\",\"url\":\"https:\\\/\\\/cvinoticias.com\\\/v3\\\/puerto-libertad-ocupantes-del-mte-presionan-por-luz-y-agua-en-un-predio-privado\\\/\",\"name\":\"Conflicto en Puerto Libertad por luz y agua en lote ocupado | CVI NOTICIAS\",\"isPartOf\":{\"@id\":\"https:\\\/\\\/cvinoticias.com\\\/v3\\\/#website\"},\"primaryImageOfPage\":{\"@id\":\"https:\\\/\\\/cvinoticias.com\\\/v3\\\/puerto-libertad-ocupantes-del-mte-presionan-por-luz-y-agua-en-un-predio-privado\\\/#primaryimage\"},\"image\":{\"@id\":\"https:\\\/\\\/cvinoticias.com\\\/v3\\\/puerto-libertad-ocupantes-del-mte-presionan-por-luz-y-agua-en-un-predio-privado\\\/#primaryimage\"},\"thumbnailUrl\":\"https:\\\/\\\/cvinoticias.com\\\/wp-content\\\/uploads\\\/2026\\\/05\\\/83a0ee86-c3ba-4df6-a23f-7f4541855fa0.jpeg\",\"datePublished\":\"2026-04-30T13:32:39+00:00\",\"dateModified\":\"2026-05-01T12:33:00+00:00\",\"description\":\"Ocupantes del MTE reclaman luz y agua en un predio privado sin condiciones legales ni infraestructura.\",\"breadcrumb\":{\"@id\":\"https:\\\/\\\/cvinoticias.com\\\/v3\\\/puerto-libertad-ocupantes-del-mte-presionan-por-luz-y-agua-en-un-predio-privado\\\/#breadcrumb\"},\"inLanguage\":\"es\",\"potentialAction\":[{\"@type\":\"ReadAction\",\"target\":[\"https:\\\/\\\/cvinoticias.com\\\/v3\\\/puerto-libertad-ocupantes-del-mte-presionan-por-luz-y-agua-en-un-predio-privado\\\/\"]}]},{\"@type\":\"ImageObject\",\"inLanguage\":\"es\",\"@id\":\"https:\\\/\\\/cvinoticias.com\\\/v3\\\/puerto-libertad-ocupantes-del-mte-presionan-por-luz-y-agua-en-un-predio-privado\\\/#primaryimage\",\"url\":\"https:\\\/\\\/cvinoticias.com\\\/wp-content\\\/uploads\\\/2026\\\/05\\\/83a0ee86-c3ba-4df6-a23f-7f4541855fa0.jpeg\",\"contentUrl\":\"https:\\\/\\\/cvinoticias.com\\\/wp-content\\\/uploads\\\/2026\\\/05\\\/83a0ee86-c3ba-4df6-a23f-7f4541855fa0.jpeg\",\"width\":1599,\"height\":899},{\"@type\":\"BreadcrumbList\",\"@id\":\"https:\\\/\\\/cvinoticias.com\\\/v3\\\/puerto-libertad-ocupantes-del-mte-presionan-por-luz-y-agua-en-un-predio-privado\\\/#breadcrumb\",\"itemListElement\":[{\"@type\":\"ListItem\",\"position\":1,\"name\":\"Portada\",\"item\":\"https:\\\/\\\/cvinoticias.com\\\/v3\\\/\"},{\"@type\":\"ListItem\",\"position\":2,\"name\":\"Puerto Libertad: Ocupantes del MTE Presionan por Luz y Agua en un Predio Privado\"}]},{\"@type\":\"WebSite\",\"@id\":\"https:\\\/\\\/cvinoticias.com\\\/v3\\\/#website\",\"url\":\"https:\\\/\\\/cvinoticias.com\\\/v3\\\/\",\"name\":\"CVI NOTICIAS\",\"description\":\"\",\"publisher\":{\"@id\":\"https:\\\/\\\/cvinoticias.com\\\/v3\\\/#organization\"},\"alternateName\":\"CVI\",\"potentialAction\":[{\"@type\":\"SearchAction\",\"target\":{\"@type\":\"EntryPoint\",\"urlTemplate\":\"https:\\\/\\\/cvinoticias.com\\\/v3\\\/?s={search_term_string}\"},\"query-input\":{\"@type\":\"PropertyValueSpecification\",\"valueRequired\":true,\"valueName\":\"search_term_string\"}}],\"inLanguage\":\"es\"},{\"@type\":\"Organization\",\"@id\":\"https:\\\/\\\/cvinoticias.com\\\/v3\\\/#organization\",\"name\":\"CVI NOTICIAS\",\"url\":\"https:\\\/\\\/cvinoticias.com\\\/v3\\\/\",\"logo\":{\"@type\":\"ImageObject\",\"inLanguage\":\"es\",\"@id\":\"https:\\\/\\\/cvinoticias.com\\\/v3\\\/#\\\/schema\\\/logo\\\/image\\\/\",\"url\":\"https:\\\/\\\/cvinoticias.com\\\/wp-content\\\/uploads\\\/2023\\\/04\\\/cropped-cropped-cropped-cropped-cropped-3-1.png\",\"contentUrl\":\"https:\\\/\\\/cvinoticias.com\\\/wp-content\\\/uploads\\\/2023\\\/04\\\/cropped-cropped-cropped-cropped-cropped-3-1.png\",\"width\":95,\"height\":122,\"caption\":\"CVI NOTICIAS\"},\"image\":{\"@id\":\"https:\\\/\\\/cvinoticias.com\\\/v3\\\/#\\\/schema\\\/logo\\\/image\\\/\"},\"sameAs\":[\"https:\\\/\\\/www.facebook.com\\\/cvinoticias\",\"https:\\\/\\\/www.instagram.com\\\/cvinoticias\\\/\",\"https:\\\/\\\/www.youtube.com\\\/@CVINOTICIAS\"]},{\"@type\":\"Person\",\"@id\":\"https:\\\/\\\/cvinoticias.com\\\/v3\\\/#\\\/schema\\\/person\\\/2db77e3c6bc03c538495d7b2b8be9b66\",\"name\":\"f1000024\",\"image\":{\"@type\":\"ImageObject\",\"inLanguage\":\"es\",\"@id\":\"https:\\\/\\\/secure.gravatar.com\\\/avatar\\\/d4fe7459cfc51ff5129ce1a732bbef5928568b8092d412ef95611616376bbeed?s=96&d=mm&r=g\",\"url\":\"https:\\\/\\\/secure.gravatar.com\\\/avatar\\\/d4fe7459cfc51ff5129ce1a732bbef5928568b8092d412ef95611616376bbeed?s=96&d=mm&r=g\",\"contentUrl\":\"https:\\\/\\\/secure.gravatar.com\\\/avatar\\\/d4fe7459cfc51ff5129ce1a732bbef5928568b8092d412ef95611616376bbeed?s=96&d=mm&r=g\",\"caption\":\"f1000024\"},\"url\":\"https:\\\/\\\/cvinoticias.com\\\/v3\\\/author\\\/f1000024\\\/\"}]}<\/script>\n<!-- \/ Yoast SEO plugin. -->","yoast_head_json":{"title":"Conflicto en Puerto Libertad por luz y agua en lote ocupado | CVI NOTICIAS","description":"Ocupantes del MTE reclaman luz y agua en un predio privado sin condiciones legales ni infraestructura.","robots":{"index":"index","follow":"follow","max-snippet":"max-snippet:-1","max-image-preview":"max-image-preview:large","max-video-preview":"max-video-preview:-1"},"canonical":"https:\/\/cvinoticias.com\/v3\/puerto-libertad-ocupantes-del-mte-presionan-por-luz-y-agua-en-un-predio-privado\/","og_locale":"es_ES","og_type":"article","og_title":"Conflicto en Puerto Libertad por luz y agua en lote ocupado | CVI NOTICIAS","og_description":"Ocupantes del MTE reclaman luz y agua en un predio privado sin condiciones legales ni infraestructura.","og_url":"https:\/\/cvinoticias.com\/v3\/puerto-libertad-ocupantes-del-mte-presionan-por-luz-y-agua-en-un-predio-privado\/","og_site_name":"CVI NOTICIAS","article_publisher":"https:\/\/www.facebook.com\/cvinoticias","article_published_time":"2026-04-30T13:32:39+00:00","article_modified_time":"2026-05-01T12:33:00+00:00","og_image":[{"width":1599,"height":899,"url":"https:\/\/cvinoticias.com\/wp-content\/uploads\/2026\/05\/83a0ee86-c3ba-4df6-a23f-7f4541855fa0.jpeg","type":"image\/jpeg"}],"author":"f1000024","twitter_card":"summary_large_image","twitter_misc":{"Escrito por":"f1000024","Tiempo de lectura":"2 minutos"},"schema":{"@context":"https:\/\/schema.org","@graph":[{"@type":"Article","@id":"https:\/\/cvinoticias.com\/v3\/puerto-libertad-ocupantes-del-mte-presionan-por-luz-y-agua-en-un-predio-privado\/#article","isPartOf":{"@id":"https:\/\/cvinoticias.com\/v3\/puerto-libertad-ocupantes-del-mte-presionan-por-luz-y-agua-en-un-predio-privado\/"},"author":{"name":"f1000024","@id":"https:\/\/cvinoticias.com\/v3\/#\/schema\/person\/2db77e3c6bc03c538495d7b2b8be9b66"},"headline":"Puerto Libertad: Ocupantes del MTE Presionan por Luz y Agua en un Predio Privado","datePublished":"2026-04-30T13:32:39+00:00","dateModified":"2026-05-01T12:33:00+00:00","mainEntityOfPage":{"@id":"https:\/\/cvinoticias.com\/v3\/puerto-libertad-ocupantes-del-mte-presionan-por-luz-y-agua-en-un-predio-privado\/"},"wordCount":230,"commentCount":0,"publisher":{"@id":"https:\/\/cvinoticias.com\/v3\/#organization"},"image":{"@id":"https:\/\/cvinoticias.com\/v3\/puerto-libertad-ocupantes-del-mte-presionan-por-luz-y-agua-en-un-predio-privado\/#primaryimage"},"thumbnailUrl":"https:\/\/cvinoticias.com\/wp-content\/uploads\/2026\/05\/83a0ee86-c3ba-4df6-a23f-7f4541855fa0.jpeg","keywords":["Agua","Libertad","Luz","MTE","ocupantes","puerto"],"articleSection":["Sociedad"],"inLanguage":"es","potentialAction":[{"@type":"CommentAction","name":"Comment","target":["https:\/\/cvinoticias.com\/v3\/puerto-libertad-ocupantes-del-mte-presionan-por-luz-y-agua-en-un-predio-privado\/#respond"]}]},{"@type":"WebPage","@id":"https:\/\/cvinoticias.com\/v3\/puerto-libertad-ocupantes-del-mte-presionan-por-luz-y-agua-en-un-predio-privado\/","url":"https:\/\/cvinoticias.com\/v3\/puerto-libertad-ocupantes-del-mte-presionan-por-luz-y-agua-en-un-predio-privado\/","name":"Conflicto en Puerto Libertad por luz y agua en lote ocupado | CVI NOTICIAS","isPartOf":{"@id":"https:\/\/cvinoticias.com\/v3\/#website"},"primaryImageOfPage":{"@id":"https:\/\/cvinoticias.com\/v3\/puerto-libertad-ocupantes-del-mte-presionan-por-luz-y-agua-en-un-predio-privado\/#primaryimage"},"image":{"@id":"https:\/\/cvinoticias.com\/v3\/puerto-libertad-ocupantes-del-mte-presionan-por-luz-y-agua-en-un-predio-privado\/#primaryimage"},"thumbnailUrl":"https:\/\/cvinoticias.com\/wp-content\/uploads\/2026\/05\/83a0ee86-c3ba-4df6-a23f-7f4541855fa0.jpeg","datePublished":"2026-04-30T13:32:39+00:00","dateModified":"2026-05-01T12:33:00+00:00","description":"Ocupantes del MTE reclaman luz y agua en un predio privado sin condiciones legales ni infraestructura.","breadcrumb":{"@id":"https:\/\/cvinoticias.com\/v3\/puerto-libertad-ocupantes-del-mte-presionan-por-luz-y-agua-en-un-predio-privado\/#breadcrumb"},"inLanguage":"es","potentialAction":[{"@type":"ReadAction","target":["https:\/\/cvinoticias.com\/v3\/puerto-libertad-ocupantes-del-mte-presionan-por-luz-y-agua-en-un-predio-privado\/"]}]},{"@type":"ImageObject","inLanguage":"es","@id":"https:\/\/cvinoticias.com\/v3\/puerto-libertad-ocupantes-del-mte-presionan-por-luz-y-agua-en-un-predio-privado\/#primaryimage","url":"https:\/\/cvinoticias.com\/wp-content\/uploads\/2026\/05\/83a0ee86-c3ba-4df6-a23f-7f4541855fa0.jpeg","contentUrl":"https:\/\/cvinoticias.com\/wp-content\/uploads\/2026\/05\/83a0ee86-c3ba-4df6-a23f-7f4541855fa0.jpeg","width":1599,"height":899},{"@type":"BreadcrumbList","@id":"https:\/\/cvinoticias.com\/v3\/puerto-libertad-ocupantes-del-mte-presionan-por-luz-y-agua-en-un-predio-privado\/#breadcrumb","itemListElement":[{"@type":"ListItem","position":1,"name":"Portada","item":"https:\/\/cvinoticias.com\/v3\/"},{"@type":"ListItem","position":2,"name":"Puerto Libertad: Ocupantes del MTE Presionan por Luz y Agua en un Predio Privado"}]},{"@type":"WebSite","@id":"https:\/\/cvinoticias.com\/v3\/#website","url":"https:\/\/cvinoticias.com\/v3\/","name":"CVI NOTICIAS","description":"","publisher":{"@id":"https:\/\/cvinoticias.com\/v3\/#organization"},"alternateName":"CVI","potentialAction":[{"@type":"SearchAction","target":{"@type":"EntryPoint","urlTemplate":"https:\/\/cvinoticias.com\/v3\/?s={search_term_string}"},"query-input":{"@type":"PropertyValueSpecification","valueRequired":true,"valueName":"search_term_string"}}],"inLanguage":"es"},{"@type":"Organization","@id":"https:\/\/cvinoticias.com\/v3\/#organization","name":"CVI NOTICIAS","url":"https:\/\/cvinoticias.com\/v3\/","logo":{"@type":"ImageObject","inLanguage":"es","@id":"https:\/\/cvinoticias.com\/v3\/#\/schema\/logo\/image\/","url":"https:\/\/cvinoticias.com\/wp-content\/uploads\/2023\/04\/cropped-cropped-cropped-cropped-cropped-3-1.png","contentUrl":"https:\/\/cvinoticias.com\/wp-content\/uploads\/2023\/04\/cropped-cropped-cropped-cropped-cropped-3-1.png","width":95,"height":122,"caption":"CVI NOTICIAS"},"image":{"@id":"https:\/\/cvinoticias.com\/v3\/#\/schema\/logo\/image\/"},"sameAs":["https:\/\/www.facebook.com\/cvinoticias","https:\/\/www.instagram.com\/cvinoticias\/","https:\/\/www.youtube.com\/@CVINOTICIAS"]},{"@type":"Person","@id":"https:\/\/cvinoticias.com\/v3\/#\/schema\/person\/2db77e3c6bc03c538495d7b2b8be9b66","name":"f1000024","image":{"@type":"ImageObject","inLanguage":"es","@id":"https:\/\/secure.gravatar.com\/avatar\/d4fe7459cfc51ff5129ce1a732bbef5928568b8092d412ef95611616376bbeed?s=96&d=mm&r=g","url":"https:\/\/secure.gravatar.com\/avatar\/d4fe7459cfc51ff5129ce1a732bbef5928568b8092d412ef95611616376bbeed?s=96&d=mm&r=g","contentUrl":"https:\/\/secure.gravatar.com\/avatar\/d4fe7459cfc51ff5129ce1a732bbef5928568b8092d412ef95611616376bbeed?s=96&d=mm&r=g","caption":"f1000024"},"url":"https:\/\/cvinoticias.com\/v3\/author\/f1000024\/"}]}},"_links":{"self":[{"href":"https:\/\/cvinoticias.com\/v3\/wp-json\/wp\/v2\/posts\/57728","targetHints":{"allow":["GET"]}}],"collection":[{"href":"https:\/\/cvinoticias.com\/v3\/wp-json\/wp\/v2\/posts"}],"about":[{"href":"https:\/\/cvinoticias.com\/v3\/wp-json\/wp\/v2\/types\/post"}],"author":[{"embeddable":true,"href":"https:\/\/cvinoticias.com\/v3\/wp-json\/wp\/v2\/users\/2"}],"replies":[{"embeddable":true,"href":"https:\/\/cvinoticias.com\/v3\/wp-json\/wp\/v2\/comments?post=57728"}],"version-history":[{"count":1,"href":"https:\/\/cvinoticias.com\/v3\/wp-json\/wp\/v2\/posts\/57728\/revisions"}],"predecessor-version":[{"id":57730,"href":"https:\/\/cvinoticias.com\/v3\/wp-json\/wp\/v2\/posts\/57728\/revisions\/57730"}],"wp:featuredmedia":[{"embeddable":true,"href":"https:\/\/cvinoticias.com\/v3\/wp-json\/wp\/v2\/media\/57729"}],"wp:attachment":[{"href":"https:\/\/cvinoticias.com\/v3\/wp-json\/wp\/v2\/media?parent=57728"}],"wp:term":[{"taxonomy":"category","embeddable":true,"href":"https:\/\/cvinoticias.com\/v3\/wp-json\/wp\/v2\/categories?post=57728"},{"taxonomy":"post_tag","embeddable":true,"href":"https:\/\/cvinoticias.com\/v3\/wp-json\/wp\/v2\/tags?post=57728"}],"curies":[{"name":"wp","href":"https:\/\/api.w.org\/{rel}","templated":true}]}}