{"id":57725,"date":"2026-04-30T12:46:14","date_gmt":"2026-04-30T15:46:14","guid":{"rendered":"https:\/\/cvinoticias.com\/v3\/?p=57725"},"modified":"2026-05-01T09:31:20","modified_gmt":"2026-05-01T12:31:20","slug":"mujer-es-detenida-por-el-homicidio-en-el-parador-de-camiones-en-la-aduana","status":"publish","type":"post","link":"https:\/\/cvinoticias.com\/v3\/mujer-es-detenida-por-el-homicidio-en-el-parador-de-camiones-en-la-aduana\/","title":{"rendered":"Mujer Es Detenida por el Homicidio en el Parador de Camiones en la Aduana"},"content":{"rendered":"\n<p>El hecho se registr\u00f3 esta ma\u00f1ana en cercan\u00edas a la Aduana, donde fue hallado un hombre sin vida. Por el caso, una mujer fue demorada mientras se investiga si el desenlace se habr\u00eda producido en el marco de una pelea.<\/p>\n\n\n\n<p>Este jueves, cerca de las 7:40, efectivos de la Comisar\u00eda Primera de la Unidad Regional V acudieron a un requerimiento de Gendarmer\u00eda Nacional en el predio de camioneros, pr\u00f3ximo al paso fronterizo de Puerto Iguaz\u00fa, donde constataron la presencia de un hombre sin signos vitales tendido sobre la v\u00eda p\u00fablica.<\/p>\n\n\n\n<p>La v\u00edctima fue identificada como Jonathan Ant\u00fanez de Oliveira, de 32 a\u00f1os. De inmediato, se procedi\u00f3 al resguardo de la escena, dando intervenci\u00f3n a las autoridades judiciales y a las \u00e1reas t\u00e9cnicas correspondientes.<\/p>\n\n\n\n<p>Finalizadas las pericias en el lugar, el m\u00e9dico policial examin\u00f3 el cuerpo y dispuso la realizaci\u00f3n de la autopsia a fin de establecer con precisi\u00f3n las causas del fallecimiento.<\/p>\n\n\n\n<p>En el marco de las primeras averiguaciones, los investigadores procedieron a la demora preventiva de Mar\u00eda Victoria S., de 34 a\u00f1os, en averiguaci\u00f3n del hecho, quedando a disposici\u00f3n de la Justicia.<\/p>\n\n\n\n<p>De acuerdo a las l\u00edneas investigativas iniciales, el hecho se habr\u00eda originado en el contexto de una pelea, hip\u00f3tesis que es analizada por los investigadores mientras avanzan las diligencias.<\/p>\n\n\n\n<p>En el lugar tambi\u00e9n trabaj\u00f3 personal especializado en cibercrimen, que realiza tareas de ciberpatrullaje y relevamiento de c\u00e1maras de seguridad en la zona, con el objetivo de reconstruir la secuencia de lo ocurrido.<\/p>\n\n\n\n<p>La investigaci\u00f3n contin\u00faa en curso y no se descartan nuevas medidas en las pr\u00f3ximas horas.<\/p>\n","protected":false},"excerpt":{"rendered":"<p>El hecho se registr\u00f3 esta ma\u00f1ana en cercan\u00edas a la Aduana, donde fue hallado un hombre sin vida. Por el caso, una mujer fue demorada mientras se investiga si el desenlace se habr\u00eda producido en el marco de una pelea. Este jueves, cerca de las 7:40, efectivos de la Comisar\u00eda Primera de la Unidad Regional [&hellip;]<\/p>\n","protected":false},"author":2,"featured_media":57726,"comment_status":"open","ping_status":"closed","sticky":false,"template":"","format":"standard","meta":{"footnotes":""},"categories":[41],"tags":[3013,2153,185,313,1197],"class_list":["post-57725","post","type-post","status-publish","format-standard","has-post-thumbnail","hentry","category-policiales","tag-aduana","tag-detenida","tag-homicidio","tag-iguazu","tag-mujer"],"yoast_head":"<!-- This site is optimized with the Yoast SEO plugin v27.5 - https:\/\/yoast.com\/product\/yoast-seo-wordpress\/ -->\n<title>Detienen a mujer por homicidio en Aduana de Iguaz\u00fa | CVI NOTICIAS<\/title>\n<meta name=\"description\" content=\"Detienen a una mujer por el homicidio de un hombre en el parador de camiones de la Aduana en Iguaz\u00fa.\" \/>\n<meta name=\"robots\" content=\"index, follow, max-snippet:-1, max-image-preview:large, max-video-preview:-1\" \/>\n<link rel=\"canonical\" href=\"https:\/\/cvinoticias.com\/v3\/mujer-es-detenida-por-el-homicidio-en-el-parador-de-camiones-en-la-aduana\/\" \/>\n<meta property=\"og:locale\" content=\"es_ES\" \/>\n<meta property=\"og:type\" content=\"article\" \/>\n<meta property=\"og:title\" content=\"Detienen a mujer por homicidio en Aduana de Iguaz\u00fa | CVI NOTICIAS\" \/>\n<meta property=\"og:description\" content=\"Detienen a una mujer por el homicidio de un hombre en el parador de camiones de la Aduana en Iguaz\u00fa.\" \/>\n<meta property=\"og:url\" content=\"https:\/\/cvinoticias.com\/v3\/mujer-es-detenida-por-el-homicidio-en-el-parador-de-camiones-en-la-aduana\/\" \/>\n<meta property=\"og:site_name\" content=\"CVI NOTICIAS\" \/>\n<meta property=\"article:publisher\" content=\"https:\/\/www.facebook.com\/cvinoticias\" \/>\n<meta property=\"article:published_time\" content=\"2026-04-30T15:46:14+00:00\" \/>\n<meta property=\"article:modified_time\" content=\"2026-05-01T12:31:20+00:00\" \/>\n<meta property=\"og:image\" content=\"https:\/\/cvinoticias.com\/wp-content\/uploads\/2026\/05\/fba285b3-41a5-4d42-9078-e45fb6988da7.jpeg\" \/>\n\t<meta property=\"og:image:width\" content=\"1030\" \/>\n\t<meta property=\"og:image:height\" content=\"1217\" \/>\n\t<meta property=\"og:image:type\" content=\"image\/jpeg\" \/>\n<meta name=\"author\" content=\"f1000024\" \/>\n<meta name=\"twitter:card\" content=\"summary_large_image\" \/>\n<meta name=\"twitter:label1\" content=\"Escrito por\" \/>\n\t<meta name=\"twitter:data1\" content=\"f1000024\" \/>\n\t<meta name=\"twitter:label2\" content=\"Tiempo de lectura\" \/>\n\t<meta name=\"twitter:data2\" content=\"2 minutos\" \/>\n<script type=\"application\/ld+json\" class=\"yoast-schema-graph\">{\"@context\":\"https:\\\/\\\/schema.org\",\"@graph\":[{\"@type\":\"Article\",\"@id\":\"https:\\\/\\\/cvinoticias.com\\\/v3\\\/mujer-es-detenida-por-el-homicidio-en-el-parador-de-camiones-en-la-aduana\\\/#article\",\"isPartOf\":{\"@id\":\"https:\\\/\\\/cvinoticias.com\\\/v3\\\/mujer-es-detenida-por-el-homicidio-en-el-parador-de-camiones-en-la-aduana\\\/\"},\"author\":{\"name\":\"f1000024\",\"@id\":\"https:\\\/\\\/cvinoticias.com\\\/v3\\\/#\\\/schema\\\/person\\\/2db77e3c6bc03c538495d7b2b8be9b66\"},\"headline\":\"Mujer Es Detenida por el Homicidio en el Parador de Camiones en la Aduana\",\"datePublished\":\"2026-04-30T15:46:14+00:00\",\"dateModified\":\"2026-05-01T12:31:20+00:00\",\"mainEntityOfPage\":{\"@id\":\"https:\\\/\\\/cvinoticias.com\\\/v3\\\/mujer-es-detenida-por-el-homicidio-en-el-parador-de-camiones-en-la-aduana\\\/\"},\"wordCount\":299,\"commentCount\":0,\"publisher\":{\"@id\":\"https:\\\/\\\/cvinoticias.com\\\/v3\\\/#organization\"},\"image\":{\"@id\":\"https:\\\/\\\/cvinoticias.com\\\/v3\\\/mujer-es-detenida-por-el-homicidio-en-el-parador-de-camiones-en-la-aduana\\\/#primaryimage\"},\"thumbnailUrl\":\"https:\\\/\\\/cvinoticias.com\\\/wp-content\\\/uploads\\\/2026\\\/05\\\/fba285b3-41a5-4d42-9078-e45fb6988da7.jpeg\",\"keywords\":[\"aduana\",\"detenida\",\"homicidio\",\"Iguaz\u00fa\",\"Mujer\"],\"articleSection\":[\"Policiales\"],\"inLanguage\":\"es\",\"potentialAction\":[{\"@type\":\"CommentAction\",\"name\":\"Comment\",\"target\":[\"https:\\\/\\\/cvinoticias.com\\\/v3\\\/mujer-es-detenida-por-el-homicidio-en-el-parador-de-camiones-en-la-aduana\\\/#respond\"]}]},{\"@type\":\"WebPage\",\"@id\":\"https:\\\/\\\/cvinoticias.com\\\/v3\\\/mujer-es-detenida-por-el-homicidio-en-el-parador-de-camiones-en-la-aduana\\\/\",\"url\":\"https:\\\/\\\/cvinoticias.com\\\/v3\\\/mujer-es-detenida-por-el-homicidio-en-el-parador-de-camiones-en-la-aduana\\\/\",\"name\":\"Detienen a mujer por homicidio en Aduana de Iguaz\u00fa | CVI NOTICIAS\",\"isPartOf\":{\"@id\":\"https:\\\/\\\/cvinoticias.com\\\/v3\\\/#website\"},\"primaryImageOfPage\":{\"@id\":\"https:\\\/\\\/cvinoticias.com\\\/v3\\\/mujer-es-detenida-por-el-homicidio-en-el-parador-de-camiones-en-la-aduana\\\/#primaryimage\"},\"image\":{\"@id\":\"https:\\\/\\\/cvinoticias.com\\\/v3\\\/mujer-es-detenida-por-el-homicidio-en-el-parador-de-camiones-en-la-aduana\\\/#primaryimage\"},\"thumbnailUrl\":\"https:\\\/\\\/cvinoticias.com\\\/wp-content\\\/uploads\\\/2026\\\/05\\\/fba285b3-41a5-4d42-9078-e45fb6988da7.jpeg\",\"datePublished\":\"2026-04-30T15:46:14+00:00\",\"dateModified\":\"2026-05-01T12:31:20+00:00\",\"description\":\"Detienen a una mujer por el homicidio de un hombre en el parador de camiones de la Aduana en Iguaz\u00fa.\",\"breadcrumb\":{\"@id\":\"https:\\\/\\\/cvinoticias.com\\\/v3\\\/mujer-es-detenida-por-el-homicidio-en-el-parador-de-camiones-en-la-aduana\\\/#breadcrumb\"},\"inLanguage\":\"es\",\"potentialAction\":[{\"@type\":\"ReadAction\",\"target\":[\"https:\\\/\\\/cvinoticias.com\\\/v3\\\/mujer-es-detenida-por-el-homicidio-en-el-parador-de-camiones-en-la-aduana\\\/\"]}]},{\"@type\":\"ImageObject\",\"inLanguage\":\"es\",\"@id\":\"https:\\\/\\\/cvinoticias.com\\\/v3\\\/mujer-es-detenida-por-el-homicidio-en-el-parador-de-camiones-en-la-aduana\\\/#primaryimage\",\"url\":\"https:\\\/\\\/cvinoticias.com\\\/wp-content\\\/uploads\\\/2026\\\/05\\\/fba285b3-41a5-4d42-9078-e45fb6988da7.jpeg\",\"contentUrl\":\"https:\\\/\\\/cvinoticias.com\\\/wp-content\\\/uploads\\\/2026\\\/05\\\/fba285b3-41a5-4d42-9078-e45fb6988da7.jpeg\",\"width\":1030,\"height\":1217},{\"@type\":\"BreadcrumbList\",\"@id\":\"https:\\\/\\\/cvinoticias.com\\\/v3\\\/mujer-es-detenida-por-el-homicidio-en-el-parador-de-camiones-en-la-aduana\\\/#breadcrumb\",\"itemListElement\":[{\"@type\":\"ListItem\",\"position\":1,\"name\":\"Portada\",\"item\":\"https:\\\/\\\/cvinoticias.com\\\/v3\\\/\"},{\"@type\":\"ListItem\",\"position\":2,\"name\":\"Mujer Es Detenida por el Homicidio en el Parador de Camiones en la Aduana\"}]},{\"@type\":\"WebSite\",\"@id\":\"https:\\\/\\\/cvinoticias.com\\\/v3\\\/#website\",\"url\":\"https:\\\/\\\/cvinoticias.com\\\/v3\\\/\",\"name\":\"CVI NOTICIAS\",\"description\":\"\",\"publisher\":{\"@id\":\"https:\\\/\\\/cvinoticias.com\\\/v3\\\/#organization\"},\"alternateName\":\"CVI\",\"potentialAction\":[{\"@type\":\"SearchAction\",\"target\":{\"@type\":\"EntryPoint\",\"urlTemplate\":\"https:\\\/\\\/cvinoticias.com\\\/v3\\\/?s={search_term_string}\"},\"query-input\":{\"@type\":\"PropertyValueSpecification\",\"valueRequired\":true,\"valueName\":\"search_term_string\"}}],\"inLanguage\":\"es\"},{\"@type\":\"Organization\",\"@id\":\"https:\\\/\\\/cvinoticias.com\\\/v3\\\/#organization\",\"name\":\"CVI NOTICIAS\",\"url\":\"https:\\\/\\\/cvinoticias.com\\\/v3\\\/\",\"logo\":{\"@type\":\"ImageObject\",\"inLanguage\":\"es\",\"@id\":\"https:\\\/\\\/cvinoticias.com\\\/v3\\\/#\\\/schema\\\/logo\\\/image\\\/\",\"url\":\"https:\\\/\\\/cvinoticias.com\\\/wp-content\\\/uploads\\\/2023\\\/04\\\/cropped-cropped-cropped-cropped-cropped-3-1.png\",\"contentUrl\":\"https:\\\/\\\/cvinoticias.com\\\/wp-content\\\/uploads\\\/2023\\\/04\\\/cropped-cropped-cropped-cropped-cropped-3-1.png\",\"width\":95,\"height\":122,\"caption\":\"CVI NOTICIAS\"},\"image\":{\"@id\":\"https:\\\/\\\/cvinoticias.com\\\/v3\\\/#\\\/schema\\\/logo\\\/image\\\/\"},\"sameAs\":[\"https:\\\/\\\/www.facebook.com\\\/cvinoticias\",\"https:\\\/\\\/www.instagram.com\\\/cvinoticias\\\/\",\"https:\\\/\\\/www.youtube.com\\\/@CVINOTICIAS\"]},{\"@type\":\"Person\",\"@id\":\"https:\\\/\\\/cvinoticias.com\\\/v3\\\/#\\\/schema\\\/person\\\/2db77e3c6bc03c538495d7b2b8be9b66\",\"name\":\"f1000024\",\"image\":{\"@type\":\"ImageObject\",\"inLanguage\":\"es\",\"@id\":\"https:\\\/\\\/secure.gravatar.com\\\/avatar\\\/d4fe7459cfc51ff5129ce1a732bbef5928568b8092d412ef95611616376bbeed?s=96&d=mm&r=g\",\"url\":\"https:\\\/\\\/secure.gravatar.com\\\/avatar\\\/d4fe7459cfc51ff5129ce1a732bbef5928568b8092d412ef95611616376bbeed?s=96&d=mm&r=g\",\"contentUrl\":\"https:\\\/\\\/secure.gravatar.com\\\/avatar\\\/d4fe7459cfc51ff5129ce1a732bbef5928568b8092d412ef95611616376bbeed?s=96&d=mm&r=g\",\"caption\":\"f1000024\"},\"url\":\"https:\\\/\\\/cvinoticias.com\\\/v3\\\/author\\\/f1000024\\\/\"}]}<\/script>\n<!-- \/ Yoast SEO plugin. -->","yoast_head_json":{"title":"Detienen a mujer por homicidio en Aduana de Iguaz\u00fa | CVI NOTICIAS","description":"Detienen a una mujer por el homicidio de un hombre en el parador de camiones de la Aduana en Iguaz\u00fa.","robots":{"index":"index","follow":"follow","max-snippet":"max-snippet:-1","max-image-preview":"max-image-preview:large","max-video-preview":"max-video-preview:-1"},"canonical":"https:\/\/cvinoticias.com\/v3\/mujer-es-detenida-por-el-homicidio-en-el-parador-de-camiones-en-la-aduana\/","og_locale":"es_ES","og_type":"article","og_title":"Detienen a mujer por homicidio en Aduana de Iguaz\u00fa | CVI NOTICIAS","og_description":"Detienen a una mujer por el homicidio de un hombre en el parador de camiones de la Aduana en Iguaz\u00fa.","og_url":"https:\/\/cvinoticias.com\/v3\/mujer-es-detenida-por-el-homicidio-en-el-parador-de-camiones-en-la-aduana\/","og_site_name":"CVI NOTICIAS","article_publisher":"https:\/\/www.facebook.com\/cvinoticias","article_published_time":"2026-04-30T15:46:14+00:00","article_modified_time":"2026-05-01T12:31:20+00:00","og_image":[{"width":1030,"height":1217,"url":"https:\/\/cvinoticias.com\/wp-content\/uploads\/2026\/05\/fba285b3-41a5-4d42-9078-e45fb6988da7.jpeg","type":"image\/jpeg"}],"author":"f1000024","twitter_card":"summary_large_image","twitter_misc":{"Escrito por":"f1000024","Tiempo de lectura":"2 minutos"},"schema":{"@context":"https:\/\/schema.org","@graph":[{"@type":"Article","@id":"https:\/\/cvinoticias.com\/v3\/mujer-es-detenida-por-el-homicidio-en-el-parador-de-camiones-en-la-aduana\/#article","isPartOf":{"@id":"https:\/\/cvinoticias.com\/v3\/mujer-es-detenida-por-el-homicidio-en-el-parador-de-camiones-en-la-aduana\/"},"author":{"name":"f1000024","@id":"https:\/\/cvinoticias.com\/v3\/#\/schema\/person\/2db77e3c6bc03c538495d7b2b8be9b66"},"headline":"Mujer Es Detenida por el Homicidio en el Parador de Camiones en la Aduana","datePublished":"2026-04-30T15:46:14+00:00","dateModified":"2026-05-01T12:31:20+00:00","mainEntityOfPage":{"@id":"https:\/\/cvinoticias.com\/v3\/mujer-es-detenida-por-el-homicidio-en-el-parador-de-camiones-en-la-aduana\/"},"wordCount":299,"commentCount":0,"publisher":{"@id":"https:\/\/cvinoticias.com\/v3\/#organization"},"image":{"@id":"https:\/\/cvinoticias.com\/v3\/mujer-es-detenida-por-el-homicidio-en-el-parador-de-camiones-en-la-aduana\/#primaryimage"},"thumbnailUrl":"https:\/\/cvinoticias.com\/wp-content\/uploads\/2026\/05\/fba285b3-41a5-4d42-9078-e45fb6988da7.jpeg","keywords":["aduana","detenida","homicidio","Iguaz\u00fa","Mujer"],"articleSection":["Policiales"],"inLanguage":"es","potentialAction":[{"@type":"CommentAction","name":"Comment","target":["https:\/\/cvinoticias.com\/v3\/mujer-es-detenida-por-el-homicidio-en-el-parador-de-camiones-en-la-aduana\/#respond"]}]},{"@type":"WebPage","@id":"https:\/\/cvinoticias.com\/v3\/mujer-es-detenida-por-el-homicidio-en-el-parador-de-camiones-en-la-aduana\/","url":"https:\/\/cvinoticias.com\/v3\/mujer-es-detenida-por-el-homicidio-en-el-parador-de-camiones-en-la-aduana\/","name":"Detienen a mujer por homicidio en Aduana de Iguaz\u00fa | CVI NOTICIAS","isPartOf":{"@id":"https:\/\/cvinoticias.com\/v3\/#website"},"primaryImageOfPage":{"@id":"https:\/\/cvinoticias.com\/v3\/mujer-es-detenida-por-el-homicidio-en-el-parador-de-camiones-en-la-aduana\/#primaryimage"},"image":{"@id":"https:\/\/cvinoticias.com\/v3\/mujer-es-detenida-por-el-homicidio-en-el-parador-de-camiones-en-la-aduana\/#primaryimage"},"thumbnailUrl":"https:\/\/cvinoticias.com\/wp-content\/uploads\/2026\/05\/fba285b3-41a5-4d42-9078-e45fb6988da7.jpeg","datePublished":"2026-04-30T15:46:14+00:00","dateModified":"2026-05-01T12:31:20+00:00","description":"Detienen a una mujer por el homicidio de un hombre en el parador de camiones de la Aduana en Iguaz\u00fa.","breadcrumb":{"@id":"https:\/\/cvinoticias.com\/v3\/mujer-es-detenida-por-el-homicidio-en-el-parador-de-camiones-en-la-aduana\/#breadcrumb"},"inLanguage":"es","potentialAction":[{"@type":"ReadAction","target":["https:\/\/cvinoticias.com\/v3\/mujer-es-detenida-por-el-homicidio-en-el-parador-de-camiones-en-la-aduana\/"]}]},{"@type":"ImageObject","inLanguage":"es","@id":"https:\/\/cvinoticias.com\/v3\/mujer-es-detenida-por-el-homicidio-en-el-parador-de-camiones-en-la-aduana\/#primaryimage","url":"https:\/\/cvinoticias.com\/wp-content\/uploads\/2026\/05\/fba285b3-41a5-4d42-9078-e45fb6988da7.jpeg","contentUrl":"https:\/\/cvinoticias.com\/wp-content\/uploads\/2026\/05\/fba285b3-41a5-4d42-9078-e45fb6988da7.jpeg","width":1030,"height":1217},{"@type":"BreadcrumbList","@id":"https:\/\/cvinoticias.com\/v3\/mujer-es-detenida-por-el-homicidio-en-el-parador-de-camiones-en-la-aduana\/#breadcrumb","itemListElement":[{"@type":"ListItem","position":1,"name":"Portada","item":"https:\/\/cvinoticias.com\/v3\/"},{"@type":"ListItem","position":2,"name":"Mujer Es Detenida por el Homicidio en el Parador de Camiones en la Aduana"}]},{"@type":"WebSite","@id":"https:\/\/cvinoticias.com\/v3\/#website","url":"https:\/\/cvinoticias.com\/v3\/","name":"CVI NOTICIAS","description":"","publisher":{"@id":"https:\/\/cvinoticias.com\/v3\/#organization"},"alternateName":"CVI","potentialAction":[{"@type":"SearchAction","target":{"@type":"EntryPoint","urlTemplate":"https:\/\/cvinoticias.com\/v3\/?s={search_term_string}"},"query-input":{"@type":"PropertyValueSpecification","valueRequired":true,"valueName":"search_term_string"}}],"inLanguage":"es"},{"@type":"Organization","@id":"https:\/\/cvinoticias.com\/v3\/#organization","name":"CVI NOTICIAS","url":"https:\/\/cvinoticias.com\/v3\/","logo":{"@type":"ImageObject","inLanguage":"es","@id":"https:\/\/cvinoticias.com\/v3\/#\/schema\/logo\/image\/","url":"https:\/\/cvinoticias.com\/wp-content\/uploads\/2023\/04\/cropped-cropped-cropped-cropped-cropped-3-1.png","contentUrl":"https:\/\/cvinoticias.com\/wp-content\/uploads\/2023\/04\/cropped-cropped-cropped-cropped-cropped-3-1.png","width":95,"height":122,"caption":"CVI NOTICIAS"},"image":{"@id":"https:\/\/cvinoticias.com\/v3\/#\/schema\/logo\/image\/"},"sameAs":["https:\/\/www.facebook.com\/cvinoticias","https:\/\/www.instagram.com\/cvinoticias\/","https:\/\/www.youtube.com\/@CVINOTICIAS"]},{"@type":"Person","@id":"https:\/\/cvinoticias.com\/v3\/#\/schema\/person\/2db77e3c6bc03c538495d7b2b8be9b66","name":"f1000024","image":{"@type":"ImageObject","inLanguage":"es","@id":"https:\/\/secure.gravatar.com\/avatar\/d4fe7459cfc51ff5129ce1a732bbef5928568b8092d412ef95611616376bbeed?s=96&d=mm&r=g","url":"https:\/\/secure.gravatar.com\/avatar\/d4fe7459cfc51ff5129ce1a732bbef5928568b8092d412ef95611616376bbeed?s=96&d=mm&r=g","contentUrl":"https:\/\/secure.gravatar.com\/avatar\/d4fe7459cfc51ff5129ce1a732bbef5928568b8092d412ef95611616376bbeed?s=96&d=mm&r=g","caption":"f1000024"},"url":"https:\/\/cvinoticias.com\/v3\/author\/f1000024\/"}]}},"_links":{"self":[{"href":"https:\/\/cvinoticias.com\/v3\/wp-json\/wp\/v2\/posts\/57725","targetHints":{"allow":["GET"]}}],"collection":[{"href":"https:\/\/cvinoticias.com\/v3\/wp-json\/wp\/v2\/posts"}],"about":[{"href":"https:\/\/cvinoticias.com\/v3\/wp-json\/wp\/v2\/types\/post"}],"author":[{"embeddable":true,"href":"https:\/\/cvinoticias.com\/v3\/wp-json\/wp\/v2\/users\/2"}],"replies":[{"embeddable":true,"href":"https:\/\/cvinoticias.com\/v3\/wp-json\/wp\/v2\/comments?post=57725"}],"version-history":[{"count":1,"href":"https:\/\/cvinoticias.com\/v3\/wp-json\/wp\/v2\/posts\/57725\/revisions"}],"predecessor-version":[{"id":57727,"href":"https:\/\/cvinoticias.com\/v3\/wp-json\/wp\/v2\/posts\/57725\/revisions\/57727"}],"wp:featuredmedia":[{"embeddable":true,"href":"https:\/\/cvinoticias.com\/v3\/wp-json\/wp\/v2\/media\/57726"}],"wp:attachment":[{"href":"https:\/\/cvinoticias.com\/v3\/wp-json\/wp\/v2\/media?parent=57725"}],"wp:term":[{"taxonomy":"category","embeddable":true,"href":"https:\/\/cvinoticias.com\/v3\/wp-json\/wp\/v2\/categories?post=57725"},{"taxonomy":"post_tag","embeddable":true,"href":"https:\/\/cvinoticias.com\/v3\/wp-json\/wp\/v2\/tags?post=57725"}],"curies":[{"name":"wp","href":"https:\/\/api.w.org\/{rel}","templated":true}]}}