{"id":57718,"date":"2026-04-30T13:11:05","date_gmt":"2026-04-30T16:11:05","guid":{"rendered":"https:\/\/cvinoticias.com\/v3\/?p=57718"},"modified":"2026-05-01T09:26:23","modified_gmt":"2026-05-01T12:26:23","slug":"cataratas-basquet-personeria-juridica-y-presentacion-de-la-nueva-comision-directiva","status":"publish","type":"post","link":"https:\/\/cvinoticias.com\/v3\/cataratas-basquet-personeria-juridica-y-presentacion-de-la-nueva-comision-directiva\/","title":{"rendered":"Cataratas B\u00e1squet: Personer\u00eda Jur\u00eddica y Presentaci\u00f3n de la Nueva Comisi\u00f3n Directiva"},"content":{"rendered":"\n<p>En una jornada clave para el deporte local, se llev\u00f3 a cabo en el Polideportivo Municipal el acto de regularizaci\u00f3n del Club Cataratas B\u00e1squet. Tras un periodo de intenso trabajo administrativo, la instituci\u00f3n logr\u00f3 obtener su personer\u00eda jur\u00eddica y poner en orden su funcionamiento, presentando formalmente a la comisi\u00f3n directiva que conducir\u00e1 los destinos del \u00abnaranja\u00bb en esta nueva etapa.<\/p>\n\n\n\n<p>\u200bContar con balances al d\u00eda y estatutos aprobados representa un salto de calidad fundamental, ya que permite fortalecer el crecimiento del club y asegurar su proyecci\u00f3n a futuro. En este sentido, el flamante presidente de la instituci\u00f3n, Fernando Fuguet, destac\u00f3 el estado en que reciben la entidad: \u00abQuiero agradecer a la comisi\u00f3n y al presidente saliente por la gesti\u00f3n y todo el trabajo realizado durante estos a\u00f1os; dejaron un club muy ordenado y est\u00e1 la constancia de que eso es as\u00ed\u00bb, sostuvo.<\/p>\n\n\n\n<p>\u200bRespecto al camino a seguir, Fuguet se\u00f1al\u00f3 que la nueva gesti\u00f3n encara proyectos ambiciosos con el objetivo de trabajar fuertemente en las categor\u00edas formativas para alimentar el semillero del club y volver a consolidar una primera divisi\u00f3n competitiva que busque importantes logros deportivos. Todo este desarrollo deportivo ir\u00e1 de la mano con una administraci\u00f3n prolija y presente, clave para sostener el crecimiento en el tiempo. Finalmente, el presidente agradeci\u00f3 al intendente Claudio Filippa por su presencia y por el acompa\u00f1amiento constante al deporte local en este proceso de normalizaci\u00f3n institucional.<\/p>\n\n\n\n<figure class=\"wp-block-image size-large\"><a href=\"https:\/\/cvinoticias.com\/wp-content\/uploads\/2026\/05\/ed562535-1632-44bb-bc5e-90d4dcac9e00.jpeg\"><img decoding=\"async\" width=\"649\" height=\"1024\" data-src=\"https:\/\/cvinoticias.com\/wp-content\/uploads\/2026\/05\/ed562535-1632-44bb-bc5e-90d4dcac9e00-649x1024.jpeg\" alt=\"\" class=\"wp-image-57720 lazyload\" data-srcset=\"https:\/\/cvinoticias.com\/wp-content\/uploads\/2026\/05\/ed562535-1632-44bb-bc5e-90d4dcac9e00-649x1024.jpeg 649w, https:\/\/cvinoticias.com\/wp-content\/uploads\/2026\/05\/ed562535-1632-44bb-bc5e-90d4dcac9e00-190x300.jpeg 190w, https:\/\/cvinoticias.com\/wp-content\/uploads\/2026\/05\/ed562535-1632-44bb-bc5e-90d4dcac9e00-768x1212.jpeg 768w, https:\/\/cvinoticias.com\/wp-content\/uploads\/2026\/05\/ed562535-1632-44bb-bc5e-90d4dcac9e00-973x1536.jpeg 973w, https:\/\/cvinoticias.com\/wp-content\/uploads\/2026\/05\/ed562535-1632-44bb-bc5e-90d4dcac9e00.jpeg 1080w\" data-sizes=\"(max-width: 649px) 100vw, 649px\" src=\"data:image\/svg+xml;base64,PHN2ZyB3aWR0aD0iMSIgaGVpZ2h0PSIxIiB4bWxucz0iaHR0cDovL3d3dy53My5vcmcvMjAwMC9zdmciPjwvc3ZnPg==\" style=\"--smush-placeholder-width: 649px; --smush-placeholder-aspect-ratio: 649\/1024;\" \/><\/a><\/figure>\n\n\n\n<p>Entrevista con: Fernando Fuguet (Pdte. Club Cataratas Basquet)<\/p>\n","protected":false},"excerpt":{"rendered":"<p>En una jornada clave para el deporte local, se llev\u00f3 a cabo en el Polideportivo Municipal el acto de regularizaci\u00f3n del Club Cataratas B\u00e1squet. Tras un periodo de intenso trabajo administrativo, la instituci\u00f3n logr\u00f3 obtener su personer\u00eda jur\u00eddica y poner en orden su funcionamiento, presentando formalmente a la comisi\u00f3n directiva que conducir\u00e1 los destinos del [&hellip;]<\/p>\n","protected":false},"author":2,"featured_media":57719,"comment_status":"open","ping_status":"closed","sticky":false,"template":"","format":"standard","meta":{"footnotes":""},"categories":[24],"tags":[774,74,1140,5893,313,4784,4783],"class_list":["post-57718","post","type-post","status-publish","format-standard","has-post-thumbnail","hentry","category-deportes","tag-basquet","tag-cataratas","tag-comision","tag-directiva","tag-iguazu","tag-juridica","tag-personeria"],"yoast_head":"<!-- This site is optimized with the Yoast SEO plugin v27.5 - https:\/\/yoast.com\/product\/yoast-seo-wordpress\/ -->\n<title>Cataratas B\u00e1squet ya tiene personer\u00eda y nueva comisi\u00f3n | CVI NOTICIAS<\/title>\n<meta name=\"description\" content=\"Cataratas B\u00e1squet se regulariz\u00f3, obtuvo personer\u00eda jur\u00eddica y present\u00f3 su nueva comisi\u00f3n directiva.\" \/>\n<meta name=\"robots\" content=\"index, follow, max-snippet:-1, max-image-preview:large, max-video-preview:-1\" \/>\n<link rel=\"canonical\" href=\"https:\/\/cvinoticias.com\/v3\/cataratas-basquet-personeria-juridica-y-presentacion-de-la-nueva-comision-directiva\/\" \/>\n<meta property=\"og:locale\" content=\"es_ES\" \/>\n<meta property=\"og:type\" content=\"article\" \/>\n<meta property=\"og:title\" content=\"Cataratas B\u00e1squet ya tiene personer\u00eda y nueva comisi\u00f3n | CVI NOTICIAS\" \/>\n<meta property=\"og:description\" content=\"Cataratas B\u00e1squet se regulariz\u00f3, obtuvo personer\u00eda jur\u00eddica y present\u00f3 su nueva comisi\u00f3n directiva.\" \/>\n<meta property=\"og:url\" content=\"https:\/\/cvinoticias.com\/v3\/cataratas-basquet-personeria-juridica-y-presentacion-de-la-nueva-comision-directiva\/\" \/>\n<meta property=\"og:site_name\" content=\"CVI NOTICIAS\" \/>\n<meta property=\"article:publisher\" content=\"https:\/\/www.facebook.com\/cvinoticias\" \/>\n<meta property=\"article:published_time\" content=\"2026-04-30T16:11:05+00:00\" \/>\n<meta property=\"article:modified_time\" content=\"2026-05-01T12:26:23+00:00\" \/>\n<meta property=\"og:image\" content=\"https:\/\/cvinoticias.com\/wp-content\/uploads\/2026\/05\/e0b0ff47-d78b-4e83-9336-e3088a3793f5.jpeg\" \/>\n\t<meta property=\"og:image:width\" content=\"1600\" \/>\n\t<meta property=\"og:image:height\" content=\"900\" \/>\n\t<meta property=\"og:image:type\" content=\"image\/jpeg\" \/>\n<meta name=\"author\" content=\"f1000024\" \/>\n<meta name=\"twitter:card\" content=\"summary_large_image\" \/>\n<meta name=\"twitter:label1\" content=\"Escrito por\" \/>\n\t<meta name=\"twitter:data1\" content=\"f1000024\" \/>\n\t<meta name=\"twitter:label2\" content=\"Tiempo de lectura\" \/>\n\t<meta name=\"twitter:data2\" content=\"2 minutos\" \/>\n<script type=\"application\/ld+json\" class=\"yoast-schema-graph\">{\"@context\":\"https:\\\/\\\/schema.org\",\"@graph\":[{\"@type\":\"Article\",\"@id\":\"https:\\\/\\\/cvinoticias.com\\\/v3\\\/cataratas-basquet-personeria-juridica-y-presentacion-de-la-nueva-comision-directiva\\\/#article\",\"isPartOf\":{\"@id\":\"https:\\\/\\\/cvinoticias.com\\\/v3\\\/cataratas-basquet-personeria-juridica-y-presentacion-de-la-nueva-comision-directiva\\\/\"},\"author\":{\"name\":\"f1000024\",\"@id\":\"https:\\\/\\\/cvinoticias.com\\\/v3\\\/#\\\/schema\\\/person\\\/2db77e3c6bc03c538495d7b2b8be9b66\"},\"headline\":\"Cataratas B\u00e1squet: Personer\u00eda Jur\u00eddica y Presentaci\u00f3n de la Nueva Comisi\u00f3n Directiva\",\"datePublished\":\"2026-04-30T16:11:05+00:00\",\"dateModified\":\"2026-05-01T12:26:23+00:00\",\"mainEntityOfPage\":{\"@id\":\"https:\\\/\\\/cvinoticias.com\\\/v3\\\/cataratas-basquet-personeria-juridica-y-presentacion-de-la-nueva-comision-directiva\\\/\"},\"wordCount\":275,\"commentCount\":0,\"publisher\":{\"@id\":\"https:\\\/\\\/cvinoticias.com\\\/v3\\\/#organization\"},\"image\":{\"@id\":\"https:\\\/\\\/cvinoticias.com\\\/v3\\\/cataratas-basquet-personeria-juridica-y-presentacion-de-la-nueva-comision-directiva\\\/#primaryimage\"},\"thumbnailUrl\":\"https:\\\/\\\/cvinoticias.com\\\/wp-content\\\/uploads\\\/2026\\\/05\\\/e0b0ff47-d78b-4e83-9336-e3088a3793f5.jpeg\",\"keywords\":[\"Basquet\",\"cataratas\",\"Comisi\u00f3n\",\"directiva\",\"Iguaz\u00fa\",\"jur\u00eddica\",\"personer\u00eda\"],\"articleSection\":[\"Deportes\"],\"inLanguage\":\"es\",\"potentialAction\":[{\"@type\":\"CommentAction\",\"name\":\"Comment\",\"target\":[\"https:\\\/\\\/cvinoticias.com\\\/v3\\\/cataratas-basquet-personeria-juridica-y-presentacion-de-la-nueva-comision-directiva\\\/#respond\"]}]},{\"@type\":\"WebPage\",\"@id\":\"https:\\\/\\\/cvinoticias.com\\\/v3\\\/cataratas-basquet-personeria-juridica-y-presentacion-de-la-nueva-comision-directiva\\\/\",\"url\":\"https:\\\/\\\/cvinoticias.com\\\/v3\\\/cataratas-basquet-personeria-juridica-y-presentacion-de-la-nueva-comision-directiva\\\/\",\"name\":\"Cataratas B\u00e1squet ya tiene personer\u00eda y nueva comisi\u00f3n | CVI NOTICIAS\",\"isPartOf\":{\"@id\":\"https:\\\/\\\/cvinoticias.com\\\/v3\\\/#website\"},\"primaryImageOfPage\":{\"@id\":\"https:\\\/\\\/cvinoticias.com\\\/v3\\\/cataratas-basquet-personeria-juridica-y-presentacion-de-la-nueva-comision-directiva\\\/#primaryimage\"},\"image\":{\"@id\":\"https:\\\/\\\/cvinoticias.com\\\/v3\\\/cataratas-basquet-personeria-juridica-y-presentacion-de-la-nueva-comision-directiva\\\/#primaryimage\"},\"thumbnailUrl\":\"https:\\\/\\\/cvinoticias.com\\\/wp-content\\\/uploads\\\/2026\\\/05\\\/e0b0ff47-d78b-4e83-9336-e3088a3793f5.jpeg\",\"datePublished\":\"2026-04-30T16:11:05+00:00\",\"dateModified\":\"2026-05-01T12:26:23+00:00\",\"description\":\"Cataratas B\u00e1squet se regulariz\u00f3, obtuvo personer\u00eda jur\u00eddica y present\u00f3 su nueva comisi\u00f3n directiva.\",\"breadcrumb\":{\"@id\":\"https:\\\/\\\/cvinoticias.com\\\/v3\\\/cataratas-basquet-personeria-juridica-y-presentacion-de-la-nueva-comision-directiva\\\/#breadcrumb\"},\"inLanguage\":\"es\",\"potentialAction\":[{\"@type\":\"ReadAction\",\"target\":[\"https:\\\/\\\/cvinoticias.com\\\/v3\\\/cataratas-basquet-personeria-juridica-y-presentacion-de-la-nueva-comision-directiva\\\/\"]}]},{\"@type\":\"ImageObject\",\"inLanguage\":\"es\",\"@id\":\"https:\\\/\\\/cvinoticias.com\\\/v3\\\/cataratas-basquet-personeria-juridica-y-presentacion-de-la-nueva-comision-directiva\\\/#primaryimage\",\"url\":\"https:\\\/\\\/cvinoticias.com\\\/wp-content\\\/uploads\\\/2026\\\/05\\\/e0b0ff47-d78b-4e83-9336-e3088a3793f5.jpeg\",\"contentUrl\":\"https:\\\/\\\/cvinoticias.com\\\/wp-content\\\/uploads\\\/2026\\\/05\\\/e0b0ff47-d78b-4e83-9336-e3088a3793f5.jpeg\",\"width\":1600,\"height\":900},{\"@type\":\"BreadcrumbList\",\"@id\":\"https:\\\/\\\/cvinoticias.com\\\/v3\\\/cataratas-basquet-personeria-juridica-y-presentacion-de-la-nueva-comision-directiva\\\/#breadcrumb\",\"itemListElement\":[{\"@type\":\"ListItem\",\"position\":1,\"name\":\"Portada\",\"item\":\"https:\\\/\\\/cvinoticias.com\\\/v3\\\/\"},{\"@type\":\"ListItem\",\"position\":2,\"name\":\"Cataratas B\u00e1squet: Personer\u00eda Jur\u00eddica y Presentaci\u00f3n de la Nueva Comisi\u00f3n Directiva\"}]},{\"@type\":\"WebSite\",\"@id\":\"https:\\\/\\\/cvinoticias.com\\\/v3\\\/#website\",\"url\":\"https:\\\/\\\/cvinoticias.com\\\/v3\\\/\",\"name\":\"CVI NOTICIAS\",\"description\":\"\",\"publisher\":{\"@id\":\"https:\\\/\\\/cvinoticias.com\\\/v3\\\/#organization\"},\"alternateName\":\"CVI\",\"potentialAction\":[{\"@type\":\"SearchAction\",\"target\":{\"@type\":\"EntryPoint\",\"urlTemplate\":\"https:\\\/\\\/cvinoticias.com\\\/v3\\\/?s={search_term_string}\"},\"query-input\":{\"@type\":\"PropertyValueSpecification\",\"valueRequired\":true,\"valueName\":\"search_term_string\"}}],\"inLanguage\":\"es\"},{\"@type\":\"Organization\",\"@id\":\"https:\\\/\\\/cvinoticias.com\\\/v3\\\/#organization\",\"name\":\"CVI NOTICIAS\",\"url\":\"https:\\\/\\\/cvinoticias.com\\\/v3\\\/\",\"logo\":{\"@type\":\"ImageObject\",\"inLanguage\":\"es\",\"@id\":\"https:\\\/\\\/cvinoticias.com\\\/v3\\\/#\\\/schema\\\/logo\\\/image\\\/\",\"url\":\"https:\\\/\\\/cvinoticias.com\\\/wp-content\\\/uploads\\\/2023\\\/04\\\/cropped-cropped-cropped-cropped-cropped-3-1.png\",\"contentUrl\":\"https:\\\/\\\/cvinoticias.com\\\/wp-content\\\/uploads\\\/2023\\\/04\\\/cropped-cropped-cropped-cropped-cropped-3-1.png\",\"width\":95,\"height\":122,\"caption\":\"CVI NOTICIAS\"},\"image\":{\"@id\":\"https:\\\/\\\/cvinoticias.com\\\/v3\\\/#\\\/schema\\\/logo\\\/image\\\/\"},\"sameAs\":[\"https:\\\/\\\/www.facebook.com\\\/cvinoticias\",\"https:\\\/\\\/www.instagram.com\\\/cvinoticias\\\/\",\"https:\\\/\\\/www.youtube.com\\\/@CVINOTICIAS\"]},{\"@type\":\"Person\",\"@id\":\"https:\\\/\\\/cvinoticias.com\\\/v3\\\/#\\\/schema\\\/person\\\/2db77e3c6bc03c538495d7b2b8be9b66\",\"name\":\"f1000024\",\"image\":{\"@type\":\"ImageObject\",\"inLanguage\":\"es\",\"@id\":\"https:\\\/\\\/secure.gravatar.com\\\/avatar\\\/d4fe7459cfc51ff5129ce1a732bbef5928568b8092d412ef95611616376bbeed?s=96&d=mm&r=g\",\"url\":\"https:\\\/\\\/secure.gravatar.com\\\/avatar\\\/d4fe7459cfc51ff5129ce1a732bbef5928568b8092d412ef95611616376bbeed?s=96&d=mm&r=g\",\"contentUrl\":\"https:\\\/\\\/secure.gravatar.com\\\/avatar\\\/d4fe7459cfc51ff5129ce1a732bbef5928568b8092d412ef95611616376bbeed?s=96&d=mm&r=g\",\"caption\":\"f1000024\"},\"url\":\"https:\\\/\\\/cvinoticias.com\\\/v3\\\/author\\\/f1000024\\\/\"}]}<\/script>\n<!-- \/ Yoast SEO plugin. -->","yoast_head_json":{"title":"Cataratas B\u00e1squet ya tiene personer\u00eda y nueva comisi\u00f3n | CVI NOTICIAS","description":"Cataratas B\u00e1squet se regulariz\u00f3, obtuvo personer\u00eda jur\u00eddica y present\u00f3 su nueva comisi\u00f3n directiva.","robots":{"index":"index","follow":"follow","max-snippet":"max-snippet:-1","max-image-preview":"max-image-preview:large","max-video-preview":"max-video-preview:-1"},"canonical":"https:\/\/cvinoticias.com\/v3\/cataratas-basquet-personeria-juridica-y-presentacion-de-la-nueva-comision-directiva\/","og_locale":"es_ES","og_type":"article","og_title":"Cataratas B\u00e1squet ya tiene personer\u00eda y nueva comisi\u00f3n | CVI NOTICIAS","og_description":"Cataratas B\u00e1squet se regulariz\u00f3, obtuvo personer\u00eda jur\u00eddica y present\u00f3 su nueva comisi\u00f3n directiva.","og_url":"https:\/\/cvinoticias.com\/v3\/cataratas-basquet-personeria-juridica-y-presentacion-de-la-nueva-comision-directiva\/","og_site_name":"CVI NOTICIAS","article_publisher":"https:\/\/www.facebook.com\/cvinoticias","article_published_time":"2026-04-30T16:11:05+00:00","article_modified_time":"2026-05-01T12:26:23+00:00","og_image":[{"width":1600,"height":900,"url":"https:\/\/cvinoticias.com\/wp-content\/uploads\/2026\/05\/e0b0ff47-d78b-4e83-9336-e3088a3793f5.jpeg","type":"image\/jpeg"}],"author":"f1000024","twitter_card":"summary_large_image","twitter_misc":{"Escrito por":"f1000024","Tiempo de lectura":"2 minutos"},"schema":{"@context":"https:\/\/schema.org","@graph":[{"@type":"Article","@id":"https:\/\/cvinoticias.com\/v3\/cataratas-basquet-personeria-juridica-y-presentacion-de-la-nueva-comision-directiva\/#article","isPartOf":{"@id":"https:\/\/cvinoticias.com\/v3\/cataratas-basquet-personeria-juridica-y-presentacion-de-la-nueva-comision-directiva\/"},"author":{"name":"f1000024","@id":"https:\/\/cvinoticias.com\/v3\/#\/schema\/person\/2db77e3c6bc03c538495d7b2b8be9b66"},"headline":"Cataratas B\u00e1squet: Personer\u00eda Jur\u00eddica y Presentaci\u00f3n de la Nueva Comisi\u00f3n Directiva","datePublished":"2026-04-30T16:11:05+00:00","dateModified":"2026-05-01T12:26:23+00:00","mainEntityOfPage":{"@id":"https:\/\/cvinoticias.com\/v3\/cataratas-basquet-personeria-juridica-y-presentacion-de-la-nueva-comision-directiva\/"},"wordCount":275,"commentCount":0,"publisher":{"@id":"https:\/\/cvinoticias.com\/v3\/#organization"},"image":{"@id":"https:\/\/cvinoticias.com\/v3\/cataratas-basquet-personeria-juridica-y-presentacion-de-la-nueva-comision-directiva\/#primaryimage"},"thumbnailUrl":"https:\/\/cvinoticias.com\/wp-content\/uploads\/2026\/05\/e0b0ff47-d78b-4e83-9336-e3088a3793f5.jpeg","keywords":["Basquet","cataratas","Comisi\u00f3n","directiva","Iguaz\u00fa","jur\u00eddica","personer\u00eda"],"articleSection":["Deportes"],"inLanguage":"es","potentialAction":[{"@type":"CommentAction","name":"Comment","target":["https:\/\/cvinoticias.com\/v3\/cataratas-basquet-personeria-juridica-y-presentacion-de-la-nueva-comision-directiva\/#respond"]}]},{"@type":"WebPage","@id":"https:\/\/cvinoticias.com\/v3\/cataratas-basquet-personeria-juridica-y-presentacion-de-la-nueva-comision-directiva\/","url":"https:\/\/cvinoticias.com\/v3\/cataratas-basquet-personeria-juridica-y-presentacion-de-la-nueva-comision-directiva\/","name":"Cataratas B\u00e1squet ya tiene personer\u00eda y nueva comisi\u00f3n | CVI NOTICIAS","isPartOf":{"@id":"https:\/\/cvinoticias.com\/v3\/#website"},"primaryImageOfPage":{"@id":"https:\/\/cvinoticias.com\/v3\/cataratas-basquet-personeria-juridica-y-presentacion-de-la-nueva-comision-directiva\/#primaryimage"},"image":{"@id":"https:\/\/cvinoticias.com\/v3\/cataratas-basquet-personeria-juridica-y-presentacion-de-la-nueva-comision-directiva\/#primaryimage"},"thumbnailUrl":"https:\/\/cvinoticias.com\/wp-content\/uploads\/2026\/05\/e0b0ff47-d78b-4e83-9336-e3088a3793f5.jpeg","datePublished":"2026-04-30T16:11:05+00:00","dateModified":"2026-05-01T12:26:23+00:00","description":"Cataratas B\u00e1squet se regulariz\u00f3, obtuvo personer\u00eda jur\u00eddica y present\u00f3 su nueva comisi\u00f3n directiva.","breadcrumb":{"@id":"https:\/\/cvinoticias.com\/v3\/cataratas-basquet-personeria-juridica-y-presentacion-de-la-nueva-comision-directiva\/#breadcrumb"},"inLanguage":"es","potentialAction":[{"@type":"ReadAction","target":["https:\/\/cvinoticias.com\/v3\/cataratas-basquet-personeria-juridica-y-presentacion-de-la-nueva-comision-directiva\/"]}]},{"@type":"ImageObject","inLanguage":"es","@id":"https:\/\/cvinoticias.com\/v3\/cataratas-basquet-personeria-juridica-y-presentacion-de-la-nueva-comision-directiva\/#primaryimage","url":"https:\/\/cvinoticias.com\/wp-content\/uploads\/2026\/05\/e0b0ff47-d78b-4e83-9336-e3088a3793f5.jpeg","contentUrl":"https:\/\/cvinoticias.com\/wp-content\/uploads\/2026\/05\/e0b0ff47-d78b-4e83-9336-e3088a3793f5.jpeg","width":1600,"height":900},{"@type":"BreadcrumbList","@id":"https:\/\/cvinoticias.com\/v3\/cataratas-basquet-personeria-juridica-y-presentacion-de-la-nueva-comision-directiva\/#breadcrumb","itemListElement":[{"@type":"ListItem","position":1,"name":"Portada","item":"https:\/\/cvinoticias.com\/v3\/"},{"@type":"ListItem","position":2,"name":"Cataratas B\u00e1squet: Personer\u00eda Jur\u00eddica y Presentaci\u00f3n de la Nueva Comisi\u00f3n Directiva"}]},{"@type":"WebSite","@id":"https:\/\/cvinoticias.com\/v3\/#website","url":"https:\/\/cvinoticias.com\/v3\/","name":"CVI NOTICIAS","description":"","publisher":{"@id":"https:\/\/cvinoticias.com\/v3\/#organization"},"alternateName":"CVI","potentialAction":[{"@type":"SearchAction","target":{"@type":"EntryPoint","urlTemplate":"https:\/\/cvinoticias.com\/v3\/?s={search_term_string}"},"query-input":{"@type":"PropertyValueSpecification","valueRequired":true,"valueName":"search_term_string"}}],"inLanguage":"es"},{"@type":"Organization","@id":"https:\/\/cvinoticias.com\/v3\/#organization","name":"CVI NOTICIAS","url":"https:\/\/cvinoticias.com\/v3\/","logo":{"@type":"ImageObject","inLanguage":"es","@id":"https:\/\/cvinoticias.com\/v3\/#\/schema\/logo\/image\/","url":"https:\/\/cvinoticias.com\/wp-content\/uploads\/2023\/04\/cropped-cropped-cropped-cropped-cropped-3-1.png","contentUrl":"https:\/\/cvinoticias.com\/wp-content\/uploads\/2023\/04\/cropped-cropped-cropped-cropped-cropped-3-1.png","width":95,"height":122,"caption":"CVI NOTICIAS"},"image":{"@id":"https:\/\/cvinoticias.com\/v3\/#\/schema\/logo\/image\/"},"sameAs":["https:\/\/www.facebook.com\/cvinoticias","https:\/\/www.instagram.com\/cvinoticias\/","https:\/\/www.youtube.com\/@CVINOTICIAS"]},{"@type":"Person","@id":"https:\/\/cvinoticias.com\/v3\/#\/schema\/person\/2db77e3c6bc03c538495d7b2b8be9b66","name":"f1000024","image":{"@type":"ImageObject","inLanguage":"es","@id":"https:\/\/secure.gravatar.com\/avatar\/d4fe7459cfc51ff5129ce1a732bbef5928568b8092d412ef95611616376bbeed?s=96&d=mm&r=g","url":"https:\/\/secure.gravatar.com\/avatar\/d4fe7459cfc51ff5129ce1a732bbef5928568b8092d412ef95611616376bbeed?s=96&d=mm&r=g","contentUrl":"https:\/\/secure.gravatar.com\/avatar\/d4fe7459cfc51ff5129ce1a732bbef5928568b8092d412ef95611616376bbeed?s=96&d=mm&r=g","caption":"f1000024"},"url":"https:\/\/cvinoticias.com\/v3\/author\/f1000024\/"}]}},"_links":{"self":[{"href":"https:\/\/cvinoticias.com\/v3\/wp-json\/wp\/v2\/posts\/57718","targetHints":{"allow":["GET"]}}],"collection":[{"href":"https:\/\/cvinoticias.com\/v3\/wp-json\/wp\/v2\/posts"}],"about":[{"href":"https:\/\/cvinoticias.com\/v3\/wp-json\/wp\/v2\/types\/post"}],"author":[{"embeddable":true,"href":"https:\/\/cvinoticias.com\/v3\/wp-json\/wp\/v2\/users\/2"}],"replies":[{"embeddable":true,"href":"https:\/\/cvinoticias.com\/v3\/wp-json\/wp\/v2\/comments?post=57718"}],"version-history":[{"count":1,"href":"https:\/\/cvinoticias.com\/v3\/wp-json\/wp\/v2\/posts\/57718\/revisions"}],"predecessor-version":[{"id":57721,"href":"https:\/\/cvinoticias.com\/v3\/wp-json\/wp\/v2\/posts\/57718\/revisions\/57721"}],"wp:featuredmedia":[{"embeddable":true,"href":"https:\/\/cvinoticias.com\/v3\/wp-json\/wp\/v2\/media\/57719"}],"wp:attachment":[{"href":"https:\/\/cvinoticias.com\/v3\/wp-json\/wp\/v2\/media?parent=57718"}],"wp:term":[{"taxonomy":"category","embeddable":true,"href":"https:\/\/cvinoticias.com\/v3\/wp-json\/wp\/v2\/categories?post=57718"},{"taxonomy":"post_tag","embeddable":true,"href":"https:\/\/cvinoticias.com\/v3\/wp-json\/wp\/v2\/tags?post=57718"}],"curies":[{"name":"wp","href":"https:\/\/api.w.org\/{rel}","templated":true}]}}