{"id":57714,"date":"2026-04-30T13:25:57","date_gmt":"2026-04-30T16:25:57","guid":{"rendered":"https:\/\/cvinoticias.com\/v3\/?p=57714"},"modified":"2026-05-01T09:23:25","modified_gmt":"2026-05-01T12:23:25","slug":"nace-la-asociacion-civil-y-cultural-de-artistas-de-cataratas-del-iguazu","status":"publish","type":"post","link":"https:\/\/cvinoticias.com\/v3\/nace-la-asociacion-civil-y-cultural-de-artistas-de-cataratas-del-iguazu\/","title":{"rendered":"Nace la Asociaci\u00f3n Civil y Cultural de Artistas de Cataratas del Iguaz\u00fa"},"content":{"rendered":"\n<p>\u200bEn una jornada hist\u00f3rica para la cultura local, se formaliz\u00f3 hoy en el Polideportivo Municipal el primer paso administrativo para la creaci\u00f3n de la Asociaci\u00f3n Civil y Cultural de Artistas de Cataratas del Iguaz\u00fa (A.C.C.A.C.I.).<\/p>\n\n\n\n<p>Durante el acto, se hizo entrega de la reserva de nombre otorgada por la Direcci\u00f3n General de Personas Jur\u00eddicas, tras confirmar a trav\u00e9s del Ministerio de Gobierno que la denominaci\u00f3n elegida es \u00fanica y est\u00e1 disponible para la entidad.<\/p>\n\n\n\n<p>\u200bA partir de este aval, la comisi\u00f3n gestora cuenta con un plazo de 30 d\u00edas para presentar la documentaci\u00f3n t\u00e9cnica y legal requerida para la obtenci\u00f3n definitiva de la personer\u00eda jur\u00eddica, un instrumento que les permitir\u00e1 funcionar de manera oficial y gestionar proyectos a mayor escala.<br>\u200b<br>\u200bTras el anuncio, CVI Noticias dialog\u00f3 con las integrantes de la flamante comisi\u00f3n. Elizabeth Guti\u00e9rrez, presidente de la asociaci\u00f3n, destac\u00f3 la relevancia de este hito: \u00abEs un paso s\u00faper importante, ya que en Iguaz\u00fa hay much\u00edsimos artistas y muchas vetas dentro de lo art\u00edstico para desarrollarse\u00bb, se\u00f1al\u00f3, subrayando la diversidad de talentos que alberga la ciudad.<\/p>\n\n\n\n<p>\u200bPor su parte, la vocal de la entidad, Andrea Silvina Milogis, explic\u00f3 que la iniciativa naci\u00f3 de una demanda genuina de la comunidad: \u00abEsto surge de que la gente necesitaba un espacio para que los artistas puedan mostrar sus obras. Fue un proceso muy r\u00e1pido y estamos agradecidas por el apoyo municipal y de todos los que hicieron que esto se d\u00e9 r\u00e1pidamente\u00bb.<\/p>\n\n\n\n<p>\u200bEn la misma l\u00ednea, la vicepresidente Carolina Devecchi defini\u00f3 a la asociaci\u00f3n como un disparador para los amantes del arte: \u00abRealmente hay muchos artistas en Iguaz\u00fa y poder tener finalmente un espacio propio para mostrar ese arte es genial\u00bb, concluy\u00f3.<\/p>\n\n\n\n<p>\u200bCon la reserva de nombre ya en mano y el logo que los identifica, A.C.C.A.C.I. comienza su camino institucional con el objetivo de nuclear, proteger y potenciar a todos los trabajadores de la cultura de la ciudad de las Cataratas.<\/p>\n\n\n\n<figure class=\"wp-block-image size-full\"><a href=\"https:\/\/cvinoticias.com\/wp-content\/uploads\/2026\/05\/77c043b2-13d4-4679-ac8e-5980663f7c76.jpeg\"><img decoding=\"async\" width=\"963\" height=\"725\" data-src=\"https:\/\/cvinoticias.com\/wp-content\/uploads\/2026\/05\/77c043b2-13d4-4679-ac8e-5980663f7c76.jpeg\" alt=\"\" class=\"wp-image-57716 lazyload\" data-srcset=\"https:\/\/cvinoticias.com\/wp-content\/uploads\/2026\/05\/77c043b2-13d4-4679-ac8e-5980663f7c76.jpeg 963w, https:\/\/cvinoticias.com\/wp-content\/uploads\/2026\/05\/77c043b2-13d4-4679-ac8e-5980663f7c76-300x226.jpeg 300w, https:\/\/cvinoticias.com\/wp-content\/uploads\/2026\/05\/77c043b2-13d4-4679-ac8e-5980663f7c76-768x578.jpeg 768w\" data-sizes=\"(max-width: 963px) 100vw, 963px\" src=\"data:image\/svg+xml;base64,PHN2ZyB3aWR0aD0iMSIgaGVpZ2h0PSIxIiB4bWxucz0iaHR0cDovL3d3dy53My5vcmcvMjAwMC9zdmciPjwvc3ZnPg==\" style=\"--smush-placeholder-width: 963px; --smush-placeholder-aspect-ratio: 963\/725;\" \/><\/a><\/figure>\n\n\n\n<p>Entrevista con: Elizabeth Gutierrez (Presidente), Carolina Devecchi (Vicepresidente) y Andrea Silvina Milogis (Vocal)<\/p>\n","protected":false},"excerpt":{"rendered":"<p>\u200bEn una jornada hist\u00f3rica para la cultura local, se formaliz\u00f3 hoy en el Polideportivo Municipal el primer paso administrativo para la creaci\u00f3n de la Asociaci\u00f3n Civil y Cultural de Artistas de Cataratas del Iguaz\u00fa (A.C.C.A.C.I.). Durante el acto, se hizo entrega de la reserva de nombre otorgada por la Direcci\u00f3n General de Personas Jur\u00eddicas, tras [&hellip;]<\/p>\n","protected":false},"author":2,"featured_media":57715,"comment_status":"open","ping_status":"closed","sticky":false,"template":"","format":"standard","meta":{"footnotes":""},"categories":[47],"tags":[5254,3147,74,3049,313],"class_list":["post-57714","post","type-post","status-publish","format-standard","has-post-thumbnail","hentry","category-sociedad","tag-artistas","tag-asociacion","tag-cataratas","tag-cultural","tag-iguazu"],"yoast_head":"<!-- This site is optimized with the Yoast SEO plugin v27.5 - https:\/\/yoast.com\/product\/yoast-seo-wordpress\/ -->\n<title>Nace la Asociaci\u00f3n Civil y Cultural de Artista | CVI NOTICIAS<\/title>\n<meta name=\"description\" content=\"Crean asociaci\u00f3n de artistas en Iguaz\u00fa con personer\u00eda en tr\u00e1mite y apoyo local.\" \/>\n<meta name=\"robots\" content=\"index, follow, max-snippet:-1, max-image-preview:large, max-video-preview:-1\" \/>\n<link rel=\"canonical\" href=\"https:\/\/cvinoticias.com\/v3\/nace-la-asociacion-civil-y-cultural-de-artistas-de-cataratas-del-iguazu\/\" \/>\n<meta property=\"og:locale\" content=\"es_ES\" \/>\n<meta property=\"og:type\" content=\"article\" \/>\n<meta property=\"og:title\" content=\"Nace la Asociaci\u00f3n Civil y Cultural de Artista | CVI NOTICIAS\" \/>\n<meta property=\"og:description\" content=\"Crean asociaci\u00f3n de artistas en Iguaz\u00fa con personer\u00eda en tr\u00e1mite y apoyo local.\" \/>\n<meta property=\"og:url\" content=\"https:\/\/cvinoticias.com\/v3\/nace-la-asociacion-civil-y-cultural-de-artistas-de-cataratas-del-iguazu\/\" \/>\n<meta property=\"og:site_name\" content=\"CVI NOTICIAS\" \/>\n<meta property=\"article:publisher\" content=\"https:\/\/www.facebook.com\/cvinoticias\" \/>\n<meta property=\"article:published_time\" content=\"2026-04-30T16:25:57+00:00\" \/>\n<meta property=\"article:modified_time\" content=\"2026-05-01T12:23:25+00:00\" \/>\n<meta property=\"og:image\" content=\"https:\/\/cvinoticias.com\/wp-content\/uploads\/2026\/05\/f66742a5-eb78-4069-827d-823d21f3c6fc.jpeg\" \/>\n\t<meta property=\"og:image:width\" content=\"1280\" \/>\n\t<meta property=\"og:image:height\" content=\"720\" \/>\n\t<meta property=\"og:image:type\" content=\"image\/jpeg\" \/>\n<meta name=\"author\" content=\"f1000024\" \/>\n<meta name=\"twitter:card\" content=\"summary_large_image\" \/>\n<meta name=\"twitter:label1\" content=\"Escrito por\" \/>\n\t<meta name=\"twitter:data1\" content=\"f1000024\" \/>\n\t<meta name=\"twitter:label2\" content=\"Tiempo de lectura\" \/>\n\t<meta name=\"twitter:data2\" content=\"2 minutos\" \/>\n<script type=\"application\/ld+json\" class=\"yoast-schema-graph\">{\"@context\":\"https:\\\/\\\/schema.org\",\"@graph\":[{\"@type\":\"Article\",\"@id\":\"https:\\\/\\\/cvinoticias.com\\\/v3\\\/nace-la-asociacion-civil-y-cultural-de-artistas-de-cataratas-del-iguazu\\\/#article\",\"isPartOf\":{\"@id\":\"https:\\\/\\\/cvinoticias.com\\\/v3\\\/nace-la-asociacion-civil-y-cultural-de-artistas-de-cataratas-del-iguazu\\\/\"},\"author\":{\"name\":\"f1000024\",\"@id\":\"https:\\\/\\\/cvinoticias.com\\\/v3\\\/#\\\/schema\\\/person\\\/2db77e3c6bc03c538495d7b2b8be9b66\"},\"headline\":\"Nace la Asociaci\u00f3n Civil y Cultural de Artistas de Cataratas del Iguaz\u00fa\",\"datePublished\":\"2026-04-30T16:25:57+00:00\",\"dateModified\":\"2026-05-01T12:23:25+00:00\",\"mainEntityOfPage\":{\"@id\":\"https:\\\/\\\/cvinoticias.com\\\/v3\\\/nace-la-asociacion-civil-y-cultural-de-artistas-de-cataratas-del-iguazu\\\/\"},\"wordCount\":379,\"commentCount\":0,\"publisher\":{\"@id\":\"https:\\\/\\\/cvinoticias.com\\\/v3\\\/#organization\"},\"image\":{\"@id\":\"https:\\\/\\\/cvinoticias.com\\\/v3\\\/nace-la-asociacion-civil-y-cultural-de-artistas-de-cataratas-del-iguazu\\\/#primaryimage\"},\"thumbnailUrl\":\"https:\\\/\\\/cvinoticias.com\\\/wp-content\\\/uploads\\\/2026\\\/05\\\/f66742a5-eb78-4069-827d-823d21f3c6fc.jpeg\",\"keywords\":[\"artistas\",\"Asociaci\u00f3n\",\"cataratas\",\"Cultural\",\"Iguaz\u00fa\"],\"articleSection\":[\"Sociedad\"],\"inLanguage\":\"es\",\"potentialAction\":[{\"@type\":\"CommentAction\",\"name\":\"Comment\",\"target\":[\"https:\\\/\\\/cvinoticias.com\\\/v3\\\/nace-la-asociacion-civil-y-cultural-de-artistas-de-cataratas-del-iguazu\\\/#respond\"]}]},{\"@type\":\"WebPage\",\"@id\":\"https:\\\/\\\/cvinoticias.com\\\/v3\\\/nace-la-asociacion-civil-y-cultural-de-artistas-de-cataratas-del-iguazu\\\/\",\"url\":\"https:\\\/\\\/cvinoticias.com\\\/v3\\\/nace-la-asociacion-civil-y-cultural-de-artistas-de-cataratas-del-iguazu\\\/\",\"name\":\"Nace la Asociaci\u00f3n Civil y Cultural de Artista | CVI NOTICIAS\",\"isPartOf\":{\"@id\":\"https:\\\/\\\/cvinoticias.com\\\/v3\\\/#website\"},\"primaryImageOfPage\":{\"@id\":\"https:\\\/\\\/cvinoticias.com\\\/v3\\\/nace-la-asociacion-civil-y-cultural-de-artistas-de-cataratas-del-iguazu\\\/#primaryimage\"},\"image\":{\"@id\":\"https:\\\/\\\/cvinoticias.com\\\/v3\\\/nace-la-asociacion-civil-y-cultural-de-artistas-de-cataratas-del-iguazu\\\/#primaryimage\"},\"thumbnailUrl\":\"https:\\\/\\\/cvinoticias.com\\\/wp-content\\\/uploads\\\/2026\\\/05\\\/f66742a5-eb78-4069-827d-823d21f3c6fc.jpeg\",\"datePublished\":\"2026-04-30T16:25:57+00:00\",\"dateModified\":\"2026-05-01T12:23:25+00:00\",\"description\":\"Crean asociaci\u00f3n de artistas en Iguaz\u00fa con personer\u00eda en tr\u00e1mite y apoyo local.\",\"breadcrumb\":{\"@id\":\"https:\\\/\\\/cvinoticias.com\\\/v3\\\/nace-la-asociacion-civil-y-cultural-de-artistas-de-cataratas-del-iguazu\\\/#breadcrumb\"},\"inLanguage\":\"es\",\"potentialAction\":[{\"@type\":\"ReadAction\",\"target\":[\"https:\\\/\\\/cvinoticias.com\\\/v3\\\/nace-la-asociacion-civil-y-cultural-de-artistas-de-cataratas-del-iguazu\\\/\"]}]},{\"@type\":\"ImageObject\",\"inLanguage\":\"es\",\"@id\":\"https:\\\/\\\/cvinoticias.com\\\/v3\\\/nace-la-asociacion-civil-y-cultural-de-artistas-de-cataratas-del-iguazu\\\/#primaryimage\",\"url\":\"https:\\\/\\\/cvinoticias.com\\\/wp-content\\\/uploads\\\/2026\\\/05\\\/f66742a5-eb78-4069-827d-823d21f3c6fc.jpeg\",\"contentUrl\":\"https:\\\/\\\/cvinoticias.com\\\/wp-content\\\/uploads\\\/2026\\\/05\\\/f66742a5-eb78-4069-827d-823d21f3c6fc.jpeg\",\"width\":1280,\"height\":720},{\"@type\":\"BreadcrumbList\",\"@id\":\"https:\\\/\\\/cvinoticias.com\\\/v3\\\/nace-la-asociacion-civil-y-cultural-de-artistas-de-cataratas-del-iguazu\\\/#breadcrumb\",\"itemListElement\":[{\"@type\":\"ListItem\",\"position\":1,\"name\":\"Portada\",\"item\":\"https:\\\/\\\/cvinoticias.com\\\/v3\\\/\"},{\"@type\":\"ListItem\",\"position\":2,\"name\":\"Nace la Asociaci\u00f3n Civil y Cultural de Artistas de Cataratas del Iguaz\u00fa\"}]},{\"@type\":\"WebSite\",\"@id\":\"https:\\\/\\\/cvinoticias.com\\\/v3\\\/#website\",\"url\":\"https:\\\/\\\/cvinoticias.com\\\/v3\\\/\",\"name\":\"CVI NOTICIAS\",\"description\":\"\",\"publisher\":{\"@id\":\"https:\\\/\\\/cvinoticias.com\\\/v3\\\/#organization\"},\"alternateName\":\"CVI\",\"potentialAction\":[{\"@type\":\"SearchAction\",\"target\":{\"@type\":\"EntryPoint\",\"urlTemplate\":\"https:\\\/\\\/cvinoticias.com\\\/v3\\\/?s={search_term_string}\"},\"query-input\":{\"@type\":\"PropertyValueSpecification\",\"valueRequired\":true,\"valueName\":\"search_term_string\"}}],\"inLanguage\":\"es\"},{\"@type\":\"Organization\",\"@id\":\"https:\\\/\\\/cvinoticias.com\\\/v3\\\/#organization\",\"name\":\"CVI NOTICIAS\",\"url\":\"https:\\\/\\\/cvinoticias.com\\\/v3\\\/\",\"logo\":{\"@type\":\"ImageObject\",\"inLanguage\":\"es\",\"@id\":\"https:\\\/\\\/cvinoticias.com\\\/v3\\\/#\\\/schema\\\/logo\\\/image\\\/\",\"url\":\"https:\\\/\\\/cvinoticias.com\\\/wp-content\\\/uploads\\\/2023\\\/04\\\/cropped-cropped-cropped-cropped-cropped-3-1.png\",\"contentUrl\":\"https:\\\/\\\/cvinoticias.com\\\/wp-content\\\/uploads\\\/2023\\\/04\\\/cropped-cropped-cropped-cropped-cropped-3-1.png\",\"width\":95,\"height\":122,\"caption\":\"CVI NOTICIAS\"},\"image\":{\"@id\":\"https:\\\/\\\/cvinoticias.com\\\/v3\\\/#\\\/schema\\\/logo\\\/image\\\/\"},\"sameAs\":[\"https:\\\/\\\/www.facebook.com\\\/cvinoticias\",\"https:\\\/\\\/www.instagram.com\\\/cvinoticias\\\/\",\"https:\\\/\\\/www.youtube.com\\\/@CVINOTICIAS\"]},{\"@type\":\"Person\",\"@id\":\"https:\\\/\\\/cvinoticias.com\\\/v3\\\/#\\\/schema\\\/person\\\/2db77e3c6bc03c538495d7b2b8be9b66\",\"name\":\"f1000024\",\"image\":{\"@type\":\"ImageObject\",\"inLanguage\":\"es\",\"@id\":\"https:\\\/\\\/secure.gravatar.com\\\/avatar\\\/d4fe7459cfc51ff5129ce1a732bbef5928568b8092d412ef95611616376bbeed?s=96&d=mm&r=g\",\"url\":\"https:\\\/\\\/secure.gravatar.com\\\/avatar\\\/d4fe7459cfc51ff5129ce1a732bbef5928568b8092d412ef95611616376bbeed?s=96&d=mm&r=g\",\"contentUrl\":\"https:\\\/\\\/secure.gravatar.com\\\/avatar\\\/d4fe7459cfc51ff5129ce1a732bbef5928568b8092d412ef95611616376bbeed?s=96&d=mm&r=g\",\"caption\":\"f1000024\"},\"url\":\"https:\\\/\\\/cvinoticias.com\\\/v3\\\/author\\\/f1000024\\\/\"}]}<\/script>\n<!-- \/ Yoast SEO plugin. -->","yoast_head_json":{"title":"Nace la Asociaci\u00f3n Civil y Cultural de Artista | CVI NOTICIAS","description":"Crean asociaci\u00f3n de artistas en Iguaz\u00fa con personer\u00eda en tr\u00e1mite y apoyo local.","robots":{"index":"index","follow":"follow","max-snippet":"max-snippet:-1","max-image-preview":"max-image-preview:large","max-video-preview":"max-video-preview:-1"},"canonical":"https:\/\/cvinoticias.com\/v3\/nace-la-asociacion-civil-y-cultural-de-artistas-de-cataratas-del-iguazu\/","og_locale":"es_ES","og_type":"article","og_title":"Nace la Asociaci\u00f3n Civil y Cultural de Artista | CVI NOTICIAS","og_description":"Crean asociaci\u00f3n de artistas en Iguaz\u00fa con personer\u00eda en tr\u00e1mite y apoyo local.","og_url":"https:\/\/cvinoticias.com\/v3\/nace-la-asociacion-civil-y-cultural-de-artistas-de-cataratas-del-iguazu\/","og_site_name":"CVI NOTICIAS","article_publisher":"https:\/\/www.facebook.com\/cvinoticias","article_published_time":"2026-04-30T16:25:57+00:00","article_modified_time":"2026-05-01T12:23:25+00:00","og_image":[{"width":1280,"height":720,"url":"https:\/\/cvinoticias.com\/wp-content\/uploads\/2026\/05\/f66742a5-eb78-4069-827d-823d21f3c6fc.jpeg","type":"image\/jpeg"}],"author":"f1000024","twitter_card":"summary_large_image","twitter_misc":{"Escrito por":"f1000024","Tiempo de lectura":"2 minutos"},"schema":{"@context":"https:\/\/schema.org","@graph":[{"@type":"Article","@id":"https:\/\/cvinoticias.com\/v3\/nace-la-asociacion-civil-y-cultural-de-artistas-de-cataratas-del-iguazu\/#article","isPartOf":{"@id":"https:\/\/cvinoticias.com\/v3\/nace-la-asociacion-civil-y-cultural-de-artistas-de-cataratas-del-iguazu\/"},"author":{"name":"f1000024","@id":"https:\/\/cvinoticias.com\/v3\/#\/schema\/person\/2db77e3c6bc03c538495d7b2b8be9b66"},"headline":"Nace la Asociaci\u00f3n Civil y Cultural de Artistas de Cataratas del Iguaz\u00fa","datePublished":"2026-04-30T16:25:57+00:00","dateModified":"2026-05-01T12:23:25+00:00","mainEntityOfPage":{"@id":"https:\/\/cvinoticias.com\/v3\/nace-la-asociacion-civil-y-cultural-de-artistas-de-cataratas-del-iguazu\/"},"wordCount":379,"commentCount":0,"publisher":{"@id":"https:\/\/cvinoticias.com\/v3\/#organization"},"image":{"@id":"https:\/\/cvinoticias.com\/v3\/nace-la-asociacion-civil-y-cultural-de-artistas-de-cataratas-del-iguazu\/#primaryimage"},"thumbnailUrl":"https:\/\/cvinoticias.com\/wp-content\/uploads\/2026\/05\/f66742a5-eb78-4069-827d-823d21f3c6fc.jpeg","keywords":["artistas","Asociaci\u00f3n","cataratas","Cultural","Iguaz\u00fa"],"articleSection":["Sociedad"],"inLanguage":"es","potentialAction":[{"@type":"CommentAction","name":"Comment","target":["https:\/\/cvinoticias.com\/v3\/nace-la-asociacion-civil-y-cultural-de-artistas-de-cataratas-del-iguazu\/#respond"]}]},{"@type":"WebPage","@id":"https:\/\/cvinoticias.com\/v3\/nace-la-asociacion-civil-y-cultural-de-artistas-de-cataratas-del-iguazu\/","url":"https:\/\/cvinoticias.com\/v3\/nace-la-asociacion-civil-y-cultural-de-artistas-de-cataratas-del-iguazu\/","name":"Nace la Asociaci\u00f3n Civil y Cultural de Artista | CVI NOTICIAS","isPartOf":{"@id":"https:\/\/cvinoticias.com\/v3\/#website"},"primaryImageOfPage":{"@id":"https:\/\/cvinoticias.com\/v3\/nace-la-asociacion-civil-y-cultural-de-artistas-de-cataratas-del-iguazu\/#primaryimage"},"image":{"@id":"https:\/\/cvinoticias.com\/v3\/nace-la-asociacion-civil-y-cultural-de-artistas-de-cataratas-del-iguazu\/#primaryimage"},"thumbnailUrl":"https:\/\/cvinoticias.com\/wp-content\/uploads\/2026\/05\/f66742a5-eb78-4069-827d-823d21f3c6fc.jpeg","datePublished":"2026-04-30T16:25:57+00:00","dateModified":"2026-05-01T12:23:25+00:00","description":"Crean asociaci\u00f3n de artistas en Iguaz\u00fa con personer\u00eda en tr\u00e1mite y apoyo local.","breadcrumb":{"@id":"https:\/\/cvinoticias.com\/v3\/nace-la-asociacion-civil-y-cultural-de-artistas-de-cataratas-del-iguazu\/#breadcrumb"},"inLanguage":"es","potentialAction":[{"@type":"ReadAction","target":["https:\/\/cvinoticias.com\/v3\/nace-la-asociacion-civil-y-cultural-de-artistas-de-cataratas-del-iguazu\/"]}]},{"@type":"ImageObject","inLanguage":"es","@id":"https:\/\/cvinoticias.com\/v3\/nace-la-asociacion-civil-y-cultural-de-artistas-de-cataratas-del-iguazu\/#primaryimage","url":"https:\/\/cvinoticias.com\/wp-content\/uploads\/2026\/05\/f66742a5-eb78-4069-827d-823d21f3c6fc.jpeg","contentUrl":"https:\/\/cvinoticias.com\/wp-content\/uploads\/2026\/05\/f66742a5-eb78-4069-827d-823d21f3c6fc.jpeg","width":1280,"height":720},{"@type":"BreadcrumbList","@id":"https:\/\/cvinoticias.com\/v3\/nace-la-asociacion-civil-y-cultural-de-artistas-de-cataratas-del-iguazu\/#breadcrumb","itemListElement":[{"@type":"ListItem","position":1,"name":"Portada","item":"https:\/\/cvinoticias.com\/v3\/"},{"@type":"ListItem","position":2,"name":"Nace la Asociaci\u00f3n Civil y Cultural de Artistas de Cataratas del Iguaz\u00fa"}]},{"@type":"WebSite","@id":"https:\/\/cvinoticias.com\/v3\/#website","url":"https:\/\/cvinoticias.com\/v3\/","name":"CVI NOTICIAS","description":"","publisher":{"@id":"https:\/\/cvinoticias.com\/v3\/#organization"},"alternateName":"CVI","potentialAction":[{"@type":"SearchAction","target":{"@type":"EntryPoint","urlTemplate":"https:\/\/cvinoticias.com\/v3\/?s={search_term_string}"},"query-input":{"@type":"PropertyValueSpecification","valueRequired":true,"valueName":"search_term_string"}}],"inLanguage":"es"},{"@type":"Organization","@id":"https:\/\/cvinoticias.com\/v3\/#organization","name":"CVI NOTICIAS","url":"https:\/\/cvinoticias.com\/v3\/","logo":{"@type":"ImageObject","inLanguage":"es","@id":"https:\/\/cvinoticias.com\/v3\/#\/schema\/logo\/image\/","url":"https:\/\/cvinoticias.com\/wp-content\/uploads\/2023\/04\/cropped-cropped-cropped-cropped-cropped-3-1.png","contentUrl":"https:\/\/cvinoticias.com\/wp-content\/uploads\/2023\/04\/cropped-cropped-cropped-cropped-cropped-3-1.png","width":95,"height":122,"caption":"CVI NOTICIAS"},"image":{"@id":"https:\/\/cvinoticias.com\/v3\/#\/schema\/logo\/image\/"},"sameAs":["https:\/\/www.facebook.com\/cvinoticias","https:\/\/www.instagram.com\/cvinoticias\/","https:\/\/www.youtube.com\/@CVINOTICIAS"]},{"@type":"Person","@id":"https:\/\/cvinoticias.com\/v3\/#\/schema\/person\/2db77e3c6bc03c538495d7b2b8be9b66","name":"f1000024","image":{"@type":"ImageObject","inLanguage":"es","@id":"https:\/\/secure.gravatar.com\/avatar\/d4fe7459cfc51ff5129ce1a732bbef5928568b8092d412ef95611616376bbeed?s=96&d=mm&r=g","url":"https:\/\/secure.gravatar.com\/avatar\/d4fe7459cfc51ff5129ce1a732bbef5928568b8092d412ef95611616376bbeed?s=96&d=mm&r=g","contentUrl":"https:\/\/secure.gravatar.com\/avatar\/d4fe7459cfc51ff5129ce1a732bbef5928568b8092d412ef95611616376bbeed?s=96&d=mm&r=g","caption":"f1000024"},"url":"https:\/\/cvinoticias.com\/v3\/author\/f1000024\/"}]}},"_links":{"self":[{"href":"https:\/\/cvinoticias.com\/v3\/wp-json\/wp\/v2\/posts\/57714","targetHints":{"allow":["GET"]}}],"collection":[{"href":"https:\/\/cvinoticias.com\/v3\/wp-json\/wp\/v2\/posts"}],"about":[{"href":"https:\/\/cvinoticias.com\/v3\/wp-json\/wp\/v2\/types\/post"}],"author":[{"embeddable":true,"href":"https:\/\/cvinoticias.com\/v3\/wp-json\/wp\/v2\/users\/2"}],"replies":[{"embeddable":true,"href":"https:\/\/cvinoticias.com\/v3\/wp-json\/wp\/v2\/comments?post=57714"}],"version-history":[{"count":1,"href":"https:\/\/cvinoticias.com\/v3\/wp-json\/wp\/v2\/posts\/57714\/revisions"}],"predecessor-version":[{"id":57717,"href":"https:\/\/cvinoticias.com\/v3\/wp-json\/wp\/v2\/posts\/57714\/revisions\/57717"}],"wp:featuredmedia":[{"embeddable":true,"href":"https:\/\/cvinoticias.com\/v3\/wp-json\/wp\/v2\/media\/57715"}],"wp:attachment":[{"href":"https:\/\/cvinoticias.com\/v3\/wp-json\/wp\/v2\/media?parent=57714"}],"wp:term":[{"taxonomy":"category","embeddable":true,"href":"https:\/\/cvinoticias.com\/v3\/wp-json\/wp\/v2\/categories?post=57714"},{"taxonomy":"post_tag","embeddable":true,"href":"https:\/\/cvinoticias.com\/v3\/wp-json\/wp\/v2\/tags?post=57714"}],"curies":[{"name":"wp","href":"https:\/\/api.w.org\/{rel}","templated":true}]}}