{"id":57711,"date":"2026-04-30T14:18:09","date_gmt":"2026-04-30T17:18:09","guid":{"rendered":"https:\/\/cvinoticias.com\/v3\/?p=57711"},"modified":"2026-05-01T09:18:50","modified_gmt":"2026-05-01T12:18:50","slug":"el-mensaje-del-intendente-claudio-filippa-por-el-dia-del-trabajador","status":"publish","type":"post","link":"https:\/\/cvinoticias.com\/v3\/el-mensaje-del-intendente-claudio-filippa-por-el-dia-del-trabajador\/","title":{"rendered":"El Mensaje del Intendente Claudio Filippa por el D\u00eda del Trabajador"},"content":{"rendered":"\n<p>\u200bEn v\u00edsperas del 1 de mayo, el intendente de Puerto Iguaz\u00fa, Claudio Ra\u00fal Filippa, envi\u00f3 un mensaje a la comunidad donde analiz\u00f3 la compleja realidad econ\u00f3mica que atraviesa el pa\u00eds y brind\u00f3 un reconocimiento especial a quienes d\u00eda a d\u00eda sostienen la actividad en la ciudad y la provincia.<\/p>\n\n\n\n<p>\u200bFilippa no evit\u00f3 referirse a la crisis que golpea a nivel nacional, se\u00f1alando que muchas familias est\u00e1n pasando momentos dif\u00edciles, especialmente aquellos que hoy se encuentran en la b\u00fasqueda de empleo. \u00abEntendemos el esfuerzo que hacen todos los iguazuenses y los misioneros; vamos a trabajar siempre con fuerza porque nunca hemos bajado los brazos\u00bb, enfatiz\u00f3.<\/p>\n\n\n\n<p>\u200bDurante su alocuci\u00f3n, el intendente fue cr\u00edtico con el impacto de las pol\u00edticas actuales, advirtiendo que los salarios han quedado relegados frente a una econom\u00eda \u00abplanchada\u00bb que frena la producci\u00f3n y el consumo, afectando directamente el bolsillo de los argentinos. En este sentido, hizo un firme hincapi\u00e9 en la necesidad de que la coparticipaci\u00f3n federal se distribuya como corresponde por ley a todas las provincias y municipios.<\/p>\n\n\n\n<p>\u200bRespecto a la gesti\u00f3n local, Filippa reconoci\u00f3 que el contexto actual hace que todo cueste mucho m\u00e1s, pero asegur\u00f3 que Puerto Iguaz\u00fa mantiene sus responsabilidades al orden del d\u00eda. Asimismo, dedic\u00f3 un p\u00e1rrafo especial a la familia municipal: \u00abLes estoy eternamente agradecido por el esfuerzo que realizan todos los d\u00edas\u00bb.<\/p>\n\n\n\n<p>\u200b\u00bbUn abrazo del alma a todos los amigos trabajadores\u00bb, concluy\u00f3 el mandatario, reafirmando su compromiso de gesti\u00f3n pese al escenario de incertidumbre econ\u00f3mica nacional.<\/p>\n\n\n\n<p>Entrevista con: Claudio R. Filippa (Intendente)<\/p>\n","protected":false},"excerpt":{"rendered":"<p>\u200bEn v\u00edsperas del 1 de mayo, el intendente de Puerto Iguaz\u00fa, Claudio Ra\u00fal Filippa, envi\u00f3 un mensaje a la comunidad donde analiz\u00f3 la compleja realidad econ\u00f3mica que atraviesa el pa\u00eds y brind\u00f3 un reconocimiento especial a quienes d\u00eda a d\u00eda sostienen la actividad en la ciudad y la provincia. \u200bFilippa no evit\u00f3 referirse a la [&hellip;]<\/p>\n","protected":false},"author":2,"featured_media":57712,"comment_status":"open","ping_status":"closed","sticky":false,"template":"","format":"standard","meta":{"footnotes":""},"categories":[42],"tags":[554,881,1636,4668,3550],"class_list":["post-57711","post","type-post","status-publish","format-standard","has-post-thumbnail","hentry","category-politica","tag-dia","tag-filippa","tag-intendente","tag-mensaje","tag-trabajador"],"yoast_head":"<!-- This site is optimized with the Yoast SEO plugin v27.5 - https:\/\/yoast.com\/product\/yoast-seo-wordpress\/ -->\n<title>El Mensaje del Intendente Claudio Filippa por el D\u00eda del Trabajador | CVI NOTICIAS<\/title>\n<meta name=\"description\" content=\"Filippa salud\u00f3 a los trabajadores y habl\u00f3 de la crisis econ\u00f3mica y el esfuerzo diario en Iguaz\u00fa.\" \/>\n<meta name=\"robots\" content=\"index, follow, max-snippet:-1, max-image-preview:large, max-video-preview:-1\" \/>\n<link rel=\"canonical\" href=\"https:\/\/cvinoticias.com\/v3\/el-mensaje-del-intendente-claudio-filippa-por-el-dia-del-trabajador\/\" \/>\n<meta property=\"og:locale\" content=\"es_ES\" \/>\n<meta property=\"og:type\" content=\"article\" \/>\n<meta property=\"og:title\" content=\"El Mensaje del Intendente Claudio Filippa por el D\u00eda del Trabajador | CVI NOTICIAS\" \/>\n<meta property=\"og:description\" content=\"Filippa salud\u00f3 a los trabajadores y habl\u00f3 de la crisis econ\u00f3mica y el esfuerzo diario en Iguaz\u00fa.\" \/>\n<meta property=\"og:url\" content=\"https:\/\/cvinoticias.com\/v3\/el-mensaje-del-intendente-claudio-filippa-por-el-dia-del-trabajador\/\" \/>\n<meta property=\"og:site_name\" content=\"CVI NOTICIAS\" \/>\n<meta property=\"article:publisher\" content=\"https:\/\/www.facebook.com\/cvinoticias\" \/>\n<meta property=\"article:published_time\" content=\"2026-04-30T17:18:09+00:00\" \/>\n<meta property=\"article:modified_time\" content=\"2026-05-01T12:18:50+00:00\" \/>\n<meta property=\"og:image\" content=\"https:\/\/cvinoticias.com\/wp-content\/uploads\/2026\/05\/2f5171b2-fc5d-4ecb-8d86-1a4e1633762d.jpeg\" \/>\n\t<meta property=\"og:image:width\" content=\"1280\" \/>\n\t<meta property=\"og:image:height\" content=\"720\" \/>\n\t<meta property=\"og:image:type\" content=\"image\/jpeg\" \/>\n<meta name=\"author\" content=\"f1000024\" \/>\n<meta name=\"twitter:card\" content=\"summary_large_image\" \/>\n<meta name=\"twitter:label1\" content=\"Escrito por\" \/>\n\t<meta name=\"twitter:data1\" content=\"f1000024\" \/>\n\t<meta name=\"twitter:label2\" content=\"Tiempo de lectura\" \/>\n\t<meta name=\"twitter:data2\" content=\"2 minutos\" \/>\n<script type=\"application\/ld+json\" class=\"yoast-schema-graph\">{\"@context\":\"https:\\\/\\\/schema.org\",\"@graph\":[{\"@type\":\"Article\",\"@id\":\"https:\\\/\\\/cvinoticias.com\\\/v3\\\/el-mensaje-del-intendente-claudio-filippa-por-el-dia-del-trabajador\\\/#article\",\"isPartOf\":{\"@id\":\"https:\\\/\\\/cvinoticias.com\\\/v3\\\/el-mensaje-del-intendente-claudio-filippa-por-el-dia-del-trabajador\\\/\"},\"author\":{\"name\":\"f1000024\",\"@id\":\"https:\\\/\\\/cvinoticias.com\\\/v3\\\/#\\\/schema\\\/person\\\/2db77e3c6bc03c538495d7b2b8be9b66\"},\"headline\":\"El Mensaje del Intendente Claudio Filippa por el D\u00eda del Trabajador\",\"datePublished\":\"2026-04-30T17:18:09+00:00\",\"dateModified\":\"2026-05-01T12:18:50+00:00\",\"mainEntityOfPage\":{\"@id\":\"https:\\\/\\\/cvinoticias.com\\\/v3\\\/el-mensaje-del-intendente-claudio-filippa-por-el-dia-del-trabajador\\\/\"},\"wordCount\":285,\"commentCount\":0,\"publisher\":{\"@id\":\"https:\\\/\\\/cvinoticias.com\\\/v3\\\/#organization\"},\"image\":{\"@id\":\"https:\\\/\\\/cvinoticias.com\\\/v3\\\/el-mensaje-del-intendente-claudio-filippa-por-el-dia-del-trabajador\\\/#primaryimage\"},\"thumbnailUrl\":\"https:\\\/\\\/cvinoticias.com\\\/wp-content\\\/uploads\\\/2026\\\/05\\\/2f5171b2-fc5d-4ecb-8d86-1a4e1633762d.jpeg\",\"keywords\":[\"D\u00eda\",\"Filippa\",\"intendente\",\"mensaje\",\"Trabajador\"],\"articleSection\":[\"Politica\"],\"inLanguage\":\"es\",\"potentialAction\":[{\"@type\":\"CommentAction\",\"name\":\"Comment\",\"target\":[\"https:\\\/\\\/cvinoticias.com\\\/v3\\\/el-mensaje-del-intendente-claudio-filippa-por-el-dia-del-trabajador\\\/#respond\"]}]},{\"@type\":\"WebPage\",\"@id\":\"https:\\\/\\\/cvinoticias.com\\\/v3\\\/el-mensaje-del-intendente-claudio-filippa-por-el-dia-del-trabajador\\\/\",\"url\":\"https:\\\/\\\/cvinoticias.com\\\/v3\\\/el-mensaje-del-intendente-claudio-filippa-por-el-dia-del-trabajador\\\/\",\"name\":\"El Mensaje del Intendente Claudio Filippa por el D\u00eda del Trabajador | CVI NOTICIAS\",\"isPartOf\":{\"@id\":\"https:\\\/\\\/cvinoticias.com\\\/v3\\\/#website\"},\"primaryImageOfPage\":{\"@id\":\"https:\\\/\\\/cvinoticias.com\\\/v3\\\/el-mensaje-del-intendente-claudio-filippa-por-el-dia-del-trabajador\\\/#primaryimage\"},\"image\":{\"@id\":\"https:\\\/\\\/cvinoticias.com\\\/v3\\\/el-mensaje-del-intendente-claudio-filippa-por-el-dia-del-trabajador\\\/#primaryimage\"},\"thumbnailUrl\":\"https:\\\/\\\/cvinoticias.com\\\/wp-content\\\/uploads\\\/2026\\\/05\\\/2f5171b2-fc5d-4ecb-8d86-1a4e1633762d.jpeg\",\"datePublished\":\"2026-04-30T17:18:09+00:00\",\"dateModified\":\"2026-05-01T12:18:50+00:00\",\"description\":\"Filippa salud\u00f3 a los trabajadores y habl\u00f3 de la crisis econ\u00f3mica y el esfuerzo diario en Iguaz\u00fa.\",\"breadcrumb\":{\"@id\":\"https:\\\/\\\/cvinoticias.com\\\/v3\\\/el-mensaje-del-intendente-claudio-filippa-por-el-dia-del-trabajador\\\/#breadcrumb\"},\"inLanguage\":\"es\",\"potentialAction\":[{\"@type\":\"ReadAction\",\"target\":[\"https:\\\/\\\/cvinoticias.com\\\/v3\\\/el-mensaje-del-intendente-claudio-filippa-por-el-dia-del-trabajador\\\/\"]}]},{\"@type\":\"ImageObject\",\"inLanguage\":\"es\",\"@id\":\"https:\\\/\\\/cvinoticias.com\\\/v3\\\/el-mensaje-del-intendente-claudio-filippa-por-el-dia-del-trabajador\\\/#primaryimage\",\"url\":\"https:\\\/\\\/cvinoticias.com\\\/wp-content\\\/uploads\\\/2026\\\/05\\\/2f5171b2-fc5d-4ecb-8d86-1a4e1633762d.jpeg\",\"contentUrl\":\"https:\\\/\\\/cvinoticias.com\\\/wp-content\\\/uploads\\\/2026\\\/05\\\/2f5171b2-fc5d-4ecb-8d86-1a4e1633762d.jpeg\",\"width\":1280,\"height\":720},{\"@type\":\"BreadcrumbList\",\"@id\":\"https:\\\/\\\/cvinoticias.com\\\/v3\\\/el-mensaje-del-intendente-claudio-filippa-por-el-dia-del-trabajador\\\/#breadcrumb\",\"itemListElement\":[{\"@type\":\"ListItem\",\"position\":1,\"name\":\"Portada\",\"item\":\"https:\\\/\\\/cvinoticias.com\\\/v3\\\/\"},{\"@type\":\"ListItem\",\"position\":2,\"name\":\"El Mensaje del Intendente Claudio Filippa por el D\u00eda del Trabajador\"}]},{\"@type\":\"WebSite\",\"@id\":\"https:\\\/\\\/cvinoticias.com\\\/v3\\\/#website\",\"url\":\"https:\\\/\\\/cvinoticias.com\\\/v3\\\/\",\"name\":\"CVI NOTICIAS\",\"description\":\"\",\"publisher\":{\"@id\":\"https:\\\/\\\/cvinoticias.com\\\/v3\\\/#organization\"},\"alternateName\":\"CVI\",\"potentialAction\":[{\"@type\":\"SearchAction\",\"target\":{\"@type\":\"EntryPoint\",\"urlTemplate\":\"https:\\\/\\\/cvinoticias.com\\\/v3\\\/?s={search_term_string}\"},\"query-input\":{\"@type\":\"PropertyValueSpecification\",\"valueRequired\":true,\"valueName\":\"search_term_string\"}}],\"inLanguage\":\"es\"},{\"@type\":\"Organization\",\"@id\":\"https:\\\/\\\/cvinoticias.com\\\/v3\\\/#organization\",\"name\":\"CVI NOTICIAS\",\"url\":\"https:\\\/\\\/cvinoticias.com\\\/v3\\\/\",\"logo\":{\"@type\":\"ImageObject\",\"inLanguage\":\"es\",\"@id\":\"https:\\\/\\\/cvinoticias.com\\\/v3\\\/#\\\/schema\\\/logo\\\/image\\\/\",\"url\":\"https:\\\/\\\/cvinoticias.com\\\/wp-content\\\/uploads\\\/2023\\\/04\\\/cropped-cropped-cropped-cropped-cropped-3-1.png\",\"contentUrl\":\"https:\\\/\\\/cvinoticias.com\\\/wp-content\\\/uploads\\\/2023\\\/04\\\/cropped-cropped-cropped-cropped-cropped-3-1.png\",\"width\":95,\"height\":122,\"caption\":\"CVI NOTICIAS\"},\"image\":{\"@id\":\"https:\\\/\\\/cvinoticias.com\\\/v3\\\/#\\\/schema\\\/logo\\\/image\\\/\"},\"sameAs\":[\"https:\\\/\\\/www.facebook.com\\\/cvinoticias\",\"https:\\\/\\\/www.instagram.com\\\/cvinoticias\\\/\",\"https:\\\/\\\/www.youtube.com\\\/@CVINOTICIAS\"]},{\"@type\":\"Person\",\"@id\":\"https:\\\/\\\/cvinoticias.com\\\/v3\\\/#\\\/schema\\\/person\\\/2db77e3c6bc03c538495d7b2b8be9b66\",\"name\":\"f1000024\",\"image\":{\"@type\":\"ImageObject\",\"inLanguage\":\"es\",\"@id\":\"https:\\\/\\\/secure.gravatar.com\\\/avatar\\\/d4fe7459cfc51ff5129ce1a732bbef5928568b8092d412ef95611616376bbeed?s=96&d=mm&r=g\",\"url\":\"https:\\\/\\\/secure.gravatar.com\\\/avatar\\\/d4fe7459cfc51ff5129ce1a732bbef5928568b8092d412ef95611616376bbeed?s=96&d=mm&r=g\",\"contentUrl\":\"https:\\\/\\\/secure.gravatar.com\\\/avatar\\\/d4fe7459cfc51ff5129ce1a732bbef5928568b8092d412ef95611616376bbeed?s=96&d=mm&r=g\",\"caption\":\"f1000024\"},\"url\":\"https:\\\/\\\/cvinoticias.com\\\/v3\\\/author\\\/f1000024\\\/\"}]}<\/script>\n<!-- \/ Yoast SEO plugin. -->","yoast_head_json":{"title":"El Mensaje del Intendente Claudio Filippa por el D\u00eda del Trabajador | CVI NOTICIAS","description":"Filippa salud\u00f3 a los trabajadores y habl\u00f3 de la crisis econ\u00f3mica y el esfuerzo diario en Iguaz\u00fa.","robots":{"index":"index","follow":"follow","max-snippet":"max-snippet:-1","max-image-preview":"max-image-preview:large","max-video-preview":"max-video-preview:-1"},"canonical":"https:\/\/cvinoticias.com\/v3\/el-mensaje-del-intendente-claudio-filippa-por-el-dia-del-trabajador\/","og_locale":"es_ES","og_type":"article","og_title":"El Mensaje del Intendente Claudio Filippa por el D\u00eda del Trabajador | CVI NOTICIAS","og_description":"Filippa salud\u00f3 a los trabajadores y habl\u00f3 de la crisis econ\u00f3mica y el esfuerzo diario en Iguaz\u00fa.","og_url":"https:\/\/cvinoticias.com\/v3\/el-mensaje-del-intendente-claudio-filippa-por-el-dia-del-trabajador\/","og_site_name":"CVI NOTICIAS","article_publisher":"https:\/\/www.facebook.com\/cvinoticias","article_published_time":"2026-04-30T17:18:09+00:00","article_modified_time":"2026-05-01T12:18:50+00:00","og_image":[{"width":1280,"height":720,"url":"https:\/\/cvinoticias.com\/wp-content\/uploads\/2026\/05\/2f5171b2-fc5d-4ecb-8d86-1a4e1633762d.jpeg","type":"image\/jpeg"}],"author":"f1000024","twitter_card":"summary_large_image","twitter_misc":{"Escrito por":"f1000024","Tiempo de lectura":"2 minutos"},"schema":{"@context":"https:\/\/schema.org","@graph":[{"@type":"Article","@id":"https:\/\/cvinoticias.com\/v3\/el-mensaje-del-intendente-claudio-filippa-por-el-dia-del-trabajador\/#article","isPartOf":{"@id":"https:\/\/cvinoticias.com\/v3\/el-mensaje-del-intendente-claudio-filippa-por-el-dia-del-trabajador\/"},"author":{"name":"f1000024","@id":"https:\/\/cvinoticias.com\/v3\/#\/schema\/person\/2db77e3c6bc03c538495d7b2b8be9b66"},"headline":"El Mensaje del Intendente Claudio Filippa por el D\u00eda del Trabajador","datePublished":"2026-04-30T17:18:09+00:00","dateModified":"2026-05-01T12:18:50+00:00","mainEntityOfPage":{"@id":"https:\/\/cvinoticias.com\/v3\/el-mensaje-del-intendente-claudio-filippa-por-el-dia-del-trabajador\/"},"wordCount":285,"commentCount":0,"publisher":{"@id":"https:\/\/cvinoticias.com\/v3\/#organization"},"image":{"@id":"https:\/\/cvinoticias.com\/v3\/el-mensaje-del-intendente-claudio-filippa-por-el-dia-del-trabajador\/#primaryimage"},"thumbnailUrl":"https:\/\/cvinoticias.com\/wp-content\/uploads\/2026\/05\/2f5171b2-fc5d-4ecb-8d86-1a4e1633762d.jpeg","keywords":["D\u00eda","Filippa","intendente","mensaje","Trabajador"],"articleSection":["Politica"],"inLanguage":"es","potentialAction":[{"@type":"CommentAction","name":"Comment","target":["https:\/\/cvinoticias.com\/v3\/el-mensaje-del-intendente-claudio-filippa-por-el-dia-del-trabajador\/#respond"]}]},{"@type":"WebPage","@id":"https:\/\/cvinoticias.com\/v3\/el-mensaje-del-intendente-claudio-filippa-por-el-dia-del-trabajador\/","url":"https:\/\/cvinoticias.com\/v3\/el-mensaje-del-intendente-claudio-filippa-por-el-dia-del-trabajador\/","name":"El Mensaje del Intendente Claudio Filippa por el D\u00eda del Trabajador | CVI NOTICIAS","isPartOf":{"@id":"https:\/\/cvinoticias.com\/v3\/#website"},"primaryImageOfPage":{"@id":"https:\/\/cvinoticias.com\/v3\/el-mensaje-del-intendente-claudio-filippa-por-el-dia-del-trabajador\/#primaryimage"},"image":{"@id":"https:\/\/cvinoticias.com\/v3\/el-mensaje-del-intendente-claudio-filippa-por-el-dia-del-trabajador\/#primaryimage"},"thumbnailUrl":"https:\/\/cvinoticias.com\/wp-content\/uploads\/2026\/05\/2f5171b2-fc5d-4ecb-8d86-1a4e1633762d.jpeg","datePublished":"2026-04-30T17:18:09+00:00","dateModified":"2026-05-01T12:18:50+00:00","description":"Filippa salud\u00f3 a los trabajadores y habl\u00f3 de la crisis econ\u00f3mica y el esfuerzo diario en Iguaz\u00fa.","breadcrumb":{"@id":"https:\/\/cvinoticias.com\/v3\/el-mensaje-del-intendente-claudio-filippa-por-el-dia-del-trabajador\/#breadcrumb"},"inLanguage":"es","potentialAction":[{"@type":"ReadAction","target":["https:\/\/cvinoticias.com\/v3\/el-mensaje-del-intendente-claudio-filippa-por-el-dia-del-trabajador\/"]}]},{"@type":"ImageObject","inLanguage":"es","@id":"https:\/\/cvinoticias.com\/v3\/el-mensaje-del-intendente-claudio-filippa-por-el-dia-del-trabajador\/#primaryimage","url":"https:\/\/cvinoticias.com\/wp-content\/uploads\/2026\/05\/2f5171b2-fc5d-4ecb-8d86-1a4e1633762d.jpeg","contentUrl":"https:\/\/cvinoticias.com\/wp-content\/uploads\/2026\/05\/2f5171b2-fc5d-4ecb-8d86-1a4e1633762d.jpeg","width":1280,"height":720},{"@type":"BreadcrumbList","@id":"https:\/\/cvinoticias.com\/v3\/el-mensaje-del-intendente-claudio-filippa-por-el-dia-del-trabajador\/#breadcrumb","itemListElement":[{"@type":"ListItem","position":1,"name":"Portada","item":"https:\/\/cvinoticias.com\/v3\/"},{"@type":"ListItem","position":2,"name":"El Mensaje del Intendente Claudio Filippa por el D\u00eda del Trabajador"}]},{"@type":"WebSite","@id":"https:\/\/cvinoticias.com\/v3\/#website","url":"https:\/\/cvinoticias.com\/v3\/","name":"CVI NOTICIAS","description":"","publisher":{"@id":"https:\/\/cvinoticias.com\/v3\/#organization"},"alternateName":"CVI","potentialAction":[{"@type":"SearchAction","target":{"@type":"EntryPoint","urlTemplate":"https:\/\/cvinoticias.com\/v3\/?s={search_term_string}"},"query-input":{"@type":"PropertyValueSpecification","valueRequired":true,"valueName":"search_term_string"}}],"inLanguage":"es"},{"@type":"Organization","@id":"https:\/\/cvinoticias.com\/v3\/#organization","name":"CVI NOTICIAS","url":"https:\/\/cvinoticias.com\/v3\/","logo":{"@type":"ImageObject","inLanguage":"es","@id":"https:\/\/cvinoticias.com\/v3\/#\/schema\/logo\/image\/","url":"https:\/\/cvinoticias.com\/wp-content\/uploads\/2023\/04\/cropped-cropped-cropped-cropped-cropped-3-1.png","contentUrl":"https:\/\/cvinoticias.com\/wp-content\/uploads\/2023\/04\/cropped-cropped-cropped-cropped-cropped-3-1.png","width":95,"height":122,"caption":"CVI NOTICIAS"},"image":{"@id":"https:\/\/cvinoticias.com\/v3\/#\/schema\/logo\/image\/"},"sameAs":["https:\/\/www.facebook.com\/cvinoticias","https:\/\/www.instagram.com\/cvinoticias\/","https:\/\/www.youtube.com\/@CVINOTICIAS"]},{"@type":"Person","@id":"https:\/\/cvinoticias.com\/v3\/#\/schema\/person\/2db77e3c6bc03c538495d7b2b8be9b66","name":"f1000024","image":{"@type":"ImageObject","inLanguage":"es","@id":"https:\/\/secure.gravatar.com\/avatar\/d4fe7459cfc51ff5129ce1a732bbef5928568b8092d412ef95611616376bbeed?s=96&d=mm&r=g","url":"https:\/\/secure.gravatar.com\/avatar\/d4fe7459cfc51ff5129ce1a732bbef5928568b8092d412ef95611616376bbeed?s=96&d=mm&r=g","contentUrl":"https:\/\/secure.gravatar.com\/avatar\/d4fe7459cfc51ff5129ce1a732bbef5928568b8092d412ef95611616376bbeed?s=96&d=mm&r=g","caption":"f1000024"},"url":"https:\/\/cvinoticias.com\/v3\/author\/f1000024\/"}]}},"_links":{"self":[{"href":"https:\/\/cvinoticias.com\/v3\/wp-json\/wp\/v2\/posts\/57711","targetHints":{"allow":["GET"]}}],"collection":[{"href":"https:\/\/cvinoticias.com\/v3\/wp-json\/wp\/v2\/posts"}],"about":[{"href":"https:\/\/cvinoticias.com\/v3\/wp-json\/wp\/v2\/types\/post"}],"author":[{"embeddable":true,"href":"https:\/\/cvinoticias.com\/v3\/wp-json\/wp\/v2\/users\/2"}],"replies":[{"embeddable":true,"href":"https:\/\/cvinoticias.com\/v3\/wp-json\/wp\/v2\/comments?post=57711"}],"version-history":[{"count":1,"href":"https:\/\/cvinoticias.com\/v3\/wp-json\/wp\/v2\/posts\/57711\/revisions"}],"predecessor-version":[{"id":57713,"href":"https:\/\/cvinoticias.com\/v3\/wp-json\/wp\/v2\/posts\/57711\/revisions\/57713"}],"wp:featuredmedia":[{"embeddable":true,"href":"https:\/\/cvinoticias.com\/v3\/wp-json\/wp\/v2\/media\/57712"}],"wp:attachment":[{"href":"https:\/\/cvinoticias.com\/v3\/wp-json\/wp\/v2\/media?parent=57711"}],"wp:term":[{"taxonomy":"category","embeddable":true,"href":"https:\/\/cvinoticias.com\/v3\/wp-json\/wp\/v2\/categories?post=57711"},{"taxonomy":"post_tag","embeddable":true,"href":"https:\/\/cvinoticias.com\/v3\/wp-json\/wp\/v2\/tags?post=57711"}],"curies":[{"name":"wp","href":"https:\/\/api.w.org\/{rel}","templated":true}]}}