{"id":57708,"date":"2026-05-01T09:08:55","date_gmt":"2026-05-01T12:08:55","guid":{"rendered":"https:\/\/cvinoticias.com\/v3\/?p=57708"},"modified":"2026-05-01T09:08:56","modified_gmt":"2026-05-01T12:08:56","slug":"dia-del-trabajador-origen-significado-y-vigencia-de-una-fecha-historica","status":"publish","type":"post","link":"https:\/\/cvinoticias.com\/v3\/dia-del-trabajador-origen-significado-y-vigencia-de-una-fecha-historica\/","title":{"rendered":"D\u00eda del Trabajador: origen, significado y vigencia de una fecha hist\u00f3rica"},"content":{"rendered":"\n<p>Cada 1\u00b0 de mayo se conmemora en la Argentina y en gran parte del mundo el D\u00eda del Trabajador, una jornada que reconoce la lucha hist\u00f3rica por los derechos laborales y reivindica el valor del trabajo en la construcci\u00f3n de la sociedad.<\/p>\n\n\n\n<p>La fecha tiene su origen en 1886, a partir de una serie de protestas obreras en Estados Unidos que reclamaban la reducci\u00f3n de la jornada laboral a ocho horas. Aquellas movilizaciones derivaron en episodios de fuerte represi\u00f3n y en la posterior condena de varios dirigentes sindicales, conocidos como los \u201cM\u00e1rtires de Chicago\u201d. Con el paso del tiempo, el 1\u00b0 de mayo se consolid\u00f3 como un s\u00edmbolo internacional de las reivindicaciones del movimiento obrero.<\/p>\n\n\n\n<p>En la Argentina, la jornada es feriado nacional y suele estar marcada por actos, movilizaciones y actividades organizadas por sindicatos y distintas organizaciones sociales. Tambi\u00e9n representa una oportunidad para reflexionar sobre las condiciones laborales actuales, los desaf\u00edos del empleo y la necesidad de garantizar derechos en un contexto econ\u00f3mico cambiante.<\/p>\n\n\n\n<p>A lo largo de los a\u00f1os, el D\u00eda del Trabajador se ha mantenido como una fecha clave para visibilizar las conquistas alcanzadas, como las vacaciones pagas, el salario m\u00ednimo, las licencias laborales y la seguridad social, as\u00ed como para renovar el compromiso con la defensa de condiciones dignas de trabajo.<\/p>\n\n\n\n<p>En este sentido, la conmemoraci\u00f3n no solo recuerda el pasado, sino que tambi\u00e9n invita a pensar el presente y el futuro del mundo laboral, atravesado por transformaciones tecnol\u00f3gicas, nuevas formas de empleo y demandas de mayor equidad.<\/p>\n","protected":false},"excerpt":{"rendered":"<p>Cada 1\u00b0 de mayo se conmemora en la Argentina y en gran parte del mundo el D\u00eda del Trabajador, una jornada que reconoce la lucha hist\u00f3rica por los derechos laborales y reivindica el valor del trabajo en la construcci\u00f3n de la sociedad. La fecha tiene su origen en 1886, a partir de una serie de [&hellip;]<\/p>\n","protected":false},"author":2,"featured_media":57709,"comment_status":"open","ping_status":"closed","sticky":false,"template":"","format":"standard","meta":{"footnotes":""},"categories":[442],"tags":[554,5892,3550],"class_list":["post-57708","post","type-post","status-publish","format-standard","has-post-thumbnail","hentry","category-efemerides-2","tag-dia","tag-origen","tag-trabajador"],"yoast_head":"<!-- This site is optimized with the Yoast SEO plugin v27.5 - https:\/\/yoast.com\/product\/yoast-seo-wordpress\/ -->\n<title>D\u00eda del Trabajador: Origen, Significado y Vigencia | CVI NOTICIAS<\/title>\n<meta name=\"description\" content=\"El 1\u00b0 de mayo recuerda la lucha por derechos laborales y su vigencia en la actualidad.\" \/>\n<meta name=\"robots\" content=\"index, follow, max-snippet:-1, max-image-preview:large, max-video-preview:-1\" \/>\n<link rel=\"canonical\" href=\"https:\/\/cvinoticias.com\/v3\/dia-del-trabajador-origen-significado-y-vigencia-de-una-fecha-historica\/\" \/>\n<meta property=\"og:locale\" content=\"es_ES\" \/>\n<meta property=\"og:type\" content=\"article\" \/>\n<meta property=\"og:title\" content=\"D\u00eda del Trabajador: Origen, Significado y Vigencia | CVI NOTICIAS\" \/>\n<meta property=\"og:description\" content=\"El 1\u00b0 de mayo recuerda la lucha por derechos laborales y su vigencia en la actualidad.\" \/>\n<meta property=\"og:url\" content=\"https:\/\/cvinoticias.com\/v3\/dia-del-trabajador-origen-significado-y-vigencia-de-una-fecha-historica\/\" \/>\n<meta property=\"og:site_name\" content=\"CVI NOTICIAS\" \/>\n<meta property=\"article:publisher\" content=\"https:\/\/www.facebook.com\/cvinoticias\" \/>\n<meta property=\"article:published_time\" content=\"2026-05-01T12:08:55+00:00\" \/>\n<meta property=\"article:modified_time\" content=\"2026-05-01T12:08:56+00:00\" \/>\n<meta property=\"og:image\" content=\"https:\/\/cvinoticias.com\/wp-content\/uploads\/2026\/05\/dia-del-trabajadorjpeg.webp\" \/>\n\t<meta property=\"og:image:width\" content=\"1200\" \/>\n\t<meta property=\"og:image:height\" content=\"675\" \/>\n\t<meta property=\"og:image:type\" content=\"image\/webp\" \/>\n<meta name=\"author\" content=\"f1000024\" \/>\n<meta name=\"twitter:card\" content=\"summary_large_image\" \/>\n<meta name=\"twitter:label1\" content=\"Escrito por\" \/>\n\t<meta name=\"twitter:data1\" content=\"f1000024\" \/>\n\t<meta name=\"twitter:label2\" content=\"Tiempo de lectura\" \/>\n\t<meta name=\"twitter:data2\" content=\"2 minutos\" \/>\n<script type=\"application\/ld+json\" class=\"yoast-schema-graph\">{\"@context\":\"https:\\\/\\\/schema.org\",\"@graph\":[{\"@type\":\"Article\",\"@id\":\"https:\\\/\\\/cvinoticias.com\\\/v3\\\/dia-del-trabajador-origen-significado-y-vigencia-de-una-fecha-historica\\\/#article\",\"isPartOf\":{\"@id\":\"https:\\\/\\\/cvinoticias.com\\\/v3\\\/dia-del-trabajador-origen-significado-y-vigencia-de-una-fecha-historica\\\/\"},\"author\":{\"name\":\"f1000024\",\"@id\":\"https:\\\/\\\/cvinoticias.com\\\/v3\\\/#\\\/schema\\\/person\\\/2db77e3c6bc03c538495d7b2b8be9b66\"},\"headline\":\"D\u00eda del Trabajador: origen, significado y vigencia de una fecha hist\u00f3rica\",\"datePublished\":\"2026-05-01T12:08:55+00:00\",\"dateModified\":\"2026-05-01T12:08:56+00:00\",\"mainEntityOfPage\":{\"@id\":\"https:\\\/\\\/cvinoticias.com\\\/v3\\\/dia-del-trabajador-origen-significado-y-vigencia-de-una-fecha-historica\\\/\"},\"wordCount\":278,\"commentCount\":0,\"publisher\":{\"@id\":\"https:\\\/\\\/cvinoticias.com\\\/v3\\\/#organization\"},\"image\":{\"@id\":\"https:\\\/\\\/cvinoticias.com\\\/v3\\\/dia-del-trabajador-origen-significado-y-vigencia-de-una-fecha-historica\\\/#primaryimage\"},\"thumbnailUrl\":\"https:\\\/\\\/cvinoticias.com\\\/wp-content\\\/uploads\\\/2026\\\/05\\\/dia-del-trabajadorjpeg.webp\",\"keywords\":[\"D\u00eda\",\"origen\",\"Trabajador\"],\"articleSection\":[\"EFEMERIDES\"],\"inLanguage\":\"es\",\"potentialAction\":[{\"@type\":\"CommentAction\",\"name\":\"Comment\",\"target\":[\"https:\\\/\\\/cvinoticias.com\\\/v3\\\/dia-del-trabajador-origen-significado-y-vigencia-de-una-fecha-historica\\\/#respond\"]}]},{\"@type\":\"WebPage\",\"@id\":\"https:\\\/\\\/cvinoticias.com\\\/v3\\\/dia-del-trabajador-origen-significado-y-vigencia-de-una-fecha-historica\\\/\",\"url\":\"https:\\\/\\\/cvinoticias.com\\\/v3\\\/dia-del-trabajador-origen-significado-y-vigencia-de-una-fecha-historica\\\/\",\"name\":\"D\u00eda del Trabajador: Origen, Significado y Vigencia | CVI NOTICIAS\",\"isPartOf\":{\"@id\":\"https:\\\/\\\/cvinoticias.com\\\/v3\\\/#website\"},\"primaryImageOfPage\":{\"@id\":\"https:\\\/\\\/cvinoticias.com\\\/v3\\\/dia-del-trabajador-origen-significado-y-vigencia-de-una-fecha-historica\\\/#primaryimage\"},\"image\":{\"@id\":\"https:\\\/\\\/cvinoticias.com\\\/v3\\\/dia-del-trabajador-origen-significado-y-vigencia-de-una-fecha-historica\\\/#primaryimage\"},\"thumbnailUrl\":\"https:\\\/\\\/cvinoticias.com\\\/wp-content\\\/uploads\\\/2026\\\/05\\\/dia-del-trabajadorjpeg.webp\",\"datePublished\":\"2026-05-01T12:08:55+00:00\",\"dateModified\":\"2026-05-01T12:08:56+00:00\",\"description\":\"El 1\u00b0 de mayo recuerda la lucha por derechos laborales y su vigencia en la actualidad.\",\"breadcrumb\":{\"@id\":\"https:\\\/\\\/cvinoticias.com\\\/v3\\\/dia-del-trabajador-origen-significado-y-vigencia-de-una-fecha-historica\\\/#breadcrumb\"},\"inLanguage\":\"es\",\"potentialAction\":[{\"@type\":\"ReadAction\",\"target\":[\"https:\\\/\\\/cvinoticias.com\\\/v3\\\/dia-del-trabajador-origen-significado-y-vigencia-de-una-fecha-historica\\\/\"]}]},{\"@type\":\"ImageObject\",\"inLanguage\":\"es\",\"@id\":\"https:\\\/\\\/cvinoticias.com\\\/v3\\\/dia-del-trabajador-origen-significado-y-vigencia-de-una-fecha-historica\\\/#primaryimage\",\"url\":\"https:\\\/\\\/cvinoticias.com\\\/wp-content\\\/uploads\\\/2026\\\/05\\\/dia-del-trabajadorjpeg.webp\",\"contentUrl\":\"https:\\\/\\\/cvinoticias.com\\\/wp-content\\\/uploads\\\/2026\\\/05\\\/dia-del-trabajadorjpeg.webp\",\"width\":1200,\"height\":675},{\"@type\":\"BreadcrumbList\",\"@id\":\"https:\\\/\\\/cvinoticias.com\\\/v3\\\/dia-del-trabajador-origen-significado-y-vigencia-de-una-fecha-historica\\\/#breadcrumb\",\"itemListElement\":[{\"@type\":\"ListItem\",\"position\":1,\"name\":\"Portada\",\"item\":\"https:\\\/\\\/cvinoticias.com\\\/v3\\\/\"},{\"@type\":\"ListItem\",\"position\":2,\"name\":\"D\u00eda del Trabajador: origen, significado y vigencia de una fecha hist\u00f3rica\"}]},{\"@type\":\"WebSite\",\"@id\":\"https:\\\/\\\/cvinoticias.com\\\/v3\\\/#website\",\"url\":\"https:\\\/\\\/cvinoticias.com\\\/v3\\\/\",\"name\":\"CVI NOTICIAS\",\"description\":\"\",\"publisher\":{\"@id\":\"https:\\\/\\\/cvinoticias.com\\\/v3\\\/#organization\"},\"alternateName\":\"CVI\",\"potentialAction\":[{\"@type\":\"SearchAction\",\"target\":{\"@type\":\"EntryPoint\",\"urlTemplate\":\"https:\\\/\\\/cvinoticias.com\\\/v3\\\/?s={search_term_string}\"},\"query-input\":{\"@type\":\"PropertyValueSpecification\",\"valueRequired\":true,\"valueName\":\"search_term_string\"}}],\"inLanguage\":\"es\"},{\"@type\":\"Organization\",\"@id\":\"https:\\\/\\\/cvinoticias.com\\\/v3\\\/#organization\",\"name\":\"CVI NOTICIAS\",\"url\":\"https:\\\/\\\/cvinoticias.com\\\/v3\\\/\",\"logo\":{\"@type\":\"ImageObject\",\"inLanguage\":\"es\",\"@id\":\"https:\\\/\\\/cvinoticias.com\\\/v3\\\/#\\\/schema\\\/logo\\\/image\\\/\",\"url\":\"https:\\\/\\\/cvinoticias.com\\\/wp-content\\\/uploads\\\/2023\\\/04\\\/cropped-cropped-cropped-cropped-cropped-3-1.png\",\"contentUrl\":\"https:\\\/\\\/cvinoticias.com\\\/wp-content\\\/uploads\\\/2023\\\/04\\\/cropped-cropped-cropped-cropped-cropped-3-1.png\",\"width\":95,\"height\":122,\"caption\":\"CVI NOTICIAS\"},\"image\":{\"@id\":\"https:\\\/\\\/cvinoticias.com\\\/v3\\\/#\\\/schema\\\/logo\\\/image\\\/\"},\"sameAs\":[\"https:\\\/\\\/www.facebook.com\\\/cvinoticias\",\"https:\\\/\\\/www.instagram.com\\\/cvinoticias\\\/\",\"https:\\\/\\\/www.youtube.com\\\/@CVINOTICIAS\"]},{\"@type\":\"Person\",\"@id\":\"https:\\\/\\\/cvinoticias.com\\\/v3\\\/#\\\/schema\\\/person\\\/2db77e3c6bc03c538495d7b2b8be9b66\",\"name\":\"f1000024\",\"image\":{\"@type\":\"ImageObject\",\"inLanguage\":\"es\",\"@id\":\"https:\\\/\\\/secure.gravatar.com\\\/avatar\\\/d4fe7459cfc51ff5129ce1a732bbef5928568b8092d412ef95611616376bbeed?s=96&d=mm&r=g\",\"url\":\"https:\\\/\\\/secure.gravatar.com\\\/avatar\\\/d4fe7459cfc51ff5129ce1a732bbef5928568b8092d412ef95611616376bbeed?s=96&d=mm&r=g\",\"contentUrl\":\"https:\\\/\\\/secure.gravatar.com\\\/avatar\\\/d4fe7459cfc51ff5129ce1a732bbef5928568b8092d412ef95611616376bbeed?s=96&d=mm&r=g\",\"caption\":\"f1000024\"},\"url\":\"https:\\\/\\\/cvinoticias.com\\\/v3\\\/author\\\/f1000024\\\/\"}]}<\/script>\n<!-- \/ Yoast SEO plugin. -->","yoast_head_json":{"title":"D\u00eda del Trabajador: Origen, Significado y Vigencia | CVI NOTICIAS","description":"El 1\u00b0 de mayo recuerda la lucha por derechos laborales y su vigencia en la actualidad.","robots":{"index":"index","follow":"follow","max-snippet":"max-snippet:-1","max-image-preview":"max-image-preview:large","max-video-preview":"max-video-preview:-1"},"canonical":"https:\/\/cvinoticias.com\/v3\/dia-del-trabajador-origen-significado-y-vigencia-de-una-fecha-historica\/","og_locale":"es_ES","og_type":"article","og_title":"D\u00eda del Trabajador: Origen, Significado y Vigencia | CVI NOTICIAS","og_description":"El 1\u00b0 de mayo recuerda la lucha por derechos laborales y su vigencia en la actualidad.","og_url":"https:\/\/cvinoticias.com\/v3\/dia-del-trabajador-origen-significado-y-vigencia-de-una-fecha-historica\/","og_site_name":"CVI NOTICIAS","article_publisher":"https:\/\/www.facebook.com\/cvinoticias","article_published_time":"2026-05-01T12:08:55+00:00","article_modified_time":"2026-05-01T12:08:56+00:00","og_image":[{"width":1200,"height":675,"url":"https:\/\/cvinoticias.com\/wp-content\/uploads\/2026\/05\/dia-del-trabajadorjpeg.webp","type":"image\/webp"}],"author":"f1000024","twitter_card":"summary_large_image","twitter_misc":{"Escrito por":"f1000024","Tiempo de lectura":"2 minutos"},"schema":{"@context":"https:\/\/schema.org","@graph":[{"@type":"Article","@id":"https:\/\/cvinoticias.com\/v3\/dia-del-trabajador-origen-significado-y-vigencia-de-una-fecha-historica\/#article","isPartOf":{"@id":"https:\/\/cvinoticias.com\/v3\/dia-del-trabajador-origen-significado-y-vigencia-de-una-fecha-historica\/"},"author":{"name":"f1000024","@id":"https:\/\/cvinoticias.com\/v3\/#\/schema\/person\/2db77e3c6bc03c538495d7b2b8be9b66"},"headline":"D\u00eda del Trabajador: origen, significado y vigencia de una fecha hist\u00f3rica","datePublished":"2026-05-01T12:08:55+00:00","dateModified":"2026-05-01T12:08:56+00:00","mainEntityOfPage":{"@id":"https:\/\/cvinoticias.com\/v3\/dia-del-trabajador-origen-significado-y-vigencia-de-una-fecha-historica\/"},"wordCount":278,"commentCount":0,"publisher":{"@id":"https:\/\/cvinoticias.com\/v3\/#organization"},"image":{"@id":"https:\/\/cvinoticias.com\/v3\/dia-del-trabajador-origen-significado-y-vigencia-de-una-fecha-historica\/#primaryimage"},"thumbnailUrl":"https:\/\/cvinoticias.com\/wp-content\/uploads\/2026\/05\/dia-del-trabajadorjpeg.webp","keywords":["D\u00eda","origen","Trabajador"],"articleSection":["EFEMERIDES"],"inLanguage":"es","potentialAction":[{"@type":"CommentAction","name":"Comment","target":["https:\/\/cvinoticias.com\/v3\/dia-del-trabajador-origen-significado-y-vigencia-de-una-fecha-historica\/#respond"]}]},{"@type":"WebPage","@id":"https:\/\/cvinoticias.com\/v3\/dia-del-trabajador-origen-significado-y-vigencia-de-una-fecha-historica\/","url":"https:\/\/cvinoticias.com\/v3\/dia-del-trabajador-origen-significado-y-vigencia-de-una-fecha-historica\/","name":"D\u00eda del Trabajador: Origen, Significado y Vigencia | CVI NOTICIAS","isPartOf":{"@id":"https:\/\/cvinoticias.com\/v3\/#website"},"primaryImageOfPage":{"@id":"https:\/\/cvinoticias.com\/v3\/dia-del-trabajador-origen-significado-y-vigencia-de-una-fecha-historica\/#primaryimage"},"image":{"@id":"https:\/\/cvinoticias.com\/v3\/dia-del-trabajador-origen-significado-y-vigencia-de-una-fecha-historica\/#primaryimage"},"thumbnailUrl":"https:\/\/cvinoticias.com\/wp-content\/uploads\/2026\/05\/dia-del-trabajadorjpeg.webp","datePublished":"2026-05-01T12:08:55+00:00","dateModified":"2026-05-01T12:08:56+00:00","description":"El 1\u00b0 de mayo recuerda la lucha por derechos laborales y su vigencia en la actualidad.","breadcrumb":{"@id":"https:\/\/cvinoticias.com\/v3\/dia-del-trabajador-origen-significado-y-vigencia-de-una-fecha-historica\/#breadcrumb"},"inLanguage":"es","potentialAction":[{"@type":"ReadAction","target":["https:\/\/cvinoticias.com\/v3\/dia-del-trabajador-origen-significado-y-vigencia-de-una-fecha-historica\/"]}]},{"@type":"ImageObject","inLanguage":"es","@id":"https:\/\/cvinoticias.com\/v3\/dia-del-trabajador-origen-significado-y-vigencia-de-una-fecha-historica\/#primaryimage","url":"https:\/\/cvinoticias.com\/wp-content\/uploads\/2026\/05\/dia-del-trabajadorjpeg.webp","contentUrl":"https:\/\/cvinoticias.com\/wp-content\/uploads\/2026\/05\/dia-del-trabajadorjpeg.webp","width":1200,"height":675},{"@type":"BreadcrumbList","@id":"https:\/\/cvinoticias.com\/v3\/dia-del-trabajador-origen-significado-y-vigencia-de-una-fecha-historica\/#breadcrumb","itemListElement":[{"@type":"ListItem","position":1,"name":"Portada","item":"https:\/\/cvinoticias.com\/v3\/"},{"@type":"ListItem","position":2,"name":"D\u00eda del Trabajador: origen, significado y vigencia de una fecha hist\u00f3rica"}]},{"@type":"WebSite","@id":"https:\/\/cvinoticias.com\/v3\/#website","url":"https:\/\/cvinoticias.com\/v3\/","name":"CVI NOTICIAS","description":"","publisher":{"@id":"https:\/\/cvinoticias.com\/v3\/#organization"},"alternateName":"CVI","potentialAction":[{"@type":"SearchAction","target":{"@type":"EntryPoint","urlTemplate":"https:\/\/cvinoticias.com\/v3\/?s={search_term_string}"},"query-input":{"@type":"PropertyValueSpecification","valueRequired":true,"valueName":"search_term_string"}}],"inLanguage":"es"},{"@type":"Organization","@id":"https:\/\/cvinoticias.com\/v3\/#organization","name":"CVI NOTICIAS","url":"https:\/\/cvinoticias.com\/v3\/","logo":{"@type":"ImageObject","inLanguage":"es","@id":"https:\/\/cvinoticias.com\/v3\/#\/schema\/logo\/image\/","url":"https:\/\/cvinoticias.com\/wp-content\/uploads\/2023\/04\/cropped-cropped-cropped-cropped-cropped-3-1.png","contentUrl":"https:\/\/cvinoticias.com\/wp-content\/uploads\/2023\/04\/cropped-cropped-cropped-cropped-cropped-3-1.png","width":95,"height":122,"caption":"CVI NOTICIAS"},"image":{"@id":"https:\/\/cvinoticias.com\/v3\/#\/schema\/logo\/image\/"},"sameAs":["https:\/\/www.facebook.com\/cvinoticias","https:\/\/www.instagram.com\/cvinoticias\/","https:\/\/www.youtube.com\/@CVINOTICIAS"]},{"@type":"Person","@id":"https:\/\/cvinoticias.com\/v3\/#\/schema\/person\/2db77e3c6bc03c538495d7b2b8be9b66","name":"f1000024","image":{"@type":"ImageObject","inLanguage":"es","@id":"https:\/\/secure.gravatar.com\/avatar\/d4fe7459cfc51ff5129ce1a732bbef5928568b8092d412ef95611616376bbeed?s=96&d=mm&r=g","url":"https:\/\/secure.gravatar.com\/avatar\/d4fe7459cfc51ff5129ce1a732bbef5928568b8092d412ef95611616376bbeed?s=96&d=mm&r=g","contentUrl":"https:\/\/secure.gravatar.com\/avatar\/d4fe7459cfc51ff5129ce1a732bbef5928568b8092d412ef95611616376bbeed?s=96&d=mm&r=g","caption":"f1000024"},"url":"https:\/\/cvinoticias.com\/v3\/author\/f1000024\/"}]}},"_links":{"self":[{"href":"https:\/\/cvinoticias.com\/v3\/wp-json\/wp\/v2\/posts\/57708","targetHints":{"allow":["GET"]}}],"collection":[{"href":"https:\/\/cvinoticias.com\/v3\/wp-json\/wp\/v2\/posts"}],"about":[{"href":"https:\/\/cvinoticias.com\/v3\/wp-json\/wp\/v2\/types\/post"}],"author":[{"embeddable":true,"href":"https:\/\/cvinoticias.com\/v3\/wp-json\/wp\/v2\/users\/2"}],"replies":[{"embeddable":true,"href":"https:\/\/cvinoticias.com\/v3\/wp-json\/wp\/v2\/comments?post=57708"}],"version-history":[{"count":1,"href":"https:\/\/cvinoticias.com\/v3\/wp-json\/wp\/v2\/posts\/57708\/revisions"}],"predecessor-version":[{"id":57710,"href":"https:\/\/cvinoticias.com\/v3\/wp-json\/wp\/v2\/posts\/57708\/revisions\/57710"}],"wp:featuredmedia":[{"embeddable":true,"href":"https:\/\/cvinoticias.com\/v3\/wp-json\/wp\/v2\/media\/57709"}],"wp:attachment":[{"href":"https:\/\/cvinoticias.com\/v3\/wp-json\/wp\/v2\/media?parent=57708"}],"wp:term":[{"taxonomy":"category","embeddable":true,"href":"https:\/\/cvinoticias.com\/v3\/wp-json\/wp\/v2\/categories?post=57708"},{"taxonomy":"post_tag","embeddable":true,"href":"https:\/\/cvinoticias.com\/v3\/wp-json\/wp\/v2\/tags?post=57708"}],"curies":[{"name":"wp","href":"https:\/\/api.w.org\/{rel}","templated":true}]}}