{"id":57696,"date":"2026-04-30T20:08:18","date_gmt":"2026-04-30T23:08:18","guid":{"rendered":"https:\/\/cvinoticias.com\/v3\/?p=57696"},"modified":"2026-04-30T20:08:20","modified_gmt":"2026-04-30T23:08:20","slug":"evaluacion-auditiva-en-recien-nacidos-en-el-hospital-samic-iguazu","status":"publish","type":"post","link":"https:\/\/cvinoticias.com\/v3\/evaluacion-auditiva-en-recien-nacidos-en-el-hospital-samic-iguazu\/","title":{"rendered":"Evaluaci\u00f3n auditiva en reci\u00e9n nacidos en el Hospital Samic Iguaz\u00fa"},"content":{"rendered":"\n<p>Todas las semanas en el Hospital a cargo de la Mgter. Fonoaudi\u00f3loga Valeria G\u00f3mez se realizan las evaluaciones auditivas obligatorias , enmarcados en el Programa Nacional de Detecci\u00f3n Temprana y Atenci\u00f3n de la Hipoacusia en Argentina, basado en la Ley 25.415 (2001\/2011), garantizando el tamizaje auditivo universal a todo los reci\u00e9n nacidos como as\u00ed tambi\u00e9n el seguimiento en pacientes con antecedentes de riesgo auditivo en la poblaci\u00f3n pedi\u00e1trica de Iguaz\u00fa y alrededores .<\/p>\n\n\n\n<p>El objetivo es detectar la p\u00e9rdida auditiva precozmente. Un diagn\u00f3stico temprano permite brindar apoyo con mayor prontitud, lo que se traduce en mejores resultados para los ni\u00f1os desde el principio en el desarrollo del leguaje y la cognici\u00f3n.<\/p>\n\n\n\n<p>Si su hijo no realiz\u00f3 el examen auditivo obligatorio solicite a su pediatra el pedido correspondiente y concurra al hospital Samic Iguaz\u00fa para su realizaci\u00f3n .<\/p>\n\n\n\n<hr class=\"wp-block-separator has-alpha-channel-opacity\"\/>\n\n\n\n<figure class=\"wp-block-gallery has-nested-images columns-default is-cropped wp-block-gallery-1 is-layout-flex wp-block-gallery-is-layout-flex\">\n<figure class=\"wp-block-image size-large\"><a href=\"https:\/\/cvinoticias.com\/wp-content\/uploads\/2026\/04\/3adfff64-00a8-4496-8127-22f628fe4075.jpeg\"><img decoding=\"async\" width=\"576\" height=\"1024\" data-id=\"57698\" data-src=\"https:\/\/cvinoticias.com\/wp-content\/uploads\/2026\/04\/3adfff64-00a8-4496-8127-22f628fe4075-576x1024.jpeg\" alt=\"\" class=\"wp-image-57698 lazyload\" data-srcset=\"https:\/\/cvinoticias.com\/wp-content\/uploads\/2026\/04\/3adfff64-00a8-4496-8127-22f628fe4075-576x1024.jpeg 576w, https:\/\/cvinoticias.com\/wp-content\/uploads\/2026\/04\/3adfff64-00a8-4496-8127-22f628fe4075-169x300.jpeg 169w, https:\/\/cvinoticias.com\/wp-content\/uploads\/2026\/04\/3adfff64-00a8-4496-8127-22f628fe4075-768x1365.jpeg 768w, https:\/\/cvinoticias.com\/wp-content\/uploads\/2026\/04\/3adfff64-00a8-4496-8127-22f628fe4075-864x1536.jpeg 864w, https:\/\/cvinoticias.com\/wp-content\/uploads\/2026\/04\/3adfff64-00a8-4496-8127-22f628fe4075.jpeg 900w\" data-sizes=\"(max-width: 576px) 100vw, 576px\" src=\"data:image\/svg+xml;base64,PHN2ZyB3aWR0aD0iMSIgaGVpZ2h0PSIxIiB4bWxucz0iaHR0cDovL3d3dy53My5vcmcvMjAwMC9zdmciPjwvc3ZnPg==\" style=\"--smush-placeholder-width: 576px; --smush-placeholder-aspect-ratio: 576\/1024;\" \/><\/a><\/figure>\n\n\n\n<figure class=\"wp-block-image size-large\"><a href=\"https:\/\/cvinoticias.com\/wp-content\/uploads\/2026\/04\/c908e6e4-8544-4c25-982a-f715c7a33cb6.jpeg\"><img decoding=\"async\" width=\"618\" height=\"1024\" data-id=\"57699\" data-src=\"https:\/\/cvinoticias.com\/wp-content\/uploads\/2026\/04\/c908e6e4-8544-4c25-982a-f715c7a33cb6-618x1024.jpeg\" alt=\"\" class=\"wp-image-57699 lazyload\" data-srcset=\"https:\/\/cvinoticias.com\/wp-content\/uploads\/2026\/04\/c908e6e4-8544-4c25-982a-f715c7a33cb6-618x1024.jpeg 618w, https:\/\/cvinoticias.com\/wp-content\/uploads\/2026\/04\/c908e6e4-8544-4c25-982a-f715c7a33cb6-181x300.jpeg 181w, https:\/\/cvinoticias.com\/wp-content\/uploads\/2026\/04\/c908e6e4-8544-4c25-982a-f715c7a33cb6-768x1272.jpeg 768w, https:\/\/cvinoticias.com\/wp-content\/uploads\/2026\/04\/c908e6e4-8544-4c25-982a-f715c7a33cb6-927x1536.jpeg 927w, https:\/\/cvinoticias.com\/wp-content\/uploads\/2026\/04\/c908e6e4-8544-4c25-982a-f715c7a33cb6.jpeg 966w\" data-sizes=\"(max-width: 618px) 100vw, 618px\" src=\"data:image\/svg+xml;base64,PHN2ZyB3aWR0aD0iMSIgaGVpZ2h0PSIxIiB4bWxucz0iaHR0cDovL3d3dy53My5vcmcvMjAwMC9zdmciPjwvc3ZnPg==\" style=\"--smush-placeholder-width: 618px; --smush-placeholder-aspect-ratio: 618\/1024;\" \/><\/a><\/figure>\n<\/figure>\n","protected":false},"excerpt":{"rendered":"<p>Todas las semanas en el Hospital a cargo de la Mgter. Fonoaudi\u00f3loga Valeria G\u00f3mez se realizan las evaluaciones auditivas obligatorias , enmarcados en el Programa Nacional de Detecci\u00f3n Temprana y Atenci\u00f3n de la Hipoacusia en Argentina, basado en la Ley 25.415 (2001\/2011), garantizando el tamizaje auditivo universal a todo los reci\u00e9n nacidos como as\u00ed tambi\u00e9n [&hellip;]<\/p>\n","protected":false},"author":2,"featured_media":57697,"comment_status":"open","ping_status":"closed","sticky":false,"template":"","format":"standard","meta":{"footnotes":""},"categories":[22],"tags":[4993,4991,313,5890,5889],"class_list":["post-57696","post","type-post","status-publish","format-standard","has-post-thumbnail","hentry","category-salud","tag-auditiva","tag-evaluacion","tag-iguazu","tag-nacidos","tag-recien"],"yoast_head":"<!-- This site is optimized with the Yoast SEO plugin v27.5 - https:\/\/yoast.com\/product\/yoast-seo-wordpress\/ -->\n<title>Evaluaci\u00f3n Auditiva en Reci\u00e9n Nacidos en el Hospital SAMIC | CVI NOTICIAS<\/title>\n<meta name=\"description\" content=\"Evaluaci\u00f3n auditiva neonatal en el SAMIC Iguaz\u00fa para detectar hipoacusia de forma temprana.\" \/>\n<meta name=\"robots\" content=\"index, follow, max-snippet:-1, max-image-preview:large, max-video-preview:-1\" \/>\n<link rel=\"canonical\" href=\"https:\/\/cvinoticias.com\/v3\/evaluacion-auditiva-en-recien-nacidos-en-el-hospital-samic-iguazu\/\" \/>\n<meta property=\"og:locale\" content=\"es_ES\" \/>\n<meta property=\"og:type\" content=\"article\" \/>\n<meta property=\"og:title\" content=\"Evaluaci\u00f3n Auditiva en Reci\u00e9n Nacidos en el Hospital SAMIC | CVI NOTICIAS\" \/>\n<meta property=\"og:description\" content=\"Evaluaci\u00f3n auditiva neonatal en el SAMIC Iguaz\u00fa para detectar hipoacusia de forma temprana.\" \/>\n<meta property=\"og:url\" content=\"https:\/\/cvinoticias.com\/v3\/evaluacion-auditiva-en-recien-nacidos-en-el-hospital-samic-iguazu\/\" \/>\n<meta property=\"og:site_name\" content=\"CVI NOTICIAS\" \/>\n<meta property=\"article:publisher\" content=\"https:\/\/www.facebook.com\/cvinoticias\" \/>\n<meta property=\"article:published_time\" content=\"2026-04-30T23:08:18+00:00\" \/>\n<meta property=\"article:modified_time\" content=\"2026-04-30T23:08:20+00:00\" \/>\n<meta property=\"og:image\" content=\"https:\/\/cvinoticias.com\/wp-content\/uploads\/2026\/04\/51f98e69-cd66-4bc1-883d-b5da6aae87b8.jpeg\" \/>\n\t<meta property=\"og:image:width\" content=\"1020\" \/>\n\t<meta property=\"og:image:height\" content=\"1600\" \/>\n\t<meta property=\"og:image:type\" content=\"image\/jpeg\" \/>\n<meta name=\"author\" content=\"f1000024\" \/>\n<meta name=\"twitter:card\" content=\"summary_large_image\" \/>\n<meta name=\"twitter:label1\" content=\"Escrito por\" \/>\n\t<meta name=\"twitter:data1\" content=\"f1000024\" \/>\n\t<meta name=\"twitter:label2\" content=\"Tiempo de lectura\" \/>\n\t<meta name=\"twitter:data2\" content=\"2 minutos\" \/>\n<script type=\"application\/ld+json\" class=\"yoast-schema-graph\">{\"@context\":\"https:\\\/\\\/schema.org\",\"@graph\":[{\"@type\":\"Article\",\"@id\":\"https:\\\/\\\/cvinoticias.com\\\/v3\\\/evaluacion-auditiva-en-recien-nacidos-en-el-hospital-samic-iguazu\\\/#article\",\"isPartOf\":{\"@id\":\"https:\\\/\\\/cvinoticias.com\\\/v3\\\/evaluacion-auditiva-en-recien-nacidos-en-el-hospital-samic-iguazu\\\/\"},\"author\":{\"name\":\"f1000024\",\"@id\":\"https:\\\/\\\/cvinoticias.com\\\/v3\\\/#\\\/schema\\\/person\\\/2db77e3c6bc03c538495d7b2b8be9b66\"},\"headline\":\"Evaluaci\u00f3n auditiva en reci\u00e9n nacidos en el Hospital Samic Iguaz\u00fa\",\"datePublished\":\"2026-04-30T23:08:18+00:00\",\"dateModified\":\"2026-04-30T23:08:20+00:00\",\"mainEntityOfPage\":{\"@id\":\"https:\\\/\\\/cvinoticias.com\\\/v3\\\/evaluacion-auditiva-en-recien-nacidos-en-el-hospital-samic-iguazu\\\/\"},\"wordCount\":157,\"commentCount\":0,\"publisher\":{\"@id\":\"https:\\\/\\\/cvinoticias.com\\\/v3\\\/#organization\"},\"image\":{\"@id\":\"https:\\\/\\\/cvinoticias.com\\\/v3\\\/evaluacion-auditiva-en-recien-nacidos-en-el-hospital-samic-iguazu\\\/#primaryimage\"},\"thumbnailUrl\":\"https:\\\/\\\/cvinoticias.com\\\/wp-content\\\/uploads\\\/2026\\\/04\\\/51f98e69-cd66-4bc1-883d-b5da6aae87b8.jpeg\",\"keywords\":[\"auditiva\",\"evaluaci\u00f3n\",\"Iguaz\u00fa\",\"nacidos\",\"recien\"],\"articleSection\":[\"Salud\"],\"inLanguage\":\"es\",\"potentialAction\":[{\"@type\":\"CommentAction\",\"name\":\"Comment\",\"target\":[\"https:\\\/\\\/cvinoticias.com\\\/v3\\\/evaluacion-auditiva-en-recien-nacidos-en-el-hospital-samic-iguazu\\\/#respond\"]}]},{\"@type\":\"WebPage\",\"@id\":\"https:\\\/\\\/cvinoticias.com\\\/v3\\\/evaluacion-auditiva-en-recien-nacidos-en-el-hospital-samic-iguazu\\\/\",\"url\":\"https:\\\/\\\/cvinoticias.com\\\/v3\\\/evaluacion-auditiva-en-recien-nacidos-en-el-hospital-samic-iguazu\\\/\",\"name\":\"Evaluaci\u00f3n Auditiva en Reci\u00e9n Nacidos en el Hospital SAMIC | CVI NOTICIAS\",\"isPartOf\":{\"@id\":\"https:\\\/\\\/cvinoticias.com\\\/v3\\\/#website\"},\"primaryImageOfPage\":{\"@id\":\"https:\\\/\\\/cvinoticias.com\\\/v3\\\/evaluacion-auditiva-en-recien-nacidos-en-el-hospital-samic-iguazu\\\/#primaryimage\"},\"image\":{\"@id\":\"https:\\\/\\\/cvinoticias.com\\\/v3\\\/evaluacion-auditiva-en-recien-nacidos-en-el-hospital-samic-iguazu\\\/#primaryimage\"},\"thumbnailUrl\":\"https:\\\/\\\/cvinoticias.com\\\/wp-content\\\/uploads\\\/2026\\\/04\\\/51f98e69-cd66-4bc1-883d-b5da6aae87b8.jpeg\",\"datePublished\":\"2026-04-30T23:08:18+00:00\",\"dateModified\":\"2026-04-30T23:08:20+00:00\",\"description\":\"Evaluaci\u00f3n auditiva neonatal en el SAMIC Iguaz\u00fa para detectar hipoacusia de forma temprana.\",\"breadcrumb\":{\"@id\":\"https:\\\/\\\/cvinoticias.com\\\/v3\\\/evaluacion-auditiva-en-recien-nacidos-en-el-hospital-samic-iguazu\\\/#breadcrumb\"},\"inLanguage\":\"es\",\"potentialAction\":[{\"@type\":\"ReadAction\",\"target\":[\"https:\\\/\\\/cvinoticias.com\\\/v3\\\/evaluacion-auditiva-en-recien-nacidos-en-el-hospital-samic-iguazu\\\/\"]}]},{\"@type\":\"ImageObject\",\"inLanguage\":\"es\",\"@id\":\"https:\\\/\\\/cvinoticias.com\\\/v3\\\/evaluacion-auditiva-en-recien-nacidos-en-el-hospital-samic-iguazu\\\/#primaryimage\",\"url\":\"https:\\\/\\\/cvinoticias.com\\\/wp-content\\\/uploads\\\/2026\\\/04\\\/51f98e69-cd66-4bc1-883d-b5da6aae87b8.jpeg\",\"contentUrl\":\"https:\\\/\\\/cvinoticias.com\\\/wp-content\\\/uploads\\\/2026\\\/04\\\/51f98e69-cd66-4bc1-883d-b5da6aae87b8.jpeg\",\"width\":1020,\"height\":1600},{\"@type\":\"BreadcrumbList\",\"@id\":\"https:\\\/\\\/cvinoticias.com\\\/v3\\\/evaluacion-auditiva-en-recien-nacidos-en-el-hospital-samic-iguazu\\\/#breadcrumb\",\"itemListElement\":[{\"@type\":\"ListItem\",\"position\":1,\"name\":\"Portada\",\"item\":\"https:\\\/\\\/cvinoticias.com\\\/v3\\\/\"},{\"@type\":\"ListItem\",\"position\":2,\"name\":\"Evaluaci\u00f3n auditiva en reci\u00e9n nacidos en el Hospital Samic Iguaz\u00fa\"}]},{\"@type\":\"WebSite\",\"@id\":\"https:\\\/\\\/cvinoticias.com\\\/v3\\\/#website\",\"url\":\"https:\\\/\\\/cvinoticias.com\\\/v3\\\/\",\"name\":\"CVI NOTICIAS\",\"description\":\"\",\"publisher\":{\"@id\":\"https:\\\/\\\/cvinoticias.com\\\/v3\\\/#organization\"},\"alternateName\":\"CVI\",\"potentialAction\":[{\"@type\":\"SearchAction\",\"target\":{\"@type\":\"EntryPoint\",\"urlTemplate\":\"https:\\\/\\\/cvinoticias.com\\\/v3\\\/?s={search_term_string}\"},\"query-input\":{\"@type\":\"PropertyValueSpecification\",\"valueRequired\":true,\"valueName\":\"search_term_string\"}}],\"inLanguage\":\"es\"},{\"@type\":\"Organization\",\"@id\":\"https:\\\/\\\/cvinoticias.com\\\/v3\\\/#organization\",\"name\":\"CVI NOTICIAS\",\"url\":\"https:\\\/\\\/cvinoticias.com\\\/v3\\\/\",\"logo\":{\"@type\":\"ImageObject\",\"inLanguage\":\"es\",\"@id\":\"https:\\\/\\\/cvinoticias.com\\\/v3\\\/#\\\/schema\\\/logo\\\/image\\\/\",\"url\":\"https:\\\/\\\/cvinoticias.com\\\/wp-content\\\/uploads\\\/2023\\\/04\\\/cropped-cropped-cropped-cropped-cropped-3-1.png\",\"contentUrl\":\"https:\\\/\\\/cvinoticias.com\\\/wp-content\\\/uploads\\\/2023\\\/04\\\/cropped-cropped-cropped-cropped-cropped-3-1.png\",\"width\":95,\"height\":122,\"caption\":\"CVI NOTICIAS\"},\"image\":{\"@id\":\"https:\\\/\\\/cvinoticias.com\\\/v3\\\/#\\\/schema\\\/logo\\\/image\\\/\"},\"sameAs\":[\"https:\\\/\\\/www.facebook.com\\\/cvinoticias\",\"https:\\\/\\\/www.instagram.com\\\/cvinoticias\\\/\",\"https:\\\/\\\/www.youtube.com\\\/@CVINOTICIAS\"]},{\"@type\":\"Person\",\"@id\":\"https:\\\/\\\/cvinoticias.com\\\/v3\\\/#\\\/schema\\\/person\\\/2db77e3c6bc03c538495d7b2b8be9b66\",\"name\":\"f1000024\",\"image\":{\"@type\":\"ImageObject\",\"inLanguage\":\"es\",\"@id\":\"https:\\\/\\\/secure.gravatar.com\\\/avatar\\\/d4fe7459cfc51ff5129ce1a732bbef5928568b8092d412ef95611616376bbeed?s=96&d=mm&r=g\",\"url\":\"https:\\\/\\\/secure.gravatar.com\\\/avatar\\\/d4fe7459cfc51ff5129ce1a732bbef5928568b8092d412ef95611616376bbeed?s=96&d=mm&r=g\",\"contentUrl\":\"https:\\\/\\\/secure.gravatar.com\\\/avatar\\\/d4fe7459cfc51ff5129ce1a732bbef5928568b8092d412ef95611616376bbeed?s=96&d=mm&r=g\",\"caption\":\"f1000024\"},\"url\":\"https:\\\/\\\/cvinoticias.com\\\/v3\\\/author\\\/f1000024\\\/\"}]}<\/script>\n<!-- \/ Yoast SEO plugin. -->","yoast_head_json":{"title":"Evaluaci\u00f3n Auditiva en Reci\u00e9n Nacidos en el Hospital SAMIC | CVI NOTICIAS","description":"Evaluaci\u00f3n auditiva neonatal en el SAMIC Iguaz\u00fa para detectar hipoacusia de forma temprana.","robots":{"index":"index","follow":"follow","max-snippet":"max-snippet:-1","max-image-preview":"max-image-preview:large","max-video-preview":"max-video-preview:-1"},"canonical":"https:\/\/cvinoticias.com\/v3\/evaluacion-auditiva-en-recien-nacidos-en-el-hospital-samic-iguazu\/","og_locale":"es_ES","og_type":"article","og_title":"Evaluaci\u00f3n Auditiva en Reci\u00e9n Nacidos en el Hospital SAMIC | CVI NOTICIAS","og_description":"Evaluaci\u00f3n auditiva neonatal en el SAMIC Iguaz\u00fa para detectar hipoacusia de forma temprana.","og_url":"https:\/\/cvinoticias.com\/v3\/evaluacion-auditiva-en-recien-nacidos-en-el-hospital-samic-iguazu\/","og_site_name":"CVI NOTICIAS","article_publisher":"https:\/\/www.facebook.com\/cvinoticias","article_published_time":"2026-04-30T23:08:18+00:00","article_modified_time":"2026-04-30T23:08:20+00:00","og_image":[{"width":1020,"height":1600,"url":"https:\/\/cvinoticias.com\/wp-content\/uploads\/2026\/04\/51f98e69-cd66-4bc1-883d-b5da6aae87b8.jpeg","type":"image\/jpeg"}],"author":"f1000024","twitter_card":"summary_large_image","twitter_misc":{"Escrito por":"f1000024","Tiempo de lectura":"2 minutos"},"schema":{"@context":"https:\/\/schema.org","@graph":[{"@type":"Article","@id":"https:\/\/cvinoticias.com\/v3\/evaluacion-auditiva-en-recien-nacidos-en-el-hospital-samic-iguazu\/#article","isPartOf":{"@id":"https:\/\/cvinoticias.com\/v3\/evaluacion-auditiva-en-recien-nacidos-en-el-hospital-samic-iguazu\/"},"author":{"name":"f1000024","@id":"https:\/\/cvinoticias.com\/v3\/#\/schema\/person\/2db77e3c6bc03c538495d7b2b8be9b66"},"headline":"Evaluaci\u00f3n auditiva en reci\u00e9n nacidos en el Hospital Samic Iguaz\u00fa","datePublished":"2026-04-30T23:08:18+00:00","dateModified":"2026-04-30T23:08:20+00:00","mainEntityOfPage":{"@id":"https:\/\/cvinoticias.com\/v3\/evaluacion-auditiva-en-recien-nacidos-en-el-hospital-samic-iguazu\/"},"wordCount":157,"commentCount":0,"publisher":{"@id":"https:\/\/cvinoticias.com\/v3\/#organization"},"image":{"@id":"https:\/\/cvinoticias.com\/v3\/evaluacion-auditiva-en-recien-nacidos-en-el-hospital-samic-iguazu\/#primaryimage"},"thumbnailUrl":"https:\/\/cvinoticias.com\/wp-content\/uploads\/2026\/04\/51f98e69-cd66-4bc1-883d-b5da6aae87b8.jpeg","keywords":["auditiva","evaluaci\u00f3n","Iguaz\u00fa","nacidos","recien"],"articleSection":["Salud"],"inLanguage":"es","potentialAction":[{"@type":"CommentAction","name":"Comment","target":["https:\/\/cvinoticias.com\/v3\/evaluacion-auditiva-en-recien-nacidos-en-el-hospital-samic-iguazu\/#respond"]}]},{"@type":"WebPage","@id":"https:\/\/cvinoticias.com\/v3\/evaluacion-auditiva-en-recien-nacidos-en-el-hospital-samic-iguazu\/","url":"https:\/\/cvinoticias.com\/v3\/evaluacion-auditiva-en-recien-nacidos-en-el-hospital-samic-iguazu\/","name":"Evaluaci\u00f3n Auditiva en Reci\u00e9n Nacidos en el Hospital SAMIC | CVI NOTICIAS","isPartOf":{"@id":"https:\/\/cvinoticias.com\/v3\/#website"},"primaryImageOfPage":{"@id":"https:\/\/cvinoticias.com\/v3\/evaluacion-auditiva-en-recien-nacidos-en-el-hospital-samic-iguazu\/#primaryimage"},"image":{"@id":"https:\/\/cvinoticias.com\/v3\/evaluacion-auditiva-en-recien-nacidos-en-el-hospital-samic-iguazu\/#primaryimage"},"thumbnailUrl":"https:\/\/cvinoticias.com\/wp-content\/uploads\/2026\/04\/51f98e69-cd66-4bc1-883d-b5da6aae87b8.jpeg","datePublished":"2026-04-30T23:08:18+00:00","dateModified":"2026-04-30T23:08:20+00:00","description":"Evaluaci\u00f3n auditiva neonatal en el SAMIC Iguaz\u00fa para detectar hipoacusia de forma temprana.","breadcrumb":{"@id":"https:\/\/cvinoticias.com\/v3\/evaluacion-auditiva-en-recien-nacidos-en-el-hospital-samic-iguazu\/#breadcrumb"},"inLanguage":"es","potentialAction":[{"@type":"ReadAction","target":["https:\/\/cvinoticias.com\/v3\/evaluacion-auditiva-en-recien-nacidos-en-el-hospital-samic-iguazu\/"]}]},{"@type":"ImageObject","inLanguage":"es","@id":"https:\/\/cvinoticias.com\/v3\/evaluacion-auditiva-en-recien-nacidos-en-el-hospital-samic-iguazu\/#primaryimage","url":"https:\/\/cvinoticias.com\/wp-content\/uploads\/2026\/04\/51f98e69-cd66-4bc1-883d-b5da6aae87b8.jpeg","contentUrl":"https:\/\/cvinoticias.com\/wp-content\/uploads\/2026\/04\/51f98e69-cd66-4bc1-883d-b5da6aae87b8.jpeg","width":1020,"height":1600},{"@type":"BreadcrumbList","@id":"https:\/\/cvinoticias.com\/v3\/evaluacion-auditiva-en-recien-nacidos-en-el-hospital-samic-iguazu\/#breadcrumb","itemListElement":[{"@type":"ListItem","position":1,"name":"Portada","item":"https:\/\/cvinoticias.com\/v3\/"},{"@type":"ListItem","position":2,"name":"Evaluaci\u00f3n auditiva en reci\u00e9n nacidos en el Hospital Samic Iguaz\u00fa"}]},{"@type":"WebSite","@id":"https:\/\/cvinoticias.com\/v3\/#website","url":"https:\/\/cvinoticias.com\/v3\/","name":"CVI NOTICIAS","description":"","publisher":{"@id":"https:\/\/cvinoticias.com\/v3\/#organization"},"alternateName":"CVI","potentialAction":[{"@type":"SearchAction","target":{"@type":"EntryPoint","urlTemplate":"https:\/\/cvinoticias.com\/v3\/?s={search_term_string}"},"query-input":{"@type":"PropertyValueSpecification","valueRequired":true,"valueName":"search_term_string"}}],"inLanguage":"es"},{"@type":"Organization","@id":"https:\/\/cvinoticias.com\/v3\/#organization","name":"CVI NOTICIAS","url":"https:\/\/cvinoticias.com\/v3\/","logo":{"@type":"ImageObject","inLanguage":"es","@id":"https:\/\/cvinoticias.com\/v3\/#\/schema\/logo\/image\/","url":"https:\/\/cvinoticias.com\/wp-content\/uploads\/2023\/04\/cropped-cropped-cropped-cropped-cropped-3-1.png","contentUrl":"https:\/\/cvinoticias.com\/wp-content\/uploads\/2023\/04\/cropped-cropped-cropped-cropped-cropped-3-1.png","width":95,"height":122,"caption":"CVI NOTICIAS"},"image":{"@id":"https:\/\/cvinoticias.com\/v3\/#\/schema\/logo\/image\/"},"sameAs":["https:\/\/www.facebook.com\/cvinoticias","https:\/\/www.instagram.com\/cvinoticias\/","https:\/\/www.youtube.com\/@CVINOTICIAS"]},{"@type":"Person","@id":"https:\/\/cvinoticias.com\/v3\/#\/schema\/person\/2db77e3c6bc03c538495d7b2b8be9b66","name":"f1000024","image":{"@type":"ImageObject","inLanguage":"es","@id":"https:\/\/secure.gravatar.com\/avatar\/d4fe7459cfc51ff5129ce1a732bbef5928568b8092d412ef95611616376bbeed?s=96&d=mm&r=g","url":"https:\/\/secure.gravatar.com\/avatar\/d4fe7459cfc51ff5129ce1a732bbef5928568b8092d412ef95611616376bbeed?s=96&d=mm&r=g","contentUrl":"https:\/\/secure.gravatar.com\/avatar\/d4fe7459cfc51ff5129ce1a732bbef5928568b8092d412ef95611616376bbeed?s=96&d=mm&r=g","caption":"f1000024"},"url":"https:\/\/cvinoticias.com\/v3\/author\/f1000024\/"}]}},"_links":{"self":[{"href":"https:\/\/cvinoticias.com\/v3\/wp-json\/wp\/v2\/posts\/57696","targetHints":{"allow":["GET"]}}],"collection":[{"href":"https:\/\/cvinoticias.com\/v3\/wp-json\/wp\/v2\/posts"}],"about":[{"href":"https:\/\/cvinoticias.com\/v3\/wp-json\/wp\/v2\/types\/post"}],"author":[{"embeddable":true,"href":"https:\/\/cvinoticias.com\/v3\/wp-json\/wp\/v2\/users\/2"}],"replies":[{"embeddable":true,"href":"https:\/\/cvinoticias.com\/v3\/wp-json\/wp\/v2\/comments?post=57696"}],"version-history":[{"count":1,"href":"https:\/\/cvinoticias.com\/v3\/wp-json\/wp\/v2\/posts\/57696\/revisions"}],"predecessor-version":[{"id":57700,"href":"https:\/\/cvinoticias.com\/v3\/wp-json\/wp\/v2\/posts\/57696\/revisions\/57700"}],"wp:featuredmedia":[{"embeddable":true,"href":"https:\/\/cvinoticias.com\/v3\/wp-json\/wp\/v2\/media\/57697"}],"wp:attachment":[{"href":"https:\/\/cvinoticias.com\/v3\/wp-json\/wp\/v2\/media?parent=57696"}],"wp:term":[{"taxonomy":"category","embeddable":true,"href":"https:\/\/cvinoticias.com\/v3\/wp-json\/wp\/v2\/categories?post=57696"},{"taxonomy":"post_tag","embeddable":true,"href":"https:\/\/cvinoticias.com\/v3\/wp-json\/wp\/v2\/tags?post=57696"}],"curies":[{"name":"wp","href":"https:\/\/api.w.org\/{rel}","templated":true}]}}