{"id":57687,"date":"2026-04-30T09:20:04","date_gmt":"2026-04-30T12:20:04","guid":{"rendered":"https:\/\/cvinoticias.com\/v3\/?p=57687"},"modified":"2026-04-30T09:20:05","modified_gmt":"2026-04-30T12:20:05","slug":"un-camionero-misionero-murio-en-un-triple-choque-en-colonia-liebig","status":"publish","type":"post","link":"https:\/\/cvinoticias.com\/v3\/un-camionero-misionero-murio-en-un-triple-choque-en-colonia-liebig\/","title":{"rendered":"Un camionero misionero muri\u00f3 en un triple choque en Colonia Liebig"},"content":{"rendered":"\n<p>Andr\u00e9s Chilavert, un camionero misionero de 50 a\u00f1os perdi\u00f3 la vida este mi\u00e9rcoles de manera tr\u00e1gica tras una triple colisi\u00f3n sobre la ruta nacional 14, en Colonia Liebig, paraje Vichadero, Corrientes.<\/p>\n\n\n\n<figure class=\"wp-block-image\"><img decoding=\"async\" data-src=\"https:\/\/www.canal12misiones.com\/wp-content\/uploads\/2026\/04\/23-nota2-2x2-1-750x375-1.jpg\" alt=\"\" class=\"wp-image-689153 lazyload\" src=\"data:image\/svg+xml;base64,PHN2ZyB3aWR0aD0iMSIgaGVpZ2h0PSIxIiB4bWxucz0iaHR0cDovL3d3dy53My5vcmcvMjAwMC9zdmciPjwvc3ZnPg==\" \/><\/figure>\n\n\n\n<p>Alrededor de las 15 de se registr\u00f3 el siniestro vial, a la altura del kil\u00f3metro 776, jurisdicci\u00f3n de la comisar\u00eda Segunda de Liebig. Involucr\u00f3 a&nbsp;dos camiones que volcaron luego del impacto y un autom\u00f3vil, Chevrolet Spin, seg\u00fan los primeros informes de la Polic\u00eda correntina.<\/p>\n\n\n\n<p>Adem\u00e1s, uno de los veh\u00edculos de gran porte se prendi\u00f3 fuego. Los heridos fueron trasladados al hospital \u201cMiguel Sussini\u201d de Virasoro.<\/p>\n\n\n\n<p>Uno de los camiones qued\u00f3 atravesado en el asfalto y durante varias horas trabajaron los bomberos hasta habilitar el tr\u00e1nsito.&nbsp;Se inform\u00f3 que los transportes involucrados fueron un cami\u00f3n Volvo y un Ford, cuyo conductor, fue la v\u00edctima fatal, el misionero de 50 a\u00f1os domiciliado en Candelaria.<\/p>\n\n\n\n<p>Fuente: Canal 12 Misiones<\/p>\n","protected":false},"excerpt":{"rendered":"<p>Andr\u00e9s Chilavert, un camionero misionero de 50 a\u00f1os perdi\u00f3 la vida este mi\u00e9rcoles de manera tr\u00e1gica tras una triple colisi\u00f3n sobre la ruta nacional 14, en Colonia Liebig, paraje Vichadero, Corrientes. Alrededor de las 15 de se registr\u00f3 el siniestro vial, a la altura del kil\u00f3metro 776, jurisdicci\u00f3n de la comisar\u00eda Segunda de Liebig. Involucr\u00f3 [&hellip;]<\/p>\n","protected":false},"author":2,"featured_media":57688,"comment_status":"open","ping_status":"closed","sticky":false,"template":"","format":"standard","meta":{"footnotes":""},"categories":[41],"tags":[2248,2577,601,2328,3983],"class_list":["post-57687","post","type-post","status-publish","format-standard","has-post-thumbnail","hentry","category-policiales","tag-camionero","tag-choque","tag-misionero","tag-murio","tag-triple"],"yoast_head":"<!-- This site is optimized with the Yoast SEO plugin v27.5 - https:\/\/yoast.com\/product\/yoast-seo-wordpress\/ -->\n<title>Muri\u00f3 camionero misionero en choque sobre ruta 14 | CVI NOTICIAS<\/title>\n<meta name=\"description\" content=\"Un camionero de Misiones muri\u00f3 en un triple choque entre camiones y un auto en la ruta 14 en Corrientes.\" \/>\n<meta name=\"robots\" content=\"index, follow, max-snippet:-1, max-image-preview:large, max-video-preview:-1\" \/>\n<link rel=\"canonical\" href=\"https:\/\/cvinoticias.com\/v3\/un-camionero-misionero-murio-en-un-triple-choque-en-colonia-liebig\/\" \/>\n<meta property=\"og:locale\" content=\"es_ES\" \/>\n<meta property=\"og:type\" content=\"article\" \/>\n<meta property=\"og:title\" content=\"Muri\u00f3 camionero misionero en choque sobre ruta 14 | CVI NOTICIAS\" \/>\n<meta property=\"og:description\" content=\"Un camionero de Misiones muri\u00f3 en un triple choque entre camiones y un auto en la ruta 14 en Corrientes.\" \/>\n<meta property=\"og:url\" content=\"https:\/\/cvinoticias.com\/v3\/un-camionero-misionero-murio-en-un-triple-choque-en-colonia-liebig\/\" \/>\n<meta property=\"og:site_name\" content=\"CVI NOTICIAS\" \/>\n<meta property=\"article:publisher\" content=\"https:\/\/www.facebook.com\/cvinoticias\" \/>\n<meta property=\"article:published_time\" content=\"2026-04-30T12:20:04+00:00\" \/>\n<meta property=\"article:modified_time\" content=\"2026-04-30T12:20:05+00:00\" \/>\n<meta property=\"og:image\" content=\"https:\/\/cvinoticias.com\/wp-content\/uploads\/2026\/04\/1777502088933-1.webp\" \/>\n\t<meta property=\"og:image:width\" content=\"794\" \/>\n\t<meta property=\"og:image:height\" content=\"489\" \/>\n\t<meta property=\"og:image:type\" content=\"image\/webp\" \/>\n<meta name=\"author\" content=\"f1000024\" \/>\n<meta name=\"twitter:card\" content=\"summary_large_image\" \/>\n<meta name=\"twitter:label1\" content=\"Escrito por\" \/>\n\t<meta name=\"twitter:data1\" content=\"f1000024\" \/>\n\t<meta name=\"twitter:label2\" content=\"Tiempo de lectura\" \/>\n\t<meta name=\"twitter:data2\" content=\"2 minutos\" \/>\n<script type=\"application\/ld+json\" class=\"yoast-schema-graph\">{\"@context\":\"https:\\\/\\\/schema.org\",\"@graph\":[{\"@type\":\"Article\",\"@id\":\"https:\\\/\\\/cvinoticias.com\\\/v3\\\/un-camionero-misionero-murio-en-un-triple-choque-en-colonia-liebig\\\/#article\",\"isPartOf\":{\"@id\":\"https:\\\/\\\/cvinoticias.com\\\/v3\\\/un-camionero-misionero-murio-en-un-triple-choque-en-colonia-liebig\\\/\"},\"author\":{\"name\":\"f1000024\",\"@id\":\"https:\\\/\\\/cvinoticias.com\\\/v3\\\/#\\\/schema\\\/person\\\/2db77e3c6bc03c538495d7b2b8be9b66\"},\"headline\":\"Un camionero misionero muri\u00f3 en un triple choque en Colonia Liebig\",\"datePublished\":\"2026-04-30T12:20:04+00:00\",\"dateModified\":\"2026-04-30T12:20:05+00:00\",\"mainEntityOfPage\":{\"@id\":\"https:\\\/\\\/cvinoticias.com\\\/v3\\\/un-camionero-misionero-murio-en-un-triple-choque-en-colonia-liebig\\\/\"},\"wordCount\":172,\"commentCount\":0,\"publisher\":{\"@id\":\"https:\\\/\\\/cvinoticias.com\\\/v3\\\/#organization\"},\"image\":{\"@id\":\"https:\\\/\\\/cvinoticias.com\\\/v3\\\/un-camionero-misionero-murio-en-un-triple-choque-en-colonia-liebig\\\/#primaryimage\"},\"thumbnailUrl\":\"https:\\\/\\\/cvinoticias.com\\\/wp-content\\\/uploads\\\/2026\\\/04\\\/1777502088933-1.webp\",\"keywords\":[\"Camionero\",\"choque\",\"Misionero\",\"murio\",\"Triple\"],\"articleSection\":[\"Policiales\"],\"inLanguage\":\"es\",\"potentialAction\":[{\"@type\":\"CommentAction\",\"name\":\"Comment\",\"target\":[\"https:\\\/\\\/cvinoticias.com\\\/v3\\\/un-camionero-misionero-murio-en-un-triple-choque-en-colonia-liebig\\\/#respond\"]}]},{\"@type\":\"WebPage\",\"@id\":\"https:\\\/\\\/cvinoticias.com\\\/v3\\\/un-camionero-misionero-murio-en-un-triple-choque-en-colonia-liebig\\\/\",\"url\":\"https:\\\/\\\/cvinoticias.com\\\/v3\\\/un-camionero-misionero-murio-en-un-triple-choque-en-colonia-liebig\\\/\",\"name\":\"Muri\u00f3 camionero misionero en choque sobre ruta 14 | CVI NOTICIAS\",\"isPartOf\":{\"@id\":\"https:\\\/\\\/cvinoticias.com\\\/v3\\\/#website\"},\"primaryImageOfPage\":{\"@id\":\"https:\\\/\\\/cvinoticias.com\\\/v3\\\/un-camionero-misionero-murio-en-un-triple-choque-en-colonia-liebig\\\/#primaryimage\"},\"image\":{\"@id\":\"https:\\\/\\\/cvinoticias.com\\\/v3\\\/un-camionero-misionero-murio-en-un-triple-choque-en-colonia-liebig\\\/#primaryimage\"},\"thumbnailUrl\":\"https:\\\/\\\/cvinoticias.com\\\/wp-content\\\/uploads\\\/2026\\\/04\\\/1777502088933-1.webp\",\"datePublished\":\"2026-04-30T12:20:04+00:00\",\"dateModified\":\"2026-04-30T12:20:05+00:00\",\"description\":\"Un camionero de Misiones muri\u00f3 en un triple choque entre camiones y un auto en la ruta 14 en Corrientes.\",\"breadcrumb\":{\"@id\":\"https:\\\/\\\/cvinoticias.com\\\/v3\\\/un-camionero-misionero-murio-en-un-triple-choque-en-colonia-liebig\\\/#breadcrumb\"},\"inLanguage\":\"es\",\"potentialAction\":[{\"@type\":\"ReadAction\",\"target\":[\"https:\\\/\\\/cvinoticias.com\\\/v3\\\/un-camionero-misionero-murio-en-un-triple-choque-en-colonia-liebig\\\/\"]}]},{\"@type\":\"ImageObject\",\"inLanguage\":\"es\",\"@id\":\"https:\\\/\\\/cvinoticias.com\\\/v3\\\/un-camionero-misionero-murio-en-un-triple-choque-en-colonia-liebig\\\/#primaryimage\",\"url\":\"https:\\\/\\\/cvinoticias.com\\\/wp-content\\\/uploads\\\/2026\\\/04\\\/1777502088933-1.webp\",\"contentUrl\":\"https:\\\/\\\/cvinoticias.com\\\/wp-content\\\/uploads\\\/2026\\\/04\\\/1777502088933-1.webp\",\"width\":794,\"height\":489},{\"@type\":\"BreadcrumbList\",\"@id\":\"https:\\\/\\\/cvinoticias.com\\\/v3\\\/un-camionero-misionero-murio-en-un-triple-choque-en-colonia-liebig\\\/#breadcrumb\",\"itemListElement\":[{\"@type\":\"ListItem\",\"position\":1,\"name\":\"Portada\",\"item\":\"https:\\\/\\\/cvinoticias.com\\\/v3\\\/\"},{\"@type\":\"ListItem\",\"position\":2,\"name\":\"Un camionero misionero muri\u00f3 en un triple choque en Colonia Liebig\"}]},{\"@type\":\"WebSite\",\"@id\":\"https:\\\/\\\/cvinoticias.com\\\/v3\\\/#website\",\"url\":\"https:\\\/\\\/cvinoticias.com\\\/v3\\\/\",\"name\":\"CVI NOTICIAS\",\"description\":\"\",\"publisher\":{\"@id\":\"https:\\\/\\\/cvinoticias.com\\\/v3\\\/#organization\"},\"alternateName\":\"CVI\",\"potentialAction\":[{\"@type\":\"SearchAction\",\"target\":{\"@type\":\"EntryPoint\",\"urlTemplate\":\"https:\\\/\\\/cvinoticias.com\\\/v3\\\/?s={search_term_string}\"},\"query-input\":{\"@type\":\"PropertyValueSpecification\",\"valueRequired\":true,\"valueName\":\"search_term_string\"}}],\"inLanguage\":\"es\"},{\"@type\":\"Organization\",\"@id\":\"https:\\\/\\\/cvinoticias.com\\\/v3\\\/#organization\",\"name\":\"CVI NOTICIAS\",\"url\":\"https:\\\/\\\/cvinoticias.com\\\/v3\\\/\",\"logo\":{\"@type\":\"ImageObject\",\"inLanguage\":\"es\",\"@id\":\"https:\\\/\\\/cvinoticias.com\\\/v3\\\/#\\\/schema\\\/logo\\\/image\\\/\",\"url\":\"https:\\\/\\\/cvinoticias.com\\\/wp-content\\\/uploads\\\/2023\\\/04\\\/cropped-cropped-cropped-cropped-cropped-3-1.png\",\"contentUrl\":\"https:\\\/\\\/cvinoticias.com\\\/wp-content\\\/uploads\\\/2023\\\/04\\\/cropped-cropped-cropped-cropped-cropped-3-1.png\",\"width\":95,\"height\":122,\"caption\":\"CVI NOTICIAS\"},\"image\":{\"@id\":\"https:\\\/\\\/cvinoticias.com\\\/v3\\\/#\\\/schema\\\/logo\\\/image\\\/\"},\"sameAs\":[\"https:\\\/\\\/www.facebook.com\\\/cvinoticias\",\"https:\\\/\\\/www.instagram.com\\\/cvinoticias\\\/\",\"https:\\\/\\\/www.youtube.com\\\/@CVINOTICIAS\"]},{\"@type\":\"Person\",\"@id\":\"https:\\\/\\\/cvinoticias.com\\\/v3\\\/#\\\/schema\\\/person\\\/2db77e3c6bc03c538495d7b2b8be9b66\",\"name\":\"f1000024\",\"image\":{\"@type\":\"ImageObject\",\"inLanguage\":\"es\",\"@id\":\"https:\\\/\\\/secure.gravatar.com\\\/avatar\\\/d4fe7459cfc51ff5129ce1a732bbef5928568b8092d412ef95611616376bbeed?s=96&d=mm&r=g\",\"url\":\"https:\\\/\\\/secure.gravatar.com\\\/avatar\\\/d4fe7459cfc51ff5129ce1a732bbef5928568b8092d412ef95611616376bbeed?s=96&d=mm&r=g\",\"contentUrl\":\"https:\\\/\\\/secure.gravatar.com\\\/avatar\\\/d4fe7459cfc51ff5129ce1a732bbef5928568b8092d412ef95611616376bbeed?s=96&d=mm&r=g\",\"caption\":\"f1000024\"},\"url\":\"https:\\\/\\\/cvinoticias.com\\\/v3\\\/author\\\/f1000024\\\/\"}]}<\/script>\n<!-- \/ Yoast SEO plugin. -->","yoast_head_json":{"title":"Muri\u00f3 camionero misionero en choque sobre ruta 14 | CVI NOTICIAS","description":"Un camionero de Misiones muri\u00f3 en un triple choque entre camiones y un auto en la ruta 14 en Corrientes.","robots":{"index":"index","follow":"follow","max-snippet":"max-snippet:-1","max-image-preview":"max-image-preview:large","max-video-preview":"max-video-preview:-1"},"canonical":"https:\/\/cvinoticias.com\/v3\/un-camionero-misionero-murio-en-un-triple-choque-en-colonia-liebig\/","og_locale":"es_ES","og_type":"article","og_title":"Muri\u00f3 camionero misionero en choque sobre ruta 14 | CVI NOTICIAS","og_description":"Un camionero de Misiones muri\u00f3 en un triple choque entre camiones y un auto en la ruta 14 en Corrientes.","og_url":"https:\/\/cvinoticias.com\/v3\/un-camionero-misionero-murio-en-un-triple-choque-en-colonia-liebig\/","og_site_name":"CVI NOTICIAS","article_publisher":"https:\/\/www.facebook.com\/cvinoticias","article_published_time":"2026-04-30T12:20:04+00:00","article_modified_time":"2026-04-30T12:20:05+00:00","og_image":[{"width":794,"height":489,"url":"https:\/\/cvinoticias.com\/wp-content\/uploads\/2026\/04\/1777502088933-1.webp","type":"image\/webp"}],"author":"f1000024","twitter_card":"summary_large_image","twitter_misc":{"Escrito por":"f1000024","Tiempo de lectura":"2 minutos"},"schema":{"@context":"https:\/\/schema.org","@graph":[{"@type":"Article","@id":"https:\/\/cvinoticias.com\/v3\/un-camionero-misionero-murio-en-un-triple-choque-en-colonia-liebig\/#article","isPartOf":{"@id":"https:\/\/cvinoticias.com\/v3\/un-camionero-misionero-murio-en-un-triple-choque-en-colonia-liebig\/"},"author":{"name":"f1000024","@id":"https:\/\/cvinoticias.com\/v3\/#\/schema\/person\/2db77e3c6bc03c538495d7b2b8be9b66"},"headline":"Un camionero misionero muri\u00f3 en un triple choque en Colonia Liebig","datePublished":"2026-04-30T12:20:04+00:00","dateModified":"2026-04-30T12:20:05+00:00","mainEntityOfPage":{"@id":"https:\/\/cvinoticias.com\/v3\/un-camionero-misionero-murio-en-un-triple-choque-en-colonia-liebig\/"},"wordCount":172,"commentCount":0,"publisher":{"@id":"https:\/\/cvinoticias.com\/v3\/#organization"},"image":{"@id":"https:\/\/cvinoticias.com\/v3\/un-camionero-misionero-murio-en-un-triple-choque-en-colonia-liebig\/#primaryimage"},"thumbnailUrl":"https:\/\/cvinoticias.com\/wp-content\/uploads\/2026\/04\/1777502088933-1.webp","keywords":["Camionero","choque","Misionero","murio","Triple"],"articleSection":["Policiales"],"inLanguage":"es","potentialAction":[{"@type":"CommentAction","name":"Comment","target":["https:\/\/cvinoticias.com\/v3\/un-camionero-misionero-murio-en-un-triple-choque-en-colonia-liebig\/#respond"]}]},{"@type":"WebPage","@id":"https:\/\/cvinoticias.com\/v3\/un-camionero-misionero-murio-en-un-triple-choque-en-colonia-liebig\/","url":"https:\/\/cvinoticias.com\/v3\/un-camionero-misionero-murio-en-un-triple-choque-en-colonia-liebig\/","name":"Muri\u00f3 camionero misionero en choque sobre ruta 14 | CVI NOTICIAS","isPartOf":{"@id":"https:\/\/cvinoticias.com\/v3\/#website"},"primaryImageOfPage":{"@id":"https:\/\/cvinoticias.com\/v3\/un-camionero-misionero-murio-en-un-triple-choque-en-colonia-liebig\/#primaryimage"},"image":{"@id":"https:\/\/cvinoticias.com\/v3\/un-camionero-misionero-murio-en-un-triple-choque-en-colonia-liebig\/#primaryimage"},"thumbnailUrl":"https:\/\/cvinoticias.com\/wp-content\/uploads\/2026\/04\/1777502088933-1.webp","datePublished":"2026-04-30T12:20:04+00:00","dateModified":"2026-04-30T12:20:05+00:00","description":"Un camionero de Misiones muri\u00f3 en un triple choque entre camiones y un auto en la ruta 14 en Corrientes.","breadcrumb":{"@id":"https:\/\/cvinoticias.com\/v3\/un-camionero-misionero-murio-en-un-triple-choque-en-colonia-liebig\/#breadcrumb"},"inLanguage":"es","potentialAction":[{"@type":"ReadAction","target":["https:\/\/cvinoticias.com\/v3\/un-camionero-misionero-murio-en-un-triple-choque-en-colonia-liebig\/"]}]},{"@type":"ImageObject","inLanguage":"es","@id":"https:\/\/cvinoticias.com\/v3\/un-camionero-misionero-murio-en-un-triple-choque-en-colonia-liebig\/#primaryimage","url":"https:\/\/cvinoticias.com\/wp-content\/uploads\/2026\/04\/1777502088933-1.webp","contentUrl":"https:\/\/cvinoticias.com\/wp-content\/uploads\/2026\/04\/1777502088933-1.webp","width":794,"height":489},{"@type":"BreadcrumbList","@id":"https:\/\/cvinoticias.com\/v3\/un-camionero-misionero-murio-en-un-triple-choque-en-colonia-liebig\/#breadcrumb","itemListElement":[{"@type":"ListItem","position":1,"name":"Portada","item":"https:\/\/cvinoticias.com\/v3\/"},{"@type":"ListItem","position":2,"name":"Un camionero misionero muri\u00f3 en un triple choque en Colonia Liebig"}]},{"@type":"WebSite","@id":"https:\/\/cvinoticias.com\/v3\/#website","url":"https:\/\/cvinoticias.com\/v3\/","name":"CVI NOTICIAS","description":"","publisher":{"@id":"https:\/\/cvinoticias.com\/v3\/#organization"},"alternateName":"CVI","potentialAction":[{"@type":"SearchAction","target":{"@type":"EntryPoint","urlTemplate":"https:\/\/cvinoticias.com\/v3\/?s={search_term_string}"},"query-input":{"@type":"PropertyValueSpecification","valueRequired":true,"valueName":"search_term_string"}}],"inLanguage":"es"},{"@type":"Organization","@id":"https:\/\/cvinoticias.com\/v3\/#organization","name":"CVI NOTICIAS","url":"https:\/\/cvinoticias.com\/v3\/","logo":{"@type":"ImageObject","inLanguage":"es","@id":"https:\/\/cvinoticias.com\/v3\/#\/schema\/logo\/image\/","url":"https:\/\/cvinoticias.com\/wp-content\/uploads\/2023\/04\/cropped-cropped-cropped-cropped-cropped-3-1.png","contentUrl":"https:\/\/cvinoticias.com\/wp-content\/uploads\/2023\/04\/cropped-cropped-cropped-cropped-cropped-3-1.png","width":95,"height":122,"caption":"CVI NOTICIAS"},"image":{"@id":"https:\/\/cvinoticias.com\/v3\/#\/schema\/logo\/image\/"},"sameAs":["https:\/\/www.facebook.com\/cvinoticias","https:\/\/www.instagram.com\/cvinoticias\/","https:\/\/www.youtube.com\/@CVINOTICIAS"]},{"@type":"Person","@id":"https:\/\/cvinoticias.com\/v3\/#\/schema\/person\/2db77e3c6bc03c538495d7b2b8be9b66","name":"f1000024","image":{"@type":"ImageObject","inLanguage":"es","@id":"https:\/\/secure.gravatar.com\/avatar\/d4fe7459cfc51ff5129ce1a732bbef5928568b8092d412ef95611616376bbeed?s=96&d=mm&r=g","url":"https:\/\/secure.gravatar.com\/avatar\/d4fe7459cfc51ff5129ce1a732bbef5928568b8092d412ef95611616376bbeed?s=96&d=mm&r=g","contentUrl":"https:\/\/secure.gravatar.com\/avatar\/d4fe7459cfc51ff5129ce1a732bbef5928568b8092d412ef95611616376bbeed?s=96&d=mm&r=g","caption":"f1000024"},"url":"https:\/\/cvinoticias.com\/v3\/author\/f1000024\/"}]}},"_links":{"self":[{"href":"https:\/\/cvinoticias.com\/v3\/wp-json\/wp\/v2\/posts\/57687","targetHints":{"allow":["GET"]}}],"collection":[{"href":"https:\/\/cvinoticias.com\/v3\/wp-json\/wp\/v2\/posts"}],"about":[{"href":"https:\/\/cvinoticias.com\/v3\/wp-json\/wp\/v2\/types\/post"}],"author":[{"embeddable":true,"href":"https:\/\/cvinoticias.com\/v3\/wp-json\/wp\/v2\/users\/2"}],"replies":[{"embeddable":true,"href":"https:\/\/cvinoticias.com\/v3\/wp-json\/wp\/v2\/comments?post=57687"}],"version-history":[{"count":1,"href":"https:\/\/cvinoticias.com\/v3\/wp-json\/wp\/v2\/posts\/57687\/revisions"}],"predecessor-version":[{"id":57689,"href":"https:\/\/cvinoticias.com\/v3\/wp-json\/wp\/v2\/posts\/57687\/revisions\/57689"}],"wp:featuredmedia":[{"embeddable":true,"href":"https:\/\/cvinoticias.com\/v3\/wp-json\/wp\/v2\/media\/57688"}],"wp:attachment":[{"href":"https:\/\/cvinoticias.com\/v3\/wp-json\/wp\/v2\/media?parent=57687"}],"wp:term":[{"taxonomy":"category","embeddable":true,"href":"https:\/\/cvinoticias.com\/v3\/wp-json\/wp\/v2\/categories?post=57687"},{"taxonomy":"post_tag","embeddable":true,"href":"https:\/\/cvinoticias.com\/v3\/wp-json\/wp\/v2\/tags?post=57687"}],"curies":[{"name":"wp","href":"https:\/\/api.w.org\/{rel}","templated":true}]}}