{"id":57684,"date":"2026-04-30T09:18:01","date_gmt":"2026-04-30T12:18:01","guid":{"rendered":"https:\/\/cvinoticias.com\/v3\/?p=57684"},"modified":"2026-04-30T09:18:02","modified_gmt":"2026-04-30T12:18:02","slug":"carlos-arce-fue-reelecto-vicepresidente-de-la-comision-de-salud-del-senado","status":"publish","type":"post","link":"https:\/\/cvinoticias.com\/v3\/carlos-arce-fue-reelecto-vicepresidente-de-la-comision-de-salud-del-senado\/","title":{"rendered":"Carlos Arce fue reelecto vicepresidente de la Comisi\u00f3n de Salud del Senado"},"content":{"rendered":"\n<p>Este mi\u00e9rcoles, el Senado de la Naci\u00f3n defini\u00f3 la nueva conformaci\u00f3n de la Comisi\u00f3n de Salud. La presidencia qued\u00f3 a cargo de Ivana Arrascaeta. En ese marco, el legislador misionero Carlos Arce fue reelecto como vicepresidente con el respaldo de sus pares.<\/p>\n\n\n\n<p>La comisi\u00f3n tambi\u00e9n fij\u00f3 su esquema de trabajo. Los encuentros se realizar\u00e1n los d\u00edas martes a las 14:00.<\/p>\n\n\n\n<p>Tras su designaci\u00f3n, Arce felicit\u00f3 a la presidenta y agradeci\u00f3 el acompa\u00f1amiento de los senadores. Adem\u00e1s, expres\u00f3 su expectativa de avanzar en una agenda com\u00fan para fortalecer el sistema sanitario.<\/p>\n\n\n\n<p>El senador destac\u00f3 el modelo de Misiones en materia de salud. Remarc\u00f3 que la provincia sostiene pol\u00edticas p\u00fablicas activas y un fuerte compromiso de los profesionales del sector. Tambi\u00e9n record\u00f3 el rol clave del sistema durante la pandemia y frente a otras enfermedades.<\/p>\n\n\n\n<p>Arce se\u00f1al\u00f3 la importancia de mantener una comisi\u00f3n abierta. Plante\u00f3 la necesidad de escuchar a la sociedad y a las instituciones cient\u00edficas. En ese sentido, asegur\u00f3 que todas las opiniones aportan al desarrollo de mejores leyes.<\/p>\n\n\n\n<hr class=\"wp-block-separator has-alpha-channel-opacity\"\/>\n\n\n\n<p><strong>Debate por la reforma de la Ley de Salud Mental<\/strong><\/p>\n\n\n\n<p>La comisi\u00f3n se reuni\u00f3 en plenario con Legislaci\u00f3n General para analizar cambios en la Ley de Salud Mental N.\u00ba 26.657. El proyecto fue impulsado por el Poder Ejecutivo Nacional.<\/p>\n\n\n\n<p>Durante el encuentro, expuso Liliana Gonz\u00e1lez, directora nacional de Abordaje Integral de Salud Mental. La funcionaria sostuvo que la normativa actual no funciona de manera adecuada y plante\u00f3 la necesidad de introducir modificaciones.<\/p>\n\n\n\n<p>Entre los cambios, propuso que un m\u00e9dico psiquiatra integre de forma obligatoria los equipos interdisciplinarios. Tambi\u00e9n plante\u00f3 revisar los criterios de internaci\u00f3n para facilitar el acceso en situaciones cr\u00edticas.<\/p>\n\n\n\n<p>Gonz\u00e1lez explic\u00f3 que el objetivo es mejorar la pr\u00e1ctica cl\u00ednica sin vulnerar derechos. Adem\u00e1s, mencion\u00f3 la necesidad de evitar casos graves vinculados a la falta de intervenci\u00f3n oportuna.<\/p>\n\n\n\n<p>El proyecto tambi\u00e9n incorpora el consumo problem\u00e1tico dentro de las pol\u00edticas de salud mental. A su vez, busca ampliar la red de atenci\u00f3n ante la falta de camas y recursos.<\/p>\n\n\n\n<p>En la reuni\u00f3n tambi\u00e9n particip\u00f3 Hern\u00e1n Rizzuti, representante de SEDRONAR, quien aport\u00f3 su visi\u00f3n sobre la problem\u00e1tica.<\/p>\n\n\n\n<p>Al cierre del encuentro, la presidenta de la comisi\u00f3n dispuso un cuarto intermedio. Adem\u00e1s, pidi\u00f3 a los senadores que propongan nuevos expositores para continuar el debate.<\/p>\n\n\n\n<p>Fuente: Canal 12 Misiones<\/p>\n","protected":false},"excerpt":{"rendered":"<p>Este mi\u00e9rcoles, el Senado de la Naci\u00f3n defini\u00f3 la nueva conformaci\u00f3n de la Comisi\u00f3n de Salud. La presidencia qued\u00f3 a cargo de Ivana Arrascaeta. En ese marco, el legislador misionero Carlos Arce fue reelecto como vicepresidente con el respaldo de sus pares. La comisi\u00f3n tambi\u00e9n fij\u00f3 su esquema de trabajo. Los encuentros se realizar\u00e1n los [&hellip;]<\/p>\n","protected":false},"author":2,"featured_media":57685,"comment_status":"open","ping_status":"closed","sticky":false,"template":"","format":"standard","meta":{"footnotes":""},"categories":[42],"tags":[5214,1140,4596,107,363,4825],"class_list":["post-57684","post","type-post","status-publish","format-standard","has-post-thumbnail","hentry","category-politica","tag-carlos-arce","tag-comision","tag-reelecto","tag-salud","tag-senado","tag-vicepresidente"],"yoast_head":"<!-- This site is optimized with the Yoast SEO plugin v27.5 - https:\/\/yoast.com\/product\/yoast-seo-wordpress\/ -->\n<title>Carlos Arce fue reelecto vice de Salud en el Senado | CVI NOTICIAS<\/title>\n<meta name=\"description\" content=\"Arce fue reelecto vicepresidente de la Comisi\u00f3n de Salud y destac\u00f3 el rol sanitario de Misiones.\" \/>\n<meta name=\"robots\" content=\"index, follow, max-snippet:-1, max-image-preview:large, max-video-preview:-1\" \/>\n<link rel=\"canonical\" href=\"https:\/\/cvinoticias.com\/v3\/carlos-arce-fue-reelecto-vicepresidente-de-la-comision-de-salud-del-senado\/\" \/>\n<meta property=\"og:locale\" content=\"es_ES\" \/>\n<meta property=\"og:type\" content=\"article\" \/>\n<meta property=\"og:title\" content=\"Carlos Arce fue reelecto vice de Salud en el Senado | CVI NOTICIAS\" \/>\n<meta property=\"og:description\" content=\"Arce fue reelecto vicepresidente de la Comisi\u00f3n de Salud y destac\u00f3 el rol sanitario de Misiones.\" \/>\n<meta property=\"og:url\" content=\"https:\/\/cvinoticias.com\/v3\/carlos-arce-fue-reelecto-vicepresidente-de-la-comision-de-salud-del-senado\/\" \/>\n<meta property=\"og:site_name\" content=\"CVI NOTICIAS\" \/>\n<meta property=\"article:publisher\" content=\"https:\/\/www.facebook.com\/cvinoticias\" \/>\n<meta property=\"article:published_time\" content=\"2026-04-30T12:18:01+00:00\" \/>\n<meta property=\"article:modified_time\" content=\"2026-04-30T12:18:02+00:00\" \/>\n<meta property=\"og:image\" content=\"https:\/\/cvinoticias.com\/wp-content\/uploads\/2026\/04\/Carlos-Arce-Senado-Salud-scaled-1.webp\" \/>\n\t<meta property=\"og:image:width\" content=\"2178\" \/>\n\t<meta property=\"og:image:height\" content=\"1460\" \/>\n\t<meta property=\"og:image:type\" content=\"image\/webp\" \/>\n<meta name=\"author\" content=\"f1000024\" \/>\n<meta name=\"twitter:card\" content=\"summary_large_image\" \/>\n<meta name=\"twitter:label1\" content=\"Escrito por\" \/>\n\t<meta name=\"twitter:data1\" content=\"f1000024\" \/>\n\t<meta name=\"twitter:label2\" content=\"Tiempo de lectura\" \/>\n\t<meta name=\"twitter:data2\" content=\"2 minutos\" \/>\n<script type=\"application\/ld+json\" class=\"yoast-schema-graph\">{\"@context\":\"https:\\\/\\\/schema.org\",\"@graph\":[{\"@type\":\"Article\",\"@id\":\"https:\\\/\\\/cvinoticias.com\\\/v3\\\/carlos-arce-fue-reelecto-vicepresidente-de-la-comision-de-salud-del-senado\\\/#article\",\"isPartOf\":{\"@id\":\"https:\\\/\\\/cvinoticias.com\\\/v3\\\/carlos-arce-fue-reelecto-vicepresidente-de-la-comision-de-salud-del-senado\\\/\"},\"author\":{\"name\":\"f1000024\",\"@id\":\"https:\\\/\\\/cvinoticias.com\\\/v3\\\/#\\\/schema\\\/person\\\/2db77e3c6bc03c538495d7b2b8be9b66\"},\"headline\":\"Carlos Arce fue reelecto vicepresidente de la Comisi\u00f3n de Salud del Senado\",\"datePublished\":\"2026-04-30T12:18:01+00:00\",\"dateModified\":\"2026-04-30T12:18:02+00:00\",\"mainEntityOfPage\":{\"@id\":\"https:\\\/\\\/cvinoticias.com\\\/v3\\\/carlos-arce-fue-reelecto-vicepresidente-de-la-comision-de-salud-del-senado\\\/\"},\"wordCount\":426,\"commentCount\":0,\"publisher\":{\"@id\":\"https:\\\/\\\/cvinoticias.com\\\/v3\\\/#organization\"},\"image\":{\"@id\":\"https:\\\/\\\/cvinoticias.com\\\/v3\\\/carlos-arce-fue-reelecto-vicepresidente-de-la-comision-de-salud-del-senado\\\/#primaryimage\"},\"thumbnailUrl\":\"https:\\\/\\\/cvinoticias.com\\\/wp-content\\\/uploads\\\/2026\\\/04\\\/Carlos-Arce-Senado-Salud-scaled-1.webp\",\"keywords\":[\"Carlos Arce\",\"Comisi\u00f3n\",\"reelecto\",\"salud\",\"Senado\",\"vicepresidente\"],\"articleSection\":[\"Politica\"],\"inLanguage\":\"es\",\"potentialAction\":[{\"@type\":\"CommentAction\",\"name\":\"Comment\",\"target\":[\"https:\\\/\\\/cvinoticias.com\\\/v3\\\/carlos-arce-fue-reelecto-vicepresidente-de-la-comision-de-salud-del-senado\\\/#respond\"]}]},{\"@type\":\"WebPage\",\"@id\":\"https:\\\/\\\/cvinoticias.com\\\/v3\\\/carlos-arce-fue-reelecto-vicepresidente-de-la-comision-de-salud-del-senado\\\/\",\"url\":\"https:\\\/\\\/cvinoticias.com\\\/v3\\\/carlos-arce-fue-reelecto-vicepresidente-de-la-comision-de-salud-del-senado\\\/\",\"name\":\"Carlos Arce fue reelecto vice de Salud en el Senado | CVI NOTICIAS\",\"isPartOf\":{\"@id\":\"https:\\\/\\\/cvinoticias.com\\\/v3\\\/#website\"},\"primaryImageOfPage\":{\"@id\":\"https:\\\/\\\/cvinoticias.com\\\/v3\\\/carlos-arce-fue-reelecto-vicepresidente-de-la-comision-de-salud-del-senado\\\/#primaryimage\"},\"image\":{\"@id\":\"https:\\\/\\\/cvinoticias.com\\\/v3\\\/carlos-arce-fue-reelecto-vicepresidente-de-la-comision-de-salud-del-senado\\\/#primaryimage\"},\"thumbnailUrl\":\"https:\\\/\\\/cvinoticias.com\\\/wp-content\\\/uploads\\\/2026\\\/04\\\/Carlos-Arce-Senado-Salud-scaled-1.webp\",\"datePublished\":\"2026-04-30T12:18:01+00:00\",\"dateModified\":\"2026-04-30T12:18:02+00:00\",\"description\":\"Arce fue reelecto vicepresidente de la Comisi\u00f3n de Salud y destac\u00f3 el rol sanitario de Misiones.\",\"breadcrumb\":{\"@id\":\"https:\\\/\\\/cvinoticias.com\\\/v3\\\/carlos-arce-fue-reelecto-vicepresidente-de-la-comision-de-salud-del-senado\\\/#breadcrumb\"},\"inLanguage\":\"es\",\"potentialAction\":[{\"@type\":\"ReadAction\",\"target\":[\"https:\\\/\\\/cvinoticias.com\\\/v3\\\/carlos-arce-fue-reelecto-vicepresidente-de-la-comision-de-salud-del-senado\\\/\"]}]},{\"@type\":\"ImageObject\",\"inLanguage\":\"es\",\"@id\":\"https:\\\/\\\/cvinoticias.com\\\/v3\\\/carlos-arce-fue-reelecto-vicepresidente-de-la-comision-de-salud-del-senado\\\/#primaryimage\",\"url\":\"https:\\\/\\\/cvinoticias.com\\\/wp-content\\\/uploads\\\/2026\\\/04\\\/Carlos-Arce-Senado-Salud-scaled-1.webp\",\"contentUrl\":\"https:\\\/\\\/cvinoticias.com\\\/wp-content\\\/uploads\\\/2026\\\/04\\\/Carlos-Arce-Senado-Salud-scaled-1.webp\",\"width\":2178,\"height\":1460},{\"@type\":\"BreadcrumbList\",\"@id\":\"https:\\\/\\\/cvinoticias.com\\\/v3\\\/carlos-arce-fue-reelecto-vicepresidente-de-la-comision-de-salud-del-senado\\\/#breadcrumb\",\"itemListElement\":[{\"@type\":\"ListItem\",\"position\":1,\"name\":\"Portada\",\"item\":\"https:\\\/\\\/cvinoticias.com\\\/v3\\\/\"},{\"@type\":\"ListItem\",\"position\":2,\"name\":\"Carlos Arce fue reelecto vicepresidente de la Comisi\u00f3n de Salud del Senado\"}]},{\"@type\":\"WebSite\",\"@id\":\"https:\\\/\\\/cvinoticias.com\\\/v3\\\/#website\",\"url\":\"https:\\\/\\\/cvinoticias.com\\\/v3\\\/\",\"name\":\"CVI NOTICIAS\",\"description\":\"\",\"publisher\":{\"@id\":\"https:\\\/\\\/cvinoticias.com\\\/v3\\\/#organization\"},\"alternateName\":\"CVI\",\"potentialAction\":[{\"@type\":\"SearchAction\",\"target\":{\"@type\":\"EntryPoint\",\"urlTemplate\":\"https:\\\/\\\/cvinoticias.com\\\/v3\\\/?s={search_term_string}\"},\"query-input\":{\"@type\":\"PropertyValueSpecification\",\"valueRequired\":true,\"valueName\":\"search_term_string\"}}],\"inLanguage\":\"es\"},{\"@type\":\"Organization\",\"@id\":\"https:\\\/\\\/cvinoticias.com\\\/v3\\\/#organization\",\"name\":\"CVI NOTICIAS\",\"url\":\"https:\\\/\\\/cvinoticias.com\\\/v3\\\/\",\"logo\":{\"@type\":\"ImageObject\",\"inLanguage\":\"es\",\"@id\":\"https:\\\/\\\/cvinoticias.com\\\/v3\\\/#\\\/schema\\\/logo\\\/image\\\/\",\"url\":\"https:\\\/\\\/cvinoticias.com\\\/wp-content\\\/uploads\\\/2023\\\/04\\\/cropped-cropped-cropped-cropped-cropped-3-1.png\",\"contentUrl\":\"https:\\\/\\\/cvinoticias.com\\\/wp-content\\\/uploads\\\/2023\\\/04\\\/cropped-cropped-cropped-cropped-cropped-3-1.png\",\"width\":95,\"height\":122,\"caption\":\"CVI NOTICIAS\"},\"image\":{\"@id\":\"https:\\\/\\\/cvinoticias.com\\\/v3\\\/#\\\/schema\\\/logo\\\/image\\\/\"},\"sameAs\":[\"https:\\\/\\\/www.facebook.com\\\/cvinoticias\",\"https:\\\/\\\/www.instagram.com\\\/cvinoticias\\\/\",\"https:\\\/\\\/www.youtube.com\\\/@CVINOTICIAS\"]},{\"@type\":\"Person\",\"@id\":\"https:\\\/\\\/cvinoticias.com\\\/v3\\\/#\\\/schema\\\/person\\\/2db77e3c6bc03c538495d7b2b8be9b66\",\"name\":\"f1000024\",\"image\":{\"@type\":\"ImageObject\",\"inLanguage\":\"es\",\"@id\":\"https:\\\/\\\/secure.gravatar.com\\\/avatar\\\/d4fe7459cfc51ff5129ce1a732bbef5928568b8092d412ef95611616376bbeed?s=96&d=mm&r=g\",\"url\":\"https:\\\/\\\/secure.gravatar.com\\\/avatar\\\/d4fe7459cfc51ff5129ce1a732bbef5928568b8092d412ef95611616376bbeed?s=96&d=mm&r=g\",\"contentUrl\":\"https:\\\/\\\/secure.gravatar.com\\\/avatar\\\/d4fe7459cfc51ff5129ce1a732bbef5928568b8092d412ef95611616376bbeed?s=96&d=mm&r=g\",\"caption\":\"f1000024\"},\"url\":\"https:\\\/\\\/cvinoticias.com\\\/v3\\\/author\\\/f1000024\\\/\"}]}<\/script>\n<!-- \/ Yoast SEO plugin. -->","yoast_head_json":{"title":"Carlos Arce fue reelecto vice de Salud en el Senado | CVI NOTICIAS","description":"Arce fue reelecto vicepresidente de la Comisi\u00f3n de Salud y destac\u00f3 el rol sanitario de Misiones.","robots":{"index":"index","follow":"follow","max-snippet":"max-snippet:-1","max-image-preview":"max-image-preview:large","max-video-preview":"max-video-preview:-1"},"canonical":"https:\/\/cvinoticias.com\/v3\/carlos-arce-fue-reelecto-vicepresidente-de-la-comision-de-salud-del-senado\/","og_locale":"es_ES","og_type":"article","og_title":"Carlos Arce fue reelecto vice de Salud en el Senado | CVI NOTICIAS","og_description":"Arce fue reelecto vicepresidente de la Comisi\u00f3n de Salud y destac\u00f3 el rol sanitario de Misiones.","og_url":"https:\/\/cvinoticias.com\/v3\/carlos-arce-fue-reelecto-vicepresidente-de-la-comision-de-salud-del-senado\/","og_site_name":"CVI NOTICIAS","article_publisher":"https:\/\/www.facebook.com\/cvinoticias","article_published_time":"2026-04-30T12:18:01+00:00","article_modified_time":"2026-04-30T12:18:02+00:00","og_image":[{"width":2178,"height":1460,"url":"https:\/\/cvinoticias.com\/wp-content\/uploads\/2026\/04\/Carlos-Arce-Senado-Salud-scaled-1.webp","type":"image\/webp"}],"author":"f1000024","twitter_card":"summary_large_image","twitter_misc":{"Escrito por":"f1000024","Tiempo de lectura":"2 minutos"},"schema":{"@context":"https:\/\/schema.org","@graph":[{"@type":"Article","@id":"https:\/\/cvinoticias.com\/v3\/carlos-arce-fue-reelecto-vicepresidente-de-la-comision-de-salud-del-senado\/#article","isPartOf":{"@id":"https:\/\/cvinoticias.com\/v3\/carlos-arce-fue-reelecto-vicepresidente-de-la-comision-de-salud-del-senado\/"},"author":{"name":"f1000024","@id":"https:\/\/cvinoticias.com\/v3\/#\/schema\/person\/2db77e3c6bc03c538495d7b2b8be9b66"},"headline":"Carlos Arce fue reelecto vicepresidente de la Comisi\u00f3n de Salud del Senado","datePublished":"2026-04-30T12:18:01+00:00","dateModified":"2026-04-30T12:18:02+00:00","mainEntityOfPage":{"@id":"https:\/\/cvinoticias.com\/v3\/carlos-arce-fue-reelecto-vicepresidente-de-la-comision-de-salud-del-senado\/"},"wordCount":426,"commentCount":0,"publisher":{"@id":"https:\/\/cvinoticias.com\/v3\/#organization"},"image":{"@id":"https:\/\/cvinoticias.com\/v3\/carlos-arce-fue-reelecto-vicepresidente-de-la-comision-de-salud-del-senado\/#primaryimage"},"thumbnailUrl":"https:\/\/cvinoticias.com\/wp-content\/uploads\/2026\/04\/Carlos-Arce-Senado-Salud-scaled-1.webp","keywords":["Carlos Arce","Comisi\u00f3n","reelecto","salud","Senado","vicepresidente"],"articleSection":["Politica"],"inLanguage":"es","potentialAction":[{"@type":"CommentAction","name":"Comment","target":["https:\/\/cvinoticias.com\/v3\/carlos-arce-fue-reelecto-vicepresidente-de-la-comision-de-salud-del-senado\/#respond"]}]},{"@type":"WebPage","@id":"https:\/\/cvinoticias.com\/v3\/carlos-arce-fue-reelecto-vicepresidente-de-la-comision-de-salud-del-senado\/","url":"https:\/\/cvinoticias.com\/v3\/carlos-arce-fue-reelecto-vicepresidente-de-la-comision-de-salud-del-senado\/","name":"Carlos Arce fue reelecto vice de Salud en el Senado | CVI NOTICIAS","isPartOf":{"@id":"https:\/\/cvinoticias.com\/v3\/#website"},"primaryImageOfPage":{"@id":"https:\/\/cvinoticias.com\/v3\/carlos-arce-fue-reelecto-vicepresidente-de-la-comision-de-salud-del-senado\/#primaryimage"},"image":{"@id":"https:\/\/cvinoticias.com\/v3\/carlos-arce-fue-reelecto-vicepresidente-de-la-comision-de-salud-del-senado\/#primaryimage"},"thumbnailUrl":"https:\/\/cvinoticias.com\/wp-content\/uploads\/2026\/04\/Carlos-Arce-Senado-Salud-scaled-1.webp","datePublished":"2026-04-30T12:18:01+00:00","dateModified":"2026-04-30T12:18:02+00:00","description":"Arce fue reelecto vicepresidente de la Comisi\u00f3n de Salud y destac\u00f3 el rol sanitario de Misiones.","breadcrumb":{"@id":"https:\/\/cvinoticias.com\/v3\/carlos-arce-fue-reelecto-vicepresidente-de-la-comision-de-salud-del-senado\/#breadcrumb"},"inLanguage":"es","potentialAction":[{"@type":"ReadAction","target":["https:\/\/cvinoticias.com\/v3\/carlos-arce-fue-reelecto-vicepresidente-de-la-comision-de-salud-del-senado\/"]}]},{"@type":"ImageObject","inLanguage":"es","@id":"https:\/\/cvinoticias.com\/v3\/carlos-arce-fue-reelecto-vicepresidente-de-la-comision-de-salud-del-senado\/#primaryimage","url":"https:\/\/cvinoticias.com\/wp-content\/uploads\/2026\/04\/Carlos-Arce-Senado-Salud-scaled-1.webp","contentUrl":"https:\/\/cvinoticias.com\/wp-content\/uploads\/2026\/04\/Carlos-Arce-Senado-Salud-scaled-1.webp","width":2178,"height":1460},{"@type":"BreadcrumbList","@id":"https:\/\/cvinoticias.com\/v3\/carlos-arce-fue-reelecto-vicepresidente-de-la-comision-de-salud-del-senado\/#breadcrumb","itemListElement":[{"@type":"ListItem","position":1,"name":"Portada","item":"https:\/\/cvinoticias.com\/v3\/"},{"@type":"ListItem","position":2,"name":"Carlos Arce fue reelecto vicepresidente de la Comisi\u00f3n de Salud del Senado"}]},{"@type":"WebSite","@id":"https:\/\/cvinoticias.com\/v3\/#website","url":"https:\/\/cvinoticias.com\/v3\/","name":"CVI NOTICIAS","description":"","publisher":{"@id":"https:\/\/cvinoticias.com\/v3\/#organization"},"alternateName":"CVI","potentialAction":[{"@type":"SearchAction","target":{"@type":"EntryPoint","urlTemplate":"https:\/\/cvinoticias.com\/v3\/?s={search_term_string}"},"query-input":{"@type":"PropertyValueSpecification","valueRequired":true,"valueName":"search_term_string"}}],"inLanguage":"es"},{"@type":"Organization","@id":"https:\/\/cvinoticias.com\/v3\/#organization","name":"CVI NOTICIAS","url":"https:\/\/cvinoticias.com\/v3\/","logo":{"@type":"ImageObject","inLanguage":"es","@id":"https:\/\/cvinoticias.com\/v3\/#\/schema\/logo\/image\/","url":"https:\/\/cvinoticias.com\/wp-content\/uploads\/2023\/04\/cropped-cropped-cropped-cropped-cropped-3-1.png","contentUrl":"https:\/\/cvinoticias.com\/wp-content\/uploads\/2023\/04\/cropped-cropped-cropped-cropped-cropped-3-1.png","width":95,"height":122,"caption":"CVI NOTICIAS"},"image":{"@id":"https:\/\/cvinoticias.com\/v3\/#\/schema\/logo\/image\/"},"sameAs":["https:\/\/www.facebook.com\/cvinoticias","https:\/\/www.instagram.com\/cvinoticias\/","https:\/\/www.youtube.com\/@CVINOTICIAS"]},{"@type":"Person","@id":"https:\/\/cvinoticias.com\/v3\/#\/schema\/person\/2db77e3c6bc03c538495d7b2b8be9b66","name":"f1000024","image":{"@type":"ImageObject","inLanguage":"es","@id":"https:\/\/secure.gravatar.com\/avatar\/d4fe7459cfc51ff5129ce1a732bbef5928568b8092d412ef95611616376bbeed?s=96&d=mm&r=g","url":"https:\/\/secure.gravatar.com\/avatar\/d4fe7459cfc51ff5129ce1a732bbef5928568b8092d412ef95611616376bbeed?s=96&d=mm&r=g","contentUrl":"https:\/\/secure.gravatar.com\/avatar\/d4fe7459cfc51ff5129ce1a732bbef5928568b8092d412ef95611616376bbeed?s=96&d=mm&r=g","caption":"f1000024"},"url":"https:\/\/cvinoticias.com\/v3\/author\/f1000024\/"}]}},"_links":{"self":[{"href":"https:\/\/cvinoticias.com\/v3\/wp-json\/wp\/v2\/posts\/57684","targetHints":{"allow":["GET"]}}],"collection":[{"href":"https:\/\/cvinoticias.com\/v3\/wp-json\/wp\/v2\/posts"}],"about":[{"href":"https:\/\/cvinoticias.com\/v3\/wp-json\/wp\/v2\/types\/post"}],"author":[{"embeddable":true,"href":"https:\/\/cvinoticias.com\/v3\/wp-json\/wp\/v2\/users\/2"}],"replies":[{"embeddable":true,"href":"https:\/\/cvinoticias.com\/v3\/wp-json\/wp\/v2\/comments?post=57684"}],"version-history":[{"count":1,"href":"https:\/\/cvinoticias.com\/v3\/wp-json\/wp\/v2\/posts\/57684\/revisions"}],"predecessor-version":[{"id":57686,"href":"https:\/\/cvinoticias.com\/v3\/wp-json\/wp\/v2\/posts\/57684\/revisions\/57686"}],"wp:featuredmedia":[{"embeddable":true,"href":"https:\/\/cvinoticias.com\/v3\/wp-json\/wp\/v2\/media\/57685"}],"wp:attachment":[{"href":"https:\/\/cvinoticias.com\/v3\/wp-json\/wp\/v2\/media?parent=57684"}],"wp:term":[{"taxonomy":"category","embeddable":true,"href":"https:\/\/cvinoticias.com\/v3\/wp-json\/wp\/v2\/categories?post=57684"},{"taxonomy":"post_tag","embeddable":true,"href":"https:\/\/cvinoticias.com\/v3\/wp-json\/wp\/v2\/tags?post=57684"}],"curies":[{"name":"wp","href":"https:\/\/api.w.org\/{rel}","templated":true}]}}