{"id":57672,"date":"2026-04-30T09:04:21","date_gmt":"2026-04-30T12:04:21","guid":{"rendered":"https:\/\/cvinoticias.com\/v3\/?p=57672"},"modified":"2026-04-30T09:04:22","modified_gmt":"2026-04-30T12:04:22","slug":"prision-preventiva-para-los-acusados-por-el-crimen-de-luis-lopez-en-garupa","status":"publish","type":"post","link":"https:\/\/cvinoticias.com\/v3\/prision-preventiva-para-los-acusados-por-el-crimen-de-luis-lopez-en-garupa\/","title":{"rendered":"Prisi\u00f3n preventiva para los acusados por el crimen de Luis L\u00f3pez en Garup\u00e1"},"content":{"rendered":"\n<p>El Juzgado de Instrucci\u00f3n N.\u00ba 6 de Posadas dispuso la prisi\u00f3n preventiva para Alejandro Azar (40), alias \u201cDumbo\u201d, y Javier Sol\u00eds (50), imputados por el homicidio de Luis L\u00f3pez (43), ocurrido el pasado 31 de enero en el barrio Nuevo de Garup\u00e1.<\/p>\n\n\n\n<p>Seg\u00fan pudo saber un medio provincial, la medida fue dictada semanas atr\u00e1s por el juez Ricardo Balor, quien lleva adelante la investigaci\u00f3n del caso. Ambos sospechosos hab\u00edan sido trasladados previamente a sede judicial, donde designaron defensor oficial y prestaron declaraci\u00f3n indagatoria, brindando su versi\u00f3n de los hechos.<\/p>\n\n\n\n<p>Tras analizar las pruebas reunidas, la Justicia imput\u00f3 a Azar como presunto autor de homicidio simple, mientras que Sol\u00eds fue acusado como part\u00edcipe necesario en el mismo delito. Luego de la audiencia, los dos hombres fueron trasladados nuevamente a una dependencia policial, donde permanecen detenidos a disposici\u00f3n del magistrado interviniente.<\/p>\n\n\n\n<p>El crimen ocurri\u00f3 durante la tarde-noche del viernes 31 de enero, en la intersecci\u00f3n de la calle Ram\u00f3n Ayala y la avenida Independiente. De acuerdo a las actuaciones, la v\u00edctima fue atacada con un arma blanca en el marco de una discusi\u00f3n y recibi\u00f3 una \u00fanica pu\u00f1alada en el sector izquierdo del t\u00f3rax, herida que le provoc\u00f3 la muerte en el lugar.<\/p>\n\n\n\n<p>El hecho gener\u00f3 un amplio operativo policial que incluy\u00f3 allanamientos, pericias en la escena y la r\u00e1pida detenci\u00f3n de uno de los implicados, mientras que el segundo fue capturado al d\u00eda siguiente en el barrio 140 Viviendas de \u00d1u Por\u00e1.<\/p>\n\n\n\n<p>La investigaci\u00f3n contin\u00faa en curso con el objetivo de esclarecer completamente las circunstancias del homicidio, mientras ambos imputados permanecen privados de su libertad bajo prisi\u00f3n preventiva.<\/p>\n\n\n\n<p>Fuente: El Territorio<\/p>\n","protected":false},"excerpt":{"rendered":"<p>El Juzgado de Instrucci\u00f3n N.\u00ba 6 de Posadas dispuso la prisi\u00f3n preventiva para Alejandro Azar (40), alias \u201cDumbo\u201d, y Javier Sol\u00eds (50), imputados por el homicidio de Luis L\u00f3pez (43), ocurrido el pasado 31 de enero en el barrio Nuevo de Garup\u00e1. Seg\u00fan pudo saber un medio provincial, la medida fue dictada semanas atr\u00e1s por [&hellip;]<\/p>\n","protected":false},"author":2,"featured_media":57673,"comment_status":"open","ping_status":"closed","sticky":false,"template":"","format":"standard","meta":{"footnotes":""},"categories":[41],"tags":[5887,185,1824,5886,5885],"class_list":["post-57672","post","type-post","status-publish","format-standard","has-post-thumbnail","hentry","category-policiales","tag-acusados","tag-homicidio","tag-investigacion","tag-preventiva","tag-priion"],"yoast_head":"<!-- This site is optimized with the Yoast SEO plugin v27.5 - https:\/\/yoast.com\/product\/yoast-seo-wordpress\/ -->\n<title>Prisi\u00f3n preventiva por el crimen de Luis L\u00f3pez | CVI NOTICIAS<\/title>\n<meta name=\"description\" content=\"Dictan prisi\u00f3n preventiva para dos acusados por el homicidio de Luis L\u00f3pez en Garup\u00e1.\" \/>\n<meta name=\"robots\" content=\"index, follow, max-snippet:-1, max-image-preview:large, max-video-preview:-1\" \/>\n<link rel=\"canonical\" href=\"https:\/\/cvinoticias.com\/v3\/prision-preventiva-para-los-acusados-por-el-crimen-de-luis-lopez-en-garupa\/\" \/>\n<meta property=\"og:locale\" content=\"es_ES\" \/>\n<meta property=\"og:type\" content=\"article\" \/>\n<meta property=\"og:title\" content=\"Prisi\u00f3n preventiva por el crimen de Luis L\u00f3pez | CVI NOTICIAS\" \/>\n<meta property=\"og:description\" content=\"Dictan prisi\u00f3n preventiva para dos acusados por el homicidio de Luis L\u00f3pez en Garup\u00e1.\" \/>\n<meta property=\"og:url\" content=\"https:\/\/cvinoticias.com\/v3\/prision-preventiva-para-los-acusados-por-el-crimen-de-luis-lopez-en-garupa\/\" \/>\n<meta property=\"og:site_name\" content=\"CVI NOTICIAS\" \/>\n<meta property=\"article:publisher\" content=\"https:\/\/www.facebook.com\/cvinoticias\" \/>\n<meta property=\"article:published_time\" content=\"2026-04-30T12:04:21+00:00\" \/>\n<meta property=\"article:modified_time\" content=\"2026-04-30T12:04:22+00:00\" \/>\n<meta property=\"og:image\" content=\"https:\/\/cvinoticias.com\/wp-content\/uploads\/2026\/04\/md-1-8.webp\" \/>\n\t<meta property=\"og:image:width\" content=\"992\" \/>\n\t<meta property=\"og:image:height\" content=\"868\" \/>\n\t<meta property=\"og:image:type\" content=\"image\/webp\" \/>\n<meta name=\"author\" content=\"f1000024\" \/>\n<meta name=\"twitter:card\" content=\"summary_large_image\" \/>\n<meta name=\"twitter:label1\" content=\"Escrito por\" \/>\n\t<meta name=\"twitter:data1\" content=\"f1000024\" \/>\n\t<meta name=\"twitter:label2\" content=\"Tiempo de lectura\" \/>\n\t<meta name=\"twitter:data2\" content=\"2 minutos\" \/>\n<script type=\"application\/ld+json\" class=\"yoast-schema-graph\">{\"@context\":\"https:\\\/\\\/schema.org\",\"@graph\":[{\"@type\":\"Article\",\"@id\":\"https:\\\/\\\/cvinoticias.com\\\/v3\\\/prision-preventiva-para-los-acusados-por-el-crimen-de-luis-lopez-en-garupa\\\/#article\",\"isPartOf\":{\"@id\":\"https:\\\/\\\/cvinoticias.com\\\/v3\\\/prision-preventiva-para-los-acusados-por-el-crimen-de-luis-lopez-en-garupa\\\/\"},\"author\":{\"name\":\"f1000024\",\"@id\":\"https:\\\/\\\/cvinoticias.com\\\/v3\\\/#\\\/schema\\\/person\\\/2db77e3c6bc03c538495d7b2b8be9b66\"},\"headline\":\"Prisi\u00f3n preventiva para los acusados por el crimen de Luis L\u00f3pez en Garup\u00e1\",\"datePublished\":\"2026-04-30T12:04:21+00:00\",\"dateModified\":\"2026-04-30T12:04:22+00:00\",\"mainEntityOfPage\":{\"@id\":\"https:\\\/\\\/cvinoticias.com\\\/v3\\\/prision-preventiva-para-los-acusados-por-el-crimen-de-luis-lopez-en-garupa\\\/\"},\"wordCount\":303,\"commentCount\":0,\"publisher\":{\"@id\":\"https:\\\/\\\/cvinoticias.com\\\/v3\\\/#organization\"},\"image\":{\"@id\":\"https:\\\/\\\/cvinoticias.com\\\/v3\\\/prision-preventiva-para-los-acusados-por-el-crimen-de-luis-lopez-en-garupa\\\/#primaryimage\"},\"thumbnailUrl\":\"https:\\\/\\\/cvinoticias.com\\\/wp-content\\\/uploads\\\/2026\\\/04\\\/md-1-8.webp\",\"keywords\":[\"acusados\",\"homicidio\",\"Investigaci\u00f3n\",\"preventiva\",\"prii\u00f3n\"],\"articleSection\":[\"Policiales\"],\"inLanguage\":\"es\",\"potentialAction\":[{\"@type\":\"CommentAction\",\"name\":\"Comment\",\"target\":[\"https:\\\/\\\/cvinoticias.com\\\/v3\\\/prision-preventiva-para-los-acusados-por-el-crimen-de-luis-lopez-en-garupa\\\/#respond\"]}]},{\"@type\":\"WebPage\",\"@id\":\"https:\\\/\\\/cvinoticias.com\\\/v3\\\/prision-preventiva-para-los-acusados-por-el-crimen-de-luis-lopez-en-garupa\\\/\",\"url\":\"https:\\\/\\\/cvinoticias.com\\\/v3\\\/prision-preventiva-para-los-acusados-por-el-crimen-de-luis-lopez-en-garupa\\\/\",\"name\":\"Prisi\u00f3n preventiva por el crimen de Luis L\u00f3pez | CVI NOTICIAS\",\"isPartOf\":{\"@id\":\"https:\\\/\\\/cvinoticias.com\\\/v3\\\/#website\"},\"primaryImageOfPage\":{\"@id\":\"https:\\\/\\\/cvinoticias.com\\\/v3\\\/prision-preventiva-para-los-acusados-por-el-crimen-de-luis-lopez-en-garupa\\\/#primaryimage\"},\"image\":{\"@id\":\"https:\\\/\\\/cvinoticias.com\\\/v3\\\/prision-preventiva-para-los-acusados-por-el-crimen-de-luis-lopez-en-garupa\\\/#primaryimage\"},\"thumbnailUrl\":\"https:\\\/\\\/cvinoticias.com\\\/wp-content\\\/uploads\\\/2026\\\/04\\\/md-1-8.webp\",\"datePublished\":\"2026-04-30T12:04:21+00:00\",\"dateModified\":\"2026-04-30T12:04:22+00:00\",\"description\":\"Dictan prisi\u00f3n preventiva para dos acusados por el homicidio de Luis L\u00f3pez en Garup\u00e1.\",\"breadcrumb\":{\"@id\":\"https:\\\/\\\/cvinoticias.com\\\/v3\\\/prision-preventiva-para-los-acusados-por-el-crimen-de-luis-lopez-en-garupa\\\/#breadcrumb\"},\"inLanguage\":\"es\",\"potentialAction\":[{\"@type\":\"ReadAction\",\"target\":[\"https:\\\/\\\/cvinoticias.com\\\/v3\\\/prision-preventiva-para-los-acusados-por-el-crimen-de-luis-lopez-en-garupa\\\/\"]}]},{\"@type\":\"ImageObject\",\"inLanguage\":\"es\",\"@id\":\"https:\\\/\\\/cvinoticias.com\\\/v3\\\/prision-preventiva-para-los-acusados-por-el-crimen-de-luis-lopez-en-garupa\\\/#primaryimage\",\"url\":\"https:\\\/\\\/cvinoticias.com\\\/wp-content\\\/uploads\\\/2026\\\/04\\\/md-1-8.webp\",\"contentUrl\":\"https:\\\/\\\/cvinoticias.com\\\/wp-content\\\/uploads\\\/2026\\\/04\\\/md-1-8.webp\",\"width\":992,\"height\":868},{\"@type\":\"BreadcrumbList\",\"@id\":\"https:\\\/\\\/cvinoticias.com\\\/v3\\\/prision-preventiva-para-los-acusados-por-el-crimen-de-luis-lopez-en-garupa\\\/#breadcrumb\",\"itemListElement\":[{\"@type\":\"ListItem\",\"position\":1,\"name\":\"Portada\",\"item\":\"https:\\\/\\\/cvinoticias.com\\\/v3\\\/\"},{\"@type\":\"ListItem\",\"position\":2,\"name\":\"Prisi\u00f3n preventiva para los acusados por el crimen de Luis L\u00f3pez en Garup\u00e1\"}]},{\"@type\":\"WebSite\",\"@id\":\"https:\\\/\\\/cvinoticias.com\\\/v3\\\/#website\",\"url\":\"https:\\\/\\\/cvinoticias.com\\\/v3\\\/\",\"name\":\"CVI NOTICIAS\",\"description\":\"\",\"publisher\":{\"@id\":\"https:\\\/\\\/cvinoticias.com\\\/v3\\\/#organization\"},\"alternateName\":\"CVI\",\"potentialAction\":[{\"@type\":\"SearchAction\",\"target\":{\"@type\":\"EntryPoint\",\"urlTemplate\":\"https:\\\/\\\/cvinoticias.com\\\/v3\\\/?s={search_term_string}\"},\"query-input\":{\"@type\":\"PropertyValueSpecification\",\"valueRequired\":true,\"valueName\":\"search_term_string\"}}],\"inLanguage\":\"es\"},{\"@type\":\"Organization\",\"@id\":\"https:\\\/\\\/cvinoticias.com\\\/v3\\\/#organization\",\"name\":\"CVI NOTICIAS\",\"url\":\"https:\\\/\\\/cvinoticias.com\\\/v3\\\/\",\"logo\":{\"@type\":\"ImageObject\",\"inLanguage\":\"es\",\"@id\":\"https:\\\/\\\/cvinoticias.com\\\/v3\\\/#\\\/schema\\\/logo\\\/image\\\/\",\"url\":\"https:\\\/\\\/cvinoticias.com\\\/wp-content\\\/uploads\\\/2023\\\/04\\\/cropped-cropped-cropped-cropped-cropped-3-1.png\",\"contentUrl\":\"https:\\\/\\\/cvinoticias.com\\\/wp-content\\\/uploads\\\/2023\\\/04\\\/cropped-cropped-cropped-cropped-cropped-3-1.png\",\"width\":95,\"height\":122,\"caption\":\"CVI NOTICIAS\"},\"image\":{\"@id\":\"https:\\\/\\\/cvinoticias.com\\\/v3\\\/#\\\/schema\\\/logo\\\/image\\\/\"},\"sameAs\":[\"https:\\\/\\\/www.facebook.com\\\/cvinoticias\",\"https:\\\/\\\/www.instagram.com\\\/cvinoticias\\\/\",\"https:\\\/\\\/www.youtube.com\\\/@CVINOTICIAS\"]},{\"@type\":\"Person\",\"@id\":\"https:\\\/\\\/cvinoticias.com\\\/v3\\\/#\\\/schema\\\/person\\\/2db77e3c6bc03c538495d7b2b8be9b66\",\"name\":\"f1000024\",\"image\":{\"@type\":\"ImageObject\",\"inLanguage\":\"es\",\"@id\":\"https:\\\/\\\/secure.gravatar.com\\\/avatar\\\/d4fe7459cfc51ff5129ce1a732bbef5928568b8092d412ef95611616376bbeed?s=96&d=mm&r=g\",\"url\":\"https:\\\/\\\/secure.gravatar.com\\\/avatar\\\/d4fe7459cfc51ff5129ce1a732bbef5928568b8092d412ef95611616376bbeed?s=96&d=mm&r=g\",\"contentUrl\":\"https:\\\/\\\/secure.gravatar.com\\\/avatar\\\/d4fe7459cfc51ff5129ce1a732bbef5928568b8092d412ef95611616376bbeed?s=96&d=mm&r=g\",\"caption\":\"f1000024\"},\"url\":\"https:\\\/\\\/cvinoticias.com\\\/v3\\\/author\\\/f1000024\\\/\"}]}<\/script>\n<!-- \/ Yoast SEO plugin. -->","yoast_head_json":{"title":"Prisi\u00f3n preventiva por el crimen de Luis L\u00f3pez | CVI NOTICIAS","description":"Dictan prisi\u00f3n preventiva para dos acusados por el homicidio de Luis L\u00f3pez en Garup\u00e1.","robots":{"index":"index","follow":"follow","max-snippet":"max-snippet:-1","max-image-preview":"max-image-preview:large","max-video-preview":"max-video-preview:-1"},"canonical":"https:\/\/cvinoticias.com\/v3\/prision-preventiva-para-los-acusados-por-el-crimen-de-luis-lopez-en-garupa\/","og_locale":"es_ES","og_type":"article","og_title":"Prisi\u00f3n preventiva por el crimen de Luis L\u00f3pez | CVI NOTICIAS","og_description":"Dictan prisi\u00f3n preventiva para dos acusados por el homicidio de Luis L\u00f3pez en Garup\u00e1.","og_url":"https:\/\/cvinoticias.com\/v3\/prision-preventiva-para-los-acusados-por-el-crimen-de-luis-lopez-en-garupa\/","og_site_name":"CVI NOTICIAS","article_publisher":"https:\/\/www.facebook.com\/cvinoticias","article_published_time":"2026-04-30T12:04:21+00:00","article_modified_time":"2026-04-30T12:04:22+00:00","og_image":[{"width":992,"height":868,"url":"https:\/\/cvinoticias.com\/wp-content\/uploads\/2026\/04\/md-1-8.webp","type":"image\/webp"}],"author":"f1000024","twitter_card":"summary_large_image","twitter_misc":{"Escrito por":"f1000024","Tiempo de lectura":"2 minutos"},"schema":{"@context":"https:\/\/schema.org","@graph":[{"@type":"Article","@id":"https:\/\/cvinoticias.com\/v3\/prision-preventiva-para-los-acusados-por-el-crimen-de-luis-lopez-en-garupa\/#article","isPartOf":{"@id":"https:\/\/cvinoticias.com\/v3\/prision-preventiva-para-los-acusados-por-el-crimen-de-luis-lopez-en-garupa\/"},"author":{"name":"f1000024","@id":"https:\/\/cvinoticias.com\/v3\/#\/schema\/person\/2db77e3c6bc03c538495d7b2b8be9b66"},"headline":"Prisi\u00f3n preventiva para los acusados por el crimen de Luis L\u00f3pez en Garup\u00e1","datePublished":"2026-04-30T12:04:21+00:00","dateModified":"2026-04-30T12:04:22+00:00","mainEntityOfPage":{"@id":"https:\/\/cvinoticias.com\/v3\/prision-preventiva-para-los-acusados-por-el-crimen-de-luis-lopez-en-garupa\/"},"wordCount":303,"commentCount":0,"publisher":{"@id":"https:\/\/cvinoticias.com\/v3\/#organization"},"image":{"@id":"https:\/\/cvinoticias.com\/v3\/prision-preventiva-para-los-acusados-por-el-crimen-de-luis-lopez-en-garupa\/#primaryimage"},"thumbnailUrl":"https:\/\/cvinoticias.com\/wp-content\/uploads\/2026\/04\/md-1-8.webp","keywords":["acusados","homicidio","Investigaci\u00f3n","preventiva","prii\u00f3n"],"articleSection":["Policiales"],"inLanguage":"es","potentialAction":[{"@type":"CommentAction","name":"Comment","target":["https:\/\/cvinoticias.com\/v3\/prision-preventiva-para-los-acusados-por-el-crimen-de-luis-lopez-en-garupa\/#respond"]}]},{"@type":"WebPage","@id":"https:\/\/cvinoticias.com\/v3\/prision-preventiva-para-los-acusados-por-el-crimen-de-luis-lopez-en-garupa\/","url":"https:\/\/cvinoticias.com\/v3\/prision-preventiva-para-los-acusados-por-el-crimen-de-luis-lopez-en-garupa\/","name":"Prisi\u00f3n preventiva por el crimen de Luis L\u00f3pez | CVI NOTICIAS","isPartOf":{"@id":"https:\/\/cvinoticias.com\/v3\/#website"},"primaryImageOfPage":{"@id":"https:\/\/cvinoticias.com\/v3\/prision-preventiva-para-los-acusados-por-el-crimen-de-luis-lopez-en-garupa\/#primaryimage"},"image":{"@id":"https:\/\/cvinoticias.com\/v3\/prision-preventiva-para-los-acusados-por-el-crimen-de-luis-lopez-en-garupa\/#primaryimage"},"thumbnailUrl":"https:\/\/cvinoticias.com\/wp-content\/uploads\/2026\/04\/md-1-8.webp","datePublished":"2026-04-30T12:04:21+00:00","dateModified":"2026-04-30T12:04:22+00:00","description":"Dictan prisi\u00f3n preventiva para dos acusados por el homicidio de Luis L\u00f3pez en Garup\u00e1.","breadcrumb":{"@id":"https:\/\/cvinoticias.com\/v3\/prision-preventiva-para-los-acusados-por-el-crimen-de-luis-lopez-en-garupa\/#breadcrumb"},"inLanguage":"es","potentialAction":[{"@type":"ReadAction","target":["https:\/\/cvinoticias.com\/v3\/prision-preventiva-para-los-acusados-por-el-crimen-de-luis-lopez-en-garupa\/"]}]},{"@type":"ImageObject","inLanguage":"es","@id":"https:\/\/cvinoticias.com\/v3\/prision-preventiva-para-los-acusados-por-el-crimen-de-luis-lopez-en-garupa\/#primaryimage","url":"https:\/\/cvinoticias.com\/wp-content\/uploads\/2026\/04\/md-1-8.webp","contentUrl":"https:\/\/cvinoticias.com\/wp-content\/uploads\/2026\/04\/md-1-8.webp","width":992,"height":868},{"@type":"BreadcrumbList","@id":"https:\/\/cvinoticias.com\/v3\/prision-preventiva-para-los-acusados-por-el-crimen-de-luis-lopez-en-garupa\/#breadcrumb","itemListElement":[{"@type":"ListItem","position":1,"name":"Portada","item":"https:\/\/cvinoticias.com\/v3\/"},{"@type":"ListItem","position":2,"name":"Prisi\u00f3n preventiva para los acusados por el crimen de Luis L\u00f3pez en Garup\u00e1"}]},{"@type":"WebSite","@id":"https:\/\/cvinoticias.com\/v3\/#website","url":"https:\/\/cvinoticias.com\/v3\/","name":"CVI NOTICIAS","description":"","publisher":{"@id":"https:\/\/cvinoticias.com\/v3\/#organization"},"alternateName":"CVI","potentialAction":[{"@type":"SearchAction","target":{"@type":"EntryPoint","urlTemplate":"https:\/\/cvinoticias.com\/v3\/?s={search_term_string}"},"query-input":{"@type":"PropertyValueSpecification","valueRequired":true,"valueName":"search_term_string"}}],"inLanguage":"es"},{"@type":"Organization","@id":"https:\/\/cvinoticias.com\/v3\/#organization","name":"CVI NOTICIAS","url":"https:\/\/cvinoticias.com\/v3\/","logo":{"@type":"ImageObject","inLanguage":"es","@id":"https:\/\/cvinoticias.com\/v3\/#\/schema\/logo\/image\/","url":"https:\/\/cvinoticias.com\/wp-content\/uploads\/2023\/04\/cropped-cropped-cropped-cropped-cropped-3-1.png","contentUrl":"https:\/\/cvinoticias.com\/wp-content\/uploads\/2023\/04\/cropped-cropped-cropped-cropped-cropped-3-1.png","width":95,"height":122,"caption":"CVI NOTICIAS"},"image":{"@id":"https:\/\/cvinoticias.com\/v3\/#\/schema\/logo\/image\/"},"sameAs":["https:\/\/www.facebook.com\/cvinoticias","https:\/\/www.instagram.com\/cvinoticias\/","https:\/\/www.youtube.com\/@CVINOTICIAS"]},{"@type":"Person","@id":"https:\/\/cvinoticias.com\/v3\/#\/schema\/person\/2db77e3c6bc03c538495d7b2b8be9b66","name":"f1000024","image":{"@type":"ImageObject","inLanguage":"es","@id":"https:\/\/secure.gravatar.com\/avatar\/d4fe7459cfc51ff5129ce1a732bbef5928568b8092d412ef95611616376bbeed?s=96&d=mm&r=g","url":"https:\/\/secure.gravatar.com\/avatar\/d4fe7459cfc51ff5129ce1a732bbef5928568b8092d412ef95611616376bbeed?s=96&d=mm&r=g","contentUrl":"https:\/\/secure.gravatar.com\/avatar\/d4fe7459cfc51ff5129ce1a732bbef5928568b8092d412ef95611616376bbeed?s=96&d=mm&r=g","caption":"f1000024"},"url":"https:\/\/cvinoticias.com\/v3\/author\/f1000024\/"}]}},"_links":{"self":[{"href":"https:\/\/cvinoticias.com\/v3\/wp-json\/wp\/v2\/posts\/57672","targetHints":{"allow":["GET"]}}],"collection":[{"href":"https:\/\/cvinoticias.com\/v3\/wp-json\/wp\/v2\/posts"}],"about":[{"href":"https:\/\/cvinoticias.com\/v3\/wp-json\/wp\/v2\/types\/post"}],"author":[{"embeddable":true,"href":"https:\/\/cvinoticias.com\/v3\/wp-json\/wp\/v2\/users\/2"}],"replies":[{"embeddable":true,"href":"https:\/\/cvinoticias.com\/v3\/wp-json\/wp\/v2\/comments?post=57672"}],"version-history":[{"count":1,"href":"https:\/\/cvinoticias.com\/v3\/wp-json\/wp\/v2\/posts\/57672\/revisions"}],"predecessor-version":[{"id":57674,"href":"https:\/\/cvinoticias.com\/v3\/wp-json\/wp\/v2\/posts\/57672\/revisions\/57674"}],"wp:featuredmedia":[{"embeddable":true,"href":"https:\/\/cvinoticias.com\/v3\/wp-json\/wp\/v2\/media\/57673"}],"wp:attachment":[{"href":"https:\/\/cvinoticias.com\/v3\/wp-json\/wp\/v2\/media?parent=57672"}],"wp:term":[{"taxonomy":"category","embeddable":true,"href":"https:\/\/cvinoticias.com\/v3\/wp-json\/wp\/v2\/categories?post=57672"},{"taxonomy":"post_tag","embeddable":true,"href":"https:\/\/cvinoticias.com\/v3\/wp-json\/wp\/v2\/tags?post=57672"}],"curies":[{"name":"wp","href":"https:\/\/api.w.org\/{rel}","templated":true}]}}