{"id":57663,"date":"2026-04-30T08:51:41","date_gmt":"2026-04-30T11:51:41","guid":{"rendered":"https:\/\/cvinoticias.com\/v3\/?p=57663"},"modified":"2026-04-30T08:51:42","modified_gmt":"2026-04-30T11:51:42","slug":"el-detalle-de-las-obras-que-los-diputados-de-encuentro-misionero-le-reclamaron-a-adorni-en-el-congreso","status":"publish","type":"post","link":"https:\/\/cvinoticias.com\/v3\/el-detalle-de-las-obras-que-los-diputados-de-encuentro-misionero-le-reclamaron-a-adorni-en-el-congreso\/","title":{"rendered":"El detalle de las obras que los diputados de Encuentro Misionero le reclamaron a Adorni en el Congreso"},"content":{"rendered":"\n<p>Los periodistas de&nbsp;<strong>Canal Doce<\/strong>, Julieta Mart\u00ednez y Gustavo A\u00f1ibarro, analizaron el informe de gesti\u00f3n que el jefe de Gabinete nacional,&nbsp;<strong>Manuel Adorni<\/strong>, brind\u00f3 este mi\u00e9rcoles en la C\u00e1mara de Diputados. Mart\u00ednez se\u00f1al\u00f3 que es una obligaci\u00f3n constitucional que el funcionario rinda cuentas al Congreso, especialmente en un contexto donde es investigado por un posible enriquecimiento il\u00edcito\u201d. Tambi\u00e9n, valor\u00f3 los reclamos que realiz\u00f3 el Bloque&nbsp;<strong>Encuentro Misionero<\/strong>, a trav\u00e9s de la diputada Yamila Ruiz.<\/p>\n\n\n\n<p>El reclamo se centra en el incumplimiento de obras comprometidas por el Gobierno nacional en un convenio firmado en junio de 2024 entre el gobernador de Misiones y el entonces ministro Guillermo Francos. La diputada Ruiz detall\u00f3 que las obras fueron ratificadas en 2025 en el r\u00e9gimen de extinci\u00f3n de obligaciones rec\u00edprocas, pero hasta la fecha no registran avances.<\/p>\n\n\n\n<h3 class=\"wp-block-heading\">El detalle de los reclamos de Misiones al Gobierno nacional<\/h3>\n\n\n\n<p>En principio, la legisladora misionera reclam\u00f3 precisiones sobre la traves\u00eda urbana de Posadas, el acceso al Aeropuerto Internacional de Posadas y la garita kil\u00f3metro 10 de la ruta nacional 105. Tambi\u00e9n exigi\u00f3 respuestas por el servicio de conservaci\u00f3n y mantenimiento del corredor 3 de la ruta nacional 12 y la autov\u00eda del tramo Posadas-San Ignacio de la misma arteria.<\/p>\n\n\n\n<p>La solicitud incluy\u00f3 el puente sobre la ruta nacional 14 en el l\u00edmite con Corrientes, en San Jos\u00e9, y la ruta de acceso a Azara. Agreg\u00f3 los tramos de la ruta 12 entre San Ignacio y Jard\u00edn Am\u00e9rica, con menci\u00f3n espec\u00edfica a Puerto Rico y Montecarlo como localidades alcanzadas por esa demanda vial. En Puerto Esperanza, la diputada se\u00f1al\u00f3 una obra pendiente sobre la ruta 12, junto al proyecto en el arroyo Pindayt\u00ed y el acceso a Tobuna desde la ruta 14.<\/p>\n\n\n\n<p>Durante su intervenci\u00f3n consult\u00f3 por la red de abastecimiento de agua potable en Corpus Christi y la ampliaci\u00f3n del sistema de toma de agua sobre el r\u00edo Iguaz\u00fa, en Puerto Iguaz\u00fa. Ruiz sostuvo que estas obras son fundamentales para poner en condiciones a la ciudad que alberga una de las principales maravillas del mundo y recibir adecuadamente a los turistas.<\/p>\n\n\n\n<p>En materia de saneamiento, el listado incluy\u00f3 los desag\u00fces cloacales en Arist\u00f3bulo del Valle, tambi\u00e9n comprometida por el Estado nacional en el convenio 2024 y ratificada en el acuerdo de extinci\u00f3n de obligaciones rec\u00edprocas de 2025. Ruiz exigi\u00f3 precisiones sobre la fecha de reactivaci\u00f3n y el plazo de finalizaci\u00f3n del proyecto.<\/p>\n\n\n\n<p>El reclamo cerr\u00f3 con una demanda espec\u00edfica para Puerto Iguaz\u00fa, el circuito peatonal y ciclov\u00eda en esa ciudad. Se trata de una obra orientada al mejoramiento del espacio urbano y la infraestructura tur\u00edstica de uno de los principales destinos del pa\u00eds.<\/p>\n\n\n\n<h3 class=\"wp-block-heading\">Econom\u00edas regionales, asimetr\u00edas de frontera y el acuerdo Mercosur-UE, los ejes del planteo de Encuentro Misionero ante Naci\u00f3n<\/h3>\n\n\n\n<p>Adem\u00e1s de las obras, la diputada plante\u00f3 una serie de reclamos vinculados al desarrollo productivo de la provincia. Pregunt\u00f3 si el Gobierno nacional tomar\u00e1 medidas espec\u00edficas para fortalecer a las econom\u00edas regionales misioneras \u2014yerba mate, t\u00e9 y madera\u2014 mediante reducci\u00f3n o compensaci\u00f3n impositiva, en un contexto que la legisladora describi\u00f3 como \u201cuna crisis fuerte\u201d para esos sectores.<\/p>\n\n\n\n<p>La representante de Encuentro Misionero puso sobre la mesa las asimetr\u00edas de frontera. Se\u00f1al\u00f3 que el 80% de los l\u00edmites geogr\u00e1ficos de Misiones son con Brasil y Paraguay, lo que genera una competencia de precios casi imposible de sostener para los productores locales. En ese marco, pregunt\u00f3 si el Gobierno nacional analiza la posibilidad de establecer una zona aduanera libre de impuestos, a la que defini\u00f3 como \u201cun reclamo hist\u00f3rico de Misiones\u201d.<\/p>\n\n\n\n<h3 class=\"wp-block-heading\">Adorni se refiri\u00f3 a las obras que Naci\u00f3n ejecuta en la provincia<\/h3>\n\n\n\n<p>En su descargo, Adorni puntualiz\u00f3 que el convenio firmado con Misiones establece una clara diferenciaci\u00f3n entre las obras que financia el Estado nacional y aquellas que ejecuta la provincia. Confirm\u00f3 que tres proyectos de saneamiento se encuentran actualmente en ejecuci\u00f3n con fondos nacionales, los desag\u00fces cloacales de Ap\u00f3stoles y de Arist\u00f3bulo del Valle y el saneamiento del arroyo It\u00e1. El jefe de Gabinete precis\u00f3 que las tres obras quedar\u00e1n finalizadas durante 2027.<\/p>\n\n\n\n<p>Adem\u00e1s, Adorni detall\u00f3 que el presupuesto nacional de 2026 incluye partidas para obras viales estrat\u00e9gicas que buscan mejorar la conectividad y la seguridad vial en Misiones. En la ruta nacional 12 figura la traves\u00eda urbana de Posadas. Espec\u00edficamente el tramo comprendido entre el acceso al aeropuerto y la garita del kil\u00f3metro 10, donde empalma con la ruta nacional 105. La misma previsi\u00f3n presupuestaria contempla una obra de seguridad vial vinculada al soterramiento de la calzada en la intersecci\u00f3n con la avenida San Mart\u00edn, en Posadas.<\/p>\n\n\n\n<figure class=\"wp-block-image\"><img decoding=\"async\" data-src=\"https:\/\/www.canal12misiones.com\/wp-content\/uploads\/2026\/04\/image-528.png\" alt=\"Adorni rechaz\u00f3 las denuncias en su contra:\" class=\"wp-image-688610 lazyload\" src=\"data:image\/svg+xml;base64,PHN2ZyB3aWR0aD0iMSIgaGVpZ2h0PSIxIiB4bWxucz0iaHR0cDovL3d3dy53My5vcmcvMjAwMC9zdmciPjwvc3ZnPg==\" \/><\/figure>\n\n\n\n<p>En cuanto a la ruta nacional 105, el gobierno nacional proyecta la autov\u00eda San Jos\u00e9-Posadas en el tramo comprendido entre la rotonda de la ruta nacional 12 y la rotonda de la ruta nacional 14. La inclusi\u00f3n de estas obras en el presupuesto 2026 implica que cuentan con una partida asignada, aunque Adorni no especific\u00f3 fechas de inicio ni de finalizaci\u00f3n para cada una de ellas.<\/p>\n\n\n\n<p>En materia vial, la respuesta del jefe de Gabinete tambi\u00e9n detall\u00f3 tareas en ejecuci\u00f3n a cargo de Vialidad Nacional. En la ruta nacional 14 y en el acceso sur se llevan adelante tareas por administraci\u00f3n de bacheo programado. Adem\u00e1s, el Estado nacional adjudic\u00f3 la compra de mezcla asf\u00e1ltica para la ruta nacional 14 entre los kil\u00f3metros 1093 y 1127, y para la ruta nacional 101 entre los kil\u00f3metros 0 y 89.<\/p>\n\n\n\n<p>Sin embargo, el conjunto de obras confirmadas por Adorni no satisface la totalidad de los reclamos planteados por Ruiz. La diputada hab\u00eda incluido en su interpelaci\u00f3n proyectos sobre los cuales el jefe de Gabinete no brind\u00f3 respuesta espec\u00edfica, como el puente sobre la ruta 14 en San Jos\u00e9, las tomas sobre el r\u00edo Paran\u00e1 en Corpus y el circuito peatonal y ciclov\u00eda en Puerto Iguaz\u00fa.<\/p>\n\n\n\n<h3 class=\"wp-block-heading\">\u201cNo hay crisis\u201d: Adorni ratific\u00f3 la postura oficial y descart\u00f3 cualquier asistencia al sector yerbatero<\/h3>\n\n\n\n<p>El jefe de Gabinete ratific\u00f3 la postura del gobierno nacional sobre la crisis del sector yerbatero. Sostuvo que no habr\u00e1 regulaci\u00f3n de precios ni medidas extraordinarias para asistir a peque\u00f1os y medianos productores. Al ser interpelado por consultas espec\u00edficas sobre la industria, defendi\u00f3 el esquema aplicado tras el DNU 70\/23, que elimin\u00f3 las facultades del INYM para fijar precios de referencia.<\/p>\n\n\n\n<figure class=\"wp-block-image\"><img decoding=\"async\" data-src=\"https:\/\/www.canal12misiones.com\/wp-content\/uploads\/2026\/01\/yerbateros-medida-cautelar-justicia-milei-abrazo-inym-24-septiembre-2025-Foto-Marcos-Otano-3-1024x686.webp\" alt=\"\" class=\"wp-image-635892 lazyload\" src=\"data:image\/svg+xml;base64,PHN2ZyB3aWR0aD0iMSIgaGVpZ2h0PSIxIiB4bWxucz0iaHR0cDovL3d3dy53My5vcmcvMjAwMC9zdmciPjwvc3ZnPg==\" style=\"--smush-placeholder-width: 1024px; --smush-placeholder-aspect-ratio: 1024\/686;\" \/><\/figure>\n\n\n\n<p>Al respecto, el periodista Gustavo A\u00f1ibarro apunt\u00f3 que \u201cDesde Casa Rosada insisten en que la desregulaci\u00f3n permiti\u00f3 corregir distorsiones del mercado\u201d. Y asever\u00f3: \u201cNaci\u00f3n considera que las cosas est\u00e1n bien as\u00ed, porque los precios de la yerba bajaron en g\u00f3ndola y las exportaciones aumentaron\u201d.<\/p>\n\n\n\n<p>Sin embargo, ese indicador convive con una ca\u00edda del consumo acumulado en los \u00faltimos a\u00f1os. Entre 2023 y 2025, las ventas internas pasaron de 285,3 millones de kilos a 266,8 millones, lo que representa una baja del 7,1%.<\/p>\n\n\n\n<p>Fuente: Canal 12 Misiones<\/p>\n","protected":false},"excerpt":{"rendered":"<p>Los periodistas de&nbsp;Canal Doce, Julieta Mart\u00ednez y Gustavo A\u00f1ibarro, analizaron el informe de gesti\u00f3n que el jefe de Gabinete nacional,&nbsp;Manuel Adorni, brind\u00f3 este mi\u00e9rcoles en la C\u00e1mara de Diputados. Mart\u00ednez se\u00f1al\u00f3 que es una obligaci\u00f3n constitucional que el funcionario rinda cuentas al Congreso, especialmente en un contexto donde es investigado por un posible enriquecimiento il\u00edcito\u201d. [&hellip;]<\/p>\n","protected":false},"author":2,"featured_media":57665,"comment_status":"open","ping_status":"closed","sticky":false,"template":"","format":"standard","meta":{"footnotes":""},"categories":[42],"tags":[2456,349,5884,481,639],"class_list":["post-57663","post","type-post","status-publish","format-standard","has-post-thumbnail","hentry","category-politica","tag-adorni","tag-congreso","tag-diputrados","tag-encuentro","tag-misioneros"],"yoast_head":"<!-- This site is optimized with the Yoast SEO plugin v27.5 - https:\/\/yoast.com\/product\/yoast-seo-wordpress\/ -->\n<title>Diputados misioneros reclaman obras a Naci\u00f3n en Congreso | CVI NOTICIAS<\/title>\n<meta name=\"description\" content=\"Encuentro Misionero exigi\u00f3 avances de obras y medidas econ\u00f3micas durante informe de Adorni en Diputados.\" \/>\n<meta name=\"robots\" content=\"index, follow, max-snippet:-1, max-image-preview:large, max-video-preview:-1\" \/>\n<link rel=\"canonical\" href=\"https:\/\/cvinoticias.com\/v3\/el-detalle-de-las-obras-que-los-diputados-de-encuentro-misionero-le-reclamaron-a-adorni-en-el-congreso\/\" \/>\n<meta property=\"og:locale\" content=\"es_ES\" \/>\n<meta property=\"og:type\" content=\"article\" \/>\n<meta property=\"og:title\" content=\"Diputados misioneros reclaman obras a Naci\u00f3n en Congreso | CVI NOTICIAS\" \/>\n<meta property=\"og:description\" content=\"Encuentro Misionero exigi\u00f3 avances de obras y medidas econ\u00f3micas durante informe de Adorni en Diputados.\" \/>\n<meta property=\"og:url\" content=\"https:\/\/cvinoticias.com\/v3\/el-detalle-de-las-obras-que-los-diputados-de-encuentro-misionero-le-reclamaron-a-adorni-en-el-congreso\/\" \/>\n<meta property=\"og:site_name\" content=\"CVI NOTICIAS\" \/>\n<meta property=\"article:publisher\" content=\"https:\/\/www.facebook.com\/cvinoticias\" \/>\n<meta property=\"article:published_time\" content=\"2026-04-30T11:51:41+00:00\" \/>\n<meta property=\"article:modified_time\" content=\"2026-04-30T11:51:42+00:00\" \/>\n<meta property=\"og:image\" content=\"https:\/\/cvinoticias.com\/wp-content\/uploads\/2026\/04\/Encuentro-Misionero.webp\" \/>\n\t<meta property=\"og:image:width\" content=\"1089\" \/>\n\t<meta property=\"og:image:height\" content=\"730\" \/>\n\t<meta property=\"og:image:type\" content=\"image\/webp\" \/>\n<meta name=\"author\" content=\"f1000024\" \/>\n<meta name=\"twitter:card\" content=\"summary_large_image\" \/>\n<meta name=\"twitter:label1\" content=\"Escrito por\" \/>\n\t<meta name=\"twitter:data1\" content=\"f1000024\" \/>\n\t<meta name=\"twitter:label2\" content=\"Tiempo de lectura\" \/>\n\t<meta name=\"twitter:data2\" content=\"6 minutos\" \/>\n<script type=\"application\/ld+json\" class=\"yoast-schema-graph\">{\"@context\":\"https:\\\/\\\/schema.org\",\"@graph\":[{\"@type\":\"Article\",\"@id\":\"https:\\\/\\\/cvinoticias.com\\\/v3\\\/el-detalle-de-las-obras-que-los-diputados-de-encuentro-misionero-le-reclamaron-a-adorni-en-el-congreso\\\/#article\",\"isPartOf\":{\"@id\":\"https:\\\/\\\/cvinoticias.com\\\/v3\\\/el-detalle-de-las-obras-que-los-diputados-de-encuentro-misionero-le-reclamaron-a-adorni-en-el-congreso\\\/\"},\"author\":{\"name\":\"f1000024\",\"@id\":\"https:\\\/\\\/cvinoticias.com\\\/v3\\\/#\\\/schema\\\/person\\\/2db77e3c6bc03c538495d7b2b8be9b66\"},\"headline\":\"El detalle de las obras que los diputados de Encuentro Misionero le reclamaron a Adorni en el Congreso\",\"datePublished\":\"2026-04-30T11:51:41+00:00\",\"dateModified\":\"2026-04-30T11:51:42+00:00\",\"mainEntityOfPage\":{\"@id\":\"https:\\\/\\\/cvinoticias.com\\\/v3\\\/el-detalle-de-las-obras-que-los-diputados-de-encuentro-misionero-le-reclamaron-a-adorni-en-el-congreso\\\/\"},\"wordCount\":1193,\"commentCount\":0,\"publisher\":{\"@id\":\"https:\\\/\\\/cvinoticias.com\\\/v3\\\/#organization\"},\"image\":{\"@id\":\"https:\\\/\\\/cvinoticias.com\\\/v3\\\/el-detalle-de-las-obras-que-los-diputados-de-encuentro-misionero-le-reclamaron-a-adorni-en-el-congreso\\\/#primaryimage\"},\"thumbnailUrl\":\"https:\\\/\\\/cvinoticias.com\\\/wp-content\\\/uploads\\\/2026\\\/04\\\/Encuentro-Misionero.webp\",\"keywords\":[\"Adorni\",\"Congreso\",\"diputrados\",\"Encuentro\",\"Misioneros\"],\"articleSection\":[\"Politica\"],\"inLanguage\":\"es\",\"potentialAction\":[{\"@type\":\"CommentAction\",\"name\":\"Comment\",\"target\":[\"https:\\\/\\\/cvinoticias.com\\\/v3\\\/el-detalle-de-las-obras-que-los-diputados-de-encuentro-misionero-le-reclamaron-a-adorni-en-el-congreso\\\/#respond\"]}]},{\"@type\":\"WebPage\",\"@id\":\"https:\\\/\\\/cvinoticias.com\\\/v3\\\/el-detalle-de-las-obras-que-los-diputados-de-encuentro-misionero-le-reclamaron-a-adorni-en-el-congreso\\\/\",\"url\":\"https:\\\/\\\/cvinoticias.com\\\/v3\\\/el-detalle-de-las-obras-que-los-diputados-de-encuentro-misionero-le-reclamaron-a-adorni-en-el-congreso\\\/\",\"name\":\"Diputados misioneros reclaman obras a Naci\u00f3n en Congreso | CVI NOTICIAS\",\"isPartOf\":{\"@id\":\"https:\\\/\\\/cvinoticias.com\\\/v3\\\/#website\"},\"primaryImageOfPage\":{\"@id\":\"https:\\\/\\\/cvinoticias.com\\\/v3\\\/el-detalle-de-las-obras-que-los-diputados-de-encuentro-misionero-le-reclamaron-a-adorni-en-el-congreso\\\/#primaryimage\"},\"image\":{\"@id\":\"https:\\\/\\\/cvinoticias.com\\\/v3\\\/el-detalle-de-las-obras-que-los-diputados-de-encuentro-misionero-le-reclamaron-a-adorni-en-el-congreso\\\/#primaryimage\"},\"thumbnailUrl\":\"https:\\\/\\\/cvinoticias.com\\\/wp-content\\\/uploads\\\/2026\\\/04\\\/Encuentro-Misionero.webp\",\"datePublished\":\"2026-04-30T11:51:41+00:00\",\"dateModified\":\"2026-04-30T11:51:42+00:00\",\"description\":\"Encuentro Misionero exigi\u00f3 avances de obras y medidas econ\u00f3micas durante informe de Adorni en Diputados.\",\"breadcrumb\":{\"@id\":\"https:\\\/\\\/cvinoticias.com\\\/v3\\\/el-detalle-de-las-obras-que-los-diputados-de-encuentro-misionero-le-reclamaron-a-adorni-en-el-congreso\\\/#breadcrumb\"},\"inLanguage\":\"es\",\"potentialAction\":[{\"@type\":\"ReadAction\",\"target\":[\"https:\\\/\\\/cvinoticias.com\\\/v3\\\/el-detalle-de-las-obras-que-los-diputados-de-encuentro-misionero-le-reclamaron-a-adorni-en-el-congreso\\\/\"]}]},{\"@type\":\"ImageObject\",\"inLanguage\":\"es\",\"@id\":\"https:\\\/\\\/cvinoticias.com\\\/v3\\\/el-detalle-de-las-obras-que-los-diputados-de-encuentro-misionero-le-reclamaron-a-adorni-en-el-congreso\\\/#primaryimage\",\"url\":\"https:\\\/\\\/cvinoticias.com\\\/wp-content\\\/uploads\\\/2026\\\/04\\\/Encuentro-Misionero.webp\",\"contentUrl\":\"https:\\\/\\\/cvinoticias.com\\\/wp-content\\\/uploads\\\/2026\\\/04\\\/Encuentro-Misionero.webp\",\"width\":1089,\"height\":730},{\"@type\":\"BreadcrumbList\",\"@id\":\"https:\\\/\\\/cvinoticias.com\\\/v3\\\/el-detalle-de-las-obras-que-los-diputados-de-encuentro-misionero-le-reclamaron-a-adorni-en-el-congreso\\\/#breadcrumb\",\"itemListElement\":[{\"@type\":\"ListItem\",\"position\":1,\"name\":\"Portada\",\"item\":\"https:\\\/\\\/cvinoticias.com\\\/v3\\\/\"},{\"@type\":\"ListItem\",\"position\":2,\"name\":\"El detalle de las obras que los diputados de Encuentro Misionero le reclamaron a Adorni en el Congreso\"}]},{\"@type\":\"WebSite\",\"@id\":\"https:\\\/\\\/cvinoticias.com\\\/v3\\\/#website\",\"url\":\"https:\\\/\\\/cvinoticias.com\\\/v3\\\/\",\"name\":\"CVI NOTICIAS\",\"description\":\"\",\"publisher\":{\"@id\":\"https:\\\/\\\/cvinoticias.com\\\/v3\\\/#organization\"},\"alternateName\":\"CVI\",\"potentialAction\":[{\"@type\":\"SearchAction\",\"target\":{\"@type\":\"EntryPoint\",\"urlTemplate\":\"https:\\\/\\\/cvinoticias.com\\\/v3\\\/?s={search_term_string}\"},\"query-input\":{\"@type\":\"PropertyValueSpecification\",\"valueRequired\":true,\"valueName\":\"search_term_string\"}}],\"inLanguage\":\"es\"},{\"@type\":\"Organization\",\"@id\":\"https:\\\/\\\/cvinoticias.com\\\/v3\\\/#organization\",\"name\":\"CVI NOTICIAS\",\"url\":\"https:\\\/\\\/cvinoticias.com\\\/v3\\\/\",\"logo\":{\"@type\":\"ImageObject\",\"inLanguage\":\"es\",\"@id\":\"https:\\\/\\\/cvinoticias.com\\\/v3\\\/#\\\/schema\\\/logo\\\/image\\\/\",\"url\":\"https:\\\/\\\/cvinoticias.com\\\/wp-content\\\/uploads\\\/2023\\\/04\\\/cropped-cropped-cropped-cropped-cropped-3-1.png\",\"contentUrl\":\"https:\\\/\\\/cvinoticias.com\\\/wp-content\\\/uploads\\\/2023\\\/04\\\/cropped-cropped-cropped-cropped-cropped-3-1.png\",\"width\":95,\"height\":122,\"caption\":\"CVI NOTICIAS\"},\"image\":{\"@id\":\"https:\\\/\\\/cvinoticias.com\\\/v3\\\/#\\\/schema\\\/logo\\\/image\\\/\"},\"sameAs\":[\"https:\\\/\\\/www.facebook.com\\\/cvinoticias\",\"https:\\\/\\\/www.instagram.com\\\/cvinoticias\\\/\",\"https:\\\/\\\/www.youtube.com\\\/@CVINOTICIAS\"]},{\"@type\":\"Person\",\"@id\":\"https:\\\/\\\/cvinoticias.com\\\/v3\\\/#\\\/schema\\\/person\\\/2db77e3c6bc03c538495d7b2b8be9b66\",\"name\":\"f1000024\",\"image\":{\"@type\":\"ImageObject\",\"inLanguage\":\"es\",\"@id\":\"https:\\\/\\\/secure.gravatar.com\\\/avatar\\\/d4fe7459cfc51ff5129ce1a732bbef5928568b8092d412ef95611616376bbeed?s=96&d=mm&r=g\",\"url\":\"https:\\\/\\\/secure.gravatar.com\\\/avatar\\\/d4fe7459cfc51ff5129ce1a732bbef5928568b8092d412ef95611616376bbeed?s=96&d=mm&r=g\",\"contentUrl\":\"https:\\\/\\\/secure.gravatar.com\\\/avatar\\\/d4fe7459cfc51ff5129ce1a732bbef5928568b8092d412ef95611616376bbeed?s=96&d=mm&r=g\",\"caption\":\"f1000024\"},\"url\":\"https:\\\/\\\/cvinoticias.com\\\/v3\\\/author\\\/f1000024\\\/\"}]}<\/script>\n<!-- \/ Yoast SEO plugin. -->","yoast_head_json":{"title":"Diputados misioneros reclaman obras a Naci\u00f3n en Congreso | CVI NOTICIAS","description":"Encuentro Misionero exigi\u00f3 avances de obras y medidas econ\u00f3micas durante informe de Adorni en Diputados.","robots":{"index":"index","follow":"follow","max-snippet":"max-snippet:-1","max-image-preview":"max-image-preview:large","max-video-preview":"max-video-preview:-1"},"canonical":"https:\/\/cvinoticias.com\/v3\/el-detalle-de-las-obras-que-los-diputados-de-encuentro-misionero-le-reclamaron-a-adorni-en-el-congreso\/","og_locale":"es_ES","og_type":"article","og_title":"Diputados misioneros reclaman obras a Naci\u00f3n en Congreso | CVI NOTICIAS","og_description":"Encuentro Misionero exigi\u00f3 avances de obras y medidas econ\u00f3micas durante informe de Adorni en Diputados.","og_url":"https:\/\/cvinoticias.com\/v3\/el-detalle-de-las-obras-que-los-diputados-de-encuentro-misionero-le-reclamaron-a-adorni-en-el-congreso\/","og_site_name":"CVI NOTICIAS","article_publisher":"https:\/\/www.facebook.com\/cvinoticias","article_published_time":"2026-04-30T11:51:41+00:00","article_modified_time":"2026-04-30T11:51:42+00:00","og_image":[{"width":1089,"height":730,"url":"https:\/\/cvinoticias.com\/wp-content\/uploads\/2026\/04\/Encuentro-Misionero.webp","type":"image\/webp"}],"author":"f1000024","twitter_card":"summary_large_image","twitter_misc":{"Escrito por":"f1000024","Tiempo de lectura":"6 minutos"},"schema":{"@context":"https:\/\/schema.org","@graph":[{"@type":"Article","@id":"https:\/\/cvinoticias.com\/v3\/el-detalle-de-las-obras-que-los-diputados-de-encuentro-misionero-le-reclamaron-a-adorni-en-el-congreso\/#article","isPartOf":{"@id":"https:\/\/cvinoticias.com\/v3\/el-detalle-de-las-obras-que-los-diputados-de-encuentro-misionero-le-reclamaron-a-adorni-en-el-congreso\/"},"author":{"name":"f1000024","@id":"https:\/\/cvinoticias.com\/v3\/#\/schema\/person\/2db77e3c6bc03c538495d7b2b8be9b66"},"headline":"El detalle de las obras que los diputados de Encuentro Misionero le reclamaron a Adorni en el Congreso","datePublished":"2026-04-30T11:51:41+00:00","dateModified":"2026-04-30T11:51:42+00:00","mainEntityOfPage":{"@id":"https:\/\/cvinoticias.com\/v3\/el-detalle-de-las-obras-que-los-diputados-de-encuentro-misionero-le-reclamaron-a-adorni-en-el-congreso\/"},"wordCount":1193,"commentCount":0,"publisher":{"@id":"https:\/\/cvinoticias.com\/v3\/#organization"},"image":{"@id":"https:\/\/cvinoticias.com\/v3\/el-detalle-de-las-obras-que-los-diputados-de-encuentro-misionero-le-reclamaron-a-adorni-en-el-congreso\/#primaryimage"},"thumbnailUrl":"https:\/\/cvinoticias.com\/wp-content\/uploads\/2026\/04\/Encuentro-Misionero.webp","keywords":["Adorni","Congreso","diputrados","Encuentro","Misioneros"],"articleSection":["Politica"],"inLanguage":"es","potentialAction":[{"@type":"CommentAction","name":"Comment","target":["https:\/\/cvinoticias.com\/v3\/el-detalle-de-las-obras-que-los-diputados-de-encuentro-misionero-le-reclamaron-a-adorni-en-el-congreso\/#respond"]}]},{"@type":"WebPage","@id":"https:\/\/cvinoticias.com\/v3\/el-detalle-de-las-obras-que-los-diputados-de-encuentro-misionero-le-reclamaron-a-adorni-en-el-congreso\/","url":"https:\/\/cvinoticias.com\/v3\/el-detalle-de-las-obras-que-los-diputados-de-encuentro-misionero-le-reclamaron-a-adorni-en-el-congreso\/","name":"Diputados misioneros reclaman obras a Naci\u00f3n en Congreso | CVI NOTICIAS","isPartOf":{"@id":"https:\/\/cvinoticias.com\/v3\/#website"},"primaryImageOfPage":{"@id":"https:\/\/cvinoticias.com\/v3\/el-detalle-de-las-obras-que-los-diputados-de-encuentro-misionero-le-reclamaron-a-adorni-en-el-congreso\/#primaryimage"},"image":{"@id":"https:\/\/cvinoticias.com\/v3\/el-detalle-de-las-obras-que-los-diputados-de-encuentro-misionero-le-reclamaron-a-adorni-en-el-congreso\/#primaryimage"},"thumbnailUrl":"https:\/\/cvinoticias.com\/wp-content\/uploads\/2026\/04\/Encuentro-Misionero.webp","datePublished":"2026-04-30T11:51:41+00:00","dateModified":"2026-04-30T11:51:42+00:00","description":"Encuentro Misionero exigi\u00f3 avances de obras y medidas econ\u00f3micas durante informe de Adorni en Diputados.","breadcrumb":{"@id":"https:\/\/cvinoticias.com\/v3\/el-detalle-de-las-obras-que-los-diputados-de-encuentro-misionero-le-reclamaron-a-adorni-en-el-congreso\/#breadcrumb"},"inLanguage":"es","potentialAction":[{"@type":"ReadAction","target":["https:\/\/cvinoticias.com\/v3\/el-detalle-de-las-obras-que-los-diputados-de-encuentro-misionero-le-reclamaron-a-adorni-en-el-congreso\/"]}]},{"@type":"ImageObject","inLanguage":"es","@id":"https:\/\/cvinoticias.com\/v3\/el-detalle-de-las-obras-que-los-diputados-de-encuentro-misionero-le-reclamaron-a-adorni-en-el-congreso\/#primaryimage","url":"https:\/\/cvinoticias.com\/wp-content\/uploads\/2026\/04\/Encuentro-Misionero.webp","contentUrl":"https:\/\/cvinoticias.com\/wp-content\/uploads\/2026\/04\/Encuentro-Misionero.webp","width":1089,"height":730},{"@type":"BreadcrumbList","@id":"https:\/\/cvinoticias.com\/v3\/el-detalle-de-las-obras-que-los-diputados-de-encuentro-misionero-le-reclamaron-a-adorni-en-el-congreso\/#breadcrumb","itemListElement":[{"@type":"ListItem","position":1,"name":"Portada","item":"https:\/\/cvinoticias.com\/v3\/"},{"@type":"ListItem","position":2,"name":"El detalle de las obras que los diputados de Encuentro Misionero le reclamaron a Adorni en el Congreso"}]},{"@type":"WebSite","@id":"https:\/\/cvinoticias.com\/v3\/#website","url":"https:\/\/cvinoticias.com\/v3\/","name":"CVI NOTICIAS","description":"","publisher":{"@id":"https:\/\/cvinoticias.com\/v3\/#organization"},"alternateName":"CVI","potentialAction":[{"@type":"SearchAction","target":{"@type":"EntryPoint","urlTemplate":"https:\/\/cvinoticias.com\/v3\/?s={search_term_string}"},"query-input":{"@type":"PropertyValueSpecification","valueRequired":true,"valueName":"search_term_string"}}],"inLanguage":"es"},{"@type":"Organization","@id":"https:\/\/cvinoticias.com\/v3\/#organization","name":"CVI NOTICIAS","url":"https:\/\/cvinoticias.com\/v3\/","logo":{"@type":"ImageObject","inLanguage":"es","@id":"https:\/\/cvinoticias.com\/v3\/#\/schema\/logo\/image\/","url":"https:\/\/cvinoticias.com\/wp-content\/uploads\/2023\/04\/cropped-cropped-cropped-cropped-cropped-3-1.png","contentUrl":"https:\/\/cvinoticias.com\/wp-content\/uploads\/2023\/04\/cropped-cropped-cropped-cropped-cropped-3-1.png","width":95,"height":122,"caption":"CVI NOTICIAS"},"image":{"@id":"https:\/\/cvinoticias.com\/v3\/#\/schema\/logo\/image\/"},"sameAs":["https:\/\/www.facebook.com\/cvinoticias","https:\/\/www.instagram.com\/cvinoticias\/","https:\/\/www.youtube.com\/@CVINOTICIAS"]},{"@type":"Person","@id":"https:\/\/cvinoticias.com\/v3\/#\/schema\/person\/2db77e3c6bc03c538495d7b2b8be9b66","name":"f1000024","image":{"@type":"ImageObject","inLanguage":"es","@id":"https:\/\/secure.gravatar.com\/avatar\/d4fe7459cfc51ff5129ce1a732bbef5928568b8092d412ef95611616376bbeed?s=96&d=mm&r=g","url":"https:\/\/secure.gravatar.com\/avatar\/d4fe7459cfc51ff5129ce1a732bbef5928568b8092d412ef95611616376bbeed?s=96&d=mm&r=g","contentUrl":"https:\/\/secure.gravatar.com\/avatar\/d4fe7459cfc51ff5129ce1a732bbef5928568b8092d412ef95611616376bbeed?s=96&d=mm&r=g","caption":"f1000024"},"url":"https:\/\/cvinoticias.com\/v3\/author\/f1000024\/"}]}},"_links":{"self":[{"href":"https:\/\/cvinoticias.com\/v3\/wp-json\/wp\/v2\/posts\/57663","targetHints":{"allow":["GET"]}}],"collection":[{"href":"https:\/\/cvinoticias.com\/v3\/wp-json\/wp\/v2\/posts"}],"about":[{"href":"https:\/\/cvinoticias.com\/v3\/wp-json\/wp\/v2\/types\/post"}],"author":[{"embeddable":true,"href":"https:\/\/cvinoticias.com\/v3\/wp-json\/wp\/v2\/users\/2"}],"replies":[{"embeddable":true,"href":"https:\/\/cvinoticias.com\/v3\/wp-json\/wp\/v2\/comments?post=57663"}],"version-history":[{"count":1,"href":"https:\/\/cvinoticias.com\/v3\/wp-json\/wp\/v2\/posts\/57663\/revisions"}],"predecessor-version":[{"id":57666,"href":"https:\/\/cvinoticias.com\/v3\/wp-json\/wp\/v2\/posts\/57663\/revisions\/57666"}],"wp:featuredmedia":[{"embeddable":true,"href":"https:\/\/cvinoticias.com\/v3\/wp-json\/wp\/v2\/media\/57665"}],"wp:attachment":[{"href":"https:\/\/cvinoticias.com\/v3\/wp-json\/wp\/v2\/media?parent=57663"}],"wp:term":[{"taxonomy":"category","embeddable":true,"href":"https:\/\/cvinoticias.com\/v3\/wp-json\/wp\/v2\/categories?post=57663"},{"taxonomy":"post_tag","embeddable":true,"href":"https:\/\/cvinoticias.com\/v3\/wp-json\/wp\/v2\/tags?post=57663"}],"curies":[{"name":"wp","href":"https:\/\/api.w.org\/{rel}","templated":true}]}}