{"id":57640,"date":"2026-04-30T08:16:57","date_gmt":"2026-04-30T11:16:57","guid":{"rendered":"https:\/\/cvinoticias.com\/v3\/?p=57640"},"modified":"2026-04-30T08:16:58","modified_gmt":"2026-04-30T11:16:58","slug":"el-senor-de-los-quesos-sortea-mantas-de-costilla","status":"publish","type":"post","link":"https:\/\/cvinoticias.com\/v3\/el-senor-de-los-quesos-sortea-mantas-de-costilla\/","title":{"rendered":"El Se\u00f1or De Los Quesos Sortea Mantas De Costilla"},"content":{"rendered":"\n<p>\u200bPara agasajar a los trabajadores de Puerto Iguaz\u00fa en su d\u00eda, el reconocido comercio local \u00abEl Se\u00f1or de los Quesos\u00bb lanz\u00f3 una promoci\u00f3n imperdible que promete salvar el asado del fin de semana. Durante estos d\u00edas, los clientes que realicen una compra m\u00ednima en el local podr\u00e1n completar su cup\u00f3n para participar por el sorteo de dos mantas de costilla, que vienen acompa\u00f1adas por packs de cerveza o gaseosa para completar el festejo.<\/p>\n\n\n\n<p>\u200bLo interesante de esta propuesta es que habr\u00e1 dos oportunidades para ganar: el primer sorteo se realizar\u00e1 este mismo viernes 1 de mayo a las 10:00 hs, mientras que el segundo ser\u00e1 el s\u00e1bado a las 20:00 hs, permitiendo que m\u00e1s vecinos tengan la chance de llevarse el premio a casa.<br>\u200b<br>\u200bM\u00e1s all\u00e1 del sorteo, el comercio ubicado en Mart\u00edn Miguel de G\u00fcemes 48, en el Barrio Bel\u00e9n, contin\u00faa renovando su mostrador. Entre las novedades destacadas para esta semana se encuentra la incorporaci\u00f3n de la milanesa de cerdo, que se suma a una amplia variedad de ofertas en cortes como costilla de novillo, bola de lomo y costilla de vaca, entre otras variedades. Adem\u00e1s, cuentan con combos surtidos especialmente armados para ofrecer mejores precios a la comunidad.<br>\u200b<br>\u200bEs importante tener en cuenta que el viernes, por ser el D\u00eda del Trabajador, el local abrir\u00e1 sus puertas \u00fanicamente de 08:30 a 12:30 hs. El resto de los d\u00edas, la atenci\u00f3n ser\u00e1 en su horario habitual.<\/p>\n\n\n\n<p>Entrevista con: Yohana Rotela (Propietaria)<\/p>\n","protected":false},"excerpt":{"rendered":"<p>\u200bPara agasajar a los trabajadores de Puerto Iguaz\u00fa en su d\u00eda, el reconocido comercio local \u00abEl Se\u00f1or de los Quesos\u00bb lanz\u00f3 una promoci\u00f3n imperdible que promete salvar el asado del fin de semana. Durante estos d\u00edas, los clientes que realicen una compra m\u00ednima en el local podr\u00e1n completar su cup\u00f3n para participar por el sorteo [&hellip;]<\/p>\n","protected":false},"author":2,"featured_media":57641,"comment_status":"open","ping_status":"closed","sticky":false,"template":"","format":"standard","meta":{"footnotes":""},"categories":[47],"tags":[5876,554,4689,4688,151,5875],"class_list":["post-57640","post","type-post","status-publish","format-standard","has-post-thumbnail","hentry","category-sociedad","tag-costilla","tag-dia","tag-quesos","tag-senor","tag-sorteo","tag-trabaador"],"yoast_head":"<!-- This site is optimized with the Yoast SEO plugin v27.5 - https:\/\/yoast.com\/product\/yoast-seo-wordpress\/ -->\n<title>El Se\u00f1or de los Quesos sortea mantas de costilla | CVI NOTICIAS<\/title>\n<meta name=\"description\" content=\"El comercio celebra el D\u00eda del Trabajador con sorteos de mantas de costilla y combos para el asado.\" \/>\n<meta name=\"robots\" content=\"index, follow, max-snippet:-1, max-image-preview:large, max-video-preview:-1\" \/>\n<link rel=\"canonical\" href=\"https:\/\/cvinoticias.com\/v3\/el-senor-de-los-quesos-sortea-mantas-de-costilla\/\" \/>\n<meta property=\"og:locale\" content=\"es_ES\" \/>\n<meta property=\"og:type\" content=\"article\" \/>\n<meta property=\"og:title\" content=\"El Se\u00f1or de los Quesos sortea mantas de costilla | CVI NOTICIAS\" \/>\n<meta property=\"og:description\" content=\"El comercio celebra el D\u00eda del Trabajador con sorteos de mantas de costilla y combos para el asado.\" \/>\n<meta property=\"og:url\" content=\"https:\/\/cvinoticias.com\/v3\/el-senor-de-los-quesos-sortea-mantas-de-costilla\/\" \/>\n<meta property=\"og:site_name\" content=\"CVI NOTICIAS\" \/>\n<meta property=\"article:publisher\" content=\"https:\/\/www.facebook.com\/cvinoticias\" \/>\n<meta property=\"article:published_time\" content=\"2026-04-30T11:16:57+00:00\" \/>\n<meta property=\"article:modified_time\" content=\"2026-04-30T11:16:58+00:00\" \/>\n<meta property=\"og:image\" content=\"https:\/\/cvinoticias.com\/wp-content\/uploads\/2026\/04\/cc3b4ff0-32ec-40eb-bfc8-faa3806ef443.jpeg\" \/>\n\t<meta property=\"og:image:width\" content=\"1280\" \/>\n\t<meta property=\"og:image:height\" content=\"720\" \/>\n\t<meta property=\"og:image:type\" content=\"image\/jpeg\" \/>\n<meta name=\"author\" content=\"f1000024\" \/>\n<meta name=\"twitter:card\" content=\"summary_large_image\" \/>\n<meta name=\"twitter:label1\" content=\"Escrito por\" \/>\n\t<meta name=\"twitter:data1\" content=\"f1000024\" \/>\n\t<meta name=\"twitter:label2\" content=\"Tiempo de lectura\" \/>\n\t<meta name=\"twitter:data2\" content=\"2 minutos\" \/>\n<script type=\"application\/ld+json\" class=\"yoast-schema-graph\">{\"@context\":\"https:\\\/\\\/schema.org\",\"@graph\":[{\"@type\":\"Article\",\"@id\":\"https:\\\/\\\/cvinoticias.com\\\/v3\\\/el-senor-de-los-quesos-sortea-mantas-de-costilla\\\/#article\",\"isPartOf\":{\"@id\":\"https:\\\/\\\/cvinoticias.com\\\/v3\\\/el-senor-de-los-quesos-sortea-mantas-de-costilla\\\/\"},\"author\":{\"name\":\"f1000024\",\"@id\":\"https:\\\/\\\/cvinoticias.com\\\/v3\\\/#\\\/schema\\\/person\\\/2db77e3c6bc03c538495d7b2b8be9b66\"},\"headline\":\"El Se\u00f1or De Los Quesos Sortea Mantas De Costilla\",\"datePublished\":\"2026-04-30T11:16:57+00:00\",\"dateModified\":\"2026-04-30T11:16:58+00:00\",\"mainEntityOfPage\":{\"@id\":\"https:\\\/\\\/cvinoticias.com\\\/v3\\\/el-senor-de-los-quesos-sortea-mantas-de-costilla\\\/\"},\"wordCount\":266,\"commentCount\":0,\"publisher\":{\"@id\":\"https:\\\/\\\/cvinoticias.com\\\/v3\\\/#organization\"},\"image\":{\"@id\":\"https:\\\/\\\/cvinoticias.com\\\/v3\\\/el-senor-de-los-quesos-sortea-mantas-de-costilla\\\/#primaryimage\"},\"thumbnailUrl\":\"https:\\\/\\\/cvinoticias.com\\\/wp-content\\\/uploads\\\/2026\\\/04\\\/cc3b4ff0-32ec-40eb-bfc8-faa3806ef443.jpeg\",\"keywords\":[\"costilla\",\"D\u00eda\",\"quesos\",\"se\u00f1or\",\"sorteo\",\"trabaador\"],\"articleSection\":[\"Sociedad\"],\"inLanguage\":\"es\",\"potentialAction\":[{\"@type\":\"CommentAction\",\"name\":\"Comment\",\"target\":[\"https:\\\/\\\/cvinoticias.com\\\/v3\\\/el-senor-de-los-quesos-sortea-mantas-de-costilla\\\/#respond\"]}]},{\"@type\":\"WebPage\",\"@id\":\"https:\\\/\\\/cvinoticias.com\\\/v3\\\/el-senor-de-los-quesos-sortea-mantas-de-costilla\\\/\",\"url\":\"https:\\\/\\\/cvinoticias.com\\\/v3\\\/el-senor-de-los-quesos-sortea-mantas-de-costilla\\\/\",\"name\":\"El Se\u00f1or de los Quesos sortea mantas de costilla | CVI NOTICIAS\",\"isPartOf\":{\"@id\":\"https:\\\/\\\/cvinoticias.com\\\/v3\\\/#website\"},\"primaryImageOfPage\":{\"@id\":\"https:\\\/\\\/cvinoticias.com\\\/v3\\\/el-senor-de-los-quesos-sortea-mantas-de-costilla\\\/#primaryimage\"},\"image\":{\"@id\":\"https:\\\/\\\/cvinoticias.com\\\/v3\\\/el-senor-de-los-quesos-sortea-mantas-de-costilla\\\/#primaryimage\"},\"thumbnailUrl\":\"https:\\\/\\\/cvinoticias.com\\\/wp-content\\\/uploads\\\/2026\\\/04\\\/cc3b4ff0-32ec-40eb-bfc8-faa3806ef443.jpeg\",\"datePublished\":\"2026-04-30T11:16:57+00:00\",\"dateModified\":\"2026-04-30T11:16:58+00:00\",\"description\":\"El comercio celebra el D\u00eda del Trabajador con sorteos de mantas de costilla y combos para el asado.\",\"breadcrumb\":{\"@id\":\"https:\\\/\\\/cvinoticias.com\\\/v3\\\/el-senor-de-los-quesos-sortea-mantas-de-costilla\\\/#breadcrumb\"},\"inLanguage\":\"es\",\"potentialAction\":[{\"@type\":\"ReadAction\",\"target\":[\"https:\\\/\\\/cvinoticias.com\\\/v3\\\/el-senor-de-los-quesos-sortea-mantas-de-costilla\\\/\"]}]},{\"@type\":\"ImageObject\",\"inLanguage\":\"es\",\"@id\":\"https:\\\/\\\/cvinoticias.com\\\/v3\\\/el-senor-de-los-quesos-sortea-mantas-de-costilla\\\/#primaryimage\",\"url\":\"https:\\\/\\\/cvinoticias.com\\\/wp-content\\\/uploads\\\/2026\\\/04\\\/cc3b4ff0-32ec-40eb-bfc8-faa3806ef443.jpeg\",\"contentUrl\":\"https:\\\/\\\/cvinoticias.com\\\/wp-content\\\/uploads\\\/2026\\\/04\\\/cc3b4ff0-32ec-40eb-bfc8-faa3806ef443.jpeg\",\"width\":1280,\"height\":720},{\"@type\":\"BreadcrumbList\",\"@id\":\"https:\\\/\\\/cvinoticias.com\\\/v3\\\/el-senor-de-los-quesos-sortea-mantas-de-costilla\\\/#breadcrumb\",\"itemListElement\":[{\"@type\":\"ListItem\",\"position\":1,\"name\":\"Portada\",\"item\":\"https:\\\/\\\/cvinoticias.com\\\/v3\\\/\"},{\"@type\":\"ListItem\",\"position\":2,\"name\":\"El Se\u00f1or De Los Quesos Sortea Mantas De Costilla\"}]},{\"@type\":\"WebSite\",\"@id\":\"https:\\\/\\\/cvinoticias.com\\\/v3\\\/#website\",\"url\":\"https:\\\/\\\/cvinoticias.com\\\/v3\\\/\",\"name\":\"CVI NOTICIAS\",\"description\":\"\",\"publisher\":{\"@id\":\"https:\\\/\\\/cvinoticias.com\\\/v3\\\/#organization\"},\"alternateName\":\"CVI\",\"potentialAction\":[{\"@type\":\"SearchAction\",\"target\":{\"@type\":\"EntryPoint\",\"urlTemplate\":\"https:\\\/\\\/cvinoticias.com\\\/v3\\\/?s={search_term_string}\"},\"query-input\":{\"@type\":\"PropertyValueSpecification\",\"valueRequired\":true,\"valueName\":\"search_term_string\"}}],\"inLanguage\":\"es\"},{\"@type\":\"Organization\",\"@id\":\"https:\\\/\\\/cvinoticias.com\\\/v3\\\/#organization\",\"name\":\"CVI NOTICIAS\",\"url\":\"https:\\\/\\\/cvinoticias.com\\\/v3\\\/\",\"logo\":{\"@type\":\"ImageObject\",\"inLanguage\":\"es\",\"@id\":\"https:\\\/\\\/cvinoticias.com\\\/v3\\\/#\\\/schema\\\/logo\\\/image\\\/\",\"url\":\"https:\\\/\\\/cvinoticias.com\\\/wp-content\\\/uploads\\\/2023\\\/04\\\/cropped-cropped-cropped-cropped-cropped-3-1.png\",\"contentUrl\":\"https:\\\/\\\/cvinoticias.com\\\/wp-content\\\/uploads\\\/2023\\\/04\\\/cropped-cropped-cropped-cropped-cropped-3-1.png\",\"width\":95,\"height\":122,\"caption\":\"CVI NOTICIAS\"},\"image\":{\"@id\":\"https:\\\/\\\/cvinoticias.com\\\/v3\\\/#\\\/schema\\\/logo\\\/image\\\/\"},\"sameAs\":[\"https:\\\/\\\/www.facebook.com\\\/cvinoticias\",\"https:\\\/\\\/www.instagram.com\\\/cvinoticias\\\/\",\"https:\\\/\\\/www.youtube.com\\\/@CVINOTICIAS\"]},{\"@type\":\"Person\",\"@id\":\"https:\\\/\\\/cvinoticias.com\\\/v3\\\/#\\\/schema\\\/person\\\/2db77e3c6bc03c538495d7b2b8be9b66\",\"name\":\"f1000024\",\"image\":{\"@type\":\"ImageObject\",\"inLanguage\":\"es\",\"@id\":\"https:\\\/\\\/secure.gravatar.com\\\/avatar\\\/d4fe7459cfc51ff5129ce1a732bbef5928568b8092d412ef95611616376bbeed?s=96&d=mm&r=g\",\"url\":\"https:\\\/\\\/secure.gravatar.com\\\/avatar\\\/d4fe7459cfc51ff5129ce1a732bbef5928568b8092d412ef95611616376bbeed?s=96&d=mm&r=g\",\"contentUrl\":\"https:\\\/\\\/secure.gravatar.com\\\/avatar\\\/d4fe7459cfc51ff5129ce1a732bbef5928568b8092d412ef95611616376bbeed?s=96&d=mm&r=g\",\"caption\":\"f1000024\"},\"url\":\"https:\\\/\\\/cvinoticias.com\\\/v3\\\/author\\\/f1000024\\\/\"}]}<\/script>\n<!-- \/ Yoast SEO plugin. -->","yoast_head_json":{"title":"El Se\u00f1or de los Quesos sortea mantas de costilla | CVI NOTICIAS","description":"El comercio celebra el D\u00eda del Trabajador con sorteos de mantas de costilla y combos para el asado.","robots":{"index":"index","follow":"follow","max-snippet":"max-snippet:-1","max-image-preview":"max-image-preview:large","max-video-preview":"max-video-preview:-1"},"canonical":"https:\/\/cvinoticias.com\/v3\/el-senor-de-los-quesos-sortea-mantas-de-costilla\/","og_locale":"es_ES","og_type":"article","og_title":"El Se\u00f1or de los Quesos sortea mantas de costilla | CVI NOTICIAS","og_description":"El comercio celebra el D\u00eda del Trabajador con sorteos de mantas de costilla y combos para el asado.","og_url":"https:\/\/cvinoticias.com\/v3\/el-senor-de-los-quesos-sortea-mantas-de-costilla\/","og_site_name":"CVI NOTICIAS","article_publisher":"https:\/\/www.facebook.com\/cvinoticias","article_published_time":"2026-04-30T11:16:57+00:00","article_modified_time":"2026-04-30T11:16:58+00:00","og_image":[{"width":1280,"height":720,"url":"https:\/\/cvinoticias.com\/wp-content\/uploads\/2026\/04\/cc3b4ff0-32ec-40eb-bfc8-faa3806ef443.jpeg","type":"image\/jpeg"}],"author":"f1000024","twitter_card":"summary_large_image","twitter_misc":{"Escrito por":"f1000024","Tiempo de lectura":"2 minutos"},"schema":{"@context":"https:\/\/schema.org","@graph":[{"@type":"Article","@id":"https:\/\/cvinoticias.com\/v3\/el-senor-de-los-quesos-sortea-mantas-de-costilla\/#article","isPartOf":{"@id":"https:\/\/cvinoticias.com\/v3\/el-senor-de-los-quesos-sortea-mantas-de-costilla\/"},"author":{"name":"f1000024","@id":"https:\/\/cvinoticias.com\/v3\/#\/schema\/person\/2db77e3c6bc03c538495d7b2b8be9b66"},"headline":"El Se\u00f1or De Los Quesos Sortea Mantas De Costilla","datePublished":"2026-04-30T11:16:57+00:00","dateModified":"2026-04-30T11:16:58+00:00","mainEntityOfPage":{"@id":"https:\/\/cvinoticias.com\/v3\/el-senor-de-los-quesos-sortea-mantas-de-costilla\/"},"wordCount":266,"commentCount":0,"publisher":{"@id":"https:\/\/cvinoticias.com\/v3\/#organization"},"image":{"@id":"https:\/\/cvinoticias.com\/v3\/el-senor-de-los-quesos-sortea-mantas-de-costilla\/#primaryimage"},"thumbnailUrl":"https:\/\/cvinoticias.com\/wp-content\/uploads\/2026\/04\/cc3b4ff0-32ec-40eb-bfc8-faa3806ef443.jpeg","keywords":["costilla","D\u00eda","quesos","se\u00f1or","sorteo","trabaador"],"articleSection":["Sociedad"],"inLanguage":"es","potentialAction":[{"@type":"CommentAction","name":"Comment","target":["https:\/\/cvinoticias.com\/v3\/el-senor-de-los-quesos-sortea-mantas-de-costilla\/#respond"]}]},{"@type":"WebPage","@id":"https:\/\/cvinoticias.com\/v3\/el-senor-de-los-quesos-sortea-mantas-de-costilla\/","url":"https:\/\/cvinoticias.com\/v3\/el-senor-de-los-quesos-sortea-mantas-de-costilla\/","name":"El Se\u00f1or de los Quesos sortea mantas de costilla | CVI NOTICIAS","isPartOf":{"@id":"https:\/\/cvinoticias.com\/v3\/#website"},"primaryImageOfPage":{"@id":"https:\/\/cvinoticias.com\/v3\/el-senor-de-los-quesos-sortea-mantas-de-costilla\/#primaryimage"},"image":{"@id":"https:\/\/cvinoticias.com\/v3\/el-senor-de-los-quesos-sortea-mantas-de-costilla\/#primaryimage"},"thumbnailUrl":"https:\/\/cvinoticias.com\/wp-content\/uploads\/2026\/04\/cc3b4ff0-32ec-40eb-bfc8-faa3806ef443.jpeg","datePublished":"2026-04-30T11:16:57+00:00","dateModified":"2026-04-30T11:16:58+00:00","description":"El comercio celebra el D\u00eda del Trabajador con sorteos de mantas de costilla y combos para el asado.","breadcrumb":{"@id":"https:\/\/cvinoticias.com\/v3\/el-senor-de-los-quesos-sortea-mantas-de-costilla\/#breadcrumb"},"inLanguage":"es","potentialAction":[{"@type":"ReadAction","target":["https:\/\/cvinoticias.com\/v3\/el-senor-de-los-quesos-sortea-mantas-de-costilla\/"]}]},{"@type":"ImageObject","inLanguage":"es","@id":"https:\/\/cvinoticias.com\/v3\/el-senor-de-los-quesos-sortea-mantas-de-costilla\/#primaryimage","url":"https:\/\/cvinoticias.com\/wp-content\/uploads\/2026\/04\/cc3b4ff0-32ec-40eb-bfc8-faa3806ef443.jpeg","contentUrl":"https:\/\/cvinoticias.com\/wp-content\/uploads\/2026\/04\/cc3b4ff0-32ec-40eb-bfc8-faa3806ef443.jpeg","width":1280,"height":720},{"@type":"BreadcrumbList","@id":"https:\/\/cvinoticias.com\/v3\/el-senor-de-los-quesos-sortea-mantas-de-costilla\/#breadcrumb","itemListElement":[{"@type":"ListItem","position":1,"name":"Portada","item":"https:\/\/cvinoticias.com\/v3\/"},{"@type":"ListItem","position":2,"name":"El Se\u00f1or De Los Quesos Sortea Mantas De Costilla"}]},{"@type":"WebSite","@id":"https:\/\/cvinoticias.com\/v3\/#website","url":"https:\/\/cvinoticias.com\/v3\/","name":"CVI NOTICIAS","description":"","publisher":{"@id":"https:\/\/cvinoticias.com\/v3\/#organization"},"alternateName":"CVI","potentialAction":[{"@type":"SearchAction","target":{"@type":"EntryPoint","urlTemplate":"https:\/\/cvinoticias.com\/v3\/?s={search_term_string}"},"query-input":{"@type":"PropertyValueSpecification","valueRequired":true,"valueName":"search_term_string"}}],"inLanguage":"es"},{"@type":"Organization","@id":"https:\/\/cvinoticias.com\/v3\/#organization","name":"CVI NOTICIAS","url":"https:\/\/cvinoticias.com\/v3\/","logo":{"@type":"ImageObject","inLanguage":"es","@id":"https:\/\/cvinoticias.com\/v3\/#\/schema\/logo\/image\/","url":"https:\/\/cvinoticias.com\/wp-content\/uploads\/2023\/04\/cropped-cropped-cropped-cropped-cropped-3-1.png","contentUrl":"https:\/\/cvinoticias.com\/wp-content\/uploads\/2023\/04\/cropped-cropped-cropped-cropped-cropped-3-1.png","width":95,"height":122,"caption":"CVI NOTICIAS"},"image":{"@id":"https:\/\/cvinoticias.com\/v3\/#\/schema\/logo\/image\/"},"sameAs":["https:\/\/www.facebook.com\/cvinoticias","https:\/\/www.instagram.com\/cvinoticias\/","https:\/\/www.youtube.com\/@CVINOTICIAS"]},{"@type":"Person","@id":"https:\/\/cvinoticias.com\/v3\/#\/schema\/person\/2db77e3c6bc03c538495d7b2b8be9b66","name":"f1000024","image":{"@type":"ImageObject","inLanguage":"es","@id":"https:\/\/secure.gravatar.com\/avatar\/d4fe7459cfc51ff5129ce1a732bbef5928568b8092d412ef95611616376bbeed?s=96&d=mm&r=g","url":"https:\/\/secure.gravatar.com\/avatar\/d4fe7459cfc51ff5129ce1a732bbef5928568b8092d412ef95611616376bbeed?s=96&d=mm&r=g","contentUrl":"https:\/\/secure.gravatar.com\/avatar\/d4fe7459cfc51ff5129ce1a732bbef5928568b8092d412ef95611616376bbeed?s=96&d=mm&r=g","caption":"f1000024"},"url":"https:\/\/cvinoticias.com\/v3\/author\/f1000024\/"}]}},"_links":{"self":[{"href":"https:\/\/cvinoticias.com\/v3\/wp-json\/wp\/v2\/posts\/57640","targetHints":{"allow":["GET"]}}],"collection":[{"href":"https:\/\/cvinoticias.com\/v3\/wp-json\/wp\/v2\/posts"}],"about":[{"href":"https:\/\/cvinoticias.com\/v3\/wp-json\/wp\/v2\/types\/post"}],"author":[{"embeddable":true,"href":"https:\/\/cvinoticias.com\/v3\/wp-json\/wp\/v2\/users\/2"}],"replies":[{"embeddable":true,"href":"https:\/\/cvinoticias.com\/v3\/wp-json\/wp\/v2\/comments?post=57640"}],"version-history":[{"count":1,"href":"https:\/\/cvinoticias.com\/v3\/wp-json\/wp\/v2\/posts\/57640\/revisions"}],"predecessor-version":[{"id":57643,"href":"https:\/\/cvinoticias.com\/v3\/wp-json\/wp\/v2\/posts\/57640\/revisions\/57643"}],"wp:featuredmedia":[{"embeddable":true,"href":"https:\/\/cvinoticias.com\/v3\/wp-json\/wp\/v2\/media\/57641"}],"wp:attachment":[{"href":"https:\/\/cvinoticias.com\/v3\/wp-json\/wp\/v2\/media?parent=57640"}],"wp:term":[{"taxonomy":"category","embeddable":true,"href":"https:\/\/cvinoticias.com\/v3\/wp-json\/wp\/v2\/categories?post=57640"},{"taxonomy":"post_tag","embeddable":true,"href":"https:\/\/cvinoticias.com\/v3\/wp-json\/wp\/v2\/tags?post=57640"}],"curies":[{"name":"wp","href":"https:\/\/api.w.org\/{rel}","templated":true}]}}