{"id":57633,"date":"2026-04-29T18:12:44","date_gmt":"2026-04-29T21:12:44","guid":{"rendered":"https:\/\/cvinoticias.com\/v3\/?p=57633"},"modified":"2026-04-30T08:13:25","modified_gmt":"2026-04-30T11:13:25","slug":"detienen-a-joven-por-robos-en-el-barrio-villa-14","status":"publish","type":"post","link":"https:\/\/cvinoticias.com\/v3\/detienen-a-joven-por-robos-en-el-barrio-villa-14\/","title":{"rendered":"Detienen A Joven Por Robos En El Barrio Villa 14"},"content":{"rendered":"\n<p>La Polic\u00eda de Misiones logr\u00f3 detener en las \u00faltimas horas a un joven de 24 a\u00f1os, vinculado a al menos dos hechos de robo ocurridos recientemente en Puerto Iguaz\u00fa. La clave de la detenci\u00f3n fue el trabajo conjunto entre peritos de Cibercrimen y personal encubierto de la Divisi\u00f3n Investigaciones de la UR-V, quienes analizaron minuciosamente los registros f\u00edlmicos de la zona.<\/p>\n\n\n\n<p>\u200bLa investigaci\u00f3n se dispar\u00f3 tras las denuncias de dos vecinos del Barrio Villa 14. En el primer caso, una damnificada relat\u00f3 que desconocidos forzaron su veh\u00edculo estacionado para sustraer objetos personales. En el segundo hecho, un vecino denunci\u00f3 el robo de diversas herramientas de mano desde una obra en construcci\u00f3n durante la madrugada.<br>\u200bIdentificaci\u00f3n y captura<br>\u200bGracias al seguimiento de las c\u00e1maras de seguridad de las viviendas cercanas, los investigadores lograron obtener una imagen clara del sospechoso y determinar su zona de permanencia. Con estos datos, los efectivos interceptaron a Mario S. (24), quien fue inmediatamente arrestado y puesto a disposici\u00f3n de la Justicia.<br>\u200b<br>\u200bDesde la Unidad Regional V informaron que el trabajo policial contin\u00faa, ya que el detenido no habr\u00eda actuado solo. El c\u00f3mplice ya fue identificado por los investigadores y su detenci\u00f3n se considera inminente en las pr\u00f3ximas horas.<\/p>\n","protected":false},"excerpt":{"rendered":"<p>La Polic\u00eda de Misiones logr\u00f3 detener en las \u00faltimas horas a un joven de 24 a\u00f1os, vinculado a al menos dos hechos de robo ocurridos recientemente en Puerto Iguaz\u00fa. La clave de la detenci\u00f3n fue el trabajo conjunto entre peritos de Cibercrimen y personal encubierto de la Divisi\u00f3n Investigaciones de la UR-V, quienes analizaron minuciosamente [&hellip;]<\/p>\n","protected":false},"author":2,"featured_media":57637,"comment_status":"open","ping_status":"closed","sticky":false,"template":"","format":"standard","meta":{"footnotes":""},"categories":[41],"tags":[530,313,826,1825],"class_list":["post-57633","post","type-post","status-publish","format-standard","has-post-thumbnail","hentry","category-policiales","tag-detenido","tag-iguazu","tag-joven","tag-robos"],"yoast_head":"<!-- This site is optimized with the Yoast SEO plugin v27.5 - https:\/\/yoast.com\/product\/yoast-seo-wordpress\/ -->\n<title>Detienen a joven por robos en el barrio Villa 14 | CVI NOTICIAS<\/title>\n<meta name=\"description\" content=\"Cay\u00f3 un joven de 24 a\u00f1os en Iguaz\u00fa por robos en Villa 14. Buscan a un c\u00f3mplice ya identificado.\" \/>\n<meta name=\"robots\" content=\"index, follow, max-snippet:-1, max-image-preview:large, max-video-preview:-1\" \/>\n<link rel=\"canonical\" href=\"https:\/\/cvinoticias.com\/v3\/detienen-a-joven-por-robos-en-el-barrio-villa-14\/\" \/>\n<meta property=\"og:locale\" content=\"es_ES\" \/>\n<meta property=\"og:type\" content=\"article\" \/>\n<meta property=\"og:title\" content=\"Detienen a joven por robos en el barrio Villa 14 | CVI NOTICIAS\" \/>\n<meta property=\"og:description\" content=\"Cay\u00f3 un joven de 24 a\u00f1os en Iguaz\u00fa por robos en Villa 14. Buscan a un c\u00f3mplice ya identificado.\" \/>\n<meta property=\"og:url\" content=\"https:\/\/cvinoticias.com\/v3\/detienen-a-joven-por-robos-en-el-barrio-villa-14\/\" \/>\n<meta property=\"og:site_name\" content=\"CVI NOTICIAS\" \/>\n<meta property=\"article:publisher\" content=\"https:\/\/www.facebook.com\/cvinoticias\" \/>\n<meta property=\"article:published_time\" content=\"2026-04-29T21:12:44+00:00\" \/>\n<meta property=\"article:modified_time\" content=\"2026-04-30T11:13:25+00:00\" \/>\n<meta property=\"og:image\" content=\"https:\/\/cvinoticias.com\/wp-content\/uploads\/2026\/04\/ed240a16-f221-492b-8a29-cedff2d46abe.jpeg\" \/>\n\t<meta property=\"og:image:width\" content=\"1473\" \/>\n\t<meta property=\"og:image:height\" content=\"2048\" \/>\n\t<meta property=\"og:image:type\" content=\"image\/jpeg\" \/>\n<meta name=\"author\" content=\"f1000024\" \/>\n<meta name=\"twitter:card\" content=\"summary_large_image\" \/>\n<meta name=\"twitter:label1\" content=\"Escrito por\" \/>\n\t<meta name=\"twitter:data1\" content=\"f1000024\" \/>\n\t<meta name=\"twitter:label2\" content=\"Tiempo de lectura\" \/>\n\t<meta name=\"twitter:data2\" content=\"2 minutos\" \/>\n<script type=\"application\/ld+json\" class=\"yoast-schema-graph\">{\"@context\":\"https:\\\/\\\/schema.org\",\"@graph\":[{\"@type\":\"Article\",\"@id\":\"https:\\\/\\\/cvinoticias.com\\\/v3\\\/detienen-a-joven-por-robos-en-el-barrio-villa-14\\\/#article\",\"isPartOf\":{\"@id\":\"https:\\\/\\\/cvinoticias.com\\\/v3\\\/detienen-a-joven-por-robos-en-el-barrio-villa-14\\\/\"},\"author\":{\"name\":\"f1000024\",\"@id\":\"https:\\\/\\\/cvinoticias.com\\\/v3\\\/#\\\/schema\\\/person\\\/2db77e3c6bc03c538495d7b2b8be9b66\"},\"headline\":\"Detienen A Joven Por Robos En El Barrio Villa 14\",\"datePublished\":\"2026-04-29T21:12:44+00:00\",\"dateModified\":\"2026-04-30T11:13:25+00:00\",\"mainEntityOfPage\":{\"@id\":\"https:\\\/\\\/cvinoticias.com\\\/v3\\\/detienen-a-joven-por-robos-en-el-barrio-villa-14\\\/\"},\"wordCount\":224,\"commentCount\":0,\"publisher\":{\"@id\":\"https:\\\/\\\/cvinoticias.com\\\/v3\\\/#organization\"},\"image\":{\"@id\":\"https:\\\/\\\/cvinoticias.com\\\/v3\\\/detienen-a-joven-por-robos-en-el-barrio-villa-14\\\/#primaryimage\"},\"thumbnailUrl\":\"https:\\\/\\\/cvinoticias.com\\\/wp-content\\\/uploads\\\/2026\\\/04\\\/ed240a16-f221-492b-8a29-cedff2d46abe.jpeg\",\"keywords\":[\"Detenido\",\"Iguaz\u00fa\",\"Joven\",\"Robos\"],\"articleSection\":[\"Policiales\"],\"inLanguage\":\"es\",\"potentialAction\":[{\"@type\":\"CommentAction\",\"name\":\"Comment\",\"target\":[\"https:\\\/\\\/cvinoticias.com\\\/v3\\\/detienen-a-joven-por-robos-en-el-barrio-villa-14\\\/#respond\"]}]},{\"@type\":\"WebPage\",\"@id\":\"https:\\\/\\\/cvinoticias.com\\\/v3\\\/detienen-a-joven-por-robos-en-el-barrio-villa-14\\\/\",\"url\":\"https:\\\/\\\/cvinoticias.com\\\/v3\\\/detienen-a-joven-por-robos-en-el-barrio-villa-14\\\/\",\"name\":\"Detienen a joven por robos en el barrio Villa 14 | CVI NOTICIAS\",\"isPartOf\":{\"@id\":\"https:\\\/\\\/cvinoticias.com\\\/v3\\\/#website\"},\"primaryImageOfPage\":{\"@id\":\"https:\\\/\\\/cvinoticias.com\\\/v3\\\/detienen-a-joven-por-robos-en-el-barrio-villa-14\\\/#primaryimage\"},\"image\":{\"@id\":\"https:\\\/\\\/cvinoticias.com\\\/v3\\\/detienen-a-joven-por-robos-en-el-barrio-villa-14\\\/#primaryimage\"},\"thumbnailUrl\":\"https:\\\/\\\/cvinoticias.com\\\/wp-content\\\/uploads\\\/2026\\\/04\\\/ed240a16-f221-492b-8a29-cedff2d46abe.jpeg\",\"datePublished\":\"2026-04-29T21:12:44+00:00\",\"dateModified\":\"2026-04-30T11:13:25+00:00\",\"description\":\"Cay\u00f3 un joven de 24 a\u00f1os en Iguaz\u00fa por robos en Villa 14. Buscan a un c\u00f3mplice ya identificado.\",\"breadcrumb\":{\"@id\":\"https:\\\/\\\/cvinoticias.com\\\/v3\\\/detienen-a-joven-por-robos-en-el-barrio-villa-14\\\/#breadcrumb\"},\"inLanguage\":\"es\",\"potentialAction\":[{\"@type\":\"ReadAction\",\"target\":[\"https:\\\/\\\/cvinoticias.com\\\/v3\\\/detienen-a-joven-por-robos-en-el-barrio-villa-14\\\/\"]}]},{\"@type\":\"ImageObject\",\"inLanguage\":\"es\",\"@id\":\"https:\\\/\\\/cvinoticias.com\\\/v3\\\/detienen-a-joven-por-robos-en-el-barrio-villa-14\\\/#primaryimage\",\"url\":\"https:\\\/\\\/cvinoticias.com\\\/wp-content\\\/uploads\\\/2026\\\/04\\\/ed240a16-f221-492b-8a29-cedff2d46abe.jpeg\",\"contentUrl\":\"https:\\\/\\\/cvinoticias.com\\\/wp-content\\\/uploads\\\/2026\\\/04\\\/ed240a16-f221-492b-8a29-cedff2d46abe.jpeg\",\"width\":1473,\"height\":2048},{\"@type\":\"BreadcrumbList\",\"@id\":\"https:\\\/\\\/cvinoticias.com\\\/v3\\\/detienen-a-joven-por-robos-en-el-barrio-villa-14\\\/#breadcrumb\",\"itemListElement\":[{\"@type\":\"ListItem\",\"position\":1,\"name\":\"Portada\",\"item\":\"https:\\\/\\\/cvinoticias.com\\\/v3\\\/\"},{\"@type\":\"ListItem\",\"position\":2,\"name\":\"Detienen A Joven Por Robos En El Barrio Villa 14\"}]},{\"@type\":\"WebSite\",\"@id\":\"https:\\\/\\\/cvinoticias.com\\\/v3\\\/#website\",\"url\":\"https:\\\/\\\/cvinoticias.com\\\/v3\\\/\",\"name\":\"CVI NOTICIAS\",\"description\":\"\",\"publisher\":{\"@id\":\"https:\\\/\\\/cvinoticias.com\\\/v3\\\/#organization\"},\"alternateName\":\"CVI\",\"potentialAction\":[{\"@type\":\"SearchAction\",\"target\":{\"@type\":\"EntryPoint\",\"urlTemplate\":\"https:\\\/\\\/cvinoticias.com\\\/v3\\\/?s={search_term_string}\"},\"query-input\":{\"@type\":\"PropertyValueSpecification\",\"valueRequired\":true,\"valueName\":\"search_term_string\"}}],\"inLanguage\":\"es\"},{\"@type\":\"Organization\",\"@id\":\"https:\\\/\\\/cvinoticias.com\\\/v3\\\/#organization\",\"name\":\"CVI NOTICIAS\",\"url\":\"https:\\\/\\\/cvinoticias.com\\\/v3\\\/\",\"logo\":{\"@type\":\"ImageObject\",\"inLanguage\":\"es\",\"@id\":\"https:\\\/\\\/cvinoticias.com\\\/v3\\\/#\\\/schema\\\/logo\\\/image\\\/\",\"url\":\"https:\\\/\\\/cvinoticias.com\\\/wp-content\\\/uploads\\\/2023\\\/04\\\/cropped-cropped-cropped-cropped-cropped-3-1.png\",\"contentUrl\":\"https:\\\/\\\/cvinoticias.com\\\/wp-content\\\/uploads\\\/2023\\\/04\\\/cropped-cropped-cropped-cropped-cropped-3-1.png\",\"width\":95,\"height\":122,\"caption\":\"CVI NOTICIAS\"},\"image\":{\"@id\":\"https:\\\/\\\/cvinoticias.com\\\/v3\\\/#\\\/schema\\\/logo\\\/image\\\/\"},\"sameAs\":[\"https:\\\/\\\/www.facebook.com\\\/cvinoticias\",\"https:\\\/\\\/www.instagram.com\\\/cvinoticias\\\/\",\"https:\\\/\\\/www.youtube.com\\\/@CVINOTICIAS\"]},{\"@type\":\"Person\",\"@id\":\"https:\\\/\\\/cvinoticias.com\\\/v3\\\/#\\\/schema\\\/person\\\/2db77e3c6bc03c538495d7b2b8be9b66\",\"name\":\"f1000024\",\"image\":{\"@type\":\"ImageObject\",\"inLanguage\":\"es\",\"@id\":\"https:\\\/\\\/secure.gravatar.com\\\/avatar\\\/d4fe7459cfc51ff5129ce1a732bbef5928568b8092d412ef95611616376bbeed?s=96&d=mm&r=g\",\"url\":\"https:\\\/\\\/secure.gravatar.com\\\/avatar\\\/d4fe7459cfc51ff5129ce1a732bbef5928568b8092d412ef95611616376bbeed?s=96&d=mm&r=g\",\"contentUrl\":\"https:\\\/\\\/secure.gravatar.com\\\/avatar\\\/d4fe7459cfc51ff5129ce1a732bbef5928568b8092d412ef95611616376bbeed?s=96&d=mm&r=g\",\"caption\":\"f1000024\"},\"url\":\"https:\\\/\\\/cvinoticias.com\\\/v3\\\/author\\\/f1000024\\\/\"}]}<\/script>\n<!-- \/ Yoast SEO plugin. -->","yoast_head_json":{"title":"Detienen a joven por robos en el barrio Villa 14 | CVI NOTICIAS","description":"Cay\u00f3 un joven de 24 a\u00f1os en Iguaz\u00fa por robos en Villa 14. Buscan a un c\u00f3mplice ya identificado.","robots":{"index":"index","follow":"follow","max-snippet":"max-snippet:-1","max-image-preview":"max-image-preview:large","max-video-preview":"max-video-preview:-1"},"canonical":"https:\/\/cvinoticias.com\/v3\/detienen-a-joven-por-robos-en-el-barrio-villa-14\/","og_locale":"es_ES","og_type":"article","og_title":"Detienen a joven por robos en el barrio Villa 14 | CVI NOTICIAS","og_description":"Cay\u00f3 un joven de 24 a\u00f1os en Iguaz\u00fa por robos en Villa 14. Buscan a un c\u00f3mplice ya identificado.","og_url":"https:\/\/cvinoticias.com\/v3\/detienen-a-joven-por-robos-en-el-barrio-villa-14\/","og_site_name":"CVI NOTICIAS","article_publisher":"https:\/\/www.facebook.com\/cvinoticias","article_published_time":"2026-04-29T21:12:44+00:00","article_modified_time":"2026-04-30T11:13:25+00:00","og_image":[{"width":1473,"height":2048,"url":"https:\/\/cvinoticias.com\/wp-content\/uploads\/2026\/04\/ed240a16-f221-492b-8a29-cedff2d46abe.jpeg","type":"image\/jpeg"}],"author":"f1000024","twitter_card":"summary_large_image","twitter_misc":{"Escrito por":"f1000024","Tiempo de lectura":"2 minutos"},"schema":{"@context":"https:\/\/schema.org","@graph":[{"@type":"Article","@id":"https:\/\/cvinoticias.com\/v3\/detienen-a-joven-por-robos-en-el-barrio-villa-14\/#article","isPartOf":{"@id":"https:\/\/cvinoticias.com\/v3\/detienen-a-joven-por-robos-en-el-barrio-villa-14\/"},"author":{"name":"f1000024","@id":"https:\/\/cvinoticias.com\/v3\/#\/schema\/person\/2db77e3c6bc03c538495d7b2b8be9b66"},"headline":"Detienen A Joven Por Robos En El Barrio Villa 14","datePublished":"2026-04-29T21:12:44+00:00","dateModified":"2026-04-30T11:13:25+00:00","mainEntityOfPage":{"@id":"https:\/\/cvinoticias.com\/v3\/detienen-a-joven-por-robos-en-el-barrio-villa-14\/"},"wordCount":224,"commentCount":0,"publisher":{"@id":"https:\/\/cvinoticias.com\/v3\/#organization"},"image":{"@id":"https:\/\/cvinoticias.com\/v3\/detienen-a-joven-por-robos-en-el-barrio-villa-14\/#primaryimage"},"thumbnailUrl":"https:\/\/cvinoticias.com\/wp-content\/uploads\/2026\/04\/ed240a16-f221-492b-8a29-cedff2d46abe.jpeg","keywords":["Detenido","Iguaz\u00fa","Joven","Robos"],"articleSection":["Policiales"],"inLanguage":"es","potentialAction":[{"@type":"CommentAction","name":"Comment","target":["https:\/\/cvinoticias.com\/v3\/detienen-a-joven-por-robos-en-el-barrio-villa-14\/#respond"]}]},{"@type":"WebPage","@id":"https:\/\/cvinoticias.com\/v3\/detienen-a-joven-por-robos-en-el-barrio-villa-14\/","url":"https:\/\/cvinoticias.com\/v3\/detienen-a-joven-por-robos-en-el-barrio-villa-14\/","name":"Detienen a joven por robos en el barrio Villa 14 | CVI NOTICIAS","isPartOf":{"@id":"https:\/\/cvinoticias.com\/v3\/#website"},"primaryImageOfPage":{"@id":"https:\/\/cvinoticias.com\/v3\/detienen-a-joven-por-robos-en-el-barrio-villa-14\/#primaryimage"},"image":{"@id":"https:\/\/cvinoticias.com\/v3\/detienen-a-joven-por-robos-en-el-barrio-villa-14\/#primaryimage"},"thumbnailUrl":"https:\/\/cvinoticias.com\/wp-content\/uploads\/2026\/04\/ed240a16-f221-492b-8a29-cedff2d46abe.jpeg","datePublished":"2026-04-29T21:12:44+00:00","dateModified":"2026-04-30T11:13:25+00:00","description":"Cay\u00f3 un joven de 24 a\u00f1os en Iguaz\u00fa por robos en Villa 14. Buscan a un c\u00f3mplice ya identificado.","breadcrumb":{"@id":"https:\/\/cvinoticias.com\/v3\/detienen-a-joven-por-robos-en-el-barrio-villa-14\/#breadcrumb"},"inLanguage":"es","potentialAction":[{"@type":"ReadAction","target":["https:\/\/cvinoticias.com\/v3\/detienen-a-joven-por-robos-en-el-barrio-villa-14\/"]}]},{"@type":"ImageObject","inLanguage":"es","@id":"https:\/\/cvinoticias.com\/v3\/detienen-a-joven-por-robos-en-el-barrio-villa-14\/#primaryimage","url":"https:\/\/cvinoticias.com\/wp-content\/uploads\/2026\/04\/ed240a16-f221-492b-8a29-cedff2d46abe.jpeg","contentUrl":"https:\/\/cvinoticias.com\/wp-content\/uploads\/2026\/04\/ed240a16-f221-492b-8a29-cedff2d46abe.jpeg","width":1473,"height":2048},{"@type":"BreadcrumbList","@id":"https:\/\/cvinoticias.com\/v3\/detienen-a-joven-por-robos-en-el-barrio-villa-14\/#breadcrumb","itemListElement":[{"@type":"ListItem","position":1,"name":"Portada","item":"https:\/\/cvinoticias.com\/v3\/"},{"@type":"ListItem","position":2,"name":"Detienen A Joven Por Robos En El Barrio Villa 14"}]},{"@type":"WebSite","@id":"https:\/\/cvinoticias.com\/v3\/#website","url":"https:\/\/cvinoticias.com\/v3\/","name":"CVI NOTICIAS","description":"","publisher":{"@id":"https:\/\/cvinoticias.com\/v3\/#organization"},"alternateName":"CVI","potentialAction":[{"@type":"SearchAction","target":{"@type":"EntryPoint","urlTemplate":"https:\/\/cvinoticias.com\/v3\/?s={search_term_string}"},"query-input":{"@type":"PropertyValueSpecification","valueRequired":true,"valueName":"search_term_string"}}],"inLanguage":"es"},{"@type":"Organization","@id":"https:\/\/cvinoticias.com\/v3\/#organization","name":"CVI NOTICIAS","url":"https:\/\/cvinoticias.com\/v3\/","logo":{"@type":"ImageObject","inLanguage":"es","@id":"https:\/\/cvinoticias.com\/v3\/#\/schema\/logo\/image\/","url":"https:\/\/cvinoticias.com\/wp-content\/uploads\/2023\/04\/cropped-cropped-cropped-cropped-cropped-3-1.png","contentUrl":"https:\/\/cvinoticias.com\/wp-content\/uploads\/2023\/04\/cropped-cropped-cropped-cropped-cropped-3-1.png","width":95,"height":122,"caption":"CVI NOTICIAS"},"image":{"@id":"https:\/\/cvinoticias.com\/v3\/#\/schema\/logo\/image\/"},"sameAs":["https:\/\/www.facebook.com\/cvinoticias","https:\/\/www.instagram.com\/cvinoticias\/","https:\/\/www.youtube.com\/@CVINOTICIAS"]},{"@type":"Person","@id":"https:\/\/cvinoticias.com\/v3\/#\/schema\/person\/2db77e3c6bc03c538495d7b2b8be9b66","name":"f1000024","image":{"@type":"ImageObject","inLanguage":"es","@id":"https:\/\/secure.gravatar.com\/avatar\/d4fe7459cfc51ff5129ce1a732bbef5928568b8092d412ef95611616376bbeed?s=96&d=mm&r=g","url":"https:\/\/secure.gravatar.com\/avatar\/d4fe7459cfc51ff5129ce1a732bbef5928568b8092d412ef95611616376bbeed?s=96&d=mm&r=g","contentUrl":"https:\/\/secure.gravatar.com\/avatar\/d4fe7459cfc51ff5129ce1a732bbef5928568b8092d412ef95611616376bbeed?s=96&d=mm&r=g","caption":"f1000024"},"url":"https:\/\/cvinoticias.com\/v3\/author\/f1000024\/"}]}},"_links":{"self":[{"href":"https:\/\/cvinoticias.com\/v3\/wp-json\/wp\/v2\/posts\/57633","targetHints":{"allow":["GET"]}}],"collection":[{"href":"https:\/\/cvinoticias.com\/v3\/wp-json\/wp\/v2\/posts"}],"about":[{"href":"https:\/\/cvinoticias.com\/v3\/wp-json\/wp\/v2\/types\/post"}],"author":[{"embeddable":true,"href":"https:\/\/cvinoticias.com\/v3\/wp-json\/wp\/v2\/users\/2"}],"replies":[{"embeddable":true,"href":"https:\/\/cvinoticias.com\/v3\/wp-json\/wp\/v2\/comments?post=57633"}],"version-history":[{"count":1,"href":"https:\/\/cvinoticias.com\/v3\/wp-json\/wp\/v2\/posts\/57633\/revisions"}],"predecessor-version":[{"id":57638,"href":"https:\/\/cvinoticias.com\/v3\/wp-json\/wp\/v2\/posts\/57633\/revisions\/57638"}],"wp:featuredmedia":[{"embeddable":true,"href":"https:\/\/cvinoticias.com\/v3\/wp-json\/wp\/v2\/media\/57637"}],"wp:attachment":[{"href":"https:\/\/cvinoticias.com\/v3\/wp-json\/wp\/v2\/media?parent=57633"}],"wp:term":[{"taxonomy":"category","embeddable":true,"href":"https:\/\/cvinoticias.com\/v3\/wp-json\/wp\/v2\/categories?post=57633"},{"taxonomy":"post_tag","embeddable":true,"href":"https:\/\/cvinoticias.com\/v3\/wp-json\/wp\/v2\/tags?post=57633"}],"curies":[{"name":"wp","href":"https:\/\/api.w.org\/{rel}","templated":true}]}}