{"id":57624,"date":"2026-04-29T09:51:10","date_gmt":"2026-04-29T12:51:10","guid":{"rendered":"https:\/\/cvinoticias.com\/v3\/?p=57624"},"modified":"2026-04-29T09:51:11","modified_gmt":"2026-04-29T12:51:11","slug":"acusan-al-exdirector-del-fbi-james-comey-por-presunta-amenaza-contra-trump","status":"publish","type":"post","link":"https:\/\/cvinoticias.com\/v3\/acusan-al-exdirector-del-fbi-james-comey-por-presunta-amenaza-contra-trump\/","title":{"rendered":"Acusan al exdirector del FBI James Comey por presunta \u201camenaza\u201d contra Trump"},"content":{"rendered":"\n<p>El exdirector del FBI&nbsp;<strong>James Comey<\/strong>, conocido cr\u00edtico de&nbsp;<strong>Donald Trump<\/strong>, enfrenta una acusaci\u00f3n por presuntamente amenazar la vida del presidente de Estados Unidos. El anuncio lo hizo este martes el fiscal general en funciones,&nbsp;<strong>Todd Blanche<\/strong>.<\/p>\n\n\n\n<p>La pol\u00e9mica se origin\u00f3 en una publicaci\u00f3n de Instagram realizada por Comey el a\u00f1o pasado. La imagen mostraba los n\u00fameros&nbsp;<strong>\u201c86 47\u201d<\/strong>&nbsp;formados con conchas marinas, un mensaje que luego fue eliminado. Trump interpret\u00f3 la publicaci\u00f3n como<strong>&nbsp;una amenaza directa.<\/strong>&nbsp;En una entrevista con&nbsp;<em>Fox News<\/em>&nbsp;asegur\u00f3 que \u201c86\u201d significa \u201cmatar\u201d y que \u201c47\u201d lo identifica como presidente n\u00famero 47.<strong>&nbsp;\u201c\u00c9l sab\u00eda exactamente lo que eso significaba\u201d<\/strong>, afirm\u00f3 Trump. \u201cSignifica asesinato, y lo dice claro y fuerte\u201d.<\/p>\n\n\n\n<p>En este sentido, la acusaci\u00f3n sostiene que la referencia \u201c86 47\u201d constituye una \u201cseria expresi\u00f3n de una intenci\u00f3n de hacer da\u00f1o al presidente de Estados Unidos\u201d. Adem\u00e1s, Blanche explic\u00f3 que Comey enfrenta dos cargos:&nbsp;<strong>uno por \u201chacer deliberadamente una amenaza de quitarle la vida e infligir da\u00f1o\u201d y otro por amenaza interestatal.<\/strong><\/p>\n\n\n\n<p>Cada uno de los cargos contempla una pena de<strong>&nbsp;hasta diez a\u00f1os de prisi\u00f3n<\/strong>. \u201cEs justo decir que amenazar la vida de alguien es peligroso y potencialmente un delito\u201d, se\u00f1al\u00f3 Blanche. Asimismo, el fiscal subray\u00f3 la gravedad de los hechos.<\/p>\n\n\n\n<p><strong>Comey, por su parte, defendi\u00f3 su publicaci\u00f3n.<\/strong>&nbsp;Explic\u00f3 que se trataba de una foto tomada durante un paseo por la playa. \u201cNo me di cuenta de que alguna gente asociara esos n\u00fameros con violencia. Nunca se me ocurri\u00f3, pero me opongo a la violencia de cualquier tipo, as\u00ed que elimin\u00e9 el mensaje\u201d, dijo.<\/p>\n\n\n\n<h3 class=\"wp-block-heading\">La fiscal\u00eda sostiene que hubo intenci\u00f3n de da\u00f1o<\/h3>\n\n\n\n<p>La acusaci\u00f3n llega apenas<strong>&nbsp;tres d\u00edas despu\u00e9s de que un hombre fuera arrestado por intentar asesinar a Trump&nbsp;<\/strong>durante una cena en Washington organizada por la Asociaci\u00f3n de Corresponsales de la Casa Blanca. En ese contexto, el caso refuerza el clima de tensi\u00f3n pol\u00edtica.<\/p>\n\n\n\n<p>El historial judicial de Comey tambi\u00e9n pesa en el proceso. En septiembre fue acusado de hacer declaraciones falsas al Congreso, aunque la jueza&nbsp;<strong>Cameron Currie<\/strong>&nbsp;desestim\u00f3 el caso al considerar ilegal el nombramiento de la fiscal que present\u00f3 los cargos. Adem\u00e1s, la entonces fiscal general&nbsp;<strong>Pam Bondi<\/strong>&nbsp;fue despedida tras no lograr imputaciones contra adversarios pol\u00edticos de Trump.<\/p>\n\n\n\n<p>Comey, de 65 a\u00f1os, dirigi\u00f3 el FBI desde 2013, nombrado por&nbsp;<strong>Barack Obama<\/strong>, hasta su despido en 2017 por Trump. El magnate lo removi\u00f3 en medio de la investigaci\u00f3n sobre posibles v\u00ednculos de su campa\u00f1a con Mosc\u00fa. El mismo d\u00eda de la nueva acusaci\u00f3n, un juez autoriz\u00f3 a su hija&nbsp;<strong>Maurene Comey<\/strong>&nbsp;a avanzar con una demanda por despido que, seg\u00fan ella, tuvo motivaciones pol\u00edticas.<\/p>\n\n\n\n<p>Fuente: Canal 12 Misiones<\/p>\n","protected":false},"excerpt":{"rendered":"<p>El exdirector del FBI&nbsp;James Comey, conocido cr\u00edtico de&nbsp;Donald Trump, enfrenta una acusaci\u00f3n por presuntamente amenazar la vida del presidente de Estados Unidos. El anuncio lo hizo este martes el fiscal general en funciones,&nbsp;Todd Blanche. La pol\u00e9mica se origin\u00f3 en una publicaci\u00f3n de Instagram realizada por Comey el a\u00f1o pasado. La imagen mostraba los n\u00fameros&nbsp;\u201c86 47\u201d&nbsp;formados [&hellip;]<\/p>\n","protected":false},"author":2,"featured_media":57625,"comment_status":"open","ping_status":"closed","sticky":false,"template":"","format":"standard","meta":{"footnotes":""},"categories":[36],"tags":[1646,2117,3215,3296],"class_list":["post-57624","post","type-post","status-publish","format-standard","has-post-thumbnail","hentry","category-internacionales","tag-amenaza","tag-estados-unidos","tag-fbi","tag-trump"],"yoast_head":"<!-- This site is optimized with the Yoast SEO plugin v27.5 - https:\/\/yoast.com\/product\/yoast-seo-wordpress\/ -->\n<title>Acusan a James Comey por presunta amenaza contra Trump | CVI NOTICIAS<\/title>\n<meta name=\"description\" content=\"Investigan al exdirector del FBI por un mensaje interpretado como amenaza.\" \/>\n<meta name=\"robots\" content=\"index, follow, max-snippet:-1, max-image-preview:large, max-video-preview:-1\" \/>\n<link rel=\"canonical\" href=\"https:\/\/cvinoticias.com\/v3\/acusan-al-exdirector-del-fbi-james-comey-por-presunta-amenaza-contra-trump\/\" \/>\n<meta property=\"og:locale\" content=\"es_ES\" \/>\n<meta property=\"og:type\" content=\"article\" \/>\n<meta property=\"og:title\" content=\"Acusan a James Comey por presunta amenaza contra Trump | CVI NOTICIAS\" \/>\n<meta property=\"og:description\" content=\"Investigan al exdirector del FBI por un mensaje interpretado como amenaza.\" \/>\n<meta property=\"og:url\" content=\"https:\/\/cvinoticias.com\/v3\/acusan-al-exdirector-del-fbi-james-comey-por-presunta-amenaza-contra-trump\/\" \/>\n<meta property=\"og:site_name\" content=\"CVI NOTICIAS\" \/>\n<meta property=\"article:publisher\" content=\"https:\/\/www.facebook.com\/cvinoticias\" \/>\n<meta property=\"article:published_time\" content=\"2026-04-29T12:51:10+00:00\" \/>\n<meta property=\"article:modified_time\" content=\"2026-04-29T12:51:11+00:00\" \/>\n<meta property=\"og:image\" content=\"https:\/\/cvinoticias.com\/wp-content\/uploads\/2026\/04\/1536x864_cmsv2_342c08fd-afe8-5463-b140-872a25ee8ed8-9739838.webp\" \/>\n\t<meta property=\"og:image:width\" content=\"1536\" \/>\n\t<meta property=\"og:image:height\" content=\"864\" \/>\n\t<meta property=\"og:image:type\" content=\"image\/webp\" \/>\n<meta name=\"author\" content=\"f1000024\" \/>\n<meta name=\"twitter:card\" content=\"summary_large_image\" \/>\n<meta name=\"twitter:label1\" content=\"Escrito por\" \/>\n\t<meta name=\"twitter:data1\" content=\"f1000024\" \/>\n\t<meta name=\"twitter:label2\" content=\"Tiempo de lectura\" \/>\n\t<meta name=\"twitter:data2\" content=\"3 minutos\" \/>\n<script type=\"application\/ld+json\" class=\"yoast-schema-graph\">{\"@context\":\"https:\\\/\\\/schema.org\",\"@graph\":[{\"@type\":\"Article\",\"@id\":\"https:\\\/\\\/cvinoticias.com\\\/v3\\\/acusan-al-exdirector-del-fbi-james-comey-por-presunta-amenaza-contra-trump\\\/#article\",\"isPartOf\":{\"@id\":\"https:\\\/\\\/cvinoticias.com\\\/v3\\\/acusan-al-exdirector-del-fbi-james-comey-por-presunta-amenaza-contra-trump\\\/\"},\"author\":{\"name\":\"f1000024\",\"@id\":\"https:\\\/\\\/cvinoticias.com\\\/v3\\\/#\\\/schema\\\/person\\\/2db77e3c6bc03c538495d7b2b8be9b66\"},\"headline\":\"Acusan al exdirector del FBI James Comey por presunta \u201camenaza\u201d contra Trump\",\"datePublished\":\"2026-04-29T12:51:10+00:00\",\"dateModified\":\"2026-04-29T12:51:11+00:00\",\"mainEntityOfPage\":{\"@id\":\"https:\\\/\\\/cvinoticias.com\\\/v3\\\/acusan-al-exdirector-del-fbi-james-comey-por-presunta-amenaza-contra-trump\\\/\"},\"wordCount\":501,\"commentCount\":0,\"publisher\":{\"@id\":\"https:\\\/\\\/cvinoticias.com\\\/v3\\\/#organization\"},\"image\":{\"@id\":\"https:\\\/\\\/cvinoticias.com\\\/v3\\\/acusan-al-exdirector-del-fbi-james-comey-por-presunta-amenaza-contra-trump\\\/#primaryimage\"},\"thumbnailUrl\":\"https:\\\/\\\/cvinoticias.com\\\/wp-content\\\/uploads\\\/2026\\\/04\\\/1536x864_cmsv2_342c08fd-afe8-5463-b140-872a25ee8ed8-9739838.webp\",\"keywords\":[\"amenaza\",\"Estados unidos\",\"FBI\",\"Trump\"],\"articleSection\":[\"Internacionales\"],\"inLanguage\":\"es\",\"potentialAction\":[{\"@type\":\"CommentAction\",\"name\":\"Comment\",\"target\":[\"https:\\\/\\\/cvinoticias.com\\\/v3\\\/acusan-al-exdirector-del-fbi-james-comey-por-presunta-amenaza-contra-trump\\\/#respond\"]}]},{\"@type\":\"WebPage\",\"@id\":\"https:\\\/\\\/cvinoticias.com\\\/v3\\\/acusan-al-exdirector-del-fbi-james-comey-por-presunta-amenaza-contra-trump\\\/\",\"url\":\"https:\\\/\\\/cvinoticias.com\\\/v3\\\/acusan-al-exdirector-del-fbi-james-comey-por-presunta-amenaza-contra-trump\\\/\",\"name\":\"Acusan a James Comey por presunta amenaza contra Trump | CVI NOTICIAS\",\"isPartOf\":{\"@id\":\"https:\\\/\\\/cvinoticias.com\\\/v3\\\/#website\"},\"primaryImageOfPage\":{\"@id\":\"https:\\\/\\\/cvinoticias.com\\\/v3\\\/acusan-al-exdirector-del-fbi-james-comey-por-presunta-amenaza-contra-trump\\\/#primaryimage\"},\"image\":{\"@id\":\"https:\\\/\\\/cvinoticias.com\\\/v3\\\/acusan-al-exdirector-del-fbi-james-comey-por-presunta-amenaza-contra-trump\\\/#primaryimage\"},\"thumbnailUrl\":\"https:\\\/\\\/cvinoticias.com\\\/wp-content\\\/uploads\\\/2026\\\/04\\\/1536x864_cmsv2_342c08fd-afe8-5463-b140-872a25ee8ed8-9739838.webp\",\"datePublished\":\"2026-04-29T12:51:10+00:00\",\"dateModified\":\"2026-04-29T12:51:11+00:00\",\"description\":\"Investigan al exdirector del FBI por un mensaje interpretado como amenaza.\",\"breadcrumb\":{\"@id\":\"https:\\\/\\\/cvinoticias.com\\\/v3\\\/acusan-al-exdirector-del-fbi-james-comey-por-presunta-amenaza-contra-trump\\\/#breadcrumb\"},\"inLanguage\":\"es\",\"potentialAction\":[{\"@type\":\"ReadAction\",\"target\":[\"https:\\\/\\\/cvinoticias.com\\\/v3\\\/acusan-al-exdirector-del-fbi-james-comey-por-presunta-amenaza-contra-trump\\\/\"]}]},{\"@type\":\"ImageObject\",\"inLanguage\":\"es\",\"@id\":\"https:\\\/\\\/cvinoticias.com\\\/v3\\\/acusan-al-exdirector-del-fbi-james-comey-por-presunta-amenaza-contra-trump\\\/#primaryimage\",\"url\":\"https:\\\/\\\/cvinoticias.com\\\/wp-content\\\/uploads\\\/2026\\\/04\\\/1536x864_cmsv2_342c08fd-afe8-5463-b140-872a25ee8ed8-9739838.webp\",\"contentUrl\":\"https:\\\/\\\/cvinoticias.com\\\/wp-content\\\/uploads\\\/2026\\\/04\\\/1536x864_cmsv2_342c08fd-afe8-5463-b140-872a25ee8ed8-9739838.webp\",\"width\":1536,\"height\":864},{\"@type\":\"BreadcrumbList\",\"@id\":\"https:\\\/\\\/cvinoticias.com\\\/v3\\\/acusan-al-exdirector-del-fbi-james-comey-por-presunta-amenaza-contra-trump\\\/#breadcrumb\",\"itemListElement\":[{\"@type\":\"ListItem\",\"position\":1,\"name\":\"Portada\",\"item\":\"https:\\\/\\\/cvinoticias.com\\\/v3\\\/\"},{\"@type\":\"ListItem\",\"position\":2,\"name\":\"Acusan al exdirector del FBI James Comey por presunta \u201camenaza\u201d contra Trump\"}]},{\"@type\":\"WebSite\",\"@id\":\"https:\\\/\\\/cvinoticias.com\\\/v3\\\/#website\",\"url\":\"https:\\\/\\\/cvinoticias.com\\\/v3\\\/\",\"name\":\"CVI NOTICIAS\",\"description\":\"\",\"publisher\":{\"@id\":\"https:\\\/\\\/cvinoticias.com\\\/v3\\\/#organization\"},\"alternateName\":\"CVI\",\"potentialAction\":[{\"@type\":\"SearchAction\",\"target\":{\"@type\":\"EntryPoint\",\"urlTemplate\":\"https:\\\/\\\/cvinoticias.com\\\/v3\\\/?s={search_term_string}\"},\"query-input\":{\"@type\":\"PropertyValueSpecification\",\"valueRequired\":true,\"valueName\":\"search_term_string\"}}],\"inLanguage\":\"es\"},{\"@type\":\"Organization\",\"@id\":\"https:\\\/\\\/cvinoticias.com\\\/v3\\\/#organization\",\"name\":\"CVI NOTICIAS\",\"url\":\"https:\\\/\\\/cvinoticias.com\\\/v3\\\/\",\"logo\":{\"@type\":\"ImageObject\",\"inLanguage\":\"es\",\"@id\":\"https:\\\/\\\/cvinoticias.com\\\/v3\\\/#\\\/schema\\\/logo\\\/image\\\/\",\"url\":\"https:\\\/\\\/cvinoticias.com\\\/wp-content\\\/uploads\\\/2023\\\/04\\\/cropped-cropped-cropped-cropped-cropped-3-1.png\",\"contentUrl\":\"https:\\\/\\\/cvinoticias.com\\\/wp-content\\\/uploads\\\/2023\\\/04\\\/cropped-cropped-cropped-cropped-cropped-3-1.png\",\"width\":95,\"height\":122,\"caption\":\"CVI NOTICIAS\"},\"image\":{\"@id\":\"https:\\\/\\\/cvinoticias.com\\\/v3\\\/#\\\/schema\\\/logo\\\/image\\\/\"},\"sameAs\":[\"https:\\\/\\\/www.facebook.com\\\/cvinoticias\",\"https:\\\/\\\/www.instagram.com\\\/cvinoticias\\\/\",\"https:\\\/\\\/www.youtube.com\\\/@CVINOTICIAS\"]},{\"@type\":\"Person\",\"@id\":\"https:\\\/\\\/cvinoticias.com\\\/v3\\\/#\\\/schema\\\/person\\\/2db77e3c6bc03c538495d7b2b8be9b66\",\"name\":\"f1000024\",\"image\":{\"@type\":\"ImageObject\",\"inLanguage\":\"es\",\"@id\":\"https:\\\/\\\/secure.gravatar.com\\\/avatar\\\/d4fe7459cfc51ff5129ce1a732bbef5928568b8092d412ef95611616376bbeed?s=96&d=mm&r=g\",\"url\":\"https:\\\/\\\/secure.gravatar.com\\\/avatar\\\/d4fe7459cfc51ff5129ce1a732bbef5928568b8092d412ef95611616376bbeed?s=96&d=mm&r=g\",\"contentUrl\":\"https:\\\/\\\/secure.gravatar.com\\\/avatar\\\/d4fe7459cfc51ff5129ce1a732bbef5928568b8092d412ef95611616376bbeed?s=96&d=mm&r=g\",\"caption\":\"f1000024\"},\"url\":\"https:\\\/\\\/cvinoticias.com\\\/v3\\\/author\\\/f1000024\\\/\"}]}<\/script>\n<!-- \/ Yoast SEO plugin. -->","yoast_head_json":{"title":"Acusan a James Comey por presunta amenaza contra Trump | CVI NOTICIAS","description":"Investigan al exdirector del FBI por un mensaje interpretado como amenaza.","robots":{"index":"index","follow":"follow","max-snippet":"max-snippet:-1","max-image-preview":"max-image-preview:large","max-video-preview":"max-video-preview:-1"},"canonical":"https:\/\/cvinoticias.com\/v3\/acusan-al-exdirector-del-fbi-james-comey-por-presunta-amenaza-contra-trump\/","og_locale":"es_ES","og_type":"article","og_title":"Acusan a James Comey por presunta amenaza contra Trump | CVI NOTICIAS","og_description":"Investigan al exdirector del FBI por un mensaje interpretado como amenaza.","og_url":"https:\/\/cvinoticias.com\/v3\/acusan-al-exdirector-del-fbi-james-comey-por-presunta-amenaza-contra-trump\/","og_site_name":"CVI NOTICIAS","article_publisher":"https:\/\/www.facebook.com\/cvinoticias","article_published_time":"2026-04-29T12:51:10+00:00","article_modified_time":"2026-04-29T12:51:11+00:00","og_image":[{"width":1536,"height":864,"url":"https:\/\/cvinoticias.com\/wp-content\/uploads\/2026\/04\/1536x864_cmsv2_342c08fd-afe8-5463-b140-872a25ee8ed8-9739838.webp","type":"image\/webp"}],"author":"f1000024","twitter_card":"summary_large_image","twitter_misc":{"Escrito por":"f1000024","Tiempo de lectura":"3 minutos"},"schema":{"@context":"https:\/\/schema.org","@graph":[{"@type":"Article","@id":"https:\/\/cvinoticias.com\/v3\/acusan-al-exdirector-del-fbi-james-comey-por-presunta-amenaza-contra-trump\/#article","isPartOf":{"@id":"https:\/\/cvinoticias.com\/v3\/acusan-al-exdirector-del-fbi-james-comey-por-presunta-amenaza-contra-trump\/"},"author":{"name":"f1000024","@id":"https:\/\/cvinoticias.com\/v3\/#\/schema\/person\/2db77e3c6bc03c538495d7b2b8be9b66"},"headline":"Acusan al exdirector del FBI James Comey por presunta \u201camenaza\u201d contra Trump","datePublished":"2026-04-29T12:51:10+00:00","dateModified":"2026-04-29T12:51:11+00:00","mainEntityOfPage":{"@id":"https:\/\/cvinoticias.com\/v3\/acusan-al-exdirector-del-fbi-james-comey-por-presunta-amenaza-contra-trump\/"},"wordCount":501,"commentCount":0,"publisher":{"@id":"https:\/\/cvinoticias.com\/v3\/#organization"},"image":{"@id":"https:\/\/cvinoticias.com\/v3\/acusan-al-exdirector-del-fbi-james-comey-por-presunta-amenaza-contra-trump\/#primaryimage"},"thumbnailUrl":"https:\/\/cvinoticias.com\/wp-content\/uploads\/2026\/04\/1536x864_cmsv2_342c08fd-afe8-5463-b140-872a25ee8ed8-9739838.webp","keywords":["amenaza","Estados unidos","FBI","Trump"],"articleSection":["Internacionales"],"inLanguage":"es","potentialAction":[{"@type":"CommentAction","name":"Comment","target":["https:\/\/cvinoticias.com\/v3\/acusan-al-exdirector-del-fbi-james-comey-por-presunta-amenaza-contra-trump\/#respond"]}]},{"@type":"WebPage","@id":"https:\/\/cvinoticias.com\/v3\/acusan-al-exdirector-del-fbi-james-comey-por-presunta-amenaza-contra-trump\/","url":"https:\/\/cvinoticias.com\/v3\/acusan-al-exdirector-del-fbi-james-comey-por-presunta-amenaza-contra-trump\/","name":"Acusan a James Comey por presunta amenaza contra Trump | CVI NOTICIAS","isPartOf":{"@id":"https:\/\/cvinoticias.com\/v3\/#website"},"primaryImageOfPage":{"@id":"https:\/\/cvinoticias.com\/v3\/acusan-al-exdirector-del-fbi-james-comey-por-presunta-amenaza-contra-trump\/#primaryimage"},"image":{"@id":"https:\/\/cvinoticias.com\/v3\/acusan-al-exdirector-del-fbi-james-comey-por-presunta-amenaza-contra-trump\/#primaryimage"},"thumbnailUrl":"https:\/\/cvinoticias.com\/wp-content\/uploads\/2026\/04\/1536x864_cmsv2_342c08fd-afe8-5463-b140-872a25ee8ed8-9739838.webp","datePublished":"2026-04-29T12:51:10+00:00","dateModified":"2026-04-29T12:51:11+00:00","description":"Investigan al exdirector del FBI por un mensaje interpretado como amenaza.","breadcrumb":{"@id":"https:\/\/cvinoticias.com\/v3\/acusan-al-exdirector-del-fbi-james-comey-por-presunta-amenaza-contra-trump\/#breadcrumb"},"inLanguage":"es","potentialAction":[{"@type":"ReadAction","target":["https:\/\/cvinoticias.com\/v3\/acusan-al-exdirector-del-fbi-james-comey-por-presunta-amenaza-contra-trump\/"]}]},{"@type":"ImageObject","inLanguage":"es","@id":"https:\/\/cvinoticias.com\/v3\/acusan-al-exdirector-del-fbi-james-comey-por-presunta-amenaza-contra-trump\/#primaryimage","url":"https:\/\/cvinoticias.com\/wp-content\/uploads\/2026\/04\/1536x864_cmsv2_342c08fd-afe8-5463-b140-872a25ee8ed8-9739838.webp","contentUrl":"https:\/\/cvinoticias.com\/wp-content\/uploads\/2026\/04\/1536x864_cmsv2_342c08fd-afe8-5463-b140-872a25ee8ed8-9739838.webp","width":1536,"height":864},{"@type":"BreadcrumbList","@id":"https:\/\/cvinoticias.com\/v3\/acusan-al-exdirector-del-fbi-james-comey-por-presunta-amenaza-contra-trump\/#breadcrumb","itemListElement":[{"@type":"ListItem","position":1,"name":"Portada","item":"https:\/\/cvinoticias.com\/v3\/"},{"@type":"ListItem","position":2,"name":"Acusan al exdirector del FBI James Comey por presunta \u201camenaza\u201d contra Trump"}]},{"@type":"WebSite","@id":"https:\/\/cvinoticias.com\/v3\/#website","url":"https:\/\/cvinoticias.com\/v3\/","name":"CVI NOTICIAS","description":"","publisher":{"@id":"https:\/\/cvinoticias.com\/v3\/#organization"},"alternateName":"CVI","potentialAction":[{"@type":"SearchAction","target":{"@type":"EntryPoint","urlTemplate":"https:\/\/cvinoticias.com\/v3\/?s={search_term_string}"},"query-input":{"@type":"PropertyValueSpecification","valueRequired":true,"valueName":"search_term_string"}}],"inLanguage":"es"},{"@type":"Organization","@id":"https:\/\/cvinoticias.com\/v3\/#organization","name":"CVI NOTICIAS","url":"https:\/\/cvinoticias.com\/v3\/","logo":{"@type":"ImageObject","inLanguage":"es","@id":"https:\/\/cvinoticias.com\/v3\/#\/schema\/logo\/image\/","url":"https:\/\/cvinoticias.com\/wp-content\/uploads\/2023\/04\/cropped-cropped-cropped-cropped-cropped-3-1.png","contentUrl":"https:\/\/cvinoticias.com\/wp-content\/uploads\/2023\/04\/cropped-cropped-cropped-cropped-cropped-3-1.png","width":95,"height":122,"caption":"CVI NOTICIAS"},"image":{"@id":"https:\/\/cvinoticias.com\/v3\/#\/schema\/logo\/image\/"},"sameAs":["https:\/\/www.facebook.com\/cvinoticias","https:\/\/www.instagram.com\/cvinoticias\/","https:\/\/www.youtube.com\/@CVINOTICIAS"]},{"@type":"Person","@id":"https:\/\/cvinoticias.com\/v3\/#\/schema\/person\/2db77e3c6bc03c538495d7b2b8be9b66","name":"f1000024","image":{"@type":"ImageObject","inLanguage":"es","@id":"https:\/\/secure.gravatar.com\/avatar\/d4fe7459cfc51ff5129ce1a732bbef5928568b8092d412ef95611616376bbeed?s=96&d=mm&r=g","url":"https:\/\/secure.gravatar.com\/avatar\/d4fe7459cfc51ff5129ce1a732bbef5928568b8092d412ef95611616376bbeed?s=96&d=mm&r=g","contentUrl":"https:\/\/secure.gravatar.com\/avatar\/d4fe7459cfc51ff5129ce1a732bbef5928568b8092d412ef95611616376bbeed?s=96&d=mm&r=g","caption":"f1000024"},"url":"https:\/\/cvinoticias.com\/v3\/author\/f1000024\/"}]}},"_links":{"self":[{"href":"https:\/\/cvinoticias.com\/v3\/wp-json\/wp\/v2\/posts\/57624","targetHints":{"allow":["GET"]}}],"collection":[{"href":"https:\/\/cvinoticias.com\/v3\/wp-json\/wp\/v2\/posts"}],"about":[{"href":"https:\/\/cvinoticias.com\/v3\/wp-json\/wp\/v2\/types\/post"}],"author":[{"embeddable":true,"href":"https:\/\/cvinoticias.com\/v3\/wp-json\/wp\/v2\/users\/2"}],"replies":[{"embeddable":true,"href":"https:\/\/cvinoticias.com\/v3\/wp-json\/wp\/v2\/comments?post=57624"}],"version-history":[{"count":1,"href":"https:\/\/cvinoticias.com\/v3\/wp-json\/wp\/v2\/posts\/57624\/revisions"}],"predecessor-version":[{"id":57626,"href":"https:\/\/cvinoticias.com\/v3\/wp-json\/wp\/v2\/posts\/57624\/revisions\/57626"}],"wp:featuredmedia":[{"embeddable":true,"href":"https:\/\/cvinoticias.com\/v3\/wp-json\/wp\/v2\/media\/57625"}],"wp:attachment":[{"href":"https:\/\/cvinoticias.com\/v3\/wp-json\/wp\/v2\/media?parent=57624"}],"wp:term":[{"taxonomy":"category","embeddable":true,"href":"https:\/\/cvinoticias.com\/v3\/wp-json\/wp\/v2\/categories?post=57624"},{"taxonomy":"post_tag","embeddable":true,"href":"https:\/\/cvinoticias.com\/v3\/wp-json\/wp\/v2\/tags?post=57624"}],"curies":[{"name":"wp","href":"https:\/\/api.w.org\/{rel}","templated":true}]}}