{"id":57618,"date":"2026-04-29T09:14:50","date_gmt":"2026-04-29T12:14:50","guid":{"rendered":"https:\/\/cvinoticias.com\/v3\/?p=57618"},"modified":"2026-04-29T09:14:51","modified_gmt":"2026-04-29T12:14:51","slug":"amenazas-previas-y-tres-detenidos-en-posadas","status":"publish","type":"post","link":"https:\/\/cvinoticias.com\/v3\/amenazas-previas-y-tres-detenidos-en-posadas\/","title":{"rendered":"Amenazas previas y tres detenidos en Posadas"},"content":{"rendered":"\n<p>La muerte de Enrique Ram\u00f3n Azam\u00e9, de 84 a\u00f1os, gener\u00f3 fuerte conmoci\u00f3n en Posadas. La Justicia investiga el caso como \u201cmuerte dudosa\u201d. Sin embargo, en las \u00faltimas horas surgi\u00f3 una nueva hip\u00f3tesis. Vecinos y allegados aseguran que el hombre recibi\u00f3 amenazas d\u00edas antes.<\/p>\n\n\n\n<p>Seg\u00fan indicaron, esas advertencias habr\u00edan ocurrido luego de que la v\u00edctima denunciara hechos de inseguridad en la zona de avenida Santa Cruz. Por eso, ahora crecen las sospechas de un posible ataque.<\/p>\n\n\n\n<h3 class=\"wp-block-heading\">C\u00f3mo encontraron a la v\u00edctima<\/h3>\n\n\n\n<p>El hecho se conoci\u00f3 en la ma\u00f1ana del martes. Su hermano, Paulino, ingres\u00f3 a la vivienda cerca de las 7. All\u00ed lo encontr\u00f3 al borde de la cama y con un golpe visible en el rostro.<\/p>\n\n\n\n<p>De inmediato pidi\u00f3 ayuda. Una ambulancia lo traslad\u00f3 al Hospital Favaloro. A los pocos minutos, los m\u00e9dicos confirmaron su fallecimiento.<\/p>\n\n\n\n<h3 class=\"wp-block-heading\">Primeras pericias y dudas<\/h3>\n\n\n\n<p>En un primer relevamiento, la Polic\u00eda no encontr\u00f3 signos de violencia en la casa. Tampoco detect\u00f3 desorden en el lugar. Aun as\u00ed, los agentes secuestraron varios elementos para peritarlos.<\/p>\n\n\n\n<p>Adem\u00e1s, tomaron nota de la lesi\u00f3n en el rostro. Ese dato resulta clave para la investigaci\u00f3n. Por eso, el juez orden\u00f3 la autopsia y la toma de testimonios.<\/p>\n\n\n\n<h3 class=\"wp-block-heading\">Detenidos y avance de la causa<\/h3>\n\n\n\n<p>Durante la ma\u00f1ana, los investigadores demoraron a dos j\u00f3venes que frecuentaban el domicilio. Horas despu\u00e9s, detuvieron a un hombre de 42 a\u00f1os, tambi\u00e9n vinculado al caso.<\/p>\n\n\n\n<p>Las mujeres fueron identificadas como Jazm\u00edn Miranda y Victoria Mia, ambas de nacionalidad brasile\u00f1a. Todos quedaron a disposici\u00f3n de la Justicia mientras avanzan las pericias.<\/p>\n\n\n\n<h3 class=\"wp-block-heading\">Hip\u00f3tesis y testimonios<\/h3>\n\n\n\n<p>Familiares y vecinos afirmaron que Azam\u00e9 estaba preocupado por la situaci\u00f3n del barrio. Incluso, hab\u00edan denunciado que la zona se volvi\u00f3 conflictiva en los \u00faltimos meses.<\/p>\n\n\n\n<p>Seg\u00fan sostienen, esas denuncias generaron conflictos y amenazas directas. Por eso, la familia cree que podr\u00eda tratarse de un ajuste de cuentas. Sin embargo, la Justicia a\u00fan no confirm\u00f3 esa versi\u00f3n.<\/p>\n\n\n\n<h3 class=\"wp-block-heading\">Qu\u00e9 se espera ahora<\/h3>\n\n\n\n<p>Los investigadores esperan los resultados de la autopsia. Ese informe ser\u00e1 clave para determinar la causa de la muerte.<\/p>\n\n\n\n<p>Adem\u00e1s, contin\u00faan con el an\u00e1lisis de los elementos secuestrados y la toma de testimonios. Con esos datos, buscan reconstruir las \u00faltimas horas de la v\u00edctima.<\/p>\n\n\n\n<p>El caso sigue bajo estricta reserva y mantiene en alerta a los vecinos de la zona.<\/p>\n\n\n\n<p>Fuente: El Territorio<\/p>\n","protected":false},"excerpt":{"rendered":"<p>La muerte de Enrique Ram\u00f3n Azam\u00e9, de 84 a\u00f1os, gener\u00f3 fuerte conmoci\u00f3n en Posadas. La Justicia investiga el caso como \u201cmuerte dudosa\u201d. Sin embargo, en las \u00faltimas horas surgi\u00f3 una nueva hip\u00f3tesis. Vecinos y allegados aseguran que el hombre recibi\u00f3 amenazas d\u00edas antes. Seg\u00fan indicaron, esas advertencias habr\u00edan ocurrido luego de que la v\u00edctima denunciara [&hellip;]<\/p>\n","protected":false},"author":2,"featured_media":57619,"comment_status":"open","ping_status":"closed","sticky":false,"template":"","format":"standard","meta":{"footnotes":""},"categories":[41],"tags":[1314,960,5508],"class_list":["post-57618","post","type-post","status-publish","format-standard","has-post-thumbnail","hentry","category-policiales","tag-amenazas","tag-detenidos","tag-tres"],"yoast_head":"<!-- This site is optimized with the Yoast SEO plugin v27.5 - https:\/\/yoast.com\/product\/yoast-seo-wordpress\/ -->\n<title>Investigan muerte dudosa en Posadas con tres detenidos | CVI NOTICIAS<\/title>\n<meta name=\"description\" content=\"Analizan la muerte de un hombre de 84 a\u00f1os y posibles amenazas previas.\" \/>\n<meta name=\"robots\" content=\"index, follow, max-snippet:-1, max-image-preview:large, max-video-preview:-1\" \/>\n<link rel=\"canonical\" href=\"https:\/\/cvinoticias.com\/v3\/amenazas-previas-y-tres-detenidos-en-posadas\/\" \/>\n<meta property=\"og:locale\" content=\"es_ES\" \/>\n<meta property=\"og:type\" content=\"article\" \/>\n<meta property=\"og:title\" content=\"Investigan muerte dudosa en Posadas con tres detenidos | CVI NOTICIAS\" \/>\n<meta property=\"og:description\" content=\"Analizan la muerte de un hombre de 84 a\u00f1os y posibles amenazas previas.\" \/>\n<meta property=\"og:url\" content=\"https:\/\/cvinoticias.com\/v3\/amenazas-previas-y-tres-detenidos-en-posadas\/\" \/>\n<meta property=\"og:site_name\" content=\"CVI NOTICIAS\" \/>\n<meta property=\"article:publisher\" content=\"https:\/\/www.facebook.com\/cvinoticias\" \/>\n<meta property=\"article:published_time\" content=\"2026-04-29T12:14:50+00:00\" \/>\n<meta property=\"article:modified_time\" content=\"2026-04-29T12:14:51+00:00\" \/>\n<meta property=\"og:image\" content=\"https:\/\/cvinoticias.com\/wp-content\/uploads\/2026\/04\/md-4-1.webp\" \/>\n\t<meta property=\"og:image:width\" content=\"992\" \/>\n\t<meta property=\"og:image:height\" content=\"662\" \/>\n\t<meta property=\"og:image:type\" content=\"image\/webp\" \/>\n<meta name=\"author\" content=\"f1000024\" \/>\n<meta name=\"twitter:card\" content=\"summary_large_image\" \/>\n<meta name=\"twitter:label1\" content=\"Escrito por\" \/>\n\t<meta name=\"twitter:data1\" content=\"f1000024\" \/>\n\t<meta name=\"twitter:label2\" content=\"Tiempo de lectura\" \/>\n\t<meta name=\"twitter:data2\" content=\"2 minutos\" \/>\n<script type=\"application\/ld+json\" class=\"yoast-schema-graph\">{\"@context\":\"https:\\\/\\\/schema.org\",\"@graph\":[{\"@type\":\"Article\",\"@id\":\"https:\\\/\\\/cvinoticias.com\\\/v3\\\/amenazas-previas-y-tres-detenidos-en-posadas\\\/#article\",\"isPartOf\":{\"@id\":\"https:\\\/\\\/cvinoticias.com\\\/v3\\\/amenazas-previas-y-tres-detenidos-en-posadas\\\/\"},\"author\":{\"name\":\"f1000024\",\"@id\":\"https:\\\/\\\/cvinoticias.com\\\/v3\\\/#\\\/schema\\\/person\\\/2db77e3c6bc03c538495d7b2b8be9b66\"},\"headline\":\"Amenazas previas y tres detenidos en Posadas\",\"datePublished\":\"2026-04-29T12:14:50+00:00\",\"dateModified\":\"2026-04-29T12:14:51+00:00\",\"mainEntityOfPage\":{\"@id\":\"https:\\\/\\\/cvinoticias.com\\\/v3\\\/amenazas-previas-y-tres-detenidos-en-posadas\\\/\"},\"wordCount\":420,\"commentCount\":0,\"publisher\":{\"@id\":\"https:\\\/\\\/cvinoticias.com\\\/v3\\\/#organization\"},\"image\":{\"@id\":\"https:\\\/\\\/cvinoticias.com\\\/v3\\\/amenazas-previas-y-tres-detenidos-en-posadas\\\/#primaryimage\"},\"thumbnailUrl\":\"https:\\\/\\\/cvinoticias.com\\\/wp-content\\\/uploads\\\/2026\\\/04\\\/md-4-1.webp\",\"keywords\":[\"Amenazas\",\"Detenidos\",\"tres\"],\"articleSection\":[\"Policiales\"],\"inLanguage\":\"es\",\"potentialAction\":[{\"@type\":\"CommentAction\",\"name\":\"Comment\",\"target\":[\"https:\\\/\\\/cvinoticias.com\\\/v3\\\/amenazas-previas-y-tres-detenidos-en-posadas\\\/#respond\"]}]},{\"@type\":\"WebPage\",\"@id\":\"https:\\\/\\\/cvinoticias.com\\\/v3\\\/amenazas-previas-y-tres-detenidos-en-posadas\\\/\",\"url\":\"https:\\\/\\\/cvinoticias.com\\\/v3\\\/amenazas-previas-y-tres-detenidos-en-posadas\\\/\",\"name\":\"Investigan muerte dudosa en Posadas con tres detenidos | CVI NOTICIAS\",\"isPartOf\":{\"@id\":\"https:\\\/\\\/cvinoticias.com\\\/v3\\\/#website\"},\"primaryImageOfPage\":{\"@id\":\"https:\\\/\\\/cvinoticias.com\\\/v3\\\/amenazas-previas-y-tres-detenidos-en-posadas\\\/#primaryimage\"},\"image\":{\"@id\":\"https:\\\/\\\/cvinoticias.com\\\/v3\\\/amenazas-previas-y-tres-detenidos-en-posadas\\\/#primaryimage\"},\"thumbnailUrl\":\"https:\\\/\\\/cvinoticias.com\\\/wp-content\\\/uploads\\\/2026\\\/04\\\/md-4-1.webp\",\"datePublished\":\"2026-04-29T12:14:50+00:00\",\"dateModified\":\"2026-04-29T12:14:51+00:00\",\"description\":\"Analizan la muerte de un hombre de 84 a\u00f1os y posibles amenazas previas.\",\"breadcrumb\":{\"@id\":\"https:\\\/\\\/cvinoticias.com\\\/v3\\\/amenazas-previas-y-tres-detenidos-en-posadas\\\/#breadcrumb\"},\"inLanguage\":\"es\",\"potentialAction\":[{\"@type\":\"ReadAction\",\"target\":[\"https:\\\/\\\/cvinoticias.com\\\/v3\\\/amenazas-previas-y-tres-detenidos-en-posadas\\\/\"]}]},{\"@type\":\"ImageObject\",\"inLanguage\":\"es\",\"@id\":\"https:\\\/\\\/cvinoticias.com\\\/v3\\\/amenazas-previas-y-tres-detenidos-en-posadas\\\/#primaryimage\",\"url\":\"https:\\\/\\\/cvinoticias.com\\\/wp-content\\\/uploads\\\/2026\\\/04\\\/md-4-1.webp\",\"contentUrl\":\"https:\\\/\\\/cvinoticias.com\\\/wp-content\\\/uploads\\\/2026\\\/04\\\/md-4-1.webp\",\"width\":992,\"height\":662},{\"@type\":\"BreadcrumbList\",\"@id\":\"https:\\\/\\\/cvinoticias.com\\\/v3\\\/amenazas-previas-y-tres-detenidos-en-posadas\\\/#breadcrumb\",\"itemListElement\":[{\"@type\":\"ListItem\",\"position\":1,\"name\":\"Portada\",\"item\":\"https:\\\/\\\/cvinoticias.com\\\/v3\\\/\"},{\"@type\":\"ListItem\",\"position\":2,\"name\":\"Amenazas previas y tres detenidos en Posadas\"}]},{\"@type\":\"WebSite\",\"@id\":\"https:\\\/\\\/cvinoticias.com\\\/v3\\\/#website\",\"url\":\"https:\\\/\\\/cvinoticias.com\\\/v3\\\/\",\"name\":\"CVI NOTICIAS\",\"description\":\"\",\"publisher\":{\"@id\":\"https:\\\/\\\/cvinoticias.com\\\/v3\\\/#organization\"},\"alternateName\":\"CVI\",\"potentialAction\":[{\"@type\":\"SearchAction\",\"target\":{\"@type\":\"EntryPoint\",\"urlTemplate\":\"https:\\\/\\\/cvinoticias.com\\\/v3\\\/?s={search_term_string}\"},\"query-input\":{\"@type\":\"PropertyValueSpecification\",\"valueRequired\":true,\"valueName\":\"search_term_string\"}}],\"inLanguage\":\"es\"},{\"@type\":\"Organization\",\"@id\":\"https:\\\/\\\/cvinoticias.com\\\/v3\\\/#organization\",\"name\":\"CVI NOTICIAS\",\"url\":\"https:\\\/\\\/cvinoticias.com\\\/v3\\\/\",\"logo\":{\"@type\":\"ImageObject\",\"inLanguage\":\"es\",\"@id\":\"https:\\\/\\\/cvinoticias.com\\\/v3\\\/#\\\/schema\\\/logo\\\/image\\\/\",\"url\":\"https:\\\/\\\/cvinoticias.com\\\/wp-content\\\/uploads\\\/2023\\\/04\\\/cropped-cropped-cropped-cropped-cropped-3-1.png\",\"contentUrl\":\"https:\\\/\\\/cvinoticias.com\\\/wp-content\\\/uploads\\\/2023\\\/04\\\/cropped-cropped-cropped-cropped-cropped-3-1.png\",\"width\":95,\"height\":122,\"caption\":\"CVI NOTICIAS\"},\"image\":{\"@id\":\"https:\\\/\\\/cvinoticias.com\\\/v3\\\/#\\\/schema\\\/logo\\\/image\\\/\"},\"sameAs\":[\"https:\\\/\\\/www.facebook.com\\\/cvinoticias\",\"https:\\\/\\\/www.instagram.com\\\/cvinoticias\\\/\",\"https:\\\/\\\/www.youtube.com\\\/@CVINOTICIAS\"]},{\"@type\":\"Person\",\"@id\":\"https:\\\/\\\/cvinoticias.com\\\/v3\\\/#\\\/schema\\\/person\\\/2db77e3c6bc03c538495d7b2b8be9b66\",\"name\":\"f1000024\",\"image\":{\"@type\":\"ImageObject\",\"inLanguage\":\"es\",\"@id\":\"https:\\\/\\\/secure.gravatar.com\\\/avatar\\\/d4fe7459cfc51ff5129ce1a732bbef5928568b8092d412ef95611616376bbeed?s=96&d=mm&r=g\",\"url\":\"https:\\\/\\\/secure.gravatar.com\\\/avatar\\\/d4fe7459cfc51ff5129ce1a732bbef5928568b8092d412ef95611616376bbeed?s=96&d=mm&r=g\",\"contentUrl\":\"https:\\\/\\\/secure.gravatar.com\\\/avatar\\\/d4fe7459cfc51ff5129ce1a732bbef5928568b8092d412ef95611616376bbeed?s=96&d=mm&r=g\",\"caption\":\"f1000024\"},\"url\":\"https:\\\/\\\/cvinoticias.com\\\/v3\\\/author\\\/f1000024\\\/\"}]}<\/script>\n<!-- \/ Yoast SEO plugin. -->","yoast_head_json":{"title":"Investigan muerte dudosa en Posadas con tres detenidos | CVI NOTICIAS","description":"Analizan la muerte de un hombre de 84 a\u00f1os y posibles amenazas previas.","robots":{"index":"index","follow":"follow","max-snippet":"max-snippet:-1","max-image-preview":"max-image-preview:large","max-video-preview":"max-video-preview:-1"},"canonical":"https:\/\/cvinoticias.com\/v3\/amenazas-previas-y-tres-detenidos-en-posadas\/","og_locale":"es_ES","og_type":"article","og_title":"Investigan muerte dudosa en Posadas con tres detenidos | CVI NOTICIAS","og_description":"Analizan la muerte de un hombre de 84 a\u00f1os y posibles amenazas previas.","og_url":"https:\/\/cvinoticias.com\/v3\/amenazas-previas-y-tres-detenidos-en-posadas\/","og_site_name":"CVI NOTICIAS","article_publisher":"https:\/\/www.facebook.com\/cvinoticias","article_published_time":"2026-04-29T12:14:50+00:00","article_modified_time":"2026-04-29T12:14:51+00:00","og_image":[{"width":992,"height":662,"url":"https:\/\/cvinoticias.com\/wp-content\/uploads\/2026\/04\/md-4-1.webp","type":"image\/webp"}],"author":"f1000024","twitter_card":"summary_large_image","twitter_misc":{"Escrito por":"f1000024","Tiempo de lectura":"2 minutos"},"schema":{"@context":"https:\/\/schema.org","@graph":[{"@type":"Article","@id":"https:\/\/cvinoticias.com\/v3\/amenazas-previas-y-tres-detenidos-en-posadas\/#article","isPartOf":{"@id":"https:\/\/cvinoticias.com\/v3\/amenazas-previas-y-tres-detenidos-en-posadas\/"},"author":{"name":"f1000024","@id":"https:\/\/cvinoticias.com\/v3\/#\/schema\/person\/2db77e3c6bc03c538495d7b2b8be9b66"},"headline":"Amenazas previas y tres detenidos en Posadas","datePublished":"2026-04-29T12:14:50+00:00","dateModified":"2026-04-29T12:14:51+00:00","mainEntityOfPage":{"@id":"https:\/\/cvinoticias.com\/v3\/amenazas-previas-y-tres-detenidos-en-posadas\/"},"wordCount":420,"commentCount":0,"publisher":{"@id":"https:\/\/cvinoticias.com\/v3\/#organization"},"image":{"@id":"https:\/\/cvinoticias.com\/v3\/amenazas-previas-y-tres-detenidos-en-posadas\/#primaryimage"},"thumbnailUrl":"https:\/\/cvinoticias.com\/wp-content\/uploads\/2026\/04\/md-4-1.webp","keywords":["Amenazas","Detenidos","tres"],"articleSection":["Policiales"],"inLanguage":"es","potentialAction":[{"@type":"CommentAction","name":"Comment","target":["https:\/\/cvinoticias.com\/v3\/amenazas-previas-y-tres-detenidos-en-posadas\/#respond"]}]},{"@type":"WebPage","@id":"https:\/\/cvinoticias.com\/v3\/amenazas-previas-y-tres-detenidos-en-posadas\/","url":"https:\/\/cvinoticias.com\/v3\/amenazas-previas-y-tres-detenidos-en-posadas\/","name":"Investigan muerte dudosa en Posadas con tres detenidos | CVI NOTICIAS","isPartOf":{"@id":"https:\/\/cvinoticias.com\/v3\/#website"},"primaryImageOfPage":{"@id":"https:\/\/cvinoticias.com\/v3\/amenazas-previas-y-tres-detenidos-en-posadas\/#primaryimage"},"image":{"@id":"https:\/\/cvinoticias.com\/v3\/amenazas-previas-y-tres-detenidos-en-posadas\/#primaryimage"},"thumbnailUrl":"https:\/\/cvinoticias.com\/wp-content\/uploads\/2026\/04\/md-4-1.webp","datePublished":"2026-04-29T12:14:50+00:00","dateModified":"2026-04-29T12:14:51+00:00","description":"Analizan la muerte de un hombre de 84 a\u00f1os y posibles amenazas previas.","breadcrumb":{"@id":"https:\/\/cvinoticias.com\/v3\/amenazas-previas-y-tres-detenidos-en-posadas\/#breadcrumb"},"inLanguage":"es","potentialAction":[{"@type":"ReadAction","target":["https:\/\/cvinoticias.com\/v3\/amenazas-previas-y-tres-detenidos-en-posadas\/"]}]},{"@type":"ImageObject","inLanguage":"es","@id":"https:\/\/cvinoticias.com\/v3\/amenazas-previas-y-tres-detenidos-en-posadas\/#primaryimage","url":"https:\/\/cvinoticias.com\/wp-content\/uploads\/2026\/04\/md-4-1.webp","contentUrl":"https:\/\/cvinoticias.com\/wp-content\/uploads\/2026\/04\/md-4-1.webp","width":992,"height":662},{"@type":"BreadcrumbList","@id":"https:\/\/cvinoticias.com\/v3\/amenazas-previas-y-tres-detenidos-en-posadas\/#breadcrumb","itemListElement":[{"@type":"ListItem","position":1,"name":"Portada","item":"https:\/\/cvinoticias.com\/v3\/"},{"@type":"ListItem","position":2,"name":"Amenazas previas y tres detenidos en Posadas"}]},{"@type":"WebSite","@id":"https:\/\/cvinoticias.com\/v3\/#website","url":"https:\/\/cvinoticias.com\/v3\/","name":"CVI NOTICIAS","description":"","publisher":{"@id":"https:\/\/cvinoticias.com\/v3\/#organization"},"alternateName":"CVI","potentialAction":[{"@type":"SearchAction","target":{"@type":"EntryPoint","urlTemplate":"https:\/\/cvinoticias.com\/v3\/?s={search_term_string}"},"query-input":{"@type":"PropertyValueSpecification","valueRequired":true,"valueName":"search_term_string"}}],"inLanguage":"es"},{"@type":"Organization","@id":"https:\/\/cvinoticias.com\/v3\/#organization","name":"CVI NOTICIAS","url":"https:\/\/cvinoticias.com\/v3\/","logo":{"@type":"ImageObject","inLanguage":"es","@id":"https:\/\/cvinoticias.com\/v3\/#\/schema\/logo\/image\/","url":"https:\/\/cvinoticias.com\/wp-content\/uploads\/2023\/04\/cropped-cropped-cropped-cropped-cropped-3-1.png","contentUrl":"https:\/\/cvinoticias.com\/wp-content\/uploads\/2023\/04\/cropped-cropped-cropped-cropped-cropped-3-1.png","width":95,"height":122,"caption":"CVI NOTICIAS"},"image":{"@id":"https:\/\/cvinoticias.com\/v3\/#\/schema\/logo\/image\/"},"sameAs":["https:\/\/www.facebook.com\/cvinoticias","https:\/\/www.instagram.com\/cvinoticias\/","https:\/\/www.youtube.com\/@CVINOTICIAS"]},{"@type":"Person","@id":"https:\/\/cvinoticias.com\/v3\/#\/schema\/person\/2db77e3c6bc03c538495d7b2b8be9b66","name":"f1000024","image":{"@type":"ImageObject","inLanguage":"es","@id":"https:\/\/secure.gravatar.com\/avatar\/d4fe7459cfc51ff5129ce1a732bbef5928568b8092d412ef95611616376bbeed?s=96&d=mm&r=g","url":"https:\/\/secure.gravatar.com\/avatar\/d4fe7459cfc51ff5129ce1a732bbef5928568b8092d412ef95611616376bbeed?s=96&d=mm&r=g","contentUrl":"https:\/\/secure.gravatar.com\/avatar\/d4fe7459cfc51ff5129ce1a732bbef5928568b8092d412ef95611616376bbeed?s=96&d=mm&r=g","caption":"f1000024"},"url":"https:\/\/cvinoticias.com\/v3\/author\/f1000024\/"}]}},"_links":{"self":[{"href":"https:\/\/cvinoticias.com\/v3\/wp-json\/wp\/v2\/posts\/57618","targetHints":{"allow":["GET"]}}],"collection":[{"href":"https:\/\/cvinoticias.com\/v3\/wp-json\/wp\/v2\/posts"}],"about":[{"href":"https:\/\/cvinoticias.com\/v3\/wp-json\/wp\/v2\/types\/post"}],"author":[{"embeddable":true,"href":"https:\/\/cvinoticias.com\/v3\/wp-json\/wp\/v2\/users\/2"}],"replies":[{"embeddable":true,"href":"https:\/\/cvinoticias.com\/v3\/wp-json\/wp\/v2\/comments?post=57618"}],"version-history":[{"count":1,"href":"https:\/\/cvinoticias.com\/v3\/wp-json\/wp\/v2\/posts\/57618\/revisions"}],"predecessor-version":[{"id":57620,"href":"https:\/\/cvinoticias.com\/v3\/wp-json\/wp\/v2\/posts\/57618\/revisions\/57620"}],"wp:featuredmedia":[{"embeddable":true,"href":"https:\/\/cvinoticias.com\/v3\/wp-json\/wp\/v2\/media\/57619"}],"wp:attachment":[{"href":"https:\/\/cvinoticias.com\/v3\/wp-json\/wp\/v2\/media?parent=57618"}],"wp:term":[{"taxonomy":"category","embeddable":true,"href":"https:\/\/cvinoticias.com\/v3\/wp-json\/wp\/v2\/categories?post=57618"},{"taxonomy":"post_tag","embeddable":true,"href":"https:\/\/cvinoticias.com\/v3\/wp-json\/wp\/v2\/tags?post=57618"}],"curies":[{"name":"wp","href":"https:\/\/api.w.org\/{rel}","templated":true}]}}