{"id":57615,"date":"2026-04-29T09:08:29","date_gmt":"2026-04-29T12:08:29","guid":{"rendered":"https:\/\/cvinoticias.com\/v3\/?p=57615"},"modified":"2026-04-29T09:08:30","modified_gmt":"2026-04-29T12:08:30","slug":"tres-detenidos-en-misiones-por-tenencia-y-distribucion-en-operativo-internacional-contra-la-explotacion-sexual-infantil","status":"publish","type":"post","link":"https:\/\/cvinoticias.com\/v3\/tres-detenidos-en-misiones-por-tenencia-y-distribucion-en-operativo-internacional-contra-la-explotacion-sexual-infantil\/","title":{"rendered":"Tres detenidos en Misiones por tenencia y distribuci\u00f3n en operativo internacional contra la explotaci\u00f3n sexual infantil"},"content":{"rendered":"\n<p>Un importante operativo internacional volvi\u00f3 a poner a Misiones en el centro de una investigaci\u00f3n por delitos graves. Este martes 28 de abril, fuerzas de seguridad realizaron cuatro allanamientos simult\u00e1neos en la provincia. Como resultado, detuvieron a tres personas y secuestraron varios dispositivos electr\u00f3nicos que ahora ser\u00e1n analizados por la Justicia.<\/p>\n\n\n\n<p>La causa investiga la tenencia y distribuci\u00f3n de material de abuso sexual infantil, un delito contemplado en el art\u00edculo 128 del C\u00f3digo Penal argentino. Adem\u00e1s, se trata de uno de los il\u00edcitos m\u00e1s sensibles dentro de los ciberdelitos, ya que involucra a menores de edad.<\/p>\n\n\n\n<h3 class=\"wp-block-heading\">Operativos en distintas localidades<\/h3>\n\n\n\n<p>Los procedimientos se llevaron adelante en Leandro N. Alem, Bernardo de Irigoyen y Eldorado. En cada lugar, los agentes incautaron celulares y otros dispositivos de almacenamiento. En uno de los casos, tambi\u00e9n encontraron una peque\u00f1a cantidad de cannabis, por lo que intervino la Justicia Federal.<\/p>\n\n\n\n<p>Seg\u00fan informaron fuentes judiciales, los detenidos son hombres mayores de edad. Ahora quedaron a disposici\u00f3n de la Justicia mientras avanza la investigaci\u00f3n.<\/p>\n\n\n\n<h3 class=\"wp-block-heading\">C\u00f3mo comenz\u00f3 la investigaci\u00f3n<\/h3>\n\n\n\n<p>Por un lado, dos de los casos surgieron a partir de rastreos en redes P2P mediante herramientas especializadas. Estas plataformas permiten detectar direcciones IP vinculadas a la circulaci\u00f3n de este tipo de material.<\/p>\n\n\n\n<p>Por otro lado, los otros expedientes se iniciaron tras reportes de organismos internacionales. Entre ellos se encuentra el National Center for Missing &amp; Exploited Children, que alerta sobre contenidos ilegales en internet.<\/p>\n\n\n\n<p>A partir de esos datos, los investigadores identificaron conexiones con usuarios en Misiones. Adem\u00e1s, detectaron material que involucrar\u00eda a menores de 13 a\u00f1os, lo que elev\u00f3 la gravedad del caso.<\/p>\n\n\n\n<h3 class=\"wp-block-heading\">Un trabajo coordinado a nivel internacional<\/h3>\n\n\n\n<p>El operativo forma parte de \u201cAliados por la Infancia VI\u201d, una acci\u00f3n conjunta que involucra a 16 pa\u00edses. Entre ellos se encuentran Argentina, Brasil, Espa\u00f1a, M\u00e9xico y Colombia, entre otros.<\/p>\n\n\n\n<p>En el pa\u00eds, los procedimientos se replicaron en varias provincias y tambi\u00e9n en la Ciudad Aut\u00f3noma de Buenos Aires. De esta manera, las autoridades buscan desarticular redes que operan a trav\u00e9s de entornos digitales.<\/p>\n\n\n\n<h3 class=\"wp-block-heading\">Lo que sigue en la causa<\/h3>\n\n\n\n<p>Ahora comienza una etapa clave. Los peritos analizar\u00e1n los dispositivos secuestrados para obtener m\u00e1s pruebas. En consecuencia, podr\u00edan surgir nuevas imputaciones o v\u00ednculos con otras redes.<\/p>\n\n\n\n<p>En este tipo de delitos, cada avance resulta fundamental. No solo permite sancionar a los responsables, sino tambi\u00e9n proteger a las v\u00edctimas y evitar nuevas situaciones de abuso.<\/p>\n\n\n\n<p>Fuente: Economis<\/p>\n","protected":false},"excerpt":{"rendered":"<p>Un importante operativo internacional volvi\u00f3 a poner a Misiones en el centro de una investigaci\u00f3n por delitos graves. Este martes 28 de abril, fuerzas de seguridad realizaron cuatro allanamientos simult\u00e1neos en la provincia. Como resultado, detuvieron a tres personas y secuestraron varios dispositivos electr\u00f3nicos que ahora ser\u00e1n analizados por la Justicia. La causa investiga la [&hellip;]<\/p>\n","protected":false},"author":2,"featured_media":57616,"comment_status":"open","ping_status":"closed","sticky":false,"template":"","format":"standard","meta":{"footnotes":""},"categories":[41],"tags":[960,3942,1162,3943,5508],"class_list":["post-57615","post","type-post","status-publish","format-standard","has-post-thumbnail","hentry","category-policiales","tag-detenidos","tag-explotacion","tag-infantil","tag-sexual","tag-tres"],"yoast_head":"<!-- This site is optimized with the Yoast SEO plugin v27.5 - https:\/\/yoast.com\/product\/yoast-seo-wordpress\/ -->\n<title>Tres detenidos en Misiones por tenencia y distribuci\u00f3n en operativo internacional contra la explotaci\u00f3n sexual infantil | CVI NOTICIAS<\/title>\n<meta name=\"robots\" content=\"index, follow, max-snippet:-1, max-image-preview:large, max-video-preview:-1\" \/>\n<link rel=\"canonical\" href=\"https:\/\/cvinoticias.com\/v3\/tres-detenidos-en-misiones-por-tenencia-y-distribucion-en-operativo-internacional-contra-la-explotacion-sexual-infantil\/\" \/>\n<meta property=\"og:locale\" content=\"es_ES\" \/>\n<meta property=\"og:type\" content=\"article\" \/>\n<meta property=\"og:title\" content=\"Tres detenidos en Misiones por tenencia y distribuci\u00f3n en operativo internacional contra la explotaci\u00f3n sexual infantil | CVI NOTICIAS\" \/>\n<meta property=\"og:description\" content=\"Un importante operativo internacional volvi\u00f3 a poner a Misiones en el centro de una investigaci\u00f3n por delitos graves. Este martes 28 de abril, fuerzas de seguridad realizaron cuatro allanamientos simult\u00e1neos en la provincia. Como resultado, detuvieron a tres personas y secuestraron varios dispositivos electr\u00f3nicos que ahora ser\u00e1n analizados por la Justicia. La causa investiga la [&hellip;]\" \/>\n<meta property=\"og:url\" content=\"https:\/\/cvinoticias.com\/v3\/tres-detenidos-en-misiones-por-tenencia-y-distribucion-en-operativo-internacional-contra-la-explotacion-sexual-infantil\/\" \/>\n<meta property=\"og:site_name\" content=\"CVI NOTICIAS\" \/>\n<meta property=\"article:publisher\" content=\"https:\/\/www.facebook.com\/cvinoticias\" \/>\n<meta property=\"article:published_time\" content=\"2026-04-29T12:08:29+00:00\" \/>\n<meta property=\"article:modified_time\" content=\"2026-04-29T12:08:30+00:00\" \/>\n<meta property=\"og:image\" content=\"https:\/\/cvinoticias.com\/wp-content\/uploads\/2026\/04\/alla3.webp\" \/>\n\t<meta property=\"og:image:width\" content=\"1062\" \/>\n\t<meta property=\"og:image:height\" content=\"1600\" \/>\n\t<meta property=\"og:image:type\" content=\"image\/webp\" \/>\n<meta name=\"author\" content=\"f1000024\" \/>\n<meta name=\"twitter:card\" content=\"summary_large_image\" \/>\n<meta name=\"twitter:label1\" content=\"Escrito por\" \/>\n\t<meta name=\"twitter:data1\" content=\"f1000024\" \/>\n\t<meta name=\"twitter:label2\" content=\"Tiempo de lectura\" \/>\n\t<meta name=\"twitter:data2\" content=\"3 minutos\" \/>\n<script type=\"application\/ld+json\" class=\"yoast-schema-graph\">{\"@context\":\"https:\\\/\\\/schema.org\",\"@graph\":[{\"@type\":\"Article\",\"@id\":\"https:\\\/\\\/cvinoticias.com\\\/v3\\\/tres-detenidos-en-misiones-por-tenencia-y-distribucion-en-operativo-internacional-contra-la-explotacion-sexual-infantil\\\/#article\",\"isPartOf\":{\"@id\":\"https:\\\/\\\/cvinoticias.com\\\/v3\\\/tres-detenidos-en-misiones-por-tenencia-y-distribucion-en-operativo-internacional-contra-la-explotacion-sexual-infantil\\\/\"},\"author\":{\"name\":\"f1000024\",\"@id\":\"https:\\\/\\\/cvinoticias.com\\\/v3\\\/#\\\/schema\\\/person\\\/2db77e3c6bc03c538495d7b2b8be9b66\"},\"headline\":\"Tres detenidos en Misiones por tenencia y distribuci\u00f3n en operativo internacional contra la explotaci\u00f3n sexual infantil\",\"datePublished\":\"2026-04-29T12:08:29+00:00\",\"dateModified\":\"2026-04-29T12:08:30+00:00\",\"mainEntityOfPage\":{\"@id\":\"https:\\\/\\\/cvinoticias.com\\\/v3\\\/tres-detenidos-en-misiones-por-tenencia-y-distribucion-en-operativo-internacional-contra-la-explotacion-sexual-infantil\\\/\"},\"wordCount\":448,\"commentCount\":0,\"publisher\":{\"@id\":\"https:\\\/\\\/cvinoticias.com\\\/v3\\\/#organization\"},\"image\":{\"@id\":\"https:\\\/\\\/cvinoticias.com\\\/v3\\\/tres-detenidos-en-misiones-por-tenencia-y-distribucion-en-operativo-internacional-contra-la-explotacion-sexual-infantil\\\/#primaryimage\"},\"thumbnailUrl\":\"https:\\\/\\\/cvinoticias.com\\\/wp-content\\\/uploads\\\/2026\\\/04\\\/alla3.webp\",\"keywords\":[\"Detenidos\",\"Explotaci\u00f3n\",\"Infantil\",\"Sexual\",\"tres\"],\"articleSection\":[\"Policiales\"],\"inLanguage\":\"es\",\"potentialAction\":[{\"@type\":\"CommentAction\",\"name\":\"Comment\",\"target\":[\"https:\\\/\\\/cvinoticias.com\\\/v3\\\/tres-detenidos-en-misiones-por-tenencia-y-distribucion-en-operativo-internacional-contra-la-explotacion-sexual-infantil\\\/#respond\"]}]},{\"@type\":\"WebPage\",\"@id\":\"https:\\\/\\\/cvinoticias.com\\\/v3\\\/tres-detenidos-en-misiones-por-tenencia-y-distribucion-en-operativo-internacional-contra-la-explotacion-sexual-infantil\\\/\",\"url\":\"https:\\\/\\\/cvinoticias.com\\\/v3\\\/tres-detenidos-en-misiones-por-tenencia-y-distribucion-en-operativo-internacional-contra-la-explotacion-sexual-infantil\\\/\",\"name\":\"Tres detenidos en Misiones por tenencia y distribuci\u00f3n en operativo internacional contra la explotaci\u00f3n sexual infantil | CVI NOTICIAS\",\"isPartOf\":{\"@id\":\"https:\\\/\\\/cvinoticias.com\\\/v3\\\/#website\"},\"primaryImageOfPage\":{\"@id\":\"https:\\\/\\\/cvinoticias.com\\\/v3\\\/tres-detenidos-en-misiones-por-tenencia-y-distribucion-en-operativo-internacional-contra-la-explotacion-sexual-infantil\\\/#primaryimage\"},\"image\":{\"@id\":\"https:\\\/\\\/cvinoticias.com\\\/v3\\\/tres-detenidos-en-misiones-por-tenencia-y-distribucion-en-operativo-internacional-contra-la-explotacion-sexual-infantil\\\/#primaryimage\"},\"thumbnailUrl\":\"https:\\\/\\\/cvinoticias.com\\\/wp-content\\\/uploads\\\/2026\\\/04\\\/alla3.webp\",\"datePublished\":\"2026-04-29T12:08:29+00:00\",\"dateModified\":\"2026-04-29T12:08:30+00:00\",\"breadcrumb\":{\"@id\":\"https:\\\/\\\/cvinoticias.com\\\/v3\\\/tres-detenidos-en-misiones-por-tenencia-y-distribucion-en-operativo-internacional-contra-la-explotacion-sexual-infantil\\\/#breadcrumb\"},\"inLanguage\":\"es\",\"potentialAction\":[{\"@type\":\"ReadAction\",\"target\":[\"https:\\\/\\\/cvinoticias.com\\\/v3\\\/tres-detenidos-en-misiones-por-tenencia-y-distribucion-en-operativo-internacional-contra-la-explotacion-sexual-infantil\\\/\"]}]},{\"@type\":\"ImageObject\",\"inLanguage\":\"es\",\"@id\":\"https:\\\/\\\/cvinoticias.com\\\/v3\\\/tres-detenidos-en-misiones-por-tenencia-y-distribucion-en-operativo-internacional-contra-la-explotacion-sexual-infantil\\\/#primaryimage\",\"url\":\"https:\\\/\\\/cvinoticias.com\\\/wp-content\\\/uploads\\\/2026\\\/04\\\/alla3.webp\",\"contentUrl\":\"https:\\\/\\\/cvinoticias.com\\\/wp-content\\\/uploads\\\/2026\\\/04\\\/alla3.webp\",\"width\":1062,\"height\":1600},{\"@type\":\"BreadcrumbList\",\"@id\":\"https:\\\/\\\/cvinoticias.com\\\/v3\\\/tres-detenidos-en-misiones-por-tenencia-y-distribucion-en-operativo-internacional-contra-la-explotacion-sexual-infantil\\\/#breadcrumb\",\"itemListElement\":[{\"@type\":\"ListItem\",\"position\":1,\"name\":\"Portada\",\"item\":\"https:\\\/\\\/cvinoticias.com\\\/v3\\\/\"},{\"@type\":\"ListItem\",\"position\":2,\"name\":\"Tres detenidos en Misiones por tenencia y distribuci\u00f3n en operativo internacional contra la explotaci\u00f3n sexual infantil\"}]},{\"@type\":\"WebSite\",\"@id\":\"https:\\\/\\\/cvinoticias.com\\\/v3\\\/#website\",\"url\":\"https:\\\/\\\/cvinoticias.com\\\/v3\\\/\",\"name\":\"CVI NOTICIAS\",\"description\":\"\",\"publisher\":{\"@id\":\"https:\\\/\\\/cvinoticias.com\\\/v3\\\/#organization\"},\"alternateName\":\"CVI\",\"potentialAction\":[{\"@type\":\"SearchAction\",\"target\":{\"@type\":\"EntryPoint\",\"urlTemplate\":\"https:\\\/\\\/cvinoticias.com\\\/v3\\\/?s={search_term_string}\"},\"query-input\":{\"@type\":\"PropertyValueSpecification\",\"valueRequired\":true,\"valueName\":\"search_term_string\"}}],\"inLanguage\":\"es\"},{\"@type\":\"Organization\",\"@id\":\"https:\\\/\\\/cvinoticias.com\\\/v3\\\/#organization\",\"name\":\"CVI NOTICIAS\",\"url\":\"https:\\\/\\\/cvinoticias.com\\\/v3\\\/\",\"logo\":{\"@type\":\"ImageObject\",\"inLanguage\":\"es\",\"@id\":\"https:\\\/\\\/cvinoticias.com\\\/v3\\\/#\\\/schema\\\/logo\\\/image\\\/\",\"url\":\"https:\\\/\\\/cvinoticias.com\\\/wp-content\\\/uploads\\\/2023\\\/04\\\/cropped-cropped-cropped-cropped-cropped-3-1.png\",\"contentUrl\":\"https:\\\/\\\/cvinoticias.com\\\/wp-content\\\/uploads\\\/2023\\\/04\\\/cropped-cropped-cropped-cropped-cropped-3-1.png\",\"width\":95,\"height\":122,\"caption\":\"CVI NOTICIAS\"},\"image\":{\"@id\":\"https:\\\/\\\/cvinoticias.com\\\/v3\\\/#\\\/schema\\\/logo\\\/image\\\/\"},\"sameAs\":[\"https:\\\/\\\/www.facebook.com\\\/cvinoticias\",\"https:\\\/\\\/www.instagram.com\\\/cvinoticias\\\/\",\"https:\\\/\\\/www.youtube.com\\\/@CVINOTICIAS\"]},{\"@type\":\"Person\",\"@id\":\"https:\\\/\\\/cvinoticias.com\\\/v3\\\/#\\\/schema\\\/person\\\/2db77e3c6bc03c538495d7b2b8be9b66\",\"name\":\"f1000024\",\"image\":{\"@type\":\"ImageObject\",\"inLanguage\":\"es\",\"@id\":\"https:\\\/\\\/secure.gravatar.com\\\/avatar\\\/d4fe7459cfc51ff5129ce1a732bbef5928568b8092d412ef95611616376bbeed?s=96&d=mm&r=g\",\"url\":\"https:\\\/\\\/secure.gravatar.com\\\/avatar\\\/d4fe7459cfc51ff5129ce1a732bbef5928568b8092d412ef95611616376bbeed?s=96&d=mm&r=g\",\"contentUrl\":\"https:\\\/\\\/secure.gravatar.com\\\/avatar\\\/d4fe7459cfc51ff5129ce1a732bbef5928568b8092d412ef95611616376bbeed?s=96&d=mm&r=g\",\"caption\":\"f1000024\"},\"url\":\"https:\\\/\\\/cvinoticias.com\\\/v3\\\/author\\\/f1000024\\\/\"}]}<\/script>\n<!-- \/ Yoast SEO plugin. -->","yoast_head_json":{"title":"Tres detenidos en Misiones por tenencia y distribuci\u00f3n en operativo internacional contra la explotaci\u00f3n sexual infantil | CVI NOTICIAS","robots":{"index":"index","follow":"follow","max-snippet":"max-snippet:-1","max-image-preview":"max-image-preview:large","max-video-preview":"max-video-preview:-1"},"canonical":"https:\/\/cvinoticias.com\/v3\/tres-detenidos-en-misiones-por-tenencia-y-distribucion-en-operativo-internacional-contra-la-explotacion-sexual-infantil\/","og_locale":"es_ES","og_type":"article","og_title":"Tres detenidos en Misiones por tenencia y distribuci\u00f3n en operativo internacional contra la explotaci\u00f3n sexual infantil | CVI NOTICIAS","og_description":"Un importante operativo internacional volvi\u00f3 a poner a Misiones en el centro de una investigaci\u00f3n por delitos graves. Este martes 28 de abril, fuerzas de seguridad realizaron cuatro allanamientos simult\u00e1neos en la provincia. Como resultado, detuvieron a tres personas y secuestraron varios dispositivos electr\u00f3nicos que ahora ser\u00e1n analizados por la Justicia. La causa investiga la [&hellip;]","og_url":"https:\/\/cvinoticias.com\/v3\/tres-detenidos-en-misiones-por-tenencia-y-distribucion-en-operativo-internacional-contra-la-explotacion-sexual-infantil\/","og_site_name":"CVI NOTICIAS","article_publisher":"https:\/\/www.facebook.com\/cvinoticias","article_published_time":"2026-04-29T12:08:29+00:00","article_modified_time":"2026-04-29T12:08:30+00:00","og_image":[{"width":1062,"height":1600,"url":"https:\/\/cvinoticias.com\/wp-content\/uploads\/2026\/04\/alla3.webp","type":"image\/webp"}],"author":"f1000024","twitter_card":"summary_large_image","twitter_misc":{"Escrito por":"f1000024","Tiempo de lectura":"3 minutos"},"schema":{"@context":"https:\/\/schema.org","@graph":[{"@type":"Article","@id":"https:\/\/cvinoticias.com\/v3\/tres-detenidos-en-misiones-por-tenencia-y-distribucion-en-operativo-internacional-contra-la-explotacion-sexual-infantil\/#article","isPartOf":{"@id":"https:\/\/cvinoticias.com\/v3\/tres-detenidos-en-misiones-por-tenencia-y-distribucion-en-operativo-internacional-contra-la-explotacion-sexual-infantil\/"},"author":{"name":"f1000024","@id":"https:\/\/cvinoticias.com\/v3\/#\/schema\/person\/2db77e3c6bc03c538495d7b2b8be9b66"},"headline":"Tres detenidos en Misiones por tenencia y distribuci\u00f3n en operativo internacional contra la explotaci\u00f3n sexual infantil","datePublished":"2026-04-29T12:08:29+00:00","dateModified":"2026-04-29T12:08:30+00:00","mainEntityOfPage":{"@id":"https:\/\/cvinoticias.com\/v3\/tres-detenidos-en-misiones-por-tenencia-y-distribucion-en-operativo-internacional-contra-la-explotacion-sexual-infantil\/"},"wordCount":448,"commentCount":0,"publisher":{"@id":"https:\/\/cvinoticias.com\/v3\/#organization"},"image":{"@id":"https:\/\/cvinoticias.com\/v3\/tres-detenidos-en-misiones-por-tenencia-y-distribucion-en-operativo-internacional-contra-la-explotacion-sexual-infantil\/#primaryimage"},"thumbnailUrl":"https:\/\/cvinoticias.com\/wp-content\/uploads\/2026\/04\/alla3.webp","keywords":["Detenidos","Explotaci\u00f3n","Infantil","Sexual","tres"],"articleSection":["Policiales"],"inLanguage":"es","potentialAction":[{"@type":"CommentAction","name":"Comment","target":["https:\/\/cvinoticias.com\/v3\/tres-detenidos-en-misiones-por-tenencia-y-distribucion-en-operativo-internacional-contra-la-explotacion-sexual-infantil\/#respond"]}]},{"@type":"WebPage","@id":"https:\/\/cvinoticias.com\/v3\/tres-detenidos-en-misiones-por-tenencia-y-distribucion-en-operativo-internacional-contra-la-explotacion-sexual-infantil\/","url":"https:\/\/cvinoticias.com\/v3\/tres-detenidos-en-misiones-por-tenencia-y-distribucion-en-operativo-internacional-contra-la-explotacion-sexual-infantil\/","name":"Tres detenidos en Misiones por tenencia y distribuci\u00f3n en operativo internacional contra la explotaci\u00f3n sexual infantil | CVI NOTICIAS","isPartOf":{"@id":"https:\/\/cvinoticias.com\/v3\/#website"},"primaryImageOfPage":{"@id":"https:\/\/cvinoticias.com\/v3\/tres-detenidos-en-misiones-por-tenencia-y-distribucion-en-operativo-internacional-contra-la-explotacion-sexual-infantil\/#primaryimage"},"image":{"@id":"https:\/\/cvinoticias.com\/v3\/tres-detenidos-en-misiones-por-tenencia-y-distribucion-en-operativo-internacional-contra-la-explotacion-sexual-infantil\/#primaryimage"},"thumbnailUrl":"https:\/\/cvinoticias.com\/wp-content\/uploads\/2026\/04\/alla3.webp","datePublished":"2026-04-29T12:08:29+00:00","dateModified":"2026-04-29T12:08:30+00:00","breadcrumb":{"@id":"https:\/\/cvinoticias.com\/v3\/tres-detenidos-en-misiones-por-tenencia-y-distribucion-en-operativo-internacional-contra-la-explotacion-sexual-infantil\/#breadcrumb"},"inLanguage":"es","potentialAction":[{"@type":"ReadAction","target":["https:\/\/cvinoticias.com\/v3\/tres-detenidos-en-misiones-por-tenencia-y-distribucion-en-operativo-internacional-contra-la-explotacion-sexual-infantil\/"]}]},{"@type":"ImageObject","inLanguage":"es","@id":"https:\/\/cvinoticias.com\/v3\/tres-detenidos-en-misiones-por-tenencia-y-distribucion-en-operativo-internacional-contra-la-explotacion-sexual-infantil\/#primaryimage","url":"https:\/\/cvinoticias.com\/wp-content\/uploads\/2026\/04\/alla3.webp","contentUrl":"https:\/\/cvinoticias.com\/wp-content\/uploads\/2026\/04\/alla3.webp","width":1062,"height":1600},{"@type":"BreadcrumbList","@id":"https:\/\/cvinoticias.com\/v3\/tres-detenidos-en-misiones-por-tenencia-y-distribucion-en-operativo-internacional-contra-la-explotacion-sexual-infantil\/#breadcrumb","itemListElement":[{"@type":"ListItem","position":1,"name":"Portada","item":"https:\/\/cvinoticias.com\/v3\/"},{"@type":"ListItem","position":2,"name":"Tres detenidos en Misiones por tenencia y distribuci\u00f3n en operativo internacional contra la explotaci\u00f3n sexual infantil"}]},{"@type":"WebSite","@id":"https:\/\/cvinoticias.com\/v3\/#website","url":"https:\/\/cvinoticias.com\/v3\/","name":"CVI NOTICIAS","description":"","publisher":{"@id":"https:\/\/cvinoticias.com\/v3\/#organization"},"alternateName":"CVI","potentialAction":[{"@type":"SearchAction","target":{"@type":"EntryPoint","urlTemplate":"https:\/\/cvinoticias.com\/v3\/?s={search_term_string}"},"query-input":{"@type":"PropertyValueSpecification","valueRequired":true,"valueName":"search_term_string"}}],"inLanguage":"es"},{"@type":"Organization","@id":"https:\/\/cvinoticias.com\/v3\/#organization","name":"CVI NOTICIAS","url":"https:\/\/cvinoticias.com\/v3\/","logo":{"@type":"ImageObject","inLanguage":"es","@id":"https:\/\/cvinoticias.com\/v3\/#\/schema\/logo\/image\/","url":"https:\/\/cvinoticias.com\/wp-content\/uploads\/2023\/04\/cropped-cropped-cropped-cropped-cropped-3-1.png","contentUrl":"https:\/\/cvinoticias.com\/wp-content\/uploads\/2023\/04\/cropped-cropped-cropped-cropped-cropped-3-1.png","width":95,"height":122,"caption":"CVI NOTICIAS"},"image":{"@id":"https:\/\/cvinoticias.com\/v3\/#\/schema\/logo\/image\/"},"sameAs":["https:\/\/www.facebook.com\/cvinoticias","https:\/\/www.instagram.com\/cvinoticias\/","https:\/\/www.youtube.com\/@CVINOTICIAS"]},{"@type":"Person","@id":"https:\/\/cvinoticias.com\/v3\/#\/schema\/person\/2db77e3c6bc03c538495d7b2b8be9b66","name":"f1000024","image":{"@type":"ImageObject","inLanguage":"es","@id":"https:\/\/secure.gravatar.com\/avatar\/d4fe7459cfc51ff5129ce1a732bbef5928568b8092d412ef95611616376bbeed?s=96&d=mm&r=g","url":"https:\/\/secure.gravatar.com\/avatar\/d4fe7459cfc51ff5129ce1a732bbef5928568b8092d412ef95611616376bbeed?s=96&d=mm&r=g","contentUrl":"https:\/\/secure.gravatar.com\/avatar\/d4fe7459cfc51ff5129ce1a732bbef5928568b8092d412ef95611616376bbeed?s=96&d=mm&r=g","caption":"f1000024"},"url":"https:\/\/cvinoticias.com\/v3\/author\/f1000024\/"}]}},"_links":{"self":[{"href":"https:\/\/cvinoticias.com\/v3\/wp-json\/wp\/v2\/posts\/57615","targetHints":{"allow":["GET"]}}],"collection":[{"href":"https:\/\/cvinoticias.com\/v3\/wp-json\/wp\/v2\/posts"}],"about":[{"href":"https:\/\/cvinoticias.com\/v3\/wp-json\/wp\/v2\/types\/post"}],"author":[{"embeddable":true,"href":"https:\/\/cvinoticias.com\/v3\/wp-json\/wp\/v2\/users\/2"}],"replies":[{"embeddable":true,"href":"https:\/\/cvinoticias.com\/v3\/wp-json\/wp\/v2\/comments?post=57615"}],"version-history":[{"count":1,"href":"https:\/\/cvinoticias.com\/v3\/wp-json\/wp\/v2\/posts\/57615\/revisions"}],"predecessor-version":[{"id":57617,"href":"https:\/\/cvinoticias.com\/v3\/wp-json\/wp\/v2\/posts\/57615\/revisions\/57617"}],"wp:featuredmedia":[{"embeddable":true,"href":"https:\/\/cvinoticias.com\/v3\/wp-json\/wp\/v2\/media\/57616"}],"wp:attachment":[{"href":"https:\/\/cvinoticias.com\/v3\/wp-json\/wp\/v2\/media?parent=57615"}],"wp:term":[{"taxonomy":"category","embeddable":true,"href":"https:\/\/cvinoticias.com\/v3\/wp-json\/wp\/v2\/categories?post=57615"},{"taxonomy":"post_tag","embeddable":true,"href":"https:\/\/cvinoticias.com\/v3\/wp-json\/wp\/v2\/tags?post=57615"}],"curies":[{"name":"wp","href":"https:\/\/api.w.org\/{rel}","templated":true}]}}