{"id":57612,"date":"2026-04-29T09:03:41","date_gmt":"2026-04-29T12:03:41","guid":{"rendered":"https:\/\/cvinoticias.com\/v3\/?p=57612"},"modified":"2026-04-29T09:03:42","modified_gmt":"2026-04-29T12:03:42","slug":"dia-del-animal-una-jornada-para-promover-el-cuidado-y-la-tenencia-responsable","status":"publish","type":"post","link":"https:\/\/cvinoticias.com\/v3\/dia-del-animal-una-jornada-para-promover-el-cuidado-y-la-tenencia-responsable\/","title":{"rendered":"D\u00eda del Animal: una jornada para promover el cuidado y la tenencia responsable"},"content":{"rendered":"\n<p>Cada 29 de abril se conmemora en la Argentina el D\u00eda del Animal, una fecha destinada a generar conciencia sobre la importancia del respeto, la protecci\u00f3n y el bienestar de todas las especies. La jornada invita a reflexionar sobre el v\u00ednculo entre las personas y los animales, as\u00ed como tambi\u00e9n sobre las responsabilidades que implica su cuidado.<\/p>\n\n\n\n<p>La elecci\u00f3n de la fecha recuerda el fallecimiento de Ignacio Lucas Albarrac\u00edn, referente hist\u00f3rico en la defensa de los derechos de los animales y uno de los principales impulsores de la legislaci\u00f3n que proh\u00edbe el maltrato en el pa\u00eds. Su legado sigue vigente en las campa\u00f1as de concientizaci\u00f3n que se desarrollan a lo largo del territorio nacional.<\/p>\n\n\n\n<h3 class=\"wp-block-heading\">Tenencia responsable y prevenci\u00f3n<\/h3>\n\n\n\n<p>En este marco, especialistas y organizaciones destacan la importancia de la tenencia responsable de mascotas. Esto incluye garantizar una alimentaci\u00f3n adecuada, controles veterinarios peri\u00f3dicos, vacunaci\u00f3n al d\u00eda y espacios seguros para su desarrollo. Adem\u00e1s, se insiste en la necesidad de la esterilizaci\u00f3n como herramienta clave para evitar la sobrepoblaci\u00f3n.<\/p>\n\n\n\n<p>El abandono contin\u00faa siendo una de las principales problem\u00e1ticas, por lo que se promueve la adopci\u00f3n responsable en lugar de la compra de animales. Tambi\u00e9n se remarca el rol fundamental de la educaci\u00f3n desde edades tempranas para fomentar el respeto hacia todas las formas de vida.<\/p>\n\n\n\n<h3 class=\"wp-block-heading\">Un compromiso social<\/h3>\n\n\n\n<p>A lo largo del pa\u00eds, distintas instituciones y grupos proteccionistas realizan actividades, campa\u00f1as solidarias y jornadas de atenci\u00f3n gratuita para animales dom\u00e9sticos. Estas acciones buscan acercar servicios a la comunidad y fortalecer el compromiso social en torno al bienestar animal.<\/p>\n\n\n\n<p>El D\u00eda del Animal no solo pone el foco en las mascotas, sino tambi\u00e9n en la necesidad de preservar la fauna silvestre y sus h\u00e1bitats. En ese sentido, se recuerda que el cuidado del ambiente resulta fundamental para garantizar la vida de todas las especies.<\/p>\n\n\n\n<p>La fecha, en definitiva, se presenta como una oportunidad para reforzar valores de respeto, empat\u00eda y responsabilidad, promoviendo una convivencia m\u00e1s arm\u00f3nica entre humanos y animales.<\/p>\n","protected":false},"excerpt":{"rendered":"<p>Cada 29 de abril se conmemora en la Argentina el D\u00eda del Animal, una fecha destinada a generar conciencia sobre la importancia del respeto, la protecci\u00f3n y el bienestar de todas las especies. La jornada invita a reflexionar sobre el v\u00ednculo entre las personas y los animales, as\u00ed como tambi\u00e9n sobre las responsabilidades que implica [&hellip;]<\/p>\n","protected":false},"author":2,"featured_media":57613,"comment_status":"open","ping_status":"closed","sticky":false,"template":"","format":"standard","meta":{"footnotes":""},"categories":[442],"tags":[5873,4849,2136,554],"class_list":["post-57612","post","type-post","status-publish","format-standard","has-post-thumbnail","hentry","category-efemerides-2","tag-5873","tag-abril","tag-animal","tag-dia"],"yoast_head":"<!-- This site is optimized with the Yoast SEO plugin v27.5 - https:\/\/yoast.com\/product\/yoast-seo-wordpress\/ -->\n<title>D\u00eda del Animal en Argentina: cuidado y concientizaci\u00f3n | CVI NOTICIAS<\/title>\n<meta name=\"description\" content=\"Promueven el respeto y la tenencia responsable de animales.\" \/>\n<meta name=\"robots\" content=\"index, follow, max-snippet:-1, max-image-preview:large, max-video-preview:-1\" \/>\n<link rel=\"canonical\" href=\"https:\/\/cvinoticias.com\/v3\/dia-del-animal-una-jornada-para-promover-el-cuidado-y-la-tenencia-responsable\/\" \/>\n<meta property=\"og:locale\" content=\"es_ES\" \/>\n<meta property=\"og:type\" content=\"article\" \/>\n<meta property=\"og:title\" content=\"D\u00eda del Animal en Argentina: cuidado y concientizaci\u00f3n | CVI NOTICIAS\" \/>\n<meta property=\"og:description\" content=\"Promueven el respeto y la tenencia responsable de animales.\" \/>\n<meta property=\"og:url\" content=\"https:\/\/cvinoticias.com\/v3\/dia-del-animal-una-jornada-para-promover-el-cuidado-y-la-tenencia-responsable\/\" \/>\n<meta property=\"og:site_name\" content=\"CVI NOTICIAS\" \/>\n<meta property=\"article:publisher\" content=\"https:\/\/www.facebook.com\/cvinoticias\" \/>\n<meta property=\"article:published_time\" content=\"2026-04-29T12:03:41+00:00\" \/>\n<meta property=\"article:modified_time\" content=\"2026-04-29T12:03:42+00:00\" \/>\n<meta property=\"og:image\" content=\"https:\/\/cvinoticias.com\/wp-content\/uploads\/2026\/04\/yaguarete.jpg\" \/>\n\t<meta property=\"og:image:width\" content=\"1920\" \/>\n\t<meta property=\"og:image:height\" content=\"1159\" \/>\n\t<meta property=\"og:image:type\" content=\"image\/jpeg\" \/>\n<meta name=\"author\" content=\"f1000024\" \/>\n<meta name=\"twitter:card\" content=\"summary_large_image\" \/>\n<meta name=\"twitter:label1\" content=\"Escrito por\" \/>\n\t<meta name=\"twitter:data1\" content=\"f1000024\" \/>\n\t<meta name=\"twitter:label2\" content=\"Tiempo de lectura\" \/>\n\t<meta name=\"twitter:data2\" content=\"2 minutos\" \/>\n<script type=\"application\/ld+json\" class=\"yoast-schema-graph\">{\"@context\":\"https:\\\/\\\/schema.org\",\"@graph\":[{\"@type\":\"Article\",\"@id\":\"https:\\\/\\\/cvinoticias.com\\\/v3\\\/dia-del-animal-una-jornada-para-promover-el-cuidado-y-la-tenencia-responsable\\\/#article\",\"isPartOf\":{\"@id\":\"https:\\\/\\\/cvinoticias.com\\\/v3\\\/dia-del-animal-una-jornada-para-promover-el-cuidado-y-la-tenencia-responsable\\\/\"},\"author\":{\"name\":\"f1000024\",\"@id\":\"https:\\\/\\\/cvinoticias.com\\\/v3\\\/#\\\/schema\\\/person\\\/2db77e3c6bc03c538495d7b2b8be9b66\"},\"headline\":\"D\u00eda del Animal: una jornada para promover el cuidado y la tenencia responsable\",\"datePublished\":\"2026-04-29T12:03:41+00:00\",\"dateModified\":\"2026-04-29T12:03:42+00:00\",\"mainEntityOfPage\":{\"@id\":\"https:\\\/\\\/cvinoticias.com\\\/v3\\\/dia-del-animal-una-jornada-para-promover-el-cuidado-y-la-tenencia-responsable\\\/\"},\"wordCount\":375,\"commentCount\":0,\"publisher\":{\"@id\":\"https:\\\/\\\/cvinoticias.com\\\/v3\\\/#organization\"},\"image\":{\"@id\":\"https:\\\/\\\/cvinoticias.com\\\/v3\\\/dia-del-animal-una-jornada-para-promover-el-cuidado-y-la-tenencia-responsable\\\/#primaryimage\"},\"thumbnailUrl\":\"https:\\\/\\\/cvinoticias.com\\\/wp-content\\\/uploads\\\/2026\\\/04\\\/yaguarete.jpg\",\"keywords\":[\"29\",\"abril\",\"Animal\",\"D\u00eda\"],\"articleSection\":[\"EFEMERIDES\"],\"inLanguage\":\"es\",\"potentialAction\":[{\"@type\":\"CommentAction\",\"name\":\"Comment\",\"target\":[\"https:\\\/\\\/cvinoticias.com\\\/v3\\\/dia-del-animal-una-jornada-para-promover-el-cuidado-y-la-tenencia-responsable\\\/#respond\"]}]},{\"@type\":\"WebPage\",\"@id\":\"https:\\\/\\\/cvinoticias.com\\\/v3\\\/dia-del-animal-una-jornada-para-promover-el-cuidado-y-la-tenencia-responsable\\\/\",\"url\":\"https:\\\/\\\/cvinoticias.com\\\/v3\\\/dia-del-animal-una-jornada-para-promover-el-cuidado-y-la-tenencia-responsable\\\/\",\"name\":\"D\u00eda del Animal en Argentina: cuidado y concientizaci\u00f3n | CVI NOTICIAS\",\"isPartOf\":{\"@id\":\"https:\\\/\\\/cvinoticias.com\\\/v3\\\/#website\"},\"primaryImageOfPage\":{\"@id\":\"https:\\\/\\\/cvinoticias.com\\\/v3\\\/dia-del-animal-una-jornada-para-promover-el-cuidado-y-la-tenencia-responsable\\\/#primaryimage\"},\"image\":{\"@id\":\"https:\\\/\\\/cvinoticias.com\\\/v3\\\/dia-del-animal-una-jornada-para-promover-el-cuidado-y-la-tenencia-responsable\\\/#primaryimage\"},\"thumbnailUrl\":\"https:\\\/\\\/cvinoticias.com\\\/wp-content\\\/uploads\\\/2026\\\/04\\\/yaguarete.jpg\",\"datePublished\":\"2026-04-29T12:03:41+00:00\",\"dateModified\":\"2026-04-29T12:03:42+00:00\",\"description\":\"Promueven el respeto y la tenencia responsable de animales.\",\"breadcrumb\":{\"@id\":\"https:\\\/\\\/cvinoticias.com\\\/v3\\\/dia-del-animal-una-jornada-para-promover-el-cuidado-y-la-tenencia-responsable\\\/#breadcrumb\"},\"inLanguage\":\"es\",\"potentialAction\":[{\"@type\":\"ReadAction\",\"target\":[\"https:\\\/\\\/cvinoticias.com\\\/v3\\\/dia-del-animal-una-jornada-para-promover-el-cuidado-y-la-tenencia-responsable\\\/\"]}]},{\"@type\":\"ImageObject\",\"inLanguage\":\"es\",\"@id\":\"https:\\\/\\\/cvinoticias.com\\\/v3\\\/dia-del-animal-una-jornada-para-promover-el-cuidado-y-la-tenencia-responsable\\\/#primaryimage\",\"url\":\"https:\\\/\\\/cvinoticias.com\\\/wp-content\\\/uploads\\\/2026\\\/04\\\/yaguarete.jpg\",\"contentUrl\":\"https:\\\/\\\/cvinoticias.com\\\/wp-content\\\/uploads\\\/2026\\\/04\\\/yaguarete.jpg\",\"width\":1920,\"height\":1159},{\"@type\":\"BreadcrumbList\",\"@id\":\"https:\\\/\\\/cvinoticias.com\\\/v3\\\/dia-del-animal-una-jornada-para-promover-el-cuidado-y-la-tenencia-responsable\\\/#breadcrumb\",\"itemListElement\":[{\"@type\":\"ListItem\",\"position\":1,\"name\":\"Portada\",\"item\":\"https:\\\/\\\/cvinoticias.com\\\/v3\\\/\"},{\"@type\":\"ListItem\",\"position\":2,\"name\":\"D\u00eda del Animal: una jornada para promover el cuidado y la tenencia responsable\"}]},{\"@type\":\"WebSite\",\"@id\":\"https:\\\/\\\/cvinoticias.com\\\/v3\\\/#website\",\"url\":\"https:\\\/\\\/cvinoticias.com\\\/v3\\\/\",\"name\":\"CVI NOTICIAS\",\"description\":\"\",\"publisher\":{\"@id\":\"https:\\\/\\\/cvinoticias.com\\\/v3\\\/#organization\"},\"alternateName\":\"CVI\",\"potentialAction\":[{\"@type\":\"SearchAction\",\"target\":{\"@type\":\"EntryPoint\",\"urlTemplate\":\"https:\\\/\\\/cvinoticias.com\\\/v3\\\/?s={search_term_string}\"},\"query-input\":{\"@type\":\"PropertyValueSpecification\",\"valueRequired\":true,\"valueName\":\"search_term_string\"}}],\"inLanguage\":\"es\"},{\"@type\":\"Organization\",\"@id\":\"https:\\\/\\\/cvinoticias.com\\\/v3\\\/#organization\",\"name\":\"CVI NOTICIAS\",\"url\":\"https:\\\/\\\/cvinoticias.com\\\/v3\\\/\",\"logo\":{\"@type\":\"ImageObject\",\"inLanguage\":\"es\",\"@id\":\"https:\\\/\\\/cvinoticias.com\\\/v3\\\/#\\\/schema\\\/logo\\\/image\\\/\",\"url\":\"https:\\\/\\\/cvinoticias.com\\\/wp-content\\\/uploads\\\/2023\\\/04\\\/cropped-cropped-cropped-cropped-cropped-3-1.png\",\"contentUrl\":\"https:\\\/\\\/cvinoticias.com\\\/wp-content\\\/uploads\\\/2023\\\/04\\\/cropped-cropped-cropped-cropped-cropped-3-1.png\",\"width\":95,\"height\":122,\"caption\":\"CVI NOTICIAS\"},\"image\":{\"@id\":\"https:\\\/\\\/cvinoticias.com\\\/v3\\\/#\\\/schema\\\/logo\\\/image\\\/\"},\"sameAs\":[\"https:\\\/\\\/www.facebook.com\\\/cvinoticias\",\"https:\\\/\\\/www.instagram.com\\\/cvinoticias\\\/\",\"https:\\\/\\\/www.youtube.com\\\/@CVINOTICIAS\"]},{\"@type\":\"Person\",\"@id\":\"https:\\\/\\\/cvinoticias.com\\\/v3\\\/#\\\/schema\\\/person\\\/2db77e3c6bc03c538495d7b2b8be9b66\",\"name\":\"f1000024\",\"image\":{\"@type\":\"ImageObject\",\"inLanguage\":\"es\",\"@id\":\"https:\\\/\\\/secure.gravatar.com\\\/avatar\\\/d4fe7459cfc51ff5129ce1a732bbef5928568b8092d412ef95611616376bbeed?s=96&d=mm&r=g\",\"url\":\"https:\\\/\\\/secure.gravatar.com\\\/avatar\\\/d4fe7459cfc51ff5129ce1a732bbef5928568b8092d412ef95611616376bbeed?s=96&d=mm&r=g\",\"contentUrl\":\"https:\\\/\\\/secure.gravatar.com\\\/avatar\\\/d4fe7459cfc51ff5129ce1a732bbef5928568b8092d412ef95611616376bbeed?s=96&d=mm&r=g\",\"caption\":\"f1000024\"},\"url\":\"https:\\\/\\\/cvinoticias.com\\\/v3\\\/author\\\/f1000024\\\/\"}]}<\/script>\n<!-- \/ Yoast SEO plugin. -->","yoast_head_json":{"title":"D\u00eda del Animal en Argentina: cuidado y concientizaci\u00f3n | CVI NOTICIAS","description":"Promueven el respeto y la tenencia responsable de animales.","robots":{"index":"index","follow":"follow","max-snippet":"max-snippet:-1","max-image-preview":"max-image-preview:large","max-video-preview":"max-video-preview:-1"},"canonical":"https:\/\/cvinoticias.com\/v3\/dia-del-animal-una-jornada-para-promover-el-cuidado-y-la-tenencia-responsable\/","og_locale":"es_ES","og_type":"article","og_title":"D\u00eda del Animal en Argentina: cuidado y concientizaci\u00f3n | CVI NOTICIAS","og_description":"Promueven el respeto y la tenencia responsable de animales.","og_url":"https:\/\/cvinoticias.com\/v3\/dia-del-animal-una-jornada-para-promover-el-cuidado-y-la-tenencia-responsable\/","og_site_name":"CVI NOTICIAS","article_publisher":"https:\/\/www.facebook.com\/cvinoticias","article_published_time":"2026-04-29T12:03:41+00:00","article_modified_time":"2026-04-29T12:03:42+00:00","og_image":[{"width":1920,"height":1159,"url":"https:\/\/cvinoticias.com\/wp-content\/uploads\/2026\/04\/yaguarete.jpg","type":"image\/jpeg"}],"author":"f1000024","twitter_card":"summary_large_image","twitter_misc":{"Escrito por":"f1000024","Tiempo de lectura":"2 minutos"},"schema":{"@context":"https:\/\/schema.org","@graph":[{"@type":"Article","@id":"https:\/\/cvinoticias.com\/v3\/dia-del-animal-una-jornada-para-promover-el-cuidado-y-la-tenencia-responsable\/#article","isPartOf":{"@id":"https:\/\/cvinoticias.com\/v3\/dia-del-animal-una-jornada-para-promover-el-cuidado-y-la-tenencia-responsable\/"},"author":{"name":"f1000024","@id":"https:\/\/cvinoticias.com\/v3\/#\/schema\/person\/2db77e3c6bc03c538495d7b2b8be9b66"},"headline":"D\u00eda del Animal: una jornada para promover el cuidado y la tenencia responsable","datePublished":"2026-04-29T12:03:41+00:00","dateModified":"2026-04-29T12:03:42+00:00","mainEntityOfPage":{"@id":"https:\/\/cvinoticias.com\/v3\/dia-del-animal-una-jornada-para-promover-el-cuidado-y-la-tenencia-responsable\/"},"wordCount":375,"commentCount":0,"publisher":{"@id":"https:\/\/cvinoticias.com\/v3\/#organization"},"image":{"@id":"https:\/\/cvinoticias.com\/v3\/dia-del-animal-una-jornada-para-promover-el-cuidado-y-la-tenencia-responsable\/#primaryimage"},"thumbnailUrl":"https:\/\/cvinoticias.com\/wp-content\/uploads\/2026\/04\/yaguarete.jpg","keywords":["29","abril","Animal","D\u00eda"],"articleSection":["EFEMERIDES"],"inLanguage":"es","potentialAction":[{"@type":"CommentAction","name":"Comment","target":["https:\/\/cvinoticias.com\/v3\/dia-del-animal-una-jornada-para-promover-el-cuidado-y-la-tenencia-responsable\/#respond"]}]},{"@type":"WebPage","@id":"https:\/\/cvinoticias.com\/v3\/dia-del-animal-una-jornada-para-promover-el-cuidado-y-la-tenencia-responsable\/","url":"https:\/\/cvinoticias.com\/v3\/dia-del-animal-una-jornada-para-promover-el-cuidado-y-la-tenencia-responsable\/","name":"D\u00eda del Animal en Argentina: cuidado y concientizaci\u00f3n | CVI NOTICIAS","isPartOf":{"@id":"https:\/\/cvinoticias.com\/v3\/#website"},"primaryImageOfPage":{"@id":"https:\/\/cvinoticias.com\/v3\/dia-del-animal-una-jornada-para-promover-el-cuidado-y-la-tenencia-responsable\/#primaryimage"},"image":{"@id":"https:\/\/cvinoticias.com\/v3\/dia-del-animal-una-jornada-para-promover-el-cuidado-y-la-tenencia-responsable\/#primaryimage"},"thumbnailUrl":"https:\/\/cvinoticias.com\/wp-content\/uploads\/2026\/04\/yaguarete.jpg","datePublished":"2026-04-29T12:03:41+00:00","dateModified":"2026-04-29T12:03:42+00:00","description":"Promueven el respeto y la tenencia responsable de animales.","breadcrumb":{"@id":"https:\/\/cvinoticias.com\/v3\/dia-del-animal-una-jornada-para-promover-el-cuidado-y-la-tenencia-responsable\/#breadcrumb"},"inLanguage":"es","potentialAction":[{"@type":"ReadAction","target":["https:\/\/cvinoticias.com\/v3\/dia-del-animal-una-jornada-para-promover-el-cuidado-y-la-tenencia-responsable\/"]}]},{"@type":"ImageObject","inLanguage":"es","@id":"https:\/\/cvinoticias.com\/v3\/dia-del-animal-una-jornada-para-promover-el-cuidado-y-la-tenencia-responsable\/#primaryimage","url":"https:\/\/cvinoticias.com\/wp-content\/uploads\/2026\/04\/yaguarete.jpg","contentUrl":"https:\/\/cvinoticias.com\/wp-content\/uploads\/2026\/04\/yaguarete.jpg","width":1920,"height":1159},{"@type":"BreadcrumbList","@id":"https:\/\/cvinoticias.com\/v3\/dia-del-animal-una-jornada-para-promover-el-cuidado-y-la-tenencia-responsable\/#breadcrumb","itemListElement":[{"@type":"ListItem","position":1,"name":"Portada","item":"https:\/\/cvinoticias.com\/v3\/"},{"@type":"ListItem","position":2,"name":"D\u00eda del Animal: una jornada para promover el cuidado y la tenencia responsable"}]},{"@type":"WebSite","@id":"https:\/\/cvinoticias.com\/v3\/#website","url":"https:\/\/cvinoticias.com\/v3\/","name":"CVI NOTICIAS","description":"","publisher":{"@id":"https:\/\/cvinoticias.com\/v3\/#organization"},"alternateName":"CVI","potentialAction":[{"@type":"SearchAction","target":{"@type":"EntryPoint","urlTemplate":"https:\/\/cvinoticias.com\/v3\/?s={search_term_string}"},"query-input":{"@type":"PropertyValueSpecification","valueRequired":true,"valueName":"search_term_string"}}],"inLanguage":"es"},{"@type":"Organization","@id":"https:\/\/cvinoticias.com\/v3\/#organization","name":"CVI NOTICIAS","url":"https:\/\/cvinoticias.com\/v3\/","logo":{"@type":"ImageObject","inLanguage":"es","@id":"https:\/\/cvinoticias.com\/v3\/#\/schema\/logo\/image\/","url":"https:\/\/cvinoticias.com\/wp-content\/uploads\/2023\/04\/cropped-cropped-cropped-cropped-cropped-3-1.png","contentUrl":"https:\/\/cvinoticias.com\/wp-content\/uploads\/2023\/04\/cropped-cropped-cropped-cropped-cropped-3-1.png","width":95,"height":122,"caption":"CVI NOTICIAS"},"image":{"@id":"https:\/\/cvinoticias.com\/v3\/#\/schema\/logo\/image\/"},"sameAs":["https:\/\/www.facebook.com\/cvinoticias","https:\/\/www.instagram.com\/cvinoticias\/","https:\/\/www.youtube.com\/@CVINOTICIAS"]},{"@type":"Person","@id":"https:\/\/cvinoticias.com\/v3\/#\/schema\/person\/2db77e3c6bc03c538495d7b2b8be9b66","name":"f1000024","image":{"@type":"ImageObject","inLanguage":"es","@id":"https:\/\/secure.gravatar.com\/avatar\/d4fe7459cfc51ff5129ce1a732bbef5928568b8092d412ef95611616376bbeed?s=96&d=mm&r=g","url":"https:\/\/secure.gravatar.com\/avatar\/d4fe7459cfc51ff5129ce1a732bbef5928568b8092d412ef95611616376bbeed?s=96&d=mm&r=g","contentUrl":"https:\/\/secure.gravatar.com\/avatar\/d4fe7459cfc51ff5129ce1a732bbef5928568b8092d412ef95611616376bbeed?s=96&d=mm&r=g","caption":"f1000024"},"url":"https:\/\/cvinoticias.com\/v3\/author\/f1000024\/"}]}},"_links":{"self":[{"href":"https:\/\/cvinoticias.com\/v3\/wp-json\/wp\/v2\/posts\/57612","targetHints":{"allow":["GET"]}}],"collection":[{"href":"https:\/\/cvinoticias.com\/v3\/wp-json\/wp\/v2\/posts"}],"about":[{"href":"https:\/\/cvinoticias.com\/v3\/wp-json\/wp\/v2\/types\/post"}],"author":[{"embeddable":true,"href":"https:\/\/cvinoticias.com\/v3\/wp-json\/wp\/v2\/users\/2"}],"replies":[{"embeddable":true,"href":"https:\/\/cvinoticias.com\/v3\/wp-json\/wp\/v2\/comments?post=57612"}],"version-history":[{"count":1,"href":"https:\/\/cvinoticias.com\/v3\/wp-json\/wp\/v2\/posts\/57612\/revisions"}],"predecessor-version":[{"id":57614,"href":"https:\/\/cvinoticias.com\/v3\/wp-json\/wp\/v2\/posts\/57612\/revisions\/57614"}],"wp:featuredmedia":[{"embeddable":true,"href":"https:\/\/cvinoticias.com\/v3\/wp-json\/wp\/v2\/media\/57613"}],"wp:attachment":[{"href":"https:\/\/cvinoticias.com\/v3\/wp-json\/wp\/v2\/media?parent=57612"}],"wp:term":[{"taxonomy":"category","embeddable":true,"href":"https:\/\/cvinoticias.com\/v3\/wp-json\/wp\/v2\/categories?post=57612"},{"taxonomy":"post_tag","embeddable":true,"href":"https:\/\/cvinoticias.com\/v3\/wp-json\/wp\/v2\/tags?post=57612"}],"curies":[{"name":"wp","href":"https:\/\/api.w.org\/{rel}","templated":true}]}}